{"id":62671,"date":"2022-11-06T20:37:55","date_gmt":"2022-11-07T01:37:55","guid":{"rendered":"https:\/\/pagina10.com\/web\/?p=62671"},"modified":"2022-11-06T20:37:55","modified_gmt":"2022-11-07T01:37:55","slug":"mas-de-25-barrios-surorientales-de-pasto-disfrutan-la-modernizacion-del-alumbrado-publico","status":"publish","type":"post","link":"https:\/\/pagina10.com\/web\/mas-de-25-barrios-surorientales-de-pasto-disfrutan-la-modernizacion-del-alumbrado-publico\/","title":{"rendered":"M\u00e1s de 25 barrios surorientales de Pasto disfrutan la modernizaci\u00f3n del alumbrado p\u00fablico"},"content":{"rendered":"<p style=\"text-align: justify;\">El proyecto \u2018Pasto, La Gran Capital, Un Presente Brillante\u2019, ejecutado por Sepal S.A., permiti\u00f3 la sustituci\u00f3n de 1.105 luminarias de sodio por tecnolog\u00eda LED en este sector de la ciudad.<\/p>\n<p style=\"text-align: justify;\">\u201cSeguimos avanzando con la modernizaci\u00f3n del alumbrado p\u00fablico. Hoy, m\u00e1s de 13 mil hogares y 290 establecimientos comerciales de esta zona se benefician de una tecnolog\u00eda m\u00e1s moderna, amable con el medio ambiente y que genera seguridad; as\u00ed tendremos una ciudad m\u00e1s iluminada y m\u00e1s bonita\u201d, dijo el Alcalde Germ\u00e1n Chamorro de la Rosa.<\/p>\n<p style=\"text-align: justify;\">El Mandatario Local tambi\u00e9n se refiri\u00f3 a la modernizaci\u00f3n del alumbrado p\u00fablico en el sector rural del municipio, que ser\u00e1 posible gracias a que Pasto fue catalogada por el Ministerio de Ambiente y Desarrollo Sostenible como una de las 13 biodiverciudades de Colombia.<\/p>\n<p style=\"text-align: justify;\">Por su parte, el presidente de ASOJAC Comuna 4, Gerardo Alirio Mej\u00eda Rosero, resalt\u00f3 los beneficios que la modernizaci\u00f3n del alumbrado p\u00fablico le generar\u00e1 a los m\u00e1s de 52 mil habitantes de estos barrios, tales como la transitabilidad y la disminuci\u00f3n de la delincuencia y agradeci\u00f3 a la Administraci\u00f3n Municipal por las dem\u00e1s intervenciones que ejecuta en la comuna.<\/p>\n<p style=\"text-align: justify;\">\u201cObras de infraestructura como la remodelaci\u00f3n del Teatro Pasto, que llevaba m\u00e1s de 20 a\u00f1os sin ser usado para su objeto social; el proyecto del Centro de Salud Lorenzo de Aldana, que ahora ser\u00e1 un hospital de primer nivel; los centros deportivos y educativos, adem\u00e1s de la plaza de mercado y el fortalecimiento del tejido social son evidencia del compromiso de la Alcald\u00eda de Pasto por hacer presencia en el territorio\u201d, asegur\u00f3.<\/p>\n<p style=\"text-align: justify;\">Finalmente, la gerente de Sepal S.A., Maritza Rosero Narv\u00e1ez, explic\u00f3 que la inversi\u00f3n realizada para la sustituci\u00f3n de las luminarias de este sector supera los 1.800 millones de pesos.<\/p>\n<p style=\"text-align: justify;\">\u201cEste proyecto mejora la calidad de vida de la comunidad y les brinda seguridad. Pasto ser\u00e1 uno de los primeros municipios del pa\u00eds con toda la infraestructura de alumbrado p\u00fablico modernizada, con todos los beneficios que eso conlleva como el ahorro energ\u00e9tico y la disminuci\u00f3n de la huella de carbono\u201d, coment\u00f3 la funcionaria.<\/p>\n<p style=\"text-align: justify;\">Hasta el momento, Sepal S.A. ha realizado el cambio de luminarias de sodio por LED en 58 barrios del sector urbano de \u2018La Gran Capital\u2019.<\/p>\n","protected":false},"excerpt":{"rendered":"<p>El proyecto \u2018Pasto, La Gran Capital, Un Presente Brillante\u2019, ejecutado por Sepal S.A., permiti\u00f3 la sustituci\u00f3n de 1.105 luminarias de sodio por tecnolog\u00eda LED en este sector de la ciudad. \u201cSeguimos avanzando con la modernizaci\u00f3n del alumbrado p\u00fablico. Hoy, m\u00e1s de 13 mil hogares y 290 establecimientos comerciales de esta zona se benefician de una [&hellip;]<\/p>\n","protected":false},"author":1,"featured_media":62672,"comment_status":"open","ping_status":"open","sticky":false,"template":"","format":"standard","meta":{"footnotes":""},"categories":[82],"tags":[],"class_list":["post-62671","post","type-post","status-publish","format-standard","has-post-thumbnail","hentry","category-ciudad-2"],"yoast_head":"<!-- This site is optimized with the Yoast SEO plugin v27.1.1 - https:\/\/yoast.com\/product\/yoast-seo-wordpress\/ -->\n<title>M\u00e1s de 25 barrios surorientales de Pasto disfrutan la modernizaci\u00f3n del alumbrado p\u00fablico | P\u00e1gina10<\/title>\n<meta name=\"robots\" content=\"index, follow, max-snippet:-1, max-image-preview:large, max-video-preview:-1\" \/>\n<link rel=\"canonical\" href=\"https:\/\/pagina10.com\/web\/mas-de-25-barrios-surorientales-de-pasto-disfrutan-la-modernizacion-del-alumbrado-publico\/\" \/>\n<meta property=\"og:locale\" content=\"es_ES\" \/>\n<meta property=\"og:type\" content=\"article\" \/>\n<meta property=\"og:title\" content=\"M\u00e1s de 25 barrios surorientales de Pasto disfrutan la modernizaci\u00f3n del alumbrado p\u00fablico | P\u00e1gina10\" \/>\n<meta property=\"og:description\" content=\"El proyecto \u2018Pasto, La Gran Capital, Un Presente Brillante\u2019, ejecutado por Sepal S.A., permiti\u00f3 la sustituci\u00f3n de 1.105 luminarias de sodio por tecnolog\u00eda LED en este sector de la ciudad. \u201cSeguimos avanzando con la modernizaci\u00f3n del alumbrado p\u00fablico. Hoy, m\u00e1s de 13 mil hogares y 290 establecimientos comerciales de esta zona se benefician de una [&hellip;]\" \/>\n<meta property=\"og:url\" content=\"https:\/\/pagina10.com\/web\/mas-de-25-barrios-surorientales-de-pasto-disfrutan-la-modernizacion-del-alumbrado-publico\/\" \/>\n<meta property=\"og:site_name\" content=\"P\u00e1gina10\" \/>\n<meta property=\"article:publisher\" content=\"https:\/\/www.facebook.com\/pag10com\" \/>\n<meta property=\"article:published_time\" content=\"2022-11-07T01:37:55+00:00\" \/>\n<meta property=\"og:image\" content=\"https:\/\/pagina10.com\/web\/wp-content\/uploads\/2022\/11\/WhatsApp-Image-2022-11-04-at-11.32.17-PM.jpeg\" \/>\n\t<meta property=\"og:image:width\" content=\"1280\" \/>\n\t<meta property=\"og:image:height\" content=\"720\" \/>\n\t<meta property=\"og:image:type\" content=\"image\/jpeg\" \/>\n<meta name=\"author\" content=\"P\u00e1gina 10\" \/>\n<meta name=\"twitter:card\" content=\"summary_large_image\" \/>\n<meta name=\"twitter:creator\" content=\"@Pag10com\" \/>\n<meta name=\"twitter:site\" content=\"@Pag10com\" \/>\n<meta name=\"twitter:label1\" content=\"Escrito por\" \/>\n\t<meta name=\"twitter:data1\" content=\"P\u00e1gina 10\" \/>\n\t<meta name=\"twitter:label2\" content=\"Tiempo de lectura\" \/>\n\t<meta name=\"twitter:data2\" content=\"2 minutos\" \/>\n<script type=\"application\/ld+json\" class=\"yoast-schema-graph\">{\"@context\":\"https:\/\/schema.org\",\"@graph\":[{\"@type\":\"Article\",\"@id\":\"https:\/\/pagina10.com\/web\/mas-de-25-barrios-surorientales-de-pasto-disfrutan-la-modernizacion-del-alumbrado-publico\/#article\",\"isPartOf\":{\"@id\":\"https:\/\/pagina10.com\/web\/mas-de-25-barrios-surorientales-de-pasto-disfrutan-la-modernizacion-del-alumbrado-publico\/\"},\"author\":{\"name\":\"P\u00e1gina 10\",\"@id\":\"https:\/\/pagina10.com\/web\/#\/schema\/person\/2efc4a090d25b667d3bc796798a3a81b\"},\"headline\":\"M\u00e1s de 25 barrios surorientales de Pasto disfrutan la modernizaci\u00f3n del alumbrado p\u00fablico\",\"datePublished\":\"2022-11-07T01:37:55+00:00\",\"mainEntityOfPage\":{\"@id\":\"https:\/\/pagina10.com\/web\/mas-de-25-barrios-surorientales-de-pasto-disfrutan-la-modernizacion-del-alumbrado-publico\/\"},\"wordCount\":406,\"commentCount\":0,\"publisher\":{\"@id\":\"https:\/\/pagina10.com\/web\/#organization\"},\"image\":{\"@id\":\"https:\/\/pagina10.com\/web\/mas-de-25-barrios-surorientales-de-pasto-disfrutan-la-modernizacion-del-alumbrado-publico\/#primaryimage\"},\"thumbnailUrl\":\"https:\/\/pagina10.com\/web\/wp-content\/uploads\/2022\/11\/WhatsApp-Image-2022-11-04-at-11.32.17-PM.jpeg\",\"articleSection\":[\"Ciudad\"],\"inLanguage\":\"es\",\"potentialAction\":[{\"@type\":\"CommentAction\",\"name\":\"Comment\",\"target\":[\"https:\/\/pagina10.com\/web\/mas-de-25-barrios-surorientales-de-pasto-disfrutan-la-modernizacion-del-alumbrado-publico\/#respond\"]}]},{\"@type\":\"WebPage\",\"@id\":\"https:\/\/pagina10.com\/web\/mas-de-25-barrios-surorientales-de-pasto-disfrutan-la-modernizacion-del-alumbrado-publico\/\",\"url\":\"https:\/\/pagina10.com\/web\/mas-de-25-barrios-surorientales-de-pasto-disfrutan-la-modernizacion-del-alumbrado-publico\/\",\"name\":\"M\u00e1s de 25 barrios surorientales de Pasto disfrutan la modernizaci\u00f3n del alumbrado p\u00fablico | P\u00e1gina10\",\"isPartOf\":{\"@id\":\"https:\/\/pagina10.com\/web\/#website\"},\"primaryImageOfPage\":{\"@id\":\"https:\/\/pagina10.com\/web\/mas-de-25-barrios-surorientales-de-pasto-disfrutan-la-modernizacion-del-alumbrado-publico\/#primaryimage\"},\"image\":{\"@id\":\"https:\/\/pagina10.com\/web\/mas-de-25-barrios-surorientales-de-pasto-disfrutan-la-modernizacion-del-alumbrado-publico\/#primaryimage\"},\"thumbnailUrl\":\"https:\/\/pagina10.com\/web\/wp-content\/uploads\/2022\/11\/WhatsApp-Image-2022-11-04-at-11.32.17-PM.jpeg\",\"datePublished\":\"2022-11-07T01:37:55+00:00\",\"breadcrumb\":{\"@id\":\"https:\/\/pagina10.com\/web\/mas-de-25-barrios-surorientales-de-pasto-disfrutan-la-modernizacion-del-alumbrado-publico\/#breadcrumb\"},\"inLanguage\":\"es\",\"potentialAction\":[{\"@type\":\"ReadAction\",\"target\":[\"https:\/\/pagina10.com\/web\/mas-de-25-barrios-surorientales-de-pasto-disfrutan-la-modernizacion-del-alumbrado-publico\/\"]}]},{\"@type\":\"ImageObject\",\"inLanguage\":\"es\",\"@id\":\"https:\/\/pagina10.com\/web\/mas-de-25-barrios-surorientales-de-pasto-disfrutan-la-modernizacion-del-alumbrado-publico\/#primaryimage\",\"url\":\"https:\/\/pagina10.com\/web\/wp-content\/uploads\/2022\/11\/WhatsApp-Image-2022-11-04-at-11.32.17-PM.jpeg\",\"contentUrl\":\"https:\/\/pagina10.com\/web\/wp-content\/uploads\/2022\/11\/WhatsApp-Image-2022-11-04-at-11.32.17-PM.jpeg\",\"width\":1280,\"height\":720},{\"@type\":\"BreadcrumbList\",\"@id\":\"https:\/\/pagina10.com\/web\/mas-de-25-barrios-surorientales-de-pasto-disfrutan-la-modernizacion-del-alumbrado-publico\/#breadcrumb\",\"itemListElement\":[{\"@type\":\"ListItem\",\"position\":1,\"name\":\"Portada\",\"item\":\"https:\/\/pagina10.com\/web\/\"},{\"@type\":\"ListItem\",\"position\":2,\"name\":\"M\u00e1s de 25 barrios surorientales de Pasto disfrutan la modernizaci\u00f3n del alumbrado p\u00fablico\"}]},{\"@type\":\"WebSite\",\"@id\":\"https:\/\/pagina10.com\/web\/#website\",\"url\":\"https:\/\/pagina10.com\/web\/\",\"name\":\"P\u00e1gina10\",\"description\":\"Peri\u00f3dico Regional\",\"publisher\":{\"@id\":\"https:\/\/pagina10.com\/web\/#organization\"},\"alternateName\":\"P\u00e1gina10 Peri\u00f3dico Regional\",\"potentialAction\":[{\"@type\":\"SearchAction\",\"target\":{\"@type\":\"EntryPoint\",\"urlTemplate\":\"https:\/\/pagina10.com\/web\/?s={search_term_string}\"},\"query-input\":{\"@type\":\"PropertyValueSpecification\",\"valueRequired\":true,\"valueName\":\"search_term_string\"}}],\"inLanguage\":\"es\"},{\"@type\":\"Organization\",\"@id\":\"https:\/\/pagina10.com\/web\/#organization\",\"name\":\"P\u00e1gina10\",\"alternateName\":\"P\u00e1gina10 Peri\u00f3dico Regional\",\"url\":\"https:\/\/pagina10.com\/web\/\",\"logo\":{\"@type\":\"ImageObject\",\"inLanguage\":\"es\",\"@id\":\"https:\/\/pagina10.com\/web\/#\/schema\/logo\/image\/\",\"url\":\"https:\/\/pagina10.com\/web\/wp-content\/uploads\/2024\/01\/40-pagina-10-periodico-regional-pasto.jpg\",\"contentUrl\":\"https:\/\/pagina10.com\/web\/wp-content\/uploads\/2024\/01\/40-pagina-10-periodico-regional-pasto.jpg\",\"width\":1280,\"height\":720,\"caption\":\"P\u00e1gina10\"},\"image\":{\"@id\":\"https:\/\/pagina10.com\/web\/#\/schema\/logo\/image\/\"},\"sameAs\":[\"https:\/\/www.facebook.com\/pag10com\",\"https:\/\/x.com\/Pag10com\",\"https:\/\/www.instagram.com\/pagina10col\/\",\"https:\/\/youtube.com\/channel\/pag10\",\"https:\/\/www.tiktok.com\/@p10col\"]},{\"@type\":\"Person\",\"@id\":\"https:\/\/pagina10.com\/web\/#\/schema\/person\/2efc4a090d25b667d3bc796798a3a81b\",\"name\":\"P\u00e1gina 10\",\"description\":\"P\u00e1gina 10 es un peri\u00f3dico regional que nace en Colombia, en el departamento de Nari\u00f1o, con un enfoque global, fundamentado en cuatro pilares esenciales: la libertad, el pluralismo, la inclusi\u00f3n y la independencia. P\u00e1gina 10 hace referencia a Nari\u00f1o como el d\u00e9cimo departamento creado en Colombia, despu\u00e9s de un proceso pol\u00edtico liderado por actores y actrices regionales con el fin de obtener la independencia y autonom\u00eda de nuestros territorios. Con la creaci\u00f3n de P\u00e1gina 10 se pretende abrir un escenario para el dialogo, la reflexi\u00f3n y el debate que se extienda a otras geograf\u00edas de Am\u00e9rica Latina y del planeta, en una apuesta por transformar colectivamente los desaf\u00edos de un mundo contempor\u00e1neo, m\u00e1s all\u00e1 de las fronteras impuestas.\",\"url\":\"https:\/\/pagina10.com\/web\/author\/pdiezadmin\/\"}]}<\/script>\n<!-- \/ Yoast SEO plugin. -->","yoast_head_json":{"title":"M\u00e1s de 25 barrios surorientales de Pasto disfrutan la modernizaci\u00f3n del alumbrado p\u00fablico | P\u00e1gina10","robots":{"index":"index","follow":"follow","max-snippet":"max-snippet:-1","max-image-preview":"max-image-preview:large","max-video-preview":"max-video-preview:-1"},"canonical":"https:\/\/pagina10.com\/web\/mas-de-25-barrios-surorientales-de-pasto-disfrutan-la-modernizacion-del-alumbrado-publico\/","og_locale":"es_ES","og_type":"article","og_title":"M\u00e1s de 25 barrios surorientales de Pasto disfrutan la modernizaci\u00f3n del alumbrado p\u00fablico | P\u00e1gina10","og_description":"El proyecto \u2018Pasto, La Gran Capital, Un Presente Brillante\u2019, ejecutado por Sepal S.A., permiti\u00f3 la sustituci\u00f3n de 1.105 luminarias de sodio por tecnolog\u00eda LED en este sector de la ciudad. \u201cSeguimos avanzando con la modernizaci\u00f3n del alumbrado p\u00fablico. Hoy, m\u00e1s de 13 mil hogares y 290 establecimientos comerciales de esta zona se benefician de una [&hellip;]","og_url":"https:\/\/pagina10.com\/web\/mas-de-25-barrios-surorientales-de-pasto-disfrutan-la-modernizacion-del-alumbrado-publico\/","og_site_name":"P\u00e1gina10","article_publisher":"https:\/\/www.facebook.com\/pag10com","article_published_time":"2022-11-07T01:37:55+00:00","og_image":[{"width":1280,"height":720,"url":"https:\/\/pagina10.com\/web\/wp-content\/uploads\/2022\/11\/WhatsApp-Image-2022-11-04-at-11.32.17-PM.jpeg","type":"image\/jpeg"}],"author":"P\u00e1gina 10","twitter_card":"summary_large_image","twitter_creator":"@Pag10com","twitter_site":"@Pag10com","twitter_misc":{"Escrito por":"P\u00e1gina 10","Tiempo de lectura":"2 minutos"},"schema":{"@context":"https:\/\/schema.org","@graph":[{"@type":"Article","@id":"https:\/\/pagina10.com\/web\/mas-de-25-barrios-surorientales-de-pasto-disfrutan-la-modernizacion-del-alumbrado-publico\/#article","isPartOf":{"@id":"https:\/\/pagina10.com\/web\/mas-de-25-barrios-surorientales-de-pasto-disfrutan-la-modernizacion-del-alumbrado-publico\/"},"author":{"name":"P\u00e1gina 10","@id":"https:\/\/pagina10.com\/web\/#\/schema\/person\/2efc4a090d25b667d3bc796798a3a81b"},"headline":"M\u00e1s de 25 barrios surorientales de Pasto disfrutan la modernizaci\u00f3n del alumbrado p\u00fablico","datePublished":"2022-11-07T01:37:55+00:00","mainEntityOfPage":{"@id":"https:\/\/pagina10.com\/web\/mas-de-25-barrios-surorientales-de-pasto-disfrutan-la-modernizacion-del-alumbrado-publico\/"},"wordCount":406,"commentCount":0,"publisher":{"@id":"https:\/\/pagina10.com\/web\/#organization"},"image":{"@id":"https:\/\/pagina10.com\/web\/mas-de-25-barrios-surorientales-de-pasto-disfrutan-la-modernizacion-del-alumbrado-publico\/#primaryimage"},"thumbnailUrl":"https:\/\/pagina10.com\/web\/wp-content\/uploads\/2022\/11\/WhatsApp-Image-2022-11-04-at-11.32.17-PM.jpeg","articleSection":["Ciudad"],"inLanguage":"es","potentialAction":[{"@type":"CommentAction","name":"Comment","target":["https:\/\/pagina10.com\/web\/mas-de-25-barrios-surorientales-de-pasto-disfrutan-la-modernizacion-del-alumbrado-publico\/#respond"]}]},{"@type":"WebPage","@id":"https:\/\/pagina10.com\/web\/mas-de-25-barrios-surorientales-de-pasto-disfrutan-la-modernizacion-del-alumbrado-publico\/","url":"https:\/\/pagina10.com\/web\/mas-de-25-barrios-surorientales-de-pasto-disfrutan-la-modernizacion-del-alumbrado-publico\/","name":"M\u00e1s de 25 barrios surorientales de Pasto disfrutan la modernizaci\u00f3n del alumbrado p\u00fablico | P\u00e1gina10","isPartOf":{"@id":"https:\/\/pagina10.com\/web\/#website"},"primaryImageOfPage":{"@id":"https:\/\/pagina10.com\/web\/mas-de-25-barrios-surorientales-de-pasto-disfrutan-la-modernizacion-del-alumbrado-publico\/#primaryimage"},"image":{"@id":"https:\/\/pagina10.com\/web\/mas-de-25-barrios-surorientales-de-pasto-disfrutan-la-modernizacion-del-alumbrado-publico\/#primaryimage"},"thumbnailUrl":"https:\/\/pagina10.com\/web\/wp-content\/uploads\/2022\/11\/WhatsApp-Image-2022-11-04-at-11.32.17-PM.jpeg","datePublished":"2022-11-07T01:37:55+00:00","breadcrumb":{"@id":"https:\/\/pagina10.com\/web\/mas-de-25-barrios-surorientales-de-pasto-disfrutan-la-modernizacion-del-alumbrado-publico\/#breadcrumb"},"inLanguage":"es","potentialAction":[{"@type":"ReadAction","target":["https:\/\/pagina10.com\/web\/mas-de-25-barrios-surorientales-de-pasto-disfrutan-la-modernizacion-del-alumbrado-publico\/"]}]},{"@type":"ImageObject","inLanguage":"es","@id":"https:\/\/pagina10.com\/web\/mas-de-25-barrios-surorientales-de-pasto-disfrutan-la-modernizacion-del-alumbrado-publico\/#primaryimage","url":"https:\/\/pagina10.com\/web\/wp-content\/uploads\/2022\/11\/WhatsApp-Image-2022-11-04-at-11.32.17-PM.jpeg","contentUrl":"https:\/\/pagina10.com\/web\/wp-content\/uploads\/2022\/11\/WhatsApp-Image-2022-11-04-at-11.32.17-PM.jpeg","width":1280,"height":720},{"@type":"BreadcrumbList","@id":"https:\/\/pagina10.com\/web\/mas-de-25-barrios-surorientales-de-pasto-disfrutan-la-modernizacion-del-alumbrado-publico\/#breadcrumb","itemListElement":[{"@type":"ListItem","position":1,"name":"Portada","item":"https:\/\/pagina10.com\/web\/"},{"@type":"ListItem","position":2,"name":"M\u00e1s de 25 barrios surorientales de Pasto disfrutan la modernizaci\u00f3n del alumbrado p\u00fablico"}]},{"@type":"WebSite","@id":"https:\/\/pagina10.com\/web\/#website","url":"https:\/\/pagina10.com\/web\/","name":"P\u00e1gina10","description":"Peri\u00f3dico Regional","publisher":{"@id":"https:\/\/pagina10.com\/web\/#organization"},"alternateName":"P\u00e1gina10 Peri\u00f3dico Regional","potentialAction":[{"@type":"SearchAction","target":{"@type":"EntryPoint","urlTemplate":"https:\/\/pagina10.com\/web\/?s={search_term_string}"},"query-input":{"@type":"PropertyValueSpecification","valueRequired":true,"valueName":"search_term_string"}}],"inLanguage":"es"},{"@type":"Organization","@id":"https:\/\/pagina10.com\/web\/#organization","name":"P\u00e1gina10","alternateName":"P\u00e1gina10 Peri\u00f3dico Regional","url":"https:\/\/pagina10.com\/web\/","logo":{"@type":"ImageObject","inLanguage":"es","@id":"https:\/\/pagina10.com\/web\/#\/schema\/logo\/image\/","url":"https:\/\/pagina10.com\/web\/wp-content\/uploads\/2024\/01\/40-pagina-10-periodico-regional-pasto.jpg","contentUrl":"https:\/\/pagina10.com\/web\/wp-content\/uploads\/2024\/01\/40-pagina-10-periodico-regional-pasto.jpg","width":1280,"height":720,"caption":"P\u00e1gina10"},"image":{"@id":"https:\/\/pagina10.com\/web\/#\/schema\/logo\/image\/"},"sameAs":["https:\/\/www.facebook.com\/pag10com","https:\/\/x.com\/Pag10com","https:\/\/www.instagram.com\/pagina10col\/","https:\/\/youtube.com\/channel\/pag10","https:\/\/www.tiktok.com\/@p10col"]},{"@type":"Person","@id":"https:\/\/pagina10.com\/web\/#\/schema\/person\/2efc4a090d25b667d3bc796798a3a81b","name":"P\u00e1gina 10","description":"P\u00e1gina 10 es un peri\u00f3dico regional que nace en Colombia, en el departamento de Nari\u00f1o, con un enfoque global, fundamentado en cuatro pilares esenciales: la libertad, el pluralismo, la inclusi\u00f3n y la independencia. P\u00e1gina 10 hace referencia a Nari\u00f1o como el d\u00e9cimo departamento creado en Colombia, despu\u00e9s de un proceso pol\u00edtico liderado por actores y actrices regionales con el fin de obtener la independencia y autonom\u00eda de nuestros territorios. Con la creaci\u00f3n de P\u00e1gina 10 se pretende abrir un escenario para el dialogo, la reflexi\u00f3n y el debate que se extienda a otras geograf\u00edas de Am\u00e9rica Latina y del planeta, en una apuesta por transformar colectivamente los desaf\u00edos de un mundo contempor\u00e1neo, m\u00e1s all\u00e1 de las fronteras impuestas.","url":"https:\/\/pagina10.com\/web\/author\/pdiezadmin\/"}]}},"_links":{"self":[{"href":"https:\/\/pagina10.com\/web\/wp-json\/wp\/v2\/posts\/62671","targetHints":{"allow":["GET"]}}],"collection":[{"href":"https:\/\/pagina10.com\/web\/wp-json\/wp\/v2\/posts"}],"about":[{"href":"https:\/\/pagina10.com\/web\/wp-json\/wp\/v2\/types\/post"}],"author":[{"embeddable":true,"href":"https:\/\/pagina10.com\/web\/wp-json\/wp\/v2\/users\/1"}],"replies":[{"embeddable":true,"href":"https:\/\/pagina10.com\/web\/wp-json\/wp\/v2\/comments?post=62671"}],"version-history":[{"count":1,"href":"https:\/\/pagina10.com\/web\/wp-json\/wp\/v2\/posts\/62671\/revisions"}],"predecessor-version":[{"id":62673,"href":"https:\/\/pagina10.com\/web\/wp-json\/wp\/v2\/posts\/62671\/revisions\/62673"}],"wp:featuredmedia":[{"embeddable":true,"href":"https:\/\/pagina10.com\/web\/wp-json\/wp\/v2\/media\/62672"}],"wp:attachment":[{"href":"https:\/\/pagina10.com\/web\/wp-json\/wp\/v2\/media?parent=62671"}],"wp:term":[{"taxonomy":"category","embeddable":true,"href":"https:\/\/pagina10.com\/web\/wp-json\/wp\/v2\/categories?post=62671"},{"taxonomy":"post_tag","embeddable":true,"href":"https:\/\/pagina10.com\/web\/wp-json\/wp\/v2\/tags?post=62671"}],"curies":[{"name":"wp","href":"https:\/\/api.w.org\/{rel}","templated":true}]}}