{"id":62729,"date":"2022-11-09T09:28:36","date_gmt":"2022-11-09T14:28:36","guid":{"rendered":"https:\/\/pagina10.com\/web\/?p=62729"},"modified":"2022-11-09T09:28:36","modified_gmt":"2022-11-09T14:28:36","slug":"preparan-movilizacion-nacional-en-apoyo-a-los-cien-primeros-dias-de-gobierno-del-presidente-petro","status":"publish","type":"post","link":"https:\/\/pagina10.com\/web\/preparan-movilizacion-nacional-en-apoyo-a-los-cien-primeros-dias-de-gobierno-del-presidente-petro\/","title":{"rendered":"Preparan movilizaci\u00f3n nacional en apoyo a los cien primeros d\u00edas de gobierno del presidente Petro"},"content":{"rendered":"<p style=\"text-align: justify;\">La Central Unitaria de Trabajadores de Colombia CUT-Subdirectiva Nari\u00f1o, mediante Resoluci\u00f3n 025 del 5 de noviembre del a\u00f1o 2022, convoc\u00f3 a organizaciones sindicales, pol\u00edticas, estudiantiles y comunidad a participar de la Gran Marcha de Apoyo al presidente Gustavo Petro que se llevar\u00e1 a cabo el pr\u00f3ximo 15 de noviembre.<\/p>\n<p style=\"text-align: justify;\">\u201cEsta fecha se cumplen 100 d\u00edas de Gobierno y hemos sido testigos de las acciones y tareas que se han emprendido, con un Plan de Gobierno incluyente y donde todos podemos participar, pese a la retaliaci\u00f3n de la oligarqu\u00eda de nuestro pa\u00eds que por tantos a\u00f1os nos han mantenido en la opresi\u00f3n, con pol\u00edticas neoliberales que han ido en contra de los colombianos menos favorecidos\u201d, se\u00f1ala el comunicado.<\/p>\n<p style=\"text-align: justify;\">As\u00ed mismo, se conoci\u00f3 que en reuni\u00f3n de la junta directiva se aprob\u00f3 la participaci\u00f3n de Simana en la marcha. \u201cNuestro Presidente y Vicepresidenta, tienen el respaldo total del pueblo, para que contin\u00faen ejecutando proyectos que hagan de Colombia una potencia mundial de la vida\u201d, indic\u00f3 el Magisterio.<\/p>\n","protected":false},"excerpt":{"rendered":"<p>La Central Unitaria de Trabajadores de Colombia CUT-Subdirectiva Nari\u00f1o, mediante Resoluci\u00f3n 025 del 5 de noviembre del a\u00f1o 2022, convoc\u00f3 a organizaciones sindicales, pol\u00edticas, estudiantiles y comunidad a participar de la Gran Marcha de Apoyo al presidente Gustavo Petro que se llevar\u00e1 a cabo el pr\u00f3ximo 15 de noviembre. \u201cEsta fecha se cumplen 100 d\u00edas [&hellip;]<\/p>\n","protected":false},"author":1,"featured_media":62730,"comment_status":"open","ping_status":"open","sticky":false,"template":"","format":"standard","meta":{"footnotes":""},"categories":[84],"tags":[],"class_list":["post-62729","post","type-post","status-publish","format-standard","has-post-thumbnail","hentry","category-global-2"],"yoast_head":"<!-- This site is optimized with the Yoast SEO plugin v27.1.1 - https:\/\/yoast.com\/product\/yoast-seo-wordpress\/ -->\n<title>Preparan movilizaci\u00f3n nacional en apoyo a los cien primeros d\u00edas de gobierno del presidente Petro | P\u00e1gina10<\/title>\n<meta name=\"robots\" content=\"index, follow, max-snippet:-1, max-image-preview:large, max-video-preview:-1\" \/>\n<link rel=\"canonical\" href=\"https:\/\/pagina10.com\/web\/preparan-movilizacion-nacional-en-apoyo-a-los-cien-primeros-dias-de-gobierno-del-presidente-petro\/\" \/>\n<meta property=\"og:locale\" content=\"es_ES\" \/>\n<meta property=\"og:type\" content=\"article\" \/>\n<meta property=\"og:title\" content=\"Preparan movilizaci\u00f3n nacional en apoyo a los cien primeros d\u00edas de gobierno del presidente Petro | P\u00e1gina10\" \/>\n<meta property=\"og:description\" content=\"La Central Unitaria de Trabajadores de Colombia CUT-Subdirectiva Nari\u00f1o, mediante Resoluci\u00f3n 025 del 5 de noviembre del a\u00f1o 2022, convoc\u00f3 a organizaciones sindicales, pol\u00edticas, estudiantiles y comunidad a participar de la Gran Marcha de Apoyo al presidente Gustavo Petro que se llevar\u00e1 a cabo el pr\u00f3ximo 15 de noviembre. \u201cEsta fecha se cumplen 100 d\u00edas [&hellip;]\" \/>\n<meta property=\"og:url\" content=\"https:\/\/pagina10.com\/web\/preparan-movilizacion-nacional-en-apoyo-a-los-cien-primeros-dias-de-gobierno-del-presidente-petro\/\" \/>\n<meta property=\"og:site_name\" content=\"P\u00e1gina10\" \/>\n<meta property=\"article:publisher\" content=\"https:\/\/www.facebook.com\/pag10com\" \/>\n<meta property=\"article:published_time\" content=\"2022-11-09T14:28:36+00:00\" \/>\n<meta property=\"og:image\" content=\"https:\/\/pagina10.com\/web\/wp-content\/uploads\/2022\/11\/DV8xPOpXkAAyVzg.jpg\" \/>\n\t<meta property=\"og:image:width\" content=\"1200\" \/>\n\t<meta property=\"og:image:height\" content=\"584\" \/>\n\t<meta property=\"og:image:type\" content=\"image\/jpeg\" \/>\n<meta name=\"author\" content=\"P\u00e1gina 10\" \/>\n<meta name=\"twitter:card\" content=\"summary_large_image\" \/>\n<meta name=\"twitter:creator\" content=\"@Pag10com\" \/>\n<meta name=\"twitter:site\" content=\"@Pag10com\" \/>\n<meta name=\"twitter:label1\" content=\"Escrito por\" \/>\n\t<meta name=\"twitter:data1\" content=\"P\u00e1gina 10\" \/>\n\t<meta name=\"twitter:label2\" content=\"Tiempo de lectura\" \/>\n\t<meta name=\"twitter:data2\" content=\"1 minuto\" \/>\n<script type=\"application\/ld+json\" class=\"yoast-schema-graph\">{\"@context\":\"https:\/\/schema.org\",\"@graph\":[{\"@type\":\"Article\",\"@id\":\"https:\/\/pagina10.com\/web\/preparan-movilizacion-nacional-en-apoyo-a-los-cien-primeros-dias-de-gobierno-del-presidente-petro\/#article\",\"isPartOf\":{\"@id\":\"https:\/\/pagina10.com\/web\/preparan-movilizacion-nacional-en-apoyo-a-los-cien-primeros-dias-de-gobierno-del-presidente-petro\/\"},\"author\":{\"name\":\"P\u00e1gina 10\",\"@id\":\"https:\/\/pagina10.com\/web\/#\/schema\/person\/2efc4a090d25b667d3bc796798a3a81b\"},\"headline\":\"Preparan movilizaci\u00f3n nacional en apoyo a los cien primeros d\u00edas de gobierno del presidente Petro\",\"datePublished\":\"2022-11-09T14:28:36+00:00\",\"mainEntityOfPage\":{\"@id\":\"https:\/\/pagina10.com\/web\/preparan-movilizacion-nacional-en-apoyo-a-los-cien-primeros-dias-de-gobierno-del-presidente-petro\/\"},\"wordCount\":193,\"commentCount\":0,\"publisher\":{\"@id\":\"https:\/\/pagina10.com\/web\/#organization\"},\"image\":{\"@id\":\"https:\/\/pagina10.com\/web\/preparan-movilizacion-nacional-en-apoyo-a-los-cien-primeros-dias-de-gobierno-del-presidente-petro\/#primaryimage\"},\"thumbnailUrl\":\"https:\/\/pagina10.com\/web\/wp-content\/uploads\/2022\/11\/DV8xPOpXkAAyVzg.jpg\",\"articleSection\":[\"Global\"],\"inLanguage\":\"es\",\"potentialAction\":[{\"@type\":\"CommentAction\",\"name\":\"Comment\",\"target\":[\"https:\/\/pagina10.com\/web\/preparan-movilizacion-nacional-en-apoyo-a-los-cien-primeros-dias-de-gobierno-del-presidente-petro\/#respond\"]}]},{\"@type\":\"WebPage\",\"@id\":\"https:\/\/pagina10.com\/web\/preparan-movilizacion-nacional-en-apoyo-a-los-cien-primeros-dias-de-gobierno-del-presidente-petro\/\",\"url\":\"https:\/\/pagina10.com\/web\/preparan-movilizacion-nacional-en-apoyo-a-los-cien-primeros-dias-de-gobierno-del-presidente-petro\/\",\"name\":\"Preparan movilizaci\u00f3n nacional en apoyo a los cien primeros d\u00edas de gobierno del presidente Petro | P\u00e1gina10\",\"isPartOf\":{\"@id\":\"https:\/\/pagina10.com\/web\/#website\"},\"primaryImageOfPage\":{\"@id\":\"https:\/\/pagina10.com\/web\/preparan-movilizacion-nacional-en-apoyo-a-los-cien-primeros-dias-de-gobierno-del-presidente-petro\/#primaryimage\"},\"image\":{\"@id\":\"https:\/\/pagina10.com\/web\/preparan-movilizacion-nacional-en-apoyo-a-los-cien-primeros-dias-de-gobierno-del-presidente-petro\/#primaryimage\"},\"thumbnailUrl\":\"https:\/\/pagina10.com\/web\/wp-content\/uploads\/2022\/11\/DV8xPOpXkAAyVzg.jpg\",\"datePublished\":\"2022-11-09T14:28:36+00:00\",\"breadcrumb\":{\"@id\":\"https:\/\/pagina10.com\/web\/preparan-movilizacion-nacional-en-apoyo-a-los-cien-primeros-dias-de-gobierno-del-presidente-petro\/#breadcrumb\"},\"inLanguage\":\"es\",\"potentialAction\":[{\"@type\":\"ReadAction\",\"target\":[\"https:\/\/pagina10.com\/web\/preparan-movilizacion-nacional-en-apoyo-a-los-cien-primeros-dias-de-gobierno-del-presidente-petro\/\"]}]},{\"@type\":\"ImageObject\",\"inLanguage\":\"es\",\"@id\":\"https:\/\/pagina10.com\/web\/preparan-movilizacion-nacional-en-apoyo-a-los-cien-primeros-dias-de-gobierno-del-presidente-petro\/#primaryimage\",\"url\":\"https:\/\/pagina10.com\/web\/wp-content\/uploads\/2022\/11\/DV8xPOpXkAAyVzg.jpg\",\"contentUrl\":\"https:\/\/pagina10.com\/web\/wp-content\/uploads\/2022\/11\/DV8xPOpXkAAyVzg.jpg\",\"width\":1200,\"height\":584},{\"@type\":\"BreadcrumbList\",\"@id\":\"https:\/\/pagina10.com\/web\/preparan-movilizacion-nacional-en-apoyo-a-los-cien-primeros-dias-de-gobierno-del-presidente-petro\/#breadcrumb\",\"itemListElement\":[{\"@type\":\"ListItem\",\"position\":1,\"name\":\"Portada\",\"item\":\"https:\/\/pagina10.com\/web\/\"},{\"@type\":\"ListItem\",\"position\":2,\"name\":\"Preparan movilizaci\u00f3n nacional en apoyo a los cien primeros d\u00edas de gobierno del presidente Petro\"}]},{\"@type\":\"WebSite\",\"@id\":\"https:\/\/pagina10.com\/web\/#website\",\"url\":\"https:\/\/pagina10.com\/web\/\",\"name\":\"P\u00e1gina10\",\"description\":\"Peri\u00f3dico Regional\",\"publisher\":{\"@id\":\"https:\/\/pagina10.com\/web\/#organization\"},\"alternateName\":\"P\u00e1gina10 Peri\u00f3dico Regional\",\"potentialAction\":[{\"@type\":\"SearchAction\",\"target\":{\"@type\":\"EntryPoint\",\"urlTemplate\":\"https:\/\/pagina10.com\/web\/?s={search_term_string}\"},\"query-input\":{\"@type\":\"PropertyValueSpecification\",\"valueRequired\":true,\"valueName\":\"search_term_string\"}}],\"inLanguage\":\"es\"},{\"@type\":\"Organization\",\"@id\":\"https:\/\/pagina10.com\/web\/#organization\",\"name\":\"P\u00e1gina10\",\"alternateName\":\"P\u00e1gina10 Peri\u00f3dico Regional\",\"url\":\"https:\/\/pagina10.com\/web\/\",\"logo\":{\"@type\":\"ImageObject\",\"inLanguage\":\"es\",\"@id\":\"https:\/\/pagina10.com\/web\/#\/schema\/logo\/image\/\",\"url\":\"https:\/\/pagina10.com\/web\/wp-content\/uploads\/2024\/01\/40-pagina-10-periodico-regional-pasto.jpg\",\"contentUrl\":\"https:\/\/pagina10.com\/web\/wp-content\/uploads\/2024\/01\/40-pagina-10-periodico-regional-pasto.jpg\",\"width\":1280,\"height\":720,\"caption\":\"P\u00e1gina10\"},\"image\":{\"@id\":\"https:\/\/pagina10.com\/web\/#\/schema\/logo\/image\/\"},\"sameAs\":[\"https:\/\/www.facebook.com\/pag10com\",\"https:\/\/x.com\/Pag10com\",\"https:\/\/www.instagram.com\/pagina10col\/\",\"https:\/\/youtube.com\/channel\/pag10\",\"https:\/\/www.tiktok.com\/@p10col\"]},{\"@type\":\"Person\",\"@id\":\"https:\/\/pagina10.com\/web\/#\/schema\/person\/2efc4a090d25b667d3bc796798a3a81b\",\"name\":\"P\u00e1gina 10\",\"description\":\"P\u00e1gina 10 es un peri\u00f3dico regional que nace en Colombia, en el departamento de Nari\u00f1o, con un enfoque global, fundamentado en cuatro pilares esenciales: la libertad, el pluralismo, la inclusi\u00f3n y la independencia. P\u00e1gina 10 hace referencia a Nari\u00f1o como el d\u00e9cimo departamento creado en Colombia, despu\u00e9s de un proceso pol\u00edtico liderado por actores y actrices regionales con el fin de obtener la independencia y autonom\u00eda de nuestros territorios. Con la creaci\u00f3n de P\u00e1gina 10 se pretende abrir un escenario para el dialogo, la reflexi\u00f3n y el debate que se extienda a otras geograf\u00edas de Am\u00e9rica Latina y del planeta, en una apuesta por transformar colectivamente los desaf\u00edos de un mundo contempor\u00e1neo, m\u00e1s all\u00e1 de las fronteras impuestas.\",\"url\":\"https:\/\/pagina10.com\/web\/author\/pdiezadmin\/\"}]}<\/script>\n<!-- \/ Yoast SEO plugin. -->","yoast_head_json":{"title":"Preparan movilizaci\u00f3n nacional en apoyo a los cien primeros d\u00edas de gobierno del presidente Petro | P\u00e1gina10","robots":{"index":"index","follow":"follow","max-snippet":"max-snippet:-1","max-image-preview":"max-image-preview:large","max-video-preview":"max-video-preview:-1"},"canonical":"https:\/\/pagina10.com\/web\/preparan-movilizacion-nacional-en-apoyo-a-los-cien-primeros-dias-de-gobierno-del-presidente-petro\/","og_locale":"es_ES","og_type":"article","og_title":"Preparan movilizaci\u00f3n nacional en apoyo a los cien primeros d\u00edas de gobierno del presidente Petro | P\u00e1gina10","og_description":"La Central Unitaria de Trabajadores de Colombia CUT-Subdirectiva Nari\u00f1o, mediante Resoluci\u00f3n 025 del 5 de noviembre del a\u00f1o 2022, convoc\u00f3 a organizaciones sindicales, pol\u00edticas, estudiantiles y comunidad a participar de la Gran Marcha de Apoyo al presidente Gustavo Petro que se llevar\u00e1 a cabo el pr\u00f3ximo 15 de noviembre. \u201cEsta fecha se cumplen 100 d\u00edas [&hellip;]","og_url":"https:\/\/pagina10.com\/web\/preparan-movilizacion-nacional-en-apoyo-a-los-cien-primeros-dias-de-gobierno-del-presidente-petro\/","og_site_name":"P\u00e1gina10","article_publisher":"https:\/\/www.facebook.com\/pag10com","article_published_time":"2022-11-09T14:28:36+00:00","og_image":[{"width":1200,"height":584,"url":"https:\/\/pagina10.com\/web\/wp-content\/uploads\/2022\/11\/DV8xPOpXkAAyVzg.jpg","type":"image\/jpeg"}],"author":"P\u00e1gina 10","twitter_card":"summary_large_image","twitter_creator":"@Pag10com","twitter_site":"@Pag10com","twitter_misc":{"Escrito por":"P\u00e1gina 10","Tiempo de lectura":"1 minuto"},"schema":{"@context":"https:\/\/schema.org","@graph":[{"@type":"Article","@id":"https:\/\/pagina10.com\/web\/preparan-movilizacion-nacional-en-apoyo-a-los-cien-primeros-dias-de-gobierno-del-presidente-petro\/#article","isPartOf":{"@id":"https:\/\/pagina10.com\/web\/preparan-movilizacion-nacional-en-apoyo-a-los-cien-primeros-dias-de-gobierno-del-presidente-petro\/"},"author":{"name":"P\u00e1gina 10","@id":"https:\/\/pagina10.com\/web\/#\/schema\/person\/2efc4a090d25b667d3bc796798a3a81b"},"headline":"Preparan movilizaci\u00f3n nacional en apoyo a los cien primeros d\u00edas de gobierno del presidente Petro","datePublished":"2022-11-09T14:28:36+00:00","mainEntityOfPage":{"@id":"https:\/\/pagina10.com\/web\/preparan-movilizacion-nacional-en-apoyo-a-los-cien-primeros-dias-de-gobierno-del-presidente-petro\/"},"wordCount":193,"commentCount":0,"publisher":{"@id":"https:\/\/pagina10.com\/web\/#organization"},"image":{"@id":"https:\/\/pagina10.com\/web\/preparan-movilizacion-nacional-en-apoyo-a-los-cien-primeros-dias-de-gobierno-del-presidente-petro\/#primaryimage"},"thumbnailUrl":"https:\/\/pagina10.com\/web\/wp-content\/uploads\/2022\/11\/DV8xPOpXkAAyVzg.jpg","articleSection":["Global"],"inLanguage":"es","potentialAction":[{"@type":"CommentAction","name":"Comment","target":["https:\/\/pagina10.com\/web\/preparan-movilizacion-nacional-en-apoyo-a-los-cien-primeros-dias-de-gobierno-del-presidente-petro\/#respond"]}]},{"@type":"WebPage","@id":"https:\/\/pagina10.com\/web\/preparan-movilizacion-nacional-en-apoyo-a-los-cien-primeros-dias-de-gobierno-del-presidente-petro\/","url":"https:\/\/pagina10.com\/web\/preparan-movilizacion-nacional-en-apoyo-a-los-cien-primeros-dias-de-gobierno-del-presidente-petro\/","name":"Preparan movilizaci\u00f3n nacional en apoyo a los cien primeros d\u00edas de gobierno del presidente Petro | P\u00e1gina10","isPartOf":{"@id":"https:\/\/pagina10.com\/web\/#website"},"primaryImageOfPage":{"@id":"https:\/\/pagina10.com\/web\/preparan-movilizacion-nacional-en-apoyo-a-los-cien-primeros-dias-de-gobierno-del-presidente-petro\/#primaryimage"},"image":{"@id":"https:\/\/pagina10.com\/web\/preparan-movilizacion-nacional-en-apoyo-a-los-cien-primeros-dias-de-gobierno-del-presidente-petro\/#primaryimage"},"thumbnailUrl":"https:\/\/pagina10.com\/web\/wp-content\/uploads\/2022\/11\/DV8xPOpXkAAyVzg.jpg","datePublished":"2022-11-09T14:28:36+00:00","breadcrumb":{"@id":"https:\/\/pagina10.com\/web\/preparan-movilizacion-nacional-en-apoyo-a-los-cien-primeros-dias-de-gobierno-del-presidente-petro\/#breadcrumb"},"inLanguage":"es","potentialAction":[{"@type":"ReadAction","target":["https:\/\/pagina10.com\/web\/preparan-movilizacion-nacional-en-apoyo-a-los-cien-primeros-dias-de-gobierno-del-presidente-petro\/"]}]},{"@type":"ImageObject","inLanguage":"es","@id":"https:\/\/pagina10.com\/web\/preparan-movilizacion-nacional-en-apoyo-a-los-cien-primeros-dias-de-gobierno-del-presidente-petro\/#primaryimage","url":"https:\/\/pagina10.com\/web\/wp-content\/uploads\/2022\/11\/DV8xPOpXkAAyVzg.jpg","contentUrl":"https:\/\/pagina10.com\/web\/wp-content\/uploads\/2022\/11\/DV8xPOpXkAAyVzg.jpg","width":1200,"height":584},{"@type":"BreadcrumbList","@id":"https:\/\/pagina10.com\/web\/preparan-movilizacion-nacional-en-apoyo-a-los-cien-primeros-dias-de-gobierno-del-presidente-petro\/#breadcrumb","itemListElement":[{"@type":"ListItem","position":1,"name":"Portada","item":"https:\/\/pagina10.com\/web\/"},{"@type":"ListItem","position":2,"name":"Preparan movilizaci\u00f3n nacional en apoyo a los cien primeros d\u00edas de gobierno del presidente Petro"}]},{"@type":"WebSite","@id":"https:\/\/pagina10.com\/web\/#website","url":"https:\/\/pagina10.com\/web\/","name":"P\u00e1gina10","description":"Peri\u00f3dico Regional","publisher":{"@id":"https:\/\/pagina10.com\/web\/#organization"},"alternateName":"P\u00e1gina10 Peri\u00f3dico Regional","potentialAction":[{"@type":"SearchAction","target":{"@type":"EntryPoint","urlTemplate":"https:\/\/pagina10.com\/web\/?s={search_term_string}"},"query-input":{"@type":"PropertyValueSpecification","valueRequired":true,"valueName":"search_term_string"}}],"inLanguage":"es"},{"@type":"Organization","@id":"https:\/\/pagina10.com\/web\/#organization","name":"P\u00e1gina10","alternateName":"P\u00e1gina10 Peri\u00f3dico Regional","url":"https:\/\/pagina10.com\/web\/","logo":{"@type":"ImageObject","inLanguage":"es","@id":"https:\/\/pagina10.com\/web\/#\/schema\/logo\/image\/","url":"https:\/\/pagina10.com\/web\/wp-content\/uploads\/2024\/01\/40-pagina-10-periodico-regional-pasto.jpg","contentUrl":"https:\/\/pagina10.com\/web\/wp-content\/uploads\/2024\/01\/40-pagina-10-periodico-regional-pasto.jpg","width":1280,"height":720,"caption":"P\u00e1gina10"},"image":{"@id":"https:\/\/pagina10.com\/web\/#\/schema\/logo\/image\/"},"sameAs":["https:\/\/www.facebook.com\/pag10com","https:\/\/x.com\/Pag10com","https:\/\/www.instagram.com\/pagina10col\/","https:\/\/youtube.com\/channel\/pag10","https:\/\/www.tiktok.com\/@p10col"]},{"@type":"Person","@id":"https:\/\/pagina10.com\/web\/#\/schema\/person\/2efc4a090d25b667d3bc796798a3a81b","name":"P\u00e1gina 10","description":"P\u00e1gina 10 es un peri\u00f3dico regional que nace en Colombia, en el departamento de Nari\u00f1o, con un enfoque global, fundamentado en cuatro pilares esenciales: la libertad, el pluralismo, la inclusi\u00f3n y la independencia. P\u00e1gina 10 hace referencia a Nari\u00f1o como el d\u00e9cimo departamento creado en Colombia, despu\u00e9s de un proceso pol\u00edtico liderado por actores y actrices regionales con el fin de obtener la independencia y autonom\u00eda de nuestros territorios. Con la creaci\u00f3n de P\u00e1gina 10 se pretende abrir un escenario para el dialogo, la reflexi\u00f3n y el debate que se extienda a otras geograf\u00edas de Am\u00e9rica Latina y del planeta, en una apuesta por transformar colectivamente los desaf\u00edos de un mundo contempor\u00e1neo, m\u00e1s all\u00e1 de las fronteras impuestas.","url":"https:\/\/pagina10.com\/web\/author\/pdiezadmin\/"}]}},"_links":{"self":[{"href":"https:\/\/pagina10.com\/web\/wp-json\/wp\/v2\/posts\/62729","targetHints":{"allow":["GET"]}}],"collection":[{"href":"https:\/\/pagina10.com\/web\/wp-json\/wp\/v2\/posts"}],"about":[{"href":"https:\/\/pagina10.com\/web\/wp-json\/wp\/v2\/types\/post"}],"author":[{"embeddable":true,"href":"https:\/\/pagina10.com\/web\/wp-json\/wp\/v2\/users\/1"}],"replies":[{"embeddable":true,"href":"https:\/\/pagina10.com\/web\/wp-json\/wp\/v2\/comments?post=62729"}],"version-history":[{"count":1,"href":"https:\/\/pagina10.com\/web\/wp-json\/wp\/v2\/posts\/62729\/revisions"}],"predecessor-version":[{"id":62731,"href":"https:\/\/pagina10.com\/web\/wp-json\/wp\/v2\/posts\/62729\/revisions\/62731"}],"wp:featuredmedia":[{"embeddable":true,"href":"https:\/\/pagina10.com\/web\/wp-json\/wp\/v2\/media\/62730"}],"wp:attachment":[{"href":"https:\/\/pagina10.com\/web\/wp-json\/wp\/v2\/media?parent=62729"}],"wp:term":[{"taxonomy":"category","embeddable":true,"href":"https:\/\/pagina10.com\/web\/wp-json\/wp\/v2\/categories?post=62729"},{"taxonomy":"post_tag","embeddable":true,"href":"https:\/\/pagina10.com\/web\/wp-json\/wp\/v2\/tags?post=62729"}],"curies":[{"name":"wp","href":"https:\/\/api.w.org\/{rel}","templated":true}]}}