{"id":62733,"date":"2022-11-09T09:35:56","date_gmt":"2022-11-09T14:35:56","guid":{"rendered":"https:\/\/pagina10.com\/web\/?p=62733"},"modified":"2022-11-09T09:35:56","modified_gmt":"2022-11-09T14:35:56","slug":"acusan-a-policias-de-robarle-11-millones-a-una-mujer-en-tumaco","status":"publish","type":"post","link":"https:\/\/pagina10.com\/web\/acusan-a-policias-de-robarle-11-millones-a-una-mujer-en-tumaco\/","title":{"rendered":"Acusan a polic\u00edas de robarle $11 millones a una mujer en Tumaco"},"content":{"rendered":"<p style=\"text-align: justify;\">Como Pablo Jos\u00e9 Fr\u00edas de los R\u00edos y Yesid Andr\u00e9s Ni\u00f1o Mej\u00eda fueron identificados los dos uniformados que de acuerdo con la Fiscal\u00eda General de la Naci\u00f3n, est\u00e1n siendo investigados por robarle $11 millones a una mujer.<\/p>\n<p style=\"text-align: justify;\">Los hechos ocurrieron el 5 de marzo de este a\u00f1o, luego de que la v\u00edctima realiz\u00f3 la consignaci\u00f3n del dinero en un corresponsal bancario del barrio Exportadora del municipio de Tumaco. Al salir del establecimiento fue abordada por los dos polic\u00edas para una requisa en la que le encontraron once millones pesos. Inmediatamente, la interrogaron sobre el origen del dinero y la acusaron de lavado de activos.<\/p>\n<p style=\"text-align: justify;\">Seg\u00fan la Fiscal\u00eda, uno de los oficiales la presion\u00f3 para que entregara dos millones de pesos a cambio de no capturarla, mientras que el otro le pidi\u00f3 los once millones. \u201cEl material de prueba aportado evidenci\u00f3 que la v\u00edctima sali\u00f3 del lugar y luego de abordar un taxi fue seguida por los policiales, quienes le habr\u00edan pedido al conductor que la llevara al barrio 11 de Septiembre, donde, presumiblemente, la despojaron del dinero y la abandonaron en el lugar\u201d, detall\u00f3 el ente investigador.<\/p>\n<p style=\"text-align: justify;\">La mujer denunci\u00f3 el abuso de los polic\u00edas ante las autoridades competentes y despu\u00e9s las pesquisas llevaron a las capturas de los uniformados. Agentes de la Sij\u00edn los detuvieron en Tumaco y los dejaron a disposici\u00f3n de la Fiscal\u00eda por los delitos de concusi\u00f3n y hurto calificado, cargos que los hombres no aceptaron.<\/p>\n<p style=\"text-align: justify;\">Finalmente, durante las audiencias, el juez del caso decidi\u00f3 otorgarles el beneficio de casa por c\u00e1rcel a los dos polic\u00edas se\u00f1alados de robo. Los oficiales siguen vinculados a la investigaci\u00f3n.<\/p>\n","protected":false},"excerpt":{"rendered":"<p>Como Pablo Jos\u00e9 Fr\u00edas de los R\u00edos y Yesid Andr\u00e9s Ni\u00f1o Mej\u00eda fueron identificados los dos uniformados que de acuerdo con la Fiscal\u00eda General de la Naci\u00f3n, est\u00e1n siendo investigados por robarle $11 millones a una mujer. Los hechos ocurrieron el 5 de marzo de este a\u00f1o, luego de que la v\u00edctima realiz\u00f3 la consignaci\u00f3n [&hellip;]<\/p>\n","protected":false},"author":1,"featured_media":62734,"comment_status":"open","ping_status":"open","sticky":false,"template":"","format":"standard","meta":{"footnotes":""},"categories":[61],"tags":[],"class_list":["post-62733","post","type-post","status-publish","format-standard","has-post-thumbnail","hentry","category-judicial"],"yoast_head":"<!-- This site is optimized with the Yoast SEO plugin v27.1.1 - https:\/\/yoast.com\/product\/yoast-seo-wordpress\/ -->\n<title>Acusan a polic\u00edas de robarle $11 millones a una mujer en Tumaco | P\u00e1gina10<\/title>\n<meta name=\"robots\" content=\"index, follow, max-snippet:-1, max-image-preview:large, max-video-preview:-1\" \/>\n<link rel=\"canonical\" href=\"https:\/\/pagina10.com\/web\/acusan-a-policias-de-robarle-11-millones-a-una-mujer-en-tumaco\/\" \/>\n<meta property=\"og:locale\" content=\"es_ES\" \/>\n<meta property=\"og:type\" content=\"article\" \/>\n<meta property=\"og:title\" content=\"Acusan a polic\u00edas de robarle $11 millones a una mujer en Tumaco | P\u00e1gina10\" \/>\n<meta property=\"og:description\" content=\"Como Pablo Jos\u00e9 Fr\u00edas de los R\u00edos y Yesid Andr\u00e9s Ni\u00f1o Mej\u00eda fueron identificados los dos uniformados que de acuerdo con la Fiscal\u00eda General de la Naci\u00f3n, est\u00e1n siendo investigados por robarle $11 millones a una mujer. Los hechos ocurrieron el 5 de marzo de este a\u00f1o, luego de que la v\u00edctima realiz\u00f3 la consignaci\u00f3n [&hellip;]\" \/>\n<meta property=\"og:url\" content=\"https:\/\/pagina10.com\/web\/acusan-a-policias-de-robarle-11-millones-a-una-mujer-en-tumaco\/\" \/>\n<meta property=\"og:site_name\" content=\"P\u00e1gina10\" \/>\n<meta property=\"article:publisher\" content=\"https:\/\/www.facebook.com\/pag10com\" \/>\n<meta property=\"article:published_time\" content=\"2022-11-09T14:35:56+00:00\" \/>\n<meta property=\"og:image\" content=\"https:\/\/pagina10.com\/web\/wp-content\/uploads\/2022\/11\/policia.jpg\" \/>\n\t<meta property=\"og:image:width\" content=\"900\" \/>\n\t<meta property=\"og:image:height\" content=\"485\" \/>\n\t<meta property=\"og:image:type\" content=\"image\/jpeg\" \/>\n<meta name=\"author\" content=\"P\u00e1gina 10\" \/>\n<meta name=\"twitter:card\" content=\"summary_large_image\" \/>\n<meta name=\"twitter:creator\" content=\"@Pag10com\" \/>\n<meta name=\"twitter:site\" content=\"@Pag10com\" \/>\n<meta name=\"twitter:label1\" content=\"Escrito por\" \/>\n\t<meta name=\"twitter:data1\" content=\"P\u00e1gina 10\" \/>\n\t<meta name=\"twitter:label2\" content=\"Tiempo de lectura\" \/>\n\t<meta name=\"twitter:data2\" content=\"1 minuto\" \/>\n<script type=\"application\/ld+json\" class=\"yoast-schema-graph\">{\"@context\":\"https:\/\/schema.org\",\"@graph\":[{\"@type\":\"Article\",\"@id\":\"https:\/\/pagina10.com\/web\/acusan-a-policias-de-robarle-11-millones-a-una-mujer-en-tumaco\/#article\",\"isPartOf\":{\"@id\":\"https:\/\/pagina10.com\/web\/acusan-a-policias-de-robarle-11-millones-a-una-mujer-en-tumaco\/\"},\"author\":{\"name\":\"P\u00e1gina 10\",\"@id\":\"https:\/\/pagina10.com\/web\/#\/schema\/person\/2efc4a090d25b667d3bc796798a3a81b\"},\"headline\":\"Acusan a polic\u00edas de robarle $11 millones a una mujer en Tumaco\",\"datePublished\":\"2022-11-09T14:35:56+00:00\",\"mainEntityOfPage\":{\"@id\":\"https:\/\/pagina10.com\/web\/acusan-a-policias-de-robarle-11-millones-a-una-mujer-en-tumaco\/\"},\"wordCount\":305,\"commentCount\":0,\"publisher\":{\"@id\":\"https:\/\/pagina10.com\/web\/#organization\"},\"image\":{\"@id\":\"https:\/\/pagina10.com\/web\/acusan-a-policias-de-robarle-11-millones-a-una-mujer-en-tumaco\/#primaryimage\"},\"thumbnailUrl\":\"https:\/\/pagina10.com\/web\/wp-content\/uploads\/2022\/11\/policia.jpg\",\"articleSection\":[\"Judicial\"],\"inLanguage\":\"es\",\"potentialAction\":[{\"@type\":\"CommentAction\",\"name\":\"Comment\",\"target\":[\"https:\/\/pagina10.com\/web\/acusan-a-policias-de-robarle-11-millones-a-una-mujer-en-tumaco\/#respond\"]}]},{\"@type\":\"WebPage\",\"@id\":\"https:\/\/pagina10.com\/web\/acusan-a-policias-de-robarle-11-millones-a-una-mujer-en-tumaco\/\",\"url\":\"https:\/\/pagina10.com\/web\/acusan-a-policias-de-robarle-11-millones-a-una-mujer-en-tumaco\/\",\"name\":\"Acusan a polic\u00edas de robarle $11 millones a una mujer en Tumaco | P\u00e1gina10\",\"isPartOf\":{\"@id\":\"https:\/\/pagina10.com\/web\/#website\"},\"primaryImageOfPage\":{\"@id\":\"https:\/\/pagina10.com\/web\/acusan-a-policias-de-robarle-11-millones-a-una-mujer-en-tumaco\/#primaryimage\"},\"image\":{\"@id\":\"https:\/\/pagina10.com\/web\/acusan-a-policias-de-robarle-11-millones-a-una-mujer-en-tumaco\/#primaryimage\"},\"thumbnailUrl\":\"https:\/\/pagina10.com\/web\/wp-content\/uploads\/2022\/11\/policia.jpg\",\"datePublished\":\"2022-11-09T14:35:56+00:00\",\"breadcrumb\":{\"@id\":\"https:\/\/pagina10.com\/web\/acusan-a-policias-de-robarle-11-millones-a-una-mujer-en-tumaco\/#breadcrumb\"},\"inLanguage\":\"es\",\"potentialAction\":[{\"@type\":\"ReadAction\",\"target\":[\"https:\/\/pagina10.com\/web\/acusan-a-policias-de-robarle-11-millones-a-una-mujer-en-tumaco\/\"]}]},{\"@type\":\"ImageObject\",\"inLanguage\":\"es\",\"@id\":\"https:\/\/pagina10.com\/web\/acusan-a-policias-de-robarle-11-millones-a-una-mujer-en-tumaco\/#primaryimage\",\"url\":\"https:\/\/pagina10.com\/web\/wp-content\/uploads\/2022\/11\/policia.jpg\",\"contentUrl\":\"https:\/\/pagina10.com\/web\/wp-content\/uploads\/2022\/11\/policia.jpg\",\"width\":900,\"height\":485},{\"@type\":\"BreadcrumbList\",\"@id\":\"https:\/\/pagina10.com\/web\/acusan-a-policias-de-robarle-11-millones-a-una-mujer-en-tumaco\/#breadcrumb\",\"itemListElement\":[{\"@type\":\"ListItem\",\"position\":1,\"name\":\"Portada\",\"item\":\"https:\/\/pagina10.com\/web\/\"},{\"@type\":\"ListItem\",\"position\":2,\"name\":\"Acusan a polic\u00edas de robarle $11 millones a una mujer en Tumaco\"}]},{\"@type\":\"WebSite\",\"@id\":\"https:\/\/pagina10.com\/web\/#website\",\"url\":\"https:\/\/pagina10.com\/web\/\",\"name\":\"P\u00e1gina10\",\"description\":\"Peri\u00f3dico Regional\",\"publisher\":{\"@id\":\"https:\/\/pagina10.com\/web\/#organization\"},\"alternateName\":\"P\u00e1gina10 Peri\u00f3dico Regional\",\"potentialAction\":[{\"@type\":\"SearchAction\",\"target\":{\"@type\":\"EntryPoint\",\"urlTemplate\":\"https:\/\/pagina10.com\/web\/?s={search_term_string}\"},\"query-input\":{\"@type\":\"PropertyValueSpecification\",\"valueRequired\":true,\"valueName\":\"search_term_string\"}}],\"inLanguage\":\"es\"},{\"@type\":\"Organization\",\"@id\":\"https:\/\/pagina10.com\/web\/#organization\",\"name\":\"P\u00e1gina10\",\"alternateName\":\"P\u00e1gina10 Peri\u00f3dico Regional\",\"url\":\"https:\/\/pagina10.com\/web\/\",\"logo\":{\"@type\":\"ImageObject\",\"inLanguage\":\"es\",\"@id\":\"https:\/\/pagina10.com\/web\/#\/schema\/logo\/image\/\",\"url\":\"https:\/\/pagina10.com\/web\/wp-content\/uploads\/2024\/01\/40-pagina-10-periodico-regional-pasto.jpg\",\"contentUrl\":\"https:\/\/pagina10.com\/web\/wp-content\/uploads\/2024\/01\/40-pagina-10-periodico-regional-pasto.jpg\",\"width\":1280,\"height\":720,\"caption\":\"P\u00e1gina10\"},\"image\":{\"@id\":\"https:\/\/pagina10.com\/web\/#\/schema\/logo\/image\/\"},\"sameAs\":[\"https:\/\/www.facebook.com\/pag10com\",\"https:\/\/x.com\/Pag10com\",\"https:\/\/www.instagram.com\/pagina10col\/\",\"https:\/\/youtube.com\/channel\/pag10\",\"https:\/\/www.tiktok.com\/@p10col\"]},{\"@type\":\"Person\",\"@id\":\"https:\/\/pagina10.com\/web\/#\/schema\/person\/2efc4a090d25b667d3bc796798a3a81b\",\"name\":\"P\u00e1gina 10\",\"description\":\"P\u00e1gina 10 es un peri\u00f3dico regional que nace en Colombia, en el departamento de Nari\u00f1o, con un enfoque global, fundamentado en cuatro pilares esenciales: la libertad, el pluralismo, la inclusi\u00f3n y la independencia. P\u00e1gina 10 hace referencia a Nari\u00f1o como el d\u00e9cimo departamento creado en Colombia, despu\u00e9s de un proceso pol\u00edtico liderado por actores y actrices regionales con el fin de obtener la independencia y autonom\u00eda de nuestros territorios. Con la creaci\u00f3n de P\u00e1gina 10 se pretende abrir un escenario para el dialogo, la reflexi\u00f3n y el debate que se extienda a otras geograf\u00edas de Am\u00e9rica Latina y del planeta, en una apuesta por transformar colectivamente los desaf\u00edos de un mundo contempor\u00e1neo, m\u00e1s all\u00e1 de las fronteras impuestas.\",\"url\":\"https:\/\/pagina10.com\/web\/author\/pdiezadmin\/\"}]}<\/script>\n<!-- \/ Yoast SEO plugin. -->","yoast_head_json":{"title":"Acusan a polic\u00edas de robarle $11 millones a una mujer en Tumaco | P\u00e1gina10","robots":{"index":"index","follow":"follow","max-snippet":"max-snippet:-1","max-image-preview":"max-image-preview:large","max-video-preview":"max-video-preview:-1"},"canonical":"https:\/\/pagina10.com\/web\/acusan-a-policias-de-robarle-11-millones-a-una-mujer-en-tumaco\/","og_locale":"es_ES","og_type":"article","og_title":"Acusan a polic\u00edas de robarle $11 millones a una mujer en Tumaco | P\u00e1gina10","og_description":"Como Pablo Jos\u00e9 Fr\u00edas de los R\u00edos y Yesid Andr\u00e9s Ni\u00f1o Mej\u00eda fueron identificados los dos uniformados que de acuerdo con la Fiscal\u00eda General de la Naci\u00f3n, est\u00e1n siendo investigados por robarle $11 millones a una mujer. Los hechos ocurrieron el 5 de marzo de este a\u00f1o, luego de que la v\u00edctima realiz\u00f3 la consignaci\u00f3n [&hellip;]","og_url":"https:\/\/pagina10.com\/web\/acusan-a-policias-de-robarle-11-millones-a-una-mujer-en-tumaco\/","og_site_name":"P\u00e1gina10","article_publisher":"https:\/\/www.facebook.com\/pag10com","article_published_time":"2022-11-09T14:35:56+00:00","og_image":[{"width":900,"height":485,"url":"https:\/\/pagina10.com\/web\/wp-content\/uploads\/2022\/11\/policia.jpg","type":"image\/jpeg"}],"author":"P\u00e1gina 10","twitter_card":"summary_large_image","twitter_creator":"@Pag10com","twitter_site":"@Pag10com","twitter_misc":{"Escrito por":"P\u00e1gina 10","Tiempo de lectura":"1 minuto"},"schema":{"@context":"https:\/\/schema.org","@graph":[{"@type":"Article","@id":"https:\/\/pagina10.com\/web\/acusan-a-policias-de-robarle-11-millones-a-una-mujer-en-tumaco\/#article","isPartOf":{"@id":"https:\/\/pagina10.com\/web\/acusan-a-policias-de-robarle-11-millones-a-una-mujer-en-tumaco\/"},"author":{"name":"P\u00e1gina 10","@id":"https:\/\/pagina10.com\/web\/#\/schema\/person\/2efc4a090d25b667d3bc796798a3a81b"},"headline":"Acusan a polic\u00edas de robarle $11 millones a una mujer en Tumaco","datePublished":"2022-11-09T14:35:56+00:00","mainEntityOfPage":{"@id":"https:\/\/pagina10.com\/web\/acusan-a-policias-de-robarle-11-millones-a-una-mujer-en-tumaco\/"},"wordCount":305,"commentCount":0,"publisher":{"@id":"https:\/\/pagina10.com\/web\/#organization"},"image":{"@id":"https:\/\/pagina10.com\/web\/acusan-a-policias-de-robarle-11-millones-a-una-mujer-en-tumaco\/#primaryimage"},"thumbnailUrl":"https:\/\/pagina10.com\/web\/wp-content\/uploads\/2022\/11\/policia.jpg","articleSection":["Judicial"],"inLanguage":"es","potentialAction":[{"@type":"CommentAction","name":"Comment","target":["https:\/\/pagina10.com\/web\/acusan-a-policias-de-robarle-11-millones-a-una-mujer-en-tumaco\/#respond"]}]},{"@type":"WebPage","@id":"https:\/\/pagina10.com\/web\/acusan-a-policias-de-robarle-11-millones-a-una-mujer-en-tumaco\/","url":"https:\/\/pagina10.com\/web\/acusan-a-policias-de-robarle-11-millones-a-una-mujer-en-tumaco\/","name":"Acusan a polic\u00edas de robarle $11 millones a una mujer en Tumaco | P\u00e1gina10","isPartOf":{"@id":"https:\/\/pagina10.com\/web\/#website"},"primaryImageOfPage":{"@id":"https:\/\/pagina10.com\/web\/acusan-a-policias-de-robarle-11-millones-a-una-mujer-en-tumaco\/#primaryimage"},"image":{"@id":"https:\/\/pagina10.com\/web\/acusan-a-policias-de-robarle-11-millones-a-una-mujer-en-tumaco\/#primaryimage"},"thumbnailUrl":"https:\/\/pagina10.com\/web\/wp-content\/uploads\/2022\/11\/policia.jpg","datePublished":"2022-11-09T14:35:56+00:00","breadcrumb":{"@id":"https:\/\/pagina10.com\/web\/acusan-a-policias-de-robarle-11-millones-a-una-mujer-en-tumaco\/#breadcrumb"},"inLanguage":"es","potentialAction":[{"@type":"ReadAction","target":["https:\/\/pagina10.com\/web\/acusan-a-policias-de-robarle-11-millones-a-una-mujer-en-tumaco\/"]}]},{"@type":"ImageObject","inLanguage":"es","@id":"https:\/\/pagina10.com\/web\/acusan-a-policias-de-robarle-11-millones-a-una-mujer-en-tumaco\/#primaryimage","url":"https:\/\/pagina10.com\/web\/wp-content\/uploads\/2022\/11\/policia.jpg","contentUrl":"https:\/\/pagina10.com\/web\/wp-content\/uploads\/2022\/11\/policia.jpg","width":900,"height":485},{"@type":"BreadcrumbList","@id":"https:\/\/pagina10.com\/web\/acusan-a-policias-de-robarle-11-millones-a-una-mujer-en-tumaco\/#breadcrumb","itemListElement":[{"@type":"ListItem","position":1,"name":"Portada","item":"https:\/\/pagina10.com\/web\/"},{"@type":"ListItem","position":2,"name":"Acusan a polic\u00edas de robarle $11 millones a una mujer en Tumaco"}]},{"@type":"WebSite","@id":"https:\/\/pagina10.com\/web\/#website","url":"https:\/\/pagina10.com\/web\/","name":"P\u00e1gina10","description":"Peri\u00f3dico Regional","publisher":{"@id":"https:\/\/pagina10.com\/web\/#organization"},"alternateName":"P\u00e1gina10 Peri\u00f3dico Regional","potentialAction":[{"@type":"SearchAction","target":{"@type":"EntryPoint","urlTemplate":"https:\/\/pagina10.com\/web\/?s={search_term_string}"},"query-input":{"@type":"PropertyValueSpecification","valueRequired":true,"valueName":"search_term_string"}}],"inLanguage":"es"},{"@type":"Organization","@id":"https:\/\/pagina10.com\/web\/#organization","name":"P\u00e1gina10","alternateName":"P\u00e1gina10 Peri\u00f3dico Regional","url":"https:\/\/pagina10.com\/web\/","logo":{"@type":"ImageObject","inLanguage":"es","@id":"https:\/\/pagina10.com\/web\/#\/schema\/logo\/image\/","url":"https:\/\/pagina10.com\/web\/wp-content\/uploads\/2024\/01\/40-pagina-10-periodico-regional-pasto.jpg","contentUrl":"https:\/\/pagina10.com\/web\/wp-content\/uploads\/2024\/01\/40-pagina-10-periodico-regional-pasto.jpg","width":1280,"height":720,"caption":"P\u00e1gina10"},"image":{"@id":"https:\/\/pagina10.com\/web\/#\/schema\/logo\/image\/"},"sameAs":["https:\/\/www.facebook.com\/pag10com","https:\/\/x.com\/Pag10com","https:\/\/www.instagram.com\/pagina10col\/","https:\/\/youtube.com\/channel\/pag10","https:\/\/www.tiktok.com\/@p10col"]},{"@type":"Person","@id":"https:\/\/pagina10.com\/web\/#\/schema\/person\/2efc4a090d25b667d3bc796798a3a81b","name":"P\u00e1gina 10","description":"P\u00e1gina 10 es un peri\u00f3dico regional que nace en Colombia, en el departamento de Nari\u00f1o, con un enfoque global, fundamentado en cuatro pilares esenciales: la libertad, el pluralismo, la inclusi\u00f3n y la independencia. P\u00e1gina 10 hace referencia a Nari\u00f1o como el d\u00e9cimo departamento creado en Colombia, despu\u00e9s de un proceso pol\u00edtico liderado por actores y actrices regionales con el fin de obtener la independencia y autonom\u00eda de nuestros territorios. Con la creaci\u00f3n de P\u00e1gina 10 se pretende abrir un escenario para el dialogo, la reflexi\u00f3n y el debate que se extienda a otras geograf\u00edas de Am\u00e9rica Latina y del planeta, en una apuesta por transformar colectivamente los desaf\u00edos de un mundo contempor\u00e1neo, m\u00e1s all\u00e1 de las fronteras impuestas.","url":"https:\/\/pagina10.com\/web\/author\/pdiezadmin\/"}]}},"_links":{"self":[{"href":"https:\/\/pagina10.com\/web\/wp-json\/wp\/v2\/posts\/62733","targetHints":{"allow":["GET"]}}],"collection":[{"href":"https:\/\/pagina10.com\/web\/wp-json\/wp\/v2\/posts"}],"about":[{"href":"https:\/\/pagina10.com\/web\/wp-json\/wp\/v2\/types\/post"}],"author":[{"embeddable":true,"href":"https:\/\/pagina10.com\/web\/wp-json\/wp\/v2\/users\/1"}],"replies":[{"embeddable":true,"href":"https:\/\/pagina10.com\/web\/wp-json\/wp\/v2\/comments?post=62733"}],"version-history":[{"count":1,"href":"https:\/\/pagina10.com\/web\/wp-json\/wp\/v2\/posts\/62733\/revisions"}],"predecessor-version":[{"id":62735,"href":"https:\/\/pagina10.com\/web\/wp-json\/wp\/v2\/posts\/62733\/revisions\/62735"}],"wp:featuredmedia":[{"embeddable":true,"href":"https:\/\/pagina10.com\/web\/wp-json\/wp\/v2\/media\/62734"}],"wp:attachment":[{"href":"https:\/\/pagina10.com\/web\/wp-json\/wp\/v2\/media?parent=62733"}],"wp:term":[{"taxonomy":"category","embeddable":true,"href":"https:\/\/pagina10.com\/web\/wp-json\/wp\/v2\/categories?post=62733"},{"taxonomy":"post_tag","embeddable":true,"href":"https:\/\/pagina10.com\/web\/wp-json\/wp\/v2\/tags?post=62733"}],"curies":[{"name":"wp","href":"https:\/\/api.w.org\/{rel}","templated":true}]}}