{"id":62739,"date":"2022-11-09T09:43:18","date_gmt":"2022-11-09T14:43:18","guid":{"rendered":"https:\/\/pagina10.com\/web\/?p=62739"},"modified":"2022-11-09T09:43:18","modified_gmt":"2022-11-09T14:43:18","slug":"realizaran-misa-de-sanacion-y-rodada-para-pedir-por-recuperacion-de-piloto-arley-ceballos","status":"publish","type":"post","link":"https:\/\/pagina10.com\/web\/realizaran-misa-de-sanacion-y-rodada-para-pedir-por-recuperacion-de-piloto-arley-ceballos\/","title":{"rendered":"Realizar\u00e1n misa de sanaci\u00f3n y rodada para pedir por recuperaci\u00f3n de piloto Arley Ceballos"},"content":{"rendered":"<p style=\"text-align: justify;\">El joven piloto Arley Ceballos permanece en la Unidad de Cuidados Intensivos del Hospital Departamental, luego de sufrir un accidente mientras corr\u00eda en la d\u00e9cimo tercera valida de motovelocidad que se llev\u00f3 a cabo el fin de semana en el desarrollo de las fiestas patronales de Tangua. En el hecho, otra persona result\u00f3 gravemente herida.<\/p>\n<p style=\"text-align: justify;\">En este sentido, sus familiares y amigos organizaron para hoy a las 6:30 de la tarde una misa de sanaci\u00f3n en la Iglesia de San Sebasti\u00e1n de Pasto la cual estar\u00e1 acompa\u00f1ada de una rodada desde la vivienda de Ceballos hasta el templo en menci\u00f3n. Cabe mencionar que desde el momento que se conoci\u00f3 el accidente, se han enviado una multitud de mensajes en apoyo del piloto.<\/p>\n<p style=\"text-align: justify;\">\u201cEsta es tu carrera m\u00e1s importante, y la vas a ganar mijo&#8230; como me dijiste un d\u00eda que soy tu motivacion para no rendirte y no lo har\u00e1s de eso estoy seguro guerrero, vas a salir de esta Dios colocar\u00e1 su mano sobre ti&#8230; tu familia amigos conocidos te estamos esperando (sic)\u201d, expres\u00f3 Carlos Ache a trav\u00e9s de sus redes sociales.<\/p>\n","protected":false},"excerpt":{"rendered":"<p>El joven piloto Arley Ceballos permanece en la Unidad de Cuidados Intensivos del Hospital Departamental, luego de sufrir un accidente mientras corr\u00eda en la d\u00e9cimo tercera valida de motovelocidad que se llev\u00f3 a cabo el fin de semana en el desarrollo de las fiestas patronales de Tangua. En el hecho, otra persona result\u00f3 gravemente herida. [&hellip;]<\/p>\n","protected":false},"author":1,"featured_media":62740,"comment_status":"open","ping_status":"open","sticky":false,"template":"","format":"standard","meta":{"footnotes":""},"categories":[84],"tags":[],"class_list":["post-62739","post","type-post","status-publish","format-standard","has-post-thumbnail","hentry","category-global-2"],"yoast_head":"<!-- This site is optimized with the Yoast SEO plugin v27.1.1 - https:\/\/yoast.com\/product\/yoast-seo-wordpress\/ -->\n<title>Realizar\u00e1n misa de sanaci\u00f3n y rodada para pedir por recuperaci\u00f3n de piloto Arley Ceballos | P\u00e1gina10<\/title>\n<meta name=\"robots\" content=\"index, follow, max-snippet:-1, max-image-preview:large, max-video-preview:-1\" \/>\n<link rel=\"canonical\" href=\"https:\/\/pagina10.com\/web\/realizaran-misa-de-sanacion-y-rodada-para-pedir-por-recuperacion-de-piloto-arley-ceballos\/\" \/>\n<meta property=\"og:locale\" content=\"es_ES\" \/>\n<meta property=\"og:type\" content=\"article\" \/>\n<meta property=\"og:title\" content=\"Realizar\u00e1n misa de sanaci\u00f3n y rodada para pedir por recuperaci\u00f3n de piloto Arley Ceballos | P\u00e1gina10\" \/>\n<meta property=\"og:description\" content=\"El joven piloto Arley Ceballos permanece en la Unidad de Cuidados Intensivos del Hospital Departamental, luego de sufrir un accidente mientras corr\u00eda en la d\u00e9cimo tercera valida de motovelocidad que se llev\u00f3 a cabo el fin de semana en el desarrollo de las fiestas patronales de Tangua. En el hecho, otra persona result\u00f3 gravemente herida. [&hellip;]\" \/>\n<meta property=\"og:url\" content=\"https:\/\/pagina10.com\/web\/realizaran-misa-de-sanacion-y-rodada-para-pedir-por-recuperacion-de-piloto-arley-ceballos\/\" \/>\n<meta property=\"og:site_name\" content=\"P\u00e1gina10\" \/>\n<meta property=\"article:publisher\" content=\"https:\/\/www.facebook.com\/pag10com\" \/>\n<meta property=\"article:published_time\" content=\"2022-11-09T14:43:18+00:00\" \/>\n<meta property=\"og:image\" content=\"https:\/\/pagina10.com\/web\/wp-content\/uploads\/2022\/11\/79091514_789956998098427_195972408459395072_n-e1668004993598.jpg\" \/>\n\t<meta property=\"og:image:width\" content=\"1072\" \/>\n\t<meta property=\"og:image:height\" content=\"665\" \/>\n\t<meta property=\"og:image:type\" content=\"image\/jpeg\" \/>\n<meta name=\"author\" content=\"P\u00e1gina 10\" \/>\n<meta name=\"twitter:card\" content=\"summary_large_image\" \/>\n<meta name=\"twitter:creator\" content=\"@Pag10com\" \/>\n<meta name=\"twitter:site\" content=\"@Pag10com\" \/>\n<meta name=\"twitter:label1\" content=\"Escrito por\" \/>\n\t<meta name=\"twitter:data1\" content=\"P\u00e1gina 10\" \/>\n\t<meta name=\"twitter:label2\" content=\"Tiempo de lectura\" \/>\n\t<meta name=\"twitter:data2\" content=\"1 minuto\" \/>\n<script type=\"application\/ld+json\" class=\"yoast-schema-graph\">{\"@context\":\"https:\/\/schema.org\",\"@graph\":[{\"@type\":\"Article\",\"@id\":\"https:\/\/pagina10.com\/web\/realizaran-misa-de-sanacion-y-rodada-para-pedir-por-recuperacion-de-piloto-arley-ceballos\/#article\",\"isPartOf\":{\"@id\":\"https:\/\/pagina10.com\/web\/realizaran-misa-de-sanacion-y-rodada-para-pedir-por-recuperacion-de-piloto-arley-ceballos\/\"},\"author\":{\"name\":\"P\u00e1gina 10\",\"@id\":\"https:\/\/pagina10.com\/web\/#\/schema\/person\/2efc4a090d25b667d3bc796798a3a81b\"},\"headline\":\"Realizar\u00e1n misa de sanaci\u00f3n y rodada para pedir por recuperaci\u00f3n de piloto Arley Ceballos\",\"datePublished\":\"2022-11-09T14:43:18+00:00\",\"mainEntityOfPage\":{\"@id\":\"https:\/\/pagina10.com\/web\/realizaran-misa-de-sanacion-y-rodada-para-pedir-por-recuperacion-de-piloto-arley-ceballos\/\"},\"wordCount\":209,\"commentCount\":0,\"publisher\":{\"@id\":\"https:\/\/pagina10.com\/web\/#organization\"},\"image\":{\"@id\":\"https:\/\/pagina10.com\/web\/realizaran-misa-de-sanacion-y-rodada-para-pedir-por-recuperacion-de-piloto-arley-ceballos\/#primaryimage\"},\"thumbnailUrl\":\"https:\/\/pagina10.com\/web\/wp-content\/uploads\/2022\/11\/79091514_789956998098427_195972408459395072_n-e1668004993598.jpg\",\"articleSection\":[\"Global\"],\"inLanguage\":\"es\",\"potentialAction\":[{\"@type\":\"CommentAction\",\"name\":\"Comment\",\"target\":[\"https:\/\/pagina10.com\/web\/realizaran-misa-de-sanacion-y-rodada-para-pedir-por-recuperacion-de-piloto-arley-ceballos\/#respond\"]}]},{\"@type\":\"WebPage\",\"@id\":\"https:\/\/pagina10.com\/web\/realizaran-misa-de-sanacion-y-rodada-para-pedir-por-recuperacion-de-piloto-arley-ceballos\/\",\"url\":\"https:\/\/pagina10.com\/web\/realizaran-misa-de-sanacion-y-rodada-para-pedir-por-recuperacion-de-piloto-arley-ceballos\/\",\"name\":\"Realizar\u00e1n misa de sanaci\u00f3n y rodada para pedir por recuperaci\u00f3n de piloto Arley Ceballos | P\u00e1gina10\",\"isPartOf\":{\"@id\":\"https:\/\/pagina10.com\/web\/#website\"},\"primaryImageOfPage\":{\"@id\":\"https:\/\/pagina10.com\/web\/realizaran-misa-de-sanacion-y-rodada-para-pedir-por-recuperacion-de-piloto-arley-ceballos\/#primaryimage\"},\"image\":{\"@id\":\"https:\/\/pagina10.com\/web\/realizaran-misa-de-sanacion-y-rodada-para-pedir-por-recuperacion-de-piloto-arley-ceballos\/#primaryimage\"},\"thumbnailUrl\":\"https:\/\/pagina10.com\/web\/wp-content\/uploads\/2022\/11\/79091514_789956998098427_195972408459395072_n-e1668004993598.jpg\",\"datePublished\":\"2022-11-09T14:43:18+00:00\",\"breadcrumb\":{\"@id\":\"https:\/\/pagina10.com\/web\/realizaran-misa-de-sanacion-y-rodada-para-pedir-por-recuperacion-de-piloto-arley-ceballos\/#breadcrumb\"},\"inLanguage\":\"es\",\"potentialAction\":[{\"@type\":\"ReadAction\",\"target\":[\"https:\/\/pagina10.com\/web\/realizaran-misa-de-sanacion-y-rodada-para-pedir-por-recuperacion-de-piloto-arley-ceballos\/\"]}]},{\"@type\":\"ImageObject\",\"inLanguage\":\"es\",\"@id\":\"https:\/\/pagina10.com\/web\/realizaran-misa-de-sanacion-y-rodada-para-pedir-por-recuperacion-de-piloto-arley-ceballos\/#primaryimage\",\"url\":\"https:\/\/pagina10.com\/web\/wp-content\/uploads\/2022\/11\/79091514_789956998098427_195972408459395072_n-e1668004993598.jpg\",\"contentUrl\":\"https:\/\/pagina10.com\/web\/wp-content\/uploads\/2022\/11\/79091514_789956998098427_195972408459395072_n-e1668004993598.jpg\",\"width\":1072,\"height\":665},{\"@type\":\"BreadcrumbList\",\"@id\":\"https:\/\/pagina10.com\/web\/realizaran-misa-de-sanacion-y-rodada-para-pedir-por-recuperacion-de-piloto-arley-ceballos\/#breadcrumb\",\"itemListElement\":[{\"@type\":\"ListItem\",\"position\":1,\"name\":\"Portada\",\"item\":\"https:\/\/pagina10.com\/web\/\"},{\"@type\":\"ListItem\",\"position\":2,\"name\":\"Realizar\u00e1n misa de sanaci\u00f3n y rodada para pedir por recuperaci\u00f3n de piloto Arley Ceballos\"}]},{\"@type\":\"WebSite\",\"@id\":\"https:\/\/pagina10.com\/web\/#website\",\"url\":\"https:\/\/pagina10.com\/web\/\",\"name\":\"P\u00e1gina10\",\"description\":\"Peri\u00f3dico Regional\",\"publisher\":{\"@id\":\"https:\/\/pagina10.com\/web\/#organization\"},\"alternateName\":\"P\u00e1gina10 Peri\u00f3dico Regional\",\"potentialAction\":[{\"@type\":\"SearchAction\",\"target\":{\"@type\":\"EntryPoint\",\"urlTemplate\":\"https:\/\/pagina10.com\/web\/?s={search_term_string}\"},\"query-input\":{\"@type\":\"PropertyValueSpecification\",\"valueRequired\":true,\"valueName\":\"search_term_string\"}}],\"inLanguage\":\"es\"},{\"@type\":\"Organization\",\"@id\":\"https:\/\/pagina10.com\/web\/#organization\",\"name\":\"P\u00e1gina10\",\"alternateName\":\"P\u00e1gina10 Peri\u00f3dico Regional\",\"url\":\"https:\/\/pagina10.com\/web\/\",\"logo\":{\"@type\":\"ImageObject\",\"inLanguage\":\"es\",\"@id\":\"https:\/\/pagina10.com\/web\/#\/schema\/logo\/image\/\",\"url\":\"https:\/\/pagina10.com\/web\/wp-content\/uploads\/2024\/01\/40-pagina-10-periodico-regional-pasto.jpg\",\"contentUrl\":\"https:\/\/pagina10.com\/web\/wp-content\/uploads\/2024\/01\/40-pagina-10-periodico-regional-pasto.jpg\",\"width\":1280,\"height\":720,\"caption\":\"P\u00e1gina10\"},\"image\":{\"@id\":\"https:\/\/pagina10.com\/web\/#\/schema\/logo\/image\/\"},\"sameAs\":[\"https:\/\/www.facebook.com\/pag10com\",\"https:\/\/x.com\/Pag10com\",\"https:\/\/www.instagram.com\/pagina10col\/\",\"https:\/\/youtube.com\/channel\/pag10\",\"https:\/\/www.tiktok.com\/@p10col\"]},{\"@type\":\"Person\",\"@id\":\"https:\/\/pagina10.com\/web\/#\/schema\/person\/2efc4a090d25b667d3bc796798a3a81b\",\"name\":\"P\u00e1gina 10\",\"description\":\"P\u00e1gina 10 es un peri\u00f3dico regional que nace en Colombia, en el departamento de Nari\u00f1o, con un enfoque global, fundamentado en cuatro pilares esenciales: la libertad, el pluralismo, la inclusi\u00f3n y la independencia. P\u00e1gina 10 hace referencia a Nari\u00f1o como el d\u00e9cimo departamento creado en Colombia, despu\u00e9s de un proceso pol\u00edtico liderado por actores y actrices regionales con el fin de obtener la independencia y autonom\u00eda de nuestros territorios. Con la creaci\u00f3n de P\u00e1gina 10 se pretende abrir un escenario para el dialogo, la reflexi\u00f3n y el debate que se extienda a otras geograf\u00edas de Am\u00e9rica Latina y del planeta, en una apuesta por transformar colectivamente los desaf\u00edos de un mundo contempor\u00e1neo, m\u00e1s all\u00e1 de las fronteras impuestas.\",\"url\":\"https:\/\/pagina10.com\/web\/author\/pdiezadmin\/\"}]}<\/script>\n<!-- \/ Yoast SEO plugin. -->","yoast_head_json":{"title":"Realizar\u00e1n misa de sanaci\u00f3n y rodada para pedir por recuperaci\u00f3n de piloto Arley Ceballos | P\u00e1gina10","robots":{"index":"index","follow":"follow","max-snippet":"max-snippet:-1","max-image-preview":"max-image-preview:large","max-video-preview":"max-video-preview:-1"},"canonical":"https:\/\/pagina10.com\/web\/realizaran-misa-de-sanacion-y-rodada-para-pedir-por-recuperacion-de-piloto-arley-ceballos\/","og_locale":"es_ES","og_type":"article","og_title":"Realizar\u00e1n misa de sanaci\u00f3n y rodada para pedir por recuperaci\u00f3n de piloto Arley Ceballos | P\u00e1gina10","og_description":"El joven piloto Arley Ceballos permanece en la Unidad de Cuidados Intensivos del Hospital Departamental, luego de sufrir un accidente mientras corr\u00eda en la d\u00e9cimo tercera valida de motovelocidad que se llev\u00f3 a cabo el fin de semana en el desarrollo de las fiestas patronales de Tangua. En el hecho, otra persona result\u00f3 gravemente herida. [&hellip;]","og_url":"https:\/\/pagina10.com\/web\/realizaran-misa-de-sanacion-y-rodada-para-pedir-por-recuperacion-de-piloto-arley-ceballos\/","og_site_name":"P\u00e1gina10","article_publisher":"https:\/\/www.facebook.com\/pag10com","article_published_time":"2022-11-09T14:43:18+00:00","og_image":[{"width":1072,"height":665,"url":"https:\/\/pagina10.com\/web\/wp-content\/uploads\/2022\/11\/79091514_789956998098427_195972408459395072_n-e1668004993598.jpg","type":"image\/jpeg"}],"author":"P\u00e1gina 10","twitter_card":"summary_large_image","twitter_creator":"@Pag10com","twitter_site":"@Pag10com","twitter_misc":{"Escrito por":"P\u00e1gina 10","Tiempo de lectura":"1 minuto"},"schema":{"@context":"https:\/\/schema.org","@graph":[{"@type":"Article","@id":"https:\/\/pagina10.com\/web\/realizaran-misa-de-sanacion-y-rodada-para-pedir-por-recuperacion-de-piloto-arley-ceballos\/#article","isPartOf":{"@id":"https:\/\/pagina10.com\/web\/realizaran-misa-de-sanacion-y-rodada-para-pedir-por-recuperacion-de-piloto-arley-ceballos\/"},"author":{"name":"P\u00e1gina 10","@id":"https:\/\/pagina10.com\/web\/#\/schema\/person\/2efc4a090d25b667d3bc796798a3a81b"},"headline":"Realizar\u00e1n misa de sanaci\u00f3n y rodada para pedir por recuperaci\u00f3n de piloto Arley Ceballos","datePublished":"2022-11-09T14:43:18+00:00","mainEntityOfPage":{"@id":"https:\/\/pagina10.com\/web\/realizaran-misa-de-sanacion-y-rodada-para-pedir-por-recuperacion-de-piloto-arley-ceballos\/"},"wordCount":209,"commentCount":0,"publisher":{"@id":"https:\/\/pagina10.com\/web\/#organization"},"image":{"@id":"https:\/\/pagina10.com\/web\/realizaran-misa-de-sanacion-y-rodada-para-pedir-por-recuperacion-de-piloto-arley-ceballos\/#primaryimage"},"thumbnailUrl":"https:\/\/pagina10.com\/web\/wp-content\/uploads\/2022\/11\/79091514_789956998098427_195972408459395072_n-e1668004993598.jpg","articleSection":["Global"],"inLanguage":"es","potentialAction":[{"@type":"CommentAction","name":"Comment","target":["https:\/\/pagina10.com\/web\/realizaran-misa-de-sanacion-y-rodada-para-pedir-por-recuperacion-de-piloto-arley-ceballos\/#respond"]}]},{"@type":"WebPage","@id":"https:\/\/pagina10.com\/web\/realizaran-misa-de-sanacion-y-rodada-para-pedir-por-recuperacion-de-piloto-arley-ceballos\/","url":"https:\/\/pagina10.com\/web\/realizaran-misa-de-sanacion-y-rodada-para-pedir-por-recuperacion-de-piloto-arley-ceballos\/","name":"Realizar\u00e1n misa de sanaci\u00f3n y rodada para pedir por recuperaci\u00f3n de piloto Arley Ceballos | P\u00e1gina10","isPartOf":{"@id":"https:\/\/pagina10.com\/web\/#website"},"primaryImageOfPage":{"@id":"https:\/\/pagina10.com\/web\/realizaran-misa-de-sanacion-y-rodada-para-pedir-por-recuperacion-de-piloto-arley-ceballos\/#primaryimage"},"image":{"@id":"https:\/\/pagina10.com\/web\/realizaran-misa-de-sanacion-y-rodada-para-pedir-por-recuperacion-de-piloto-arley-ceballos\/#primaryimage"},"thumbnailUrl":"https:\/\/pagina10.com\/web\/wp-content\/uploads\/2022\/11\/79091514_789956998098427_195972408459395072_n-e1668004993598.jpg","datePublished":"2022-11-09T14:43:18+00:00","breadcrumb":{"@id":"https:\/\/pagina10.com\/web\/realizaran-misa-de-sanacion-y-rodada-para-pedir-por-recuperacion-de-piloto-arley-ceballos\/#breadcrumb"},"inLanguage":"es","potentialAction":[{"@type":"ReadAction","target":["https:\/\/pagina10.com\/web\/realizaran-misa-de-sanacion-y-rodada-para-pedir-por-recuperacion-de-piloto-arley-ceballos\/"]}]},{"@type":"ImageObject","inLanguage":"es","@id":"https:\/\/pagina10.com\/web\/realizaran-misa-de-sanacion-y-rodada-para-pedir-por-recuperacion-de-piloto-arley-ceballos\/#primaryimage","url":"https:\/\/pagina10.com\/web\/wp-content\/uploads\/2022\/11\/79091514_789956998098427_195972408459395072_n-e1668004993598.jpg","contentUrl":"https:\/\/pagina10.com\/web\/wp-content\/uploads\/2022\/11\/79091514_789956998098427_195972408459395072_n-e1668004993598.jpg","width":1072,"height":665},{"@type":"BreadcrumbList","@id":"https:\/\/pagina10.com\/web\/realizaran-misa-de-sanacion-y-rodada-para-pedir-por-recuperacion-de-piloto-arley-ceballos\/#breadcrumb","itemListElement":[{"@type":"ListItem","position":1,"name":"Portada","item":"https:\/\/pagina10.com\/web\/"},{"@type":"ListItem","position":2,"name":"Realizar\u00e1n misa de sanaci\u00f3n y rodada para pedir por recuperaci\u00f3n de piloto Arley Ceballos"}]},{"@type":"WebSite","@id":"https:\/\/pagina10.com\/web\/#website","url":"https:\/\/pagina10.com\/web\/","name":"P\u00e1gina10","description":"Peri\u00f3dico Regional","publisher":{"@id":"https:\/\/pagina10.com\/web\/#organization"},"alternateName":"P\u00e1gina10 Peri\u00f3dico Regional","potentialAction":[{"@type":"SearchAction","target":{"@type":"EntryPoint","urlTemplate":"https:\/\/pagina10.com\/web\/?s={search_term_string}"},"query-input":{"@type":"PropertyValueSpecification","valueRequired":true,"valueName":"search_term_string"}}],"inLanguage":"es"},{"@type":"Organization","@id":"https:\/\/pagina10.com\/web\/#organization","name":"P\u00e1gina10","alternateName":"P\u00e1gina10 Peri\u00f3dico Regional","url":"https:\/\/pagina10.com\/web\/","logo":{"@type":"ImageObject","inLanguage":"es","@id":"https:\/\/pagina10.com\/web\/#\/schema\/logo\/image\/","url":"https:\/\/pagina10.com\/web\/wp-content\/uploads\/2024\/01\/40-pagina-10-periodico-regional-pasto.jpg","contentUrl":"https:\/\/pagina10.com\/web\/wp-content\/uploads\/2024\/01\/40-pagina-10-periodico-regional-pasto.jpg","width":1280,"height":720,"caption":"P\u00e1gina10"},"image":{"@id":"https:\/\/pagina10.com\/web\/#\/schema\/logo\/image\/"},"sameAs":["https:\/\/www.facebook.com\/pag10com","https:\/\/x.com\/Pag10com","https:\/\/www.instagram.com\/pagina10col\/","https:\/\/youtube.com\/channel\/pag10","https:\/\/www.tiktok.com\/@p10col"]},{"@type":"Person","@id":"https:\/\/pagina10.com\/web\/#\/schema\/person\/2efc4a090d25b667d3bc796798a3a81b","name":"P\u00e1gina 10","description":"P\u00e1gina 10 es un peri\u00f3dico regional que nace en Colombia, en el departamento de Nari\u00f1o, con un enfoque global, fundamentado en cuatro pilares esenciales: la libertad, el pluralismo, la inclusi\u00f3n y la independencia. P\u00e1gina 10 hace referencia a Nari\u00f1o como el d\u00e9cimo departamento creado en Colombia, despu\u00e9s de un proceso pol\u00edtico liderado por actores y actrices regionales con el fin de obtener la independencia y autonom\u00eda de nuestros territorios. Con la creaci\u00f3n de P\u00e1gina 10 se pretende abrir un escenario para el dialogo, la reflexi\u00f3n y el debate que se extienda a otras geograf\u00edas de Am\u00e9rica Latina y del planeta, en una apuesta por transformar colectivamente los desaf\u00edos de un mundo contempor\u00e1neo, m\u00e1s all\u00e1 de las fronteras impuestas.","url":"https:\/\/pagina10.com\/web\/author\/pdiezadmin\/"}]}},"_links":{"self":[{"href":"https:\/\/pagina10.com\/web\/wp-json\/wp\/v2\/posts\/62739","targetHints":{"allow":["GET"]}}],"collection":[{"href":"https:\/\/pagina10.com\/web\/wp-json\/wp\/v2\/posts"}],"about":[{"href":"https:\/\/pagina10.com\/web\/wp-json\/wp\/v2\/types\/post"}],"author":[{"embeddable":true,"href":"https:\/\/pagina10.com\/web\/wp-json\/wp\/v2\/users\/1"}],"replies":[{"embeddable":true,"href":"https:\/\/pagina10.com\/web\/wp-json\/wp\/v2\/comments?post=62739"}],"version-history":[{"count":1,"href":"https:\/\/pagina10.com\/web\/wp-json\/wp\/v2\/posts\/62739\/revisions"}],"predecessor-version":[{"id":62741,"href":"https:\/\/pagina10.com\/web\/wp-json\/wp\/v2\/posts\/62739\/revisions\/62741"}],"wp:featuredmedia":[{"embeddable":true,"href":"https:\/\/pagina10.com\/web\/wp-json\/wp\/v2\/media\/62740"}],"wp:attachment":[{"href":"https:\/\/pagina10.com\/web\/wp-json\/wp\/v2\/media?parent=62739"}],"wp:term":[{"taxonomy":"category","embeddable":true,"href":"https:\/\/pagina10.com\/web\/wp-json\/wp\/v2\/categories?post=62739"},{"taxonomy":"post_tag","embeddable":true,"href":"https:\/\/pagina10.com\/web\/wp-json\/wp\/v2\/tags?post=62739"}],"curies":[{"name":"wp","href":"https:\/\/api.w.org\/{rel}","templated":true}]}}