{"id":62754,"date":"2022-11-09T21:00:01","date_gmt":"2022-11-10T02:00:01","guid":{"rendered":"https:\/\/pagina10.com\/web\/?p=62754"},"modified":"2022-11-09T21:00:01","modified_gmt":"2022-11-10T02:00:01","slug":"en-pasto-lamentan-muerte-de-reconocida-dirigente-sonia-lucia-navia","status":"publish","type":"post","link":"https:\/\/pagina10.com\/web\/en-pasto-lamentan-muerte-de-reconocida-dirigente-sonia-lucia-navia\/","title":{"rendered":"En Pasto lamentan muerte de reconocida dirigente Sonia Lucia Navia"},"content":{"rendered":"<p style=\"text-align: justify;\">En las \u00faltimas horas familiares de la dirigente Sonia Lucia Navia confirmaron la noticia sobre su fallecimiento. Su deceso fue lamentado por reconocidos personajes de la pol\u00edtica nacional, entre ellos, el expresidente \u00c1lvaro Uribe V\u00e9lez, quien a trav\u00e9s de su cuenta de twitter envi\u00f3 un mensaje de condolencias a sus seres queridos.<\/p>\n<p style=\"text-align: justify;\">La destacada dirigente naci\u00f3 en Cali y es Ingeniera Agr\u00f3noma egresada de la Facultad de Ciencias Agr\u00edcolas, de la Universidad de Nari\u00f1o, carrera que le marc\u00f3 la vida y su trayectoria laboral en la cual inici\u00f3 su camino en el trabajo por un campo m\u00e1s productivo, m\u00e1s inclusivo, con mayores oportunidades y mejores condiciones para las familias de productores.<\/p>\n<p style=\"text-align: justify;\">Lider\u00f3 varias investigaciones, proyectos de inversiones t\u00e9cnicas productivas y de infraestructura que impactaron positivamente la vida de las familias rurales, en especial familias de peque\u00f1os y medianos productores.<\/p>\n<p style=\"text-align: justify;\">Durante su carrera profesional se desempe\u00f1\u00f3 como gerente de ventas de Coliap S.A., fue directora de la Fundaci\u00f3n Cosmoagro Triada, presidenta del Comit\u00e9 Regional, presidenta y vicepresidenta nacional de Fedepapa; asesora del Senado y de la Presidencia de la Rep\u00fablica para los municipios PDET de la Costa Pac\u00edfico de Nari\u00f1o.<\/p>\n<p style=\"text-align: justify;\">Obtuvo importantes reconocimientos en la Alcald\u00eda de Pasto, as\u00ed mismo por su la labor como investigadora por parte de la Facultad de Agronom\u00eda de la Universidad Nacional de Colombia y como investigadora en nuevas variedades de papa y desarrollo de Escuelas de Campo de Agricultores. Fedepapa.<\/p>\n<p style=\"text-align: justify;\">Igualmente, fue acreedora de una menci\u00f3n de reconocimiento por su labor gremial y organizacional de la Rep\u00fablica de Colombia, Orden al M\u00e9rito Agr\u00edcola en el Grado de Caballero de la Presidencia de la Rep\u00fablica, y una por parte del Consejo de Administraci\u00f3n, Reconocimiento por Liderazgo y Gesti\u00f3n Gremial, entre otros. El \u00faltimo de ellos lo recibi\u00f3 de parte del Concejo de Pasto que le otorg\u00f3 la distinci\u00f3n \u201cDomitila Sarasty\u201d.<\/p>\n","protected":false},"excerpt":{"rendered":"<p>En las \u00faltimas horas familiares de la dirigente Sonia Lucia Navia confirmaron la noticia sobre su fallecimiento. Su deceso fue lamentado por reconocidos personajes de la pol\u00edtica nacional, entre ellos, el expresidente \u00c1lvaro Uribe V\u00e9lez, quien a trav\u00e9s de su cuenta de twitter envi\u00f3 un mensaje de condolencias a sus seres queridos. La destacada dirigente [&hellip;]<\/p>\n","protected":false},"author":1,"featured_media":62755,"comment_status":"open","ping_status":"open","sticky":false,"template":"","format":"standard","meta":{"footnotes":""},"categories":[84],"tags":[],"class_list":["post-62754","post","type-post","status-publish","format-standard","has-post-thumbnail","hentry","category-global-2"],"yoast_head":"<!-- This site is optimized with the Yoast SEO plugin v27.1.1 - https:\/\/yoast.com\/product\/yoast-seo-wordpress\/ -->\n<title>En Pasto lamentan muerte de reconocida dirigente Sonia Lucia Navia | P\u00e1gina10<\/title>\n<meta name=\"robots\" content=\"index, follow, max-snippet:-1, max-image-preview:large, max-video-preview:-1\" \/>\n<link rel=\"canonical\" href=\"https:\/\/pagina10.com\/web\/en-pasto-lamentan-muerte-de-reconocida-dirigente-sonia-lucia-navia\/\" \/>\n<meta property=\"og:locale\" content=\"es_ES\" \/>\n<meta property=\"og:type\" content=\"article\" \/>\n<meta property=\"og:title\" content=\"En Pasto lamentan muerte de reconocida dirigente Sonia Lucia Navia | P\u00e1gina10\" \/>\n<meta property=\"og:description\" content=\"En las \u00faltimas horas familiares de la dirigente Sonia Lucia Navia confirmaron la noticia sobre su fallecimiento. Su deceso fue lamentado por reconocidos personajes de la pol\u00edtica nacional, entre ellos, el expresidente \u00c1lvaro Uribe V\u00e9lez, quien a trav\u00e9s de su cuenta de twitter envi\u00f3 un mensaje de condolencias a sus seres queridos. La destacada dirigente [&hellip;]\" \/>\n<meta property=\"og:url\" content=\"https:\/\/pagina10.com\/web\/en-pasto-lamentan-muerte-de-reconocida-dirigente-sonia-lucia-navia\/\" \/>\n<meta property=\"og:site_name\" content=\"P\u00e1gina10\" \/>\n<meta property=\"article:publisher\" content=\"https:\/\/www.facebook.com\/pag10com\" \/>\n<meta property=\"article:published_time\" content=\"2022-11-10T02:00:01+00:00\" \/>\n<meta property=\"og:image\" content=\"https:\/\/pagina10.com\/web\/wp-content\/uploads\/2022\/11\/308181810_1096661681213044_7486043186640880794_n-01-1.jpg\" \/>\n\t<meta property=\"og:image:width\" content=\"2350\" \/>\n\t<meta property=\"og:image:height\" content=\"1417\" \/>\n\t<meta property=\"og:image:type\" content=\"image\/jpeg\" \/>\n<meta name=\"author\" content=\"P\u00e1gina 10\" \/>\n<meta name=\"twitter:card\" content=\"summary_large_image\" \/>\n<meta name=\"twitter:creator\" content=\"@Pag10com\" \/>\n<meta name=\"twitter:site\" content=\"@Pag10com\" \/>\n<meta name=\"twitter:label1\" content=\"Escrito por\" \/>\n\t<meta name=\"twitter:data1\" content=\"P\u00e1gina 10\" \/>\n\t<meta name=\"twitter:label2\" content=\"Tiempo de lectura\" \/>\n\t<meta name=\"twitter:data2\" content=\"2 minutos\" \/>\n<script type=\"application\/ld+json\" class=\"yoast-schema-graph\">{\"@context\":\"https:\/\/schema.org\",\"@graph\":[{\"@type\":\"Article\",\"@id\":\"https:\/\/pagina10.com\/web\/en-pasto-lamentan-muerte-de-reconocida-dirigente-sonia-lucia-navia\/#article\",\"isPartOf\":{\"@id\":\"https:\/\/pagina10.com\/web\/en-pasto-lamentan-muerte-de-reconocida-dirigente-sonia-lucia-navia\/\"},\"author\":{\"name\":\"P\u00e1gina 10\",\"@id\":\"https:\/\/pagina10.com\/web\/#\/schema\/person\/2efc4a090d25b667d3bc796798a3a81b\"},\"headline\":\"En Pasto lamentan muerte de reconocida dirigente Sonia Lucia Navia\",\"datePublished\":\"2022-11-10T02:00:01+00:00\",\"mainEntityOfPage\":{\"@id\":\"https:\/\/pagina10.com\/web\/en-pasto-lamentan-muerte-de-reconocida-dirigente-sonia-lucia-navia\/\"},\"wordCount\":339,\"commentCount\":0,\"publisher\":{\"@id\":\"https:\/\/pagina10.com\/web\/#organization\"},\"image\":{\"@id\":\"https:\/\/pagina10.com\/web\/en-pasto-lamentan-muerte-de-reconocida-dirigente-sonia-lucia-navia\/#primaryimage\"},\"thumbnailUrl\":\"https:\/\/pagina10.com\/web\/wp-content\/uploads\/2022\/11\/308181810_1096661681213044_7486043186640880794_n-01-1.jpg\",\"articleSection\":[\"Global\"],\"inLanguage\":\"es\",\"potentialAction\":[{\"@type\":\"CommentAction\",\"name\":\"Comment\",\"target\":[\"https:\/\/pagina10.com\/web\/en-pasto-lamentan-muerte-de-reconocida-dirigente-sonia-lucia-navia\/#respond\"]}]},{\"@type\":\"WebPage\",\"@id\":\"https:\/\/pagina10.com\/web\/en-pasto-lamentan-muerte-de-reconocida-dirigente-sonia-lucia-navia\/\",\"url\":\"https:\/\/pagina10.com\/web\/en-pasto-lamentan-muerte-de-reconocida-dirigente-sonia-lucia-navia\/\",\"name\":\"En Pasto lamentan muerte de reconocida dirigente Sonia Lucia Navia | P\u00e1gina10\",\"isPartOf\":{\"@id\":\"https:\/\/pagina10.com\/web\/#website\"},\"primaryImageOfPage\":{\"@id\":\"https:\/\/pagina10.com\/web\/en-pasto-lamentan-muerte-de-reconocida-dirigente-sonia-lucia-navia\/#primaryimage\"},\"image\":{\"@id\":\"https:\/\/pagina10.com\/web\/en-pasto-lamentan-muerte-de-reconocida-dirigente-sonia-lucia-navia\/#primaryimage\"},\"thumbnailUrl\":\"https:\/\/pagina10.com\/web\/wp-content\/uploads\/2022\/11\/308181810_1096661681213044_7486043186640880794_n-01-1.jpg\",\"datePublished\":\"2022-11-10T02:00:01+00:00\",\"breadcrumb\":{\"@id\":\"https:\/\/pagina10.com\/web\/en-pasto-lamentan-muerte-de-reconocida-dirigente-sonia-lucia-navia\/#breadcrumb\"},\"inLanguage\":\"es\",\"potentialAction\":[{\"@type\":\"ReadAction\",\"target\":[\"https:\/\/pagina10.com\/web\/en-pasto-lamentan-muerte-de-reconocida-dirigente-sonia-lucia-navia\/\"]}]},{\"@type\":\"ImageObject\",\"inLanguage\":\"es\",\"@id\":\"https:\/\/pagina10.com\/web\/en-pasto-lamentan-muerte-de-reconocida-dirigente-sonia-lucia-navia\/#primaryimage\",\"url\":\"https:\/\/pagina10.com\/web\/wp-content\/uploads\/2022\/11\/308181810_1096661681213044_7486043186640880794_n-01-1.jpg\",\"contentUrl\":\"https:\/\/pagina10.com\/web\/wp-content\/uploads\/2022\/11\/308181810_1096661681213044_7486043186640880794_n-01-1.jpg\",\"width\":2350,\"height\":1417},{\"@type\":\"BreadcrumbList\",\"@id\":\"https:\/\/pagina10.com\/web\/en-pasto-lamentan-muerte-de-reconocida-dirigente-sonia-lucia-navia\/#breadcrumb\",\"itemListElement\":[{\"@type\":\"ListItem\",\"position\":1,\"name\":\"Portada\",\"item\":\"https:\/\/pagina10.com\/web\/\"},{\"@type\":\"ListItem\",\"position\":2,\"name\":\"En Pasto lamentan muerte de reconocida dirigente Sonia Lucia Navia\"}]},{\"@type\":\"WebSite\",\"@id\":\"https:\/\/pagina10.com\/web\/#website\",\"url\":\"https:\/\/pagina10.com\/web\/\",\"name\":\"P\u00e1gina10\",\"description\":\"Peri\u00f3dico Regional\",\"publisher\":{\"@id\":\"https:\/\/pagina10.com\/web\/#organization\"},\"alternateName\":\"P\u00e1gina10 Peri\u00f3dico Regional\",\"potentialAction\":[{\"@type\":\"SearchAction\",\"target\":{\"@type\":\"EntryPoint\",\"urlTemplate\":\"https:\/\/pagina10.com\/web\/?s={search_term_string}\"},\"query-input\":{\"@type\":\"PropertyValueSpecification\",\"valueRequired\":true,\"valueName\":\"search_term_string\"}}],\"inLanguage\":\"es\"},{\"@type\":\"Organization\",\"@id\":\"https:\/\/pagina10.com\/web\/#organization\",\"name\":\"P\u00e1gina10\",\"alternateName\":\"P\u00e1gina10 Peri\u00f3dico Regional\",\"url\":\"https:\/\/pagina10.com\/web\/\",\"logo\":{\"@type\":\"ImageObject\",\"inLanguage\":\"es\",\"@id\":\"https:\/\/pagina10.com\/web\/#\/schema\/logo\/image\/\",\"url\":\"https:\/\/pagina10.com\/web\/wp-content\/uploads\/2024\/01\/40-pagina-10-periodico-regional-pasto.jpg\",\"contentUrl\":\"https:\/\/pagina10.com\/web\/wp-content\/uploads\/2024\/01\/40-pagina-10-periodico-regional-pasto.jpg\",\"width\":1280,\"height\":720,\"caption\":\"P\u00e1gina10\"},\"image\":{\"@id\":\"https:\/\/pagina10.com\/web\/#\/schema\/logo\/image\/\"},\"sameAs\":[\"https:\/\/www.facebook.com\/pag10com\",\"https:\/\/x.com\/Pag10com\",\"https:\/\/www.instagram.com\/pagina10col\/\",\"https:\/\/youtube.com\/channel\/pag10\",\"https:\/\/www.tiktok.com\/@p10col\"]},{\"@type\":\"Person\",\"@id\":\"https:\/\/pagina10.com\/web\/#\/schema\/person\/2efc4a090d25b667d3bc796798a3a81b\",\"name\":\"P\u00e1gina 10\",\"description\":\"P\u00e1gina 10 es un peri\u00f3dico regional que nace en Colombia, en el departamento de Nari\u00f1o, con un enfoque global, fundamentado en cuatro pilares esenciales: la libertad, el pluralismo, la inclusi\u00f3n y la independencia. P\u00e1gina 10 hace referencia a Nari\u00f1o como el d\u00e9cimo departamento creado en Colombia, despu\u00e9s de un proceso pol\u00edtico liderado por actores y actrices regionales con el fin de obtener la independencia y autonom\u00eda de nuestros territorios. Con la creaci\u00f3n de P\u00e1gina 10 se pretende abrir un escenario para el dialogo, la reflexi\u00f3n y el debate que se extienda a otras geograf\u00edas de Am\u00e9rica Latina y del planeta, en una apuesta por transformar colectivamente los desaf\u00edos de un mundo contempor\u00e1neo, m\u00e1s all\u00e1 de las fronteras impuestas.\",\"url\":\"https:\/\/pagina10.com\/web\/author\/pdiezadmin\/\"}]}<\/script>\n<!-- \/ Yoast SEO plugin. -->","yoast_head_json":{"title":"En Pasto lamentan muerte de reconocida dirigente Sonia Lucia Navia | P\u00e1gina10","robots":{"index":"index","follow":"follow","max-snippet":"max-snippet:-1","max-image-preview":"max-image-preview:large","max-video-preview":"max-video-preview:-1"},"canonical":"https:\/\/pagina10.com\/web\/en-pasto-lamentan-muerte-de-reconocida-dirigente-sonia-lucia-navia\/","og_locale":"es_ES","og_type":"article","og_title":"En Pasto lamentan muerte de reconocida dirigente Sonia Lucia Navia | P\u00e1gina10","og_description":"En las \u00faltimas horas familiares de la dirigente Sonia Lucia Navia confirmaron la noticia sobre su fallecimiento. Su deceso fue lamentado por reconocidos personajes de la pol\u00edtica nacional, entre ellos, el expresidente \u00c1lvaro Uribe V\u00e9lez, quien a trav\u00e9s de su cuenta de twitter envi\u00f3 un mensaje de condolencias a sus seres queridos. La destacada dirigente [&hellip;]","og_url":"https:\/\/pagina10.com\/web\/en-pasto-lamentan-muerte-de-reconocida-dirigente-sonia-lucia-navia\/","og_site_name":"P\u00e1gina10","article_publisher":"https:\/\/www.facebook.com\/pag10com","article_published_time":"2022-11-10T02:00:01+00:00","og_image":[{"width":2350,"height":1417,"url":"https:\/\/pagina10.com\/web\/wp-content\/uploads\/2022\/11\/308181810_1096661681213044_7486043186640880794_n-01-1.jpg","type":"image\/jpeg"}],"author":"P\u00e1gina 10","twitter_card":"summary_large_image","twitter_creator":"@Pag10com","twitter_site":"@Pag10com","twitter_misc":{"Escrito por":"P\u00e1gina 10","Tiempo de lectura":"2 minutos"},"schema":{"@context":"https:\/\/schema.org","@graph":[{"@type":"Article","@id":"https:\/\/pagina10.com\/web\/en-pasto-lamentan-muerte-de-reconocida-dirigente-sonia-lucia-navia\/#article","isPartOf":{"@id":"https:\/\/pagina10.com\/web\/en-pasto-lamentan-muerte-de-reconocida-dirigente-sonia-lucia-navia\/"},"author":{"name":"P\u00e1gina 10","@id":"https:\/\/pagina10.com\/web\/#\/schema\/person\/2efc4a090d25b667d3bc796798a3a81b"},"headline":"En Pasto lamentan muerte de reconocida dirigente Sonia Lucia Navia","datePublished":"2022-11-10T02:00:01+00:00","mainEntityOfPage":{"@id":"https:\/\/pagina10.com\/web\/en-pasto-lamentan-muerte-de-reconocida-dirigente-sonia-lucia-navia\/"},"wordCount":339,"commentCount":0,"publisher":{"@id":"https:\/\/pagina10.com\/web\/#organization"},"image":{"@id":"https:\/\/pagina10.com\/web\/en-pasto-lamentan-muerte-de-reconocida-dirigente-sonia-lucia-navia\/#primaryimage"},"thumbnailUrl":"https:\/\/pagina10.com\/web\/wp-content\/uploads\/2022\/11\/308181810_1096661681213044_7486043186640880794_n-01-1.jpg","articleSection":["Global"],"inLanguage":"es","potentialAction":[{"@type":"CommentAction","name":"Comment","target":["https:\/\/pagina10.com\/web\/en-pasto-lamentan-muerte-de-reconocida-dirigente-sonia-lucia-navia\/#respond"]}]},{"@type":"WebPage","@id":"https:\/\/pagina10.com\/web\/en-pasto-lamentan-muerte-de-reconocida-dirigente-sonia-lucia-navia\/","url":"https:\/\/pagina10.com\/web\/en-pasto-lamentan-muerte-de-reconocida-dirigente-sonia-lucia-navia\/","name":"En Pasto lamentan muerte de reconocida dirigente Sonia Lucia Navia | P\u00e1gina10","isPartOf":{"@id":"https:\/\/pagina10.com\/web\/#website"},"primaryImageOfPage":{"@id":"https:\/\/pagina10.com\/web\/en-pasto-lamentan-muerte-de-reconocida-dirigente-sonia-lucia-navia\/#primaryimage"},"image":{"@id":"https:\/\/pagina10.com\/web\/en-pasto-lamentan-muerte-de-reconocida-dirigente-sonia-lucia-navia\/#primaryimage"},"thumbnailUrl":"https:\/\/pagina10.com\/web\/wp-content\/uploads\/2022\/11\/308181810_1096661681213044_7486043186640880794_n-01-1.jpg","datePublished":"2022-11-10T02:00:01+00:00","breadcrumb":{"@id":"https:\/\/pagina10.com\/web\/en-pasto-lamentan-muerte-de-reconocida-dirigente-sonia-lucia-navia\/#breadcrumb"},"inLanguage":"es","potentialAction":[{"@type":"ReadAction","target":["https:\/\/pagina10.com\/web\/en-pasto-lamentan-muerte-de-reconocida-dirigente-sonia-lucia-navia\/"]}]},{"@type":"ImageObject","inLanguage":"es","@id":"https:\/\/pagina10.com\/web\/en-pasto-lamentan-muerte-de-reconocida-dirigente-sonia-lucia-navia\/#primaryimage","url":"https:\/\/pagina10.com\/web\/wp-content\/uploads\/2022\/11\/308181810_1096661681213044_7486043186640880794_n-01-1.jpg","contentUrl":"https:\/\/pagina10.com\/web\/wp-content\/uploads\/2022\/11\/308181810_1096661681213044_7486043186640880794_n-01-1.jpg","width":2350,"height":1417},{"@type":"BreadcrumbList","@id":"https:\/\/pagina10.com\/web\/en-pasto-lamentan-muerte-de-reconocida-dirigente-sonia-lucia-navia\/#breadcrumb","itemListElement":[{"@type":"ListItem","position":1,"name":"Portada","item":"https:\/\/pagina10.com\/web\/"},{"@type":"ListItem","position":2,"name":"En Pasto lamentan muerte de reconocida dirigente Sonia Lucia Navia"}]},{"@type":"WebSite","@id":"https:\/\/pagina10.com\/web\/#website","url":"https:\/\/pagina10.com\/web\/","name":"P\u00e1gina10","description":"Peri\u00f3dico Regional","publisher":{"@id":"https:\/\/pagina10.com\/web\/#organization"},"alternateName":"P\u00e1gina10 Peri\u00f3dico Regional","potentialAction":[{"@type":"SearchAction","target":{"@type":"EntryPoint","urlTemplate":"https:\/\/pagina10.com\/web\/?s={search_term_string}"},"query-input":{"@type":"PropertyValueSpecification","valueRequired":true,"valueName":"search_term_string"}}],"inLanguage":"es"},{"@type":"Organization","@id":"https:\/\/pagina10.com\/web\/#organization","name":"P\u00e1gina10","alternateName":"P\u00e1gina10 Peri\u00f3dico Regional","url":"https:\/\/pagina10.com\/web\/","logo":{"@type":"ImageObject","inLanguage":"es","@id":"https:\/\/pagina10.com\/web\/#\/schema\/logo\/image\/","url":"https:\/\/pagina10.com\/web\/wp-content\/uploads\/2024\/01\/40-pagina-10-periodico-regional-pasto.jpg","contentUrl":"https:\/\/pagina10.com\/web\/wp-content\/uploads\/2024\/01\/40-pagina-10-periodico-regional-pasto.jpg","width":1280,"height":720,"caption":"P\u00e1gina10"},"image":{"@id":"https:\/\/pagina10.com\/web\/#\/schema\/logo\/image\/"},"sameAs":["https:\/\/www.facebook.com\/pag10com","https:\/\/x.com\/Pag10com","https:\/\/www.instagram.com\/pagina10col\/","https:\/\/youtube.com\/channel\/pag10","https:\/\/www.tiktok.com\/@p10col"]},{"@type":"Person","@id":"https:\/\/pagina10.com\/web\/#\/schema\/person\/2efc4a090d25b667d3bc796798a3a81b","name":"P\u00e1gina 10","description":"P\u00e1gina 10 es un peri\u00f3dico regional que nace en Colombia, en el departamento de Nari\u00f1o, con un enfoque global, fundamentado en cuatro pilares esenciales: la libertad, el pluralismo, la inclusi\u00f3n y la independencia. P\u00e1gina 10 hace referencia a Nari\u00f1o como el d\u00e9cimo departamento creado en Colombia, despu\u00e9s de un proceso pol\u00edtico liderado por actores y actrices regionales con el fin de obtener la independencia y autonom\u00eda de nuestros territorios. Con la creaci\u00f3n de P\u00e1gina 10 se pretende abrir un escenario para el dialogo, la reflexi\u00f3n y el debate que se extienda a otras geograf\u00edas de Am\u00e9rica Latina y del planeta, en una apuesta por transformar colectivamente los desaf\u00edos de un mundo contempor\u00e1neo, m\u00e1s all\u00e1 de las fronteras impuestas.","url":"https:\/\/pagina10.com\/web\/author\/pdiezadmin\/"}]}},"_links":{"self":[{"href":"https:\/\/pagina10.com\/web\/wp-json\/wp\/v2\/posts\/62754","targetHints":{"allow":["GET"]}}],"collection":[{"href":"https:\/\/pagina10.com\/web\/wp-json\/wp\/v2\/posts"}],"about":[{"href":"https:\/\/pagina10.com\/web\/wp-json\/wp\/v2\/types\/post"}],"author":[{"embeddable":true,"href":"https:\/\/pagina10.com\/web\/wp-json\/wp\/v2\/users\/1"}],"replies":[{"embeddable":true,"href":"https:\/\/pagina10.com\/web\/wp-json\/wp\/v2\/comments?post=62754"}],"version-history":[{"count":1,"href":"https:\/\/pagina10.com\/web\/wp-json\/wp\/v2\/posts\/62754\/revisions"}],"predecessor-version":[{"id":62756,"href":"https:\/\/pagina10.com\/web\/wp-json\/wp\/v2\/posts\/62754\/revisions\/62756"}],"wp:featuredmedia":[{"embeddable":true,"href":"https:\/\/pagina10.com\/web\/wp-json\/wp\/v2\/media\/62755"}],"wp:attachment":[{"href":"https:\/\/pagina10.com\/web\/wp-json\/wp\/v2\/media?parent=62754"}],"wp:term":[{"taxonomy":"category","embeddable":true,"href":"https:\/\/pagina10.com\/web\/wp-json\/wp\/v2\/categories?post=62754"},{"taxonomy":"post_tag","embeddable":true,"href":"https:\/\/pagina10.com\/web\/wp-json\/wp\/v2\/tags?post=62754"}],"curies":[{"name":"wp","href":"https:\/\/api.w.org\/{rel}","templated":true}]}}