{"id":62766,"date":"2022-11-09T22:09:49","date_gmt":"2022-11-10T03:09:49","guid":{"rendered":"https:\/\/pagina10.com\/web\/?p=62766"},"modified":"2022-11-09T22:09:49","modified_gmt":"2022-11-10T03:09:49","slug":"alcalde-de-manizales-firmo-convenio-con-un-pais-no-reconocido-y-armo-tremenda-polemica","status":"publish","type":"post","link":"https:\/\/pagina10.com\/web\/alcalde-de-manizales-firmo-convenio-con-un-pais-no-reconocido-y-armo-tremenda-polemica\/","title":{"rendered":"Alcalde de Manizales firm\u00f3 convenio con un pa\u00eds no reconocido y arm\u00f3 tremenda pol\u00e9mica"},"content":{"rendered":"<p style=\"text-align: justify;\">El memorando de cooperaci\u00f3n suscrito entre el alcalde de Manizales Carlos Mario Mar\u00edn y Randy Thompson, representante legal del pa\u00eds Liberland, provoc\u00f3 una fuerte pol\u00e9mica debido a que esa naci\u00f3n no es reconocida ni por Colombia ni por ning\u00fan Estado en el mundo.<\/p>\n<p style=\"text-align: justify;\">Seg\u00fan el mandatario manizalita, el convenio le permitir\u00eda aprender ingl\u00e9s a cinco mil personas. \u201cAcordamos establecer relaciones diplom\u00e1ticas mutuas y de conformidad con el derecho internacional en particular a la convenci\u00f3n de Viena, sobre a las relaciones diplom\u00e1ticas, creamos capacidad para realizar futuros planes de trabajo y en equipo. Esperamos que nuestra ciudad pueda aportarle mucho a Liberland\u201d, se\u00f1al\u00f3.<\/p>\n<p style=\"text-align: justify;\">Sin embargo, a las pocas horas de su anuncio todas las publicaciones fueron borradas luego de los cuestionamientos hechos a Mar\u00edn ya que habr\u00eda excedido sus funciones como alcalde, debido a que el estado colombiano no ha reconocido a Liberland como una naci\u00f3n.<\/p>\n<p style=\"text-align: justify;\">En este sentido, la Alcald\u00eda public\u00f3 un comunicado donde especific\u00f3 que en el acuerdo gestionado por la Secretar\u00eda TIC y de la Competitividad, no estaban comprometidos los recursos p\u00fablicos y tampoco se dar\u00eda la calidad de pa\u00eds a Liberland. Y especificaron que las alcald\u00edas de Pereira y Santa Rosa de Cabal al igual que la Gobernaci\u00f3n de Risaralda, firmaron meses atr\u00e1s el mismo acuerdo.<\/p>\n","protected":false},"excerpt":{"rendered":"<p>El memorando de cooperaci\u00f3n suscrito entre el alcalde de Manizales Carlos Mario Mar\u00edn y Randy Thompson, representante legal del pa\u00eds Liberland, provoc\u00f3 una fuerte pol\u00e9mica debido a que esa naci\u00f3n no es reconocida ni por Colombia ni por ning\u00fan Estado en el mundo. Seg\u00fan el mandatario manizalita, el convenio le permitir\u00eda aprender ingl\u00e9s a cinco [&hellip;]<\/p>\n","protected":false},"author":1,"featured_media":62767,"comment_status":"open","ping_status":"open","sticky":false,"template":"","format":"standard","meta":{"footnotes":""},"categories":[84],"tags":[],"class_list":["post-62766","post","type-post","status-publish","format-standard","has-post-thumbnail","hentry","category-global-2"],"yoast_head":"<!-- This site is optimized with the Yoast SEO plugin v27.1.1 - https:\/\/yoast.com\/product\/yoast-seo-wordpress\/ -->\n<title>Alcalde de Manizales firm\u00f3 convenio con un pa\u00eds no reconocido y arm\u00f3 tremenda pol\u00e9mica | P\u00e1gina10<\/title>\n<meta name=\"robots\" content=\"index, follow, max-snippet:-1, max-image-preview:large, max-video-preview:-1\" \/>\n<link rel=\"canonical\" href=\"https:\/\/pagina10.com\/web\/alcalde-de-manizales-firmo-convenio-con-un-pais-no-reconocido-y-armo-tremenda-polemica\/\" \/>\n<meta property=\"og:locale\" content=\"es_ES\" \/>\n<meta property=\"og:type\" content=\"article\" \/>\n<meta property=\"og:title\" content=\"Alcalde de Manizales firm\u00f3 convenio con un pa\u00eds no reconocido y arm\u00f3 tremenda pol\u00e9mica | P\u00e1gina10\" \/>\n<meta property=\"og:description\" content=\"El memorando de cooperaci\u00f3n suscrito entre el alcalde de Manizales Carlos Mario Mar\u00edn y Randy Thompson, representante legal del pa\u00eds Liberland, provoc\u00f3 una fuerte pol\u00e9mica debido a que esa naci\u00f3n no es reconocida ni por Colombia ni por ning\u00fan Estado en el mundo. Seg\u00fan el mandatario manizalita, el convenio le permitir\u00eda aprender ingl\u00e9s a cinco [&hellip;]\" \/>\n<meta property=\"og:url\" content=\"https:\/\/pagina10.com\/web\/alcalde-de-manizales-firmo-convenio-con-un-pais-no-reconocido-y-armo-tremenda-polemica\/\" \/>\n<meta property=\"og:site_name\" content=\"P\u00e1gina10\" \/>\n<meta property=\"article:publisher\" content=\"https:\/\/www.facebook.com\/pag10com\" \/>\n<meta property=\"article:published_time\" content=\"2022-11-10T03:09:49+00:00\" \/>\n<meta property=\"og:image\" content=\"https:\/\/pagina10.com\/web\/wp-content\/uploads\/2022\/11\/perfil-carlos-mario-marin.jpg\" \/>\n\t<meta property=\"og:image:width\" content=\"900\" \/>\n\t<meta property=\"og:image:height\" content=\"506\" \/>\n\t<meta property=\"og:image:type\" content=\"image\/jpeg\" \/>\n<meta name=\"author\" content=\"P\u00e1gina 10\" \/>\n<meta name=\"twitter:card\" content=\"summary_large_image\" \/>\n<meta name=\"twitter:creator\" content=\"@Pag10com\" \/>\n<meta name=\"twitter:site\" content=\"@Pag10com\" \/>\n<meta name=\"twitter:label1\" content=\"Escrito por\" \/>\n\t<meta name=\"twitter:data1\" content=\"P\u00e1gina 10\" \/>\n\t<meta name=\"twitter:label2\" content=\"Tiempo de lectura\" \/>\n\t<meta name=\"twitter:data2\" content=\"1 minuto\" \/>\n<script type=\"application\/ld+json\" class=\"yoast-schema-graph\">{\"@context\":\"https:\/\/schema.org\",\"@graph\":[{\"@type\":\"Article\",\"@id\":\"https:\/\/pagina10.com\/web\/alcalde-de-manizales-firmo-convenio-con-un-pais-no-reconocido-y-armo-tremenda-polemica\/#article\",\"isPartOf\":{\"@id\":\"https:\/\/pagina10.com\/web\/alcalde-de-manizales-firmo-convenio-con-un-pais-no-reconocido-y-armo-tremenda-polemica\/\"},\"author\":{\"name\":\"P\u00e1gina 10\",\"@id\":\"https:\/\/pagina10.com\/web\/#\/schema\/person\/2efc4a090d25b667d3bc796798a3a81b\"},\"headline\":\"Alcalde de Manizales firm\u00f3 convenio con un pa\u00eds no reconocido y arm\u00f3 tremenda pol\u00e9mica\",\"datePublished\":\"2022-11-10T03:09:49+00:00\",\"mainEntityOfPage\":{\"@id\":\"https:\/\/pagina10.com\/web\/alcalde-de-manizales-firmo-convenio-con-un-pais-no-reconocido-y-armo-tremenda-polemica\/\"},\"wordCount\":249,\"commentCount\":0,\"publisher\":{\"@id\":\"https:\/\/pagina10.com\/web\/#organization\"},\"image\":{\"@id\":\"https:\/\/pagina10.com\/web\/alcalde-de-manizales-firmo-convenio-con-un-pais-no-reconocido-y-armo-tremenda-polemica\/#primaryimage\"},\"thumbnailUrl\":\"https:\/\/pagina10.com\/web\/wp-content\/uploads\/2022\/11\/perfil-carlos-mario-marin.jpg\",\"articleSection\":[\"Global\"],\"inLanguage\":\"es\",\"potentialAction\":[{\"@type\":\"CommentAction\",\"name\":\"Comment\",\"target\":[\"https:\/\/pagina10.com\/web\/alcalde-de-manizales-firmo-convenio-con-un-pais-no-reconocido-y-armo-tremenda-polemica\/#respond\"]}]},{\"@type\":\"WebPage\",\"@id\":\"https:\/\/pagina10.com\/web\/alcalde-de-manizales-firmo-convenio-con-un-pais-no-reconocido-y-armo-tremenda-polemica\/\",\"url\":\"https:\/\/pagina10.com\/web\/alcalde-de-manizales-firmo-convenio-con-un-pais-no-reconocido-y-armo-tremenda-polemica\/\",\"name\":\"Alcalde de Manizales firm\u00f3 convenio con un pa\u00eds no reconocido y arm\u00f3 tremenda pol\u00e9mica | P\u00e1gina10\",\"isPartOf\":{\"@id\":\"https:\/\/pagina10.com\/web\/#website\"},\"primaryImageOfPage\":{\"@id\":\"https:\/\/pagina10.com\/web\/alcalde-de-manizales-firmo-convenio-con-un-pais-no-reconocido-y-armo-tremenda-polemica\/#primaryimage\"},\"image\":{\"@id\":\"https:\/\/pagina10.com\/web\/alcalde-de-manizales-firmo-convenio-con-un-pais-no-reconocido-y-armo-tremenda-polemica\/#primaryimage\"},\"thumbnailUrl\":\"https:\/\/pagina10.com\/web\/wp-content\/uploads\/2022\/11\/perfil-carlos-mario-marin.jpg\",\"datePublished\":\"2022-11-10T03:09:49+00:00\",\"breadcrumb\":{\"@id\":\"https:\/\/pagina10.com\/web\/alcalde-de-manizales-firmo-convenio-con-un-pais-no-reconocido-y-armo-tremenda-polemica\/#breadcrumb\"},\"inLanguage\":\"es\",\"potentialAction\":[{\"@type\":\"ReadAction\",\"target\":[\"https:\/\/pagina10.com\/web\/alcalde-de-manizales-firmo-convenio-con-un-pais-no-reconocido-y-armo-tremenda-polemica\/\"]}]},{\"@type\":\"ImageObject\",\"inLanguage\":\"es\",\"@id\":\"https:\/\/pagina10.com\/web\/alcalde-de-manizales-firmo-convenio-con-un-pais-no-reconocido-y-armo-tremenda-polemica\/#primaryimage\",\"url\":\"https:\/\/pagina10.com\/web\/wp-content\/uploads\/2022\/11\/perfil-carlos-mario-marin.jpg\",\"contentUrl\":\"https:\/\/pagina10.com\/web\/wp-content\/uploads\/2022\/11\/perfil-carlos-mario-marin.jpg\",\"width\":900,\"height\":506},{\"@type\":\"BreadcrumbList\",\"@id\":\"https:\/\/pagina10.com\/web\/alcalde-de-manizales-firmo-convenio-con-un-pais-no-reconocido-y-armo-tremenda-polemica\/#breadcrumb\",\"itemListElement\":[{\"@type\":\"ListItem\",\"position\":1,\"name\":\"Portada\",\"item\":\"https:\/\/pagina10.com\/web\/\"},{\"@type\":\"ListItem\",\"position\":2,\"name\":\"Alcalde de Manizales firm\u00f3 convenio con un pa\u00eds no reconocido y arm\u00f3 tremenda pol\u00e9mica\"}]},{\"@type\":\"WebSite\",\"@id\":\"https:\/\/pagina10.com\/web\/#website\",\"url\":\"https:\/\/pagina10.com\/web\/\",\"name\":\"P\u00e1gina10\",\"description\":\"Peri\u00f3dico Regional\",\"publisher\":{\"@id\":\"https:\/\/pagina10.com\/web\/#organization\"},\"alternateName\":\"P\u00e1gina10 Peri\u00f3dico Regional\",\"potentialAction\":[{\"@type\":\"SearchAction\",\"target\":{\"@type\":\"EntryPoint\",\"urlTemplate\":\"https:\/\/pagina10.com\/web\/?s={search_term_string}\"},\"query-input\":{\"@type\":\"PropertyValueSpecification\",\"valueRequired\":true,\"valueName\":\"search_term_string\"}}],\"inLanguage\":\"es\"},{\"@type\":\"Organization\",\"@id\":\"https:\/\/pagina10.com\/web\/#organization\",\"name\":\"P\u00e1gina10\",\"alternateName\":\"P\u00e1gina10 Peri\u00f3dico Regional\",\"url\":\"https:\/\/pagina10.com\/web\/\",\"logo\":{\"@type\":\"ImageObject\",\"inLanguage\":\"es\",\"@id\":\"https:\/\/pagina10.com\/web\/#\/schema\/logo\/image\/\",\"url\":\"https:\/\/pagina10.com\/web\/wp-content\/uploads\/2024\/01\/40-pagina-10-periodico-regional-pasto.jpg\",\"contentUrl\":\"https:\/\/pagina10.com\/web\/wp-content\/uploads\/2024\/01\/40-pagina-10-periodico-regional-pasto.jpg\",\"width\":1280,\"height\":720,\"caption\":\"P\u00e1gina10\"},\"image\":{\"@id\":\"https:\/\/pagina10.com\/web\/#\/schema\/logo\/image\/\"},\"sameAs\":[\"https:\/\/www.facebook.com\/pag10com\",\"https:\/\/x.com\/Pag10com\",\"https:\/\/www.instagram.com\/pagina10col\/\",\"https:\/\/youtube.com\/channel\/pag10\",\"https:\/\/www.tiktok.com\/@p10col\"]},{\"@type\":\"Person\",\"@id\":\"https:\/\/pagina10.com\/web\/#\/schema\/person\/2efc4a090d25b667d3bc796798a3a81b\",\"name\":\"P\u00e1gina 10\",\"description\":\"P\u00e1gina 10 es un peri\u00f3dico regional que nace en Colombia, en el departamento de Nari\u00f1o, con un enfoque global, fundamentado en cuatro pilares esenciales: la libertad, el pluralismo, la inclusi\u00f3n y la independencia. P\u00e1gina 10 hace referencia a Nari\u00f1o como el d\u00e9cimo departamento creado en Colombia, despu\u00e9s de un proceso pol\u00edtico liderado por actores y actrices regionales con el fin de obtener la independencia y autonom\u00eda de nuestros territorios. Con la creaci\u00f3n de P\u00e1gina 10 se pretende abrir un escenario para el dialogo, la reflexi\u00f3n y el debate que se extienda a otras geograf\u00edas de Am\u00e9rica Latina y del planeta, en una apuesta por transformar colectivamente los desaf\u00edos de un mundo contempor\u00e1neo, m\u00e1s all\u00e1 de las fronteras impuestas.\",\"url\":\"https:\/\/pagina10.com\/web\/author\/pdiezadmin\/\"}]}<\/script>\n<!-- \/ Yoast SEO plugin. -->","yoast_head_json":{"title":"Alcalde de Manizales firm\u00f3 convenio con un pa\u00eds no reconocido y arm\u00f3 tremenda pol\u00e9mica | P\u00e1gina10","robots":{"index":"index","follow":"follow","max-snippet":"max-snippet:-1","max-image-preview":"max-image-preview:large","max-video-preview":"max-video-preview:-1"},"canonical":"https:\/\/pagina10.com\/web\/alcalde-de-manizales-firmo-convenio-con-un-pais-no-reconocido-y-armo-tremenda-polemica\/","og_locale":"es_ES","og_type":"article","og_title":"Alcalde de Manizales firm\u00f3 convenio con un pa\u00eds no reconocido y arm\u00f3 tremenda pol\u00e9mica | P\u00e1gina10","og_description":"El memorando de cooperaci\u00f3n suscrito entre el alcalde de Manizales Carlos Mario Mar\u00edn y Randy Thompson, representante legal del pa\u00eds Liberland, provoc\u00f3 una fuerte pol\u00e9mica debido a que esa naci\u00f3n no es reconocida ni por Colombia ni por ning\u00fan Estado en el mundo. Seg\u00fan el mandatario manizalita, el convenio le permitir\u00eda aprender ingl\u00e9s a cinco [&hellip;]","og_url":"https:\/\/pagina10.com\/web\/alcalde-de-manizales-firmo-convenio-con-un-pais-no-reconocido-y-armo-tremenda-polemica\/","og_site_name":"P\u00e1gina10","article_publisher":"https:\/\/www.facebook.com\/pag10com","article_published_time":"2022-11-10T03:09:49+00:00","og_image":[{"width":900,"height":506,"url":"https:\/\/pagina10.com\/web\/wp-content\/uploads\/2022\/11\/perfil-carlos-mario-marin.jpg","type":"image\/jpeg"}],"author":"P\u00e1gina 10","twitter_card":"summary_large_image","twitter_creator":"@Pag10com","twitter_site":"@Pag10com","twitter_misc":{"Escrito por":"P\u00e1gina 10","Tiempo de lectura":"1 minuto"},"schema":{"@context":"https:\/\/schema.org","@graph":[{"@type":"Article","@id":"https:\/\/pagina10.com\/web\/alcalde-de-manizales-firmo-convenio-con-un-pais-no-reconocido-y-armo-tremenda-polemica\/#article","isPartOf":{"@id":"https:\/\/pagina10.com\/web\/alcalde-de-manizales-firmo-convenio-con-un-pais-no-reconocido-y-armo-tremenda-polemica\/"},"author":{"name":"P\u00e1gina 10","@id":"https:\/\/pagina10.com\/web\/#\/schema\/person\/2efc4a090d25b667d3bc796798a3a81b"},"headline":"Alcalde de Manizales firm\u00f3 convenio con un pa\u00eds no reconocido y arm\u00f3 tremenda pol\u00e9mica","datePublished":"2022-11-10T03:09:49+00:00","mainEntityOfPage":{"@id":"https:\/\/pagina10.com\/web\/alcalde-de-manizales-firmo-convenio-con-un-pais-no-reconocido-y-armo-tremenda-polemica\/"},"wordCount":249,"commentCount":0,"publisher":{"@id":"https:\/\/pagina10.com\/web\/#organization"},"image":{"@id":"https:\/\/pagina10.com\/web\/alcalde-de-manizales-firmo-convenio-con-un-pais-no-reconocido-y-armo-tremenda-polemica\/#primaryimage"},"thumbnailUrl":"https:\/\/pagina10.com\/web\/wp-content\/uploads\/2022\/11\/perfil-carlos-mario-marin.jpg","articleSection":["Global"],"inLanguage":"es","potentialAction":[{"@type":"CommentAction","name":"Comment","target":["https:\/\/pagina10.com\/web\/alcalde-de-manizales-firmo-convenio-con-un-pais-no-reconocido-y-armo-tremenda-polemica\/#respond"]}]},{"@type":"WebPage","@id":"https:\/\/pagina10.com\/web\/alcalde-de-manizales-firmo-convenio-con-un-pais-no-reconocido-y-armo-tremenda-polemica\/","url":"https:\/\/pagina10.com\/web\/alcalde-de-manizales-firmo-convenio-con-un-pais-no-reconocido-y-armo-tremenda-polemica\/","name":"Alcalde de Manizales firm\u00f3 convenio con un pa\u00eds no reconocido y arm\u00f3 tremenda pol\u00e9mica | P\u00e1gina10","isPartOf":{"@id":"https:\/\/pagina10.com\/web\/#website"},"primaryImageOfPage":{"@id":"https:\/\/pagina10.com\/web\/alcalde-de-manizales-firmo-convenio-con-un-pais-no-reconocido-y-armo-tremenda-polemica\/#primaryimage"},"image":{"@id":"https:\/\/pagina10.com\/web\/alcalde-de-manizales-firmo-convenio-con-un-pais-no-reconocido-y-armo-tremenda-polemica\/#primaryimage"},"thumbnailUrl":"https:\/\/pagina10.com\/web\/wp-content\/uploads\/2022\/11\/perfil-carlos-mario-marin.jpg","datePublished":"2022-11-10T03:09:49+00:00","breadcrumb":{"@id":"https:\/\/pagina10.com\/web\/alcalde-de-manizales-firmo-convenio-con-un-pais-no-reconocido-y-armo-tremenda-polemica\/#breadcrumb"},"inLanguage":"es","potentialAction":[{"@type":"ReadAction","target":["https:\/\/pagina10.com\/web\/alcalde-de-manizales-firmo-convenio-con-un-pais-no-reconocido-y-armo-tremenda-polemica\/"]}]},{"@type":"ImageObject","inLanguage":"es","@id":"https:\/\/pagina10.com\/web\/alcalde-de-manizales-firmo-convenio-con-un-pais-no-reconocido-y-armo-tremenda-polemica\/#primaryimage","url":"https:\/\/pagina10.com\/web\/wp-content\/uploads\/2022\/11\/perfil-carlos-mario-marin.jpg","contentUrl":"https:\/\/pagina10.com\/web\/wp-content\/uploads\/2022\/11\/perfil-carlos-mario-marin.jpg","width":900,"height":506},{"@type":"BreadcrumbList","@id":"https:\/\/pagina10.com\/web\/alcalde-de-manizales-firmo-convenio-con-un-pais-no-reconocido-y-armo-tremenda-polemica\/#breadcrumb","itemListElement":[{"@type":"ListItem","position":1,"name":"Portada","item":"https:\/\/pagina10.com\/web\/"},{"@type":"ListItem","position":2,"name":"Alcalde de Manizales firm\u00f3 convenio con un pa\u00eds no reconocido y arm\u00f3 tremenda pol\u00e9mica"}]},{"@type":"WebSite","@id":"https:\/\/pagina10.com\/web\/#website","url":"https:\/\/pagina10.com\/web\/","name":"P\u00e1gina10","description":"Peri\u00f3dico Regional","publisher":{"@id":"https:\/\/pagina10.com\/web\/#organization"},"alternateName":"P\u00e1gina10 Peri\u00f3dico Regional","potentialAction":[{"@type":"SearchAction","target":{"@type":"EntryPoint","urlTemplate":"https:\/\/pagina10.com\/web\/?s={search_term_string}"},"query-input":{"@type":"PropertyValueSpecification","valueRequired":true,"valueName":"search_term_string"}}],"inLanguage":"es"},{"@type":"Organization","@id":"https:\/\/pagina10.com\/web\/#organization","name":"P\u00e1gina10","alternateName":"P\u00e1gina10 Peri\u00f3dico Regional","url":"https:\/\/pagina10.com\/web\/","logo":{"@type":"ImageObject","inLanguage":"es","@id":"https:\/\/pagina10.com\/web\/#\/schema\/logo\/image\/","url":"https:\/\/pagina10.com\/web\/wp-content\/uploads\/2024\/01\/40-pagina-10-periodico-regional-pasto.jpg","contentUrl":"https:\/\/pagina10.com\/web\/wp-content\/uploads\/2024\/01\/40-pagina-10-periodico-regional-pasto.jpg","width":1280,"height":720,"caption":"P\u00e1gina10"},"image":{"@id":"https:\/\/pagina10.com\/web\/#\/schema\/logo\/image\/"},"sameAs":["https:\/\/www.facebook.com\/pag10com","https:\/\/x.com\/Pag10com","https:\/\/www.instagram.com\/pagina10col\/","https:\/\/youtube.com\/channel\/pag10","https:\/\/www.tiktok.com\/@p10col"]},{"@type":"Person","@id":"https:\/\/pagina10.com\/web\/#\/schema\/person\/2efc4a090d25b667d3bc796798a3a81b","name":"P\u00e1gina 10","description":"P\u00e1gina 10 es un peri\u00f3dico regional que nace en Colombia, en el departamento de Nari\u00f1o, con un enfoque global, fundamentado en cuatro pilares esenciales: la libertad, el pluralismo, la inclusi\u00f3n y la independencia. P\u00e1gina 10 hace referencia a Nari\u00f1o como el d\u00e9cimo departamento creado en Colombia, despu\u00e9s de un proceso pol\u00edtico liderado por actores y actrices regionales con el fin de obtener la independencia y autonom\u00eda de nuestros territorios. Con la creaci\u00f3n de P\u00e1gina 10 se pretende abrir un escenario para el dialogo, la reflexi\u00f3n y el debate que se extienda a otras geograf\u00edas de Am\u00e9rica Latina y del planeta, en una apuesta por transformar colectivamente los desaf\u00edos de un mundo contempor\u00e1neo, m\u00e1s all\u00e1 de las fronteras impuestas.","url":"https:\/\/pagina10.com\/web\/author\/pdiezadmin\/"}]}},"_links":{"self":[{"href":"https:\/\/pagina10.com\/web\/wp-json\/wp\/v2\/posts\/62766","targetHints":{"allow":["GET"]}}],"collection":[{"href":"https:\/\/pagina10.com\/web\/wp-json\/wp\/v2\/posts"}],"about":[{"href":"https:\/\/pagina10.com\/web\/wp-json\/wp\/v2\/types\/post"}],"author":[{"embeddable":true,"href":"https:\/\/pagina10.com\/web\/wp-json\/wp\/v2\/users\/1"}],"replies":[{"embeddable":true,"href":"https:\/\/pagina10.com\/web\/wp-json\/wp\/v2\/comments?post=62766"}],"version-history":[{"count":1,"href":"https:\/\/pagina10.com\/web\/wp-json\/wp\/v2\/posts\/62766\/revisions"}],"predecessor-version":[{"id":62768,"href":"https:\/\/pagina10.com\/web\/wp-json\/wp\/v2\/posts\/62766\/revisions\/62768"}],"wp:featuredmedia":[{"embeddable":true,"href":"https:\/\/pagina10.com\/web\/wp-json\/wp\/v2\/media\/62767"}],"wp:attachment":[{"href":"https:\/\/pagina10.com\/web\/wp-json\/wp\/v2\/media?parent=62766"}],"wp:term":[{"taxonomy":"category","embeddable":true,"href":"https:\/\/pagina10.com\/web\/wp-json\/wp\/v2\/categories?post=62766"},{"taxonomy":"post_tag","embeddable":true,"href":"https:\/\/pagina10.com\/web\/wp-json\/wp\/v2\/tags?post=62766"}],"curies":[{"name":"wp","href":"https:\/\/api.w.org\/{rel}","templated":true}]}}