{"id":62769,"date":"2022-11-10T20:21:39","date_gmt":"2022-11-11T01:21:39","guid":{"rendered":"https:\/\/pagina10.com\/web\/?p=62769"},"modified":"2022-11-10T20:21:39","modified_gmt":"2022-11-11T01:21:39","slug":"tumaquena-se-posesiono-como-viceministra-de-talento-y-apropiacion-social-del-minciencias","status":"publish","type":"post","link":"https:\/\/pagina10.com\/web\/tumaquena-se-posesiono-como-viceministra-de-talento-y-apropiacion-social-del-minciencias\/","title":{"rendered":"Tumaque\u00f1a se posesion\u00f3 como viceministra de Talento y Apropiaci\u00f3n Social del Minciencias"},"content":{"rendered":"<p style=\"text-align: justify;\">Ante el ministro de Ciencia, Tecnolog\u00eda e Innovaci\u00f3n de Colombia, Arturo Luna, se posesion\u00f3 la tumaque\u00f1a Yesenia Olaya Requene como nueva viceministra de Talento y Apropiaci\u00f3n Social del Conocimiento.<\/p>\n<p style=\"text-align: justify;\">\u201cGracias por la confianza al gobierno del cambio @petrogustavo, @FranciaMarquezM y @arturolunat. Asumo el compromiso de promover la democratizaci\u00f3n de la ciencia y la justicia racial en el pa\u00eds\u201d, se\u00f1al\u00f3 la funcionaria que se suma a los otros nueve nari\u00f1enses que hacen parte de la Presidencia de la Rep\u00fablica.<\/p>\n<p style=\"text-align: justify;\">Olaya Requene es soci\u00f3loga de la Universidad de Caldas y tiene un doctorado en Antropolog\u00eda de la Universidad Nacional Aut\u00f3noma de M\u00e9xico, donde tambi\u00e9n realiz\u00f3 una maestr\u00eda en pedagog\u00eda. Se ha desempe\u00f1ado como coordinadora acad\u00e9mica del Certificado en Estudios Afrolatinoamericanos del Afro-Latin American Research Institute de Harvard University y ha sido docente de grado y posgrado en varias universidades de Am\u00e9rica Latina.<\/p>\n<p style=\"text-align: justify;\">\u201cLa viceministra, @YeseniaOlayaR, representa a la di\u00e1spora de colombian@s que construyen ciencia y pa\u00eds en cada uno de los espacios acad\u00e9micos y de investigaci\u00f3n en el mundo. Para ella, los mejores \u00e9xitos en esta nueva labor en @MincienciasCo\u201d, se\u00f1al\u00f3 el ministro Luna.<\/p>\n","protected":false},"excerpt":{"rendered":"<p>Ante el ministro de Ciencia, Tecnolog\u00eda e Innovaci\u00f3n de Colombia, Arturo Luna, se posesion\u00f3 la tumaque\u00f1a Yesenia Olaya Requene como nueva viceministra de Talento y Apropiaci\u00f3n Social del Conocimiento. \u201cGracias por la confianza al gobierno del cambio @petrogustavo, @FranciaMarquezM y @arturolunat. Asumo el compromiso de promover la democratizaci\u00f3n de la ciencia y la justicia racial [&hellip;]<\/p>\n","protected":false},"author":1,"featured_media":62770,"comment_status":"open","ping_status":"open","sticky":false,"template":"","format":"standard","meta":{"footnotes":""},"categories":[94],"tags":[],"class_list":["post-62769","post","type-post","status-publish","format-standard","has-post-thumbnail","hentry","category-nacional-global-2"],"yoast_head":"<!-- This site is optimized with the Yoast SEO plugin v27.1.1 - https:\/\/yoast.com\/product\/yoast-seo-wordpress\/ -->\n<title>Tumaque\u00f1a se posesion\u00f3 como viceministra de Talento y Apropiaci\u00f3n Social del Minciencias | P\u00e1gina10<\/title>\n<meta name=\"robots\" content=\"index, follow, max-snippet:-1, max-image-preview:large, max-video-preview:-1\" \/>\n<link rel=\"canonical\" href=\"https:\/\/pagina10.com\/web\/tumaquena-se-posesiono-como-viceministra-de-talento-y-apropiacion-social-del-minciencias\/\" \/>\n<meta property=\"og:locale\" content=\"es_ES\" \/>\n<meta property=\"og:type\" content=\"article\" \/>\n<meta property=\"og:title\" content=\"Tumaque\u00f1a se posesion\u00f3 como viceministra de Talento y Apropiaci\u00f3n Social del Minciencias | P\u00e1gina10\" \/>\n<meta property=\"og:description\" content=\"Ante el ministro de Ciencia, Tecnolog\u00eda e Innovaci\u00f3n de Colombia, Arturo Luna, se posesion\u00f3 la tumaque\u00f1a Yesenia Olaya Requene como nueva viceministra de Talento y Apropiaci\u00f3n Social del Conocimiento. \u201cGracias por la confianza al gobierno del cambio @petrogustavo, @FranciaMarquezM y @arturolunat. Asumo el compromiso de promover la democratizaci\u00f3n de la ciencia y la justicia racial [&hellip;]\" \/>\n<meta property=\"og:url\" content=\"https:\/\/pagina10.com\/web\/tumaquena-se-posesiono-como-viceministra-de-talento-y-apropiacion-social-del-minciencias\/\" \/>\n<meta property=\"og:site_name\" content=\"P\u00e1gina10\" \/>\n<meta property=\"article:publisher\" content=\"https:\/\/www.facebook.com\/pag10com\" \/>\n<meta property=\"article:published_time\" content=\"2022-11-11T01:21:39+00:00\" \/>\n<meta property=\"og:image\" content=\"https:\/\/pagina10.com\/web\/wp-content\/uploads\/2022\/11\/FhPB4MjWAAI_ZAF.jpg\" \/>\n\t<meta property=\"og:image:width\" content=\"1280\" \/>\n\t<meta property=\"og:image:height\" content=\"842\" \/>\n\t<meta property=\"og:image:type\" content=\"image\/jpeg\" \/>\n<meta name=\"author\" content=\"P\u00e1gina 10\" \/>\n<meta name=\"twitter:card\" content=\"summary_large_image\" \/>\n<meta name=\"twitter:creator\" content=\"@Pag10com\" \/>\n<meta name=\"twitter:site\" content=\"@Pag10com\" \/>\n<meta name=\"twitter:label1\" content=\"Escrito por\" \/>\n\t<meta name=\"twitter:data1\" content=\"P\u00e1gina 10\" \/>\n\t<meta name=\"twitter:label2\" content=\"Tiempo de lectura\" \/>\n\t<meta name=\"twitter:data2\" content=\"1 minuto\" \/>\n<script type=\"application\/ld+json\" class=\"yoast-schema-graph\">{\"@context\":\"https:\/\/schema.org\",\"@graph\":[{\"@type\":\"Article\",\"@id\":\"https:\/\/pagina10.com\/web\/tumaquena-se-posesiono-como-viceministra-de-talento-y-apropiacion-social-del-minciencias\/#article\",\"isPartOf\":{\"@id\":\"https:\/\/pagina10.com\/web\/tumaquena-se-posesiono-como-viceministra-de-talento-y-apropiacion-social-del-minciencias\/\"},\"author\":{\"name\":\"P\u00e1gina 10\",\"@id\":\"https:\/\/pagina10.com\/web\/#\/schema\/person\/2efc4a090d25b667d3bc796798a3a81b\"},\"headline\":\"Tumaque\u00f1a se posesion\u00f3 como viceministra de Talento y Apropiaci\u00f3n Social del Minciencias\",\"datePublished\":\"2022-11-11T01:21:39+00:00\",\"mainEntityOfPage\":{\"@id\":\"https:\/\/pagina10.com\/web\/tumaquena-se-posesiono-como-viceministra-de-talento-y-apropiacion-social-del-minciencias\/\"},\"wordCount\":221,\"commentCount\":0,\"publisher\":{\"@id\":\"https:\/\/pagina10.com\/web\/#organization\"},\"image\":{\"@id\":\"https:\/\/pagina10.com\/web\/tumaquena-se-posesiono-como-viceministra-de-talento-y-apropiacion-social-del-minciencias\/#primaryimage\"},\"thumbnailUrl\":\"https:\/\/pagina10.com\/web\/wp-content\/uploads\/2022\/11\/FhPB4MjWAAI_ZAF.jpg\",\"articleSection\":[\"Nacional\"],\"inLanguage\":\"es\",\"potentialAction\":[{\"@type\":\"CommentAction\",\"name\":\"Comment\",\"target\":[\"https:\/\/pagina10.com\/web\/tumaquena-se-posesiono-como-viceministra-de-talento-y-apropiacion-social-del-minciencias\/#respond\"]}]},{\"@type\":\"WebPage\",\"@id\":\"https:\/\/pagina10.com\/web\/tumaquena-se-posesiono-como-viceministra-de-talento-y-apropiacion-social-del-minciencias\/\",\"url\":\"https:\/\/pagina10.com\/web\/tumaquena-se-posesiono-como-viceministra-de-talento-y-apropiacion-social-del-minciencias\/\",\"name\":\"Tumaque\u00f1a se posesion\u00f3 como viceministra de Talento y Apropiaci\u00f3n Social del Minciencias | P\u00e1gina10\",\"isPartOf\":{\"@id\":\"https:\/\/pagina10.com\/web\/#website\"},\"primaryImageOfPage\":{\"@id\":\"https:\/\/pagina10.com\/web\/tumaquena-se-posesiono-como-viceministra-de-talento-y-apropiacion-social-del-minciencias\/#primaryimage\"},\"image\":{\"@id\":\"https:\/\/pagina10.com\/web\/tumaquena-se-posesiono-como-viceministra-de-talento-y-apropiacion-social-del-minciencias\/#primaryimage\"},\"thumbnailUrl\":\"https:\/\/pagina10.com\/web\/wp-content\/uploads\/2022\/11\/FhPB4MjWAAI_ZAF.jpg\",\"datePublished\":\"2022-11-11T01:21:39+00:00\",\"breadcrumb\":{\"@id\":\"https:\/\/pagina10.com\/web\/tumaquena-se-posesiono-como-viceministra-de-talento-y-apropiacion-social-del-minciencias\/#breadcrumb\"},\"inLanguage\":\"es\",\"potentialAction\":[{\"@type\":\"ReadAction\",\"target\":[\"https:\/\/pagina10.com\/web\/tumaquena-se-posesiono-como-viceministra-de-talento-y-apropiacion-social-del-minciencias\/\"]}]},{\"@type\":\"ImageObject\",\"inLanguage\":\"es\",\"@id\":\"https:\/\/pagina10.com\/web\/tumaquena-se-posesiono-como-viceministra-de-talento-y-apropiacion-social-del-minciencias\/#primaryimage\",\"url\":\"https:\/\/pagina10.com\/web\/wp-content\/uploads\/2022\/11\/FhPB4MjWAAI_ZAF.jpg\",\"contentUrl\":\"https:\/\/pagina10.com\/web\/wp-content\/uploads\/2022\/11\/FhPB4MjWAAI_ZAF.jpg\",\"width\":1280,\"height\":842},{\"@type\":\"BreadcrumbList\",\"@id\":\"https:\/\/pagina10.com\/web\/tumaquena-se-posesiono-como-viceministra-de-talento-y-apropiacion-social-del-minciencias\/#breadcrumb\",\"itemListElement\":[{\"@type\":\"ListItem\",\"position\":1,\"name\":\"Portada\",\"item\":\"https:\/\/pagina10.com\/web\/\"},{\"@type\":\"ListItem\",\"position\":2,\"name\":\"Tumaque\u00f1a se posesion\u00f3 como viceministra de Talento y Apropiaci\u00f3n Social del Minciencias\"}]},{\"@type\":\"WebSite\",\"@id\":\"https:\/\/pagina10.com\/web\/#website\",\"url\":\"https:\/\/pagina10.com\/web\/\",\"name\":\"P\u00e1gina10\",\"description\":\"Peri\u00f3dico Regional\",\"publisher\":{\"@id\":\"https:\/\/pagina10.com\/web\/#organization\"},\"alternateName\":\"P\u00e1gina10 Peri\u00f3dico Regional\",\"potentialAction\":[{\"@type\":\"SearchAction\",\"target\":{\"@type\":\"EntryPoint\",\"urlTemplate\":\"https:\/\/pagina10.com\/web\/?s={search_term_string}\"},\"query-input\":{\"@type\":\"PropertyValueSpecification\",\"valueRequired\":true,\"valueName\":\"search_term_string\"}}],\"inLanguage\":\"es\"},{\"@type\":\"Organization\",\"@id\":\"https:\/\/pagina10.com\/web\/#organization\",\"name\":\"P\u00e1gina10\",\"alternateName\":\"P\u00e1gina10 Peri\u00f3dico Regional\",\"url\":\"https:\/\/pagina10.com\/web\/\",\"logo\":{\"@type\":\"ImageObject\",\"inLanguage\":\"es\",\"@id\":\"https:\/\/pagina10.com\/web\/#\/schema\/logo\/image\/\",\"url\":\"https:\/\/pagina10.com\/web\/wp-content\/uploads\/2024\/01\/40-pagina-10-periodico-regional-pasto.jpg\",\"contentUrl\":\"https:\/\/pagina10.com\/web\/wp-content\/uploads\/2024\/01\/40-pagina-10-periodico-regional-pasto.jpg\",\"width\":1280,\"height\":720,\"caption\":\"P\u00e1gina10\"},\"image\":{\"@id\":\"https:\/\/pagina10.com\/web\/#\/schema\/logo\/image\/\"},\"sameAs\":[\"https:\/\/www.facebook.com\/pag10com\",\"https:\/\/x.com\/Pag10com\",\"https:\/\/www.instagram.com\/pagina10col\/\",\"https:\/\/youtube.com\/channel\/pag10\",\"https:\/\/www.tiktok.com\/@p10col\"]},{\"@type\":\"Person\",\"@id\":\"https:\/\/pagina10.com\/web\/#\/schema\/person\/2efc4a090d25b667d3bc796798a3a81b\",\"name\":\"P\u00e1gina 10\",\"description\":\"P\u00e1gina 10 es un peri\u00f3dico regional que nace en Colombia, en el departamento de Nari\u00f1o, con un enfoque global, fundamentado en cuatro pilares esenciales: la libertad, el pluralismo, la inclusi\u00f3n y la independencia. P\u00e1gina 10 hace referencia a Nari\u00f1o como el d\u00e9cimo departamento creado en Colombia, despu\u00e9s de un proceso pol\u00edtico liderado por actores y actrices regionales con el fin de obtener la independencia y autonom\u00eda de nuestros territorios. Con la creaci\u00f3n de P\u00e1gina 10 se pretende abrir un escenario para el dialogo, la reflexi\u00f3n y el debate que se extienda a otras geograf\u00edas de Am\u00e9rica Latina y del planeta, en una apuesta por transformar colectivamente los desaf\u00edos de un mundo contempor\u00e1neo, m\u00e1s all\u00e1 de las fronteras impuestas.\",\"url\":\"https:\/\/pagina10.com\/web\/author\/pdiezadmin\/\"}]}<\/script>\n<!-- \/ Yoast SEO plugin. -->","yoast_head_json":{"title":"Tumaque\u00f1a se posesion\u00f3 como viceministra de Talento y Apropiaci\u00f3n Social del Minciencias | P\u00e1gina10","robots":{"index":"index","follow":"follow","max-snippet":"max-snippet:-1","max-image-preview":"max-image-preview:large","max-video-preview":"max-video-preview:-1"},"canonical":"https:\/\/pagina10.com\/web\/tumaquena-se-posesiono-como-viceministra-de-talento-y-apropiacion-social-del-minciencias\/","og_locale":"es_ES","og_type":"article","og_title":"Tumaque\u00f1a se posesion\u00f3 como viceministra de Talento y Apropiaci\u00f3n Social del Minciencias | P\u00e1gina10","og_description":"Ante el ministro de Ciencia, Tecnolog\u00eda e Innovaci\u00f3n de Colombia, Arturo Luna, se posesion\u00f3 la tumaque\u00f1a Yesenia Olaya Requene como nueva viceministra de Talento y Apropiaci\u00f3n Social del Conocimiento. \u201cGracias por la confianza al gobierno del cambio @petrogustavo, @FranciaMarquezM y @arturolunat. Asumo el compromiso de promover la democratizaci\u00f3n de la ciencia y la justicia racial [&hellip;]","og_url":"https:\/\/pagina10.com\/web\/tumaquena-se-posesiono-como-viceministra-de-talento-y-apropiacion-social-del-minciencias\/","og_site_name":"P\u00e1gina10","article_publisher":"https:\/\/www.facebook.com\/pag10com","article_published_time":"2022-11-11T01:21:39+00:00","og_image":[{"width":1280,"height":842,"url":"https:\/\/pagina10.com\/web\/wp-content\/uploads\/2022\/11\/FhPB4MjWAAI_ZAF.jpg","type":"image\/jpeg"}],"author":"P\u00e1gina 10","twitter_card":"summary_large_image","twitter_creator":"@Pag10com","twitter_site":"@Pag10com","twitter_misc":{"Escrito por":"P\u00e1gina 10","Tiempo de lectura":"1 minuto"},"schema":{"@context":"https:\/\/schema.org","@graph":[{"@type":"Article","@id":"https:\/\/pagina10.com\/web\/tumaquena-se-posesiono-como-viceministra-de-talento-y-apropiacion-social-del-minciencias\/#article","isPartOf":{"@id":"https:\/\/pagina10.com\/web\/tumaquena-se-posesiono-como-viceministra-de-talento-y-apropiacion-social-del-minciencias\/"},"author":{"name":"P\u00e1gina 10","@id":"https:\/\/pagina10.com\/web\/#\/schema\/person\/2efc4a090d25b667d3bc796798a3a81b"},"headline":"Tumaque\u00f1a se posesion\u00f3 como viceministra de Talento y Apropiaci\u00f3n Social del Minciencias","datePublished":"2022-11-11T01:21:39+00:00","mainEntityOfPage":{"@id":"https:\/\/pagina10.com\/web\/tumaquena-se-posesiono-como-viceministra-de-talento-y-apropiacion-social-del-minciencias\/"},"wordCount":221,"commentCount":0,"publisher":{"@id":"https:\/\/pagina10.com\/web\/#organization"},"image":{"@id":"https:\/\/pagina10.com\/web\/tumaquena-se-posesiono-como-viceministra-de-talento-y-apropiacion-social-del-minciencias\/#primaryimage"},"thumbnailUrl":"https:\/\/pagina10.com\/web\/wp-content\/uploads\/2022\/11\/FhPB4MjWAAI_ZAF.jpg","articleSection":["Nacional"],"inLanguage":"es","potentialAction":[{"@type":"CommentAction","name":"Comment","target":["https:\/\/pagina10.com\/web\/tumaquena-se-posesiono-como-viceministra-de-talento-y-apropiacion-social-del-minciencias\/#respond"]}]},{"@type":"WebPage","@id":"https:\/\/pagina10.com\/web\/tumaquena-se-posesiono-como-viceministra-de-talento-y-apropiacion-social-del-minciencias\/","url":"https:\/\/pagina10.com\/web\/tumaquena-se-posesiono-como-viceministra-de-talento-y-apropiacion-social-del-minciencias\/","name":"Tumaque\u00f1a se posesion\u00f3 como viceministra de Talento y Apropiaci\u00f3n Social del Minciencias | P\u00e1gina10","isPartOf":{"@id":"https:\/\/pagina10.com\/web\/#website"},"primaryImageOfPage":{"@id":"https:\/\/pagina10.com\/web\/tumaquena-se-posesiono-como-viceministra-de-talento-y-apropiacion-social-del-minciencias\/#primaryimage"},"image":{"@id":"https:\/\/pagina10.com\/web\/tumaquena-se-posesiono-como-viceministra-de-talento-y-apropiacion-social-del-minciencias\/#primaryimage"},"thumbnailUrl":"https:\/\/pagina10.com\/web\/wp-content\/uploads\/2022\/11\/FhPB4MjWAAI_ZAF.jpg","datePublished":"2022-11-11T01:21:39+00:00","breadcrumb":{"@id":"https:\/\/pagina10.com\/web\/tumaquena-se-posesiono-como-viceministra-de-talento-y-apropiacion-social-del-minciencias\/#breadcrumb"},"inLanguage":"es","potentialAction":[{"@type":"ReadAction","target":["https:\/\/pagina10.com\/web\/tumaquena-se-posesiono-como-viceministra-de-talento-y-apropiacion-social-del-minciencias\/"]}]},{"@type":"ImageObject","inLanguage":"es","@id":"https:\/\/pagina10.com\/web\/tumaquena-se-posesiono-como-viceministra-de-talento-y-apropiacion-social-del-minciencias\/#primaryimage","url":"https:\/\/pagina10.com\/web\/wp-content\/uploads\/2022\/11\/FhPB4MjWAAI_ZAF.jpg","contentUrl":"https:\/\/pagina10.com\/web\/wp-content\/uploads\/2022\/11\/FhPB4MjWAAI_ZAF.jpg","width":1280,"height":842},{"@type":"BreadcrumbList","@id":"https:\/\/pagina10.com\/web\/tumaquena-se-posesiono-como-viceministra-de-talento-y-apropiacion-social-del-minciencias\/#breadcrumb","itemListElement":[{"@type":"ListItem","position":1,"name":"Portada","item":"https:\/\/pagina10.com\/web\/"},{"@type":"ListItem","position":2,"name":"Tumaque\u00f1a se posesion\u00f3 como viceministra de Talento y Apropiaci\u00f3n Social del Minciencias"}]},{"@type":"WebSite","@id":"https:\/\/pagina10.com\/web\/#website","url":"https:\/\/pagina10.com\/web\/","name":"P\u00e1gina10","description":"Peri\u00f3dico Regional","publisher":{"@id":"https:\/\/pagina10.com\/web\/#organization"},"alternateName":"P\u00e1gina10 Peri\u00f3dico Regional","potentialAction":[{"@type":"SearchAction","target":{"@type":"EntryPoint","urlTemplate":"https:\/\/pagina10.com\/web\/?s={search_term_string}"},"query-input":{"@type":"PropertyValueSpecification","valueRequired":true,"valueName":"search_term_string"}}],"inLanguage":"es"},{"@type":"Organization","@id":"https:\/\/pagina10.com\/web\/#organization","name":"P\u00e1gina10","alternateName":"P\u00e1gina10 Peri\u00f3dico Regional","url":"https:\/\/pagina10.com\/web\/","logo":{"@type":"ImageObject","inLanguage":"es","@id":"https:\/\/pagina10.com\/web\/#\/schema\/logo\/image\/","url":"https:\/\/pagina10.com\/web\/wp-content\/uploads\/2024\/01\/40-pagina-10-periodico-regional-pasto.jpg","contentUrl":"https:\/\/pagina10.com\/web\/wp-content\/uploads\/2024\/01\/40-pagina-10-periodico-regional-pasto.jpg","width":1280,"height":720,"caption":"P\u00e1gina10"},"image":{"@id":"https:\/\/pagina10.com\/web\/#\/schema\/logo\/image\/"},"sameAs":["https:\/\/www.facebook.com\/pag10com","https:\/\/x.com\/Pag10com","https:\/\/www.instagram.com\/pagina10col\/","https:\/\/youtube.com\/channel\/pag10","https:\/\/www.tiktok.com\/@p10col"]},{"@type":"Person","@id":"https:\/\/pagina10.com\/web\/#\/schema\/person\/2efc4a090d25b667d3bc796798a3a81b","name":"P\u00e1gina 10","description":"P\u00e1gina 10 es un peri\u00f3dico regional que nace en Colombia, en el departamento de Nari\u00f1o, con un enfoque global, fundamentado en cuatro pilares esenciales: la libertad, el pluralismo, la inclusi\u00f3n y la independencia. P\u00e1gina 10 hace referencia a Nari\u00f1o como el d\u00e9cimo departamento creado en Colombia, despu\u00e9s de un proceso pol\u00edtico liderado por actores y actrices regionales con el fin de obtener la independencia y autonom\u00eda de nuestros territorios. Con la creaci\u00f3n de P\u00e1gina 10 se pretende abrir un escenario para el dialogo, la reflexi\u00f3n y el debate que se extienda a otras geograf\u00edas de Am\u00e9rica Latina y del planeta, en una apuesta por transformar colectivamente los desaf\u00edos de un mundo contempor\u00e1neo, m\u00e1s all\u00e1 de las fronteras impuestas.","url":"https:\/\/pagina10.com\/web\/author\/pdiezadmin\/"}]}},"_links":{"self":[{"href":"https:\/\/pagina10.com\/web\/wp-json\/wp\/v2\/posts\/62769","targetHints":{"allow":["GET"]}}],"collection":[{"href":"https:\/\/pagina10.com\/web\/wp-json\/wp\/v2\/posts"}],"about":[{"href":"https:\/\/pagina10.com\/web\/wp-json\/wp\/v2\/types\/post"}],"author":[{"embeddable":true,"href":"https:\/\/pagina10.com\/web\/wp-json\/wp\/v2\/users\/1"}],"replies":[{"embeddable":true,"href":"https:\/\/pagina10.com\/web\/wp-json\/wp\/v2\/comments?post=62769"}],"version-history":[{"count":1,"href":"https:\/\/pagina10.com\/web\/wp-json\/wp\/v2\/posts\/62769\/revisions"}],"predecessor-version":[{"id":62771,"href":"https:\/\/pagina10.com\/web\/wp-json\/wp\/v2\/posts\/62769\/revisions\/62771"}],"wp:featuredmedia":[{"embeddable":true,"href":"https:\/\/pagina10.com\/web\/wp-json\/wp\/v2\/media\/62770"}],"wp:attachment":[{"href":"https:\/\/pagina10.com\/web\/wp-json\/wp\/v2\/media?parent=62769"}],"wp:term":[{"taxonomy":"category","embeddable":true,"href":"https:\/\/pagina10.com\/web\/wp-json\/wp\/v2\/categories?post=62769"},{"taxonomy":"post_tag","embeddable":true,"href":"https:\/\/pagina10.com\/web\/wp-json\/wp\/v2\/tags?post=62769"}],"curies":[{"name":"wp","href":"https:\/\/api.w.org\/{rel}","templated":true}]}}