{"id":62784,"date":"2022-11-10T22:15:52","date_gmt":"2022-11-11T03:15:52","guid":{"rendered":"https:\/\/pagina10.com\/web\/?p=62784"},"modified":"2022-11-10T22:15:52","modified_gmt":"2022-11-11T03:15:52","slug":"en-cujacal-se-quedaron-sin-agua-por-culpa-de-un-megaproyecto-de-industrias-y-bodegas","status":"publish","type":"post","link":"https:\/\/pagina10.com\/web\/en-cujacal-se-quedaron-sin-agua-por-culpa-de-un-megaproyecto-de-industrias-y-bodegas\/","title":{"rendered":"En Cujacal se quedaron sin agua por culpa de un megaproyecto de industrias y bodegas"},"content":{"rendered":"<p style=\"text-align: justify;\">El antrop\u00f3logo Danilo Palacios denunci\u00f3 que desde hace m\u00e1s de cuatro a\u00f1os las obras del parque log\u00edstico Epocrom, ubicado en la variante oriental del municipio de Pasto, dejaron sin agua a m\u00e1s de cien personas residentes en la vereda Cujacal del corregimiento de Buesaquillo.<\/p>\n<p style=\"text-align: justify;\">El proyecto construido por el Grupo Sol\u00edn Bienes y Ra\u00edces de la ciudad de Barranquilla y representado en Pasto por el ingeniero Jairo Juvencio Zamora Espa\u00f1a, fue dise\u00f1ado para generar grandes \u00e1reas de almacenamiento, cuenta con 46 bodegas, 10 showroom, 10 oficinas, 3 salas de juntas, auditorio para 242 personas, porter\u00edas de seguridad privada 24 horas y dise\u00f1o estrat\u00e9gico para el tr\u00e1fico de veh\u00edculos pesados articulados. Cuenta con 3 etapas para un total de 130.000 metros cuadrados construidos.<\/p>\n<p style=\"text-align: justify;\">Palacios indic\u00f3 que la comunidad del sector sufre graves consecuencias ya que debido a las obras, fueron retiradas varias mangueras que conectaban una fuente h\u00eddrica con el tanque de riego para los cultivos. En este sentido, las plantaciones se han secado lo que les genera a los agricultores de la zona grandes p\u00e9rdidas econ\u00f3micas.<\/p>\n<p style=\"text-align: justify;\">\u201cEste proyecto les vulnera a los habitantes de Cujacal el derecho adquirido al agua. Los responsables de la obra hoy le niegan a la comunidad el acceso al recurso h\u00eddrico que ha sido destinado al funcionamiento industrial de las bodegas\u201d, concluy\u00f3 Palacios.<\/p>\n","protected":false},"excerpt":{"rendered":"<p>El antrop\u00f3logo Danilo Palacios denunci\u00f3 que desde hace m\u00e1s de cuatro a\u00f1os las obras del parque log\u00edstico Epocrom, ubicado en la variante oriental del municipio de Pasto, dejaron sin agua a m\u00e1s de cien personas residentes en la vereda Cujacal del corregimiento de Buesaquillo. El proyecto construido por el Grupo Sol\u00edn Bienes y Ra\u00edces de [&hellip;]<\/p>\n","protected":false},"author":1,"featured_media":62785,"comment_status":"open","ping_status":"open","sticky":false,"template":"","format":"standard","meta":{"footnotes":""},"categories":[84],"tags":[],"class_list":["post-62784","post","type-post","status-publish","format-standard","has-post-thumbnail","hentry","category-global-2"],"yoast_head":"<!-- This site is optimized with the Yoast SEO plugin v27.1.1 - https:\/\/yoast.com\/product\/yoast-seo-wordpress\/ -->\n<title>En Cujacal se quedaron sin agua por culpa de un megaproyecto de industrias y bodegas | P\u00e1gina10<\/title>\n<meta name=\"robots\" content=\"index, follow, max-snippet:-1, max-image-preview:large, max-video-preview:-1\" \/>\n<link rel=\"canonical\" href=\"https:\/\/pagina10.com\/web\/en-cujacal-se-quedaron-sin-agua-por-culpa-de-un-megaproyecto-de-industrias-y-bodegas\/\" \/>\n<meta property=\"og:locale\" content=\"es_ES\" \/>\n<meta property=\"og:type\" content=\"article\" \/>\n<meta property=\"og:title\" content=\"En Cujacal se quedaron sin agua por culpa de un megaproyecto de industrias y bodegas | P\u00e1gina10\" \/>\n<meta property=\"og:description\" content=\"El antrop\u00f3logo Danilo Palacios denunci\u00f3 que desde hace m\u00e1s de cuatro a\u00f1os las obras del parque log\u00edstico Epocrom, ubicado en la variante oriental del municipio de Pasto, dejaron sin agua a m\u00e1s de cien personas residentes en la vereda Cujacal del corregimiento de Buesaquillo. El proyecto construido por el Grupo Sol\u00edn Bienes y Ra\u00edces de [&hellip;]\" \/>\n<meta property=\"og:url\" content=\"https:\/\/pagina10.com\/web\/en-cujacal-se-quedaron-sin-agua-por-culpa-de-un-megaproyecto-de-industrias-y-bodegas\/\" \/>\n<meta property=\"og:site_name\" content=\"P\u00e1gina10\" \/>\n<meta property=\"article:publisher\" content=\"https:\/\/www.facebook.com\/pag10com\" \/>\n<meta property=\"article:published_time\" content=\"2022-11-11T03:15:52+00:00\" \/>\n<meta property=\"og:image\" content=\"https:\/\/pagina10.com\/web\/wp-content\/uploads\/2022\/11\/14711570_1291204360921192_2398144993228172600_o.jpg\" \/>\n\t<meta property=\"og:image:width\" content=\"2500\" \/>\n\t<meta property=\"og:image:height\" content=\"1160\" \/>\n\t<meta property=\"og:image:type\" content=\"image\/jpeg\" \/>\n<meta name=\"author\" content=\"P\u00e1gina 10\" \/>\n<meta name=\"twitter:card\" content=\"summary_large_image\" \/>\n<meta name=\"twitter:creator\" content=\"@Pag10com\" \/>\n<meta name=\"twitter:site\" content=\"@Pag10com\" \/>\n<meta name=\"twitter:label1\" content=\"Escrito por\" \/>\n\t<meta name=\"twitter:data1\" content=\"P\u00e1gina 10\" \/>\n\t<meta name=\"twitter:label2\" content=\"Tiempo de lectura\" \/>\n\t<meta name=\"twitter:data2\" content=\"1 minuto\" \/>\n<script type=\"application\/ld+json\" class=\"yoast-schema-graph\">{\"@context\":\"https:\/\/schema.org\",\"@graph\":[{\"@type\":\"Article\",\"@id\":\"https:\/\/pagina10.com\/web\/en-cujacal-se-quedaron-sin-agua-por-culpa-de-un-megaproyecto-de-industrias-y-bodegas\/#article\",\"isPartOf\":{\"@id\":\"https:\/\/pagina10.com\/web\/en-cujacal-se-quedaron-sin-agua-por-culpa-de-un-megaproyecto-de-industrias-y-bodegas\/\"},\"author\":{\"name\":\"P\u00e1gina 10\",\"@id\":\"https:\/\/pagina10.com\/web\/#\/schema\/person\/2efc4a090d25b667d3bc796798a3a81b\"},\"headline\":\"En Cujacal se quedaron sin agua por culpa de un megaproyecto de industrias y bodegas\",\"datePublished\":\"2022-11-11T03:15:52+00:00\",\"mainEntityOfPage\":{\"@id\":\"https:\/\/pagina10.com\/web\/en-cujacal-se-quedaron-sin-agua-por-culpa-de-un-megaproyecto-de-industrias-y-bodegas\/\"},\"wordCount\":243,\"commentCount\":0,\"publisher\":{\"@id\":\"https:\/\/pagina10.com\/web\/#organization\"},\"image\":{\"@id\":\"https:\/\/pagina10.com\/web\/en-cujacal-se-quedaron-sin-agua-por-culpa-de-un-megaproyecto-de-industrias-y-bodegas\/#primaryimage\"},\"thumbnailUrl\":\"https:\/\/pagina10.com\/web\/wp-content\/uploads\/2022\/11\/14711570_1291204360921192_2398144993228172600_o.jpg\",\"articleSection\":[\"Global\"],\"inLanguage\":\"es\",\"potentialAction\":[{\"@type\":\"CommentAction\",\"name\":\"Comment\",\"target\":[\"https:\/\/pagina10.com\/web\/en-cujacal-se-quedaron-sin-agua-por-culpa-de-un-megaproyecto-de-industrias-y-bodegas\/#respond\"]}]},{\"@type\":\"WebPage\",\"@id\":\"https:\/\/pagina10.com\/web\/en-cujacal-se-quedaron-sin-agua-por-culpa-de-un-megaproyecto-de-industrias-y-bodegas\/\",\"url\":\"https:\/\/pagina10.com\/web\/en-cujacal-se-quedaron-sin-agua-por-culpa-de-un-megaproyecto-de-industrias-y-bodegas\/\",\"name\":\"En Cujacal se quedaron sin agua por culpa de un megaproyecto de industrias y bodegas | P\u00e1gina10\",\"isPartOf\":{\"@id\":\"https:\/\/pagina10.com\/web\/#website\"},\"primaryImageOfPage\":{\"@id\":\"https:\/\/pagina10.com\/web\/en-cujacal-se-quedaron-sin-agua-por-culpa-de-un-megaproyecto-de-industrias-y-bodegas\/#primaryimage\"},\"image\":{\"@id\":\"https:\/\/pagina10.com\/web\/en-cujacal-se-quedaron-sin-agua-por-culpa-de-un-megaproyecto-de-industrias-y-bodegas\/#primaryimage\"},\"thumbnailUrl\":\"https:\/\/pagina10.com\/web\/wp-content\/uploads\/2022\/11\/14711570_1291204360921192_2398144993228172600_o.jpg\",\"datePublished\":\"2022-11-11T03:15:52+00:00\",\"breadcrumb\":{\"@id\":\"https:\/\/pagina10.com\/web\/en-cujacal-se-quedaron-sin-agua-por-culpa-de-un-megaproyecto-de-industrias-y-bodegas\/#breadcrumb\"},\"inLanguage\":\"es\",\"potentialAction\":[{\"@type\":\"ReadAction\",\"target\":[\"https:\/\/pagina10.com\/web\/en-cujacal-se-quedaron-sin-agua-por-culpa-de-un-megaproyecto-de-industrias-y-bodegas\/\"]}]},{\"@type\":\"ImageObject\",\"inLanguage\":\"es\",\"@id\":\"https:\/\/pagina10.com\/web\/en-cujacal-se-quedaron-sin-agua-por-culpa-de-un-megaproyecto-de-industrias-y-bodegas\/#primaryimage\",\"url\":\"https:\/\/pagina10.com\/web\/wp-content\/uploads\/2022\/11\/14711570_1291204360921192_2398144993228172600_o.jpg\",\"contentUrl\":\"https:\/\/pagina10.com\/web\/wp-content\/uploads\/2022\/11\/14711570_1291204360921192_2398144993228172600_o.jpg\",\"width\":2500,\"height\":1160,\"caption\":\"Foto: Tomada de Facebook Bodegas Epocrom\"},{\"@type\":\"BreadcrumbList\",\"@id\":\"https:\/\/pagina10.com\/web\/en-cujacal-se-quedaron-sin-agua-por-culpa-de-un-megaproyecto-de-industrias-y-bodegas\/#breadcrumb\",\"itemListElement\":[{\"@type\":\"ListItem\",\"position\":1,\"name\":\"Portada\",\"item\":\"https:\/\/pagina10.com\/web\/\"},{\"@type\":\"ListItem\",\"position\":2,\"name\":\"En Cujacal se quedaron sin agua por culpa de un megaproyecto de industrias y bodegas\"}]},{\"@type\":\"WebSite\",\"@id\":\"https:\/\/pagina10.com\/web\/#website\",\"url\":\"https:\/\/pagina10.com\/web\/\",\"name\":\"P\u00e1gina10\",\"description\":\"Peri\u00f3dico Regional\",\"publisher\":{\"@id\":\"https:\/\/pagina10.com\/web\/#organization\"},\"alternateName\":\"P\u00e1gina10 Peri\u00f3dico Regional\",\"potentialAction\":[{\"@type\":\"SearchAction\",\"target\":{\"@type\":\"EntryPoint\",\"urlTemplate\":\"https:\/\/pagina10.com\/web\/?s={search_term_string}\"},\"query-input\":{\"@type\":\"PropertyValueSpecification\",\"valueRequired\":true,\"valueName\":\"search_term_string\"}}],\"inLanguage\":\"es\"},{\"@type\":\"Organization\",\"@id\":\"https:\/\/pagina10.com\/web\/#organization\",\"name\":\"P\u00e1gina10\",\"alternateName\":\"P\u00e1gina10 Peri\u00f3dico Regional\",\"url\":\"https:\/\/pagina10.com\/web\/\",\"logo\":{\"@type\":\"ImageObject\",\"inLanguage\":\"es\",\"@id\":\"https:\/\/pagina10.com\/web\/#\/schema\/logo\/image\/\",\"url\":\"https:\/\/pagina10.com\/web\/wp-content\/uploads\/2024\/01\/40-pagina-10-periodico-regional-pasto.jpg\",\"contentUrl\":\"https:\/\/pagina10.com\/web\/wp-content\/uploads\/2024\/01\/40-pagina-10-periodico-regional-pasto.jpg\",\"width\":1280,\"height\":720,\"caption\":\"P\u00e1gina10\"},\"image\":{\"@id\":\"https:\/\/pagina10.com\/web\/#\/schema\/logo\/image\/\"},\"sameAs\":[\"https:\/\/www.facebook.com\/pag10com\",\"https:\/\/x.com\/Pag10com\",\"https:\/\/www.instagram.com\/pagina10col\/\",\"https:\/\/youtube.com\/channel\/pag10\",\"https:\/\/www.tiktok.com\/@p10col\"]},{\"@type\":\"Person\",\"@id\":\"https:\/\/pagina10.com\/web\/#\/schema\/person\/2efc4a090d25b667d3bc796798a3a81b\",\"name\":\"P\u00e1gina 10\",\"description\":\"P\u00e1gina 10 es un peri\u00f3dico regional que nace en Colombia, en el departamento de Nari\u00f1o, con un enfoque global, fundamentado en cuatro pilares esenciales: la libertad, el pluralismo, la inclusi\u00f3n y la independencia. P\u00e1gina 10 hace referencia a Nari\u00f1o como el d\u00e9cimo departamento creado en Colombia, despu\u00e9s de un proceso pol\u00edtico liderado por actores y actrices regionales con el fin de obtener la independencia y autonom\u00eda de nuestros territorios. Con la creaci\u00f3n de P\u00e1gina 10 se pretende abrir un escenario para el dialogo, la reflexi\u00f3n y el debate que se extienda a otras geograf\u00edas de Am\u00e9rica Latina y del planeta, en una apuesta por transformar colectivamente los desaf\u00edos de un mundo contempor\u00e1neo, m\u00e1s all\u00e1 de las fronteras impuestas.\",\"url\":\"https:\/\/pagina10.com\/web\/author\/pdiezadmin\/\"}]}<\/script>\n<!-- \/ Yoast SEO plugin. -->","yoast_head_json":{"title":"En Cujacal se quedaron sin agua por culpa de un megaproyecto de industrias y bodegas | P\u00e1gina10","robots":{"index":"index","follow":"follow","max-snippet":"max-snippet:-1","max-image-preview":"max-image-preview:large","max-video-preview":"max-video-preview:-1"},"canonical":"https:\/\/pagina10.com\/web\/en-cujacal-se-quedaron-sin-agua-por-culpa-de-un-megaproyecto-de-industrias-y-bodegas\/","og_locale":"es_ES","og_type":"article","og_title":"En Cujacal se quedaron sin agua por culpa de un megaproyecto de industrias y bodegas | P\u00e1gina10","og_description":"El antrop\u00f3logo Danilo Palacios denunci\u00f3 que desde hace m\u00e1s de cuatro a\u00f1os las obras del parque log\u00edstico Epocrom, ubicado en la variante oriental del municipio de Pasto, dejaron sin agua a m\u00e1s de cien personas residentes en la vereda Cujacal del corregimiento de Buesaquillo. El proyecto construido por el Grupo Sol\u00edn Bienes y Ra\u00edces de [&hellip;]","og_url":"https:\/\/pagina10.com\/web\/en-cujacal-se-quedaron-sin-agua-por-culpa-de-un-megaproyecto-de-industrias-y-bodegas\/","og_site_name":"P\u00e1gina10","article_publisher":"https:\/\/www.facebook.com\/pag10com","article_published_time":"2022-11-11T03:15:52+00:00","og_image":[{"width":2500,"height":1160,"url":"https:\/\/pagina10.com\/web\/wp-content\/uploads\/2022\/11\/14711570_1291204360921192_2398144993228172600_o.jpg","type":"image\/jpeg"}],"author":"P\u00e1gina 10","twitter_card":"summary_large_image","twitter_creator":"@Pag10com","twitter_site":"@Pag10com","twitter_misc":{"Escrito por":"P\u00e1gina 10","Tiempo de lectura":"1 minuto"},"schema":{"@context":"https:\/\/schema.org","@graph":[{"@type":"Article","@id":"https:\/\/pagina10.com\/web\/en-cujacal-se-quedaron-sin-agua-por-culpa-de-un-megaproyecto-de-industrias-y-bodegas\/#article","isPartOf":{"@id":"https:\/\/pagina10.com\/web\/en-cujacal-se-quedaron-sin-agua-por-culpa-de-un-megaproyecto-de-industrias-y-bodegas\/"},"author":{"name":"P\u00e1gina 10","@id":"https:\/\/pagina10.com\/web\/#\/schema\/person\/2efc4a090d25b667d3bc796798a3a81b"},"headline":"En Cujacal se quedaron sin agua por culpa de un megaproyecto de industrias y bodegas","datePublished":"2022-11-11T03:15:52+00:00","mainEntityOfPage":{"@id":"https:\/\/pagina10.com\/web\/en-cujacal-se-quedaron-sin-agua-por-culpa-de-un-megaproyecto-de-industrias-y-bodegas\/"},"wordCount":243,"commentCount":0,"publisher":{"@id":"https:\/\/pagina10.com\/web\/#organization"},"image":{"@id":"https:\/\/pagina10.com\/web\/en-cujacal-se-quedaron-sin-agua-por-culpa-de-un-megaproyecto-de-industrias-y-bodegas\/#primaryimage"},"thumbnailUrl":"https:\/\/pagina10.com\/web\/wp-content\/uploads\/2022\/11\/14711570_1291204360921192_2398144993228172600_o.jpg","articleSection":["Global"],"inLanguage":"es","potentialAction":[{"@type":"CommentAction","name":"Comment","target":["https:\/\/pagina10.com\/web\/en-cujacal-se-quedaron-sin-agua-por-culpa-de-un-megaproyecto-de-industrias-y-bodegas\/#respond"]}]},{"@type":"WebPage","@id":"https:\/\/pagina10.com\/web\/en-cujacal-se-quedaron-sin-agua-por-culpa-de-un-megaproyecto-de-industrias-y-bodegas\/","url":"https:\/\/pagina10.com\/web\/en-cujacal-se-quedaron-sin-agua-por-culpa-de-un-megaproyecto-de-industrias-y-bodegas\/","name":"En Cujacal se quedaron sin agua por culpa de un megaproyecto de industrias y bodegas | P\u00e1gina10","isPartOf":{"@id":"https:\/\/pagina10.com\/web\/#website"},"primaryImageOfPage":{"@id":"https:\/\/pagina10.com\/web\/en-cujacal-se-quedaron-sin-agua-por-culpa-de-un-megaproyecto-de-industrias-y-bodegas\/#primaryimage"},"image":{"@id":"https:\/\/pagina10.com\/web\/en-cujacal-se-quedaron-sin-agua-por-culpa-de-un-megaproyecto-de-industrias-y-bodegas\/#primaryimage"},"thumbnailUrl":"https:\/\/pagina10.com\/web\/wp-content\/uploads\/2022\/11\/14711570_1291204360921192_2398144993228172600_o.jpg","datePublished":"2022-11-11T03:15:52+00:00","breadcrumb":{"@id":"https:\/\/pagina10.com\/web\/en-cujacal-se-quedaron-sin-agua-por-culpa-de-un-megaproyecto-de-industrias-y-bodegas\/#breadcrumb"},"inLanguage":"es","potentialAction":[{"@type":"ReadAction","target":["https:\/\/pagina10.com\/web\/en-cujacal-se-quedaron-sin-agua-por-culpa-de-un-megaproyecto-de-industrias-y-bodegas\/"]}]},{"@type":"ImageObject","inLanguage":"es","@id":"https:\/\/pagina10.com\/web\/en-cujacal-se-quedaron-sin-agua-por-culpa-de-un-megaproyecto-de-industrias-y-bodegas\/#primaryimage","url":"https:\/\/pagina10.com\/web\/wp-content\/uploads\/2022\/11\/14711570_1291204360921192_2398144993228172600_o.jpg","contentUrl":"https:\/\/pagina10.com\/web\/wp-content\/uploads\/2022\/11\/14711570_1291204360921192_2398144993228172600_o.jpg","width":2500,"height":1160,"caption":"Foto: Tomada de Facebook Bodegas Epocrom"},{"@type":"BreadcrumbList","@id":"https:\/\/pagina10.com\/web\/en-cujacal-se-quedaron-sin-agua-por-culpa-de-un-megaproyecto-de-industrias-y-bodegas\/#breadcrumb","itemListElement":[{"@type":"ListItem","position":1,"name":"Portada","item":"https:\/\/pagina10.com\/web\/"},{"@type":"ListItem","position":2,"name":"En Cujacal se quedaron sin agua por culpa de un megaproyecto de industrias y bodegas"}]},{"@type":"WebSite","@id":"https:\/\/pagina10.com\/web\/#website","url":"https:\/\/pagina10.com\/web\/","name":"P\u00e1gina10","description":"Peri\u00f3dico Regional","publisher":{"@id":"https:\/\/pagina10.com\/web\/#organization"},"alternateName":"P\u00e1gina10 Peri\u00f3dico Regional","potentialAction":[{"@type":"SearchAction","target":{"@type":"EntryPoint","urlTemplate":"https:\/\/pagina10.com\/web\/?s={search_term_string}"},"query-input":{"@type":"PropertyValueSpecification","valueRequired":true,"valueName":"search_term_string"}}],"inLanguage":"es"},{"@type":"Organization","@id":"https:\/\/pagina10.com\/web\/#organization","name":"P\u00e1gina10","alternateName":"P\u00e1gina10 Peri\u00f3dico Regional","url":"https:\/\/pagina10.com\/web\/","logo":{"@type":"ImageObject","inLanguage":"es","@id":"https:\/\/pagina10.com\/web\/#\/schema\/logo\/image\/","url":"https:\/\/pagina10.com\/web\/wp-content\/uploads\/2024\/01\/40-pagina-10-periodico-regional-pasto.jpg","contentUrl":"https:\/\/pagina10.com\/web\/wp-content\/uploads\/2024\/01\/40-pagina-10-periodico-regional-pasto.jpg","width":1280,"height":720,"caption":"P\u00e1gina10"},"image":{"@id":"https:\/\/pagina10.com\/web\/#\/schema\/logo\/image\/"},"sameAs":["https:\/\/www.facebook.com\/pag10com","https:\/\/x.com\/Pag10com","https:\/\/www.instagram.com\/pagina10col\/","https:\/\/youtube.com\/channel\/pag10","https:\/\/www.tiktok.com\/@p10col"]},{"@type":"Person","@id":"https:\/\/pagina10.com\/web\/#\/schema\/person\/2efc4a090d25b667d3bc796798a3a81b","name":"P\u00e1gina 10","description":"P\u00e1gina 10 es un peri\u00f3dico regional que nace en Colombia, en el departamento de Nari\u00f1o, con un enfoque global, fundamentado en cuatro pilares esenciales: la libertad, el pluralismo, la inclusi\u00f3n y la independencia. P\u00e1gina 10 hace referencia a Nari\u00f1o como el d\u00e9cimo departamento creado en Colombia, despu\u00e9s de un proceso pol\u00edtico liderado por actores y actrices regionales con el fin de obtener la independencia y autonom\u00eda de nuestros territorios. Con la creaci\u00f3n de P\u00e1gina 10 se pretende abrir un escenario para el dialogo, la reflexi\u00f3n y el debate que se extienda a otras geograf\u00edas de Am\u00e9rica Latina y del planeta, en una apuesta por transformar colectivamente los desaf\u00edos de un mundo contempor\u00e1neo, m\u00e1s all\u00e1 de las fronteras impuestas.","url":"https:\/\/pagina10.com\/web\/author\/pdiezadmin\/"}]}},"_links":{"self":[{"href":"https:\/\/pagina10.com\/web\/wp-json\/wp\/v2\/posts\/62784","targetHints":{"allow":["GET"]}}],"collection":[{"href":"https:\/\/pagina10.com\/web\/wp-json\/wp\/v2\/posts"}],"about":[{"href":"https:\/\/pagina10.com\/web\/wp-json\/wp\/v2\/types\/post"}],"author":[{"embeddable":true,"href":"https:\/\/pagina10.com\/web\/wp-json\/wp\/v2\/users\/1"}],"replies":[{"embeddable":true,"href":"https:\/\/pagina10.com\/web\/wp-json\/wp\/v2\/comments?post=62784"}],"version-history":[{"count":1,"href":"https:\/\/pagina10.com\/web\/wp-json\/wp\/v2\/posts\/62784\/revisions"}],"predecessor-version":[{"id":62786,"href":"https:\/\/pagina10.com\/web\/wp-json\/wp\/v2\/posts\/62784\/revisions\/62786"}],"wp:featuredmedia":[{"embeddable":true,"href":"https:\/\/pagina10.com\/web\/wp-json\/wp\/v2\/media\/62785"}],"wp:attachment":[{"href":"https:\/\/pagina10.com\/web\/wp-json\/wp\/v2\/media?parent=62784"}],"wp:term":[{"taxonomy":"category","embeddable":true,"href":"https:\/\/pagina10.com\/web\/wp-json\/wp\/v2\/categories?post=62784"},{"taxonomy":"post_tag","embeddable":true,"href":"https:\/\/pagina10.com\/web\/wp-json\/wp\/v2\/tags?post=62784"}],"curies":[{"name":"wp","href":"https:\/\/api.w.org\/{rel}","templated":true}]}}