{"id":62790,"date":"2022-11-10T22:28:32","date_gmt":"2022-11-11T03:28:32","guid":{"rendered":"https:\/\/pagina10.com\/web\/?p=62790"},"modified":"2022-11-10T22:28:32","modified_gmt":"2022-11-11T03:28:32","slug":"designan-alcalde-encargado-en-policarpa-tras-arresto-del-mandatario-jaime-david-sanchez","status":"publish","type":"post","link":"https:\/\/pagina10.com\/web\/designan-alcalde-encargado-en-policarpa-tras-arresto-del-mandatario-jaime-david-sanchez\/","title":{"rendered":"Designan alcalde encargado en Policarpa tras arresto del mandatario Jaime David S\u00e1nchez"},"content":{"rendered":"<p style=\"text-align: justify;\">El gobernador de Nari\u00f1o Jhon Rojas design\u00f3 a Neider Guerra Quintero como alcalde encargado para el municipio de Policarpa, luego del arresto del mandatario Jaime David S\u00e1nchez sindicado por los delitos de peculado por apropiaci\u00f3n, falsedad material en documento p\u00fablico y falsedad en documento privado.<\/p>\n<p style=\"text-align: justify;\">\u201cLa administraci\u00f3n, de la mano con el pueblo, continuar\u00e1 trabajando por el bienestar de la gente y la construcci\u00f3n del territorio policarpense. Reafirmamos el compromiso adquirido con todas las comunidades que depositaron su confianza en esta administraci\u00f3n, aseguramos la continuidad de todas las obras en ejecuci\u00f3n y el inicio de las que ya se encuentran gestionadas listas para empezar\u201d, se\u00f1al\u00f3 Guerra Quintero.<\/p>\n<p style=\"text-align: justify;\">Cabe mencionar que de acuerdo con la investigaci\u00f3n de la Fiscal\u00eda, S\u00e1nchez al parecer suscribi\u00f3 dos contratos ficticios en octubre de 2020 por $31.800 millones, en los cuales habr\u00eda falsificado documentos y firmas del supuesto contratista.<\/p>\n<p style=\"text-align: justify;\">El primer contrato de m\u00ednima cuant\u00eda es el MC- 089 de octubre de 2020, por un valor de $ 15.000.000, cuyo objeto consisti\u00f3 en la prestaci\u00f3n de servicios de mantenimiento, a todo costo, de equipos de computaci\u00f3n, impresoras, redes locales y red inal\u00e1mbrica en las bibliotecas de la cabecera municipal.<\/p>\n<p style=\"text-align: justify;\">El segundo contrato es el MC-101 de octubre de 2020, por un valor de $16.800.000, cuyo objeto fue la compraventa de equipos y accesorios con destino al desarrollo de campa\u00f1as publicitarias y tomas de registros fotogr\u00e1ficos y audiovisuales en el marco de eventos sociales y culturales a desarrollarse en Policarpa.<\/p>\n","protected":false},"excerpt":{"rendered":"<p>El gobernador de Nari\u00f1o Jhon Rojas design\u00f3 a Neider Guerra Quintero como alcalde encargado para el municipio de Policarpa, luego del arresto del mandatario Jaime David S\u00e1nchez sindicado por los delitos de peculado por apropiaci\u00f3n, falsedad material en documento p\u00fablico y falsedad en documento privado. \u201cLa administraci\u00f3n, de la mano con el pueblo, continuar\u00e1 trabajando [&hellip;]<\/p>\n","protected":false},"author":1,"featured_media":62791,"comment_status":"open","ping_status":"open","sticky":false,"template":"","format":"standard","meta":{"footnotes":""},"categories":[84],"tags":[],"class_list":["post-62790","post","type-post","status-publish","format-standard","has-post-thumbnail","hentry","category-global-2"],"yoast_head":"<!-- This site is optimized with the Yoast SEO plugin v27.1.1 - https:\/\/yoast.com\/product\/yoast-seo-wordpress\/ -->\n<title>Designan alcalde encargado en Policarpa tras arresto del mandatario Jaime David S\u00e1nchez | P\u00e1gina10<\/title>\n<meta name=\"robots\" content=\"index, follow, max-snippet:-1, max-image-preview:large, max-video-preview:-1\" \/>\n<link rel=\"canonical\" href=\"https:\/\/pagina10.com\/web\/designan-alcalde-encargado-en-policarpa-tras-arresto-del-mandatario-jaime-david-sanchez\/\" \/>\n<meta property=\"og:locale\" content=\"es_ES\" \/>\n<meta property=\"og:type\" content=\"article\" \/>\n<meta property=\"og:title\" content=\"Designan alcalde encargado en Policarpa tras arresto del mandatario Jaime David S\u00e1nchez | P\u00e1gina10\" \/>\n<meta property=\"og:description\" content=\"El gobernador de Nari\u00f1o Jhon Rojas design\u00f3 a Neider Guerra Quintero como alcalde encargado para el municipio de Policarpa, luego del arresto del mandatario Jaime David S\u00e1nchez sindicado por los delitos de peculado por apropiaci\u00f3n, falsedad material en documento p\u00fablico y falsedad en documento privado. \u201cLa administraci\u00f3n, de la mano con el pueblo, continuar\u00e1 trabajando [&hellip;]\" \/>\n<meta property=\"og:url\" content=\"https:\/\/pagina10.com\/web\/designan-alcalde-encargado-en-policarpa-tras-arresto-del-mandatario-jaime-david-sanchez\/\" \/>\n<meta property=\"og:site_name\" content=\"P\u00e1gina10\" \/>\n<meta property=\"article:publisher\" content=\"https:\/\/www.facebook.com\/pag10com\" \/>\n<meta property=\"article:published_time\" content=\"2022-11-11T03:28:32+00:00\" \/>\n<meta property=\"og:image\" content=\"https:\/\/pagina10.com\/web\/wp-content\/uploads\/2022\/11\/213049322_4233554290039677_4570562504559362048_n-e1668137301128.jpg\" \/>\n\t<meta property=\"og:image:width\" content=\"722\" \/>\n\t<meta property=\"og:image:height\" content=\"502\" \/>\n\t<meta property=\"og:image:type\" content=\"image\/jpeg\" \/>\n<meta name=\"author\" content=\"P\u00e1gina 10\" \/>\n<meta name=\"twitter:card\" content=\"summary_large_image\" \/>\n<meta name=\"twitter:creator\" content=\"@Pag10com\" \/>\n<meta name=\"twitter:site\" content=\"@Pag10com\" \/>\n<meta name=\"twitter:label1\" content=\"Escrito por\" \/>\n\t<meta name=\"twitter:data1\" content=\"P\u00e1gina 10\" \/>\n\t<meta name=\"twitter:label2\" content=\"Tiempo de lectura\" \/>\n\t<meta name=\"twitter:data2\" content=\"1 minuto\" \/>\n<script type=\"application\/ld+json\" class=\"yoast-schema-graph\">{\"@context\":\"https:\/\/schema.org\",\"@graph\":[{\"@type\":\"Article\",\"@id\":\"https:\/\/pagina10.com\/web\/designan-alcalde-encargado-en-policarpa-tras-arresto-del-mandatario-jaime-david-sanchez\/#article\",\"isPartOf\":{\"@id\":\"https:\/\/pagina10.com\/web\/designan-alcalde-encargado-en-policarpa-tras-arresto-del-mandatario-jaime-david-sanchez\/\"},\"author\":{\"name\":\"P\u00e1gina 10\",\"@id\":\"https:\/\/pagina10.com\/web\/#\/schema\/person\/2efc4a090d25b667d3bc796798a3a81b\"},\"headline\":\"Designan alcalde encargado en Policarpa tras arresto del mandatario Jaime David S\u00e1nchez\",\"datePublished\":\"2022-11-11T03:28:32+00:00\",\"mainEntityOfPage\":{\"@id\":\"https:\/\/pagina10.com\/web\/designan-alcalde-encargado-en-policarpa-tras-arresto-del-mandatario-jaime-david-sanchez\/\"},\"wordCount\":268,\"commentCount\":0,\"publisher\":{\"@id\":\"https:\/\/pagina10.com\/web\/#organization\"},\"image\":{\"@id\":\"https:\/\/pagina10.com\/web\/designan-alcalde-encargado-en-policarpa-tras-arresto-del-mandatario-jaime-david-sanchez\/#primaryimage\"},\"thumbnailUrl\":\"https:\/\/pagina10.com\/web\/wp-content\/uploads\/2022\/11\/213049322_4233554290039677_4570562504559362048_n-e1668137301128.jpg\",\"articleSection\":[\"Global\"],\"inLanguage\":\"es\",\"potentialAction\":[{\"@type\":\"CommentAction\",\"name\":\"Comment\",\"target\":[\"https:\/\/pagina10.com\/web\/designan-alcalde-encargado-en-policarpa-tras-arresto-del-mandatario-jaime-david-sanchez\/#respond\"]}]},{\"@type\":\"WebPage\",\"@id\":\"https:\/\/pagina10.com\/web\/designan-alcalde-encargado-en-policarpa-tras-arresto-del-mandatario-jaime-david-sanchez\/\",\"url\":\"https:\/\/pagina10.com\/web\/designan-alcalde-encargado-en-policarpa-tras-arresto-del-mandatario-jaime-david-sanchez\/\",\"name\":\"Designan alcalde encargado en Policarpa tras arresto del mandatario Jaime David S\u00e1nchez | P\u00e1gina10\",\"isPartOf\":{\"@id\":\"https:\/\/pagina10.com\/web\/#website\"},\"primaryImageOfPage\":{\"@id\":\"https:\/\/pagina10.com\/web\/designan-alcalde-encargado-en-policarpa-tras-arresto-del-mandatario-jaime-david-sanchez\/#primaryimage\"},\"image\":{\"@id\":\"https:\/\/pagina10.com\/web\/designan-alcalde-encargado-en-policarpa-tras-arresto-del-mandatario-jaime-david-sanchez\/#primaryimage\"},\"thumbnailUrl\":\"https:\/\/pagina10.com\/web\/wp-content\/uploads\/2022\/11\/213049322_4233554290039677_4570562504559362048_n-e1668137301128.jpg\",\"datePublished\":\"2022-11-11T03:28:32+00:00\",\"breadcrumb\":{\"@id\":\"https:\/\/pagina10.com\/web\/designan-alcalde-encargado-en-policarpa-tras-arresto-del-mandatario-jaime-david-sanchez\/#breadcrumb\"},\"inLanguage\":\"es\",\"potentialAction\":[{\"@type\":\"ReadAction\",\"target\":[\"https:\/\/pagina10.com\/web\/designan-alcalde-encargado-en-policarpa-tras-arresto-del-mandatario-jaime-david-sanchez\/\"]}]},{\"@type\":\"ImageObject\",\"inLanguage\":\"es\",\"@id\":\"https:\/\/pagina10.com\/web\/designan-alcalde-encargado-en-policarpa-tras-arresto-del-mandatario-jaime-david-sanchez\/#primaryimage\",\"url\":\"https:\/\/pagina10.com\/web\/wp-content\/uploads\/2022\/11\/213049322_4233554290039677_4570562504559362048_n-e1668137301128.jpg\",\"contentUrl\":\"https:\/\/pagina10.com\/web\/wp-content\/uploads\/2022\/11\/213049322_4233554290039677_4570562504559362048_n-e1668137301128.jpg\",\"width\":722,\"height\":502},{\"@type\":\"BreadcrumbList\",\"@id\":\"https:\/\/pagina10.com\/web\/designan-alcalde-encargado-en-policarpa-tras-arresto-del-mandatario-jaime-david-sanchez\/#breadcrumb\",\"itemListElement\":[{\"@type\":\"ListItem\",\"position\":1,\"name\":\"Portada\",\"item\":\"https:\/\/pagina10.com\/web\/\"},{\"@type\":\"ListItem\",\"position\":2,\"name\":\"Designan alcalde encargado en Policarpa tras arresto del mandatario Jaime David S\u00e1nchez\"}]},{\"@type\":\"WebSite\",\"@id\":\"https:\/\/pagina10.com\/web\/#website\",\"url\":\"https:\/\/pagina10.com\/web\/\",\"name\":\"P\u00e1gina10\",\"description\":\"Peri\u00f3dico Regional\",\"publisher\":{\"@id\":\"https:\/\/pagina10.com\/web\/#organization\"},\"alternateName\":\"P\u00e1gina10 Peri\u00f3dico Regional\",\"potentialAction\":[{\"@type\":\"SearchAction\",\"target\":{\"@type\":\"EntryPoint\",\"urlTemplate\":\"https:\/\/pagina10.com\/web\/?s={search_term_string}\"},\"query-input\":{\"@type\":\"PropertyValueSpecification\",\"valueRequired\":true,\"valueName\":\"search_term_string\"}}],\"inLanguage\":\"es\"},{\"@type\":\"Organization\",\"@id\":\"https:\/\/pagina10.com\/web\/#organization\",\"name\":\"P\u00e1gina10\",\"alternateName\":\"P\u00e1gina10 Peri\u00f3dico Regional\",\"url\":\"https:\/\/pagina10.com\/web\/\",\"logo\":{\"@type\":\"ImageObject\",\"inLanguage\":\"es\",\"@id\":\"https:\/\/pagina10.com\/web\/#\/schema\/logo\/image\/\",\"url\":\"https:\/\/pagina10.com\/web\/wp-content\/uploads\/2024\/01\/40-pagina-10-periodico-regional-pasto.jpg\",\"contentUrl\":\"https:\/\/pagina10.com\/web\/wp-content\/uploads\/2024\/01\/40-pagina-10-periodico-regional-pasto.jpg\",\"width\":1280,\"height\":720,\"caption\":\"P\u00e1gina10\"},\"image\":{\"@id\":\"https:\/\/pagina10.com\/web\/#\/schema\/logo\/image\/\"},\"sameAs\":[\"https:\/\/www.facebook.com\/pag10com\",\"https:\/\/x.com\/Pag10com\",\"https:\/\/www.instagram.com\/pagina10col\/\",\"https:\/\/youtube.com\/channel\/pag10\",\"https:\/\/www.tiktok.com\/@p10col\"]},{\"@type\":\"Person\",\"@id\":\"https:\/\/pagina10.com\/web\/#\/schema\/person\/2efc4a090d25b667d3bc796798a3a81b\",\"name\":\"P\u00e1gina 10\",\"description\":\"P\u00e1gina 10 es un peri\u00f3dico regional que nace en Colombia, en el departamento de Nari\u00f1o, con un enfoque global, fundamentado en cuatro pilares esenciales: la libertad, el pluralismo, la inclusi\u00f3n y la independencia. P\u00e1gina 10 hace referencia a Nari\u00f1o como el d\u00e9cimo departamento creado en Colombia, despu\u00e9s de un proceso pol\u00edtico liderado por actores y actrices regionales con el fin de obtener la independencia y autonom\u00eda de nuestros territorios. Con la creaci\u00f3n de P\u00e1gina 10 se pretende abrir un escenario para el dialogo, la reflexi\u00f3n y el debate que se extienda a otras geograf\u00edas de Am\u00e9rica Latina y del planeta, en una apuesta por transformar colectivamente los desaf\u00edos de un mundo contempor\u00e1neo, m\u00e1s all\u00e1 de las fronteras impuestas.\",\"url\":\"https:\/\/pagina10.com\/web\/author\/pdiezadmin\/\"}]}<\/script>\n<!-- \/ Yoast SEO plugin. -->","yoast_head_json":{"title":"Designan alcalde encargado en Policarpa tras arresto del mandatario Jaime David S\u00e1nchez | P\u00e1gina10","robots":{"index":"index","follow":"follow","max-snippet":"max-snippet:-1","max-image-preview":"max-image-preview:large","max-video-preview":"max-video-preview:-1"},"canonical":"https:\/\/pagina10.com\/web\/designan-alcalde-encargado-en-policarpa-tras-arresto-del-mandatario-jaime-david-sanchez\/","og_locale":"es_ES","og_type":"article","og_title":"Designan alcalde encargado en Policarpa tras arresto del mandatario Jaime David S\u00e1nchez | P\u00e1gina10","og_description":"El gobernador de Nari\u00f1o Jhon Rojas design\u00f3 a Neider Guerra Quintero como alcalde encargado para el municipio de Policarpa, luego del arresto del mandatario Jaime David S\u00e1nchez sindicado por los delitos de peculado por apropiaci\u00f3n, falsedad material en documento p\u00fablico y falsedad en documento privado. \u201cLa administraci\u00f3n, de la mano con el pueblo, continuar\u00e1 trabajando [&hellip;]","og_url":"https:\/\/pagina10.com\/web\/designan-alcalde-encargado-en-policarpa-tras-arresto-del-mandatario-jaime-david-sanchez\/","og_site_name":"P\u00e1gina10","article_publisher":"https:\/\/www.facebook.com\/pag10com","article_published_time":"2022-11-11T03:28:32+00:00","og_image":[{"width":722,"height":502,"url":"https:\/\/pagina10.com\/web\/wp-content\/uploads\/2022\/11\/213049322_4233554290039677_4570562504559362048_n-e1668137301128.jpg","type":"image\/jpeg"}],"author":"P\u00e1gina 10","twitter_card":"summary_large_image","twitter_creator":"@Pag10com","twitter_site":"@Pag10com","twitter_misc":{"Escrito por":"P\u00e1gina 10","Tiempo de lectura":"1 minuto"},"schema":{"@context":"https:\/\/schema.org","@graph":[{"@type":"Article","@id":"https:\/\/pagina10.com\/web\/designan-alcalde-encargado-en-policarpa-tras-arresto-del-mandatario-jaime-david-sanchez\/#article","isPartOf":{"@id":"https:\/\/pagina10.com\/web\/designan-alcalde-encargado-en-policarpa-tras-arresto-del-mandatario-jaime-david-sanchez\/"},"author":{"name":"P\u00e1gina 10","@id":"https:\/\/pagina10.com\/web\/#\/schema\/person\/2efc4a090d25b667d3bc796798a3a81b"},"headline":"Designan alcalde encargado en Policarpa tras arresto del mandatario Jaime David S\u00e1nchez","datePublished":"2022-11-11T03:28:32+00:00","mainEntityOfPage":{"@id":"https:\/\/pagina10.com\/web\/designan-alcalde-encargado-en-policarpa-tras-arresto-del-mandatario-jaime-david-sanchez\/"},"wordCount":268,"commentCount":0,"publisher":{"@id":"https:\/\/pagina10.com\/web\/#organization"},"image":{"@id":"https:\/\/pagina10.com\/web\/designan-alcalde-encargado-en-policarpa-tras-arresto-del-mandatario-jaime-david-sanchez\/#primaryimage"},"thumbnailUrl":"https:\/\/pagina10.com\/web\/wp-content\/uploads\/2022\/11\/213049322_4233554290039677_4570562504559362048_n-e1668137301128.jpg","articleSection":["Global"],"inLanguage":"es","potentialAction":[{"@type":"CommentAction","name":"Comment","target":["https:\/\/pagina10.com\/web\/designan-alcalde-encargado-en-policarpa-tras-arresto-del-mandatario-jaime-david-sanchez\/#respond"]}]},{"@type":"WebPage","@id":"https:\/\/pagina10.com\/web\/designan-alcalde-encargado-en-policarpa-tras-arresto-del-mandatario-jaime-david-sanchez\/","url":"https:\/\/pagina10.com\/web\/designan-alcalde-encargado-en-policarpa-tras-arresto-del-mandatario-jaime-david-sanchez\/","name":"Designan alcalde encargado en Policarpa tras arresto del mandatario Jaime David S\u00e1nchez | P\u00e1gina10","isPartOf":{"@id":"https:\/\/pagina10.com\/web\/#website"},"primaryImageOfPage":{"@id":"https:\/\/pagina10.com\/web\/designan-alcalde-encargado-en-policarpa-tras-arresto-del-mandatario-jaime-david-sanchez\/#primaryimage"},"image":{"@id":"https:\/\/pagina10.com\/web\/designan-alcalde-encargado-en-policarpa-tras-arresto-del-mandatario-jaime-david-sanchez\/#primaryimage"},"thumbnailUrl":"https:\/\/pagina10.com\/web\/wp-content\/uploads\/2022\/11\/213049322_4233554290039677_4570562504559362048_n-e1668137301128.jpg","datePublished":"2022-11-11T03:28:32+00:00","breadcrumb":{"@id":"https:\/\/pagina10.com\/web\/designan-alcalde-encargado-en-policarpa-tras-arresto-del-mandatario-jaime-david-sanchez\/#breadcrumb"},"inLanguage":"es","potentialAction":[{"@type":"ReadAction","target":["https:\/\/pagina10.com\/web\/designan-alcalde-encargado-en-policarpa-tras-arresto-del-mandatario-jaime-david-sanchez\/"]}]},{"@type":"ImageObject","inLanguage":"es","@id":"https:\/\/pagina10.com\/web\/designan-alcalde-encargado-en-policarpa-tras-arresto-del-mandatario-jaime-david-sanchez\/#primaryimage","url":"https:\/\/pagina10.com\/web\/wp-content\/uploads\/2022\/11\/213049322_4233554290039677_4570562504559362048_n-e1668137301128.jpg","contentUrl":"https:\/\/pagina10.com\/web\/wp-content\/uploads\/2022\/11\/213049322_4233554290039677_4570562504559362048_n-e1668137301128.jpg","width":722,"height":502},{"@type":"BreadcrumbList","@id":"https:\/\/pagina10.com\/web\/designan-alcalde-encargado-en-policarpa-tras-arresto-del-mandatario-jaime-david-sanchez\/#breadcrumb","itemListElement":[{"@type":"ListItem","position":1,"name":"Portada","item":"https:\/\/pagina10.com\/web\/"},{"@type":"ListItem","position":2,"name":"Designan alcalde encargado en Policarpa tras arresto del mandatario Jaime David S\u00e1nchez"}]},{"@type":"WebSite","@id":"https:\/\/pagina10.com\/web\/#website","url":"https:\/\/pagina10.com\/web\/","name":"P\u00e1gina10","description":"Peri\u00f3dico Regional","publisher":{"@id":"https:\/\/pagina10.com\/web\/#organization"},"alternateName":"P\u00e1gina10 Peri\u00f3dico Regional","potentialAction":[{"@type":"SearchAction","target":{"@type":"EntryPoint","urlTemplate":"https:\/\/pagina10.com\/web\/?s={search_term_string}"},"query-input":{"@type":"PropertyValueSpecification","valueRequired":true,"valueName":"search_term_string"}}],"inLanguage":"es"},{"@type":"Organization","@id":"https:\/\/pagina10.com\/web\/#organization","name":"P\u00e1gina10","alternateName":"P\u00e1gina10 Peri\u00f3dico Regional","url":"https:\/\/pagina10.com\/web\/","logo":{"@type":"ImageObject","inLanguage":"es","@id":"https:\/\/pagina10.com\/web\/#\/schema\/logo\/image\/","url":"https:\/\/pagina10.com\/web\/wp-content\/uploads\/2024\/01\/40-pagina-10-periodico-regional-pasto.jpg","contentUrl":"https:\/\/pagina10.com\/web\/wp-content\/uploads\/2024\/01\/40-pagina-10-periodico-regional-pasto.jpg","width":1280,"height":720,"caption":"P\u00e1gina10"},"image":{"@id":"https:\/\/pagina10.com\/web\/#\/schema\/logo\/image\/"},"sameAs":["https:\/\/www.facebook.com\/pag10com","https:\/\/x.com\/Pag10com","https:\/\/www.instagram.com\/pagina10col\/","https:\/\/youtube.com\/channel\/pag10","https:\/\/www.tiktok.com\/@p10col"]},{"@type":"Person","@id":"https:\/\/pagina10.com\/web\/#\/schema\/person\/2efc4a090d25b667d3bc796798a3a81b","name":"P\u00e1gina 10","description":"P\u00e1gina 10 es un peri\u00f3dico regional que nace en Colombia, en el departamento de Nari\u00f1o, con un enfoque global, fundamentado en cuatro pilares esenciales: la libertad, el pluralismo, la inclusi\u00f3n y la independencia. P\u00e1gina 10 hace referencia a Nari\u00f1o como el d\u00e9cimo departamento creado en Colombia, despu\u00e9s de un proceso pol\u00edtico liderado por actores y actrices regionales con el fin de obtener la independencia y autonom\u00eda de nuestros territorios. Con la creaci\u00f3n de P\u00e1gina 10 se pretende abrir un escenario para el dialogo, la reflexi\u00f3n y el debate que se extienda a otras geograf\u00edas de Am\u00e9rica Latina y del planeta, en una apuesta por transformar colectivamente los desaf\u00edos de un mundo contempor\u00e1neo, m\u00e1s all\u00e1 de las fronteras impuestas.","url":"https:\/\/pagina10.com\/web\/author\/pdiezadmin\/"}]}},"_links":{"self":[{"href":"https:\/\/pagina10.com\/web\/wp-json\/wp\/v2\/posts\/62790","targetHints":{"allow":["GET"]}}],"collection":[{"href":"https:\/\/pagina10.com\/web\/wp-json\/wp\/v2\/posts"}],"about":[{"href":"https:\/\/pagina10.com\/web\/wp-json\/wp\/v2\/types\/post"}],"author":[{"embeddable":true,"href":"https:\/\/pagina10.com\/web\/wp-json\/wp\/v2\/users\/1"}],"replies":[{"embeddable":true,"href":"https:\/\/pagina10.com\/web\/wp-json\/wp\/v2\/comments?post=62790"}],"version-history":[{"count":1,"href":"https:\/\/pagina10.com\/web\/wp-json\/wp\/v2\/posts\/62790\/revisions"}],"predecessor-version":[{"id":62792,"href":"https:\/\/pagina10.com\/web\/wp-json\/wp\/v2\/posts\/62790\/revisions\/62792"}],"wp:featuredmedia":[{"embeddable":true,"href":"https:\/\/pagina10.com\/web\/wp-json\/wp\/v2\/media\/62791"}],"wp:attachment":[{"href":"https:\/\/pagina10.com\/web\/wp-json\/wp\/v2\/media?parent=62790"}],"wp:term":[{"taxonomy":"category","embeddable":true,"href":"https:\/\/pagina10.com\/web\/wp-json\/wp\/v2\/categories?post=62790"},{"taxonomy":"post_tag","embeddable":true,"href":"https:\/\/pagina10.com\/web\/wp-json\/wp\/v2\/tags?post=62790"}],"curies":[{"name":"wp","href":"https:\/\/api.w.org\/{rel}","templated":true}]}}