{"id":62845,"date":"2022-11-14T15:48:42","date_gmt":"2022-11-14T20:48:42","guid":{"rendered":"https:\/\/pagina10.com\/web\/?p=62845"},"modified":"2022-11-14T15:48:42","modified_gmt":"2022-11-14T20:48:42","slug":"desarticulan-banda-dedicada-al-hurto-de-vehiculo-y-venta-de-autopartes","status":"publish","type":"post","link":"https:\/\/pagina10.com\/web\/desarticulan-banda-dedicada-al-hurto-de-vehiculo-y-venta-de-autopartes\/","title":{"rendered":"Desarticulan banda dedicada al hurto de veh\u00edculo y venta de autopartes"},"content":{"rendered":"<p style=\"text-align: justify;\">Acogiendo la solicitud de una fiscal de la Estructura de Apoyo, EDA, un juez con control de garant\u00edas de Pasto dict\u00f3 medida de aseguramiento contra tres presuntos integrantes de la organizaci\u00f3n criminal Los Samurais, dos hombres y una mujer, dedicados al hurto de veh\u00edculos en la modalidad de halado y comercializarlos como autopartes.<\/p>\n<p style=\"text-align: justify;\">Por su parte, Manolo Villamar\u00edn y Karen Tovar fueron imputados con cargos por el ente investigador por su presunta autor\u00eda en los delitos de concierto para delinquir y hurto calificado y agravado, cargos a los que se allanaron. Adem\u00e1s,\u00a0 Edwin Jeferson Enr\u00edquez fue imputado con cargos por los delitos de concierto para delinquir y receptaci\u00f3n, los cuales no acept\u00f3,<\/p>\n<p style=\"text-align: justify;\">De acuerdo con las investigaciones,\u00a0 \u2018Los Samurais\u2019 utilizaban llaves maestras y herramientas artesanales como ganz\u00faas para abrir los veh\u00edculos estacionados en parqueaderos, v\u00eda p\u00fablica y bah\u00edas de parqueo, para luego hurtarlos. Posteriormente, los automotores eran desguazados y convertidos en autopartes, las cuales eran comercializadas.<\/p>\n<p style=\"text-align: justify;\">Igualmente, los presuntos autores de los hurtos se apoderaban de los elementos que encontraban en los automotores como computadores, bolsos, tel\u00e9fonos celulares y cajas de herramientas. Los tres asegurados fueron detenidos por agentes de la Polic\u00eda Pasto durante operativos de registro y allanamiento, que incluyeron un local comercial de venta de autopartes.<\/p>\n<p style=\"text-align: justify;\">Durante la diligencia, las autoridades incautaron 8 computadoras de veh\u00edculos, 21 m\u00f3dulos de diferentes marcas, 7 tac\u00f3metros, tres volantes de autom\u00f3vil, una pulidora, una pistola marca Black Decker, y dos tel\u00e9fonos Motorola, una caja de herramientas, un scanner para veh\u00edculo y farolas.<\/p>\n<p style=\"text-align: justify;\">Villamar\u00edn Hern\u00e1ndez y Enr\u00edquez Cort\u00e9s fueron enviados a un centro carcelario, mientras Karen Stefan\u00eda Tovar Villota fue afectada con medida de aseguramiento en lugar de residencia.<\/p>\n","protected":false},"excerpt":{"rendered":"<p>Acogiendo la solicitud de una fiscal de la Estructura de Apoyo, EDA, un juez con control de garant\u00edas de Pasto dict\u00f3 medida de aseguramiento contra tres presuntos integrantes de la organizaci\u00f3n criminal Los Samurais, dos hombres y una mujer, dedicados al hurto de veh\u00edculos en la modalidad de halado y comercializarlos como autopartes. Por su [&hellip;]<\/p>\n","protected":false},"author":1,"featured_media":62846,"comment_status":"open","ping_status":"open","sticky":false,"template":"","format":"standard","meta":{"footnotes":""},"categories":[61],"tags":[],"class_list":["post-62845","post","type-post","status-publish","format-standard","has-post-thumbnail","hentry","category-judicial"],"yoast_head":"<!-- This site is optimized with the Yoast SEO plugin v27.1.1 - https:\/\/yoast.com\/product\/yoast-seo-wordpress\/ -->\n<title>Desarticulan banda dedicada al hurto de veh\u00edculo y venta de autopartes | P\u00e1gina10<\/title>\n<meta name=\"robots\" content=\"index, follow, max-snippet:-1, max-image-preview:large, max-video-preview:-1\" \/>\n<link rel=\"canonical\" href=\"https:\/\/pagina10.com\/web\/desarticulan-banda-dedicada-al-hurto-de-vehiculo-y-venta-de-autopartes\/\" \/>\n<meta property=\"og:locale\" content=\"es_ES\" \/>\n<meta property=\"og:type\" content=\"article\" \/>\n<meta property=\"og:title\" content=\"Desarticulan banda dedicada al hurto de veh\u00edculo y venta de autopartes | P\u00e1gina10\" \/>\n<meta property=\"og:description\" content=\"Acogiendo la solicitud de una fiscal de la Estructura de Apoyo, EDA, un juez con control de garant\u00edas de Pasto dict\u00f3 medida de aseguramiento contra tres presuntos integrantes de la organizaci\u00f3n criminal Los Samurais, dos hombres y una mujer, dedicados al hurto de veh\u00edculos en la modalidad de halado y comercializarlos como autopartes. Por su [&hellip;]\" \/>\n<meta property=\"og:url\" content=\"https:\/\/pagina10.com\/web\/desarticulan-banda-dedicada-al-hurto-de-vehiculo-y-venta-de-autopartes\/\" \/>\n<meta property=\"og:site_name\" content=\"P\u00e1gina10\" \/>\n<meta property=\"article:publisher\" content=\"https:\/\/www.facebook.com\/pag10com\" \/>\n<meta property=\"article:published_time\" content=\"2022-11-14T20:48:42+00:00\" \/>\n<meta property=\"og:image\" content=\"https:\/\/pagina10.com\/web\/wp-content\/uploads\/2022\/11\/WhatsApp-Image-2022-11-10-at-6.29.05-PM.jpeg\" \/>\n\t<meta property=\"og:image:width\" content=\"1278\" \/>\n\t<meta property=\"og:image:height\" content=\"1040\" \/>\n\t<meta property=\"og:image:type\" content=\"image\/jpeg\" \/>\n<meta name=\"author\" content=\"P\u00e1gina 10\" \/>\n<meta name=\"twitter:card\" content=\"summary_large_image\" \/>\n<meta name=\"twitter:creator\" content=\"@Pag10com\" \/>\n<meta name=\"twitter:site\" content=\"@Pag10com\" \/>\n<meta name=\"twitter:label1\" content=\"Escrito por\" \/>\n\t<meta name=\"twitter:data1\" content=\"P\u00e1gina 10\" \/>\n\t<meta name=\"twitter:label2\" content=\"Tiempo de lectura\" \/>\n\t<meta name=\"twitter:data2\" content=\"1 minuto\" \/>\n<script type=\"application\/ld+json\" class=\"yoast-schema-graph\">{\"@context\":\"https:\/\/schema.org\",\"@graph\":[{\"@type\":\"Article\",\"@id\":\"https:\/\/pagina10.com\/web\/desarticulan-banda-dedicada-al-hurto-de-vehiculo-y-venta-de-autopartes\/#article\",\"isPartOf\":{\"@id\":\"https:\/\/pagina10.com\/web\/desarticulan-banda-dedicada-al-hurto-de-vehiculo-y-venta-de-autopartes\/\"},\"author\":{\"name\":\"P\u00e1gina 10\",\"@id\":\"https:\/\/pagina10.com\/web\/#\/schema\/person\/2efc4a090d25b667d3bc796798a3a81b\"},\"headline\":\"Desarticulan banda dedicada al hurto de veh\u00edculo y venta de autopartes\",\"datePublished\":\"2022-11-14T20:48:42+00:00\",\"mainEntityOfPage\":{\"@id\":\"https:\/\/pagina10.com\/web\/desarticulan-banda-dedicada-al-hurto-de-vehiculo-y-venta-de-autopartes\/\"},\"wordCount\":311,\"commentCount\":0,\"publisher\":{\"@id\":\"https:\/\/pagina10.com\/web\/#organization\"},\"image\":{\"@id\":\"https:\/\/pagina10.com\/web\/desarticulan-banda-dedicada-al-hurto-de-vehiculo-y-venta-de-autopartes\/#primaryimage\"},\"thumbnailUrl\":\"https:\/\/pagina10.com\/web\/wp-content\/uploads\/2022\/11\/WhatsApp-Image-2022-11-10-at-6.29.05-PM.jpeg\",\"articleSection\":[\"Judicial\"],\"inLanguage\":\"es\",\"potentialAction\":[{\"@type\":\"CommentAction\",\"name\":\"Comment\",\"target\":[\"https:\/\/pagina10.com\/web\/desarticulan-banda-dedicada-al-hurto-de-vehiculo-y-venta-de-autopartes\/#respond\"]}]},{\"@type\":\"WebPage\",\"@id\":\"https:\/\/pagina10.com\/web\/desarticulan-banda-dedicada-al-hurto-de-vehiculo-y-venta-de-autopartes\/\",\"url\":\"https:\/\/pagina10.com\/web\/desarticulan-banda-dedicada-al-hurto-de-vehiculo-y-venta-de-autopartes\/\",\"name\":\"Desarticulan banda dedicada al hurto de veh\u00edculo y venta de autopartes | P\u00e1gina10\",\"isPartOf\":{\"@id\":\"https:\/\/pagina10.com\/web\/#website\"},\"primaryImageOfPage\":{\"@id\":\"https:\/\/pagina10.com\/web\/desarticulan-banda-dedicada-al-hurto-de-vehiculo-y-venta-de-autopartes\/#primaryimage\"},\"image\":{\"@id\":\"https:\/\/pagina10.com\/web\/desarticulan-banda-dedicada-al-hurto-de-vehiculo-y-venta-de-autopartes\/#primaryimage\"},\"thumbnailUrl\":\"https:\/\/pagina10.com\/web\/wp-content\/uploads\/2022\/11\/WhatsApp-Image-2022-11-10-at-6.29.05-PM.jpeg\",\"datePublished\":\"2022-11-14T20:48:42+00:00\",\"breadcrumb\":{\"@id\":\"https:\/\/pagina10.com\/web\/desarticulan-banda-dedicada-al-hurto-de-vehiculo-y-venta-de-autopartes\/#breadcrumb\"},\"inLanguage\":\"es\",\"potentialAction\":[{\"@type\":\"ReadAction\",\"target\":[\"https:\/\/pagina10.com\/web\/desarticulan-banda-dedicada-al-hurto-de-vehiculo-y-venta-de-autopartes\/\"]}]},{\"@type\":\"ImageObject\",\"inLanguage\":\"es\",\"@id\":\"https:\/\/pagina10.com\/web\/desarticulan-banda-dedicada-al-hurto-de-vehiculo-y-venta-de-autopartes\/#primaryimage\",\"url\":\"https:\/\/pagina10.com\/web\/wp-content\/uploads\/2022\/11\/WhatsApp-Image-2022-11-10-at-6.29.05-PM.jpeg\",\"contentUrl\":\"https:\/\/pagina10.com\/web\/wp-content\/uploads\/2022\/11\/WhatsApp-Image-2022-11-10-at-6.29.05-PM.jpeg\",\"width\":1278,\"height\":1040},{\"@type\":\"BreadcrumbList\",\"@id\":\"https:\/\/pagina10.com\/web\/desarticulan-banda-dedicada-al-hurto-de-vehiculo-y-venta-de-autopartes\/#breadcrumb\",\"itemListElement\":[{\"@type\":\"ListItem\",\"position\":1,\"name\":\"Portada\",\"item\":\"https:\/\/pagina10.com\/web\/\"},{\"@type\":\"ListItem\",\"position\":2,\"name\":\"Desarticulan banda dedicada al hurto de veh\u00edculo y venta de autopartes\"}]},{\"@type\":\"WebSite\",\"@id\":\"https:\/\/pagina10.com\/web\/#website\",\"url\":\"https:\/\/pagina10.com\/web\/\",\"name\":\"P\u00e1gina10\",\"description\":\"Peri\u00f3dico Regional\",\"publisher\":{\"@id\":\"https:\/\/pagina10.com\/web\/#organization\"},\"alternateName\":\"P\u00e1gina10 Peri\u00f3dico Regional\",\"potentialAction\":[{\"@type\":\"SearchAction\",\"target\":{\"@type\":\"EntryPoint\",\"urlTemplate\":\"https:\/\/pagina10.com\/web\/?s={search_term_string}\"},\"query-input\":{\"@type\":\"PropertyValueSpecification\",\"valueRequired\":true,\"valueName\":\"search_term_string\"}}],\"inLanguage\":\"es\"},{\"@type\":\"Organization\",\"@id\":\"https:\/\/pagina10.com\/web\/#organization\",\"name\":\"P\u00e1gina10\",\"alternateName\":\"P\u00e1gina10 Peri\u00f3dico Regional\",\"url\":\"https:\/\/pagina10.com\/web\/\",\"logo\":{\"@type\":\"ImageObject\",\"inLanguage\":\"es\",\"@id\":\"https:\/\/pagina10.com\/web\/#\/schema\/logo\/image\/\",\"url\":\"https:\/\/pagina10.com\/web\/wp-content\/uploads\/2024\/01\/40-pagina-10-periodico-regional-pasto.jpg\",\"contentUrl\":\"https:\/\/pagina10.com\/web\/wp-content\/uploads\/2024\/01\/40-pagina-10-periodico-regional-pasto.jpg\",\"width\":1280,\"height\":720,\"caption\":\"P\u00e1gina10\"},\"image\":{\"@id\":\"https:\/\/pagina10.com\/web\/#\/schema\/logo\/image\/\"},\"sameAs\":[\"https:\/\/www.facebook.com\/pag10com\",\"https:\/\/x.com\/Pag10com\",\"https:\/\/www.instagram.com\/pagina10col\/\",\"https:\/\/youtube.com\/channel\/pag10\",\"https:\/\/www.tiktok.com\/@p10col\"]},{\"@type\":\"Person\",\"@id\":\"https:\/\/pagina10.com\/web\/#\/schema\/person\/2efc4a090d25b667d3bc796798a3a81b\",\"name\":\"P\u00e1gina 10\",\"description\":\"P\u00e1gina 10 es un peri\u00f3dico regional que nace en Colombia, en el departamento de Nari\u00f1o, con un enfoque global, fundamentado en cuatro pilares esenciales: la libertad, el pluralismo, la inclusi\u00f3n y la independencia. P\u00e1gina 10 hace referencia a Nari\u00f1o como el d\u00e9cimo departamento creado en Colombia, despu\u00e9s de un proceso pol\u00edtico liderado por actores y actrices regionales con el fin de obtener la independencia y autonom\u00eda de nuestros territorios. Con la creaci\u00f3n de P\u00e1gina 10 se pretende abrir un escenario para el dialogo, la reflexi\u00f3n y el debate que se extienda a otras geograf\u00edas de Am\u00e9rica Latina y del planeta, en una apuesta por transformar colectivamente los desaf\u00edos de un mundo contempor\u00e1neo, m\u00e1s all\u00e1 de las fronteras impuestas.\",\"url\":\"https:\/\/pagina10.com\/web\/author\/pdiezadmin\/\"}]}<\/script>\n<!-- \/ Yoast SEO plugin. -->","yoast_head_json":{"title":"Desarticulan banda dedicada al hurto de veh\u00edculo y venta de autopartes | P\u00e1gina10","robots":{"index":"index","follow":"follow","max-snippet":"max-snippet:-1","max-image-preview":"max-image-preview:large","max-video-preview":"max-video-preview:-1"},"canonical":"https:\/\/pagina10.com\/web\/desarticulan-banda-dedicada-al-hurto-de-vehiculo-y-venta-de-autopartes\/","og_locale":"es_ES","og_type":"article","og_title":"Desarticulan banda dedicada al hurto de veh\u00edculo y venta de autopartes | P\u00e1gina10","og_description":"Acogiendo la solicitud de una fiscal de la Estructura de Apoyo, EDA, un juez con control de garant\u00edas de Pasto dict\u00f3 medida de aseguramiento contra tres presuntos integrantes de la organizaci\u00f3n criminal Los Samurais, dos hombres y una mujer, dedicados al hurto de veh\u00edculos en la modalidad de halado y comercializarlos como autopartes. Por su [&hellip;]","og_url":"https:\/\/pagina10.com\/web\/desarticulan-banda-dedicada-al-hurto-de-vehiculo-y-venta-de-autopartes\/","og_site_name":"P\u00e1gina10","article_publisher":"https:\/\/www.facebook.com\/pag10com","article_published_time":"2022-11-14T20:48:42+00:00","og_image":[{"width":1278,"height":1040,"url":"https:\/\/pagina10.com\/web\/wp-content\/uploads\/2022\/11\/WhatsApp-Image-2022-11-10-at-6.29.05-PM.jpeg","type":"image\/jpeg"}],"author":"P\u00e1gina 10","twitter_card":"summary_large_image","twitter_creator":"@Pag10com","twitter_site":"@Pag10com","twitter_misc":{"Escrito por":"P\u00e1gina 10","Tiempo de lectura":"1 minuto"},"schema":{"@context":"https:\/\/schema.org","@graph":[{"@type":"Article","@id":"https:\/\/pagina10.com\/web\/desarticulan-banda-dedicada-al-hurto-de-vehiculo-y-venta-de-autopartes\/#article","isPartOf":{"@id":"https:\/\/pagina10.com\/web\/desarticulan-banda-dedicada-al-hurto-de-vehiculo-y-venta-de-autopartes\/"},"author":{"name":"P\u00e1gina 10","@id":"https:\/\/pagina10.com\/web\/#\/schema\/person\/2efc4a090d25b667d3bc796798a3a81b"},"headline":"Desarticulan banda dedicada al hurto de veh\u00edculo y venta de autopartes","datePublished":"2022-11-14T20:48:42+00:00","mainEntityOfPage":{"@id":"https:\/\/pagina10.com\/web\/desarticulan-banda-dedicada-al-hurto-de-vehiculo-y-venta-de-autopartes\/"},"wordCount":311,"commentCount":0,"publisher":{"@id":"https:\/\/pagina10.com\/web\/#organization"},"image":{"@id":"https:\/\/pagina10.com\/web\/desarticulan-banda-dedicada-al-hurto-de-vehiculo-y-venta-de-autopartes\/#primaryimage"},"thumbnailUrl":"https:\/\/pagina10.com\/web\/wp-content\/uploads\/2022\/11\/WhatsApp-Image-2022-11-10-at-6.29.05-PM.jpeg","articleSection":["Judicial"],"inLanguage":"es","potentialAction":[{"@type":"CommentAction","name":"Comment","target":["https:\/\/pagina10.com\/web\/desarticulan-banda-dedicada-al-hurto-de-vehiculo-y-venta-de-autopartes\/#respond"]}]},{"@type":"WebPage","@id":"https:\/\/pagina10.com\/web\/desarticulan-banda-dedicada-al-hurto-de-vehiculo-y-venta-de-autopartes\/","url":"https:\/\/pagina10.com\/web\/desarticulan-banda-dedicada-al-hurto-de-vehiculo-y-venta-de-autopartes\/","name":"Desarticulan banda dedicada al hurto de veh\u00edculo y venta de autopartes | P\u00e1gina10","isPartOf":{"@id":"https:\/\/pagina10.com\/web\/#website"},"primaryImageOfPage":{"@id":"https:\/\/pagina10.com\/web\/desarticulan-banda-dedicada-al-hurto-de-vehiculo-y-venta-de-autopartes\/#primaryimage"},"image":{"@id":"https:\/\/pagina10.com\/web\/desarticulan-banda-dedicada-al-hurto-de-vehiculo-y-venta-de-autopartes\/#primaryimage"},"thumbnailUrl":"https:\/\/pagina10.com\/web\/wp-content\/uploads\/2022\/11\/WhatsApp-Image-2022-11-10-at-6.29.05-PM.jpeg","datePublished":"2022-11-14T20:48:42+00:00","breadcrumb":{"@id":"https:\/\/pagina10.com\/web\/desarticulan-banda-dedicada-al-hurto-de-vehiculo-y-venta-de-autopartes\/#breadcrumb"},"inLanguage":"es","potentialAction":[{"@type":"ReadAction","target":["https:\/\/pagina10.com\/web\/desarticulan-banda-dedicada-al-hurto-de-vehiculo-y-venta-de-autopartes\/"]}]},{"@type":"ImageObject","inLanguage":"es","@id":"https:\/\/pagina10.com\/web\/desarticulan-banda-dedicada-al-hurto-de-vehiculo-y-venta-de-autopartes\/#primaryimage","url":"https:\/\/pagina10.com\/web\/wp-content\/uploads\/2022\/11\/WhatsApp-Image-2022-11-10-at-6.29.05-PM.jpeg","contentUrl":"https:\/\/pagina10.com\/web\/wp-content\/uploads\/2022\/11\/WhatsApp-Image-2022-11-10-at-6.29.05-PM.jpeg","width":1278,"height":1040},{"@type":"BreadcrumbList","@id":"https:\/\/pagina10.com\/web\/desarticulan-banda-dedicada-al-hurto-de-vehiculo-y-venta-de-autopartes\/#breadcrumb","itemListElement":[{"@type":"ListItem","position":1,"name":"Portada","item":"https:\/\/pagina10.com\/web\/"},{"@type":"ListItem","position":2,"name":"Desarticulan banda dedicada al hurto de veh\u00edculo y venta de autopartes"}]},{"@type":"WebSite","@id":"https:\/\/pagina10.com\/web\/#website","url":"https:\/\/pagina10.com\/web\/","name":"P\u00e1gina10","description":"Peri\u00f3dico Regional","publisher":{"@id":"https:\/\/pagina10.com\/web\/#organization"},"alternateName":"P\u00e1gina10 Peri\u00f3dico Regional","potentialAction":[{"@type":"SearchAction","target":{"@type":"EntryPoint","urlTemplate":"https:\/\/pagina10.com\/web\/?s={search_term_string}"},"query-input":{"@type":"PropertyValueSpecification","valueRequired":true,"valueName":"search_term_string"}}],"inLanguage":"es"},{"@type":"Organization","@id":"https:\/\/pagina10.com\/web\/#organization","name":"P\u00e1gina10","alternateName":"P\u00e1gina10 Peri\u00f3dico Regional","url":"https:\/\/pagina10.com\/web\/","logo":{"@type":"ImageObject","inLanguage":"es","@id":"https:\/\/pagina10.com\/web\/#\/schema\/logo\/image\/","url":"https:\/\/pagina10.com\/web\/wp-content\/uploads\/2024\/01\/40-pagina-10-periodico-regional-pasto.jpg","contentUrl":"https:\/\/pagina10.com\/web\/wp-content\/uploads\/2024\/01\/40-pagina-10-periodico-regional-pasto.jpg","width":1280,"height":720,"caption":"P\u00e1gina10"},"image":{"@id":"https:\/\/pagina10.com\/web\/#\/schema\/logo\/image\/"},"sameAs":["https:\/\/www.facebook.com\/pag10com","https:\/\/x.com\/Pag10com","https:\/\/www.instagram.com\/pagina10col\/","https:\/\/youtube.com\/channel\/pag10","https:\/\/www.tiktok.com\/@p10col"]},{"@type":"Person","@id":"https:\/\/pagina10.com\/web\/#\/schema\/person\/2efc4a090d25b667d3bc796798a3a81b","name":"P\u00e1gina 10","description":"P\u00e1gina 10 es un peri\u00f3dico regional que nace en Colombia, en el departamento de Nari\u00f1o, con un enfoque global, fundamentado en cuatro pilares esenciales: la libertad, el pluralismo, la inclusi\u00f3n y la independencia. P\u00e1gina 10 hace referencia a Nari\u00f1o como el d\u00e9cimo departamento creado en Colombia, despu\u00e9s de un proceso pol\u00edtico liderado por actores y actrices regionales con el fin de obtener la independencia y autonom\u00eda de nuestros territorios. Con la creaci\u00f3n de P\u00e1gina 10 se pretende abrir un escenario para el dialogo, la reflexi\u00f3n y el debate que se extienda a otras geograf\u00edas de Am\u00e9rica Latina y del planeta, en una apuesta por transformar colectivamente los desaf\u00edos de un mundo contempor\u00e1neo, m\u00e1s all\u00e1 de las fronteras impuestas.","url":"https:\/\/pagina10.com\/web\/author\/pdiezadmin\/"}]}},"_links":{"self":[{"href":"https:\/\/pagina10.com\/web\/wp-json\/wp\/v2\/posts\/62845","targetHints":{"allow":["GET"]}}],"collection":[{"href":"https:\/\/pagina10.com\/web\/wp-json\/wp\/v2\/posts"}],"about":[{"href":"https:\/\/pagina10.com\/web\/wp-json\/wp\/v2\/types\/post"}],"author":[{"embeddable":true,"href":"https:\/\/pagina10.com\/web\/wp-json\/wp\/v2\/users\/1"}],"replies":[{"embeddable":true,"href":"https:\/\/pagina10.com\/web\/wp-json\/wp\/v2\/comments?post=62845"}],"version-history":[{"count":1,"href":"https:\/\/pagina10.com\/web\/wp-json\/wp\/v2\/posts\/62845\/revisions"}],"predecessor-version":[{"id":62847,"href":"https:\/\/pagina10.com\/web\/wp-json\/wp\/v2\/posts\/62845\/revisions\/62847"}],"wp:featuredmedia":[{"embeddable":true,"href":"https:\/\/pagina10.com\/web\/wp-json\/wp\/v2\/media\/62846"}],"wp:attachment":[{"href":"https:\/\/pagina10.com\/web\/wp-json\/wp\/v2\/media?parent=62845"}],"wp:term":[{"taxonomy":"category","embeddable":true,"href":"https:\/\/pagina10.com\/web\/wp-json\/wp\/v2\/categories?post=62845"},{"taxonomy":"post_tag","embeddable":true,"href":"https:\/\/pagina10.com\/web\/wp-json\/wp\/v2\/tags?post=62845"}],"curies":[{"name":"wp","href":"https:\/\/api.w.org\/{rel}","templated":true}]}}