{"id":62851,"date":"2022-11-14T16:55:23","date_gmt":"2022-11-14T21:55:23","guid":{"rendered":"https:\/\/pagina10.com\/web\/?p=62851"},"modified":"2022-11-14T16:55:23","modified_gmt":"2022-11-14T21:55:23","slug":"ingeniera-geologa-explica-posibles-razones-de-la-caida-del-arco-del-morro-en-tumaco","status":"publish","type":"post","link":"https:\/\/pagina10.com\/web\/ingeniera-geologa-explica-posibles-razones-de-la-caida-del-arco-del-morro-en-tumaco\/","title":{"rendered":"Ingeniera ge\u00f3loga explica posibles razones de la ca\u00edda del arco del Morro en Tumaco"},"content":{"rendered":"<p>Seg\u00fan la ingeniera ge\u00f3loga Nathalia Uasapud la ca\u00edda del arco ubicado en la Playa del Morro en Tumaco, no se origin\u00f3 por culpa del cambio clim\u00e1tico como algunos lo aseguraron sino que se debi\u00f3 a varios procesos naturales propios de las zonas costeras.<\/p>\n<p>\u201cEn las costas hay varios procesos encargados del modelamiento del paisaje, se lo puede resumir como erosi\u00f3n costera y se encarga de hacer que la costa retroceda, mediante el fraccionamiento y fragmentaci\u00f3n de las rocas de la costa, y tambi\u00e9n la p\u00e9rdida de material.<\/p>\n<p>Estos procesos est\u00e1n relacionados a continuo golpe de las olas sobre las rocas, o al proceso de cristalizaci\u00f3n y disoluci\u00f3n de la sal marina en las grietas y fracturas en las rocas, disoluci\u00f3n, y tambi\u00e9n acci\u00f3n de organismos\u201d, especific\u00f3 Uasapud.<\/p>\n<p>As\u00ed mismo, indic\u00f3 que \u201ctodo lo anterior empieza a fracturar y a debilitar la roca hasta que luego por simple gravedad, cae. Y\/o posteriormente por la acci\u00f3n del oleaje, el material se moviliza (por ejemplo, la p\u00e9rdida de arena en las playas).<\/p>\n<p>Gracias a estos procesos se tienen diferentes geoformas en las costas, tales como acantilados, cuevas, arcos y farallones o islotes que es cuando el arco se cae y queda el morro separado del resto de unidad rocosa\u201d. Finalmente, la ingeniera indic\u00f3 que la playa de Tumaco perdi\u00f3 un arco, pero ahora gan\u00f3 un farall\u00f3n.<\/p>\n","protected":false},"excerpt":{"rendered":"<p>Seg\u00fan la ingeniera ge\u00f3loga Nathalia Uasapud la ca\u00edda del arco ubicado en la Playa del Morro en Tumaco, no se origin\u00f3 por culpa del cambio clim\u00e1tico como algunos lo aseguraron sino que se debi\u00f3 a varios procesos naturales propios de las zonas costeras. \u201cEn las costas hay varios procesos encargados del modelamiento del paisaje, se [&hellip;]<\/p>\n","protected":false},"author":1,"featured_media":62852,"comment_status":"open","ping_status":"open","sticky":false,"template":"","format":"standard","meta":{"footnotes":""},"categories":[84],"tags":[],"class_list":["post-62851","post","type-post","status-publish","format-standard","has-post-thumbnail","hentry","category-global-2"],"yoast_head":"<!-- This site is optimized with the Yoast SEO plugin v27.1.1 - https:\/\/yoast.com\/product\/yoast-seo-wordpress\/ -->\n<title>Ingeniera ge\u00f3loga explica posibles razones de la ca\u00edda del arco del Morro en Tumaco | P\u00e1gina10<\/title>\n<meta name=\"robots\" content=\"index, follow, max-snippet:-1, max-image-preview:large, max-video-preview:-1\" \/>\n<link rel=\"canonical\" href=\"https:\/\/pagina10.com\/web\/ingeniera-geologa-explica-posibles-razones-de-la-caida-del-arco-del-morro-en-tumaco\/\" \/>\n<meta property=\"og:locale\" content=\"es_ES\" \/>\n<meta property=\"og:type\" content=\"article\" \/>\n<meta property=\"og:title\" content=\"Ingeniera ge\u00f3loga explica posibles razones de la ca\u00edda del arco del Morro en Tumaco | P\u00e1gina10\" \/>\n<meta property=\"og:description\" content=\"Seg\u00fan la ingeniera ge\u00f3loga Nathalia Uasapud la ca\u00edda del arco ubicado en la Playa del Morro en Tumaco, no se origin\u00f3 por culpa del cambio clim\u00e1tico como algunos lo aseguraron sino que se debi\u00f3 a varios procesos naturales propios de las zonas costeras. \u201cEn las costas hay varios procesos encargados del modelamiento del paisaje, se [&hellip;]\" \/>\n<meta property=\"og:url\" content=\"https:\/\/pagina10.com\/web\/ingeniera-geologa-explica-posibles-razones-de-la-caida-del-arco-del-morro-en-tumaco\/\" \/>\n<meta property=\"og:site_name\" content=\"P\u00e1gina10\" \/>\n<meta property=\"article:publisher\" content=\"https:\/\/www.facebook.com\/pag10com\" \/>\n<meta property=\"article:published_time\" content=\"2022-11-14T21:55:23+00:00\" \/>\n<meta property=\"og:image\" content=\"https:\/\/pagina10.com\/web\/wp-content\/uploads\/2022\/11\/6199-11_Arco.jpg\" \/>\n\t<meta property=\"og:image:width\" content=\"1440\" \/>\n\t<meta property=\"og:image:height\" content=\"960\" \/>\n\t<meta property=\"og:image:type\" content=\"image\/jpeg\" \/>\n<meta name=\"author\" content=\"P\u00e1gina 10\" \/>\n<meta name=\"twitter:card\" content=\"summary_large_image\" \/>\n<meta name=\"twitter:creator\" content=\"@Pag10com\" \/>\n<meta name=\"twitter:site\" content=\"@Pag10com\" \/>\n<meta name=\"twitter:label1\" content=\"Escrito por\" \/>\n\t<meta name=\"twitter:data1\" content=\"P\u00e1gina 10\" \/>\n\t<meta name=\"twitter:label2\" content=\"Tiempo de lectura\" \/>\n\t<meta name=\"twitter:data2\" content=\"1 minuto\" \/>\n<script type=\"application\/ld+json\" class=\"yoast-schema-graph\">{\"@context\":\"https:\/\/schema.org\",\"@graph\":[{\"@type\":\"Article\",\"@id\":\"https:\/\/pagina10.com\/web\/ingeniera-geologa-explica-posibles-razones-de-la-caida-del-arco-del-morro-en-tumaco\/#article\",\"isPartOf\":{\"@id\":\"https:\/\/pagina10.com\/web\/ingeniera-geologa-explica-posibles-razones-de-la-caida-del-arco-del-morro-en-tumaco\/\"},\"author\":{\"name\":\"P\u00e1gina 10\",\"@id\":\"https:\/\/pagina10.com\/web\/#\/schema\/person\/2efc4a090d25b667d3bc796798a3a81b\"},\"headline\":\"Ingeniera ge\u00f3loga explica posibles razones de la ca\u00edda del arco del Morro en Tumaco\",\"datePublished\":\"2022-11-14T21:55:23+00:00\",\"mainEntityOfPage\":{\"@id\":\"https:\/\/pagina10.com\/web\/ingeniera-geologa-explica-posibles-razones-de-la-caida-del-arco-del-morro-en-tumaco\/\"},\"wordCount\":257,\"commentCount\":0,\"publisher\":{\"@id\":\"https:\/\/pagina10.com\/web\/#organization\"},\"image\":{\"@id\":\"https:\/\/pagina10.com\/web\/ingeniera-geologa-explica-posibles-razones-de-la-caida-del-arco-del-morro-en-tumaco\/#primaryimage\"},\"thumbnailUrl\":\"https:\/\/pagina10.com\/web\/wp-content\/uploads\/2022\/11\/6199-11_Arco.jpg\",\"articleSection\":[\"Global\"],\"inLanguage\":\"es\",\"potentialAction\":[{\"@type\":\"CommentAction\",\"name\":\"Comment\",\"target\":[\"https:\/\/pagina10.com\/web\/ingeniera-geologa-explica-posibles-razones-de-la-caida-del-arco-del-morro-en-tumaco\/#respond\"]}]},{\"@type\":\"WebPage\",\"@id\":\"https:\/\/pagina10.com\/web\/ingeniera-geologa-explica-posibles-razones-de-la-caida-del-arco-del-morro-en-tumaco\/\",\"url\":\"https:\/\/pagina10.com\/web\/ingeniera-geologa-explica-posibles-razones-de-la-caida-del-arco-del-morro-en-tumaco\/\",\"name\":\"Ingeniera ge\u00f3loga explica posibles razones de la ca\u00edda del arco del Morro en Tumaco | P\u00e1gina10\",\"isPartOf\":{\"@id\":\"https:\/\/pagina10.com\/web\/#website\"},\"primaryImageOfPage\":{\"@id\":\"https:\/\/pagina10.com\/web\/ingeniera-geologa-explica-posibles-razones-de-la-caida-del-arco-del-morro-en-tumaco\/#primaryimage\"},\"image\":{\"@id\":\"https:\/\/pagina10.com\/web\/ingeniera-geologa-explica-posibles-razones-de-la-caida-del-arco-del-morro-en-tumaco\/#primaryimage\"},\"thumbnailUrl\":\"https:\/\/pagina10.com\/web\/wp-content\/uploads\/2022\/11\/6199-11_Arco.jpg\",\"datePublished\":\"2022-11-14T21:55:23+00:00\",\"breadcrumb\":{\"@id\":\"https:\/\/pagina10.com\/web\/ingeniera-geologa-explica-posibles-razones-de-la-caida-del-arco-del-morro-en-tumaco\/#breadcrumb\"},\"inLanguage\":\"es\",\"potentialAction\":[{\"@type\":\"ReadAction\",\"target\":[\"https:\/\/pagina10.com\/web\/ingeniera-geologa-explica-posibles-razones-de-la-caida-del-arco-del-morro-en-tumaco\/\"]}]},{\"@type\":\"ImageObject\",\"inLanguage\":\"es\",\"@id\":\"https:\/\/pagina10.com\/web\/ingeniera-geologa-explica-posibles-razones-de-la-caida-del-arco-del-morro-en-tumaco\/#primaryimage\",\"url\":\"https:\/\/pagina10.com\/web\/wp-content\/uploads\/2022\/11\/6199-11_Arco.jpg\",\"contentUrl\":\"https:\/\/pagina10.com\/web\/wp-content\/uploads\/2022\/11\/6199-11_Arco.jpg\",\"width\":1440,\"height\":960,\"caption\":\"Foto tomada de Situr Nari\u00f1o\"},{\"@type\":\"BreadcrumbList\",\"@id\":\"https:\/\/pagina10.com\/web\/ingeniera-geologa-explica-posibles-razones-de-la-caida-del-arco-del-morro-en-tumaco\/#breadcrumb\",\"itemListElement\":[{\"@type\":\"ListItem\",\"position\":1,\"name\":\"Portada\",\"item\":\"https:\/\/pagina10.com\/web\/\"},{\"@type\":\"ListItem\",\"position\":2,\"name\":\"Ingeniera ge\u00f3loga explica posibles razones de la ca\u00edda del arco del Morro en Tumaco\"}]},{\"@type\":\"WebSite\",\"@id\":\"https:\/\/pagina10.com\/web\/#website\",\"url\":\"https:\/\/pagina10.com\/web\/\",\"name\":\"P\u00e1gina10\",\"description\":\"Peri\u00f3dico Regional\",\"publisher\":{\"@id\":\"https:\/\/pagina10.com\/web\/#organization\"},\"alternateName\":\"P\u00e1gina10 Peri\u00f3dico Regional\",\"potentialAction\":[{\"@type\":\"SearchAction\",\"target\":{\"@type\":\"EntryPoint\",\"urlTemplate\":\"https:\/\/pagina10.com\/web\/?s={search_term_string}\"},\"query-input\":{\"@type\":\"PropertyValueSpecification\",\"valueRequired\":true,\"valueName\":\"search_term_string\"}}],\"inLanguage\":\"es\"},{\"@type\":\"Organization\",\"@id\":\"https:\/\/pagina10.com\/web\/#organization\",\"name\":\"P\u00e1gina10\",\"alternateName\":\"P\u00e1gina10 Peri\u00f3dico Regional\",\"url\":\"https:\/\/pagina10.com\/web\/\",\"logo\":{\"@type\":\"ImageObject\",\"inLanguage\":\"es\",\"@id\":\"https:\/\/pagina10.com\/web\/#\/schema\/logo\/image\/\",\"url\":\"https:\/\/pagina10.com\/web\/wp-content\/uploads\/2024\/01\/40-pagina-10-periodico-regional-pasto.jpg\",\"contentUrl\":\"https:\/\/pagina10.com\/web\/wp-content\/uploads\/2024\/01\/40-pagina-10-periodico-regional-pasto.jpg\",\"width\":1280,\"height\":720,\"caption\":\"P\u00e1gina10\"},\"image\":{\"@id\":\"https:\/\/pagina10.com\/web\/#\/schema\/logo\/image\/\"},\"sameAs\":[\"https:\/\/www.facebook.com\/pag10com\",\"https:\/\/x.com\/Pag10com\",\"https:\/\/www.instagram.com\/pagina10col\/\",\"https:\/\/youtube.com\/channel\/pag10\",\"https:\/\/www.tiktok.com\/@p10col\"]},{\"@type\":\"Person\",\"@id\":\"https:\/\/pagina10.com\/web\/#\/schema\/person\/2efc4a090d25b667d3bc796798a3a81b\",\"name\":\"P\u00e1gina 10\",\"description\":\"P\u00e1gina 10 es un peri\u00f3dico regional que nace en Colombia, en el departamento de Nari\u00f1o, con un enfoque global, fundamentado en cuatro pilares esenciales: la libertad, el pluralismo, la inclusi\u00f3n y la independencia. P\u00e1gina 10 hace referencia a Nari\u00f1o como el d\u00e9cimo departamento creado en Colombia, despu\u00e9s de un proceso pol\u00edtico liderado por actores y actrices regionales con el fin de obtener la independencia y autonom\u00eda de nuestros territorios. Con la creaci\u00f3n de P\u00e1gina 10 se pretende abrir un escenario para el dialogo, la reflexi\u00f3n y el debate que se extienda a otras geograf\u00edas de Am\u00e9rica Latina y del planeta, en una apuesta por transformar colectivamente los desaf\u00edos de un mundo contempor\u00e1neo, m\u00e1s all\u00e1 de las fronteras impuestas.\",\"url\":\"https:\/\/pagina10.com\/web\/author\/pdiezadmin\/\"}]}<\/script>\n<!-- \/ Yoast SEO plugin. -->","yoast_head_json":{"title":"Ingeniera ge\u00f3loga explica posibles razones de la ca\u00edda del arco del Morro en Tumaco | P\u00e1gina10","robots":{"index":"index","follow":"follow","max-snippet":"max-snippet:-1","max-image-preview":"max-image-preview:large","max-video-preview":"max-video-preview:-1"},"canonical":"https:\/\/pagina10.com\/web\/ingeniera-geologa-explica-posibles-razones-de-la-caida-del-arco-del-morro-en-tumaco\/","og_locale":"es_ES","og_type":"article","og_title":"Ingeniera ge\u00f3loga explica posibles razones de la ca\u00edda del arco del Morro en Tumaco | P\u00e1gina10","og_description":"Seg\u00fan la ingeniera ge\u00f3loga Nathalia Uasapud la ca\u00edda del arco ubicado en la Playa del Morro en Tumaco, no se origin\u00f3 por culpa del cambio clim\u00e1tico como algunos lo aseguraron sino que se debi\u00f3 a varios procesos naturales propios de las zonas costeras. \u201cEn las costas hay varios procesos encargados del modelamiento del paisaje, se [&hellip;]","og_url":"https:\/\/pagina10.com\/web\/ingeniera-geologa-explica-posibles-razones-de-la-caida-del-arco-del-morro-en-tumaco\/","og_site_name":"P\u00e1gina10","article_publisher":"https:\/\/www.facebook.com\/pag10com","article_published_time":"2022-11-14T21:55:23+00:00","og_image":[{"width":1440,"height":960,"url":"https:\/\/pagina10.com\/web\/wp-content\/uploads\/2022\/11\/6199-11_Arco.jpg","type":"image\/jpeg"}],"author":"P\u00e1gina 10","twitter_card":"summary_large_image","twitter_creator":"@Pag10com","twitter_site":"@Pag10com","twitter_misc":{"Escrito por":"P\u00e1gina 10","Tiempo de lectura":"1 minuto"},"schema":{"@context":"https:\/\/schema.org","@graph":[{"@type":"Article","@id":"https:\/\/pagina10.com\/web\/ingeniera-geologa-explica-posibles-razones-de-la-caida-del-arco-del-morro-en-tumaco\/#article","isPartOf":{"@id":"https:\/\/pagina10.com\/web\/ingeniera-geologa-explica-posibles-razones-de-la-caida-del-arco-del-morro-en-tumaco\/"},"author":{"name":"P\u00e1gina 10","@id":"https:\/\/pagina10.com\/web\/#\/schema\/person\/2efc4a090d25b667d3bc796798a3a81b"},"headline":"Ingeniera ge\u00f3loga explica posibles razones de la ca\u00edda del arco del Morro en Tumaco","datePublished":"2022-11-14T21:55:23+00:00","mainEntityOfPage":{"@id":"https:\/\/pagina10.com\/web\/ingeniera-geologa-explica-posibles-razones-de-la-caida-del-arco-del-morro-en-tumaco\/"},"wordCount":257,"commentCount":0,"publisher":{"@id":"https:\/\/pagina10.com\/web\/#organization"},"image":{"@id":"https:\/\/pagina10.com\/web\/ingeniera-geologa-explica-posibles-razones-de-la-caida-del-arco-del-morro-en-tumaco\/#primaryimage"},"thumbnailUrl":"https:\/\/pagina10.com\/web\/wp-content\/uploads\/2022\/11\/6199-11_Arco.jpg","articleSection":["Global"],"inLanguage":"es","potentialAction":[{"@type":"CommentAction","name":"Comment","target":["https:\/\/pagina10.com\/web\/ingeniera-geologa-explica-posibles-razones-de-la-caida-del-arco-del-morro-en-tumaco\/#respond"]}]},{"@type":"WebPage","@id":"https:\/\/pagina10.com\/web\/ingeniera-geologa-explica-posibles-razones-de-la-caida-del-arco-del-morro-en-tumaco\/","url":"https:\/\/pagina10.com\/web\/ingeniera-geologa-explica-posibles-razones-de-la-caida-del-arco-del-morro-en-tumaco\/","name":"Ingeniera ge\u00f3loga explica posibles razones de la ca\u00edda del arco del Morro en Tumaco | P\u00e1gina10","isPartOf":{"@id":"https:\/\/pagina10.com\/web\/#website"},"primaryImageOfPage":{"@id":"https:\/\/pagina10.com\/web\/ingeniera-geologa-explica-posibles-razones-de-la-caida-del-arco-del-morro-en-tumaco\/#primaryimage"},"image":{"@id":"https:\/\/pagina10.com\/web\/ingeniera-geologa-explica-posibles-razones-de-la-caida-del-arco-del-morro-en-tumaco\/#primaryimage"},"thumbnailUrl":"https:\/\/pagina10.com\/web\/wp-content\/uploads\/2022\/11\/6199-11_Arco.jpg","datePublished":"2022-11-14T21:55:23+00:00","breadcrumb":{"@id":"https:\/\/pagina10.com\/web\/ingeniera-geologa-explica-posibles-razones-de-la-caida-del-arco-del-morro-en-tumaco\/#breadcrumb"},"inLanguage":"es","potentialAction":[{"@type":"ReadAction","target":["https:\/\/pagina10.com\/web\/ingeniera-geologa-explica-posibles-razones-de-la-caida-del-arco-del-morro-en-tumaco\/"]}]},{"@type":"ImageObject","inLanguage":"es","@id":"https:\/\/pagina10.com\/web\/ingeniera-geologa-explica-posibles-razones-de-la-caida-del-arco-del-morro-en-tumaco\/#primaryimage","url":"https:\/\/pagina10.com\/web\/wp-content\/uploads\/2022\/11\/6199-11_Arco.jpg","contentUrl":"https:\/\/pagina10.com\/web\/wp-content\/uploads\/2022\/11\/6199-11_Arco.jpg","width":1440,"height":960,"caption":"Foto tomada de Situr Nari\u00f1o"},{"@type":"BreadcrumbList","@id":"https:\/\/pagina10.com\/web\/ingeniera-geologa-explica-posibles-razones-de-la-caida-del-arco-del-morro-en-tumaco\/#breadcrumb","itemListElement":[{"@type":"ListItem","position":1,"name":"Portada","item":"https:\/\/pagina10.com\/web\/"},{"@type":"ListItem","position":2,"name":"Ingeniera ge\u00f3loga explica posibles razones de la ca\u00edda del arco del Morro en Tumaco"}]},{"@type":"WebSite","@id":"https:\/\/pagina10.com\/web\/#website","url":"https:\/\/pagina10.com\/web\/","name":"P\u00e1gina10","description":"Peri\u00f3dico Regional","publisher":{"@id":"https:\/\/pagina10.com\/web\/#organization"},"alternateName":"P\u00e1gina10 Peri\u00f3dico Regional","potentialAction":[{"@type":"SearchAction","target":{"@type":"EntryPoint","urlTemplate":"https:\/\/pagina10.com\/web\/?s={search_term_string}"},"query-input":{"@type":"PropertyValueSpecification","valueRequired":true,"valueName":"search_term_string"}}],"inLanguage":"es"},{"@type":"Organization","@id":"https:\/\/pagina10.com\/web\/#organization","name":"P\u00e1gina10","alternateName":"P\u00e1gina10 Peri\u00f3dico Regional","url":"https:\/\/pagina10.com\/web\/","logo":{"@type":"ImageObject","inLanguage":"es","@id":"https:\/\/pagina10.com\/web\/#\/schema\/logo\/image\/","url":"https:\/\/pagina10.com\/web\/wp-content\/uploads\/2024\/01\/40-pagina-10-periodico-regional-pasto.jpg","contentUrl":"https:\/\/pagina10.com\/web\/wp-content\/uploads\/2024\/01\/40-pagina-10-periodico-regional-pasto.jpg","width":1280,"height":720,"caption":"P\u00e1gina10"},"image":{"@id":"https:\/\/pagina10.com\/web\/#\/schema\/logo\/image\/"},"sameAs":["https:\/\/www.facebook.com\/pag10com","https:\/\/x.com\/Pag10com","https:\/\/www.instagram.com\/pagina10col\/","https:\/\/youtube.com\/channel\/pag10","https:\/\/www.tiktok.com\/@p10col"]},{"@type":"Person","@id":"https:\/\/pagina10.com\/web\/#\/schema\/person\/2efc4a090d25b667d3bc796798a3a81b","name":"P\u00e1gina 10","description":"P\u00e1gina 10 es un peri\u00f3dico regional que nace en Colombia, en el departamento de Nari\u00f1o, con un enfoque global, fundamentado en cuatro pilares esenciales: la libertad, el pluralismo, la inclusi\u00f3n y la independencia. P\u00e1gina 10 hace referencia a Nari\u00f1o como el d\u00e9cimo departamento creado en Colombia, despu\u00e9s de un proceso pol\u00edtico liderado por actores y actrices regionales con el fin de obtener la independencia y autonom\u00eda de nuestros territorios. Con la creaci\u00f3n de P\u00e1gina 10 se pretende abrir un escenario para el dialogo, la reflexi\u00f3n y el debate que se extienda a otras geograf\u00edas de Am\u00e9rica Latina y del planeta, en una apuesta por transformar colectivamente los desaf\u00edos de un mundo contempor\u00e1neo, m\u00e1s all\u00e1 de las fronteras impuestas.","url":"https:\/\/pagina10.com\/web\/author\/pdiezadmin\/"}]}},"_links":{"self":[{"href":"https:\/\/pagina10.com\/web\/wp-json\/wp\/v2\/posts\/62851","targetHints":{"allow":["GET"]}}],"collection":[{"href":"https:\/\/pagina10.com\/web\/wp-json\/wp\/v2\/posts"}],"about":[{"href":"https:\/\/pagina10.com\/web\/wp-json\/wp\/v2\/types\/post"}],"author":[{"embeddable":true,"href":"https:\/\/pagina10.com\/web\/wp-json\/wp\/v2\/users\/1"}],"replies":[{"embeddable":true,"href":"https:\/\/pagina10.com\/web\/wp-json\/wp\/v2\/comments?post=62851"}],"version-history":[{"count":1,"href":"https:\/\/pagina10.com\/web\/wp-json\/wp\/v2\/posts\/62851\/revisions"}],"predecessor-version":[{"id":62853,"href":"https:\/\/pagina10.com\/web\/wp-json\/wp\/v2\/posts\/62851\/revisions\/62853"}],"wp:featuredmedia":[{"embeddable":true,"href":"https:\/\/pagina10.com\/web\/wp-json\/wp\/v2\/media\/62852"}],"wp:attachment":[{"href":"https:\/\/pagina10.com\/web\/wp-json\/wp\/v2\/media?parent=62851"}],"wp:term":[{"taxonomy":"category","embeddable":true,"href":"https:\/\/pagina10.com\/web\/wp-json\/wp\/v2\/categories?post=62851"},{"taxonomy":"post_tag","embeddable":true,"href":"https:\/\/pagina10.com\/web\/wp-json\/wp\/v2\/tags?post=62851"}],"curies":[{"name":"wp","href":"https:\/\/api.w.org\/{rel}","templated":true}]}}