{"id":62860,"date":"2022-11-14T18:58:46","date_gmt":"2022-11-14T23:58:46","guid":{"rendered":"https:\/\/pagina10.com\/web\/?p=62860"},"modified":"2022-11-14T20:05:50","modified_gmt":"2022-11-15T01:05:50","slug":"periodista-de-caracol-radio-denuncio-asesinato-de-elefante-marino-en-narino","status":"publish","type":"post","link":"https:\/\/pagina10.com\/web\/periodista-de-caracol-radio-denuncio-asesinato-de-elefante-marino-en-narino\/","title":{"rendered":"Periodista de Caracol radio denunci\u00f3 asesinato de elefante marino en Nari\u00f1o"},"content":{"rendered":"<p style=\"text-align: justify;\">La reconocida periodista de Caracol Radio, Vanessa de la Torre, denunci\u00f3 a trav\u00e9s de su cuenta de twitter el asesinato de un elefante marino en hechos que habr\u00edan ocurrido en la costa pac\u00edfica de Nari\u00f1o. En su publicaci\u00f3n etiquet\u00f3 al presidente Gustavo Petro, la vicepresidenta Francia Marquez, la ministra de Ambiente Susana Muhamad y Corponari\u00f1o, con el fin de denunciar lo ocurrido.<\/p>\n<p style=\"text-align: justify;\">\u201cINDIGNANTE. Un elefante marino que estaba perdido en el Pac\u00edfico colombiano fue asesinado vilmente en las \u00faltimas horas. Durante su paso por nuestro pa\u00eds, el animal hab\u00eda estado en el Parque Nacional Natural Utr\u00eda, Choc\u00f3; en La Barra, Buenaventura; y en Bah\u00eda M\u00e1laga, Buenaventura. Algo completamente inusual&#8221;, escribi\u00f3 de la Torre.<\/p>\n<p style=\"text-align: justify;\">A\u00f1adi\u00f3: &#8220;Gracias a las capacitaciones recibidas en el pasado, los habitantes del sector lo dejaron descansar y el animal sigui\u00f3 su viaje. Los ciudadanos lo cuidaron y estaban muy felices con \u00e9l. El elefante sigui\u00f3 bajando por el Pac\u00edfico y lleg\u00f3 hasta La Tola, Nari\u00f1o, donde desgraciadamente acabaron con su vida&#8221;.<\/p>\n<p style=\"text-align: justify;\">Finalmente, la comunicadora escribi\u00f3: &#8220;Es urgente que los pobladores de Nari\u00f1o aprendan a convivir con animales como estos. Estas im\u00e1genes NO se pueden volver a ver en nuestro pa\u00eds. Exigimos respuestas\u201d.<\/p>\n","protected":false},"excerpt":{"rendered":"<p>La reconocida periodista de Caracol Radio, Vanessa de la Torre, denunci\u00f3 a trav\u00e9s de su cuenta de twitter el asesinato de un elefante marino en hechos que habr\u00edan ocurrido en la costa pac\u00edfica de Nari\u00f1o. En su publicaci\u00f3n etiquet\u00f3 al presidente Gustavo Petro, la vicepresidenta Francia Marquez, la ministra de Ambiente Susana Muhamad y Corponari\u00f1o, [&hellip;]<\/p>\n","protected":false},"author":1,"featured_media":62861,"comment_status":"open","ping_status":"open","sticky":false,"template":"","format":"standard","meta":{"footnotes":""},"categories":[84],"tags":[],"class_list":["post-62860","post","type-post","status-publish","format-standard","has-post-thumbnail","hentry","category-global-2"],"yoast_head":"<!-- This site is optimized with the Yoast SEO plugin v27.1.1 - https:\/\/yoast.com\/product\/yoast-seo-wordpress\/ -->\n<title>Periodista de Caracol radio denunci\u00f3 asesinato de elefante marino en Nari\u00f1o | P\u00e1gina10<\/title>\n<meta name=\"robots\" content=\"index, follow, max-snippet:-1, max-image-preview:large, max-video-preview:-1\" \/>\n<link rel=\"canonical\" href=\"https:\/\/pagina10.com\/web\/periodista-de-caracol-radio-denuncio-asesinato-de-elefante-marino-en-narino\/\" \/>\n<meta property=\"og:locale\" content=\"es_ES\" \/>\n<meta property=\"og:type\" content=\"article\" \/>\n<meta property=\"og:title\" content=\"Periodista de Caracol radio denunci\u00f3 asesinato de elefante marino en Nari\u00f1o | P\u00e1gina10\" \/>\n<meta property=\"og:description\" content=\"La reconocida periodista de Caracol Radio, Vanessa de la Torre, denunci\u00f3 a trav\u00e9s de su cuenta de twitter el asesinato de un elefante marino en hechos que habr\u00edan ocurrido en la costa pac\u00edfica de Nari\u00f1o. En su publicaci\u00f3n etiquet\u00f3 al presidente Gustavo Petro, la vicepresidenta Francia Marquez, la ministra de Ambiente Susana Muhamad y Corponari\u00f1o, [&hellip;]\" \/>\n<meta property=\"og:url\" content=\"https:\/\/pagina10.com\/web\/periodista-de-caracol-radio-denuncio-asesinato-de-elefante-marino-en-narino\/\" \/>\n<meta property=\"og:site_name\" content=\"P\u00e1gina10\" \/>\n<meta property=\"article:publisher\" content=\"https:\/\/www.facebook.com\/pag10com\" \/>\n<meta property=\"article:published_time\" content=\"2022-11-14T23:58:46+00:00\" \/>\n<meta property=\"article:modified_time\" content=\"2022-11-15T01:05:50+00:00\" \/>\n<meta property=\"og:image\" content=\"https:\/\/pagina10.com\/web\/wp-content\/uploads\/2022\/11\/6338a298b9f6f.jpeg\" \/>\n\t<meta property=\"og:image:width\" content=\"980\" \/>\n\t<meta property=\"og:image:height\" content=\"590\" \/>\n\t<meta property=\"og:image:type\" content=\"image\/jpeg\" \/>\n<meta name=\"author\" content=\"P\u00e1gina 10\" \/>\n<meta name=\"twitter:card\" content=\"summary_large_image\" \/>\n<meta name=\"twitter:creator\" content=\"@Pag10com\" \/>\n<meta name=\"twitter:site\" content=\"@Pag10com\" \/>\n<meta name=\"twitter:label1\" content=\"Escrito por\" \/>\n\t<meta name=\"twitter:data1\" content=\"P\u00e1gina 10\" \/>\n\t<meta name=\"twitter:label2\" content=\"Tiempo de lectura\" \/>\n\t<meta name=\"twitter:data2\" content=\"1 minuto\" \/>\n<script type=\"application\/ld+json\" class=\"yoast-schema-graph\">{\"@context\":\"https:\/\/schema.org\",\"@graph\":[{\"@type\":\"Article\",\"@id\":\"https:\/\/pagina10.com\/web\/periodista-de-caracol-radio-denuncio-asesinato-de-elefante-marino-en-narino\/#article\",\"isPartOf\":{\"@id\":\"https:\/\/pagina10.com\/web\/periodista-de-caracol-radio-denuncio-asesinato-de-elefante-marino-en-narino\/\"},\"author\":{\"name\":\"P\u00e1gina 10\",\"@id\":\"https:\/\/pagina10.com\/web\/#\/schema\/person\/2efc4a090d25b667d3bc796798a3a81b\"},\"headline\":\"Periodista de Caracol radio denunci\u00f3 asesinato de elefante marino en Nari\u00f1o\",\"datePublished\":\"2022-11-14T23:58:46+00:00\",\"dateModified\":\"2022-11-15T01:05:50+00:00\",\"mainEntityOfPage\":{\"@id\":\"https:\/\/pagina10.com\/web\/periodista-de-caracol-radio-denuncio-asesinato-de-elefante-marino-en-narino\/\"},\"wordCount\":225,\"commentCount\":0,\"publisher\":{\"@id\":\"https:\/\/pagina10.com\/web\/#organization\"},\"image\":{\"@id\":\"https:\/\/pagina10.com\/web\/periodista-de-caracol-radio-denuncio-asesinato-de-elefante-marino-en-narino\/#primaryimage\"},\"thumbnailUrl\":\"https:\/\/pagina10.com\/web\/wp-content\/uploads\/2022\/11\/6338a298b9f6f.jpeg\",\"articleSection\":[\"Global\"],\"inLanguage\":\"es\",\"potentialAction\":[{\"@type\":\"CommentAction\",\"name\":\"Comment\",\"target\":[\"https:\/\/pagina10.com\/web\/periodista-de-caracol-radio-denuncio-asesinato-de-elefante-marino-en-narino\/#respond\"]}]},{\"@type\":\"WebPage\",\"@id\":\"https:\/\/pagina10.com\/web\/periodista-de-caracol-radio-denuncio-asesinato-de-elefante-marino-en-narino\/\",\"url\":\"https:\/\/pagina10.com\/web\/periodista-de-caracol-radio-denuncio-asesinato-de-elefante-marino-en-narino\/\",\"name\":\"Periodista de Caracol radio denunci\u00f3 asesinato de elefante marino en Nari\u00f1o | P\u00e1gina10\",\"isPartOf\":{\"@id\":\"https:\/\/pagina10.com\/web\/#website\"},\"primaryImageOfPage\":{\"@id\":\"https:\/\/pagina10.com\/web\/periodista-de-caracol-radio-denuncio-asesinato-de-elefante-marino-en-narino\/#primaryimage\"},\"image\":{\"@id\":\"https:\/\/pagina10.com\/web\/periodista-de-caracol-radio-denuncio-asesinato-de-elefante-marino-en-narino\/#primaryimage\"},\"thumbnailUrl\":\"https:\/\/pagina10.com\/web\/wp-content\/uploads\/2022\/11\/6338a298b9f6f.jpeg\",\"datePublished\":\"2022-11-14T23:58:46+00:00\",\"dateModified\":\"2022-11-15T01:05:50+00:00\",\"breadcrumb\":{\"@id\":\"https:\/\/pagina10.com\/web\/periodista-de-caracol-radio-denuncio-asesinato-de-elefante-marino-en-narino\/#breadcrumb\"},\"inLanguage\":\"es\",\"potentialAction\":[{\"@type\":\"ReadAction\",\"target\":[\"https:\/\/pagina10.com\/web\/periodista-de-caracol-radio-denuncio-asesinato-de-elefante-marino-en-narino\/\"]}]},{\"@type\":\"ImageObject\",\"inLanguage\":\"es\",\"@id\":\"https:\/\/pagina10.com\/web\/periodista-de-caracol-radio-denuncio-asesinato-de-elefante-marino-en-narino\/#primaryimage\",\"url\":\"https:\/\/pagina10.com\/web\/wp-content\/uploads\/2022\/11\/6338a298b9f6f.jpeg\",\"contentUrl\":\"https:\/\/pagina10.com\/web\/wp-content\/uploads\/2022\/11\/6338a298b9f6f.jpeg\",\"width\":980,\"height\":590},{\"@type\":\"BreadcrumbList\",\"@id\":\"https:\/\/pagina10.com\/web\/periodista-de-caracol-radio-denuncio-asesinato-de-elefante-marino-en-narino\/#breadcrumb\",\"itemListElement\":[{\"@type\":\"ListItem\",\"position\":1,\"name\":\"Portada\",\"item\":\"https:\/\/pagina10.com\/web\/\"},{\"@type\":\"ListItem\",\"position\":2,\"name\":\"Periodista de Caracol radio denunci\u00f3 asesinato de elefante marino en Nari\u00f1o\"}]},{\"@type\":\"WebSite\",\"@id\":\"https:\/\/pagina10.com\/web\/#website\",\"url\":\"https:\/\/pagina10.com\/web\/\",\"name\":\"P\u00e1gina10\",\"description\":\"Peri\u00f3dico Regional\",\"publisher\":{\"@id\":\"https:\/\/pagina10.com\/web\/#organization\"},\"alternateName\":\"P\u00e1gina10 Peri\u00f3dico Regional\",\"potentialAction\":[{\"@type\":\"SearchAction\",\"target\":{\"@type\":\"EntryPoint\",\"urlTemplate\":\"https:\/\/pagina10.com\/web\/?s={search_term_string}\"},\"query-input\":{\"@type\":\"PropertyValueSpecification\",\"valueRequired\":true,\"valueName\":\"search_term_string\"}}],\"inLanguage\":\"es\"},{\"@type\":\"Organization\",\"@id\":\"https:\/\/pagina10.com\/web\/#organization\",\"name\":\"P\u00e1gina10\",\"alternateName\":\"P\u00e1gina10 Peri\u00f3dico Regional\",\"url\":\"https:\/\/pagina10.com\/web\/\",\"logo\":{\"@type\":\"ImageObject\",\"inLanguage\":\"es\",\"@id\":\"https:\/\/pagina10.com\/web\/#\/schema\/logo\/image\/\",\"url\":\"https:\/\/pagina10.com\/web\/wp-content\/uploads\/2024\/01\/40-pagina-10-periodico-regional-pasto.jpg\",\"contentUrl\":\"https:\/\/pagina10.com\/web\/wp-content\/uploads\/2024\/01\/40-pagina-10-periodico-regional-pasto.jpg\",\"width\":1280,\"height\":720,\"caption\":\"P\u00e1gina10\"},\"image\":{\"@id\":\"https:\/\/pagina10.com\/web\/#\/schema\/logo\/image\/\"},\"sameAs\":[\"https:\/\/www.facebook.com\/pag10com\",\"https:\/\/x.com\/Pag10com\",\"https:\/\/www.instagram.com\/pagina10col\/\",\"https:\/\/youtube.com\/channel\/pag10\",\"https:\/\/www.tiktok.com\/@p10col\"]},{\"@type\":\"Person\",\"@id\":\"https:\/\/pagina10.com\/web\/#\/schema\/person\/2efc4a090d25b667d3bc796798a3a81b\",\"name\":\"P\u00e1gina 10\",\"description\":\"P\u00e1gina 10 es un peri\u00f3dico regional que nace en Colombia, en el departamento de Nari\u00f1o, con un enfoque global, fundamentado en cuatro pilares esenciales: la libertad, el pluralismo, la inclusi\u00f3n y la independencia. P\u00e1gina 10 hace referencia a Nari\u00f1o como el d\u00e9cimo departamento creado en Colombia, despu\u00e9s de un proceso pol\u00edtico liderado por actores y actrices regionales con el fin de obtener la independencia y autonom\u00eda de nuestros territorios. Con la creaci\u00f3n de P\u00e1gina 10 se pretende abrir un escenario para el dialogo, la reflexi\u00f3n y el debate que se extienda a otras geograf\u00edas de Am\u00e9rica Latina y del planeta, en una apuesta por transformar colectivamente los desaf\u00edos de un mundo contempor\u00e1neo, m\u00e1s all\u00e1 de las fronteras impuestas.\",\"url\":\"https:\/\/pagina10.com\/web\/author\/pdiezadmin\/\"}]}<\/script>\n<!-- \/ Yoast SEO plugin. -->","yoast_head_json":{"title":"Periodista de Caracol radio denunci\u00f3 asesinato de elefante marino en Nari\u00f1o | P\u00e1gina10","robots":{"index":"index","follow":"follow","max-snippet":"max-snippet:-1","max-image-preview":"max-image-preview:large","max-video-preview":"max-video-preview:-1"},"canonical":"https:\/\/pagina10.com\/web\/periodista-de-caracol-radio-denuncio-asesinato-de-elefante-marino-en-narino\/","og_locale":"es_ES","og_type":"article","og_title":"Periodista de Caracol radio denunci\u00f3 asesinato de elefante marino en Nari\u00f1o | P\u00e1gina10","og_description":"La reconocida periodista de Caracol Radio, Vanessa de la Torre, denunci\u00f3 a trav\u00e9s de su cuenta de twitter el asesinato de un elefante marino en hechos que habr\u00edan ocurrido en la costa pac\u00edfica de Nari\u00f1o. En su publicaci\u00f3n etiquet\u00f3 al presidente Gustavo Petro, la vicepresidenta Francia Marquez, la ministra de Ambiente Susana Muhamad y Corponari\u00f1o, [&hellip;]","og_url":"https:\/\/pagina10.com\/web\/periodista-de-caracol-radio-denuncio-asesinato-de-elefante-marino-en-narino\/","og_site_name":"P\u00e1gina10","article_publisher":"https:\/\/www.facebook.com\/pag10com","article_published_time":"2022-11-14T23:58:46+00:00","article_modified_time":"2022-11-15T01:05:50+00:00","og_image":[{"width":980,"height":590,"url":"https:\/\/pagina10.com\/web\/wp-content\/uploads\/2022\/11\/6338a298b9f6f.jpeg","type":"image\/jpeg"}],"author":"P\u00e1gina 10","twitter_card":"summary_large_image","twitter_creator":"@Pag10com","twitter_site":"@Pag10com","twitter_misc":{"Escrito por":"P\u00e1gina 10","Tiempo de lectura":"1 minuto"},"schema":{"@context":"https:\/\/schema.org","@graph":[{"@type":"Article","@id":"https:\/\/pagina10.com\/web\/periodista-de-caracol-radio-denuncio-asesinato-de-elefante-marino-en-narino\/#article","isPartOf":{"@id":"https:\/\/pagina10.com\/web\/periodista-de-caracol-radio-denuncio-asesinato-de-elefante-marino-en-narino\/"},"author":{"name":"P\u00e1gina 10","@id":"https:\/\/pagina10.com\/web\/#\/schema\/person\/2efc4a090d25b667d3bc796798a3a81b"},"headline":"Periodista de Caracol radio denunci\u00f3 asesinato de elefante marino en Nari\u00f1o","datePublished":"2022-11-14T23:58:46+00:00","dateModified":"2022-11-15T01:05:50+00:00","mainEntityOfPage":{"@id":"https:\/\/pagina10.com\/web\/periodista-de-caracol-radio-denuncio-asesinato-de-elefante-marino-en-narino\/"},"wordCount":225,"commentCount":0,"publisher":{"@id":"https:\/\/pagina10.com\/web\/#organization"},"image":{"@id":"https:\/\/pagina10.com\/web\/periodista-de-caracol-radio-denuncio-asesinato-de-elefante-marino-en-narino\/#primaryimage"},"thumbnailUrl":"https:\/\/pagina10.com\/web\/wp-content\/uploads\/2022\/11\/6338a298b9f6f.jpeg","articleSection":["Global"],"inLanguage":"es","potentialAction":[{"@type":"CommentAction","name":"Comment","target":["https:\/\/pagina10.com\/web\/periodista-de-caracol-radio-denuncio-asesinato-de-elefante-marino-en-narino\/#respond"]}]},{"@type":"WebPage","@id":"https:\/\/pagina10.com\/web\/periodista-de-caracol-radio-denuncio-asesinato-de-elefante-marino-en-narino\/","url":"https:\/\/pagina10.com\/web\/periodista-de-caracol-radio-denuncio-asesinato-de-elefante-marino-en-narino\/","name":"Periodista de Caracol radio denunci\u00f3 asesinato de elefante marino en Nari\u00f1o | P\u00e1gina10","isPartOf":{"@id":"https:\/\/pagina10.com\/web\/#website"},"primaryImageOfPage":{"@id":"https:\/\/pagina10.com\/web\/periodista-de-caracol-radio-denuncio-asesinato-de-elefante-marino-en-narino\/#primaryimage"},"image":{"@id":"https:\/\/pagina10.com\/web\/periodista-de-caracol-radio-denuncio-asesinato-de-elefante-marino-en-narino\/#primaryimage"},"thumbnailUrl":"https:\/\/pagina10.com\/web\/wp-content\/uploads\/2022\/11\/6338a298b9f6f.jpeg","datePublished":"2022-11-14T23:58:46+00:00","dateModified":"2022-11-15T01:05:50+00:00","breadcrumb":{"@id":"https:\/\/pagina10.com\/web\/periodista-de-caracol-radio-denuncio-asesinato-de-elefante-marino-en-narino\/#breadcrumb"},"inLanguage":"es","potentialAction":[{"@type":"ReadAction","target":["https:\/\/pagina10.com\/web\/periodista-de-caracol-radio-denuncio-asesinato-de-elefante-marino-en-narino\/"]}]},{"@type":"ImageObject","inLanguage":"es","@id":"https:\/\/pagina10.com\/web\/periodista-de-caracol-radio-denuncio-asesinato-de-elefante-marino-en-narino\/#primaryimage","url":"https:\/\/pagina10.com\/web\/wp-content\/uploads\/2022\/11\/6338a298b9f6f.jpeg","contentUrl":"https:\/\/pagina10.com\/web\/wp-content\/uploads\/2022\/11\/6338a298b9f6f.jpeg","width":980,"height":590},{"@type":"BreadcrumbList","@id":"https:\/\/pagina10.com\/web\/periodista-de-caracol-radio-denuncio-asesinato-de-elefante-marino-en-narino\/#breadcrumb","itemListElement":[{"@type":"ListItem","position":1,"name":"Portada","item":"https:\/\/pagina10.com\/web\/"},{"@type":"ListItem","position":2,"name":"Periodista de Caracol radio denunci\u00f3 asesinato de elefante marino en Nari\u00f1o"}]},{"@type":"WebSite","@id":"https:\/\/pagina10.com\/web\/#website","url":"https:\/\/pagina10.com\/web\/","name":"P\u00e1gina10","description":"Peri\u00f3dico Regional","publisher":{"@id":"https:\/\/pagina10.com\/web\/#organization"},"alternateName":"P\u00e1gina10 Peri\u00f3dico Regional","potentialAction":[{"@type":"SearchAction","target":{"@type":"EntryPoint","urlTemplate":"https:\/\/pagina10.com\/web\/?s={search_term_string}"},"query-input":{"@type":"PropertyValueSpecification","valueRequired":true,"valueName":"search_term_string"}}],"inLanguage":"es"},{"@type":"Organization","@id":"https:\/\/pagina10.com\/web\/#organization","name":"P\u00e1gina10","alternateName":"P\u00e1gina10 Peri\u00f3dico Regional","url":"https:\/\/pagina10.com\/web\/","logo":{"@type":"ImageObject","inLanguage":"es","@id":"https:\/\/pagina10.com\/web\/#\/schema\/logo\/image\/","url":"https:\/\/pagina10.com\/web\/wp-content\/uploads\/2024\/01\/40-pagina-10-periodico-regional-pasto.jpg","contentUrl":"https:\/\/pagina10.com\/web\/wp-content\/uploads\/2024\/01\/40-pagina-10-periodico-regional-pasto.jpg","width":1280,"height":720,"caption":"P\u00e1gina10"},"image":{"@id":"https:\/\/pagina10.com\/web\/#\/schema\/logo\/image\/"},"sameAs":["https:\/\/www.facebook.com\/pag10com","https:\/\/x.com\/Pag10com","https:\/\/www.instagram.com\/pagina10col\/","https:\/\/youtube.com\/channel\/pag10","https:\/\/www.tiktok.com\/@p10col"]},{"@type":"Person","@id":"https:\/\/pagina10.com\/web\/#\/schema\/person\/2efc4a090d25b667d3bc796798a3a81b","name":"P\u00e1gina 10","description":"P\u00e1gina 10 es un peri\u00f3dico regional que nace en Colombia, en el departamento de Nari\u00f1o, con un enfoque global, fundamentado en cuatro pilares esenciales: la libertad, el pluralismo, la inclusi\u00f3n y la independencia. P\u00e1gina 10 hace referencia a Nari\u00f1o como el d\u00e9cimo departamento creado en Colombia, despu\u00e9s de un proceso pol\u00edtico liderado por actores y actrices regionales con el fin de obtener la independencia y autonom\u00eda de nuestros territorios. Con la creaci\u00f3n de P\u00e1gina 10 se pretende abrir un escenario para el dialogo, la reflexi\u00f3n y el debate que se extienda a otras geograf\u00edas de Am\u00e9rica Latina y del planeta, en una apuesta por transformar colectivamente los desaf\u00edos de un mundo contempor\u00e1neo, m\u00e1s all\u00e1 de las fronteras impuestas.","url":"https:\/\/pagina10.com\/web\/author\/pdiezadmin\/"}]}},"_links":{"self":[{"href":"https:\/\/pagina10.com\/web\/wp-json\/wp\/v2\/posts\/62860","targetHints":{"allow":["GET"]}}],"collection":[{"href":"https:\/\/pagina10.com\/web\/wp-json\/wp\/v2\/posts"}],"about":[{"href":"https:\/\/pagina10.com\/web\/wp-json\/wp\/v2\/types\/post"}],"author":[{"embeddable":true,"href":"https:\/\/pagina10.com\/web\/wp-json\/wp\/v2\/users\/1"}],"replies":[{"embeddable":true,"href":"https:\/\/pagina10.com\/web\/wp-json\/wp\/v2\/comments?post=62860"}],"version-history":[{"count":3,"href":"https:\/\/pagina10.com\/web\/wp-json\/wp\/v2\/posts\/62860\/revisions"}],"predecessor-version":[{"id":62864,"href":"https:\/\/pagina10.com\/web\/wp-json\/wp\/v2\/posts\/62860\/revisions\/62864"}],"wp:featuredmedia":[{"embeddable":true,"href":"https:\/\/pagina10.com\/web\/wp-json\/wp\/v2\/media\/62861"}],"wp:attachment":[{"href":"https:\/\/pagina10.com\/web\/wp-json\/wp\/v2\/media?parent=62860"}],"wp:term":[{"taxonomy":"category","embeddable":true,"href":"https:\/\/pagina10.com\/web\/wp-json\/wp\/v2\/categories?post=62860"},{"taxonomy":"post_tag","embeddable":true,"href":"https:\/\/pagina10.com\/web\/wp-json\/wp\/v2\/tags?post=62860"}],"curies":[{"name":"wp","href":"https:\/\/api.w.org\/{rel}","templated":true}]}}