{"id":62865,"date":"2022-11-15T08:46:37","date_gmt":"2022-11-15T13:46:37","guid":{"rendered":"https:\/\/pagina10.com\/web\/?p=62865"},"modified":"2022-11-15T08:46:37","modified_gmt":"2022-11-15T13:46:37","slug":"un-adios-al-profesor-moncayo-el-caminante-de-la-paz","status":"publish","type":"post","link":"https:\/\/pagina10.com\/web\/un-adios-al-profesor-moncayo-el-caminante-de-la-paz\/","title":{"rendered":"Un adi\u00f3s al profesor Moncayo. -El caminante de la Paz-"},"content":{"rendered":"<div>\n<div dir=\"auto\" style=\"text-align: justify;\">Tras el secuestro por las FARC del soldado Pablo Emilio Moncayo (1997), y su retenci\u00f3n prolongada, su padre el Profesor Gustavo Moncayo inicia (2007) , una de las protestas m\u00e1s significativas de la historia colombiana. Desde su natal Sandon\u00e1 anuncia un periplo hasta la capital de la Rep\u00fablica.<\/div>\n<\/div>\n<div style=\"text-align: justify;\">\n<div dir=\"auto\">En su recorrido, cubierto de cadenas y en permanente contacto con las v\u00edctimas de la violencia genera un movimiento de protesta contra el grupo alzado en armas y el Estado colombiano.<\/div>\n<\/div>\n<div style=\"text-align: justify;\">\n<div dir=\"auto\">A su marcha se unen cientos y miles de colombianos, simpatizantes y seguidores de su causa, solidarios con su dolor y en permanente fraternidad con su deseo de una liberaci\u00f3n de su hijo.<\/div>\n<\/div>\n<div style=\"text-align: justify;\">\n<div dir=\"auto\">Recorre varios departamentos a pie. Encadenado y con profundos signos de cansancio que no le impiden continuar con su misi\u00f3n de padre y v\u00edctima de un conflicto armado. Los medios de comunicaci\u00f3n lo asedian, los periodistas lo siguen y la opini\u00f3n p\u00fablica hace suyo ese lamento de un padre que busca por todos los medios la liberaci\u00f3n de su hijo.<\/div>\n<\/div>\n<div style=\"text-align: justify;\">\n<div dir=\"auto\">Su llegada a Bogot\u00e1 es apote\u00f3sica. L\u00edderes de toda Colombia lo esperan con gritos, consignas y banderas blancas. El profe Mocayo pronuncia un discurso sentido y en un verdadero llamado a la paz. Su actitud obliga al gobierno nacional y a los partidos pol\u00edticos a dar un vuelco a los di\u00e1logos de paz.<\/div>\n<\/div>\n<div style=\"text-align: justify;\">\n<div dir=\"auto\">Logra su cometido y su su voz se vuelve una oraci\u00f3n, su figura un s\u00edmbolo y su presencia la imagen de la misma paz. Recorre el mundo llevando su mensaje, ofreciendo su testimonio, siendo una plegaria en el deseo de alcanzar en Colombia esa paz tan esquiva y anhelada.<\/div>\n<\/div>\n<div style=\"text-align: justify;\">\n<div dir=\"auto\">Hoy sus pasos terminan su recorrido. Muere v\u00edctima de un c\u00e1ncer terminal. Colombia entera llora a este sencillo profesor que se levant\u00f3 para impetrar paz en Colombia y respeto por la vida misma.<\/div>\n<\/div>\n<div style=\"text-align: justify;\">\n<div dir=\"auto\">Tuve la fortuna de acompa\u00f1arlo en su recorrido, mirar el fervor y la devoci\u00f3n de la gente ante su sola presencia, su voz sencilla y serena cobijaba a los presentes como un manto de esperanza y fe. Se acercaban a ofrecerle su dolor, a buscar consuelo en sus manos y a tocar las pesadas cadenas que rodeaban su humanidad. Parec\u00eda invencible, imbatible, un super h\u00e9roe que no se amilanaba ante la presencia de enemigos o contradictores.<\/div>\n<\/div>\n<div style=\"text-align: justify;\">\n<div dir=\"auto\">Cada paso suyo se sent\u00eda en cada rinc\u00f3n de Colombia, en los hogares de las cientos y miles de v\u00edctimas que anhelaban la liberaci\u00f3n de uno de sus seres queridos. Que se mor\u00edan lentamente en las selvas y bosques, encadenados y silentes ante la complicidad de un Estado que poco o nada hacia por buscar su liberaci\u00f3n. Fue \u00e9l esa catarsis de luz y esperanza que se encendi\u00f3 en el pueblo colombiano.<\/div>\n<\/div>\n<div style=\"text-align: justify;\">\n<div dir=\"auto\">Sus pasos descansan, su esp\u00edritu tambi\u00e9n. Fue un colombiano que no se resign\u00f3 al dolor y las cadenas de su hijo, las hizo suyas, se desprendi\u00f3 de su libertad para ser \u00e9l mismo un reo de injusticia y verg\u00fcenza mundial.<\/div>\n<\/div>\n<div>\n<div dir=\"auto\" style=\"text-align: justify;\">Paz en su tumba. Su camino ya se hizo justicia y paz.<\/div>\n<\/div>\n","protected":false},"excerpt":{"rendered":"<p>Tras el secuestro por las FARC del soldado Pablo Emilio Moncayo (1997), y su retenci\u00f3n prolongada, su padre el Profesor Gustavo Moncayo inicia (2007) , una de las protestas m\u00e1s significativas de la historia colombiana. Desde su natal Sandon\u00e1 anuncia un periplo hasta la capital de la Rep\u00fablica. En su recorrido, cubierto de cadenas y [&hellip;]<\/p>\n","protected":false},"author":46,"featured_media":62866,"comment_status":"open","ping_status":"open","sticky":false,"template":"","format":"standard","meta":{"footnotes":""},"categories":[53,1528],"tags":[],"class_list":["post-62865","post","type-post","status-publish","format-standard","has-post-thumbnail","hentry","category-regiones","category-titulares"],"yoast_head":"<!-- This site is optimized with the Yoast SEO plugin v27.1.1 - https:\/\/yoast.com\/product\/yoast-seo-wordpress\/ -->\n<title>Un adi\u00f3s al profesor Moncayo. -El caminante de la Paz- | P\u00e1gina10<\/title>\n<meta name=\"robots\" content=\"index, follow, max-snippet:-1, max-image-preview:large, max-video-preview:-1\" \/>\n<link rel=\"canonical\" href=\"https:\/\/pagina10.com\/web\/un-adios-al-profesor-moncayo-el-caminante-de-la-paz\/\" \/>\n<meta property=\"og:locale\" content=\"es_ES\" \/>\n<meta property=\"og:type\" content=\"article\" \/>\n<meta property=\"og:title\" content=\"Un adi\u00f3s al profesor Moncayo. -El caminante de la Paz- | P\u00e1gina10\" \/>\n<meta property=\"og:description\" content=\"Tras el secuestro por las FARC del soldado Pablo Emilio Moncayo (1997), y su retenci\u00f3n prolongada, su padre el Profesor Gustavo Moncayo inicia (2007) , una de las protestas m\u00e1s significativas de la historia colombiana. Desde su natal Sandon\u00e1 anuncia un periplo hasta la capital de la Rep\u00fablica. En su recorrido, cubierto de cadenas y [&hellip;]\" \/>\n<meta property=\"og:url\" content=\"https:\/\/pagina10.com\/web\/un-adios-al-profesor-moncayo-el-caminante-de-la-paz\/\" \/>\n<meta property=\"og:site_name\" content=\"P\u00e1gina10\" \/>\n<meta property=\"article:publisher\" content=\"https:\/\/www.facebook.com\/pag10com\" \/>\n<meta property=\"article:published_time\" content=\"2022-11-15T13:46:37+00:00\" \/>\n<meta property=\"og:image\" content=\"https:\/\/pagina10.com\/web\/wp-content\/uploads\/2022\/11\/Captura-de-Pantalla-2022-11-15-a-las-8.45.20-a.-m..png\" \/>\n\t<meta property=\"og:image:width\" content=\"503\" \/>\n\t<meta property=\"og:image:height\" content=\"491\" \/>\n\t<meta property=\"og:image:type\" content=\"image\/png\" \/>\n<meta name=\"author\" content=\"Pablo Emilio Obando Acosta\" \/>\n<meta name=\"twitter:card\" content=\"summary_large_image\" \/>\n<meta name=\"twitter:creator\" content=\"@Pag10com\" \/>\n<meta name=\"twitter:site\" content=\"@Pag10com\" \/>\n<meta name=\"twitter:label1\" content=\"Escrito por\" \/>\n\t<meta name=\"twitter:data1\" content=\"Pablo Emilio Obando Acosta\" \/>\n\t<meta name=\"twitter:label2\" content=\"Tiempo de lectura\" \/>\n\t<meta name=\"twitter:data2\" content=\"3 minutos\" \/>\n<script type=\"application\/ld+json\" class=\"yoast-schema-graph\">{\"@context\":\"https:\/\/schema.org\",\"@graph\":[{\"@type\":\"Article\",\"@id\":\"https:\/\/pagina10.com\/web\/un-adios-al-profesor-moncayo-el-caminante-de-la-paz\/#article\",\"isPartOf\":{\"@id\":\"https:\/\/pagina10.com\/web\/un-adios-al-profesor-moncayo-el-caminante-de-la-paz\/\"},\"author\":{\"name\":\"Pablo Emilio Obando Acosta\",\"@id\":\"https:\/\/pagina10.com\/web\/#\/schema\/person\/3d3687c9f037834284853a963ee45123\"},\"headline\":\"Un adi\u00f3s al profesor Moncayo. -El caminante de la Paz-\",\"datePublished\":\"2022-11-15T13:46:37+00:00\",\"mainEntityOfPage\":{\"@id\":\"https:\/\/pagina10.com\/web\/un-adios-al-profesor-moncayo-el-caminante-de-la-paz\/\"},\"wordCount\":547,\"commentCount\":0,\"publisher\":{\"@id\":\"https:\/\/pagina10.com\/web\/#organization\"},\"image\":{\"@id\":\"https:\/\/pagina10.com\/web\/un-adios-al-profesor-moncayo-el-caminante-de-la-paz\/#primaryimage\"},\"thumbnailUrl\":\"https:\/\/pagina10.com\/web\/wp-content\/uploads\/2022\/11\/Captura-de-Pantalla-2022-11-15-a-las-8.45.20-a.-m..png\",\"articleSection\":[\"Regiones\",\"Titulares\"],\"inLanguage\":\"es\",\"potentialAction\":[{\"@type\":\"CommentAction\",\"name\":\"Comment\",\"target\":[\"https:\/\/pagina10.com\/web\/un-adios-al-profesor-moncayo-el-caminante-de-la-paz\/#respond\"]}]},{\"@type\":\"WebPage\",\"@id\":\"https:\/\/pagina10.com\/web\/un-adios-al-profesor-moncayo-el-caminante-de-la-paz\/\",\"url\":\"https:\/\/pagina10.com\/web\/un-adios-al-profesor-moncayo-el-caminante-de-la-paz\/\",\"name\":\"Un adi\u00f3s al profesor Moncayo. -El caminante de la Paz- | P\u00e1gina10\",\"isPartOf\":{\"@id\":\"https:\/\/pagina10.com\/web\/#website\"},\"primaryImageOfPage\":{\"@id\":\"https:\/\/pagina10.com\/web\/un-adios-al-profesor-moncayo-el-caminante-de-la-paz\/#primaryimage\"},\"image\":{\"@id\":\"https:\/\/pagina10.com\/web\/un-adios-al-profesor-moncayo-el-caminante-de-la-paz\/#primaryimage\"},\"thumbnailUrl\":\"https:\/\/pagina10.com\/web\/wp-content\/uploads\/2022\/11\/Captura-de-Pantalla-2022-11-15-a-las-8.45.20-a.-m..png\",\"datePublished\":\"2022-11-15T13:46:37+00:00\",\"breadcrumb\":{\"@id\":\"https:\/\/pagina10.com\/web\/un-adios-al-profesor-moncayo-el-caminante-de-la-paz\/#breadcrumb\"},\"inLanguage\":\"es\",\"potentialAction\":[{\"@type\":\"ReadAction\",\"target\":[\"https:\/\/pagina10.com\/web\/un-adios-al-profesor-moncayo-el-caminante-de-la-paz\/\"]}]},{\"@type\":\"ImageObject\",\"inLanguage\":\"es\",\"@id\":\"https:\/\/pagina10.com\/web\/un-adios-al-profesor-moncayo-el-caminante-de-la-paz\/#primaryimage\",\"url\":\"https:\/\/pagina10.com\/web\/wp-content\/uploads\/2022\/11\/Captura-de-Pantalla-2022-11-15-a-las-8.45.20-a.-m..png\",\"contentUrl\":\"https:\/\/pagina10.com\/web\/wp-content\/uploads\/2022\/11\/Captura-de-Pantalla-2022-11-15-a-las-8.45.20-a.-m..png\",\"width\":503,\"height\":491},{\"@type\":\"BreadcrumbList\",\"@id\":\"https:\/\/pagina10.com\/web\/un-adios-al-profesor-moncayo-el-caminante-de-la-paz\/#breadcrumb\",\"itemListElement\":[{\"@type\":\"ListItem\",\"position\":1,\"name\":\"Portada\",\"item\":\"https:\/\/pagina10.com\/web\/\"},{\"@type\":\"ListItem\",\"position\":2,\"name\":\"Un adi\u00f3s al profesor Moncayo. -El caminante de la Paz-\"}]},{\"@type\":\"WebSite\",\"@id\":\"https:\/\/pagina10.com\/web\/#website\",\"url\":\"https:\/\/pagina10.com\/web\/\",\"name\":\"P\u00e1gina10\",\"description\":\"Peri\u00f3dico Regional\",\"publisher\":{\"@id\":\"https:\/\/pagina10.com\/web\/#organization\"},\"alternateName\":\"P\u00e1gina10 Peri\u00f3dico Regional\",\"potentialAction\":[{\"@type\":\"SearchAction\",\"target\":{\"@type\":\"EntryPoint\",\"urlTemplate\":\"https:\/\/pagina10.com\/web\/?s={search_term_string}\"},\"query-input\":{\"@type\":\"PropertyValueSpecification\",\"valueRequired\":true,\"valueName\":\"search_term_string\"}}],\"inLanguage\":\"es\"},{\"@type\":\"Organization\",\"@id\":\"https:\/\/pagina10.com\/web\/#organization\",\"name\":\"P\u00e1gina10\",\"alternateName\":\"P\u00e1gina10 Peri\u00f3dico Regional\",\"url\":\"https:\/\/pagina10.com\/web\/\",\"logo\":{\"@type\":\"ImageObject\",\"inLanguage\":\"es\",\"@id\":\"https:\/\/pagina10.com\/web\/#\/schema\/logo\/image\/\",\"url\":\"https:\/\/pagina10.com\/web\/wp-content\/uploads\/2024\/01\/40-pagina-10-periodico-regional-pasto.jpg\",\"contentUrl\":\"https:\/\/pagina10.com\/web\/wp-content\/uploads\/2024\/01\/40-pagina-10-periodico-regional-pasto.jpg\",\"width\":1280,\"height\":720,\"caption\":\"P\u00e1gina10\"},\"image\":{\"@id\":\"https:\/\/pagina10.com\/web\/#\/schema\/logo\/image\/\"},\"sameAs\":[\"https:\/\/www.facebook.com\/pag10com\",\"https:\/\/x.com\/Pag10com\",\"https:\/\/www.instagram.com\/pagina10col\/\",\"https:\/\/youtube.com\/channel\/pag10\",\"https:\/\/www.tiktok.com\/@p10col\"]},{\"@type\":\"Person\",\"@id\":\"https:\/\/pagina10.com\/web\/#\/schema\/person\/3d3687c9f037834284853a963ee45123\",\"name\":\"Pablo Emilio Obando Acosta\",\"description\":\"PABLO EMILIO OBANDO ACOSTA Nace en el a\u00f1o de 1965. Bachiller acad\u00e9mico Modalidad Humanidades del INEM de Pasto. En 1989 culmina sus estudios universitarios en la Universidad de Nari\u00f1o obteniendo el t\u00edtulo de Licenciado en Ciencias Sociales \u2013 \u00e9nfasis Ciencias de la Educaci\u00f3n \u2013Jornada nocturna-. Especialista en Literatura latinoamericana y colaborador de importantes medios de comunicaci\u00f3n escritos de nuestra regi\u00f3n y del pa\u00eds: El Tiempo.com, Semana.com, Dinero, Diario Del Sur, El Espectador.com, entre otros, Sus escritos se conocen y han obtenido reconocimientos en Chile, Uruguay, Paraguay, Espa\u00f1a y Alemania. En el a\u00f1o 2000 obtiene el reconocimiento CORREO DEL SUR como el personaje c\u00edvico del a\u00f1o por su f\u00e9rrea defensa de la dignidad pastense al protestar con su documento \u201cUn pueblo ante la historia\u201d por el trato despectivo de algunos medios de comunicaci\u00f3n. Las reacciones no se hacen esperar en peri\u00f3dicos de circulaci\u00f3n regional y nacional como El Tiempo, El Espectador y El Pa\u00eds. Ha obtenido m\u00faltiples medallas y condecoraciones por su labor period\u00edstica y cultural: Medalla al merito Guillermo Edmundo Ch\u00e1vez \u2013 mejor escritor del departamento de Nari\u00f1o 2005 \u2013 Fundaci\u00f3n Gabriel Garc\u00eda M\u00e1rquez. Mejor Columnista del departamento de Nari\u00f1o \u2013 a\u00f1os 1991 \u2013 1993 \u2013 1996 \u2013 2001 \u2013 2006 Fundaci\u00f3n Cultural Correo del Sur. Personaje C\u00edvico del Departamento de Nari\u00f1o a\u00f1o 2000. Medalla \u00c1lvaro Javier Jurado Calvache a\u00f1o 2007 \u2013 Centro Educativo PROFESA \u2013 defensor poblaci\u00f3n vulnerable del municipio de Pasto. Mejor cuentista del departamento de Nari\u00f1o \u2013 a\u00f1os 1989 \u2013 2004 \u2013 2005. Cronista m\u00e1s destacado del departamento de Nari\u00f1o \u2013 a\u00f1o 2001. Finalista VI Concurso Internacional de Cuento \u2013 Prensa Nueva \u2013 a\u00f1o 1991. Primer puesto Concurso nacional de cuento \u2013 Contralor\u00eda general de la Rep\u00fablica \u2013 a\u00f1o 1992. Primer Lugar Concurso Municipal de Periodismo \u201cSilvio Le\u00f3n Espa\u00f1a\u201d \u2013 2009. . Reconocimiento Concejo municipal de Pasto, por su labor c\u00edvica y educativa. Sus obras y escritos se conocen en varios pa\u00edses de Latinoam\u00e9rica y de Colombia. Es autor de una docena de textos y m\u00e1s de un millar de columnas de opini\u00f3n que han generado pol\u00e9mica en el contexto nacional y latinoamericano: Testimonio de una insurrecci\u00f3n ciudadana \u2013 2011. El doctor Mierda. Un pueblo ante la historia. La filosof\u00eda de la gallina. Del amor por la Tierra... y otros textos. Diario de un maestro de escuela. Apuntes para una nueva historia Nuevos apuntes \u2013 Tomas Hidalgo Calvache. El problema de los cristianos. La utilidad del poeta. \u00bfTe acuerdas Mariana...? Corona F\u00fanebre \u2013 Tomas Hidalgo Calvache. En formato digital ha editado los siguientes t\u00edtulos: - La nueva filosof\u00eda de la gallina. - Tomas Hidalgo Calvache - Apuntes. - Educar con valor. Figura en varias antolog\u00edas de autores nari\u00f1enses y en una latinoamericana. Sobre \u00e9l han escrito elogiosamente intelectuales de la talla de Otto Morales Ben\u00edtez, Edgar Bastidas Urresty, Juan Augusto Ortiz cabrera, Carlos Santamar\u00eda, Javier Rodrizales, Miguel Garz\u00f3n Arteaga, Fausto Molina, Jorge Arturo Bravo y otros tantos que ser\u00eda dif\u00edcil nombrar en esta peque\u00f1a cr\u00f3nica sobre Pablo Emilio Obando Acosta.\",\"url\":\"https:\/\/pagina10.com\/web\/author\/pobando\/\"}]}<\/script>\n<!-- \/ Yoast SEO plugin. -->","yoast_head_json":{"title":"Un adi\u00f3s al profesor Moncayo. -El caminante de la Paz- | P\u00e1gina10","robots":{"index":"index","follow":"follow","max-snippet":"max-snippet:-1","max-image-preview":"max-image-preview:large","max-video-preview":"max-video-preview:-1"},"canonical":"https:\/\/pagina10.com\/web\/un-adios-al-profesor-moncayo-el-caminante-de-la-paz\/","og_locale":"es_ES","og_type":"article","og_title":"Un adi\u00f3s al profesor Moncayo. -El caminante de la Paz- | P\u00e1gina10","og_description":"Tras el secuestro por las FARC del soldado Pablo Emilio Moncayo (1997), y su retenci\u00f3n prolongada, su padre el Profesor Gustavo Moncayo inicia (2007) , una de las protestas m\u00e1s significativas de la historia colombiana. Desde su natal Sandon\u00e1 anuncia un periplo hasta la capital de la Rep\u00fablica. En su recorrido, cubierto de cadenas y [&hellip;]","og_url":"https:\/\/pagina10.com\/web\/un-adios-al-profesor-moncayo-el-caminante-de-la-paz\/","og_site_name":"P\u00e1gina10","article_publisher":"https:\/\/www.facebook.com\/pag10com","article_published_time":"2022-11-15T13:46:37+00:00","og_image":[{"width":503,"height":491,"url":"https:\/\/pagina10.com\/web\/wp-content\/uploads\/2022\/11\/Captura-de-Pantalla-2022-11-15-a-las-8.45.20-a.-m..png","type":"image\/png"}],"author":"Pablo Emilio Obando Acosta","twitter_card":"summary_large_image","twitter_creator":"@Pag10com","twitter_site":"@Pag10com","twitter_misc":{"Escrito por":"Pablo Emilio Obando Acosta","Tiempo de lectura":"3 minutos"},"schema":{"@context":"https:\/\/schema.org","@graph":[{"@type":"Article","@id":"https:\/\/pagina10.com\/web\/un-adios-al-profesor-moncayo-el-caminante-de-la-paz\/#article","isPartOf":{"@id":"https:\/\/pagina10.com\/web\/un-adios-al-profesor-moncayo-el-caminante-de-la-paz\/"},"author":{"name":"Pablo Emilio Obando Acosta","@id":"https:\/\/pagina10.com\/web\/#\/schema\/person\/3d3687c9f037834284853a963ee45123"},"headline":"Un adi\u00f3s al profesor Moncayo. -El caminante de la Paz-","datePublished":"2022-11-15T13:46:37+00:00","mainEntityOfPage":{"@id":"https:\/\/pagina10.com\/web\/un-adios-al-profesor-moncayo-el-caminante-de-la-paz\/"},"wordCount":547,"commentCount":0,"publisher":{"@id":"https:\/\/pagina10.com\/web\/#organization"},"image":{"@id":"https:\/\/pagina10.com\/web\/un-adios-al-profesor-moncayo-el-caminante-de-la-paz\/#primaryimage"},"thumbnailUrl":"https:\/\/pagina10.com\/web\/wp-content\/uploads\/2022\/11\/Captura-de-Pantalla-2022-11-15-a-las-8.45.20-a.-m..png","articleSection":["Regiones","Titulares"],"inLanguage":"es","potentialAction":[{"@type":"CommentAction","name":"Comment","target":["https:\/\/pagina10.com\/web\/un-adios-al-profesor-moncayo-el-caminante-de-la-paz\/#respond"]}]},{"@type":"WebPage","@id":"https:\/\/pagina10.com\/web\/un-adios-al-profesor-moncayo-el-caminante-de-la-paz\/","url":"https:\/\/pagina10.com\/web\/un-adios-al-profesor-moncayo-el-caminante-de-la-paz\/","name":"Un adi\u00f3s al profesor Moncayo. -El caminante de la Paz- | P\u00e1gina10","isPartOf":{"@id":"https:\/\/pagina10.com\/web\/#website"},"primaryImageOfPage":{"@id":"https:\/\/pagina10.com\/web\/un-adios-al-profesor-moncayo-el-caminante-de-la-paz\/#primaryimage"},"image":{"@id":"https:\/\/pagina10.com\/web\/un-adios-al-profesor-moncayo-el-caminante-de-la-paz\/#primaryimage"},"thumbnailUrl":"https:\/\/pagina10.com\/web\/wp-content\/uploads\/2022\/11\/Captura-de-Pantalla-2022-11-15-a-las-8.45.20-a.-m..png","datePublished":"2022-11-15T13:46:37+00:00","breadcrumb":{"@id":"https:\/\/pagina10.com\/web\/un-adios-al-profesor-moncayo-el-caminante-de-la-paz\/#breadcrumb"},"inLanguage":"es","potentialAction":[{"@type":"ReadAction","target":["https:\/\/pagina10.com\/web\/un-adios-al-profesor-moncayo-el-caminante-de-la-paz\/"]}]},{"@type":"ImageObject","inLanguage":"es","@id":"https:\/\/pagina10.com\/web\/un-adios-al-profesor-moncayo-el-caminante-de-la-paz\/#primaryimage","url":"https:\/\/pagina10.com\/web\/wp-content\/uploads\/2022\/11\/Captura-de-Pantalla-2022-11-15-a-las-8.45.20-a.-m..png","contentUrl":"https:\/\/pagina10.com\/web\/wp-content\/uploads\/2022\/11\/Captura-de-Pantalla-2022-11-15-a-las-8.45.20-a.-m..png","width":503,"height":491},{"@type":"BreadcrumbList","@id":"https:\/\/pagina10.com\/web\/un-adios-al-profesor-moncayo-el-caminante-de-la-paz\/#breadcrumb","itemListElement":[{"@type":"ListItem","position":1,"name":"Portada","item":"https:\/\/pagina10.com\/web\/"},{"@type":"ListItem","position":2,"name":"Un adi\u00f3s al profesor Moncayo. -El caminante de la Paz-"}]},{"@type":"WebSite","@id":"https:\/\/pagina10.com\/web\/#website","url":"https:\/\/pagina10.com\/web\/","name":"P\u00e1gina10","description":"Peri\u00f3dico Regional","publisher":{"@id":"https:\/\/pagina10.com\/web\/#organization"},"alternateName":"P\u00e1gina10 Peri\u00f3dico Regional","potentialAction":[{"@type":"SearchAction","target":{"@type":"EntryPoint","urlTemplate":"https:\/\/pagina10.com\/web\/?s={search_term_string}"},"query-input":{"@type":"PropertyValueSpecification","valueRequired":true,"valueName":"search_term_string"}}],"inLanguage":"es"},{"@type":"Organization","@id":"https:\/\/pagina10.com\/web\/#organization","name":"P\u00e1gina10","alternateName":"P\u00e1gina10 Peri\u00f3dico Regional","url":"https:\/\/pagina10.com\/web\/","logo":{"@type":"ImageObject","inLanguage":"es","@id":"https:\/\/pagina10.com\/web\/#\/schema\/logo\/image\/","url":"https:\/\/pagina10.com\/web\/wp-content\/uploads\/2024\/01\/40-pagina-10-periodico-regional-pasto.jpg","contentUrl":"https:\/\/pagina10.com\/web\/wp-content\/uploads\/2024\/01\/40-pagina-10-periodico-regional-pasto.jpg","width":1280,"height":720,"caption":"P\u00e1gina10"},"image":{"@id":"https:\/\/pagina10.com\/web\/#\/schema\/logo\/image\/"},"sameAs":["https:\/\/www.facebook.com\/pag10com","https:\/\/x.com\/Pag10com","https:\/\/www.instagram.com\/pagina10col\/","https:\/\/youtube.com\/channel\/pag10","https:\/\/www.tiktok.com\/@p10col"]},{"@type":"Person","@id":"https:\/\/pagina10.com\/web\/#\/schema\/person\/3d3687c9f037834284853a963ee45123","name":"Pablo Emilio Obando Acosta","description":"PABLO EMILIO OBANDO ACOSTA Nace en el a\u00f1o de 1965. Bachiller acad\u00e9mico Modalidad Humanidades del INEM de Pasto. En 1989 culmina sus estudios universitarios en la Universidad de Nari\u00f1o obteniendo el t\u00edtulo de Licenciado en Ciencias Sociales \u2013 \u00e9nfasis Ciencias de la Educaci\u00f3n \u2013Jornada nocturna-. Especialista en Literatura latinoamericana y colaborador de importantes medios de comunicaci\u00f3n escritos de nuestra regi\u00f3n y del pa\u00eds: El Tiempo.com, Semana.com, Dinero, Diario Del Sur, El Espectador.com, entre otros, Sus escritos se conocen y han obtenido reconocimientos en Chile, Uruguay, Paraguay, Espa\u00f1a y Alemania. En el a\u00f1o 2000 obtiene el reconocimiento CORREO DEL SUR como el personaje c\u00edvico del a\u00f1o por su f\u00e9rrea defensa de la dignidad pastense al protestar con su documento \u201cUn pueblo ante la historia\u201d por el trato despectivo de algunos medios de comunicaci\u00f3n. Las reacciones no se hacen esperar en peri\u00f3dicos de circulaci\u00f3n regional y nacional como El Tiempo, El Espectador y El Pa\u00eds. Ha obtenido m\u00faltiples medallas y condecoraciones por su labor period\u00edstica y cultural: Medalla al merito Guillermo Edmundo Ch\u00e1vez \u2013 mejor escritor del departamento de Nari\u00f1o 2005 \u2013 Fundaci\u00f3n Gabriel Garc\u00eda M\u00e1rquez. Mejor Columnista del departamento de Nari\u00f1o \u2013 a\u00f1os 1991 \u2013 1993 \u2013 1996 \u2013 2001 \u2013 2006 Fundaci\u00f3n Cultural Correo del Sur. Personaje C\u00edvico del Departamento de Nari\u00f1o a\u00f1o 2000. Medalla \u00c1lvaro Javier Jurado Calvache a\u00f1o 2007 \u2013 Centro Educativo PROFESA \u2013 defensor poblaci\u00f3n vulnerable del municipio de Pasto. Mejor cuentista del departamento de Nari\u00f1o \u2013 a\u00f1os 1989 \u2013 2004 \u2013 2005. Cronista m\u00e1s destacado del departamento de Nari\u00f1o \u2013 a\u00f1o 2001. Finalista VI Concurso Internacional de Cuento \u2013 Prensa Nueva \u2013 a\u00f1o 1991. Primer puesto Concurso nacional de cuento \u2013 Contralor\u00eda general de la Rep\u00fablica \u2013 a\u00f1o 1992. Primer Lugar Concurso Municipal de Periodismo \u201cSilvio Le\u00f3n Espa\u00f1a\u201d \u2013 2009. . Reconocimiento Concejo municipal de Pasto, por su labor c\u00edvica y educativa. Sus obras y escritos se conocen en varios pa\u00edses de Latinoam\u00e9rica y de Colombia. Es autor de una docena de textos y m\u00e1s de un millar de columnas de opini\u00f3n que han generado pol\u00e9mica en el contexto nacional y latinoamericano: Testimonio de una insurrecci\u00f3n ciudadana \u2013 2011. El doctor Mierda. Un pueblo ante la historia. La filosof\u00eda de la gallina. Del amor por la Tierra... y otros textos. Diario de un maestro de escuela. Apuntes para una nueva historia Nuevos apuntes \u2013 Tomas Hidalgo Calvache. El problema de los cristianos. La utilidad del poeta. \u00bfTe acuerdas Mariana...? Corona F\u00fanebre \u2013 Tomas Hidalgo Calvache. En formato digital ha editado los siguientes t\u00edtulos: - La nueva filosof\u00eda de la gallina. - Tomas Hidalgo Calvache - Apuntes. - Educar con valor. Figura en varias antolog\u00edas de autores nari\u00f1enses y en una latinoamericana. Sobre \u00e9l han escrito elogiosamente intelectuales de la talla de Otto Morales Ben\u00edtez, Edgar Bastidas Urresty, Juan Augusto Ortiz cabrera, Carlos Santamar\u00eda, Javier Rodrizales, Miguel Garz\u00f3n Arteaga, Fausto Molina, Jorge Arturo Bravo y otros tantos que ser\u00eda dif\u00edcil nombrar en esta peque\u00f1a cr\u00f3nica sobre Pablo Emilio Obando Acosta.","url":"https:\/\/pagina10.com\/web\/author\/pobando\/"}]}},"_links":{"self":[{"href":"https:\/\/pagina10.com\/web\/wp-json\/wp\/v2\/posts\/62865","targetHints":{"allow":["GET"]}}],"collection":[{"href":"https:\/\/pagina10.com\/web\/wp-json\/wp\/v2\/posts"}],"about":[{"href":"https:\/\/pagina10.com\/web\/wp-json\/wp\/v2\/types\/post"}],"author":[{"embeddable":true,"href":"https:\/\/pagina10.com\/web\/wp-json\/wp\/v2\/users\/46"}],"replies":[{"embeddable":true,"href":"https:\/\/pagina10.com\/web\/wp-json\/wp\/v2\/comments?post=62865"}],"version-history":[{"count":1,"href":"https:\/\/pagina10.com\/web\/wp-json\/wp\/v2\/posts\/62865\/revisions"}],"predecessor-version":[{"id":62867,"href":"https:\/\/pagina10.com\/web\/wp-json\/wp\/v2\/posts\/62865\/revisions\/62867"}],"wp:featuredmedia":[{"embeddable":true,"href":"https:\/\/pagina10.com\/web\/wp-json\/wp\/v2\/media\/62866"}],"wp:attachment":[{"href":"https:\/\/pagina10.com\/web\/wp-json\/wp\/v2\/media?parent=62865"}],"wp:term":[{"taxonomy":"category","embeddable":true,"href":"https:\/\/pagina10.com\/web\/wp-json\/wp\/v2\/categories?post=62865"},{"taxonomy":"post_tag","embeddable":true,"href":"https:\/\/pagina10.com\/web\/wp-json\/wp\/v2\/tags?post=62865"}],"curies":[{"name":"wp","href":"https:\/\/api.w.org\/{rel}","templated":true}]}}