{"id":62899,"date":"2022-11-16T09:28:34","date_gmt":"2022-11-16T14:28:34","guid":{"rendered":"https:\/\/pagina10.com\/web\/?p=62899"},"modified":"2022-11-16T09:32:10","modified_gmt":"2022-11-16T14:32:10","slug":"alianza-comunitaria-academica-e-interinstitucional-por-el-agua-alternativas-para-el-fortalecimiento-de-los-acueductos-rurales-de-tangua","status":"publish","type":"post","link":"https:\/\/pagina10.com\/web\/alianza-comunitaria-academica-e-interinstitucional-por-el-agua-alternativas-para-el-fortalecimiento-de-los-acueductos-rurales-de-tangua\/","title":{"rendered":"Alianza comunitaria, acad\u00e9mica e interinstitucional por el agua, alternativas para el fortalecimiento de los acueductos rurales de Tangua"},"content":{"rendered":"<p style=\"text-align: justify;\">La Gobernaci\u00f3n de Nari\u00f1o, a trav\u00e9s de la Ventanilla \u00danica, comparti\u00f3 conocimientos, experiencias e investigaciones en relaci\u00f3n a los acueductos rurales comunitarios, en el marco de la Alianza Interinstitucional, para desarrollar una acci\u00f3n estrat\u00e9gica de aporte al mejoramiento integral del servicio que ofrecen los acueductos rurales del municipio de Tangua.<\/p>\n<p style=\"text-align: justify;\">El evento acad\u00e9mico permiti\u00f3 conocer experiencias e investigaciones relacionadas a los acueductos rurales comunitarios, en el marco de la alianza interinstitucional que aporta al mejoramiento integral del servicio.<\/p>\n<p style=\"text-align: justify;\">\u201cEn este nuevo gobierno, en un gobierno del cambio, sin duda uno de los ejes tiene que ver con el ordenamiento territorial alrededor del agua, por eso, con estos eventos donde podamos compartir la experiencia de la comunidad, la capacidad acad\u00e9mica, de profesores, cient\u00edficos e investigadores, sumado al apoyo institucional tendremos resultados muy positivos para fortalecer los temas concretos de acueductos rurales y en general todo lo que tiene que ver con el agua como un elemento vital\u201d, indic\u00f3 el Asesor de Despacho de la Gobernaci\u00f3n de Nari\u00f1o, Mario Benavides.<\/p>\n<p style=\"text-align: justify;\">Por su parte, el Alcalde del municipio de Tangua, Emerson Javier Mej\u00eda Rivas, se\u00f1al\u00f3 que su Municipio es pionero en esta clase de articulaciones, gracias a la Fundaci\u00f3n Grupo Social y a la iniciativa que se ha tenido. En una primera fase a m\u00e1s de 600 familias son beneficiadas de este acueducto multiveredal. \u201cNos hemos articulado para sacar adelante un proyecto important\u00edsimo para muchas de las veredas de nuestro municipio, en el proyecto: \u2018Agua y Bienestar para mi Vereda\u2019, que ha sido un pol\u00edtica del se\u00f1or Gobernador, para poder llevar estos acueductos a nuestras veredas que tan limitadas est\u00e1n de esta fuente h\u00eddrica tan necesaria para la vida, es por eso que hoy articulamos a las universidades para la estructuraci\u00f3n y poder gestionar los recursos que est\u00e1n en la Gobernaci\u00f3n y poderlos invertir en nuestro municipio\u201d, puntualiz\u00f3.<\/p>\n<p style=\"text-align: justify;\">El prop\u00f3sito de este trabajo conjunto entre entidades y comunidad acad\u00e9mica e investigativa, es seguir avanzando en la prestaci\u00f3n del servicio de acueducto y sin lugar a duda garantizar cada vez m\u00e1s una mejor calidad de vida en la poblaci\u00f3n del municipio de Tangua.<\/p>\n","protected":false},"excerpt":{"rendered":"<p>La Gobernaci\u00f3n de Nari\u00f1o, a trav\u00e9s de la Ventanilla \u00danica, comparti\u00f3 conocimientos, experiencias e investigaciones en relaci\u00f3n a los acueductos rurales comunitarios, en el marco de la Alianza Interinstitucional, para desarrollar una acci\u00f3n estrat\u00e9gica de aporte al mejoramiento integral del servicio que ofrecen los acueductos rurales del municipio de Tangua. El evento acad\u00e9mico permiti\u00f3 conocer [&hellip;]<\/p>\n","protected":false},"author":1,"featured_media":62900,"comment_status":"open","ping_status":"open","sticky":false,"template":"","format":"standard","meta":{"footnotes":""},"categories":[53],"tags":[],"class_list":["post-62899","post","type-post","status-publish","format-standard","has-post-thumbnail","hentry","category-regiones"],"yoast_head":"<!-- This site is optimized with the Yoast SEO plugin v27.1.1 - https:\/\/yoast.com\/product\/yoast-seo-wordpress\/ -->\n<title>Alianza comunitaria, acad\u00e9mica e interinstitucional por el agua, alternativas para el fortalecimiento de los acueductos rurales de Tangua | P\u00e1gina10<\/title>\n<meta name=\"robots\" content=\"index, follow, max-snippet:-1, max-image-preview:large, max-video-preview:-1\" \/>\n<link rel=\"canonical\" href=\"https:\/\/pagina10.com\/web\/alianza-comunitaria-academica-e-interinstitucional-por-el-agua-alternativas-para-el-fortalecimiento-de-los-acueductos-rurales-de-tangua\/\" \/>\n<meta property=\"og:locale\" content=\"es_ES\" \/>\n<meta property=\"og:type\" content=\"article\" \/>\n<meta property=\"og:title\" content=\"Alianza comunitaria, acad\u00e9mica e interinstitucional por el agua, alternativas para el fortalecimiento de los acueductos rurales de Tangua | P\u00e1gina10\" \/>\n<meta property=\"og:description\" content=\"La Gobernaci\u00f3n de Nari\u00f1o, a trav\u00e9s de la Ventanilla \u00danica, comparti\u00f3 conocimientos, experiencias e investigaciones en relaci\u00f3n a los acueductos rurales comunitarios, en el marco de la Alianza Interinstitucional, para desarrollar una acci\u00f3n estrat\u00e9gica de aporte al mejoramiento integral del servicio que ofrecen los acueductos rurales del municipio de Tangua. El evento acad\u00e9mico permiti\u00f3 conocer [&hellip;]\" \/>\n<meta property=\"og:url\" content=\"https:\/\/pagina10.com\/web\/alianza-comunitaria-academica-e-interinstitucional-por-el-agua-alternativas-para-el-fortalecimiento-de-los-acueductos-rurales-de-tangua\/\" \/>\n<meta property=\"og:site_name\" content=\"P\u00e1gina10\" \/>\n<meta property=\"article:publisher\" content=\"https:\/\/www.facebook.com\/pag10com\" \/>\n<meta property=\"article:published_time\" content=\"2022-11-16T14:28:34+00:00\" \/>\n<meta property=\"article:modified_time\" content=\"2022-11-16T14:32:10+00:00\" \/>\n<meta property=\"og:image\" content=\"https:\/\/pagina10.com\/web\/wp-content\/uploads\/2022\/11\/Captura-de-Pantalla-2022-11-16-a-las-9.27.58-a.-m..png\" \/>\n\t<meta property=\"og:image:width\" content=\"507\" \/>\n\t<meta property=\"og:image:height\" content=\"339\" \/>\n\t<meta property=\"og:image:type\" content=\"image\/png\" \/>\n<meta name=\"author\" content=\"P\u00e1gina 10\" \/>\n<meta name=\"twitter:card\" content=\"summary_large_image\" \/>\n<meta name=\"twitter:creator\" content=\"@Pag10com\" \/>\n<meta name=\"twitter:site\" content=\"@Pag10com\" \/>\n<meta name=\"twitter:label1\" content=\"Escrito por\" \/>\n\t<meta name=\"twitter:data1\" content=\"P\u00e1gina 10\" \/>\n\t<meta name=\"twitter:label2\" content=\"Tiempo de lectura\" \/>\n\t<meta name=\"twitter:data2\" content=\"2 minutos\" \/>\n<script type=\"application\/ld+json\" class=\"yoast-schema-graph\">{\"@context\":\"https:\/\/schema.org\",\"@graph\":[{\"@type\":\"Article\",\"@id\":\"https:\/\/pagina10.com\/web\/alianza-comunitaria-academica-e-interinstitucional-por-el-agua-alternativas-para-el-fortalecimiento-de-los-acueductos-rurales-de-tangua\/#article\",\"isPartOf\":{\"@id\":\"https:\/\/pagina10.com\/web\/alianza-comunitaria-academica-e-interinstitucional-por-el-agua-alternativas-para-el-fortalecimiento-de-los-acueductos-rurales-de-tangua\/\"},\"author\":{\"name\":\"P\u00e1gina 10\",\"@id\":\"https:\/\/pagina10.com\/web\/#\/schema\/person\/2efc4a090d25b667d3bc796798a3a81b\"},\"headline\":\"Alianza comunitaria, acad\u00e9mica e interinstitucional por el agua, alternativas para el fortalecimiento de los acueductos rurales de Tangua\",\"datePublished\":\"2022-11-16T14:28:34+00:00\",\"dateModified\":\"2022-11-16T14:32:10+00:00\",\"mainEntityOfPage\":{\"@id\":\"https:\/\/pagina10.com\/web\/alianza-comunitaria-academica-e-interinstitucional-por-el-agua-alternativas-para-el-fortalecimiento-de-los-acueductos-rurales-de-tangua\/\"},\"wordCount\":395,\"commentCount\":0,\"publisher\":{\"@id\":\"https:\/\/pagina10.com\/web\/#organization\"},\"image\":{\"@id\":\"https:\/\/pagina10.com\/web\/alianza-comunitaria-academica-e-interinstitucional-por-el-agua-alternativas-para-el-fortalecimiento-de-los-acueductos-rurales-de-tangua\/#primaryimage\"},\"thumbnailUrl\":\"https:\/\/pagina10.com\/web\/wp-content\/uploads\/2022\/11\/Captura-de-Pantalla-2022-11-16-a-las-9.27.58-a.-m..png\",\"articleSection\":[\"Regiones\"],\"inLanguage\":\"es\",\"potentialAction\":[{\"@type\":\"CommentAction\",\"name\":\"Comment\",\"target\":[\"https:\/\/pagina10.com\/web\/alianza-comunitaria-academica-e-interinstitucional-por-el-agua-alternativas-para-el-fortalecimiento-de-los-acueductos-rurales-de-tangua\/#respond\"]}]},{\"@type\":\"WebPage\",\"@id\":\"https:\/\/pagina10.com\/web\/alianza-comunitaria-academica-e-interinstitucional-por-el-agua-alternativas-para-el-fortalecimiento-de-los-acueductos-rurales-de-tangua\/\",\"url\":\"https:\/\/pagina10.com\/web\/alianza-comunitaria-academica-e-interinstitucional-por-el-agua-alternativas-para-el-fortalecimiento-de-los-acueductos-rurales-de-tangua\/\",\"name\":\"Alianza comunitaria, acad\u00e9mica e interinstitucional por el agua, alternativas para el fortalecimiento de los acueductos rurales de Tangua | P\u00e1gina10\",\"isPartOf\":{\"@id\":\"https:\/\/pagina10.com\/web\/#website\"},\"primaryImageOfPage\":{\"@id\":\"https:\/\/pagina10.com\/web\/alianza-comunitaria-academica-e-interinstitucional-por-el-agua-alternativas-para-el-fortalecimiento-de-los-acueductos-rurales-de-tangua\/#primaryimage\"},\"image\":{\"@id\":\"https:\/\/pagina10.com\/web\/alianza-comunitaria-academica-e-interinstitucional-por-el-agua-alternativas-para-el-fortalecimiento-de-los-acueductos-rurales-de-tangua\/#primaryimage\"},\"thumbnailUrl\":\"https:\/\/pagina10.com\/web\/wp-content\/uploads\/2022\/11\/Captura-de-Pantalla-2022-11-16-a-las-9.27.58-a.-m..png\",\"datePublished\":\"2022-11-16T14:28:34+00:00\",\"dateModified\":\"2022-11-16T14:32:10+00:00\",\"breadcrumb\":{\"@id\":\"https:\/\/pagina10.com\/web\/alianza-comunitaria-academica-e-interinstitucional-por-el-agua-alternativas-para-el-fortalecimiento-de-los-acueductos-rurales-de-tangua\/#breadcrumb\"},\"inLanguage\":\"es\",\"potentialAction\":[{\"@type\":\"ReadAction\",\"target\":[\"https:\/\/pagina10.com\/web\/alianza-comunitaria-academica-e-interinstitucional-por-el-agua-alternativas-para-el-fortalecimiento-de-los-acueductos-rurales-de-tangua\/\"]}]},{\"@type\":\"ImageObject\",\"inLanguage\":\"es\",\"@id\":\"https:\/\/pagina10.com\/web\/alianza-comunitaria-academica-e-interinstitucional-por-el-agua-alternativas-para-el-fortalecimiento-de-los-acueductos-rurales-de-tangua\/#primaryimage\",\"url\":\"https:\/\/pagina10.com\/web\/wp-content\/uploads\/2022\/11\/Captura-de-Pantalla-2022-11-16-a-las-9.27.58-a.-m..png\",\"contentUrl\":\"https:\/\/pagina10.com\/web\/wp-content\/uploads\/2022\/11\/Captura-de-Pantalla-2022-11-16-a-las-9.27.58-a.-m..png\",\"width\":507,\"height\":339},{\"@type\":\"BreadcrumbList\",\"@id\":\"https:\/\/pagina10.com\/web\/alianza-comunitaria-academica-e-interinstitucional-por-el-agua-alternativas-para-el-fortalecimiento-de-los-acueductos-rurales-de-tangua\/#breadcrumb\",\"itemListElement\":[{\"@type\":\"ListItem\",\"position\":1,\"name\":\"Portada\",\"item\":\"https:\/\/pagina10.com\/web\/\"},{\"@type\":\"ListItem\",\"position\":2,\"name\":\"Alianza comunitaria, acad\u00e9mica e interinstitucional por el agua, alternativas para el fortalecimiento de los acueductos rurales de Tangua\"}]},{\"@type\":\"WebSite\",\"@id\":\"https:\/\/pagina10.com\/web\/#website\",\"url\":\"https:\/\/pagina10.com\/web\/\",\"name\":\"P\u00e1gina10\",\"description\":\"Peri\u00f3dico Regional\",\"publisher\":{\"@id\":\"https:\/\/pagina10.com\/web\/#organization\"},\"alternateName\":\"P\u00e1gina10 Peri\u00f3dico Regional\",\"potentialAction\":[{\"@type\":\"SearchAction\",\"target\":{\"@type\":\"EntryPoint\",\"urlTemplate\":\"https:\/\/pagina10.com\/web\/?s={search_term_string}\"},\"query-input\":{\"@type\":\"PropertyValueSpecification\",\"valueRequired\":true,\"valueName\":\"search_term_string\"}}],\"inLanguage\":\"es\"},{\"@type\":\"Organization\",\"@id\":\"https:\/\/pagina10.com\/web\/#organization\",\"name\":\"P\u00e1gina10\",\"alternateName\":\"P\u00e1gina10 Peri\u00f3dico Regional\",\"url\":\"https:\/\/pagina10.com\/web\/\",\"logo\":{\"@type\":\"ImageObject\",\"inLanguage\":\"es\",\"@id\":\"https:\/\/pagina10.com\/web\/#\/schema\/logo\/image\/\",\"url\":\"https:\/\/pagina10.com\/web\/wp-content\/uploads\/2024\/01\/40-pagina-10-periodico-regional-pasto.jpg\",\"contentUrl\":\"https:\/\/pagina10.com\/web\/wp-content\/uploads\/2024\/01\/40-pagina-10-periodico-regional-pasto.jpg\",\"width\":1280,\"height\":720,\"caption\":\"P\u00e1gina10\"},\"image\":{\"@id\":\"https:\/\/pagina10.com\/web\/#\/schema\/logo\/image\/\"},\"sameAs\":[\"https:\/\/www.facebook.com\/pag10com\",\"https:\/\/x.com\/Pag10com\",\"https:\/\/www.instagram.com\/pagina10col\/\",\"https:\/\/youtube.com\/channel\/pag10\",\"https:\/\/www.tiktok.com\/@p10col\"]},{\"@type\":\"Person\",\"@id\":\"https:\/\/pagina10.com\/web\/#\/schema\/person\/2efc4a090d25b667d3bc796798a3a81b\",\"name\":\"P\u00e1gina 10\",\"description\":\"P\u00e1gina 10 es un peri\u00f3dico regional que nace en Colombia, en el departamento de Nari\u00f1o, con un enfoque global, fundamentado en cuatro pilares esenciales: la libertad, el pluralismo, la inclusi\u00f3n y la independencia. P\u00e1gina 10 hace referencia a Nari\u00f1o como el d\u00e9cimo departamento creado en Colombia, despu\u00e9s de un proceso pol\u00edtico liderado por actores y actrices regionales con el fin de obtener la independencia y autonom\u00eda de nuestros territorios. Con la creaci\u00f3n de P\u00e1gina 10 se pretende abrir un escenario para el dialogo, la reflexi\u00f3n y el debate que se extienda a otras geograf\u00edas de Am\u00e9rica Latina y del planeta, en una apuesta por transformar colectivamente los desaf\u00edos de un mundo contempor\u00e1neo, m\u00e1s all\u00e1 de las fronteras impuestas.\",\"url\":\"https:\/\/pagina10.com\/web\/author\/pdiezadmin\/\"}]}<\/script>\n<!-- \/ Yoast SEO plugin. -->","yoast_head_json":{"title":"Alianza comunitaria, acad\u00e9mica e interinstitucional por el agua, alternativas para el fortalecimiento de los acueductos rurales de Tangua | P\u00e1gina10","robots":{"index":"index","follow":"follow","max-snippet":"max-snippet:-1","max-image-preview":"max-image-preview:large","max-video-preview":"max-video-preview:-1"},"canonical":"https:\/\/pagina10.com\/web\/alianza-comunitaria-academica-e-interinstitucional-por-el-agua-alternativas-para-el-fortalecimiento-de-los-acueductos-rurales-de-tangua\/","og_locale":"es_ES","og_type":"article","og_title":"Alianza comunitaria, acad\u00e9mica e interinstitucional por el agua, alternativas para el fortalecimiento de los acueductos rurales de Tangua | P\u00e1gina10","og_description":"La Gobernaci\u00f3n de Nari\u00f1o, a trav\u00e9s de la Ventanilla \u00danica, comparti\u00f3 conocimientos, experiencias e investigaciones en relaci\u00f3n a los acueductos rurales comunitarios, en el marco de la Alianza Interinstitucional, para desarrollar una acci\u00f3n estrat\u00e9gica de aporte al mejoramiento integral del servicio que ofrecen los acueductos rurales del municipio de Tangua. El evento acad\u00e9mico permiti\u00f3 conocer [&hellip;]","og_url":"https:\/\/pagina10.com\/web\/alianza-comunitaria-academica-e-interinstitucional-por-el-agua-alternativas-para-el-fortalecimiento-de-los-acueductos-rurales-de-tangua\/","og_site_name":"P\u00e1gina10","article_publisher":"https:\/\/www.facebook.com\/pag10com","article_published_time":"2022-11-16T14:28:34+00:00","article_modified_time":"2022-11-16T14:32:10+00:00","og_image":[{"width":507,"height":339,"url":"https:\/\/pagina10.com\/web\/wp-content\/uploads\/2022\/11\/Captura-de-Pantalla-2022-11-16-a-las-9.27.58-a.-m..png","type":"image\/png"}],"author":"P\u00e1gina 10","twitter_card":"summary_large_image","twitter_creator":"@Pag10com","twitter_site":"@Pag10com","twitter_misc":{"Escrito por":"P\u00e1gina 10","Tiempo de lectura":"2 minutos"},"schema":{"@context":"https:\/\/schema.org","@graph":[{"@type":"Article","@id":"https:\/\/pagina10.com\/web\/alianza-comunitaria-academica-e-interinstitucional-por-el-agua-alternativas-para-el-fortalecimiento-de-los-acueductos-rurales-de-tangua\/#article","isPartOf":{"@id":"https:\/\/pagina10.com\/web\/alianza-comunitaria-academica-e-interinstitucional-por-el-agua-alternativas-para-el-fortalecimiento-de-los-acueductos-rurales-de-tangua\/"},"author":{"name":"P\u00e1gina 10","@id":"https:\/\/pagina10.com\/web\/#\/schema\/person\/2efc4a090d25b667d3bc796798a3a81b"},"headline":"Alianza comunitaria, acad\u00e9mica e interinstitucional por el agua, alternativas para el fortalecimiento de los acueductos rurales de Tangua","datePublished":"2022-11-16T14:28:34+00:00","dateModified":"2022-11-16T14:32:10+00:00","mainEntityOfPage":{"@id":"https:\/\/pagina10.com\/web\/alianza-comunitaria-academica-e-interinstitucional-por-el-agua-alternativas-para-el-fortalecimiento-de-los-acueductos-rurales-de-tangua\/"},"wordCount":395,"commentCount":0,"publisher":{"@id":"https:\/\/pagina10.com\/web\/#organization"},"image":{"@id":"https:\/\/pagina10.com\/web\/alianza-comunitaria-academica-e-interinstitucional-por-el-agua-alternativas-para-el-fortalecimiento-de-los-acueductos-rurales-de-tangua\/#primaryimage"},"thumbnailUrl":"https:\/\/pagina10.com\/web\/wp-content\/uploads\/2022\/11\/Captura-de-Pantalla-2022-11-16-a-las-9.27.58-a.-m..png","articleSection":["Regiones"],"inLanguage":"es","potentialAction":[{"@type":"CommentAction","name":"Comment","target":["https:\/\/pagina10.com\/web\/alianza-comunitaria-academica-e-interinstitucional-por-el-agua-alternativas-para-el-fortalecimiento-de-los-acueductos-rurales-de-tangua\/#respond"]}]},{"@type":"WebPage","@id":"https:\/\/pagina10.com\/web\/alianza-comunitaria-academica-e-interinstitucional-por-el-agua-alternativas-para-el-fortalecimiento-de-los-acueductos-rurales-de-tangua\/","url":"https:\/\/pagina10.com\/web\/alianza-comunitaria-academica-e-interinstitucional-por-el-agua-alternativas-para-el-fortalecimiento-de-los-acueductos-rurales-de-tangua\/","name":"Alianza comunitaria, acad\u00e9mica e interinstitucional por el agua, alternativas para el fortalecimiento de los acueductos rurales de Tangua | P\u00e1gina10","isPartOf":{"@id":"https:\/\/pagina10.com\/web\/#website"},"primaryImageOfPage":{"@id":"https:\/\/pagina10.com\/web\/alianza-comunitaria-academica-e-interinstitucional-por-el-agua-alternativas-para-el-fortalecimiento-de-los-acueductos-rurales-de-tangua\/#primaryimage"},"image":{"@id":"https:\/\/pagina10.com\/web\/alianza-comunitaria-academica-e-interinstitucional-por-el-agua-alternativas-para-el-fortalecimiento-de-los-acueductos-rurales-de-tangua\/#primaryimage"},"thumbnailUrl":"https:\/\/pagina10.com\/web\/wp-content\/uploads\/2022\/11\/Captura-de-Pantalla-2022-11-16-a-las-9.27.58-a.-m..png","datePublished":"2022-11-16T14:28:34+00:00","dateModified":"2022-11-16T14:32:10+00:00","breadcrumb":{"@id":"https:\/\/pagina10.com\/web\/alianza-comunitaria-academica-e-interinstitucional-por-el-agua-alternativas-para-el-fortalecimiento-de-los-acueductos-rurales-de-tangua\/#breadcrumb"},"inLanguage":"es","potentialAction":[{"@type":"ReadAction","target":["https:\/\/pagina10.com\/web\/alianza-comunitaria-academica-e-interinstitucional-por-el-agua-alternativas-para-el-fortalecimiento-de-los-acueductos-rurales-de-tangua\/"]}]},{"@type":"ImageObject","inLanguage":"es","@id":"https:\/\/pagina10.com\/web\/alianza-comunitaria-academica-e-interinstitucional-por-el-agua-alternativas-para-el-fortalecimiento-de-los-acueductos-rurales-de-tangua\/#primaryimage","url":"https:\/\/pagina10.com\/web\/wp-content\/uploads\/2022\/11\/Captura-de-Pantalla-2022-11-16-a-las-9.27.58-a.-m..png","contentUrl":"https:\/\/pagina10.com\/web\/wp-content\/uploads\/2022\/11\/Captura-de-Pantalla-2022-11-16-a-las-9.27.58-a.-m..png","width":507,"height":339},{"@type":"BreadcrumbList","@id":"https:\/\/pagina10.com\/web\/alianza-comunitaria-academica-e-interinstitucional-por-el-agua-alternativas-para-el-fortalecimiento-de-los-acueductos-rurales-de-tangua\/#breadcrumb","itemListElement":[{"@type":"ListItem","position":1,"name":"Portada","item":"https:\/\/pagina10.com\/web\/"},{"@type":"ListItem","position":2,"name":"Alianza comunitaria, acad\u00e9mica e interinstitucional por el agua, alternativas para el fortalecimiento de los acueductos rurales de Tangua"}]},{"@type":"WebSite","@id":"https:\/\/pagina10.com\/web\/#website","url":"https:\/\/pagina10.com\/web\/","name":"P\u00e1gina10","description":"Peri\u00f3dico Regional","publisher":{"@id":"https:\/\/pagina10.com\/web\/#organization"},"alternateName":"P\u00e1gina10 Peri\u00f3dico Regional","potentialAction":[{"@type":"SearchAction","target":{"@type":"EntryPoint","urlTemplate":"https:\/\/pagina10.com\/web\/?s={search_term_string}"},"query-input":{"@type":"PropertyValueSpecification","valueRequired":true,"valueName":"search_term_string"}}],"inLanguage":"es"},{"@type":"Organization","@id":"https:\/\/pagina10.com\/web\/#organization","name":"P\u00e1gina10","alternateName":"P\u00e1gina10 Peri\u00f3dico Regional","url":"https:\/\/pagina10.com\/web\/","logo":{"@type":"ImageObject","inLanguage":"es","@id":"https:\/\/pagina10.com\/web\/#\/schema\/logo\/image\/","url":"https:\/\/pagina10.com\/web\/wp-content\/uploads\/2024\/01\/40-pagina-10-periodico-regional-pasto.jpg","contentUrl":"https:\/\/pagina10.com\/web\/wp-content\/uploads\/2024\/01\/40-pagina-10-periodico-regional-pasto.jpg","width":1280,"height":720,"caption":"P\u00e1gina10"},"image":{"@id":"https:\/\/pagina10.com\/web\/#\/schema\/logo\/image\/"},"sameAs":["https:\/\/www.facebook.com\/pag10com","https:\/\/x.com\/Pag10com","https:\/\/www.instagram.com\/pagina10col\/","https:\/\/youtube.com\/channel\/pag10","https:\/\/www.tiktok.com\/@p10col"]},{"@type":"Person","@id":"https:\/\/pagina10.com\/web\/#\/schema\/person\/2efc4a090d25b667d3bc796798a3a81b","name":"P\u00e1gina 10","description":"P\u00e1gina 10 es un peri\u00f3dico regional que nace en Colombia, en el departamento de Nari\u00f1o, con un enfoque global, fundamentado en cuatro pilares esenciales: la libertad, el pluralismo, la inclusi\u00f3n y la independencia. P\u00e1gina 10 hace referencia a Nari\u00f1o como el d\u00e9cimo departamento creado en Colombia, despu\u00e9s de un proceso pol\u00edtico liderado por actores y actrices regionales con el fin de obtener la independencia y autonom\u00eda de nuestros territorios. Con la creaci\u00f3n de P\u00e1gina 10 se pretende abrir un escenario para el dialogo, la reflexi\u00f3n y el debate que se extienda a otras geograf\u00edas de Am\u00e9rica Latina y del planeta, en una apuesta por transformar colectivamente los desaf\u00edos de un mundo contempor\u00e1neo, m\u00e1s all\u00e1 de las fronteras impuestas.","url":"https:\/\/pagina10.com\/web\/author\/pdiezadmin\/"}]}},"_links":{"self":[{"href":"https:\/\/pagina10.com\/web\/wp-json\/wp\/v2\/posts\/62899","targetHints":{"allow":["GET"]}}],"collection":[{"href":"https:\/\/pagina10.com\/web\/wp-json\/wp\/v2\/posts"}],"about":[{"href":"https:\/\/pagina10.com\/web\/wp-json\/wp\/v2\/types\/post"}],"author":[{"embeddable":true,"href":"https:\/\/pagina10.com\/web\/wp-json\/wp\/v2\/users\/1"}],"replies":[{"embeddable":true,"href":"https:\/\/pagina10.com\/web\/wp-json\/wp\/v2\/comments?post=62899"}],"version-history":[{"count":2,"href":"https:\/\/pagina10.com\/web\/wp-json\/wp\/v2\/posts\/62899\/revisions"}],"predecessor-version":[{"id":62906,"href":"https:\/\/pagina10.com\/web\/wp-json\/wp\/v2\/posts\/62899\/revisions\/62906"}],"wp:featuredmedia":[{"embeddable":true,"href":"https:\/\/pagina10.com\/web\/wp-json\/wp\/v2\/media\/62900"}],"wp:attachment":[{"href":"https:\/\/pagina10.com\/web\/wp-json\/wp\/v2\/media?parent=62899"}],"wp:term":[{"taxonomy":"category","embeddable":true,"href":"https:\/\/pagina10.com\/web\/wp-json\/wp\/v2\/categories?post=62899"},{"taxonomy":"post_tag","embeddable":true,"href":"https:\/\/pagina10.com\/web\/wp-json\/wp\/v2\/tags?post=62899"}],"curies":[{"name":"wp","href":"https:\/\/api.w.org\/{rel}","templated":true}]}}