{"id":62930,"date":"2022-11-16T16:34:21","date_gmt":"2022-11-16T21:34:21","guid":{"rendered":"https:\/\/pagina10.com\/web\/?p=62930"},"modified":"2022-11-16T16:34:21","modified_gmt":"2022-11-16T21:34:21","slug":"concejales-de-guachucal-reclaman-salida-de-vacaciones-de-alcalde-y-exigen-su-presencia-en-ultimo-periodo-de-sesiones","status":"publish","type":"post","link":"https:\/\/pagina10.com\/web\/concejales-de-guachucal-reclaman-salida-de-vacaciones-de-alcalde-y-exigen-su-presencia-en-ultimo-periodo-de-sesiones\/","title":{"rendered":"Concejales de Guachucal reclaman salida de vacaciones de alcalde y exigen su presencia en \u00faltimo periodo de sesiones"},"content":{"rendered":"<p style=\"text-align: justify;\">El presidente del Concejo de Guachucal Bienvenido Inampues expres\u00f3 su preocupaci\u00f3n por la ausencia del alcalde Fernando Arturo Malte L\u00f3pez ya que seg\u00fan lo manifest\u00f3: \u201chay que adelantar el tr\u00e1mite de los proyectos de acuerdo entre la corporaci\u00f3n y administraci\u00f3n municipal\u201d.<\/p>\n<p style=\"text-align: justify;\">Seg\u00fan el edil, se debe adelantar de forma urgente el proceso para definir el presupuesto del 2023 y llegar a una concertaci\u00f3n. \u201cEl primero de noviembre se present\u00f3 el proyecto de acuerdo que se viene estudiando, pero es necesaria la presencia del mandatario municipal y nuestra sorpresa es que tiene vacaciones por el momento\u201d, indic\u00f3.<\/p>\n<p style=\"text-align: justify;\">Por su parte, la concejal Miriam Guaitarilla precis\u00f3 \u201cel alcalde debi\u00f3 informar previamente que no iba asistir y que dejar\u00eda como alcaldesa encargada a Amanda Ram\u00edrez. Conocemos que la funcionaria tiene tres puestos a su cargo como coordinadora de la Umata, jefe de Planeaci\u00f3n y ahora alcaldesa encargada y debido a esta sobrecarga, no ha podido atender nuestras invitaciones\u201d.<\/p>\n<p style=\"text-align: justify;\">As\u00ed mismo, la cabildante pidi\u00f3 claridad con respecto a las obras de la v\u00eda Guachucal- Cumbal. \u201cYa se aprob\u00f3 unos recursos para el proyecto, pero el gobernador de Nari\u00f1o manifest\u00f3 que no hubo necesidad de esa plata entonces nos preguntamos que pas\u00f3 con los 30 millones de pesos\u201d.<\/p>\n","protected":false},"excerpt":{"rendered":"<p>El presidente del Concejo de Guachucal Bienvenido Inampues expres\u00f3 su preocupaci\u00f3n por la ausencia del alcalde Fernando Arturo Malte L\u00f3pez ya que seg\u00fan lo manifest\u00f3: \u201chay que adelantar el tr\u00e1mite de los proyectos de acuerdo entre la corporaci\u00f3n y administraci\u00f3n municipal\u201d. Seg\u00fan el edil, se debe adelantar de forma urgente el proceso para definir el [&hellip;]<\/p>\n","protected":false},"author":1,"featured_media":62931,"comment_status":"open","ping_status":"open","sticky":false,"template":"","format":"standard","meta":{"footnotes":""},"categories":[53],"tags":[],"class_list":["post-62930","post","type-post","status-publish","format-standard","has-post-thumbnail","hentry","category-regiones"],"yoast_head":"<!-- This site is optimized with the Yoast SEO plugin v27.1.1 - https:\/\/yoast.com\/product\/yoast-seo-wordpress\/ -->\n<title>Concejales de Guachucal reclaman salida de vacaciones de alcalde y exigen su presencia en \u00faltimo periodo de sesiones | P\u00e1gina10<\/title>\n<meta name=\"robots\" content=\"index, follow, max-snippet:-1, max-image-preview:large, max-video-preview:-1\" \/>\n<link rel=\"canonical\" href=\"https:\/\/pagina10.com\/web\/concejales-de-guachucal-reclaman-salida-de-vacaciones-de-alcalde-y-exigen-su-presencia-en-ultimo-periodo-de-sesiones\/\" \/>\n<meta property=\"og:locale\" content=\"es_ES\" \/>\n<meta property=\"og:type\" content=\"article\" \/>\n<meta property=\"og:title\" content=\"Concejales de Guachucal reclaman salida de vacaciones de alcalde y exigen su presencia en \u00faltimo periodo de sesiones | P\u00e1gina10\" \/>\n<meta property=\"og:description\" content=\"El presidente del Concejo de Guachucal Bienvenido Inampues expres\u00f3 su preocupaci\u00f3n por la ausencia del alcalde Fernando Arturo Malte L\u00f3pez ya que seg\u00fan lo manifest\u00f3: \u201chay que adelantar el tr\u00e1mite de los proyectos de acuerdo entre la corporaci\u00f3n y administraci\u00f3n municipal\u201d. Seg\u00fan el edil, se debe adelantar de forma urgente el proceso para definir el [&hellip;]\" \/>\n<meta property=\"og:url\" content=\"https:\/\/pagina10.com\/web\/concejales-de-guachucal-reclaman-salida-de-vacaciones-de-alcalde-y-exigen-su-presencia-en-ultimo-periodo-de-sesiones\/\" \/>\n<meta property=\"og:site_name\" content=\"P\u00e1gina10\" \/>\n<meta property=\"article:publisher\" content=\"https:\/\/www.facebook.com\/pag10com\" \/>\n<meta property=\"article:published_time\" content=\"2022-11-16T21:34:21+00:00\" \/>\n<meta property=\"og:image\" content=\"https:\/\/pagina10.com\/web\/wp-content\/uploads\/2022\/11\/Foto-2-Fernando-Malte.jpeg\" \/>\n\t<meta property=\"og:image:width\" content=\"800\" \/>\n\t<meta property=\"og:image:height\" content=\"500\" \/>\n\t<meta property=\"og:image:type\" content=\"image\/jpeg\" \/>\n<meta name=\"author\" content=\"P\u00e1gina 10\" \/>\n<meta name=\"twitter:card\" content=\"summary_large_image\" \/>\n<meta name=\"twitter:creator\" content=\"@Pag10com\" \/>\n<meta name=\"twitter:site\" content=\"@Pag10com\" \/>\n<meta name=\"twitter:label1\" content=\"Escrito por\" \/>\n\t<meta name=\"twitter:data1\" content=\"P\u00e1gina 10\" \/>\n\t<meta name=\"twitter:label2\" content=\"Tiempo de lectura\" \/>\n\t<meta name=\"twitter:data2\" content=\"1 minuto\" \/>\n<script type=\"application\/ld+json\" class=\"yoast-schema-graph\">{\"@context\":\"https:\/\/schema.org\",\"@graph\":[{\"@type\":\"Article\",\"@id\":\"https:\/\/pagina10.com\/web\/concejales-de-guachucal-reclaman-salida-de-vacaciones-de-alcalde-y-exigen-su-presencia-en-ultimo-periodo-de-sesiones\/#article\",\"isPartOf\":{\"@id\":\"https:\/\/pagina10.com\/web\/concejales-de-guachucal-reclaman-salida-de-vacaciones-de-alcalde-y-exigen-su-presencia-en-ultimo-periodo-de-sesiones\/\"},\"author\":{\"name\":\"P\u00e1gina 10\",\"@id\":\"https:\/\/pagina10.com\/web\/#\/schema\/person\/2efc4a090d25b667d3bc796798a3a81b\"},\"headline\":\"Concejales de Guachucal reclaman salida de vacaciones de alcalde y exigen su presencia en \u00faltimo periodo de sesiones\",\"datePublished\":\"2022-11-16T21:34:21+00:00\",\"mainEntityOfPage\":{\"@id\":\"https:\/\/pagina10.com\/web\/concejales-de-guachucal-reclaman-salida-de-vacaciones-de-alcalde-y-exigen-su-presencia-en-ultimo-periodo-de-sesiones\/\"},\"wordCount\":232,\"commentCount\":0,\"publisher\":{\"@id\":\"https:\/\/pagina10.com\/web\/#organization\"},\"image\":{\"@id\":\"https:\/\/pagina10.com\/web\/concejales-de-guachucal-reclaman-salida-de-vacaciones-de-alcalde-y-exigen-su-presencia-en-ultimo-periodo-de-sesiones\/#primaryimage\"},\"thumbnailUrl\":\"https:\/\/pagina10.com\/web\/wp-content\/uploads\/2022\/11\/Foto-2-Fernando-Malte.jpeg\",\"articleSection\":[\"Regiones\"],\"inLanguage\":\"es\",\"potentialAction\":[{\"@type\":\"CommentAction\",\"name\":\"Comment\",\"target\":[\"https:\/\/pagina10.com\/web\/concejales-de-guachucal-reclaman-salida-de-vacaciones-de-alcalde-y-exigen-su-presencia-en-ultimo-periodo-de-sesiones\/#respond\"]}]},{\"@type\":\"WebPage\",\"@id\":\"https:\/\/pagina10.com\/web\/concejales-de-guachucal-reclaman-salida-de-vacaciones-de-alcalde-y-exigen-su-presencia-en-ultimo-periodo-de-sesiones\/\",\"url\":\"https:\/\/pagina10.com\/web\/concejales-de-guachucal-reclaman-salida-de-vacaciones-de-alcalde-y-exigen-su-presencia-en-ultimo-periodo-de-sesiones\/\",\"name\":\"Concejales de Guachucal reclaman salida de vacaciones de alcalde y exigen su presencia en \u00faltimo periodo de sesiones | P\u00e1gina10\",\"isPartOf\":{\"@id\":\"https:\/\/pagina10.com\/web\/#website\"},\"primaryImageOfPage\":{\"@id\":\"https:\/\/pagina10.com\/web\/concejales-de-guachucal-reclaman-salida-de-vacaciones-de-alcalde-y-exigen-su-presencia-en-ultimo-periodo-de-sesiones\/#primaryimage\"},\"image\":{\"@id\":\"https:\/\/pagina10.com\/web\/concejales-de-guachucal-reclaman-salida-de-vacaciones-de-alcalde-y-exigen-su-presencia-en-ultimo-periodo-de-sesiones\/#primaryimage\"},\"thumbnailUrl\":\"https:\/\/pagina10.com\/web\/wp-content\/uploads\/2022\/11\/Foto-2-Fernando-Malte.jpeg\",\"datePublished\":\"2022-11-16T21:34:21+00:00\",\"breadcrumb\":{\"@id\":\"https:\/\/pagina10.com\/web\/concejales-de-guachucal-reclaman-salida-de-vacaciones-de-alcalde-y-exigen-su-presencia-en-ultimo-periodo-de-sesiones\/#breadcrumb\"},\"inLanguage\":\"es\",\"potentialAction\":[{\"@type\":\"ReadAction\",\"target\":[\"https:\/\/pagina10.com\/web\/concejales-de-guachucal-reclaman-salida-de-vacaciones-de-alcalde-y-exigen-su-presencia-en-ultimo-periodo-de-sesiones\/\"]}]},{\"@type\":\"ImageObject\",\"inLanguage\":\"es\",\"@id\":\"https:\/\/pagina10.com\/web\/concejales-de-guachucal-reclaman-salida-de-vacaciones-de-alcalde-y-exigen-su-presencia-en-ultimo-periodo-de-sesiones\/#primaryimage\",\"url\":\"https:\/\/pagina10.com\/web\/wp-content\/uploads\/2022\/11\/Foto-2-Fernando-Malte.jpeg\",\"contentUrl\":\"https:\/\/pagina10.com\/web\/wp-content\/uploads\/2022\/11\/Foto-2-Fernando-Malte.jpeg\",\"width\":800,\"height\":500},{\"@type\":\"BreadcrumbList\",\"@id\":\"https:\/\/pagina10.com\/web\/concejales-de-guachucal-reclaman-salida-de-vacaciones-de-alcalde-y-exigen-su-presencia-en-ultimo-periodo-de-sesiones\/#breadcrumb\",\"itemListElement\":[{\"@type\":\"ListItem\",\"position\":1,\"name\":\"Portada\",\"item\":\"https:\/\/pagina10.com\/web\/\"},{\"@type\":\"ListItem\",\"position\":2,\"name\":\"Concejales de Guachucal reclaman salida de vacaciones de alcalde y exigen su presencia en \u00faltimo periodo de sesiones\"}]},{\"@type\":\"WebSite\",\"@id\":\"https:\/\/pagina10.com\/web\/#website\",\"url\":\"https:\/\/pagina10.com\/web\/\",\"name\":\"P\u00e1gina10\",\"description\":\"Peri\u00f3dico Regional\",\"publisher\":{\"@id\":\"https:\/\/pagina10.com\/web\/#organization\"},\"alternateName\":\"P\u00e1gina10 Peri\u00f3dico Regional\",\"potentialAction\":[{\"@type\":\"SearchAction\",\"target\":{\"@type\":\"EntryPoint\",\"urlTemplate\":\"https:\/\/pagina10.com\/web\/?s={search_term_string}\"},\"query-input\":{\"@type\":\"PropertyValueSpecification\",\"valueRequired\":true,\"valueName\":\"search_term_string\"}}],\"inLanguage\":\"es\"},{\"@type\":\"Organization\",\"@id\":\"https:\/\/pagina10.com\/web\/#organization\",\"name\":\"P\u00e1gina10\",\"alternateName\":\"P\u00e1gina10 Peri\u00f3dico Regional\",\"url\":\"https:\/\/pagina10.com\/web\/\",\"logo\":{\"@type\":\"ImageObject\",\"inLanguage\":\"es\",\"@id\":\"https:\/\/pagina10.com\/web\/#\/schema\/logo\/image\/\",\"url\":\"https:\/\/pagina10.com\/web\/wp-content\/uploads\/2024\/01\/40-pagina-10-periodico-regional-pasto.jpg\",\"contentUrl\":\"https:\/\/pagina10.com\/web\/wp-content\/uploads\/2024\/01\/40-pagina-10-periodico-regional-pasto.jpg\",\"width\":1280,\"height\":720,\"caption\":\"P\u00e1gina10\"},\"image\":{\"@id\":\"https:\/\/pagina10.com\/web\/#\/schema\/logo\/image\/\"},\"sameAs\":[\"https:\/\/www.facebook.com\/pag10com\",\"https:\/\/x.com\/Pag10com\",\"https:\/\/www.instagram.com\/pagina10col\/\",\"https:\/\/youtube.com\/channel\/pag10\",\"https:\/\/www.tiktok.com\/@p10col\"]},{\"@type\":\"Person\",\"@id\":\"https:\/\/pagina10.com\/web\/#\/schema\/person\/2efc4a090d25b667d3bc796798a3a81b\",\"name\":\"P\u00e1gina 10\",\"description\":\"P\u00e1gina 10 es un peri\u00f3dico regional que nace en Colombia, en el departamento de Nari\u00f1o, con un enfoque global, fundamentado en cuatro pilares esenciales: la libertad, el pluralismo, la inclusi\u00f3n y la independencia. P\u00e1gina 10 hace referencia a Nari\u00f1o como el d\u00e9cimo departamento creado en Colombia, despu\u00e9s de un proceso pol\u00edtico liderado por actores y actrices regionales con el fin de obtener la independencia y autonom\u00eda de nuestros territorios. Con la creaci\u00f3n de P\u00e1gina 10 se pretende abrir un escenario para el dialogo, la reflexi\u00f3n y el debate que se extienda a otras geograf\u00edas de Am\u00e9rica Latina y del planeta, en una apuesta por transformar colectivamente los desaf\u00edos de un mundo contempor\u00e1neo, m\u00e1s all\u00e1 de las fronteras impuestas.\",\"url\":\"https:\/\/pagina10.com\/web\/author\/pdiezadmin\/\"}]}<\/script>\n<!-- \/ Yoast SEO plugin. -->","yoast_head_json":{"title":"Concejales de Guachucal reclaman salida de vacaciones de alcalde y exigen su presencia en \u00faltimo periodo de sesiones | P\u00e1gina10","robots":{"index":"index","follow":"follow","max-snippet":"max-snippet:-1","max-image-preview":"max-image-preview:large","max-video-preview":"max-video-preview:-1"},"canonical":"https:\/\/pagina10.com\/web\/concejales-de-guachucal-reclaman-salida-de-vacaciones-de-alcalde-y-exigen-su-presencia-en-ultimo-periodo-de-sesiones\/","og_locale":"es_ES","og_type":"article","og_title":"Concejales de Guachucal reclaman salida de vacaciones de alcalde y exigen su presencia en \u00faltimo periodo de sesiones | P\u00e1gina10","og_description":"El presidente del Concejo de Guachucal Bienvenido Inampues expres\u00f3 su preocupaci\u00f3n por la ausencia del alcalde Fernando Arturo Malte L\u00f3pez ya que seg\u00fan lo manifest\u00f3: \u201chay que adelantar el tr\u00e1mite de los proyectos de acuerdo entre la corporaci\u00f3n y administraci\u00f3n municipal\u201d. Seg\u00fan el edil, se debe adelantar de forma urgente el proceso para definir el [&hellip;]","og_url":"https:\/\/pagina10.com\/web\/concejales-de-guachucal-reclaman-salida-de-vacaciones-de-alcalde-y-exigen-su-presencia-en-ultimo-periodo-de-sesiones\/","og_site_name":"P\u00e1gina10","article_publisher":"https:\/\/www.facebook.com\/pag10com","article_published_time":"2022-11-16T21:34:21+00:00","og_image":[{"width":800,"height":500,"url":"https:\/\/pagina10.com\/web\/wp-content\/uploads\/2022\/11\/Foto-2-Fernando-Malte.jpeg","type":"image\/jpeg"}],"author":"P\u00e1gina 10","twitter_card":"summary_large_image","twitter_creator":"@Pag10com","twitter_site":"@Pag10com","twitter_misc":{"Escrito por":"P\u00e1gina 10","Tiempo de lectura":"1 minuto"},"schema":{"@context":"https:\/\/schema.org","@graph":[{"@type":"Article","@id":"https:\/\/pagina10.com\/web\/concejales-de-guachucal-reclaman-salida-de-vacaciones-de-alcalde-y-exigen-su-presencia-en-ultimo-periodo-de-sesiones\/#article","isPartOf":{"@id":"https:\/\/pagina10.com\/web\/concejales-de-guachucal-reclaman-salida-de-vacaciones-de-alcalde-y-exigen-su-presencia-en-ultimo-periodo-de-sesiones\/"},"author":{"name":"P\u00e1gina 10","@id":"https:\/\/pagina10.com\/web\/#\/schema\/person\/2efc4a090d25b667d3bc796798a3a81b"},"headline":"Concejales de Guachucal reclaman salida de vacaciones de alcalde y exigen su presencia en \u00faltimo periodo de sesiones","datePublished":"2022-11-16T21:34:21+00:00","mainEntityOfPage":{"@id":"https:\/\/pagina10.com\/web\/concejales-de-guachucal-reclaman-salida-de-vacaciones-de-alcalde-y-exigen-su-presencia-en-ultimo-periodo-de-sesiones\/"},"wordCount":232,"commentCount":0,"publisher":{"@id":"https:\/\/pagina10.com\/web\/#organization"},"image":{"@id":"https:\/\/pagina10.com\/web\/concejales-de-guachucal-reclaman-salida-de-vacaciones-de-alcalde-y-exigen-su-presencia-en-ultimo-periodo-de-sesiones\/#primaryimage"},"thumbnailUrl":"https:\/\/pagina10.com\/web\/wp-content\/uploads\/2022\/11\/Foto-2-Fernando-Malte.jpeg","articleSection":["Regiones"],"inLanguage":"es","potentialAction":[{"@type":"CommentAction","name":"Comment","target":["https:\/\/pagina10.com\/web\/concejales-de-guachucal-reclaman-salida-de-vacaciones-de-alcalde-y-exigen-su-presencia-en-ultimo-periodo-de-sesiones\/#respond"]}]},{"@type":"WebPage","@id":"https:\/\/pagina10.com\/web\/concejales-de-guachucal-reclaman-salida-de-vacaciones-de-alcalde-y-exigen-su-presencia-en-ultimo-periodo-de-sesiones\/","url":"https:\/\/pagina10.com\/web\/concejales-de-guachucal-reclaman-salida-de-vacaciones-de-alcalde-y-exigen-su-presencia-en-ultimo-periodo-de-sesiones\/","name":"Concejales de Guachucal reclaman salida de vacaciones de alcalde y exigen su presencia en \u00faltimo periodo de sesiones | P\u00e1gina10","isPartOf":{"@id":"https:\/\/pagina10.com\/web\/#website"},"primaryImageOfPage":{"@id":"https:\/\/pagina10.com\/web\/concejales-de-guachucal-reclaman-salida-de-vacaciones-de-alcalde-y-exigen-su-presencia-en-ultimo-periodo-de-sesiones\/#primaryimage"},"image":{"@id":"https:\/\/pagina10.com\/web\/concejales-de-guachucal-reclaman-salida-de-vacaciones-de-alcalde-y-exigen-su-presencia-en-ultimo-periodo-de-sesiones\/#primaryimage"},"thumbnailUrl":"https:\/\/pagina10.com\/web\/wp-content\/uploads\/2022\/11\/Foto-2-Fernando-Malte.jpeg","datePublished":"2022-11-16T21:34:21+00:00","breadcrumb":{"@id":"https:\/\/pagina10.com\/web\/concejales-de-guachucal-reclaman-salida-de-vacaciones-de-alcalde-y-exigen-su-presencia-en-ultimo-periodo-de-sesiones\/#breadcrumb"},"inLanguage":"es","potentialAction":[{"@type":"ReadAction","target":["https:\/\/pagina10.com\/web\/concejales-de-guachucal-reclaman-salida-de-vacaciones-de-alcalde-y-exigen-su-presencia-en-ultimo-periodo-de-sesiones\/"]}]},{"@type":"ImageObject","inLanguage":"es","@id":"https:\/\/pagina10.com\/web\/concejales-de-guachucal-reclaman-salida-de-vacaciones-de-alcalde-y-exigen-su-presencia-en-ultimo-periodo-de-sesiones\/#primaryimage","url":"https:\/\/pagina10.com\/web\/wp-content\/uploads\/2022\/11\/Foto-2-Fernando-Malte.jpeg","contentUrl":"https:\/\/pagina10.com\/web\/wp-content\/uploads\/2022\/11\/Foto-2-Fernando-Malte.jpeg","width":800,"height":500},{"@type":"BreadcrumbList","@id":"https:\/\/pagina10.com\/web\/concejales-de-guachucal-reclaman-salida-de-vacaciones-de-alcalde-y-exigen-su-presencia-en-ultimo-periodo-de-sesiones\/#breadcrumb","itemListElement":[{"@type":"ListItem","position":1,"name":"Portada","item":"https:\/\/pagina10.com\/web\/"},{"@type":"ListItem","position":2,"name":"Concejales de Guachucal reclaman salida de vacaciones de alcalde y exigen su presencia en \u00faltimo periodo de sesiones"}]},{"@type":"WebSite","@id":"https:\/\/pagina10.com\/web\/#website","url":"https:\/\/pagina10.com\/web\/","name":"P\u00e1gina10","description":"Peri\u00f3dico Regional","publisher":{"@id":"https:\/\/pagina10.com\/web\/#organization"},"alternateName":"P\u00e1gina10 Peri\u00f3dico Regional","potentialAction":[{"@type":"SearchAction","target":{"@type":"EntryPoint","urlTemplate":"https:\/\/pagina10.com\/web\/?s={search_term_string}"},"query-input":{"@type":"PropertyValueSpecification","valueRequired":true,"valueName":"search_term_string"}}],"inLanguage":"es"},{"@type":"Organization","@id":"https:\/\/pagina10.com\/web\/#organization","name":"P\u00e1gina10","alternateName":"P\u00e1gina10 Peri\u00f3dico Regional","url":"https:\/\/pagina10.com\/web\/","logo":{"@type":"ImageObject","inLanguage":"es","@id":"https:\/\/pagina10.com\/web\/#\/schema\/logo\/image\/","url":"https:\/\/pagina10.com\/web\/wp-content\/uploads\/2024\/01\/40-pagina-10-periodico-regional-pasto.jpg","contentUrl":"https:\/\/pagina10.com\/web\/wp-content\/uploads\/2024\/01\/40-pagina-10-periodico-regional-pasto.jpg","width":1280,"height":720,"caption":"P\u00e1gina10"},"image":{"@id":"https:\/\/pagina10.com\/web\/#\/schema\/logo\/image\/"},"sameAs":["https:\/\/www.facebook.com\/pag10com","https:\/\/x.com\/Pag10com","https:\/\/www.instagram.com\/pagina10col\/","https:\/\/youtube.com\/channel\/pag10","https:\/\/www.tiktok.com\/@p10col"]},{"@type":"Person","@id":"https:\/\/pagina10.com\/web\/#\/schema\/person\/2efc4a090d25b667d3bc796798a3a81b","name":"P\u00e1gina 10","description":"P\u00e1gina 10 es un peri\u00f3dico regional que nace en Colombia, en el departamento de Nari\u00f1o, con un enfoque global, fundamentado en cuatro pilares esenciales: la libertad, el pluralismo, la inclusi\u00f3n y la independencia. P\u00e1gina 10 hace referencia a Nari\u00f1o como el d\u00e9cimo departamento creado en Colombia, despu\u00e9s de un proceso pol\u00edtico liderado por actores y actrices regionales con el fin de obtener la independencia y autonom\u00eda de nuestros territorios. Con la creaci\u00f3n de P\u00e1gina 10 se pretende abrir un escenario para el dialogo, la reflexi\u00f3n y el debate que se extienda a otras geograf\u00edas de Am\u00e9rica Latina y del planeta, en una apuesta por transformar colectivamente los desaf\u00edos de un mundo contempor\u00e1neo, m\u00e1s all\u00e1 de las fronteras impuestas.","url":"https:\/\/pagina10.com\/web\/author\/pdiezadmin\/"}]}},"_links":{"self":[{"href":"https:\/\/pagina10.com\/web\/wp-json\/wp\/v2\/posts\/62930","targetHints":{"allow":["GET"]}}],"collection":[{"href":"https:\/\/pagina10.com\/web\/wp-json\/wp\/v2\/posts"}],"about":[{"href":"https:\/\/pagina10.com\/web\/wp-json\/wp\/v2\/types\/post"}],"author":[{"embeddable":true,"href":"https:\/\/pagina10.com\/web\/wp-json\/wp\/v2\/users\/1"}],"replies":[{"embeddable":true,"href":"https:\/\/pagina10.com\/web\/wp-json\/wp\/v2\/comments?post=62930"}],"version-history":[{"count":1,"href":"https:\/\/pagina10.com\/web\/wp-json\/wp\/v2\/posts\/62930\/revisions"}],"predecessor-version":[{"id":62932,"href":"https:\/\/pagina10.com\/web\/wp-json\/wp\/v2\/posts\/62930\/revisions\/62932"}],"wp:featuredmedia":[{"embeddable":true,"href":"https:\/\/pagina10.com\/web\/wp-json\/wp\/v2\/media\/62931"}],"wp:attachment":[{"href":"https:\/\/pagina10.com\/web\/wp-json\/wp\/v2\/media?parent=62930"}],"wp:term":[{"taxonomy":"category","embeddable":true,"href":"https:\/\/pagina10.com\/web\/wp-json\/wp\/v2\/categories?post=62930"},{"taxonomy":"post_tag","embeddable":true,"href":"https:\/\/pagina10.com\/web\/wp-json\/wp\/v2\/tags?post=62930"}],"curies":[{"name":"wp","href":"https:\/\/api.w.org\/{rel}","templated":true}]}}