{"id":62946,"date":"2022-11-17T16:36:51","date_gmt":"2022-11-17T21:36:51","guid":{"rendered":"https:\/\/pagina10.com\/web\/?p=62946"},"modified":"2022-11-17T16:37:37","modified_gmt":"2022-11-17T21:37:37","slug":"en-el-charco-lideres-denuncian-que-no-los-quieren-movilizar-en-lanchas-por-ser-victimas-de-amenazas","status":"publish","type":"post","link":"https:\/\/pagina10.com\/web\/en-el-charco-lideres-denuncian-que-no-los-quieren-movilizar-en-lanchas-por-ser-victimas-de-amenazas\/","title":{"rendered":"En El Charco, l\u00edderes denuncian que no los quieren movilizar en lanchas por ser v\u00edctimas de amenazas"},"content":{"rendered":"<p style=\"text-align: justify;\">\u201cPorque somos objetivo de amenazas no nos quieren transportar. Si vamos para Buenaventura, la lancha no nos quiere llevar. Si vamos para Tumaco o venimos de all\u00e1, tampoco nos quieren traer por el riesgo que representamos para el transporte p\u00fablico\u201d, as\u00ed se refiri\u00f3 la presidenta de las Juntas de Acci\u00f3n Comunal Carmen Escall\u00f3n, al hecho de no poder movilizarse en lanchas por temor de los conductores.<\/p>\n<p style=\"text-align: justify;\">Seg\u00fan la denunciante, este es un caso de discriminaci\u00f3n ya que a nadie le pueden negar el derecho a movilizarse en el territorio nacional. En este sentido, hizo un llamado a las autoridades a redoblar sus esfuerzos para garantizar su seguridad y la de quienes los transportan con el fin de terminar con esta problem\u00e1tica.<\/p>\n<p style=\"text-align: justify;\">Frente a lo se\u00f1alado el secretario de Gobierno de Nari\u00f1o, Andr\u00e9s Z\u00fa\u00f1iga, indic\u00f3 que trazar\u00e1n una hoja de ruta \u201cque permita generar esos espacios de confianza entre las personas que defienden los derechos humanos, entre los l\u00edderes y lideresas sociales y la comunidad en general, y, por supuesto, con la fuerza p\u00fablica\u201d.<\/p>\n","protected":false},"excerpt":{"rendered":"<p>\u201cPorque somos objetivo de amenazas no nos quieren transportar. Si vamos para Buenaventura, la lancha no nos quiere llevar. Si vamos para Tumaco o venimos de all\u00e1, tampoco nos quieren traer por el riesgo que representamos para el transporte p\u00fablico\u201d, as\u00ed se refiri\u00f3 la presidenta de las Juntas de Acci\u00f3n Comunal Carmen Escall\u00f3n, al hecho [&hellip;]<\/p>\n","protected":false},"author":1,"featured_media":62949,"comment_status":"open","ping_status":"open","sticky":false,"template":"","format":"standard","meta":{"footnotes":""},"categories":[53],"tags":[],"class_list":["post-62946","post","type-post","status-publish","format-standard","has-post-thumbnail","hentry","category-regiones"],"yoast_head":"<!-- This site is optimized with the Yoast SEO plugin v27.1.1 - https:\/\/yoast.com\/product\/yoast-seo-wordpress\/ -->\n<title>En El Charco, l\u00edderes denuncian que no los quieren movilizar en lanchas por ser v\u00edctimas de amenazas | P\u00e1gina10<\/title>\n<meta name=\"robots\" content=\"index, follow, max-snippet:-1, max-image-preview:large, max-video-preview:-1\" \/>\n<link rel=\"canonical\" href=\"https:\/\/pagina10.com\/web\/en-el-charco-lideres-denuncian-que-no-los-quieren-movilizar-en-lanchas-por-ser-victimas-de-amenazas\/\" \/>\n<meta property=\"og:locale\" content=\"es_ES\" \/>\n<meta property=\"og:type\" content=\"article\" \/>\n<meta property=\"og:title\" content=\"En El Charco, l\u00edderes denuncian que no los quieren movilizar en lanchas por ser v\u00edctimas de amenazas | P\u00e1gina10\" \/>\n<meta property=\"og:description\" content=\"\u201cPorque somos objetivo de amenazas no nos quieren transportar. Si vamos para Buenaventura, la lancha no nos quiere llevar. Si vamos para Tumaco o venimos de all\u00e1, tampoco nos quieren traer por el riesgo que representamos para el transporte p\u00fablico\u201d, as\u00ed se refiri\u00f3 la presidenta de las Juntas de Acci\u00f3n Comunal Carmen Escall\u00f3n, al hecho [&hellip;]\" \/>\n<meta property=\"og:url\" content=\"https:\/\/pagina10.com\/web\/en-el-charco-lideres-denuncian-que-no-los-quieren-movilizar-en-lanchas-por-ser-victimas-de-amenazas\/\" \/>\n<meta property=\"og:site_name\" content=\"P\u00e1gina10\" \/>\n<meta property=\"article:publisher\" content=\"https:\/\/www.facebook.com\/pag10com\" \/>\n<meta property=\"article:published_time\" content=\"2022-11-17T21:36:51+00:00\" \/>\n<meta property=\"article:modified_time\" content=\"2022-11-17T21:37:37+00:00\" \/>\n<meta property=\"og:image\" content=\"https:\/\/pagina10.com\/web\/wp-content\/uploads\/2022\/11\/image_content_32533816_20181223110524.jpg\" \/>\n\t<meta property=\"og:image:width\" content=\"998\" \/>\n\t<meta property=\"og:image:height\" content=\"562\" \/>\n\t<meta property=\"og:image:type\" content=\"image\/jpeg\" \/>\n<meta name=\"author\" content=\"P\u00e1gina 10\" \/>\n<meta name=\"twitter:card\" content=\"summary_large_image\" \/>\n<meta name=\"twitter:creator\" content=\"@Pag10com\" \/>\n<meta name=\"twitter:site\" content=\"@Pag10com\" \/>\n<meta name=\"twitter:label1\" content=\"Escrito por\" \/>\n\t<meta name=\"twitter:data1\" content=\"P\u00e1gina 10\" \/>\n\t<meta name=\"twitter:label2\" content=\"Tiempo de lectura\" \/>\n\t<meta name=\"twitter:data2\" content=\"1 minuto\" \/>\n<script type=\"application\/ld+json\" class=\"yoast-schema-graph\">{\"@context\":\"https:\/\/schema.org\",\"@graph\":[{\"@type\":\"Article\",\"@id\":\"https:\/\/pagina10.com\/web\/en-el-charco-lideres-denuncian-que-no-los-quieren-movilizar-en-lanchas-por-ser-victimas-de-amenazas\/#article\",\"isPartOf\":{\"@id\":\"https:\/\/pagina10.com\/web\/en-el-charco-lideres-denuncian-que-no-los-quieren-movilizar-en-lanchas-por-ser-victimas-de-amenazas\/\"},\"author\":{\"name\":\"P\u00e1gina 10\",\"@id\":\"https:\/\/pagina10.com\/web\/#\/schema\/person\/2efc4a090d25b667d3bc796798a3a81b\"},\"headline\":\"En El Charco, l\u00edderes denuncian que no los quieren movilizar en lanchas por ser v\u00edctimas de amenazas\",\"datePublished\":\"2022-11-17T21:36:51+00:00\",\"dateModified\":\"2022-11-17T21:37:37+00:00\",\"mainEntityOfPage\":{\"@id\":\"https:\/\/pagina10.com\/web\/en-el-charco-lideres-denuncian-que-no-los-quieren-movilizar-en-lanchas-por-ser-victimas-de-amenazas\/\"},\"wordCount\":205,\"commentCount\":0,\"publisher\":{\"@id\":\"https:\/\/pagina10.com\/web\/#organization\"},\"image\":{\"@id\":\"https:\/\/pagina10.com\/web\/en-el-charco-lideres-denuncian-que-no-los-quieren-movilizar-en-lanchas-por-ser-victimas-de-amenazas\/#primaryimage\"},\"thumbnailUrl\":\"https:\/\/pagina10.com\/web\/wp-content\/uploads\/2022\/11\/image_content_32533816_20181223110524.jpg\",\"articleSection\":[\"Regiones\"],\"inLanguage\":\"es\",\"potentialAction\":[{\"@type\":\"CommentAction\",\"name\":\"Comment\",\"target\":[\"https:\/\/pagina10.com\/web\/en-el-charco-lideres-denuncian-que-no-los-quieren-movilizar-en-lanchas-por-ser-victimas-de-amenazas\/#respond\"]}]},{\"@type\":\"WebPage\",\"@id\":\"https:\/\/pagina10.com\/web\/en-el-charco-lideres-denuncian-que-no-los-quieren-movilizar-en-lanchas-por-ser-victimas-de-amenazas\/\",\"url\":\"https:\/\/pagina10.com\/web\/en-el-charco-lideres-denuncian-que-no-los-quieren-movilizar-en-lanchas-por-ser-victimas-de-amenazas\/\",\"name\":\"En El Charco, l\u00edderes denuncian que no los quieren movilizar en lanchas por ser v\u00edctimas de amenazas | P\u00e1gina10\",\"isPartOf\":{\"@id\":\"https:\/\/pagina10.com\/web\/#website\"},\"primaryImageOfPage\":{\"@id\":\"https:\/\/pagina10.com\/web\/en-el-charco-lideres-denuncian-que-no-los-quieren-movilizar-en-lanchas-por-ser-victimas-de-amenazas\/#primaryimage\"},\"image\":{\"@id\":\"https:\/\/pagina10.com\/web\/en-el-charco-lideres-denuncian-que-no-los-quieren-movilizar-en-lanchas-por-ser-victimas-de-amenazas\/#primaryimage\"},\"thumbnailUrl\":\"https:\/\/pagina10.com\/web\/wp-content\/uploads\/2022\/11\/image_content_32533816_20181223110524.jpg\",\"datePublished\":\"2022-11-17T21:36:51+00:00\",\"dateModified\":\"2022-11-17T21:37:37+00:00\",\"breadcrumb\":{\"@id\":\"https:\/\/pagina10.com\/web\/en-el-charco-lideres-denuncian-que-no-los-quieren-movilizar-en-lanchas-por-ser-victimas-de-amenazas\/#breadcrumb\"},\"inLanguage\":\"es\",\"potentialAction\":[{\"@type\":\"ReadAction\",\"target\":[\"https:\/\/pagina10.com\/web\/en-el-charco-lideres-denuncian-que-no-los-quieren-movilizar-en-lanchas-por-ser-victimas-de-amenazas\/\"]}]},{\"@type\":\"ImageObject\",\"inLanguage\":\"es\",\"@id\":\"https:\/\/pagina10.com\/web\/en-el-charco-lideres-denuncian-que-no-los-quieren-movilizar-en-lanchas-por-ser-victimas-de-amenazas\/#primaryimage\",\"url\":\"https:\/\/pagina10.com\/web\/wp-content\/uploads\/2022\/11\/image_content_32533816_20181223110524.jpg\",\"contentUrl\":\"https:\/\/pagina10.com\/web\/wp-content\/uploads\/2022\/11\/image_content_32533816_20181223110524.jpg\",\"width\":998,\"height\":562,\"caption\":\"Foto tomada de El Colombiano\"},{\"@type\":\"BreadcrumbList\",\"@id\":\"https:\/\/pagina10.com\/web\/en-el-charco-lideres-denuncian-que-no-los-quieren-movilizar-en-lanchas-por-ser-victimas-de-amenazas\/#breadcrumb\",\"itemListElement\":[{\"@type\":\"ListItem\",\"position\":1,\"name\":\"Portada\",\"item\":\"https:\/\/pagina10.com\/web\/\"},{\"@type\":\"ListItem\",\"position\":2,\"name\":\"En El Charco, l\u00edderes denuncian que no los quieren movilizar en lanchas por ser v\u00edctimas de amenazas\"}]},{\"@type\":\"WebSite\",\"@id\":\"https:\/\/pagina10.com\/web\/#website\",\"url\":\"https:\/\/pagina10.com\/web\/\",\"name\":\"P\u00e1gina10\",\"description\":\"Peri\u00f3dico Regional\",\"publisher\":{\"@id\":\"https:\/\/pagina10.com\/web\/#organization\"},\"alternateName\":\"P\u00e1gina10 Peri\u00f3dico Regional\",\"potentialAction\":[{\"@type\":\"SearchAction\",\"target\":{\"@type\":\"EntryPoint\",\"urlTemplate\":\"https:\/\/pagina10.com\/web\/?s={search_term_string}\"},\"query-input\":{\"@type\":\"PropertyValueSpecification\",\"valueRequired\":true,\"valueName\":\"search_term_string\"}}],\"inLanguage\":\"es\"},{\"@type\":\"Organization\",\"@id\":\"https:\/\/pagina10.com\/web\/#organization\",\"name\":\"P\u00e1gina10\",\"alternateName\":\"P\u00e1gina10 Peri\u00f3dico Regional\",\"url\":\"https:\/\/pagina10.com\/web\/\",\"logo\":{\"@type\":\"ImageObject\",\"inLanguage\":\"es\",\"@id\":\"https:\/\/pagina10.com\/web\/#\/schema\/logo\/image\/\",\"url\":\"https:\/\/pagina10.com\/web\/wp-content\/uploads\/2024\/01\/40-pagina-10-periodico-regional-pasto.jpg\",\"contentUrl\":\"https:\/\/pagina10.com\/web\/wp-content\/uploads\/2024\/01\/40-pagina-10-periodico-regional-pasto.jpg\",\"width\":1280,\"height\":720,\"caption\":\"P\u00e1gina10\"},\"image\":{\"@id\":\"https:\/\/pagina10.com\/web\/#\/schema\/logo\/image\/\"},\"sameAs\":[\"https:\/\/www.facebook.com\/pag10com\",\"https:\/\/x.com\/Pag10com\",\"https:\/\/www.instagram.com\/pagina10col\/\",\"https:\/\/youtube.com\/channel\/pag10\",\"https:\/\/www.tiktok.com\/@p10col\"]},{\"@type\":\"Person\",\"@id\":\"https:\/\/pagina10.com\/web\/#\/schema\/person\/2efc4a090d25b667d3bc796798a3a81b\",\"name\":\"P\u00e1gina 10\",\"description\":\"P\u00e1gina 10 es un peri\u00f3dico regional que nace en Colombia, en el departamento de Nari\u00f1o, con un enfoque global, fundamentado en cuatro pilares esenciales: la libertad, el pluralismo, la inclusi\u00f3n y la independencia. P\u00e1gina 10 hace referencia a Nari\u00f1o como el d\u00e9cimo departamento creado en Colombia, despu\u00e9s de un proceso pol\u00edtico liderado por actores y actrices regionales con el fin de obtener la independencia y autonom\u00eda de nuestros territorios. Con la creaci\u00f3n de P\u00e1gina 10 se pretende abrir un escenario para el dialogo, la reflexi\u00f3n y el debate que se extienda a otras geograf\u00edas de Am\u00e9rica Latina y del planeta, en una apuesta por transformar colectivamente los desaf\u00edos de un mundo contempor\u00e1neo, m\u00e1s all\u00e1 de las fronteras impuestas.\",\"url\":\"https:\/\/pagina10.com\/web\/author\/pdiezadmin\/\"}]}<\/script>\n<!-- \/ Yoast SEO plugin. -->","yoast_head_json":{"title":"En El Charco, l\u00edderes denuncian que no los quieren movilizar en lanchas por ser v\u00edctimas de amenazas | P\u00e1gina10","robots":{"index":"index","follow":"follow","max-snippet":"max-snippet:-1","max-image-preview":"max-image-preview:large","max-video-preview":"max-video-preview:-1"},"canonical":"https:\/\/pagina10.com\/web\/en-el-charco-lideres-denuncian-que-no-los-quieren-movilizar-en-lanchas-por-ser-victimas-de-amenazas\/","og_locale":"es_ES","og_type":"article","og_title":"En El Charco, l\u00edderes denuncian que no los quieren movilizar en lanchas por ser v\u00edctimas de amenazas | P\u00e1gina10","og_description":"\u201cPorque somos objetivo de amenazas no nos quieren transportar. Si vamos para Buenaventura, la lancha no nos quiere llevar. Si vamos para Tumaco o venimos de all\u00e1, tampoco nos quieren traer por el riesgo que representamos para el transporte p\u00fablico\u201d, as\u00ed se refiri\u00f3 la presidenta de las Juntas de Acci\u00f3n Comunal Carmen Escall\u00f3n, al hecho [&hellip;]","og_url":"https:\/\/pagina10.com\/web\/en-el-charco-lideres-denuncian-que-no-los-quieren-movilizar-en-lanchas-por-ser-victimas-de-amenazas\/","og_site_name":"P\u00e1gina10","article_publisher":"https:\/\/www.facebook.com\/pag10com","article_published_time":"2022-11-17T21:36:51+00:00","article_modified_time":"2022-11-17T21:37:37+00:00","og_image":[{"width":998,"height":562,"url":"https:\/\/pagina10.com\/web\/wp-content\/uploads\/2022\/11\/image_content_32533816_20181223110524.jpg","type":"image\/jpeg"}],"author":"P\u00e1gina 10","twitter_card":"summary_large_image","twitter_creator":"@Pag10com","twitter_site":"@Pag10com","twitter_misc":{"Escrito por":"P\u00e1gina 10","Tiempo de lectura":"1 minuto"},"schema":{"@context":"https:\/\/schema.org","@graph":[{"@type":"Article","@id":"https:\/\/pagina10.com\/web\/en-el-charco-lideres-denuncian-que-no-los-quieren-movilizar-en-lanchas-por-ser-victimas-de-amenazas\/#article","isPartOf":{"@id":"https:\/\/pagina10.com\/web\/en-el-charco-lideres-denuncian-que-no-los-quieren-movilizar-en-lanchas-por-ser-victimas-de-amenazas\/"},"author":{"name":"P\u00e1gina 10","@id":"https:\/\/pagina10.com\/web\/#\/schema\/person\/2efc4a090d25b667d3bc796798a3a81b"},"headline":"En El Charco, l\u00edderes denuncian que no los quieren movilizar en lanchas por ser v\u00edctimas de amenazas","datePublished":"2022-11-17T21:36:51+00:00","dateModified":"2022-11-17T21:37:37+00:00","mainEntityOfPage":{"@id":"https:\/\/pagina10.com\/web\/en-el-charco-lideres-denuncian-que-no-los-quieren-movilizar-en-lanchas-por-ser-victimas-de-amenazas\/"},"wordCount":205,"commentCount":0,"publisher":{"@id":"https:\/\/pagina10.com\/web\/#organization"},"image":{"@id":"https:\/\/pagina10.com\/web\/en-el-charco-lideres-denuncian-que-no-los-quieren-movilizar-en-lanchas-por-ser-victimas-de-amenazas\/#primaryimage"},"thumbnailUrl":"https:\/\/pagina10.com\/web\/wp-content\/uploads\/2022\/11\/image_content_32533816_20181223110524.jpg","articleSection":["Regiones"],"inLanguage":"es","potentialAction":[{"@type":"CommentAction","name":"Comment","target":["https:\/\/pagina10.com\/web\/en-el-charco-lideres-denuncian-que-no-los-quieren-movilizar-en-lanchas-por-ser-victimas-de-amenazas\/#respond"]}]},{"@type":"WebPage","@id":"https:\/\/pagina10.com\/web\/en-el-charco-lideres-denuncian-que-no-los-quieren-movilizar-en-lanchas-por-ser-victimas-de-amenazas\/","url":"https:\/\/pagina10.com\/web\/en-el-charco-lideres-denuncian-que-no-los-quieren-movilizar-en-lanchas-por-ser-victimas-de-amenazas\/","name":"En El Charco, l\u00edderes denuncian que no los quieren movilizar en lanchas por ser v\u00edctimas de amenazas | P\u00e1gina10","isPartOf":{"@id":"https:\/\/pagina10.com\/web\/#website"},"primaryImageOfPage":{"@id":"https:\/\/pagina10.com\/web\/en-el-charco-lideres-denuncian-que-no-los-quieren-movilizar-en-lanchas-por-ser-victimas-de-amenazas\/#primaryimage"},"image":{"@id":"https:\/\/pagina10.com\/web\/en-el-charco-lideres-denuncian-que-no-los-quieren-movilizar-en-lanchas-por-ser-victimas-de-amenazas\/#primaryimage"},"thumbnailUrl":"https:\/\/pagina10.com\/web\/wp-content\/uploads\/2022\/11\/image_content_32533816_20181223110524.jpg","datePublished":"2022-11-17T21:36:51+00:00","dateModified":"2022-11-17T21:37:37+00:00","breadcrumb":{"@id":"https:\/\/pagina10.com\/web\/en-el-charco-lideres-denuncian-que-no-los-quieren-movilizar-en-lanchas-por-ser-victimas-de-amenazas\/#breadcrumb"},"inLanguage":"es","potentialAction":[{"@type":"ReadAction","target":["https:\/\/pagina10.com\/web\/en-el-charco-lideres-denuncian-que-no-los-quieren-movilizar-en-lanchas-por-ser-victimas-de-amenazas\/"]}]},{"@type":"ImageObject","inLanguage":"es","@id":"https:\/\/pagina10.com\/web\/en-el-charco-lideres-denuncian-que-no-los-quieren-movilizar-en-lanchas-por-ser-victimas-de-amenazas\/#primaryimage","url":"https:\/\/pagina10.com\/web\/wp-content\/uploads\/2022\/11\/image_content_32533816_20181223110524.jpg","contentUrl":"https:\/\/pagina10.com\/web\/wp-content\/uploads\/2022\/11\/image_content_32533816_20181223110524.jpg","width":998,"height":562,"caption":"Foto tomada de El Colombiano"},{"@type":"BreadcrumbList","@id":"https:\/\/pagina10.com\/web\/en-el-charco-lideres-denuncian-que-no-los-quieren-movilizar-en-lanchas-por-ser-victimas-de-amenazas\/#breadcrumb","itemListElement":[{"@type":"ListItem","position":1,"name":"Portada","item":"https:\/\/pagina10.com\/web\/"},{"@type":"ListItem","position":2,"name":"En El Charco, l\u00edderes denuncian que no los quieren movilizar en lanchas por ser v\u00edctimas de amenazas"}]},{"@type":"WebSite","@id":"https:\/\/pagina10.com\/web\/#website","url":"https:\/\/pagina10.com\/web\/","name":"P\u00e1gina10","description":"Peri\u00f3dico Regional","publisher":{"@id":"https:\/\/pagina10.com\/web\/#organization"},"alternateName":"P\u00e1gina10 Peri\u00f3dico Regional","potentialAction":[{"@type":"SearchAction","target":{"@type":"EntryPoint","urlTemplate":"https:\/\/pagina10.com\/web\/?s={search_term_string}"},"query-input":{"@type":"PropertyValueSpecification","valueRequired":true,"valueName":"search_term_string"}}],"inLanguage":"es"},{"@type":"Organization","@id":"https:\/\/pagina10.com\/web\/#organization","name":"P\u00e1gina10","alternateName":"P\u00e1gina10 Peri\u00f3dico Regional","url":"https:\/\/pagina10.com\/web\/","logo":{"@type":"ImageObject","inLanguage":"es","@id":"https:\/\/pagina10.com\/web\/#\/schema\/logo\/image\/","url":"https:\/\/pagina10.com\/web\/wp-content\/uploads\/2024\/01\/40-pagina-10-periodico-regional-pasto.jpg","contentUrl":"https:\/\/pagina10.com\/web\/wp-content\/uploads\/2024\/01\/40-pagina-10-periodico-regional-pasto.jpg","width":1280,"height":720,"caption":"P\u00e1gina10"},"image":{"@id":"https:\/\/pagina10.com\/web\/#\/schema\/logo\/image\/"},"sameAs":["https:\/\/www.facebook.com\/pag10com","https:\/\/x.com\/Pag10com","https:\/\/www.instagram.com\/pagina10col\/","https:\/\/youtube.com\/channel\/pag10","https:\/\/www.tiktok.com\/@p10col"]},{"@type":"Person","@id":"https:\/\/pagina10.com\/web\/#\/schema\/person\/2efc4a090d25b667d3bc796798a3a81b","name":"P\u00e1gina 10","description":"P\u00e1gina 10 es un peri\u00f3dico regional que nace en Colombia, en el departamento de Nari\u00f1o, con un enfoque global, fundamentado en cuatro pilares esenciales: la libertad, el pluralismo, la inclusi\u00f3n y la independencia. P\u00e1gina 10 hace referencia a Nari\u00f1o como el d\u00e9cimo departamento creado en Colombia, despu\u00e9s de un proceso pol\u00edtico liderado por actores y actrices regionales con el fin de obtener la independencia y autonom\u00eda de nuestros territorios. Con la creaci\u00f3n de P\u00e1gina 10 se pretende abrir un escenario para el dialogo, la reflexi\u00f3n y el debate que se extienda a otras geograf\u00edas de Am\u00e9rica Latina y del planeta, en una apuesta por transformar colectivamente los desaf\u00edos de un mundo contempor\u00e1neo, m\u00e1s all\u00e1 de las fronteras impuestas.","url":"https:\/\/pagina10.com\/web\/author\/pdiezadmin\/"}]}},"_links":{"self":[{"href":"https:\/\/pagina10.com\/web\/wp-json\/wp\/v2\/posts\/62946","targetHints":{"allow":["GET"]}}],"collection":[{"href":"https:\/\/pagina10.com\/web\/wp-json\/wp\/v2\/posts"}],"about":[{"href":"https:\/\/pagina10.com\/web\/wp-json\/wp\/v2\/types\/post"}],"author":[{"embeddable":true,"href":"https:\/\/pagina10.com\/web\/wp-json\/wp\/v2\/users\/1"}],"replies":[{"embeddable":true,"href":"https:\/\/pagina10.com\/web\/wp-json\/wp\/v2\/comments?post=62946"}],"version-history":[{"count":2,"href":"https:\/\/pagina10.com\/web\/wp-json\/wp\/v2\/posts\/62946\/revisions"}],"predecessor-version":[{"id":62951,"href":"https:\/\/pagina10.com\/web\/wp-json\/wp\/v2\/posts\/62946\/revisions\/62951"}],"wp:featuredmedia":[{"embeddable":true,"href":"https:\/\/pagina10.com\/web\/wp-json\/wp\/v2\/media\/62949"}],"wp:attachment":[{"href":"https:\/\/pagina10.com\/web\/wp-json\/wp\/v2\/media?parent=62946"}],"wp:term":[{"taxonomy":"category","embeddable":true,"href":"https:\/\/pagina10.com\/web\/wp-json\/wp\/v2\/categories?post=62946"},{"taxonomy":"post_tag","embeddable":true,"href":"https:\/\/pagina10.com\/web\/wp-json\/wp\/v2\/tags?post=62946"}],"curies":[{"name":"wp","href":"https:\/\/api.w.org\/{rel}","templated":true}]}}