{"id":62952,"date":"2022-11-18T10:25:53","date_gmt":"2022-11-18T15:25:53","guid":{"rendered":"https:\/\/pagina10.com\/web\/?p=62952"},"modified":"2022-11-18T10:25:53","modified_gmt":"2022-11-18T15:25:53","slug":"playa-de-tumaco-recibio-reconocimiento-bandera-azul-y-se-distingue-como-una-de-las-mejores-en-el-mundo","status":"publish","type":"post","link":"https:\/\/pagina10.com\/web\/playa-de-tumaco-recibio-reconocimiento-bandera-azul-y-se-distingue-como-una-de-las-mejores-en-el-mundo\/","title":{"rendered":"Playa de Tumaco recibi\u00f3 reconocimiento \u2018Bandera Azul\u2019 y se distingue como una de las mejores en el mundo"},"content":{"rendered":"<p style=\"text-align: justify;\">En Cartagena, la alcaldesa de Tumaco Mar\u00eda Emilsen Angulo Guevara acompa\u00f1ada por la Directora de Turismo Distrital Vicky Valencia, recibi\u00f3 la certificaci\u00f3n del distintivo Blue Flag o Bandera Azul una insignia que, por primera vez en la historia, se otorga a una playa de la Perla del Pac\u00edfico.<\/p>\n<p style=\"text-align: justify;\">Se trata de 200 metros de la playa El Morro los cuales fueron elegidos tras un minucioso estudio. Seg\u00fan la Asociaci\u00f3n Colombiana de Ingenier\u00eda Sanitaria y Ambiental, este espacio cumple con los criterios establecidos en calidad del agua de ba\u00f1o, seguridad, servicios, gesti\u00f3n, educaci\u00f3n e informaci\u00f3n ambiental.<\/p>\n<p style=\"text-align: justify;\">Cabe mencionar que el reconocimiento estar\u00e1 vigente durante la temporada de ba\u00f1o que inicia en diciembre 1 del 2022 y finaliza en agosto 31 del 2023; la certificaci\u00f3n se mantendr\u00e1 durante la temporada siempre que se cumplan 33 criterios establecidos del programa.<\/p>\n<p style=\"text-align: justify;\">Entre los criterios se destacan el uso del suelo, la limpieza, la inversi\u00f3n en una pasarela con base en una silla anfibia para las personas con discapacidad, una caseta salvavidas, tener la contrataci\u00f3n de tres salvavidas, se\u00f1alizaci\u00f3n de la playa y demarcaciones.<\/p>\n","protected":false},"excerpt":{"rendered":"<p>En Cartagena, la alcaldesa de Tumaco Mar\u00eda Emilsen Angulo Guevara acompa\u00f1ada por la Directora de Turismo Distrital Vicky Valencia, recibi\u00f3 la certificaci\u00f3n del distintivo Blue Flag o Bandera Azul una insignia que, por primera vez en la historia, se otorga a una playa de la Perla del Pac\u00edfico. Se trata de 200 metros de la [&hellip;]<\/p>\n","protected":false},"author":1,"featured_media":62953,"comment_status":"open","ping_status":"open","sticky":false,"template":"","format":"standard","meta":{"footnotes":""},"categories":[53],"tags":[],"class_list":["post-62952","post","type-post","status-publish","format-standard","has-post-thumbnail","hentry","category-regiones"],"yoast_head":"<!-- This site is optimized with the Yoast SEO plugin v27.1.1 - https:\/\/yoast.com\/product\/yoast-seo-wordpress\/ -->\n<title>Playa de Tumaco recibi\u00f3 reconocimiento \u2018Bandera Azul\u2019 y se distingue como una de las mejores en el mundo | P\u00e1gina10<\/title>\n<meta name=\"robots\" content=\"index, follow, max-snippet:-1, max-image-preview:large, max-video-preview:-1\" \/>\n<link rel=\"canonical\" href=\"https:\/\/pagina10.com\/web\/playa-de-tumaco-recibio-reconocimiento-bandera-azul-y-se-distingue-como-una-de-las-mejores-en-el-mundo\/\" \/>\n<meta property=\"og:locale\" content=\"es_ES\" \/>\n<meta property=\"og:type\" content=\"article\" \/>\n<meta property=\"og:title\" content=\"Playa de Tumaco recibi\u00f3 reconocimiento \u2018Bandera Azul\u2019 y se distingue como una de las mejores en el mundo | P\u00e1gina10\" \/>\n<meta property=\"og:description\" content=\"En Cartagena, la alcaldesa de Tumaco Mar\u00eda Emilsen Angulo Guevara acompa\u00f1ada por la Directora de Turismo Distrital Vicky Valencia, recibi\u00f3 la certificaci\u00f3n del distintivo Blue Flag o Bandera Azul una insignia que, por primera vez en la historia, se otorga a una playa de la Perla del Pac\u00edfico. Se trata de 200 metros de la [&hellip;]\" \/>\n<meta property=\"og:url\" content=\"https:\/\/pagina10.com\/web\/playa-de-tumaco-recibio-reconocimiento-bandera-azul-y-se-distingue-como-una-de-las-mejores-en-el-mundo\/\" \/>\n<meta property=\"og:site_name\" content=\"P\u00e1gina10\" \/>\n<meta property=\"article:publisher\" content=\"https:\/\/www.facebook.com\/pag10com\" \/>\n<meta property=\"article:published_time\" content=\"2022-11-18T15:25:53+00:00\" \/>\n<meta property=\"og:image\" content=\"https:\/\/pagina10.com\/web\/wp-content\/uploads\/2022\/11\/315752605_440355944920194_6156438736268291082_n.jpg\" \/>\n\t<meta property=\"og:image:width\" content=\"1592\" \/>\n\t<meta property=\"og:image:height\" content=\"1250\" \/>\n\t<meta property=\"og:image:type\" content=\"image\/jpeg\" \/>\n<meta name=\"author\" content=\"P\u00e1gina 10\" \/>\n<meta name=\"twitter:card\" content=\"summary_large_image\" \/>\n<meta name=\"twitter:creator\" content=\"@Pag10com\" \/>\n<meta name=\"twitter:site\" content=\"@Pag10com\" \/>\n<meta name=\"twitter:label1\" content=\"Escrito por\" \/>\n\t<meta name=\"twitter:data1\" content=\"P\u00e1gina 10\" \/>\n\t<meta name=\"twitter:label2\" content=\"Tiempo de lectura\" \/>\n\t<meta name=\"twitter:data2\" content=\"1 minuto\" \/>\n<script type=\"application\/ld+json\" class=\"yoast-schema-graph\">{\"@context\":\"https:\/\/schema.org\",\"@graph\":[{\"@type\":\"Article\",\"@id\":\"https:\/\/pagina10.com\/web\/playa-de-tumaco-recibio-reconocimiento-bandera-azul-y-se-distingue-como-una-de-las-mejores-en-el-mundo\/#article\",\"isPartOf\":{\"@id\":\"https:\/\/pagina10.com\/web\/playa-de-tumaco-recibio-reconocimiento-bandera-azul-y-se-distingue-como-una-de-las-mejores-en-el-mundo\/\"},\"author\":{\"name\":\"P\u00e1gina 10\",\"@id\":\"https:\/\/pagina10.com\/web\/#\/schema\/person\/2efc4a090d25b667d3bc796798a3a81b\"},\"headline\":\"Playa de Tumaco recibi\u00f3 reconocimiento \u2018Bandera Azul\u2019 y se distingue como una de las mejores en el mundo\",\"datePublished\":\"2022-11-18T15:25:53+00:00\",\"mainEntityOfPage\":{\"@id\":\"https:\/\/pagina10.com\/web\/playa-de-tumaco-recibio-reconocimiento-bandera-azul-y-se-distingue-como-una-de-las-mejores-en-el-mundo\/\"},\"wordCount\":208,\"commentCount\":0,\"publisher\":{\"@id\":\"https:\/\/pagina10.com\/web\/#organization\"},\"image\":{\"@id\":\"https:\/\/pagina10.com\/web\/playa-de-tumaco-recibio-reconocimiento-bandera-azul-y-se-distingue-como-una-de-las-mejores-en-el-mundo\/#primaryimage\"},\"thumbnailUrl\":\"https:\/\/pagina10.com\/web\/wp-content\/uploads\/2022\/11\/315752605_440355944920194_6156438736268291082_n.jpg\",\"articleSection\":[\"Regiones\"],\"inLanguage\":\"es\",\"potentialAction\":[{\"@type\":\"CommentAction\",\"name\":\"Comment\",\"target\":[\"https:\/\/pagina10.com\/web\/playa-de-tumaco-recibio-reconocimiento-bandera-azul-y-se-distingue-como-una-de-las-mejores-en-el-mundo\/#respond\"]}]},{\"@type\":\"WebPage\",\"@id\":\"https:\/\/pagina10.com\/web\/playa-de-tumaco-recibio-reconocimiento-bandera-azul-y-se-distingue-como-una-de-las-mejores-en-el-mundo\/\",\"url\":\"https:\/\/pagina10.com\/web\/playa-de-tumaco-recibio-reconocimiento-bandera-azul-y-se-distingue-como-una-de-las-mejores-en-el-mundo\/\",\"name\":\"Playa de Tumaco recibi\u00f3 reconocimiento \u2018Bandera Azul\u2019 y se distingue como una de las mejores en el mundo | P\u00e1gina10\",\"isPartOf\":{\"@id\":\"https:\/\/pagina10.com\/web\/#website\"},\"primaryImageOfPage\":{\"@id\":\"https:\/\/pagina10.com\/web\/playa-de-tumaco-recibio-reconocimiento-bandera-azul-y-se-distingue-como-una-de-las-mejores-en-el-mundo\/#primaryimage\"},\"image\":{\"@id\":\"https:\/\/pagina10.com\/web\/playa-de-tumaco-recibio-reconocimiento-bandera-azul-y-se-distingue-como-una-de-las-mejores-en-el-mundo\/#primaryimage\"},\"thumbnailUrl\":\"https:\/\/pagina10.com\/web\/wp-content\/uploads\/2022\/11\/315752605_440355944920194_6156438736268291082_n.jpg\",\"datePublished\":\"2022-11-18T15:25:53+00:00\",\"breadcrumb\":{\"@id\":\"https:\/\/pagina10.com\/web\/playa-de-tumaco-recibio-reconocimiento-bandera-azul-y-se-distingue-como-una-de-las-mejores-en-el-mundo\/#breadcrumb\"},\"inLanguage\":\"es\",\"potentialAction\":[{\"@type\":\"ReadAction\",\"target\":[\"https:\/\/pagina10.com\/web\/playa-de-tumaco-recibio-reconocimiento-bandera-azul-y-se-distingue-como-una-de-las-mejores-en-el-mundo\/\"]}]},{\"@type\":\"ImageObject\",\"inLanguage\":\"es\",\"@id\":\"https:\/\/pagina10.com\/web\/playa-de-tumaco-recibio-reconocimiento-bandera-azul-y-se-distingue-como-una-de-las-mejores-en-el-mundo\/#primaryimage\",\"url\":\"https:\/\/pagina10.com\/web\/wp-content\/uploads\/2022\/11\/315752605_440355944920194_6156438736268291082_n.jpg\",\"contentUrl\":\"https:\/\/pagina10.com\/web\/wp-content\/uploads\/2022\/11\/315752605_440355944920194_6156438736268291082_n.jpg\",\"width\":1592,\"height\":1250,\"caption\":\"Foto: Alclad\u00eda de Tumaco\"},{\"@type\":\"BreadcrumbList\",\"@id\":\"https:\/\/pagina10.com\/web\/playa-de-tumaco-recibio-reconocimiento-bandera-azul-y-se-distingue-como-una-de-las-mejores-en-el-mundo\/#breadcrumb\",\"itemListElement\":[{\"@type\":\"ListItem\",\"position\":1,\"name\":\"Portada\",\"item\":\"https:\/\/pagina10.com\/web\/\"},{\"@type\":\"ListItem\",\"position\":2,\"name\":\"Playa de Tumaco recibi\u00f3 reconocimiento \u2018Bandera Azul\u2019 y se distingue como una de las mejores en el mundo\"}]},{\"@type\":\"WebSite\",\"@id\":\"https:\/\/pagina10.com\/web\/#website\",\"url\":\"https:\/\/pagina10.com\/web\/\",\"name\":\"P\u00e1gina10\",\"description\":\"Peri\u00f3dico Regional\",\"publisher\":{\"@id\":\"https:\/\/pagina10.com\/web\/#organization\"},\"alternateName\":\"P\u00e1gina10 Peri\u00f3dico Regional\",\"potentialAction\":[{\"@type\":\"SearchAction\",\"target\":{\"@type\":\"EntryPoint\",\"urlTemplate\":\"https:\/\/pagina10.com\/web\/?s={search_term_string}\"},\"query-input\":{\"@type\":\"PropertyValueSpecification\",\"valueRequired\":true,\"valueName\":\"search_term_string\"}}],\"inLanguage\":\"es\"},{\"@type\":\"Organization\",\"@id\":\"https:\/\/pagina10.com\/web\/#organization\",\"name\":\"P\u00e1gina10\",\"alternateName\":\"P\u00e1gina10 Peri\u00f3dico Regional\",\"url\":\"https:\/\/pagina10.com\/web\/\",\"logo\":{\"@type\":\"ImageObject\",\"inLanguage\":\"es\",\"@id\":\"https:\/\/pagina10.com\/web\/#\/schema\/logo\/image\/\",\"url\":\"https:\/\/pagina10.com\/web\/wp-content\/uploads\/2024\/01\/40-pagina-10-periodico-regional-pasto.jpg\",\"contentUrl\":\"https:\/\/pagina10.com\/web\/wp-content\/uploads\/2024\/01\/40-pagina-10-periodico-regional-pasto.jpg\",\"width\":1280,\"height\":720,\"caption\":\"P\u00e1gina10\"},\"image\":{\"@id\":\"https:\/\/pagina10.com\/web\/#\/schema\/logo\/image\/\"},\"sameAs\":[\"https:\/\/www.facebook.com\/pag10com\",\"https:\/\/x.com\/Pag10com\",\"https:\/\/www.instagram.com\/pagina10col\/\",\"https:\/\/youtube.com\/channel\/pag10\",\"https:\/\/www.tiktok.com\/@p10col\"]},{\"@type\":\"Person\",\"@id\":\"https:\/\/pagina10.com\/web\/#\/schema\/person\/2efc4a090d25b667d3bc796798a3a81b\",\"name\":\"P\u00e1gina 10\",\"description\":\"P\u00e1gina 10 es un peri\u00f3dico regional que nace en Colombia, en el departamento de Nari\u00f1o, con un enfoque global, fundamentado en cuatro pilares esenciales: la libertad, el pluralismo, la inclusi\u00f3n y la independencia. P\u00e1gina 10 hace referencia a Nari\u00f1o como el d\u00e9cimo departamento creado en Colombia, despu\u00e9s de un proceso pol\u00edtico liderado por actores y actrices regionales con el fin de obtener la independencia y autonom\u00eda de nuestros territorios. Con la creaci\u00f3n de P\u00e1gina 10 se pretende abrir un escenario para el dialogo, la reflexi\u00f3n y el debate que se extienda a otras geograf\u00edas de Am\u00e9rica Latina y del planeta, en una apuesta por transformar colectivamente los desaf\u00edos de un mundo contempor\u00e1neo, m\u00e1s all\u00e1 de las fronteras impuestas.\",\"url\":\"https:\/\/pagina10.com\/web\/author\/pdiezadmin\/\"}]}<\/script>\n<!-- \/ Yoast SEO plugin. -->","yoast_head_json":{"title":"Playa de Tumaco recibi\u00f3 reconocimiento \u2018Bandera Azul\u2019 y se distingue como una de las mejores en el mundo | P\u00e1gina10","robots":{"index":"index","follow":"follow","max-snippet":"max-snippet:-1","max-image-preview":"max-image-preview:large","max-video-preview":"max-video-preview:-1"},"canonical":"https:\/\/pagina10.com\/web\/playa-de-tumaco-recibio-reconocimiento-bandera-azul-y-se-distingue-como-una-de-las-mejores-en-el-mundo\/","og_locale":"es_ES","og_type":"article","og_title":"Playa de Tumaco recibi\u00f3 reconocimiento \u2018Bandera Azul\u2019 y se distingue como una de las mejores en el mundo | P\u00e1gina10","og_description":"En Cartagena, la alcaldesa de Tumaco Mar\u00eda Emilsen Angulo Guevara acompa\u00f1ada por la Directora de Turismo Distrital Vicky Valencia, recibi\u00f3 la certificaci\u00f3n del distintivo Blue Flag o Bandera Azul una insignia que, por primera vez en la historia, se otorga a una playa de la Perla del Pac\u00edfico. Se trata de 200 metros de la [&hellip;]","og_url":"https:\/\/pagina10.com\/web\/playa-de-tumaco-recibio-reconocimiento-bandera-azul-y-se-distingue-como-una-de-las-mejores-en-el-mundo\/","og_site_name":"P\u00e1gina10","article_publisher":"https:\/\/www.facebook.com\/pag10com","article_published_time":"2022-11-18T15:25:53+00:00","og_image":[{"width":1592,"height":1250,"url":"https:\/\/pagina10.com\/web\/wp-content\/uploads\/2022\/11\/315752605_440355944920194_6156438736268291082_n.jpg","type":"image\/jpeg"}],"author":"P\u00e1gina 10","twitter_card":"summary_large_image","twitter_creator":"@Pag10com","twitter_site":"@Pag10com","twitter_misc":{"Escrito por":"P\u00e1gina 10","Tiempo de lectura":"1 minuto"},"schema":{"@context":"https:\/\/schema.org","@graph":[{"@type":"Article","@id":"https:\/\/pagina10.com\/web\/playa-de-tumaco-recibio-reconocimiento-bandera-azul-y-se-distingue-como-una-de-las-mejores-en-el-mundo\/#article","isPartOf":{"@id":"https:\/\/pagina10.com\/web\/playa-de-tumaco-recibio-reconocimiento-bandera-azul-y-se-distingue-como-una-de-las-mejores-en-el-mundo\/"},"author":{"name":"P\u00e1gina 10","@id":"https:\/\/pagina10.com\/web\/#\/schema\/person\/2efc4a090d25b667d3bc796798a3a81b"},"headline":"Playa de Tumaco recibi\u00f3 reconocimiento \u2018Bandera Azul\u2019 y se distingue como una de las mejores en el mundo","datePublished":"2022-11-18T15:25:53+00:00","mainEntityOfPage":{"@id":"https:\/\/pagina10.com\/web\/playa-de-tumaco-recibio-reconocimiento-bandera-azul-y-se-distingue-como-una-de-las-mejores-en-el-mundo\/"},"wordCount":208,"commentCount":0,"publisher":{"@id":"https:\/\/pagina10.com\/web\/#organization"},"image":{"@id":"https:\/\/pagina10.com\/web\/playa-de-tumaco-recibio-reconocimiento-bandera-azul-y-se-distingue-como-una-de-las-mejores-en-el-mundo\/#primaryimage"},"thumbnailUrl":"https:\/\/pagina10.com\/web\/wp-content\/uploads\/2022\/11\/315752605_440355944920194_6156438736268291082_n.jpg","articleSection":["Regiones"],"inLanguage":"es","potentialAction":[{"@type":"CommentAction","name":"Comment","target":["https:\/\/pagina10.com\/web\/playa-de-tumaco-recibio-reconocimiento-bandera-azul-y-se-distingue-como-una-de-las-mejores-en-el-mundo\/#respond"]}]},{"@type":"WebPage","@id":"https:\/\/pagina10.com\/web\/playa-de-tumaco-recibio-reconocimiento-bandera-azul-y-se-distingue-como-una-de-las-mejores-en-el-mundo\/","url":"https:\/\/pagina10.com\/web\/playa-de-tumaco-recibio-reconocimiento-bandera-azul-y-se-distingue-como-una-de-las-mejores-en-el-mundo\/","name":"Playa de Tumaco recibi\u00f3 reconocimiento \u2018Bandera Azul\u2019 y se distingue como una de las mejores en el mundo | P\u00e1gina10","isPartOf":{"@id":"https:\/\/pagina10.com\/web\/#website"},"primaryImageOfPage":{"@id":"https:\/\/pagina10.com\/web\/playa-de-tumaco-recibio-reconocimiento-bandera-azul-y-se-distingue-como-una-de-las-mejores-en-el-mundo\/#primaryimage"},"image":{"@id":"https:\/\/pagina10.com\/web\/playa-de-tumaco-recibio-reconocimiento-bandera-azul-y-se-distingue-como-una-de-las-mejores-en-el-mundo\/#primaryimage"},"thumbnailUrl":"https:\/\/pagina10.com\/web\/wp-content\/uploads\/2022\/11\/315752605_440355944920194_6156438736268291082_n.jpg","datePublished":"2022-11-18T15:25:53+00:00","breadcrumb":{"@id":"https:\/\/pagina10.com\/web\/playa-de-tumaco-recibio-reconocimiento-bandera-azul-y-se-distingue-como-una-de-las-mejores-en-el-mundo\/#breadcrumb"},"inLanguage":"es","potentialAction":[{"@type":"ReadAction","target":["https:\/\/pagina10.com\/web\/playa-de-tumaco-recibio-reconocimiento-bandera-azul-y-se-distingue-como-una-de-las-mejores-en-el-mundo\/"]}]},{"@type":"ImageObject","inLanguage":"es","@id":"https:\/\/pagina10.com\/web\/playa-de-tumaco-recibio-reconocimiento-bandera-azul-y-se-distingue-como-una-de-las-mejores-en-el-mundo\/#primaryimage","url":"https:\/\/pagina10.com\/web\/wp-content\/uploads\/2022\/11\/315752605_440355944920194_6156438736268291082_n.jpg","contentUrl":"https:\/\/pagina10.com\/web\/wp-content\/uploads\/2022\/11\/315752605_440355944920194_6156438736268291082_n.jpg","width":1592,"height":1250,"caption":"Foto: Alclad\u00eda de Tumaco"},{"@type":"BreadcrumbList","@id":"https:\/\/pagina10.com\/web\/playa-de-tumaco-recibio-reconocimiento-bandera-azul-y-se-distingue-como-una-de-las-mejores-en-el-mundo\/#breadcrumb","itemListElement":[{"@type":"ListItem","position":1,"name":"Portada","item":"https:\/\/pagina10.com\/web\/"},{"@type":"ListItem","position":2,"name":"Playa de Tumaco recibi\u00f3 reconocimiento \u2018Bandera Azul\u2019 y se distingue como una de las mejores en el mundo"}]},{"@type":"WebSite","@id":"https:\/\/pagina10.com\/web\/#website","url":"https:\/\/pagina10.com\/web\/","name":"P\u00e1gina10","description":"Peri\u00f3dico Regional","publisher":{"@id":"https:\/\/pagina10.com\/web\/#organization"},"alternateName":"P\u00e1gina10 Peri\u00f3dico Regional","potentialAction":[{"@type":"SearchAction","target":{"@type":"EntryPoint","urlTemplate":"https:\/\/pagina10.com\/web\/?s={search_term_string}"},"query-input":{"@type":"PropertyValueSpecification","valueRequired":true,"valueName":"search_term_string"}}],"inLanguage":"es"},{"@type":"Organization","@id":"https:\/\/pagina10.com\/web\/#organization","name":"P\u00e1gina10","alternateName":"P\u00e1gina10 Peri\u00f3dico Regional","url":"https:\/\/pagina10.com\/web\/","logo":{"@type":"ImageObject","inLanguage":"es","@id":"https:\/\/pagina10.com\/web\/#\/schema\/logo\/image\/","url":"https:\/\/pagina10.com\/web\/wp-content\/uploads\/2024\/01\/40-pagina-10-periodico-regional-pasto.jpg","contentUrl":"https:\/\/pagina10.com\/web\/wp-content\/uploads\/2024\/01\/40-pagina-10-periodico-regional-pasto.jpg","width":1280,"height":720,"caption":"P\u00e1gina10"},"image":{"@id":"https:\/\/pagina10.com\/web\/#\/schema\/logo\/image\/"},"sameAs":["https:\/\/www.facebook.com\/pag10com","https:\/\/x.com\/Pag10com","https:\/\/www.instagram.com\/pagina10col\/","https:\/\/youtube.com\/channel\/pag10","https:\/\/www.tiktok.com\/@p10col"]},{"@type":"Person","@id":"https:\/\/pagina10.com\/web\/#\/schema\/person\/2efc4a090d25b667d3bc796798a3a81b","name":"P\u00e1gina 10","description":"P\u00e1gina 10 es un peri\u00f3dico regional que nace en Colombia, en el departamento de Nari\u00f1o, con un enfoque global, fundamentado en cuatro pilares esenciales: la libertad, el pluralismo, la inclusi\u00f3n y la independencia. P\u00e1gina 10 hace referencia a Nari\u00f1o como el d\u00e9cimo departamento creado en Colombia, despu\u00e9s de un proceso pol\u00edtico liderado por actores y actrices regionales con el fin de obtener la independencia y autonom\u00eda de nuestros territorios. Con la creaci\u00f3n de P\u00e1gina 10 se pretende abrir un escenario para el dialogo, la reflexi\u00f3n y el debate que se extienda a otras geograf\u00edas de Am\u00e9rica Latina y del planeta, en una apuesta por transformar colectivamente los desaf\u00edos de un mundo contempor\u00e1neo, m\u00e1s all\u00e1 de las fronteras impuestas.","url":"https:\/\/pagina10.com\/web\/author\/pdiezadmin\/"}]}},"_links":{"self":[{"href":"https:\/\/pagina10.com\/web\/wp-json\/wp\/v2\/posts\/62952","targetHints":{"allow":["GET"]}}],"collection":[{"href":"https:\/\/pagina10.com\/web\/wp-json\/wp\/v2\/posts"}],"about":[{"href":"https:\/\/pagina10.com\/web\/wp-json\/wp\/v2\/types\/post"}],"author":[{"embeddable":true,"href":"https:\/\/pagina10.com\/web\/wp-json\/wp\/v2\/users\/1"}],"replies":[{"embeddable":true,"href":"https:\/\/pagina10.com\/web\/wp-json\/wp\/v2\/comments?post=62952"}],"version-history":[{"count":1,"href":"https:\/\/pagina10.com\/web\/wp-json\/wp\/v2\/posts\/62952\/revisions"}],"predecessor-version":[{"id":62954,"href":"https:\/\/pagina10.com\/web\/wp-json\/wp\/v2\/posts\/62952\/revisions\/62954"}],"wp:featuredmedia":[{"embeddable":true,"href":"https:\/\/pagina10.com\/web\/wp-json\/wp\/v2\/media\/62953"}],"wp:attachment":[{"href":"https:\/\/pagina10.com\/web\/wp-json\/wp\/v2\/media?parent=62952"}],"wp:term":[{"taxonomy":"category","embeddable":true,"href":"https:\/\/pagina10.com\/web\/wp-json\/wp\/v2\/categories?post=62952"},{"taxonomy":"post_tag","embeddable":true,"href":"https:\/\/pagina10.com\/web\/wp-json\/wp\/v2\/tags?post=62952"}],"curies":[{"name":"wp","href":"https:\/\/api.w.org\/{rel}","templated":true}]}}