{"id":62967,"date":"2022-11-18T15:12:11","date_gmt":"2022-11-18T20:12:11","guid":{"rendered":"https:\/\/pagina10.com\/web\/?p=62967"},"modified":"2022-11-18T15:12:11","modified_gmt":"2022-11-18T20:12:11","slug":"culmino-estudio-sobre-amenaza-de-tsunami-en-dos-municipios-de-narino","status":"publish","type":"post","link":"https:\/\/pagina10.com\/web\/culmino-estudio-sobre-amenaza-de-tsunami-en-dos-municipios-de-narino\/","title":{"rendered":"Culmin\u00f3 estudio sobre amenaza de tsunami en dos municipios de Nari\u00f1o"},"content":{"rendered":"<p style=\"text-align: justify;\">Nari\u00f1o avanza en el conocimiento del riesgo de la amenaza por tsunami a trav\u00e9s del proyecto de estudios para la implementaci\u00f3n de acciones para mitigar los efectos por amenaza de tsunami en los Municipios de Tumaco y Francisco Pizarro.<\/p>\n<p style=\"text-align: justify;\">Este proyecto de investigaci\u00f3n aporta insumos valiosos como el dise\u00f1o de rutas de evacuaci\u00f3n en caso de amenaza, dise\u00f1o de obras para mitigar el impacto de olas, d\u00f3nde se contempla obras blandas e h\u00edbridas. Adicionalmente, dise\u00f1o de sistemas de alarmas y alertas en caso de tsunami y que permitir\u00e1n procesos de evacuaci\u00f3n&#8221;, explic\u00f3 el Director de Gesti\u00f3n del Riesgo de Desastres de Nari\u00f1o, Jader Gaviria. El Proyecto inici\u00f3 en enero de 2020 con una ejecuci\u00f3n de 30 meses y contiene, adem\u00e1s, el proceso de transferencia de conocimientos para la apropiaci\u00f3n social de las comunidades sobre el fen\u00f3meno de tsunami.<\/p>\n","protected":false},"excerpt":{"rendered":"<p>Nari\u00f1o avanza en el conocimiento del riesgo de la amenaza por tsunami a trav\u00e9s del proyecto de estudios para la implementaci\u00f3n de acciones para mitigar los efectos por amenaza de tsunami en los Municipios de Tumaco y Francisco Pizarro. Este proyecto de investigaci\u00f3n aporta insumos valiosos como el dise\u00f1o de rutas de evacuaci\u00f3n en caso [&hellip;]<\/p>\n","protected":false},"author":1,"featured_media":60831,"comment_status":"open","ping_status":"open","sticky":false,"template":"","format":"standard","meta":{"footnotes":""},"categories":[53],"tags":[],"class_list":["post-62967","post","type-post","status-publish","format-standard","has-post-thumbnail","hentry","category-regiones"],"yoast_head":"<!-- This site is optimized with the Yoast SEO plugin v27.1.1 - https:\/\/yoast.com\/product\/yoast-seo-wordpress\/ -->\n<title>Culmin\u00f3 estudio sobre amenaza de tsunami en dos municipios de Nari\u00f1o | P\u00e1gina10<\/title>\n<meta name=\"robots\" content=\"index, follow, max-snippet:-1, max-image-preview:large, max-video-preview:-1\" \/>\n<link rel=\"canonical\" href=\"https:\/\/pagina10.com\/web\/culmino-estudio-sobre-amenaza-de-tsunami-en-dos-municipios-de-narino\/\" \/>\n<meta property=\"og:locale\" content=\"es_ES\" \/>\n<meta property=\"og:type\" content=\"article\" \/>\n<meta property=\"og:title\" content=\"Culmin\u00f3 estudio sobre amenaza de tsunami en dos municipios de Nari\u00f1o | P\u00e1gina10\" \/>\n<meta property=\"og:description\" content=\"Nari\u00f1o avanza en el conocimiento del riesgo de la amenaza por tsunami a trav\u00e9s del proyecto de estudios para la implementaci\u00f3n de acciones para mitigar los efectos por amenaza de tsunami en los Municipios de Tumaco y Francisco Pizarro. Este proyecto de investigaci\u00f3n aporta insumos valiosos como el dise\u00f1o de rutas de evacuaci\u00f3n en caso [&hellip;]\" \/>\n<meta property=\"og:url\" content=\"https:\/\/pagina10.com\/web\/culmino-estudio-sobre-amenaza-de-tsunami-en-dos-municipios-de-narino\/\" \/>\n<meta property=\"og:site_name\" content=\"P\u00e1gina10\" \/>\n<meta property=\"article:publisher\" content=\"https:\/\/www.facebook.com\/pag10com\" \/>\n<meta property=\"article:published_time\" content=\"2022-11-18T20:12:11+00:00\" \/>\n<meta property=\"og:image\" content=\"https:\/\/pagina10.com\/web\/wp-content\/uploads\/2022\/08\/Tumaco.jpg\" \/>\n\t<meta property=\"og:image:width\" content=\"734\" \/>\n\t<meta property=\"og:image:height\" content=\"486\" \/>\n\t<meta property=\"og:image:type\" content=\"image\/jpeg\" \/>\n<meta name=\"author\" content=\"P\u00e1gina 10\" \/>\n<meta name=\"twitter:card\" content=\"summary_large_image\" \/>\n<meta name=\"twitter:creator\" content=\"@Pag10com\" \/>\n<meta name=\"twitter:site\" content=\"@Pag10com\" \/>\n<meta name=\"twitter:label1\" content=\"Escrito por\" \/>\n\t<meta name=\"twitter:data1\" content=\"P\u00e1gina 10\" \/>\n\t<meta name=\"twitter:label2\" content=\"Tiempo de lectura\" \/>\n\t<meta name=\"twitter:data2\" content=\"1 minuto\" \/>\n<script type=\"application\/ld+json\" class=\"yoast-schema-graph\">{\"@context\":\"https:\/\/schema.org\",\"@graph\":[{\"@type\":\"Article\",\"@id\":\"https:\/\/pagina10.com\/web\/culmino-estudio-sobre-amenaza-de-tsunami-en-dos-municipios-de-narino\/#article\",\"isPartOf\":{\"@id\":\"https:\/\/pagina10.com\/web\/culmino-estudio-sobre-amenaza-de-tsunami-en-dos-municipios-de-narino\/\"},\"author\":{\"name\":\"P\u00e1gina 10\",\"@id\":\"https:\/\/pagina10.com\/web\/#\/schema\/person\/2efc4a090d25b667d3bc796798a3a81b\"},\"headline\":\"Culmin\u00f3 estudio sobre amenaza de tsunami en dos municipios de Nari\u00f1o\",\"datePublished\":\"2022-11-18T20:12:11+00:00\",\"mainEntityOfPage\":{\"@id\":\"https:\/\/pagina10.com\/web\/culmino-estudio-sobre-amenaza-de-tsunami-en-dos-municipios-de-narino\/\"},\"wordCount\":166,\"commentCount\":0,\"publisher\":{\"@id\":\"https:\/\/pagina10.com\/web\/#organization\"},\"image\":{\"@id\":\"https:\/\/pagina10.com\/web\/culmino-estudio-sobre-amenaza-de-tsunami-en-dos-municipios-de-narino\/#primaryimage\"},\"thumbnailUrl\":\"https:\/\/pagina10.com\/web\/wp-content\/uploads\/2022\/08\/Tumaco.jpg\",\"articleSection\":[\"Regiones\"],\"inLanguage\":\"es\",\"potentialAction\":[{\"@type\":\"CommentAction\",\"name\":\"Comment\",\"target\":[\"https:\/\/pagina10.com\/web\/culmino-estudio-sobre-amenaza-de-tsunami-en-dos-municipios-de-narino\/#respond\"]}]},{\"@type\":\"WebPage\",\"@id\":\"https:\/\/pagina10.com\/web\/culmino-estudio-sobre-amenaza-de-tsunami-en-dos-municipios-de-narino\/\",\"url\":\"https:\/\/pagina10.com\/web\/culmino-estudio-sobre-amenaza-de-tsunami-en-dos-municipios-de-narino\/\",\"name\":\"Culmin\u00f3 estudio sobre amenaza de tsunami en dos municipios de Nari\u00f1o | P\u00e1gina10\",\"isPartOf\":{\"@id\":\"https:\/\/pagina10.com\/web\/#website\"},\"primaryImageOfPage\":{\"@id\":\"https:\/\/pagina10.com\/web\/culmino-estudio-sobre-amenaza-de-tsunami-en-dos-municipios-de-narino\/#primaryimage\"},\"image\":{\"@id\":\"https:\/\/pagina10.com\/web\/culmino-estudio-sobre-amenaza-de-tsunami-en-dos-municipios-de-narino\/#primaryimage\"},\"thumbnailUrl\":\"https:\/\/pagina10.com\/web\/wp-content\/uploads\/2022\/08\/Tumaco.jpg\",\"datePublished\":\"2022-11-18T20:12:11+00:00\",\"breadcrumb\":{\"@id\":\"https:\/\/pagina10.com\/web\/culmino-estudio-sobre-amenaza-de-tsunami-en-dos-municipios-de-narino\/#breadcrumb\"},\"inLanguage\":\"es\",\"potentialAction\":[{\"@type\":\"ReadAction\",\"target\":[\"https:\/\/pagina10.com\/web\/culmino-estudio-sobre-amenaza-de-tsunami-en-dos-municipios-de-narino\/\"]}]},{\"@type\":\"ImageObject\",\"inLanguage\":\"es\",\"@id\":\"https:\/\/pagina10.com\/web\/culmino-estudio-sobre-amenaza-de-tsunami-en-dos-municipios-de-narino\/#primaryimage\",\"url\":\"https:\/\/pagina10.com\/web\/wp-content\/uploads\/2022\/08\/Tumaco.jpg\",\"contentUrl\":\"https:\/\/pagina10.com\/web\/wp-content\/uploads\/2022\/08\/Tumaco.jpg\",\"width\":734,\"height\":486},{\"@type\":\"BreadcrumbList\",\"@id\":\"https:\/\/pagina10.com\/web\/culmino-estudio-sobre-amenaza-de-tsunami-en-dos-municipios-de-narino\/#breadcrumb\",\"itemListElement\":[{\"@type\":\"ListItem\",\"position\":1,\"name\":\"Portada\",\"item\":\"https:\/\/pagina10.com\/web\/\"},{\"@type\":\"ListItem\",\"position\":2,\"name\":\"Culmin\u00f3 estudio sobre amenaza de tsunami en dos municipios de Nari\u00f1o\"}]},{\"@type\":\"WebSite\",\"@id\":\"https:\/\/pagina10.com\/web\/#website\",\"url\":\"https:\/\/pagina10.com\/web\/\",\"name\":\"P\u00e1gina10\",\"description\":\"Peri\u00f3dico Regional\",\"publisher\":{\"@id\":\"https:\/\/pagina10.com\/web\/#organization\"},\"alternateName\":\"P\u00e1gina10 Peri\u00f3dico Regional\",\"potentialAction\":[{\"@type\":\"SearchAction\",\"target\":{\"@type\":\"EntryPoint\",\"urlTemplate\":\"https:\/\/pagina10.com\/web\/?s={search_term_string}\"},\"query-input\":{\"@type\":\"PropertyValueSpecification\",\"valueRequired\":true,\"valueName\":\"search_term_string\"}}],\"inLanguage\":\"es\"},{\"@type\":\"Organization\",\"@id\":\"https:\/\/pagina10.com\/web\/#organization\",\"name\":\"P\u00e1gina10\",\"alternateName\":\"P\u00e1gina10 Peri\u00f3dico Regional\",\"url\":\"https:\/\/pagina10.com\/web\/\",\"logo\":{\"@type\":\"ImageObject\",\"inLanguage\":\"es\",\"@id\":\"https:\/\/pagina10.com\/web\/#\/schema\/logo\/image\/\",\"url\":\"https:\/\/pagina10.com\/web\/wp-content\/uploads\/2024\/01\/40-pagina-10-periodico-regional-pasto.jpg\",\"contentUrl\":\"https:\/\/pagina10.com\/web\/wp-content\/uploads\/2024\/01\/40-pagina-10-periodico-regional-pasto.jpg\",\"width\":1280,\"height\":720,\"caption\":\"P\u00e1gina10\"},\"image\":{\"@id\":\"https:\/\/pagina10.com\/web\/#\/schema\/logo\/image\/\"},\"sameAs\":[\"https:\/\/www.facebook.com\/pag10com\",\"https:\/\/x.com\/Pag10com\",\"https:\/\/www.instagram.com\/pagina10col\/\",\"https:\/\/youtube.com\/channel\/pag10\",\"https:\/\/www.tiktok.com\/@p10col\"]},{\"@type\":\"Person\",\"@id\":\"https:\/\/pagina10.com\/web\/#\/schema\/person\/2efc4a090d25b667d3bc796798a3a81b\",\"name\":\"P\u00e1gina 10\",\"description\":\"P\u00e1gina 10 es un peri\u00f3dico regional que nace en Colombia, en el departamento de Nari\u00f1o, con un enfoque global, fundamentado en cuatro pilares esenciales: la libertad, el pluralismo, la inclusi\u00f3n y la independencia. P\u00e1gina 10 hace referencia a Nari\u00f1o como el d\u00e9cimo departamento creado en Colombia, despu\u00e9s de un proceso pol\u00edtico liderado por actores y actrices regionales con el fin de obtener la independencia y autonom\u00eda de nuestros territorios. Con la creaci\u00f3n de P\u00e1gina 10 se pretende abrir un escenario para el dialogo, la reflexi\u00f3n y el debate que se extienda a otras geograf\u00edas de Am\u00e9rica Latina y del planeta, en una apuesta por transformar colectivamente los desaf\u00edos de un mundo contempor\u00e1neo, m\u00e1s all\u00e1 de las fronteras impuestas.\",\"url\":\"https:\/\/pagina10.com\/web\/author\/pdiezadmin\/\"}]}<\/script>\n<!-- \/ Yoast SEO plugin. -->","yoast_head_json":{"title":"Culmin\u00f3 estudio sobre amenaza de tsunami en dos municipios de Nari\u00f1o | P\u00e1gina10","robots":{"index":"index","follow":"follow","max-snippet":"max-snippet:-1","max-image-preview":"max-image-preview:large","max-video-preview":"max-video-preview:-1"},"canonical":"https:\/\/pagina10.com\/web\/culmino-estudio-sobre-amenaza-de-tsunami-en-dos-municipios-de-narino\/","og_locale":"es_ES","og_type":"article","og_title":"Culmin\u00f3 estudio sobre amenaza de tsunami en dos municipios de Nari\u00f1o | P\u00e1gina10","og_description":"Nari\u00f1o avanza en el conocimiento del riesgo de la amenaza por tsunami a trav\u00e9s del proyecto de estudios para la implementaci\u00f3n de acciones para mitigar los efectos por amenaza de tsunami en los Municipios de Tumaco y Francisco Pizarro. Este proyecto de investigaci\u00f3n aporta insumos valiosos como el dise\u00f1o de rutas de evacuaci\u00f3n en caso [&hellip;]","og_url":"https:\/\/pagina10.com\/web\/culmino-estudio-sobre-amenaza-de-tsunami-en-dos-municipios-de-narino\/","og_site_name":"P\u00e1gina10","article_publisher":"https:\/\/www.facebook.com\/pag10com","article_published_time":"2022-11-18T20:12:11+00:00","og_image":[{"width":734,"height":486,"url":"https:\/\/pagina10.com\/web\/wp-content\/uploads\/2022\/08\/Tumaco.jpg","type":"image\/jpeg"}],"author":"P\u00e1gina 10","twitter_card":"summary_large_image","twitter_creator":"@Pag10com","twitter_site":"@Pag10com","twitter_misc":{"Escrito por":"P\u00e1gina 10","Tiempo de lectura":"1 minuto"},"schema":{"@context":"https:\/\/schema.org","@graph":[{"@type":"Article","@id":"https:\/\/pagina10.com\/web\/culmino-estudio-sobre-amenaza-de-tsunami-en-dos-municipios-de-narino\/#article","isPartOf":{"@id":"https:\/\/pagina10.com\/web\/culmino-estudio-sobre-amenaza-de-tsunami-en-dos-municipios-de-narino\/"},"author":{"name":"P\u00e1gina 10","@id":"https:\/\/pagina10.com\/web\/#\/schema\/person\/2efc4a090d25b667d3bc796798a3a81b"},"headline":"Culmin\u00f3 estudio sobre amenaza de tsunami en dos municipios de Nari\u00f1o","datePublished":"2022-11-18T20:12:11+00:00","mainEntityOfPage":{"@id":"https:\/\/pagina10.com\/web\/culmino-estudio-sobre-amenaza-de-tsunami-en-dos-municipios-de-narino\/"},"wordCount":166,"commentCount":0,"publisher":{"@id":"https:\/\/pagina10.com\/web\/#organization"},"image":{"@id":"https:\/\/pagina10.com\/web\/culmino-estudio-sobre-amenaza-de-tsunami-en-dos-municipios-de-narino\/#primaryimage"},"thumbnailUrl":"https:\/\/pagina10.com\/web\/wp-content\/uploads\/2022\/08\/Tumaco.jpg","articleSection":["Regiones"],"inLanguage":"es","potentialAction":[{"@type":"CommentAction","name":"Comment","target":["https:\/\/pagina10.com\/web\/culmino-estudio-sobre-amenaza-de-tsunami-en-dos-municipios-de-narino\/#respond"]}]},{"@type":"WebPage","@id":"https:\/\/pagina10.com\/web\/culmino-estudio-sobre-amenaza-de-tsunami-en-dos-municipios-de-narino\/","url":"https:\/\/pagina10.com\/web\/culmino-estudio-sobre-amenaza-de-tsunami-en-dos-municipios-de-narino\/","name":"Culmin\u00f3 estudio sobre amenaza de tsunami en dos municipios de Nari\u00f1o | P\u00e1gina10","isPartOf":{"@id":"https:\/\/pagina10.com\/web\/#website"},"primaryImageOfPage":{"@id":"https:\/\/pagina10.com\/web\/culmino-estudio-sobre-amenaza-de-tsunami-en-dos-municipios-de-narino\/#primaryimage"},"image":{"@id":"https:\/\/pagina10.com\/web\/culmino-estudio-sobre-amenaza-de-tsunami-en-dos-municipios-de-narino\/#primaryimage"},"thumbnailUrl":"https:\/\/pagina10.com\/web\/wp-content\/uploads\/2022\/08\/Tumaco.jpg","datePublished":"2022-11-18T20:12:11+00:00","breadcrumb":{"@id":"https:\/\/pagina10.com\/web\/culmino-estudio-sobre-amenaza-de-tsunami-en-dos-municipios-de-narino\/#breadcrumb"},"inLanguage":"es","potentialAction":[{"@type":"ReadAction","target":["https:\/\/pagina10.com\/web\/culmino-estudio-sobre-amenaza-de-tsunami-en-dos-municipios-de-narino\/"]}]},{"@type":"ImageObject","inLanguage":"es","@id":"https:\/\/pagina10.com\/web\/culmino-estudio-sobre-amenaza-de-tsunami-en-dos-municipios-de-narino\/#primaryimage","url":"https:\/\/pagina10.com\/web\/wp-content\/uploads\/2022\/08\/Tumaco.jpg","contentUrl":"https:\/\/pagina10.com\/web\/wp-content\/uploads\/2022\/08\/Tumaco.jpg","width":734,"height":486},{"@type":"BreadcrumbList","@id":"https:\/\/pagina10.com\/web\/culmino-estudio-sobre-amenaza-de-tsunami-en-dos-municipios-de-narino\/#breadcrumb","itemListElement":[{"@type":"ListItem","position":1,"name":"Portada","item":"https:\/\/pagina10.com\/web\/"},{"@type":"ListItem","position":2,"name":"Culmin\u00f3 estudio sobre amenaza de tsunami en dos municipios de Nari\u00f1o"}]},{"@type":"WebSite","@id":"https:\/\/pagina10.com\/web\/#website","url":"https:\/\/pagina10.com\/web\/","name":"P\u00e1gina10","description":"Peri\u00f3dico Regional","publisher":{"@id":"https:\/\/pagina10.com\/web\/#organization"},"alternateName":"P\u00e1gina10 Peri\u00f3dico Regional","potentialAction":[{"@type":"SearchAction","target":{"@type":"EntryPoint","urlTemplate":"https:\/\/pagina10.com\/web\/?s={search_term_string}"},"query-input":{"@type":"PropertyValueSpecification","valueRequired":true,"valueName":"search_term_string"}}],"inLanguage":"es"},{"@type":"Organization","@id":"https:\/\/pagina10.com\/web\/#organization","name":"P\u00e1gina10","alternateName":"P\u00e1gina10 Peri\u00f3dico Regional","url":"https:\/\/pagina10.com\/web\/","logo":{"@type":"ImageObject","inLanguage":"es","@id":"https:\/\/pagina10.com\/web\/#\/schema\/logo\/image\/","url":"https:\/\/pagina10.com\/web\/wp-content\/uploads\/2024\/01\/40-pagina-10-periodico-regional-pasto.jpg","contentUrl":"https:\/\/pagina10.com\/web\/wp-content\/uploads\/2024\/01\/40-pagina-10-periodico-regional-pasto.jpg","width":1280,"height":720,"caption":"P\u00e1gina10"},"image":{"@id":"https:\/\/pagina10.com\/web\/#\/schema\/logo\/image\/"},"sameAs":["https:\/\/www.facebook.com\/pag10com","https:\/\/x.com\/Pag10com","https:\/\/www.instagram.com\/pagina10col\/","https:\/\/youtube.com\/channel\/pag10","https:\/\/www.tiktok.com\/@p10col"]},{"@type":"Person","@id":"https:\/\/pagina10.com\/web\/#\/schema\/person\/2efc4a090d25b667d3bc796798a3a81b","name":"P\u00e1gina 10","description":"P\u00e1gina 10 es un peri\u00f3dico regional que nace en Colombia, en el departamento de Nari\u00f1o, con un enfoque global, fundamentado en cuatro pilares esenciales: la libertad, el pluralismo, la inclusi\u00f3n y la independencia. P\u00e1gina 10 hace referencia a Nari\u00f1o como el d\u00e9cimo departamento creado en Colombia, despu\u00e9s de un proceso pol\u00edtico liderado por actores y actrices regionales con el fin de obtener la independencia y autonom\u00eda de nuestros territorios. Con la creaci\u00f3n de P\u00e1gina 10 se pretende abrir un escenario para el dialogo, la reflexi\u00f3n y el debate que se extienda a otras geograf\u00edas de Am\u00e9rica Latina y del planeta, en una apuesta por transformar colectivamente los desaf\u00edos de un mundo contempor\u00e1neo, m\u00e1s all\u00e1 de las fronteras impuestas.","url":"https:\/\/pagina10.com\/web\/author\/pdiezadmin\/"}]}},"_links":{"self":[{"href":"https:\/\/pagina10.com\/web\/wp-json\/wp\/v2\/posts\/62967","targetHints":{"allow":["GET"]}}],"collection":[{"href":"https:\/\/pagina10.com\/web\/wp-json\/wp\/v2\/posts"}],"about":[{"href":"https:\/\/pagina10.com\/web\/wp-json\/wp\/v2\/types\/post"}],"author":[{"embeddable":true,"href":"https:\/\/pagina10.com\/web\/wp-json\/wp\/v2\/users\/1"}],"replies":[{"embeddable":true,"href":"https:\/\/pagina10.com\/web\/wp-json\/wp\/v2\/comments?post=62967"}],"version-history":[{"count":1,"href":"https:\/\/pagina10.com\/web\/wp-json\/wp\/v2\/posts\/62967\/revisions"}],"predecessor-version":[{"id":62968,"href":"https:\/\/pagina10.com\/web\/wp-json\/wp\/v2\/posts\/62967\/revisions\/62968"}],"wp:featuredmedia":[{"embeddable":true,"href":"https:\/\/pagina10.com\/web\/wp-json\/wp\/v2\/media\/60831"}],"wp:attachment":[{"href":"https:\/\/pagina10.com\/web\/wp-json\/wp\/v2\/media?parent=62967"}],"wp:term":[{"taxonomy":"category","embeddable":true,"href":"https:\/\/pagina10.com\/web\/wp-json\/wp\/v2\/categories?post=62967"},{"taxonomy":"post_tag","embeddable":true,"href":"https:\/\/pagina10.com\/web\/wp-json\/wp\/v2\/tags?post=62967"}],"curies":[{"name":"wp","href":"https:\/\/api.w.org\/{rel}","templated":true}]}}