{"id":62976,"date":"2022-11-19T10:24:14","date_gmt":"2022-11-19T15:24:14","guid":{"rendered":"https:\/\/pagina10.com\/web\/?p=62976"},"modified":"2022-11-19T10:24:14","modified_gmt":"2022-11-19T15:24:14","slug":"al-oido-del-presidente-petro-en-pasto","status":"publish","type":"post","link":"https:\/\/pagina10.com\/web\/al-oido-del-presidente-petro-en-pasto\/","title":{"rendered":"Al o\u00eddo del presidente Petro en Pasto"},"content":{"rendered":"<p style=\"text-align: justify;\">Con ocasi\u00f3n de la visita a Pasto del Presidente de la Rep\u00fablica, Gustavo Petro, este nari\u00f1ense del com\u00fan tiene a bien enviarle un encarecido mensaje, que se relaciona con algo que contribuir\u00eda a un cambio de las m\u00e1s insospechadas proyecciones y repercusiones en el \u00e1mbito geopol\u00edtico de nuestro pa\u00eds.<\/p>\n<p style=\"text-align: justify;\">Para motivar esta inquietud, nada mejor ni m\u00e1s indicado que apoyarla en la siguiente reflexi\u00f3n hecha por un famoso nari\u00f1ense hace algunos a\u00f1os; pero que, no obstante el tiempo transcurrido, creemos que no ha perdido vigencia, sino que por el contrario, cobra entera actualidad; para bien, no s\u00f3lo de nuestro departamento, de la Orinoqu\u00eda y la regi\u00f3n amaz\u00f3nica, sino de toda Colombia y de los pa\u00edses circunvecinos , Ecuador, Per\u00fa y Brasil. Conviene no olvidar que \u201c El futuro de los pueblos avanza mirando de reojo el pasado \u201c.<\/p>\n<p style=\"text-align: justify;\">Para mejor estimular este mensaje, es preciso recordar que, desde la m\u00e1s remota antig\u00fcedad, los poetas han sido considerandos los profetas de los pueblos. Con esta convicci\u00f3n, conviene traer a la memoria esta reflexi\u00f3n tan acertada y propia de un visionario , como lo fue el poeta Aurelio Arturo, cuando nos advierte de manera prof\u00e9tica:<\/p>\n<p>\u201c\u2026 Pasto est\u00e1 situado sobre el Istmo que separa el Pac\u00edfico del r\u00edo Putumayo, el Pac\u00edfico del r\u00edo Amazonas, el Pac\u00edfico del Atl\u00e1ntico a trav\u00e9s de la hoya amaz\u00f3nica. Esta situaci\u00f3n istmica de la ciudad de Pasto, de qu\u00e9 el pa\u00eds tendr\u00e1 bien pronto que darse cuenta, har\u00e1 converger hacia ella, el mayor inter\u00e9s de la naci\u00f3n. Y cuando la cornucopia amaz\u00f3nica, y emporio Industrial del Brasil, necesite verterse hacia el Pac\u00edfico, del cual se ha dicho que ser\u00e1 el mar del futuro, se encontrar\u00e1 que el istmo en cuyo centro est\u00e1 Pasto, es la v\u00eda m\u00e1s f\u00e1cil, m\u00e1s r\u00e1pida y m\u00e1s econ\u00f3mica. Pasto sabr\u00e1 ser entonces la gran ciudad colombiana a la altura de su misi\u00f3n y de su fortuna \u201c.<\/p>\n<p style=\"text-align: justify;\">Imperdonable que una admonici\u00f3n de esta trascendencia se quede en el olvido. Por fortuna, se har\u00e1 presente la persona que pondr\u00e1 en conocimiento del presidente Petro, el Proyecto Panamaz\u00f3nico de unir el Oc\u00e9ano Pac\u00edfico con el Oc\u00e9ano Atl\u00e1ntico, desde el puerto de Tumaco, en nuestro departamento, hasta Bel\u00e9n do Par\u00e1, en la Rep\u00fablica del Brasil. Un proyecto que el profesional nari\u00f1ense Gerardo Rosero P\u00e9rez, adelanta con tanta dedicaci\u00f3n, entrega y entusiasmo, en colaboraci\u00f3n de distinguidos conocedores de dicha iniciativa.<\/p>\n<p style=\"text-align: justify;\">Recapacitemos, una y otra vez, en el gran Proyecto Panamaz\u00f3nico que logre unir la Cuenca del Pacifico con la hoya del Amazonas, la reserva ambiental m\u00e1s grande de los Colombianos y de toda la humanidad. Qu\u00e9 horizonte tan halag\u00fce\u00f1o se vislumbra hacia el futuro, con un Proyecto de tanto alcance y magnitud. Y al cual anhelamos que nuestro mandatario del Pacto Hist\u00f3rico, preste la debida atenci\u00f3n y el inter\u00e9s que merece, de manera inaplazable. Si as\u00ed lo hace, no hay duda que pasar\u00e1 a las p\u00e1ginas de la historia. Entre tanto, \u201c so\u00f1emos, alma so\u00f1emos \u201c , y esperemos d\u00edas m\u00e1s promisorios y propicios.<\/p>\n<p style=\"text-align: justify;\">VICENTE P\u00c9REZ SILVA<br \/>\nPanam\u00e1, 19 de Noviembre del 2022<\/p>\n<p>&nbsp;<\/p>\n","protected":false},"excerpt":{"rendered":"<p>Con ocasi\u00f3n de la visita a Pasto del Presidente de la Rep\u00fablica, Gustavo Petro, este nari\u00f1ense del com\u00fan tiene a bien enviarle un encarecido mensaje, que se relaciona con algo que contribuir\u00eda a un cambio de las m\u00e1s insospechadas proyecciones y repercusiones en el \u00e1mbito geopol\u00edtico de nuestro pa\u00eds. Para motivar esta inquietud, nada mejor [&hellip;]<\/p>\n","protected":false},"author":88,"featured_media":29195,"comment_status":"open","ping_status":"open","sticky":false,"template":"","format":"standard","meta":{"footnotes":""},"categories":[53],"tags":[],"class_list":["post-62976","post","type-post","status-publish","format-standard","has-post-thumbnail","hentry","category-regiones"],"yoast_head":"<!-- This site is optimized with the Yoast SEO plugin v27.1.1 - https:\/\/yoast.com\/product\/yoast-seo-wordpress\/ -->\n<title>Al o\u00eddo del presidente Petro en Pasto | P\u00e1gina10<\/title>\n<meta name=\"robots\" content=\"index, follow, max-snippet:-1, max-image-preview:large, max-video-preview:-1\" \/>\n<link rel=\"canonical\" href=\"https:\/\/pagina10.com\/web\/al-oido-del-presidente-petro-en-pasto\/\" \/>\n<meta property=\"og:locale\" content=\"es_ES\" \/>\n<meta property=\"og:type\" content=\"article\" \/>\n<meta property=\"og:title\" content=\"Al o\u00eddo del presidente Petro en Pasto | P\u00e1gina10\" \/>\n<meta property=\"og:description\" content=\"Con ocasi\u00f3n de la visita a Pasto del Presidente de la Rep\u00fablica, Gustavo Petro, este nari\u00f1ense del com\u00fan tiene a bien enviarle un encarecido mensaje, que se relaciona con algo que contribuir\u00eda a un cambio de las m\u00e1s insospechadas proyecciones y repercusiones en el \u00e1mbito geopol\u00edtico de nuestro pa\u00eds. Para motivar esta inquietud, nada mejor [&hellip;]\" \/>\n<meta property=\"og:url\" content=\"https:\/\/pagina10.com\/web\/al-oido-del-presidente-petro-en-pasto\/\" \/>\n<meta property=\"og:site_name\" content=\"P\u00e1gina10\" \/>\n<meta property=\"article:publisher\" content=\"https:\/\/www.facebook.com\/pag10com\" \/>\n<meta property=\"article:published_time\" content=\"2022-11-19T15:24:14+00:00\" \/>\n<meta property=\"og:image\" content=\"https:\/\/pagina10.com\/web\/wp-content\/uploads\/2018\/02\/gustavopetro.jpg\" \/>\n\t<meta property=\"og:image:width\" content=\"600\" \/>\n\t<meta property=\"og:image:height\" content=\"300\" \/>\n\t<meta property=\"og:image:type\" content=\"image\/jpeg\" \/>\n<meta name=\"author\" content=\"VIcente P\u00e9rez Silva\" \/>\n<meta name=\"twitter:card\" content=\"summary_large_image\" \/>\n<meta name=\"twitter:creator\" content=\"@Pag10com\" \/>\n<meta name=\"twitter:site\" content=\"@Pag10com\" \/>\n<meta name=\"twitter:label1\" content=\"Escrito por\" \/>\n\t<meta name=\"twitter:data1\" content=\"VIcente P\u00e9rez Silva\" \/>\n\t<meta name=\"twitter:label2\" content=\"Tiempo de lectura\" \/>\n\t<meta name=\"twitter:data2\" content=\"3 minutos\" \/>\n<script type=\"application\/ld+json\" class=\"yoast-schema-graph\">{\"@context\":\"https:\/\/schema.org\",\"@graph\":[{\"@type\":\"Article\",\"@id\":\"https:\/\/pagina10.com\/web\/al-oido-del-presidente-petro-en-pasto\/#article\",\"isPartOf\":{\"@id\":\"https:\/\/pagina10.com\/web\/al-oido-del-presidente-petro-en-pasto\/\"},\"author\":{\"name\":\"VIcente P\u00e9rez Silva\",\"@id\":\"https:\/\/pagina10.com\/web\/#\/schema\/person\/23c7d69bd4258ec5c611804c2667162b\"},\"headline\":\"Al o\u00eddo del presidente Petro en Pasto\",\"datePublished\":\"2022-11-19T15:24:14+00:00\",\"mainEntityOfPage\":{\"@id\":\"https:\/\/pagina10.com\/web\/al-oido-del-presidente-petro-en-pasto\/\"},\"wordCount\":574,\"commentCount\":0,\"publisher\":{\"@id\":\"https:\/\/pagina10.com\/web\/#organization\"},\"image\":{\"@id\":\"https:\/\/pagina10.com\/web\/al-oido-del-presidente-petro-en-pasto\/#primaryimage\"},\"thumbnailUrl\":\"https:\/\/pagina10.com\/web\/wp-content\/uploads\/2018\/02\/gustavopetro.jpg\",\"articleSection\":[\"Regiones\"],\"inLanguage\":\"es\",\"potentialAction\":[{\"@type\":\"CommentAction\",\"name\":\"Comment\",\"target\":[\"https:\/\/pagina10.com\/web\/al-oido-del-presidente-petro-en-pasto\/#respond\"]}]},{\"@type\":\"WebPage\",\"@id\":\"https:\/\/pagina10.com\/web\/al-oido-del-presidente-petro-en-pasto\/\",\"url\":\"https:\/\/pagina10.com\/web\/al-oido-del-presidente-petro-en-pasto\/\",\"name\":\"Al o\u00eddo del presidente Petro en Pasto | P\u00e1gina10\",\"isPartOf\":{\"@id\":\"https:\/\/pagina10.com\/web\/#website\"},\"primaryImageOfPage\":{\"@id\":\"https:\/\/pagina10.com\/web\/al-oido-del-presidente-petro-en-pasto\/#primaryimage\"},\"image\":{\"@id\":\"https:\/\/pagina10.com\/web\/al-oido-del-presidente-petro-en-pasto\/#primaryimage\"},\"thumbnailUrl\":\"https:\/\/pagina10.com\/web\/wp-content\/uploads\/2018\/02\/gustavopetro.jpg\",\"datePublished\":\"2022-11-19T15:24:14+00:00\",\"breadcrumb\":{\"@id\":\"https:\/\/pagina10.com\/web\/al-oido-del-presidente-petro-en-pasto\/#breadcrumb\"},\"inLanguage\":\"es\",\"potentialAction\":[{\"@type\":\"ReadAction\",\"target\":[\"https:\/\/pagina10.com\/web\/al-oido-del-presidente-petro-en-pasto\/\"]}]},{\"@type\":\"ImageObject\",\"inLanguage\":\"es\",\"@id\":\"https:\/\/pagina10.com\/web\/al-oido-del-presidente-petro-en-pasto\/#primaryimage\",\"url\":\"https:\/\/pagina10.com\/web\/wp-content\/uploads\/2018\/02\/gustavopetro.jpg\",\"contentUrl\":\"https:\/\/pagina10.com\/web\/wp-content\/uploads\/2018\/02\/gustavopetro.jpg\",\"width\":600,\"height\":300},{\"@type\":\"BreadcrumbList\",\"@id\":\"https:\/\/pagina10.com\/web\/al-oido-del-presidente-petro-en-pasto\/#breadcrumb\",\"itemListElement\":[{\"@type\":\"ListItem\",\"position\":1,\"name\":\"Portada\",\"item\":\"https:\/\/pagina10.com\/web\/\"},{\"@type\":\"ListItem\",\"position\":2,\"name\":\"Al o\u00eddo del presidente Petro en Pasto\"}]},{\"@type\":\"WebSite\",\"@id\":\"https:\/\/pagina10.com\/web\/#website\",\"url\":\"https:\/\/pagina10.com\/web\/\",\"name\":\"P\u00e1gina10\",\"description\":\"Peri\u00f3dico Regional\",\"publisher\":{\"@id\":\"https:\/\/pagina10.com\/web\/#organization\"},\"alternateName\":\"P\u00e1gina10 Peri\u00f3dico Regional\",\"potentialAction\":[{\"@type\":\"SearchAction\",\"target\":{\"@type\":\"EntryPoint\",\"urlTemplate\":\"https:\/\/pagina10.com\/web\/?s={search_term_string}\"},\"query-input\":{\"@type\":\"PropertyValueSpecification\",\"valueRequired\":true,\"valueName\":\"search_term_string\"}}],\"inLanguage\":\"es\"},{\"@type\":\"Organization\",\"@id\":\"https:\/\/pagina10.com\/web\/#organization\",\"name\":\"P\u00e1gina10\",\"alternateName\":\"P\u00e1gina10 Peri\u00f3dico Regional\",\"url\":\"https:\/\/pagina10.com\/web\/\",\"logo\":{\"@type\":\"ImageObject\",\"inLanguage\":\"es\",\"@id\":\"https:\/\/pagina10.com\/web\/#\/schema\/logo\/image\/\",\"url\":\"https:\/\/pagina10.com\/web\/wp-content\/uploads\/2024\/01\/40-pagina-10-periodico-regional-pasto.jpg\",\"contentUrl\":\"https:\/\/pagina10.com\/web\/wp-content\/uploads\/2024\/01\/40-pagina-10-periodico-regional-pasto.jpg\",\"width\":1280,\"height\":720,\"caption\":\"P\u00e1gina10\"},\"image\":{\"@id\":\"https:\/\/pagina10.com\/web\/#\/schema\/logo\/image\/\"},\"sameAs\":[\"https:\/\/www.facebook.com\/pag10com\",\"https:\/\/x.com\/Pag10com\",\"https:\/\/www.instagram.com\/pagina10col\/\",\"https:\/\/youtube.com\/channel\/pag10\",\"https:\/\/www.tiktok.com\/@p10col\"]},{\"@type\":\"Person\",\"@id\":\"https:\/\/pagina10.com\/web\/#\/schema\/person\/23c7d69bd4258ec5c611804c2667162b\",\"name\":\"VIcente P\u00e9rez Silva\",\"description\":\"Vicente P\u00e9rez Silva (La Cruz de Mayo, 1929). Abogado de la Universidad del Cauca, especialista en derecho laboral. Miembro de la Academia Colombiana de la Lengua, Academia Nari\u00f1ense de Historia, Miembro Honor\u00edsimo y Virtuos\u00edsimo de la Santa Cofrad\u00eda de Nuestro Buen amo y Se\u00f1or Don Quijote de La Mancha, entre otras. Ha escrito m\u00e1s de 30 libros: Ra\u00edces hist\u00f3ricas de La Vor\u00e1gine, Quijotes y Quijotadas, La picaresca judicial en Colombia, Travesuras y fantas\u00edas Quijotescas, An\u00e9cdotas en la historia colombiana, Don Quijote en la poes\u00eda colombiana, Bol\u00edvar habla de s\u00ed mismo, El libro de mis libros, Dionisia de Mosquera: Amazona de la crueldad, entre muchos otros m\u00e1s, adem\u00e1s de centenares de art\u00edculos publicados en diferentes partes del mundo. Rebuscador de historias, desfacedor de entuertos y amigo de nobles y buenos ideales.\",\"url\":\"https:\/\/pagina10.com\/web\/author\/vicente\/\"}]}<\/script>\n<!-- \/ Yoast SEO plugin. -->","yoast_head_json":{"title":"Al o\u00eddo del presidente Petro en Pasto | P\u00e1gina10","robots":{"index":"index","follow":"follow","max-snippet":"max-snippet:-1","max-image-preview":"max-image-preview:large","max-video-preview":"max-video-preview:-1"},"canonical":"https:\/\/pagina10.com\/web\/al-oido-del-presidente-petro-en-pasto\/","og_locale":"es_ES","og_type":"article","og_title":"Al o\u00eddo del presidente Petro en Pasto | P\u00e1gina10","og_description":"Con ocasi\u00f3n de la visita a Pasto del Presidente de la Rep\u00fablica, Gustavo Petro, este nari\u00f1ense del com\u00fan tiene a bien enviarle un encarecido mensaje, que se relaciona con algo que contribuir\u00eda a un cambio de las m\u00e1s insospechadas proyecciones y repercusiones en el \u00e1mbito geopol\u00edtico de nuestro pa\u00eds. Para motivar esta inquietud, nada mejor [&hellip;]","og_url":"https:\/\/pagina10.com\/web\/al-oido-del-presidente-petro-en-pasto\/","og_site_name":"P\u00e1gina10","article_publisher":"https:\/\/www.facebook.com\/pag10com","article_published_time":"2022-11-19T15:24:14+00:00","og_image":[{"width":600,"height":300,"url":"https:\/\/pagina10.com\/web\/wp-content\/uploads\/2018\/02\/gustavopetro.jpg","type":"image\/jpeg"}],"author":"VIcente P\u00e9rez Silva","twitter_card":"summary_large_image","twitter_creator":"@Pag10com","twitter_site":"@Pag10com","twitter_misc":{"Escrito por":"VIcente P\u00e9rez Silva","Tiempo de lectura":"3 minutos"},"schema":{"@context":"https:\/\/schema.org","@graph":[{"@type":"Article","@id":"https:\/\/pagina10.com\/web\/al-oido-del-presidente-petro-en-pasto\/#article","isPartOf":{"@id":"https:\/\/pagina10.com\/web\/al-oido-del-presidente-petro-en-pasto\/"},"author":{"name":"VIcente P\u00e9rez Silva","@id":"https:\/\/pagina10.com\/web\/#\/schema\/person\/23c7d69bd4258ec5c611804c2667162b"},"headline":"Al o\u00eddo del presidente Petro en Pasto","datePublished":"2022-11-19T15:24:14+00:00","mainEntityOfPage":{"@id":"https:\/\/pagina10.com\/web\/al-oido-del-presidente-petro-en-pasto\/"},"wordCount":574,"commentCount":0,"publisher":{"@id":"https:\/\/pagina10.com\/web\/#organization"},"image":{"@id":"https:\/\/pagina10.com\/web\/al-oido-del-presidente-petro-en-pasto\/#primaryimage"},"thumbnailUrl":"https:\/\/pagina10.com\/web\/wp-content\/uploads\/2018\/02\/gustavopetro.jpg","articleSection":["Regiones"],"inLanguage":"es","potentialAction":[{"@type":"CommentAction","name":"Comment","target":["https:\/\/pagina10.com\/web\/al-oido-del-presidente-petro-en-pasto\/#respond"]}]},{"@type":"WebPage","@id":"https:\/\/pagina10.com\/web\/al-oido-del-presidente-petro-en-pasto\/","url":"https:\/\/pagina10.com\/web\/al-oido-del-presidente-petro-en-pasto\/","name":"Al o\u00eddo del presidente Petro en Pasto | P\u00e1gina10","isPartOf":{"@id":"https:\/\/pagina10.com\/web\/#website"},"primaryImageOfPage":{"@id":"https:\/\/pagina10.com\/web\/al-oido-del-presidente-petro-en-pasto\/#primaryimage"},"image":{"@id":"https:\/\/pagina10.com\/web\/al-oido-del-presidente-petro-en-pasto\/#primaryimage"},"thumbnailUrl":"https:\/\/pagina10.com\/web\/wp-content\/uploads\/2018\/02\/gustavopetro.jpg","datePublished":"2022-11-19T15:24:14+00:00","breadcrumb":{"@id":"https:\/\/pagina10.com\/web\/al-oido-del-presidente-petro-en-pasto\/#breadcrumb"},"inLanguage":"es","potentialAction":[{"@type":"ReadAction","target":["https:\/\/pagina10.com\/web\/al-oido-del-presidente-petro-en-pasto\/"]}]},{"@type":"ImageObject","inLanguage":"es","@id":"https:\/\/pagina10.com\/web\/al-oido-del-presidente-petro-en-pasto\/#primaryimage","url":"https:\/\/pagina10.com\/web\/wp-content\/uploads\/2018\/02\/gustavopetro.jpg","contentUrl":"https:\/\/pagina10.com\/web\/wp-content\/uploads\/2018\/02\/gustavopetro.jpg","width":600,"height":300},{"@type":"BreadcrumbList","@id":"https:\/\/pagina10.com\/web\/al-oido-del-presidente-petro-en-pasto\/#breadcrumb","itemListElement":[{"@type":"ListItem","position":1,"name":"Portada","item":"https:\/\/pagina10.com\/web\/"},{"@type":"ListItem","position":2,"name":"Al o\u00eddo del presidente Petro en Pasto"}]},{"@type":"WebSite","@id":"https:\/\/pagina10.com\/web\/#website","url":"https:\/\/pagina10.com\/web\/","name":"P\u00e1gina10","description":"Peri\u00f3dico Regional","publisher":{"@id":"https:\/\/pagina10.com\/web\/#organization"},"alternateName":"P\u00e1gina10 Peri\u00f3dico Regional","potentialAction":[{"@type":"SearchAction","target":{"@type":"EntryPoint","urlTemplate":"https:\/\/pagina10.com\/web\/?s={search_term_string}"},"query-input":{"@type":"PropertyValueSpecification","valueRequired":true,"valueName":"search_term_string"}}],"inLanguage":"es"},{"@type":"Organization","@id":"https:\/\/pagina10.com\/web\/#organization","name":"P\u00e1gina10","alternateName":"P\u00e1gina10 Peri\u00f3dico Regional","url":"https:\/\/pagina10.com\/web\/","logo":{"@type":"ImageObject","inLanguage":"es","@id":"https:\/\/pagina10.com\/web\/#\/schema\/logo\/image\/","url":"https:\/\/pagina10.com\/web\/wp-content\/uploads\/2024\/01\/40-pagina-10-periodico-regional-pasto.jpg","contentUrl":"https:\/\/pagina10.com\/web\/wp-content\/uploads\/2024\/01\/40-pagina-10-periodico-regional-pasto.jpg","width":1280,"height":720,"caption":"P\u00e1gina10"},"image":{"@id":"https:\/\/pagina10.com\/web\/#\/schema\/logo\/image\/"},"sameAs":["https:\/\/www.facebook.com\/pag10com","https:\/\/x.com\/Pag10com","https:\/\/www.instagram.com\/pagina10col\/","https:\/\/youtube.com\/channel\/pag10","https:\/\/www.tiktok.com\/@p10col"]},{"@type":"Person","@id":"https:\/\/pagina10.com\/web\/#\/schema\/person\/23c7d69bd4258ec5c611804c2667162b","name":"VIcente P\u00e9rez Silva","description":"Vicente P\u00e9rez Silva (La Cruz de Mayo, 1929). Abogado de la Universidad del Cauca, especialista en derecho laboral. Miembro de la Academia Colombiana de la Lengua, Academia Nari\u00f1ense de Historia, Miembro Honor\u00edsimo y Virtuos\u00edsimo de la Santa Cofrad\u00eda de Nuestro Buen amo y Se\u00f1or Don Quijote de La Mancha, entre otras. Ha escrito m\u00e1s de 30 libros: Ra\u00edces hist\u00f3ricas de La Vor\u00e1gine, Quijotes y Quijotadas, La picaresca judicial en Colombia, Travesuras y fantas\u00edas Quijotescas, An\u00e9cdotas en la historia colombiana, Don Quijote en la poes\u00eda colombiana, Bol\u00edvar habla de s\u00ed mismo, El libro de mis libros, Dionisia de Mosquera: Amazona de la crueldad, entre muchos otros m\u00e1s, adem\u00e1s de centenares de art\u00edculos publicados en diferentes partes del mundo. Rebuscador de historias, desfacedor de entuertos y amigo de nobles y buenos ideales.","url":"https:\/\/pagina10.com\/web\/author\/vicente\/"}]}},"_links":{"self":[{"href":"https:\/\/pagina10.com\/web\/wp-json\/wp\/v2\/posts\/62976","targetHints":{"allow":["GET"]}}],"collection":[{"href":"https:\/\/pagina10.com\/web\/wp-json\/wp\/v2\/posts"}],"about":[{"href":"https:\/\/pagina10.com\/web\/wp-json\/wp\/v2\/types\/post"}],"author":[{"embeddable":true,"href":"https:\/\/pagina10.com\/web\/wp-json\/wp\/v2\/users\/88"}],"replies":[{"embeddable":true,"href":"https:\/\/pagina10.com\/web\/wp-json\/wp\/v2\/comments?post=62976"}],"version-history":[{"count":1,"href":"https:\/\/pagina10.com\/web\/wp-json\/wp\/v2\/posts\/62976\/revisions"}],"predecessor-version":[{"id":62977,"href":"https:\/\/pagina10.com\/web\/wp-json\/wp\/v2\/posts\/62976\/revisions\/62977"}],"wp:featuredmedia":[{"embeddable":true,"href":"https:\/\/pagina10.com\/web\/wp-json\/wp\/v2\/media\/29195"}],"wp:attachment":[{"href":"https:\/\/pagina10.com\/web\/wp-json\/wp\/v2\/media?parent=62976"}],"wp:term":[{"taxonomy":"category","embeddable":true,"href":"https:\/\/pagina10.com\/web\/wp-json\/wp\/v2\/categories?post=62976"},{"taxonomy":"post_tag","embeddable":true,"href":"https:\/\/pagina10.com\/web\/wp-json\/wp\/v2\/tags?post=62976"}],"curies":[{"name":"wp","href":"https:\/\/api.w.org\/{rel}","templated":true}]}}