{"id":6303,"date":"2014-01-14T16:09:20","date_gmt":"2014-01-14T16:09:20","guid":{"rendered":"https:\/\/pagina10.com\/web\/este-domingo-26-de-enero-habra-suspension-del-servicio-de-agua\/"},"modified":"2014-01-14T16:09:20","modified_gmt":"2014-01-14T16:09:20","slug":"este-domingo-26-de-enero-habra-suspension-del-servicio-de-agua","status":"publish","type":"post","link":"https:\/\/pagina10.com\/web\/este-domingo-26-de-enero-habra-suspension-del-servicio-de-agua\/","title":{"rendered":"Este domingo 26 de enero habr\u00e1 suspensi\u00f3n del servicio de agua"},"content":{"rendered":"<p><img fetchpriority=\"high\" decoding=\"async\" class=\" size-full wp-image-6302\" src=\"https:\/\/pagina10.com\/web\/wp-content\/uploads\/2014\/01\/cb0e1b464e3b5c1afaf2aa277dff6070.jpg\" alt=\"\" width=\"640\" height=\"415\" srcset=\"https:\/\/pagina10.com\/web\/wp-content\/uploads\/2014\/01\/cb0e1b464e3b5c1afaf2aa277dff6070.jpg 640w, https:\/\/pagina10.com\/web\/wp-content\/uploads\/2014\/01\/cb0e1b464e3b5c1afaf2aa277dff6070-300x195.jpg 300w, https:\/\/pagina10.com\/web\/wp-content\/uploads\/2014\/01\/cb0e1b464e3b5c1afaf2aa277dff6070-210x136.jpg 210w\" sizes=\"(max-width: 640px) 100vw, 640px\" \/><\/p>\n<p style=\"text-align: justify;\">Empopasto S.A. E.S.P. informa a la comunidad que debido a la implementaci\u00f3n del sistema de macro medici\u00f3n fija, se hace necesario suspender el suministro de agua este domingo 26 de Enero de 2014 desde las 12 del mediod\u00eda hasta las 12 de la noche en los siguientes sectores:<\/p>\n<p style=\"text-align: justify;\">CENTENARIO MEDIO (S-02)<br \/>AIRE LIBRE<br \/>GRAN COLOMBIA<br \/>ALAHAMBRA<br \/>HOSPITAL CIVIL<br \/>ALCAZARES<br \/>HOSPITAL UNIV. DEPARTAMENTAL<br \/>AQUINE I, II, III y IV<br \/>JAVERIANO<br \/>AQUINE ALTO y AQUINE RESERVADO<br \/>LA COLINA<br \/>AVENIDA BOYACA (COSTADO ORIENTAL)<br \/>LA ESMERALDA<br \/>AVENIDA CHAMPAGNAT<br \/>LA LOMITA<br \/>AVENIDA CHILE<br \/>LA PANADERIA<br \/>AVENIDA COLOMBIA<br \/>LA POSADA<\/p>\n<p style=\"text-align: justify;\">AVENIDA IDEMA<br \/>LA VEGA<br \/>AVENIDA JULIAN BUCHELY<br \/>LAS AMERICAS<br \/>AVENIDA LAS AMERICAS<br \/>LAS FERIAS<br \/>AVENIDA SANTANDER<br \/>LAS LUNAS I y II<br \/>BELALCAZAR<br \/>LAS MARGARITAS<br \/>BERNAL<br \/>LAS VIOLETAS<br \/>BOMBON\u00c1<br \/>LOS ALCAZARES<br \/>CALATRAVA<br \/>LOS DOS PUENTES<br \/>CAMINO REAL<br \/>LOS ELISEOS<br \/>CANTARANA<br \/>LOS HEXAGONOS<br \/>CASA LOMA<br \/>MADRIGAL<br \/>CENTENARIO<\/p>\n<p style=\"text-align: justify;\">MIRAVALLE<\/p>\n<p style=\"text-align: justify;\">CENTRO (HASTA CRA. 27)<\/p>\n<p style=\"text-align: justify;\">NAVARRETE<\/p>\n<p style=\"text-align: justify;\">I U CESMAG<\/p>\n<p style=\"text-align: justify;\">NORMANDIA<\/p>\n<p style=\"text-align: justify;\">CHAMPAGNAT<\/p>\n<p style=\"text-align: justify;\">PALACIO NACIONAL<\/p>\n<p style=\"text-align: justify;\">CHAPAL I<\/p>\n<p style=\"text-align: justify;\">PARQUE BOLIVAR<\/p>\n<p style=\"text-align: justify;\">CHIC\u00d3<\/p>\n<p style=\"text-align: justify;\">PLAZA DE NARI\u00d1O<\/p>\n<p style=\"text-align: justify;\">CHILE<\/p>\n<p style=\"text-align: justify;\">LAS FERIAS<\/p>\n<p style=\"text-align: justify;\">CIUDAD REAL (Excepto Mz. N, O, P, Q, R y S)<\/p>\n<p style=\"text-align: justify;\">POLICIA NACIONAL<\/p>\n<p style=\"text-align: justify;\">CJC LAS MARGARITAS<\/p>\n<p style=\"text-align: justify;\">PRADOS DEL OESTE<\/p>\n<p style=\"text-align: justify;\">CLUB COLOMBIA<\/p>\n<p style=\"text-align: justify;\">PUBENZA (PARTE NORTE)<\/p>\n<p style=\"text-align: justify;\">COLEGIO ARTEMIO MENDOZA<\/p>\n<p style=\"text-align: justify;\">QUINTAS DE SAN PEDRO (PARTE SUR)<\/p>\n<p style=\"text-align: justify;\">COLEGIO BETHLEMITAS<\/p>\n<p style=\"text-align: justify;\">R\u00cdO BLANCO<\/p>\n<p style=\"text-align: justify;\">COLEGIO JAVERIANO (San Ignacio)<\/p>\n<p style=\"text-align: justify;\">SALOM\u00d3N<\/p>\n<p style=\"text-align: justify;\">COLEGIO PEDAG\u00d3GICO<\/p>\n<p style=\"text-align: justify;\">SALSIPUEDES<\/p>\n<p style=\"text-align: justify;\">COLPATRIA<\/p>\n<p style=\"text-align: justify;\">SAN AGUSTIN<\/p>\n<p style=\"text-align: justify;\">EL CALVARIO<\/p>\n<p style=\"text-align: justify;\">SAN ANDR\u00c9S (PARTE OCCIDENTAL)<\/p>\n<p style=\"text-align: justify;\">EL CEMENTERIO (PARTE SUR)<\/p>\n<p style=\"text-align: justify;\">SAN ANDRESITO<\/p>\n<p style=\"text-align: justify;\">EL CORRALITO<\/p>\n<p style=\"text-align: justify;\">SAN FELIPE (PARTE ORIENTAL)<\/p>\n<p style=\"text-align: justify;\">EL EJIDO<\/p>\n<p style=\"text-align: justify;\">SAN IGNACIO (PARTE NORTE)<\/p>\n<p style=\"text-align: justify;\">EL MIRADOR<\/p>\n<p style=\"text-align: justify;\">SAN JOS\u00c9<\/p>\n<p style=\"text-align: justify;\">EL OLIVO<\/p>\n<p style=\"text-align: justify;\">SAN JUAN DE DIOS<\/p>\n<p style=\"text-align: justify;\">EL PILAR<\/p>\n<p style=\"text-align: justify;\">SAN MARTIN<\/p>\n<p style=\"text-align: justify;\">EL POGRESO<\/p>\n<p style=\"text-align: justify;\">SAN PEDRO<\/p>\n<p style=\"text-align: justify;\">EL PORTALITO<\/p>\n<p style=\"text-align: justify;\">SANTA CLARA<\/p>\n<p style=\"text-align: justify;\">PLAZA DE MERCADO POTRERILLO<\/p>\n<p style=\"text-align: justify;\">SANTANDER<\/p>\n<p style=\"text-align: justify;\">EL PRADO<br \/>SANTIAGO (PARTE ORIENTAL)<\/p>\n<p style=\"text-align: justify;\">EL RECUERDO<\/p>\n<p style=\"text-align: justify;\">SANTO SEPULCRO<\/p>\n<p style=\"text-align: justify;\">EL REFUGIO<\/p>\n<p style=\"text-align: justify;\">SENDOYA<\/p>\n<p style=\"text-align: justify;\">EMILIO BOTERO I y II<\/p>\n<p style=\"text-align: justify;\">UNIVERSIDAD DE NARI\u00d1O CENTRO<\/p>\n<p style=\"text-align: justify;\">ESTADIO LIBERTAD<\/p>\n<p style=\"text-align: justify;\">VENECIA<\/p>\n<p style=\"text-align: justify;\">FATIMA<\/p>\n<p style=\"text-align: justify;\">VILLA DEL RIO<\/p>\n<p style=\"text-align: justify;\">FIGUEROA<\/p>\n<p style=\"text-align: justify;\">VILLA JAZM\u00cdN<\/p>\n<p>Teniendo en cuenta que este domingo se llevar\u00e1 a cabo un encuentro futbol\u00edstico entre el Deportivo Pasto y Patriotas Futbol Club, y ante la inquietud de algunos ciudadanos, Empopasto. realiz\u00f3 un trabajo de empalme de tuber\u00eda que garantizar\u00e1 el suministro de agua en el Estadio Libertad.<\/p>\n","protected":false},"excerpt":{"rendered":"<p>Empopasto S.A. E.S.P. informa a la comunidad que debido a la implementaci\u00f3n del sistema de macro medici\u00f3n fija, se hace necesario suspender el suministro de agua este domingo 26 de Enero de 2014 desde las 12 del mediod\u00eda hasta las 12 de la noche en los siguientes sectores: CENTENARIO MEDIO (S-02)AIRE LIBREGRAN COLOMBIAALAHAMBRAHOSPITAL CIVILALCAZARESHOSPITAL UNIV. [&hellip;]<\/p>\n","protected":false},"author":29,"featured_media":6302,"comment_status":"open","ping_status":"open","sticky":false,"template":"","format":"standard","meta":{"footnotes":""},"categories":[82],"tags":[],"class_list":["post-6303","post","type-post","status-publish","format-standard","has-post-thumbnail","hentry","category-ciudad-2"],"yoast_head":"<!-- This site is optimized with the Yoast SEO plugin v27.1.1 - https:\/\/yoast.com\/product\/yoast-seo-wordpress\/ -->\n<title>Este domingo 26 de enero habr\u00e1 suspensi\u00f3n del servicio de agua | P\u00e1gina10<\/title>\n<meta name=\"robots\" content=\"index, follow, max-snippet:-1, max-image-preview:large, max-video-preview:-1\" \/>\n<link rel=\"canonical\" href=\"https:\/\/pagina10.com\/web\/este-domingo-26-de-enero-habra-suspension-del-servicio-de-agua\/\" \/>\n<meta property=\"og:locale\" content=\"es_ES\" \/>\n<meta property=\"og:type\" content=\"article\" \/>\n<meta property=\"og:title\" content=\"Este domingo 26 de enero habr\u00e1 suspensi\u00f3n del servicio de agua | P\u00e1gina10\" \/>\n<meta property=\"og:description\" content=\"Empopasto S.A. E.S.P. informa a la comunidad que debido a la implementaci\u00f3n del sistema de macro medici\u00f3n fija, se hace necesario suspender el suministro de agua este domingo 26 de Enero de 2014 desde las 12 del mediod\u00eda hasta las 12 de la noche en los siguientes sectores: CENTENARIO MEDIO (S-02)AIRE LIBREGRAN COLOMBIAALAHAMBRAHOSPITAL CIVILALCAZARESHOSPITAL UNIV. [&hellip;]\" \/>\n<meta property=\"og:url\" content=\"https:\/\/pagina10.com\/web\/este-domingo-26-de-enero-habra-suspension-del-servicio-de-agua\/\" \/>\n<meta property=\"og:site_name\" content=\"P\u00e1gina10\" \/>\n<meta property=\"article:publisher\" content=\"https:\/\/www.facebook.com\/pag10com\" \/>\n<meta property=\"article:published_time\" content=\"2014-01-14T16:09:20+00:00\" \/>\n<meta property=\"og:image\" content=\"https:\/\/pagina10.com\/web\/wp-content\/uploads\/2014\/01\/cb0e1b464e3b5c1afaf2aa277dff6070.jpg\" \/>\n\t<meta property=\"og:image:width\" content=\"640\" \/>\n\t<meta property=\"og:image:height\" content=\"415\" \/>\n\t<meta property=\"og:image:type\" content=\"image\/jpeg\" \/>\n<meta name=\"author\" content=\"P\u00e1gina 10\" \/>\n<meta name=\"twitter:card\" content=\"summary_large_image\" \/>\n<meta name=\"twitter:creator\" content=\"@Pag10com\" \/>\n<meta name=\"twitter:site\" content=\"@Pag10com\" \/>\n<meta name=\"twitter:label1\" content=\"Escrito por\" \/>\n\t<meta name=\"twitter:data1\" content=\"P\u00e1gina 10\" \/>\n\t<meta name=\"twitter:label2\" content=\"Tiempo de lectura\" \/>\n\t<meta name=\"twitter:data2\" content=\"2 minutos\" \/>\n<script type=\"application\/ld+json\" class=\"yoast-schema-graph\">{\"@context\":\"https:\/\/schema.org\",\"@graph\":[{\"@type\":\"Article\",\"@id\":\"https:\/\/pagina10.com\/web\/este-domingo-26-de-enero-habra-suspension-del-servicio-de-agua\/#article\",\"isPartOf\":{\"@id\":\"https:\/\/pagina10.com\/web\/este-domingo-26-de-enero-habra-suspension-del-servicio-de-agua\/\"},\"author\":{\"name\":\"P\u00e1gina 10\",\"@id\":\"https:\/\/pagina10.com\/web\/#\/schema\/person\/a7a5d38f0629dfc107f619fbae4f6cc3\"},\"headline\":\"Este domingo 26 de enero habr\u00e1 suspensi\u00f3n del servicio de agua\",\"datePublished\":\"2014-01-14T16:09:20+00:00\",\"mainEntityOfPage\":{\"@id\":\"https:\/\/pagina10.com\/web\/este-domingo-26-de-enero-habra-suspension-del-servicio-de-agua\/\"},\"wordCount\":322,\"commentCount\":0,\"publisher\":{\"@id\":\"https:\/\/pagina10.com\/web\/#organization\"},\"image\":{\"@id\":\"https:\/\/pagina10.com\/web\/este-domingo-26-de-enero-habra-suspension-del-servicio-de-agua\/#primaryimage\"},\"thumbnailUrl\":\"https:\/\/pagina10.com\/web\/wp-content\/uploads\/2014\/01\/cb0e1b464e3b5c1afaf2aa277dff6070.jpg\",\"articleSection\":[\"Ciudad\"],\"inLanguage\":\"es\",\"potentialAction\":[{\"@type\":\"CommentAction\",\"name\":\"Comment\",\"target\":[\"https:\/\/pagina10.com\/web\/este-domingo-26-de-enero-habra-suspension-del-servicio-de-agua\/#respond\"]}]},{\"@type\":\"WebPage\",\"@id\":\"https:\/\/pagina10.com\/web\/este-domingo-26-de-enero-habra-suspension-del-servicio-de-agua\/\",\"url\":\"https:\/\/pagina10.com\/web\/este-domingo-26-de-enero-habra-suspension-del-servicio-de-agua\/\",\"name\":\"Este domingo 26 de enero habr\u00e1 suspensi\u00f3n del servicio de agua | P\u00e1gina10\",\"isPartOf\":{\"@id\":\"https:\/\/pagina10.com\/web\/#website\"},\"primaryImageOfPage\":{\"@id\":\"https:\/\/pagina10.com\/web\/este-domingo-26-de-enero-habra-suspension-del-servicio-de-agua\/#primaryimage\"},\"image\":{\"@id\":\"https:\/\/pagina10.com\/web\/este-domingo-26-de-enero-habra-suspension-del-servicio-de-agua\/#primaryimage\"},\"thumbnailUrl\":\"https:\/\/pagina10.com\/web\/wp-content\/uploads\/2014\/01\/cb0e1b464e3b5c1afaf2aa277dff6070.jpg\",\"datePublished\":\"2014-01-14T16:09:20+00:00\",\"breadcrumb\":{\"@id\":\"https:\/\/pagina10.com\/web\/este-domingo-26-de-enero-habra-suspension-del-servicio-de-agua\/#breadcrumb\"},\"inLanguage\":\"es\",\"potentialAction\":[{\"@type\":\"ReadAction\",\"target\":[\"https:\/\/pagina10.com\/web\/este-domingo-26-de-enero-habra-suspension-del-servicio-de-agua\/\"]}]},{\"@type\":\"ImageObject\",\"inLanguage\":\"es\",\"@id\":\"https:\/\/pagina10.com\/web\/este-domingo-26-de-enero-habra-suspension-del-servicio-de-agua\/#primaryimage\",\"url\":\"https:\/\/pagina10.com\/web\/wp-content\/uploads\/2014\/01\/cb0e1b464e3b5c1afaf2aa277dff6070.jpg\",\"contentUrl\":\"https:\/\/pagina10.com\/web\/wp-content\/uploads\/2014\/01\/cb0e1b464e3b5c1afaf2aa277dff6070.jpg\",\"width\":640,\"height\":415},{\"@type\":\"BreadcrumbList\",\"@id\":\"https:\/\/pagina10.com\/web\/este-domingo-26-de-enero-habra-suspension-del-servicio-de-agua\/#breadcrumb\",\"itemListElement\":[{\"@type\":\"ListItem\",\"position\":1,\"name\":\"Portada\",\"item\":\"https:\/\/pagina10.com\/web\/\"},{\"@type\":\"ListItem\",\"position\":2,\"name\":\"Este domingo 26 de enero habr\u00e1 suspensi\u00f3n del servicio de agua\"}]},{\"@type\":\"WebSite\",\"@id\":\"https:\/\/pagina10.com\/web\/#website\",\"url\":\"https:\/\/pagina10.com\/web\/\",\"name\":\"P\u00e1gina10\",\"description\":\"Peri\u00f3dico Regional\",\"publisher\":{\"@id\":\"https:\/\/pagina10.com\/web\/#organization\"},\"alternateName\":\"P\u00e1gina10 Peri\u00f3dico Regional\",\"potentialAction\":[{\"@type\":\"SearchAction\",\"target\":{\"@type\":\"EntryPoint\",\"urlTemplate\":\"https:\/\/pagina10.com\/web\/?s={search_term_string}\"},\"query-input\":{\"@type\":\"PropertyValueSpecification\",\"valueRequired\":true,\"valueName\":\"search_term_string\"}}],\"inLanguage\":\"es\"},{\"@type\":\"Organization\",\"@id\":\"https:\/\/pagina10.com\/web\/#organization\",\"name\":\"P\u00e1gina10\",\"alternateName\":\"P\u00e1gina10 Peri\u00f3dico Regional\",\"url\":\"https:\/\/pagina10.com\/web\/\",\"logo\":{\"@type\":\"ImageObject\",\"inLanguage\":\"es\",\"@id\":\"https:\/\/pagina10.com\/web\/#\/schema\/logo\/image\/\",\"url\":\"https:\/\/pagina10.com\/web\/wp-content\/uploads\/2024\/01\/40-pagina-10-periodico-regional-pasto.jpg\",\"contentUrl\":\"https:\/\/pagina10.com\/web\/wp-content\/uploads\/2024\/01\/40-pagina-10-periodico-regional-pasto.jpg\",\"width\":1280,\"height\":720,\"caption\":\"P\u00e1gina10\"},\"image\":{\"@id\":\"https:\/\/pagina10.com\/web\/#\/schema\/logo\/image\/\"},\"sameAs\":[\"https:\/\/www.facebook.com\/pag10com\",\"https:\/\/x.com\/Pag10com\",\"https:\/\/www.instagram.com\/pagina10col\/\",\"https:\/\/youtube.com\/channel\/pag10\",\"https:\/\/www.tiktok.com\/@p10col\"]},{\"@type\":\"Person\",\"@id\":\"https:\/\/pagina10.com\/web\/#\/schema\/person\/a7a5d38f0629dfc107f619fbae4f6cc3\",\"name\":\"P\u00e1gina 10\",\"description\":\"P\u00e1gina10.com es un peri\u00f3dico digital que nace en Colombia, en el departamento de Nari\u00f1o, con un enfoque global, fundamentado en cuatro pilares esenciales: la libertad, el pluralismo, la inclusi\u00f3n y la independencia. P\u00e1gina10.com hace referencia a Nari\u00f1o como el d\u00e9cimo departamento creado en Colombia, despu\u00e9s de un proceso pol\u00edtico liderado por actores y actrices regionales con el fin de obtener la independencia y autonom\u00eda de nuestros territorios. Con la creaci\u00f3n de P\u00e1gina10.com se pretende abrir un escenario para el dialogo, la reflexi\u00f3n y el debate que se extienda a otras geograf\u00edas de Am\u00e9rica Latina y del planeta, en una apuesta por transformar colectivamente los desaf\u00edos de un mundo contempor\u00e1neo, m\u00e1s all\u00e1 de las fronteras impuestas.\",\"url\":\"https:\/\/pagina10.com\/web\/author\/mcepeda\/\"}]}<\/script>\n<!-- \/ Yoast SEO plugin. -->","yoast_head_json":{"title":"Este domingo 26 de enero habr\u00e1 suspensi\u00f3n del servicio de agua | P\u00e1gina10","robots":{"index":"index","follow":"follow","max-snippet":"max-snippet:-1","max-image-preview":"max-image-preview:large","max-video-preview":"max-video-preview:-1"},"canonical":"https:\/\/pagina10.com\/web\/este-domingo-26-de-enero-habra-suspension-del-servicio-de-agua\/","og_locale":"es_ES","og_type":"article","og_title":"Este domingo 26 de enero habr\u00e1 suspensi\u00f3n del servicio de agua | P\u00e1gina10","og_description":"Empopasto S.A. E.S.P. informa a la comunidad que debido a la implementaci\u00f3n del sistema de macro medici\u00f3n fija, se hace necesario suspender el suministro de agua este domingo 26 de Enero de 2014 desde las 12 del mediod\u00eda hasta las 12 de la noche en los siguientes sectores: CENTENARIO MEDIO (S-02)AIRE LIBREGRAN COLOMBIAALAHAMBRAHOSPITAL CIVILALCAZARESHOSPITAL UNIV. [&hellip;]","og_url":"https:\/\/pagina10.com\/web\/este-domingo-26-de-enero-habra-suspension-del-servicio-de-agua\/","og_site_name":"P\u00e1gina10","article_publisher":"https:\/\/www.facebook.com\/pag10com","article_published_time":"2014-01-14T16:09:20+00:00","og_image":[{"width":640,"height":415,"url":"https:\/\/pagina10.com\/web\/wp-content\/uploads\/2014\/01\/cb0e1b464e3b5c1afaf2aa277dff6070.jpg","type":"image\/jpeg"}],"author":"P\u00e1gina 10","twitter_card":"summary_large_image","twitter_creator":"@Pag10com","twitter_site":"@Pag10com","twitter_misc":{"Escrito por":"P\u00e1gina 10","Tiempo de lectura":"2 minutos"},"schema":{"@context":"https:\/\/schema.org","@graph":[{"@type":"Article","@id":"https:\/\/pagina10.com\/web\/este-domingo-26-de-enero-habra-suspension-del-servicio-de-agua\/#article","isPartOf":{"@id":"https:\/\/pagina10.com\/web\/este-domingo-26-de-enero-habra-suspension-del-servicio-de-agua\/"},"author":{"name":"P\u00e1gina 10","@id":"https:\/\/pagina10.com\/web\/#\/schema\/person\/a7a5d38f0629dfc107f619fbae4f6cc3"},"headline":"Este domingo 26 de enero habr\u00e1 suspensi\u00f3n del servicio de agua","datePublished":"2014-01-14T16:09:20+00:00","mainEntityOfPage":{"@id":"https:\/\/pagina10.com\/web\/este-domingo-26-de-enero-habra-suspension-del-servicio-de-agua\/"},"wordCount":322,"commentCount":0,"publisher":{"@id":"https:\/\/pagina10.com\/web\/#organization"},"image":{"@id":"https:\/\/pagina10.com\/web\/este-domingo-26-de-enero-habra-suspension-del-servicio-de-agua\/#primaryimage"},"thumbnailUrl":"https:\/\/pagina10.com\/web\/wp-content\/uploads\/2014\/01\/cb0e1b464e3b5c1afaf2aa277dff6070.jpg","articleSection":["Ciudad"],"inLanguage":"es","potentialAction":[{"@type":"CommentAction","name":"Comment","target":["https:\/\/pagina10.com\/web\/este-domingo-26-de-enero-habra-suspension-del-servicio-de-agua\/#respond"]}]},{"@type":"WebPage","@id":"https:\/\/pagina10.com\/web\/este-domingo-26-de-enero-habra-suspension-del-servicio-de-agua\/","url":"https:\/\/pagina10.com\/web\/este-domingo-26-de-enero-habra-suspension-del-servicio-de-agua\/","name":"Este domingo 26 de enero habr\u00e1 suspensi\u00f3n del servicio de agua | P\u00e1gina10","isPartOf":{"@id":"https:\/\/pagina10.com\/web\/#website"},"primaryImageOfPage":{"@id":"https:\/\/pagina10.com\/web\/este-domingo-26-de-enero-habra-suspension-del-servicio-de-agua\/#primaryimage"},"image":{"@id":"https:\/\/pagina10.com\/web\/este-domingo-26-de-enero-habra-suspension-del-servicio-de-agua\/#primaryimage"},"thumbnailUrl":"https:\/\/pagina10.com\/web\/wp-content\/uploads\/2014\/01\/cb0e1b464e3b5c1afaf2aa277dff6070.jpg","datePublished":"2014-01-14T16:09:20+00:00","breadcrumb":{"@id":"https:\/\/pagina10.com\/web\/este-domingo-26-de-enero-habra-suspension-del-servicio-de-agua\/#breadcrumb"},"inLanguage":"es","potentialAction":[{"@type":"ReadAction","target":["https:\/\/pagina10.com\/web\/este-domingo-26-de-enero-habra-suspension-del-servicio-de-agua\/"]}]},{"@type":"ImageObject","inLanguage":"es","@id":"https:\/\/pagina10.com\/web\/este-domingo-26-de-enero-habra-suspension-del-servicio-de-agua\/#primaryimage","url":"https:\/\/pagina10.com\/web\/wp-content\/uploads\/2014\/01\/cb0e1b464e3b5c1afaf2aa277dff6070.jpg","contentUrl":"https:\/\/pagina10.com\/web\/wp-content\/uploads\/2014\/01\/cb0e1b464e3b5c1afaf2aa277dff6070.jpg","width":640,"height":415},{"@type":"BreadcrumbList","@id":"https:\/\/pagina10.com\/web\/este-domingo-26-de-enero-habra-suspension-del-servicio-de-agua\/#breadcrumb","itemListElement":[{"@type":"ListItem","position":1,"name":"Portada","item":"https:\/\/pagina10.com\/web\/"},{"@type":"ListItem","position":2,"name":"Este domingo 26 de enero habr\u00e1 suspensi\u00f3n del servicio de agua"}]},{"@type":"WebSite","@id":"https:\/\/pagina10.com\/web\/#website","url":"https:\/\/pagina10.com\/web\/","name":"P\u00e1gina10","description":"Peri\u00f3dico Regional","publisher":{"@id":"https:\/\/pagina10.com\/web\/#organization"},"alternateName":"P\u00e1gina10 Peri\u00f3dico Regional","potentialAction":[{"@type":"SearchAction","target":{"@type":"EntryPoint","urlTemplate":"https:\/\/pagina10.com\/web\/?s={search_term_string}"},"query-input":{"@type":"PropertyValueSpecification","valueRequired":true,"valueName":"search_term_string"}}],"inLanguage":"es"},{"@type":"Organization","@id":"https:\/\/pagina10.com\/web\/#organization","name":"P\u00e1gina10","alternateName":"P\u00e1gina10 Peri\u00f3dico Regional","url":"https:\/\/pagina10.com\/web\/","logo":{"@type":"ImageObject","inLanguage":"es","@id":"https:\/\/pagina10.com\/web\/#\/schema\/logo\/image\/","url":"https:\/\/pagina10.com\/web\/wp-content\/uploads\/2024\/01\/40-pagina-10-periodico-regional-pasto.jpg","contentUrl":"https:\/\/pagina10.com\/web\/wp-content\/uploads\/2024\/01\/40-pagina-10-periodico-regional-pasto.jpg","width":1280,"height":720,"caption":"P\u00e1gina10"},"image":{"@id":"https:\/\/pagina10.com\/web\/#\/schema\/logo\/image\/"},"sameAs":["https:\/\/www.facebook.com\/pag10com","https:\/\/x.com\/Pag10com","https:\/\/www.instagram.com\/pagina10col\/","https:\/\/youtube.com\/channel\/pag10","https:\/\/www.tiktok.com\/@p10col"]},{"@type":"Person","@id":"https:\/\/pagina10.com\/web\/#\/schema\/person\/a7a5d38f0629dfc107f619fbae4f6cc3","name":"P\u00e1gina 10","description":"P\u00e1gina10.com es un peri\u00f3dico digital que nace en Colombia, en el departamento de Nari\u00f1o, con un enfoque global, fundamentado en cuatro pilares esenciales: la libertad, el pluralismo, la inclusi\u00f3n y la independencia. P\u00e1gina10.com hace referencia a Nari\u00f1o como el d\u00e9cimo departamento creado en Colombia, despu\u00e9s de un proceso pol\u00edtico liderado por actores y actrices regionales con el fin de obtener la independencia y autonom\u00eda de nuestros territorios. Con la creaci\u00f3n de P\u00e1gina10.com se pretende abrir un escenario para el dialogo, la reflexi\u00f3n y el debate que se extienda a otras geograf\u00edas de Am\u00e9rica Latina y del planeta, en una apuesta por transformar colectivamente los desaf\u00edos de un mundo contempor\u00e1neo, m\u00e1s all\u00e1 de las fronteras impuestas.","url":"https:\/\/pagina10.com\/web\/author\/mcepeda\/"}]}},"_links":{"self":[{"href":"https:\/\/pagina10.com\/web\/wp-json\/wp\/v2\/posts\/6303","targetHints":{"allow":["GET"]}}],"collection":[{"href":"https:\/\/pagina10.com\/web\/wp-json\/wp\/v2\/posts"}],"about":[{"href":"https:\/\/pagina10.com\/web\/wp-json\/wp\/v2\/types\/post"}],"author":[{"embeddable":true,"href":"https:\/\/pagina10.com\/web\/wp-json\/wp\/v2\/users\/29"}],"replies":[{"embeddable":true,"href":"https:\/\/pagina10.com\/web\/wp-json\/wp\/v2\/comments?post=6303"}],"version-history":[{"count":0,"href":"https:\/\/pagina10.com\/web\/wp-json\/wp\/v2\/posts\/6303\/revisions"}],"wp:featuredmedia":[{"embeddable":true,"href":"https:\/\/pagina10.com\/web\/wp-json\/wp\/v2\/media\/6302"}],"wp:attachment":[{"href":"https:\/\/pagina10.com\/web\/wp-json\/wp\/v2\/media?parent=6303"}],"wp:term":[{"taxonomy":"category","embeddable":true,"href":"https:\/\/pagina10.com\/web\/wp-json\/wp\/v2\/categories?post=6303"},{"taxonomy":"post_tag","embeddable":true,"href":"https:\/\/pagina10.com\/web\/wp-json\/wp\/v2\/tags?post=6303"}],"curies":[{"name":"wp","href":"https:\/\/api.w.org\/{rel}","templated":true}]}}