{"id":63075,"date":"2022-11-23T21:33:26","date_gmt":"2022-11-24T02:33:26","guid":{"rendered":"https:\/\/pagina10.com\/web\/?p=63075"},"modified":"2022-11-23T21:33:26","modified_gmt":"2022-11-24T02:33:26","slug":"luis-delfin-insuasty-rodriguez-el-narinense-que-revoluciono-la-educacion-en-colombia-y-la-proyecto-hacia-el-mundo","status":"publish","type":"post","link":"https:\/\/pagina10.com\/web\/luis-delfin-insuasty-rodriguez-el-narinense-que-revoluciono-la-educacion-en-colombia-y-la-proyecto-hacia-el-mundo\/","title":{"rendered":"Luis Delf\u00edn Insuasty Rodr\u00edguez, el nari\u00f1ense que revolucion\u00f3 la educaci\u00f3n en Colombia y la proyect\u00f3 hac\u00eda el mundo"},"content":{"rendered":"<p style=\"text-align: justify;\">Hablar de Luis Delf\u00edn Insuasty Rodr\u00edguez amerita una gran responsabilidad, puesto que la figura tan alta en la cual se constituye, por su amplio legado para nuestro pa\u00eds y el mundo, es de gran significancia para muchas generaciones que se beneficiaron con su apuesta pedag\u00f3gica. El doctor Luis Delf\u00edn Insuasty Rodr\u00edguez sembr\u00f3 una semilla en tiempos de mucha fertilidad, y quienes recogen y saborean los frutos maduros son las juventudes que se favorecieron con sus sabias ense\u00f1anzas.<\/p>\n<p style=\"text-align: justify;\">\n<p style=\"text-align: justify;\">Siendo de origen humilde, nacido en el municipio nari\u00f1ense de Yacuanquer, se desempe\u00f1\u00f3 como educador en todos los niveles de la educaci\u00f3n y curs\u00f3 estudios en varias universidades obteniendo los m\u00e1ximos t\u00edtulos y los mayores honores. Supo interpretar las necesidades y el contexto del momento en Latinoam\u00e9rica. La d\u00e9cada del sesenta viv\u00eda una gran convulsi\u00f3n motivada por los movimientos que se suscitaron en todo el continente oponi\u00e9ndose a la intervenci\u00f3n de los Estados Unidos en la Guerra del Vietnam, y que, por supuesto, el sentimiento antiyanqui sal\u00eda a relucir a flor de piel.<\/p>\n<p style=\"text-align: justify;\">\n<p style=\"text-align: justify;\">Pero tambi\u00e9n, se viv\u00eda un gran fervor que motivaba al fortalecimiento de las ideolog\u00edas izquierdistas y la creaci\u00f3n de grupos insurgentes armados en la mayor\u00eda de pa\u00edses del continente a ra\u00edz del triunfo de la Revoluci\u00f3n Cubana, con Fidel Castro a la cabeza; lo que har\u00eda que se geste una gran inestabilidad continental. Y es el tiempo propicio para que el muy querido y carism\u00e1tico presidente de los Estados Unidos de Am\u00e9rica, John Fitzgerald Kennedy, un exmilitar que adquiri\u00f3 fama por su haza\u00f1a castrense, formulara el plan Alianza para el Progreso, un programa de ayuda econ\u00f3mica y social que entre sus componentes m\u00e1s importantes est\u00e1n la educaci\u00f3n y la vivienda. Con este plan, Kennedy buscaba contrarrestar la influencia cubana y mitigar la crisis econ\u00f3mica de Latinoam\u00e9rica, caldo de cultivo para la insurgencia.<\/p>\n<p style=\"text-align: justify;\">\n<p style=\"text-align: justify;\">Interpretando las condiciones de esta d\u00e9cada convulsionada, el doctor Luis Delf\u00edn Insuasty Rodr\u00edguez formula un plan de educaci\u00f3n al presidente Carlos Lleras Restrepo y su ministro de educaci\u00f3n, Octavio Arismendi. Es el proyecto m\u00e1s revolucionario para la \u00e9poca, atendiendo las necesidades de darle oportunidades laborales a la poblaci\u00f3n colombiana, con una capacitaci\u00f3n id\u00f3nea que le permita a los j\u00f3venes desempe\u00f1arse en la vida laboral y tambi\u00e9n tener la opci\u00f3n de continuar con estudios superiores.<\/p>\n<p style=\"text-align: justify;\">\n<p style=\"text-align: justify;\">Gest\u00f3 la filosof\u00eda del sistema Inem (Instituto Nacional de Educaci\u00f3n Media Diversificada) mediante decreto 1162 de 1969, unos institutos que se crear\u00edan en las ciudades capitales de departamento con una infraestructura agradable y una metodolog\u00eda que impulsar\u00eda un modelo novedoso para ese tiempo como la coeducaci\u00f3n, en la cual el educando interactuaba con sus pares para obtener sus propias conclusiones luego de debates y empleo del m\u00e9todo cient\u00edfico. En este caso el docente actuaba como orientador, mas no como el que dictaba la clase magistral.<\/p>\n<p style=\"text-align: justify;\">\n<p style=\"text-align: justify;\">Otro de los elementos que introduce el doctor Insuasty es la autonom\u00eda en el aprendizaje, en los cuales es el educando es el que se apropia de los saberes que le son m\u00e1s \u00fatiles para su vida, haciendo una pedagog\u00eda pragm\u00e1tica. Lo novedoso de los de los Inem era que el estudiante ten\u00eda que actuar con gran responsabilidad porque las clases no se hac\u00edan en el mismo sal\u00f3n, sino que ten\u00eda que cambiar, para ello hab\u00eda aulas y talleres especializados con una magn\u00edfica dotaci\u00f3n, importada desde los Estados Unidos y con una aulas iluminadas y ventiladas que hac\u00edan mucho m\u00e1s agradable recibir las clases.<\/p>\n<p style=\"text-align: justify;\">\n<p style=\"text-align: justify;\">Se crearon 21 institutos en el pa\u00eds con una acogida excepcional y con unos resultados que se vieron en el fomento del empleo y el emprendimiento. Es com\u00fan ver a los egresados del Inem que montaron sus talleres de electricidad o tecno mec\u00e1nica; profesionales de las finanzas o en la agroindustria o como profesionales en cuanta \u00e1rea del saber se ofrece en las universidades. El Inem de Pasto se inicia en 1970 con su oferta acad\u00e9mica en las ramas de Industrial con tecno mec\u00e1nica y electricidad; Promoci\u00f3n social con la modalidad de Comunidad; Comercio con contabilidad y secretariado; agropecuaria con zootecnia y agr\u00edcola y Acad\u00e9mico con Ciencias y Humanidades. Con el tiempo estos enfoques se fueron modificando.<\/p>\n<p style=\"text-align: justify;\">\n<p style=\"text-align: justify;\">Con la reforma educativa de la Ley 715 los Inem fueron condenados a desaparecer y a convertirse en un colegio m\u00e1s al territorializarse la educaci\u00f3n y cargarle la responsabilidad a las gobernaciones y los municipios. Los docentes exclusivos de los Inem fueron desapareciendo y el presupuesto para mantener las especialidades desapareci\u00f3, junto con ello se perdieron las plazas de trabajo en la granja y tambi\u00e9n su producci\u00f3n agr\u00edcola y pecuaria. Subsisten unas m\u00e1quinas obsoletas que ya no prestan ning\u00fan oficio ni beneficio.<\/p>\n<p style=\"text-align: justify;\">\n<p style=\"text-align: justify;\">Al doctor Luis Delf\u00edn Insuasty Rodr\u00edguez tambi\u00e9n se le reconoce el m\u00e9rito alcanzado en la proyecci\u00f3n de planes educativos como el de Cafam, los Centros de Desarrollo Rural, CDR; los Centros Auxiliares de Servicios Docentes, Casd; entre otros. Entre 1973 y 1986 se desempe\u00f1a como asesor de la Unesco en Paris. Su prestigio lo lleva recorrer pa\u00edses de los cinco continentes en su inter\u00e9s por mostrar las bondades de sus investigaciones en el campo educativo. Indudablemente, el doctor Luis Delf\u00edn es el nari\u00f1ense que m\u00e1s lejos ha llegado no solo en recorrer el mundo, sino en su visi\u00f3n cient\u00edfica y pedag\u00f3gica: un buen d\u00eda sali\u00f3 de su natal Yacuanquer, un municipio en las estribaciones de la cordillera de Los Andes, en el sur de Colombia, a conquistar el mundo, y sus ense\u00f1anzas fueron muy bien acogidas.<\/p>\n<p style=\"text-align: justify;\">\n<p style=\"text-align: justify;\">Esos alcances obtenidos con la creaci\u00f3n de los Inem en Colombia, en una \u00e9poca convulsionada, hicieron un importante aporte a la educaci\u00f3n y al empleo, pero los gobiernos neoliberales crearon reformas que acabaron con la esencia de la filosof\u00eda Inem, formulada por Insuasty rodr\u00edguez. Ahora lo que se requiere es reformular el proyecto a las circunstancias actuales, promover los institutos tecnol\u00f3gicos y que haya la atenci\u00f3n debida del gobierno progresista de Gustavo Petro y de los mandatarios regionales.<\/p>\n","protected":false},"excerpt":{"rendered":"<p>Hablar de Luis Delf\u00edn Insuasty Rodr\u00edguez amerita una gran responsabilidad, puesto que la figura tan alta en la cual se constituye, por su amplio legado para nuestro pa\u00eds y el mundo, es de gran significancia para muchas generaciones que se beneficiaron con su apuesta pedag\u00f3gica. El doctor Luis Delf\u00edn Insuasty Rodr\u00edguez sembr\u00f3 una semilla en [&hellip;]<\/p>\n","protected":false},"author":65,"featured_media":63076,"comment_status":"open","ping_status":"open","sticky":false,"template":"","format":"standard","meta":{"footnotes":""},"categories":[1549],"tags":[],"class_list":["post-63075","post","type-post","status-publish","format-standard","has-post-thumbnail","hentry","category-educacion-innovacion-3"],"yoast_head":"<!-- This site is optimized with the Yoast SEO plugin v27.1.1 - https:\/\/yoast.com\/product\/yoast-seo-wordpress\/ -->\n<title>Luis Delf\u00edn Insuasty Rodr\u00edguez, el nari\u00f1ense que revolucion\u00f3 la educaci\u00f3n en Colombia y la proyect\u00f3 hac\u00eda el mundo | P\u00e1gina10<\/title>\n<meta name=\"robots\" content=\"index, follow, max-snippet:-1, max-image-preview:large, max-video-preview:-1\" \/>\n<link rel=\"canonical\" href=\"https:\/\/pagina10.com\/web\/luis-delfin-insuasty-rodriguez-el-narinense-que-revoluciono-la-educacion-en-colombia-y-la-proyecto-hacia-el-mundo\/\" \/>\n<meta property=\"og:locale\" content=\"es_ES\" \/>\n<meta property=\"og:type\" content=\"article\" \/>\n<meta property=\"og:title\" content=\"Luis Delf\u00edn Insuasty Rodr\u00edguez, el nari\u00f1ense que revolucion\u00f3 la educaci\u00f3n en Colombia y la proyect\u00f3 hac\u00eda el mundo | P\u00e1gina10\" \/>\n<meta property=\"og:description\" content=\"Hablar de Luis Delf\u00edn Insuasty Rodr\u00edguez amerita una gran responsabilidad, puesto que la figura tan alta en la cual se constituye, por su amplio legado para nuestro pa\u00eds y el mundo, es de gran significancia para muchas generaciones que se beneficiaron con su apuesta pedag\u00f3gica. El doctor Luis Delf\u00edn Insuasty Rodr\u00edguez sembr\u00f3 una semilla en [&hellip;]\" \/>\n<meta property=\"og:url\" content=\"https:\/\/pagina10.com\/web\/luis-delfin-insuasty-rodriguez-el-narinense-que-revoluciono-la-educacion-en-colombia-y-la-proyecto-hacia-el-mundo\/\" \/>\n<meta property=\"og:site_name\" content=\"P\u00e1gina10\" \/>\n<meta property=\"article:publisher\" content=\"https:\/\/www.facebook.com\/pag10com\" \/>\n<meta property=\"article:published_time\" content=\"2022-11-24T02:33:26+00:00\" \/>\n<meta property=\"og:image\" content=\"https:\/\/pagina10.com\/web\/wp-content\/uploads\/2022\/11\/WhatsApp-Image-2022-11-23-at-5.17.50-PM.jpeg\" \/>\n\t<meta property=\"og:image:width\" content=\"1600\" \/>\n\t<meta property=\"og:image:height\" content=\"1201\" \/>\n\t<meta property=\"og:image:type\" content=\"image\/jpeg\" \/>\n<meta name=\"author\" content=\"Anibal Ar\u00e9valo Rosero\" \/>\n<meta name=\"twitter:card\" content=\"summary_large_image\" \/>\n<meta name=\"twitter:creator\" content=\"@Pag10com\" \/>\n<meta name=\"twitter:site\" content=\"@Pag10com\" \/>\n<meta name=\"twitter:label1\" content=\"Escrito por\" \/>\n\t<meta name=\"twitter:data1\" content=\"Anibal Ar\u00e9valo Rosero\" \/>\n\t<meta name=\"twitter:label2\" content=\"Tiempo de lectura\" \/>\n\t<meta name=\"twitter:data2\" content=\"5 minutos\" \/>\n<script type=\"application\/ld+json\" class=\"yoast-schema-graph\">{\"@context\":\"https:\/\/schema.org\",\"@graph\":[{\"@type\":\"Article\",\"@id\":\"https:\/\/pagina10.com\/web\/luis-delfin-insuasty-rodriguez-el-narinense-que-revoluciono-la-educacion-en-colombia-y-la-proyecto-hacia-el-mundo\/#article\",\"isPartOf\":{\"@id\":\"https:\/\/pagina10.com\/web\/luis-delfin-insuasty-rodriguez-el-narinense-que-revoluciono-la-educacion-en-colombia-y-la-proyecto-hacia-el-mundo\/\"},\"author\":{\"name\":\"Anibal Ar\u00e9valo Rosero\",\"@id\":\"https:\/\/pagina10.com\/web\/#\/schema\/person\/9ec3e2b432363a195d2d01bf820c66fe\"},\"headline\":\"Luis Delf\u00edn Insuasty Rodr\u00edguez, el nari\u00f1ense que revolucion\u00f3 la educaci\u00f3n en Colombia y la proyect\u00f3 hac\u00eda el mundo\",\"datePublished\":\"2022-11-24T02:33:26+00:00\",\"mainEntityOfPage\":{\"@id\":\"https:\/\/pagina10.com\/web\/luis-delfin-insuasty-rodriguez-el-narinense-que-revoluciono-la-educacion-en-colombia-y-la-proyecto-hacia-el-mundo\/\"},\"wordCount\":1101,\"commentCount\":0,\"publisher\":{\"@id\":\"https:\/\/pagina10.com\/web\/#organization\"},\"image\":{\"@id\":\"https:\/\/pagina10.com\/web\/luis-delfin-insuasty-rodriguez-el-narinense-que-revoluciono-la-educacion-en-colombia-y-la-proyecto-hacia-el-mundo\/#primaryimage\"},\"thumbnailUrl\":\"https:\/\/pagina10.com\/web\/wp-content\/uploads\/2022\/11\/WhatsApp-Image-2022-11-23-at-5.17.50-PM.jpeg\",\"articleSection\":[\"Educaci\u00f3n\"],\"inLanguage\":\"es\",\"potentialAction\":[{\"@type\":\"CommentAction\",\"name\":\"Comment\",\"target\":[\"https:\/\/pagina10.com\/web\/luis-delfin-insuasty-rodriguez-el-narinense-que-revoluciono-la-educacion-en-colombia-y-la-proyecto-hacia-el-mundo\/#respond\"]}]},{\"@type\":\"WebPage\",\"@id\":\"https:\/\/pagina10.com\/web\/luis-delfin-insuasty-rodriguez-el-narinense-que-revoluciono-la-educacion-en-colombia-y-la-proyecto-hacia-el-mundo\/\",\"url\":\"https:\/\/pagina10.com\/web\/luis-delfin-insuasty-rodriguez-el-narinense-que-revoluciono-la-educacion-en-colombia-y-la-proyecto-hacia-el-mundo\/\",\"name\":\"Luis Delf\u00edn Insuasty Rodr\u00edguez, el nari\u00f1ense que revolucion\u00f3 la educaci\u00f3n en Colombia y la proyect\u00f3 hac\u00eda el mundo | P\u00e1gina10\",\"isPartOf\":{\"@id\":\"https:\/\/pagina10.com\/web\/#website\"},\"primaryImageOfPage\":{\"@id\":\"https:\/\/pagina10.com\/web\/luis-delfin-insuasty-rodriguez-el-narinense-que-revoluciono-la-educacion-en-colombia-y-la-proyecto-hacia-el-mundo\/#primaryimage\"},\"image\":{\"@id\":\"https:\/\/pagina10.com\/web\/luis-delfin-insuasty-rodriguez-el-narinense-que-revoluciono-la-educacion-en-colombia-y-la-proyecto-hacia-el-mundo\/#primaryimage\"},\"thumbnailUrl\":\"https:\/\/pagina10.com\/web\/wp-content\/uploads\/2022\/11\/WhatsApp-Image-2022-11-23-at-5.17.50-PM.jpeg\",\"datePublished\":\"2022-11-24T02:33:26+00:00\",\"breadcrumb\":{\"@id\":\"https:\/\/pagina10.com\/web\/luis-delfin-insuasty-rodriguez-el-narinense-que-revoluciono-la-educacion-en-colombia-y-la-proyecto-hacia-el-mundo\/#breadcrumb\"},\"inLanguage\":\"es\",\"potentialAction\":[{\"@type\":\"ReadAction\",\"target\":[\"https:\/\/pagina10.com\/web\/luis-delfin-insuasty-rodriguez-el-narinense-que-revoluciono-la-educacion-en-colombia-y-la-proyecto-hacia-el-mundo\/\"]}]},{\"@type\":\"ImageObject\",\"inLanguage\":\"es\",\"@id\":\"https:\/\/pagina10.com\/web\/luis-delfin-insuasty-rodriguez-el-narinense-que-revoluciono-la-educacion-en-colombia-y-la-proyecto-hacia-el-mundo\/#primaryimage\",\"url\":\"https:\/\/pagina10.com\/web\/wp-content\/uploads\/2022\/11\/WhatsApp-Image-2022-11-23-at-5.17.50-PM.jpeg\",\"contentUrl\":\"https:\/\/pagina10.com\/web\/wp-content\/uploads\/2022\/11\/WhatsApp-Image-2022-11-23-at-5.17.50-PM.jpeg\",\"width\":1600,\"height\":1201},{\"@type\":\"BreadcrumbList\",\"@id\":\"https:\/\/pagina10.com\/web\/luis-delfin-insuasty-rodriguez-el-narinense-que-revoluciono-la-educacion-en-colombia-y-la-proyecto-hacia-el-mundo\/#breadcrumb\",\"itemListElement\":[{\"@type\":\"ListItem\",\"position\":1,\"name\":\"Portada\",\"item\":\"https:\/\/pagina10.com\/web\/\"},{\"@type\":\"ListItem\",\"position\":2,\"name\":\"Luis Delf\u00edn Insuasty Rodr\u00edguez, el nari\u00f1ense que revolucion\u00f3 la educaci\u00f3n en Colombia y la proyect\u00f3 hac\u00eda el mundo\"}]},{\"@type\":\"WebSite\",\"@id\":\"https:\/\/pagina10.com\/web\/#website\",\"url\":\"https:\/\/pagina10.com\/web\/\",\"name\":\"P\u00e1gina10\",\"description\":\"Peri\u00f3dico Regional\",\"publisher\":{\"@id\":\"https:\/\/pagina10.com\/web\/#organization\"},\"alternateName\":\"P\u00e1gina10 Peri\u00f3dico Regional\",\"potentialAction\":[{\"@type\":\"SearchAction\",\"target\":{\"@type\":\"EntryPoint\",\"urlTemplate\":\"https:\/\/pagina10.com\/web\/?s={search_term_string}\"},\"query-input\":{\"@type\":\"PropertyValueSpecification\",\"valueRequired\":true,\"valueName\":\"search_term_string\"}}],\"inLanguage\":\"es\"},{\"@type\":\"Organization\",\"@id\":\"https:\/\/pagina10.com\/web\/#organization\",\"name\":\"P\u00e1gina10\",\"alternateName\":\"P\u00e1gina10 Peri\u00f3dico Regional\",\"url\":\"https:\/\/pagina10.com\/web\/\",\"logo\":{\"@type\":\"ImageObject\",\"inLanguage\":\"es\",\"@id\":\"https:\/\/pagina10.com\/web\/#\/schema\/logo\/image\/\",\"url\":\"https:\/\/pagina10.com\/web\/wp-content\/uploads\/2024\/01\/40-pagina-10-periodico-regional-pasto.jpg\",\"contentUrl\":\"https:\/\/pagina10.com\/web\/wp-content\/uploads\/2024\/01\/40-pagina-10-periodico-regional-pasto.jpg\",\"width\":1280,\"height\":720,\"caption\":\"P\u00e1gina10\"},\"image\":{\"@id\":\"https:\/\/pagina10.com\/web\/#\/schema\/logo\/image\/\"},\"sameAs\":[\"https:\/\/www.facebook.com\/pag10com\",\"https:\/\/x.com\/Pag10com\",\"https:\/\/www.instagram.com\/pagina10col\/\",\"https:\/\/youtube.com\/channel\/pag10\",\"https:\/\/www.tiktok.com\/@p10col\"]},{\"@type\":\"Person\",\"@id\":\"https:\/\/pagina10.com\/web\/#\/schema\/person\/9ec3e2b432363a195d2d01bf820c66fe\",\"name\":\"Anibal Ar\u00e9valo Rosero\",\"description\":\"An\u00edbal Ar\u00e9valo Rosero a trav\u00e9s de su vida ha realizado diversas actividades tendientes a reivindicar al ser humano en su conciencia plena. Durante su vida ha hecho teatro, a escrito poes\u00eda y en sus tiempos de universitario realiz\u00f3 varias publicaciones entre las que se recuerda la revista Quinde. Junto con otros compa\u00f1eros fund\u00f3 el Taller Cultural El Cueche, equipo con el que se hicieron varias publicaciones. De este mismo grupo hay que resaltar que se hizo un trabajo pionero en la difusi\u00f3n de la m\u00fasica andina, latinoamericana y del caribe. Despu\u00e9s de terminar sus estudios de biolog\u00eda en la Universidad de Nari\u00f1o entr\u00f3 a laborar en emisoras de la ciudad de Pasto como en RCN, donde se desempe\u00f1aba como locutor de planta. Dirigi\u00f3 programas en la extinta Ondas del Mayo, en varias oportunidades; tambi\u00e9n en Ecos de Pasto. Fue colaborador de el Noticias RCN y dirigi\u00f3 el programa Simana al D\u00eda, del Sindicato del Magisterio de Nari\u00f1o, en dos \u00e9pocas. En el a\u00f1o de 1992 funda el Comit\u00e9 de Solidaridad con Cuba Jos\u00e9 Mart\u00ed, cuyo objetivo era divulgar la realidad cubana y expresar apoyo moral, pol\u00edtico y material al pa\u00eds caribe\u00f1o. Ante la mala interpretaci\u00f3n que la gente le daba a este tipo de acciones, se decide promover viajes de solidad a Cuba para participar en la Brigada Latinoamericana de Trabajo Voluntario, en el Festival Cuba Vive y, de manera especia,l en el 14 Festival Mundial de la Juventud y los Estudiantes, que se desarroll\u00f3 en la isla en el a\u00f1o de 1997. Con esta experiencia impulsa el turismo al pa\u00eds caribe\u00f1o con el resultado de que miles de personas han participado de las excursiones organizadas por Ar\u00e9valo Rosero. Asimismo ha venido impulsando las Brigadas de Salud en Cuba, tendiente a llevar pacientes de c\u00e1ncer a ese destino con el fin de que reciban atenci\u00f3n m\u00e9dica, teniendo en cuenta que la experiencia cubana en el tema ha sido bastante favorable. Veinte a\u00f1os despu\u00e9s de estas nutritivas experiencias, le permiten impulsar excursiones adem\u00e1s a M\u00e9xico, Machu Picchu, Argentina, Ecuador, Panam\u00e1 y Tierra Santa. En cuanto al desempe\u00f1o period\u00edstico, adem\u00e1s de los medios radiales y de televisi\u00f3n, en los canales de la universidades de Nari\u00f1o y Mariana, se ha desempe\u00f1ado como columnista en Diario del Sur durante 6 a\u00f1os y en algunos medios virtuales. Tambi\u00e9n es colaborador de el Diario del Cauca. Considera que la pr\u00e1ctica de la lectura es beber de la fuente nutricia que permite apropiarse de manera consciente del ejercicio de la democracia; y la posibilidad de escribir y ser le\u00eddo, acceder al poder, por que considera la palabra como el mayor instrumento de acci\u00f3n cuando est\u00e1 bien encamina al leg\u00edtimo servicio social. En la actualidad adem\u00e1s de so\u00f1ar con viajar por el mundo se desempe\u00f1a como docente del departamento de ciencias de Inem Luis Delf\u00edn Insuasty de Pasto. Correo: Esta direcci\u00f3n de correo electr\u00f3nico est\u00e1 protegida contra spambots. Usted necesita tener Javascript activado para poder verla.\\\" target=\\\"_blank\\\" style=\\\"color: #1155cc; text-align: justify; font-family: arial, sans-serif; font-size: 13px; line-height: normal;\\\"&gt;fundacionecosofia@gmail.com\",\"url\":\"https:\/\/pagina10.com\/web\/author\/anibal\/\"}]}<\/script>\n<!-- \/ Yoast SEO plugin. -->","yoast_head_json":{"title":"Luis Delf\u00edn Insuasty Rodr\u00edguez, el nari\u00f1ense que revolucion\u00f3 la educaci\u00f3n en Colombia y la proyect\u00f3 hac\u00eda el mundo | P\u00e1gina10","robots":{"index":"index","follow":"follow","max-snippet":"max-snippet:-1","max-image-preview":"max-image-preview:large","max-video-preview":"max-video-preview:-1"},"canonical":"https:\/\/pagina10.com\/web\/luis-delfin-insuasty-rodriguez-el-narinense-que-revoluciono-la-educacion-en-colombia-y-la-proyecto-hacia-el-mundo\/","og_locale":"es_ES","og_type":"article","og_title":"Luis Delf\u00edn Insuasty Rodr\u00edguez, el nari\u00f1ense que revolucion\u00f3 la educaci\u00f3n en Colombia y la proyect\u00f3 hac\u00eda el mundo | P\u00e1gina10","og_description":"Hablar de Luis Delf\u00edn Insuasty Rodr\u00edguez amerita una gran responsabilidad, puesto que la figura tan alta en la cual se constituye, por su amplio legado para nuestro pa\u00eds y el mundo, es de gran significancia para muchas generaciones que se beneficiaron con su apuesta pedag\u00f3gica. El doctor Luis Delf\u00edn Insuasty Rodr\u00edguez sembr\u00f3 una semilla en [&hellip;]","og_url":"https:\/\/pagina10.com\/web\/luis-delfin-insuasty-rodriguez-el-narinense-que-revoluciono-la-educacion-en-colombia-y-la-proyecto-hacia-el-mundo\/","og_site_name":"P\u00e1gina10","article_publisher":"https:\/\/www.facebook.com\/pag10com","article_published_time":"2022-11-24T02:33:26+00:00","og_image":[{"width":1600,"height":1201,"url":"https:\/\/pagina10.com\/web\/wp-content\/uploads\/2022\/11\/WhatsApp-Image-2022-11-23-at-5.17.50-PM.jpeg","type":"image\/jpeg"}],"author":"Anibal Ar\u00e9valo Rosero","twitter_card":"summary_large_image","twitter_creator":"@Pag10com","twitter_site":"@Pag10com","twitter_misc":{"Escrito por":"Anibal Ar\u00e9valo Rosero","Tiempo de lectura":"5 minutos"},"schema":{"@context":"https:\/\/schema.org","@graph":[{"@type":"Article","@id":"https:\/\/pagina10.com\/web\/luis-delfin-insuasty-rodriguez-el-narinense-que-revoluciono-la-educacion-en-colombia-y-la-proyecto-hacia-el-mundo\/#article","isPartOf":{"@id":"https:\/\/pagina10.com\/web\/luis-delfin-insuasty-rodriguez-el-narinense-que-revoluciono-la-educacion-en-colombia-y-la-proyecto-hacia-el-mundo\/"},"author":{"name":"Anibal Ar\u00e9valo Rosero","@id":"https:\/\/pagina10.com\/web\/#\/schema\/person\/9ec3e2b432363a195d2d01bf820c66fe"},"headline":"Luis Delf\u00edn Insuasty Rodr\u00edguez, el nari\u00f1ense que revolucion\u00f3 la educaci\u00f3n en Colombia y la proyect\u00f3 hac\u00eda el mundo","datePublished":"2022-11-24T02:33:26+00:00","mainEntityOfPage":{"@id":"https:\/\/pagina10.com\/web\/luis-delfin-insuasty-rodriguez-el-narinense-que-revoluciono-la-educacion-en-colombia-y-la-proyecto-hacia-el-mundo\/"},"wordCount":1101,"commentCount":0,"publisher":{"@id":"https:\/\/pagina10.com\/web\/#organization"},"image":{"@id":"https:\/\/pagina10.com\/web\/luis-delfin-insuasty-rodriguez-el-narinense-que-revoluciono-la-educacion-en-colombia-y-la-proyecto-hacia-el-mundo\/#primaryimage"},"thumbnailUrl":"https:\/\/pagina10.com\/web\/wp-content\/uploads\/2022\/11\/WhatsApp-Image-2022-11-23-at-5.17.50-PM.jpeg","articleSection":["Educaci\u00f3n"],"inLanguage":"es","potentialAction":[{"@type":"CommentAction","name":"Comment","target":["https:\/\/pagina10.com\/web\/luis-delfin-insuasty-rodriguez-el-narinense-que-revoluciono-la-educacion-en-colombia-y-la-proyecto-hacia-el-mundo\/#respond"]}]},{"@type":"WebPage","@id":"https:\/\/pagina10.com\/web\/luis-delfin-insuasty-rodriguez-el-narinense-que-revoluciono-la-educacion-en-colombia-y-la-proyecto-hacia-el-mundo\/","url":"https:\/\/pagina10.com\/web\/luis-delfin-insuasty-rodriguez-el-narinense-que-revoluciono-la-educacion-en-colombia-y-la-proyecto-hacia-el-mundo\/","name":"Luis Delf\u00edn Insuasty Rodr\u00edguez, el nari\u00f1ense que revolucion\u00f3 la educaci\u00f3n en Colombia y la proyect\u00f3 hac\u00eda el mundo | P\u00e1gina10","isPartOf":{"@id":"https:\/\/pagina10.com\/web\/#website"},"primaryImageOfPage":{"@id":"https:\/\/pagina10.com\/web\/luis-delfin-insuasty-rodriguez-el-narinense-que-revoluciono-la-educacion-en-colombia-y-la-proyecto-hacia-el-mundo\/#primaryimage"},"image":{"@id":"https:\/\/pagina10.com\/web\/luis-delfin-insuasty-rodriguez-el-narinense-que-revoluciono-la-educacion-en-colombia-y-la-proyecto-hacia-el-mundo\/#primaryimage"},"thumbnailUrl":"https:\/\/pagina10.com\/web\/wp-content\/uploads\/2022\/11\/WhatsApp-Image-2022-11-23-at-5.17.50-PM.jpeg","datePublished":"2022-11-24T02:33:26+00:00","breadcrumb":{"@id":"https:\/\/pagina10.com\/web\/luis-delfin-insuasty-rodriguez-el-narinense-que-revoluciono-la-educacion-en-colombia-y-la-proyecto-hacia-el-mundo\/#breadcrumb"},"inLanguage":"es","potentialAction":[{"@type":"ReadAction","target":["https:\/\/pagina10.com\/web\/luis-delfin-insuasty-rodriguez-el-narinense-que-revoluciono-la-educacion-en-colombia-y-la-proyecto-hacia-el-mundo\/"]}]},{"@type":"ImageObject","inLanguage":"es","@id":"https:\/\/pagina10.com\/web\/luis-delfin-insuasty-rodriguez-el-narinense-que-revoluciono-la-educacion-en-colombia-y-la-proyecto-hacia-el-mundo\/#primaryimage","url":"https:\/\/pagina10.com\/web\/wp-content\/uploads\/2022\/11\/WhatsApp-Image-2022-11-23-at-5.17.50-PM.jpeg","contentUrl":"https:\/\/pagina10.com\/web\/wp-content\/uploads\/2022\/11\/WhatsApp-Image-2022-11-23-at-5.17.50-PM.jpeg","width":1600,"height":1201},{"@type":"BreadcrumbList","@id":"https:\/\/pagina10.com\/web\/luis-delfin-insuasty-rodriguez-el-narinense-que-revoluciono-la-educacion-en-colombia-y-la-proyecto-hacia-el-mundo\/#breadcrumb","itemListElement":[{"@type":"ListItem","position":1,"name":"Portada","item":"https:\/\/pagina10.com\/web\/"},{"@type":"ListItem","position":2,"name":"Luis Delf\u00edn Insuasty Rodr\u00edguez, el nari\u00f1ense que revolucion\u00f3 la educaci\u00f3n en Colombia y la proyect\u00f3 hac\u00eda el mundo"}]},{"@type":"WebSite","@id":"https:\/\/pagina10.com\/web\/#website","url":"https:\/\/pagina10.com\/web\/","name":"P\u00e1gina10","description":"Peri\u00f3dico Regional","publisher":{"@id":"https:\/\/pagina10.com\/web\/#organization"},"alternateName":"P\u00e1gina10 Peri\u00f3dico Regional","potentialAction":[{"@type":"SearchAction","target":{"@type":"EntryPoint","urlTemplate":"https:\/\/pagina10.com\/web\/?s={search_term_string}"},"query-input":{"@type":"PropertyValueSpecification","valueRequired":true,"valueName":"search_term_string"}}],"inLanguage":"es"},{"@type":"Organization","@id":"https:\/\/pagina10.com\/web\/#organization","name":"P\u00e1gina10","alternateName":"P\u00e1gina10 Peri\u00f3dico Regional","url":"https:\/\/pagina10.com\/web\/","logo":{"@type":"ImageObject","inLanguage":"es","@id":"https:\/\/pagina10.com\/web\/#\/schema\/logo\/image\/","url":"https:\/\/pagina10.com\/web\/wp-content\/uploads\/2024\/01\/40-pagina-10-periodico-regional-pasto.jpg","contentUrl":"https:\/\/pagina10.com\/web\/wp-content\/uploads\/2024\/01\/40-pagina-10-periodico-regional-pasto.jpg","width":1280,"height":720,"caption":"P\u00e1gina10"},"image":{"@id":"https:\/\/pagina10.com\/web\/#\/schema\/logo\/image\/"},"sameAs":["https:\/\/www.facebook.com\/pag10com","https:\/\/x.com\/Pag10com","https:\/\/www.instagram.com\/pagina10col\/","https:\/\/youtube.com\/channel\/pag10","https:\/\/www.tiktok.com\/@p10col"]},{"@type":"Person","@id":"https:\/\/pagina10.com\/web\/#\/schema\/person\/9ec3e2b432363a195d2d01bf820c66fe","name":"Anibal Ar\u00e9valo Rosero","description":"An\u00edbal Ar\u00e9valo Rosero a trav\u00e9s de su vida ha realizado diversas actividades tendientes a reivindicar al ser humano en su conciencia plena. Durante su vida ha hecho teatro, a escrito poes\u00eda y en sus tiempos de universitario realiz\u00f3 varias publicaciones entre las que se recuerda la revista Quinde. Junto con otros compa\u00f1eros fund\u00f3 el Taller Cultural El Cueche, equipo con el que se hicieron varias publicaciones. De este mismo grupo hay que resaltar que se hizo un trabajo pionero en la difusi\u00f3n de la m\u00fasica andina, latinoamericana y del caribe. Despu\u00e9s de terminar sus estudios de biolog\u00eda en la Universidad de Nari\u00f1o entr\u00f3 a laborar en emisoras de la ciudad de Pasto como en RCN, donde se desempe\u00f1aba como locutor de planta. Dirigi\u00f3 programas en la extinta Ondas del Mayo, en varias oportunidades; tambi\u00e9n en Ecos de Pasto. Fue colaborador de el Noticias RCN y dirigi\u00f3 el programa Simana al D\u00eda, del Sindicato del Magisterio de Nari\u00f1o, en dos \u00e9pocas. En el a\u00f1o de 1992 funda el Comit\u00e9 de Solidaridad con Cuba Jos\u00e9 Mart\u00ed, cuyo objetivo era divulgar la realidad cubana y expresar apoyo moral, pol\u00edtico y material al pa\u00eds caribe\u00f1o. Ante la mala interpretaci\u00f3n que la gente le daba a este tipo de acciones, se decide promover viajes de solidad a Cuba para participar en la Brigada Latinoamericana de Trabajo Voluntario, en el Festival Cuba Vive y, de manera especia,l en el 14 Festival Mundial de la Juventud y los Estudiantes, que se desarroll\u00f3 en la isla en el a\u00f1o de 1997. Con esta experiencia impulsa el turismo al pa\u00eds caribe\u00f1o con el resultado de que miles de personas han participado de las excursiones organizadas por Ar\u00e9valo Rosero. Asimismo ha venido impulsando las Brigadas de Salud en Cuba, tendiente a llevar pacientes de c\u00e1ncer a ese destino con el fin de que reciban atenci\u00f3n m\u00e9dica, teniendo en cuenta que la experiencia cubana en el tema ha sido bastante favorable. Veinte a\u00f1os despu\u00e9s de estas nutritivas experiencias, le permiten impulsar excursiones adem\u00e1s a M\u00e9xico, Machu Picchu, Argentina, Ecuador, Panam\u00e1 y Tierra Santa. En cuanto al desempe\u00f1o period\u00edstico, adem\u00e1s de los medios radiales y de televisi\u00f3n, en los canales de la universidades de Nari\u00f1o y Mariana, se ha desempe\u00f1ado como columnista en Diario del Sur durante 6 a\u00f1os y en algunos medios virtuales. Tambi\u00e9n es colaborador de el Diario del Cauca. Considera que la pr\u00e1ctica de la lectura es beber de la fuente nutricia que permite apropiarse de manera consciente del ejercicio de la democracia; y la posibilidad de escribir y ser le\u00eddo, acceder al poder, por que considera la palabra como el mayor instrumento de acci\u00f3n cuando est\u00e1 bien encamina al leg\u00edtimo servicio social. En la actualidad adem\u00e1s de so\u00f1ar con viajar por el mundo se desempe\u00f1a como docente del departamento de ciencias de Inem Luis Delf\u00edn Insuasty de Pasto. Correo: Esta direcci\u00f3n de correo electr\u00f3nico est\u00e1 protegida contra spambots. Usted necesita tener Javascript activado para poder verla.\" target=\"_blank\" style=\"color: #1155cc; text-align: justify; font-family: arial, sans-serif; font-size: 13px; line-height: normal;\"&gt;fundacionecosofia@gmail.com","url":"https:\/\/pagina10.com\/web\/author\/anibal\/"}]}},"_links":{"self":[{"href":"https:\/\/pagina10.com\/web\/wp-json\/wp\/v2\/posts\/63075","targetHints":{"allow":["GET"]}}],"collection":[{"href":"https:\/\/pagina10.com\/web\/wp-json\/wp\/v2\/posts"}],"about":[{"href":"https:\/\/pagina10.com\/web\/wp-json\/wp\/v2\/types\/post"}],"author":[{"embeddable":true,"href":"https:\/\/pagina10.com\/web\/wp-json\/wp\/v2\/users\/65"}],"replies":[{"embeddable":true,"href":"https:\/\/pagina10.com\/web\/wp-json\/wp\/v2\/comments?post=63075"}],"version-history":[{"count":1,"href":"https:\/\/pagina10.com\/web\/wp-json\/wp\/v2\/posts\/63075\/revisions"}],"predecessor-version":[{"id":63077,"href":"https:\/\/pagina10.com\/web\/wp-json\/wp\/v2\/posts\/63075\/revisions\/63077"}],"wp:featuredmedia":[{"embeddable":true,"href":"https:\/\/pagina10.com\/web\/wp-json\/wp\/v2\/media\/63076"}],"wp:attachment":[{"href":"https:\/\/pagina10.com\/web\/wp-json\/wp\/v2\/media?parent=63075"}],"wp:term":[{"taxonomy":"category","embeddable":true,"href":"https:\/\/pagina10.com\/web\/wp-json\/wp\/v2\/categories?post=63075"},{"taxonomy":"post_tag","embeddable":true,"href":"https:\/\/pagina10.com\/web\/wp-json\/wp\/v2\/tags?post=63075"}],"curies":[{"name":"wp","href":"https:\/\/api.w.org\/{rel}","templated":true}]}}