{"id":63097,"date":"2022-11-25T17:03:12","date_gmt":"2022-11-25T22:03:12","guid":{"rendered":"https:\/\/pagina10.com\/web\/?p=63097"},"modified":"2022-11-26T16:47:19","modified_gmt":"2022-11-26T21:47:19","slug":"unete-y-activa-tu-voz-para-poner-fin-a-la-violencia-contra-las-mujeres-y-las-ninas","status":"publish","type":"post","link":"https:\/\/pagina10.com\/web\/unete-y-activa-tu-voz-para-poner-fin-a-la-violencia-contra-las-mujeres-y-las-ninas\/","title":{"rendered":"\u00danete y activa tu voz para poner fin a la violencia contra las mujeres y las ni\u00f1as"},"content":{"rendered":"<p style=\"text-align: justify;\">En el mundo, 1 de cada 3 mujeres ha experimentado alguna forma de violencia a lolargo de su vida, de acuerdo con Estimaciones de la Prevalencia de la Violencia Contra las Mujeres de la Organizaci\u00f3n Mundial de la Salud (2021).<\/p>\n<p style=\"text-align: justify;\">\u2022 En Nari\u00f1o durante el a\u00f1o 2021, en promedio cada d\u00eda 8 mujeres fueron v\u00edctimas de violencia de g\u00e9nero.<\/p>\n<p style=\"text-align: justify;\">\u2022 Ante esta situaci\u00f3n es fundamental que la sociedad, as\u00ed como los movimientos feministas se fortalezcan cada vez m\u00e1s sociedades igualitarias y no violentas contra las mujeres y las ni\u00f1as.<\/p>\n<p style=\"text-align: justify;\">\u00a0La violencia contra las mujeres y las ni\u00f1as es la violaci\u00f3n de los derechos humanos m\u00e1s extendida en todo el mundo, en donde cada once minutos muere una mujer o ni\u00f1a a manos de su pareja \u00edntima o alg\u00fan miembro de su familia; adem\u00e1s sabemos que otras crisis, desde la pandemia de COVID-19 hasta las perturbaciones econ\u00f3micas, no hacen m\u00e1s que aumentar las agresiones f\u00edsicas y verbales.<\/p>\n<p style=\"text-align: justify;\">En el mundo 1 de cada 3 mujeres a lo largo de su vida (alrededor de 736 millones) son objeto de violencia f\u00edsica o sexual por parte de su pareja, de alguien que no es su pareja o de ambos. A este panorama desalentador se le suman las cifras que tambi\u00e9n deja a su paso la pandemia: 7 de cada 10mujeres dijeron que creen que el abuso verbal o f\u00edsico por parte de la pareja se volvi\u00f3m\u00e1s com\u00fan y 6 de cada 10 consideraron que el acoso sexual en los espacios p\u00fablicos empeor\u00f3(ONU Mujeres, 2021).<\/p>\n<p style=\"text-align: justify;\">En Colombia, seg\u00fan cifras del Instituto Nacional de Medicina Legal,30.436 mujeres fueron v\u00edctimas de violencia de pareja en 2021, 3.966 casos m\u00e1s de losregistrados en 2020, que fueron 26.470. Y en Nari\u00f1o seg\u00fan cifras del Observatorio de G\u00e9nero de Nari\u00f1o en el a\u00f1o 2021 en promedio cada d\u00eda 8 mujeres fueron v\u00edctimas.<\/p>\n<p style=\"text-align: justify;\">Este a\u00f1o bajo el lema de la campa\u00f1a del Secretario General de la ONU, Ant\u00f3nio Guterres, \u00a1\u00daNETE! ACTIVISMO PARA PONER FIN A LA VIOLENCIA CONTRA LAS MUJERES Y LAS NI\u00d1AS, y en el marco del 25 de noviembre, D\u00eda Internacional para la Eliminaci\u00f3n de la Violenciacontra las Mujeres y los 16 de activismo, las Naciones Unidas hace un llamado a la acci\u00f3n mundial para generar conciencia e impulsar esfuerzos para acabar con la violencia contra las mujeres y las ni\u00f1as. Principalmente a reconocer el papel fundamental que tienen las personas y los movimientos por los derechos de las mujeres en la prevenci\u00f3n y eliminaci\u00f3n de esta problem\u00e1tica impulsando el cambio y elaboraci\u00f3n de pol\u00edticas en contextos nacionales y locales para avanzar hacia unmundo sin violencia contra las mujeres y las ni\u00f1as.<\/p>\n<p style=\"text-align: justify;\">\u201cTenemos que seguir impulsando la igualdad de g\u00e9nero, nuestro objetivo de un mundo libre de violencias contra las mujeres y las ni\u00f1as es posible, las cifras hoy nos demuestran que es necesario activar nuestra voz porque los esfuerzos no est\u00e1n siendo suficientes, es momento de rechazar con una sola voz todas las formas de violencia y discriminaci\u00f3n, debemos actuar cuanto antes, es urgente, es necesario, es digno\u201d Bibiana Aido Almagro, Representante de Pa\u00eds de ONU Mujeres Colombia.<\/p>\n<p style=\"text-align: justify;\">Colombia tiene una gran oportunidad de revertir este flagelo contra las mujeres y las ni\u00f1as con el actual proceso de construcci\u00f3n del Plan Nacional de Desarrollo 2022-2026, en el que existe la oportunidad de que sea incorporado un cap\u00edtulo de g\u00e9nero que garantice los derechos de las mujeres y la igualdad de g\u00e9nero desde la transversalidad y que permita la implementaci\u00f3n y seguimiento de las leyes e instituciones encargadas de prevenir, atender y sancionar este tipo de violencia que cada d\u00eda cobra m\u00e1s v\u00edctimas en los centros urbanos y rural. Por todo esto, es urgente honrar y reconocer los movimientos de mujeres y su liderazgo para avanzar en sociedades que pongan en el centro las necesidades de las mujeres y ni\u00f1as.<\/p>\n<p style=\"text-align: justify;\">El Estado debe seguir redoblando sus esfuerzos y su compromiso de atender, sancionar y prevenir la violencia contra las mujeres. Es hora tambi\u00e9n de que toda la sociedad, hombres y mujeres de todas las edades y en todo el pa\u00eds alcen su voz y asuman tambi\u00e9n un compromiso para que la violencia contra las mujeres se detenga de una vez por todas. Para mayor informaci\u00f3n consulta: M\u00e1s detalles Cifras nacionales y regionales<\/p>\n","protected":false},"excerpt":{"rendered":"<p>En el mundo, 1 de cada 3 mujeres ha experimentado alguna forma de violencia a lolargo de su vida, de acuerdo con Estimaciones de la Prevalencia de la Violencia Contra las Mujeres de la Organizaci\u00f3n Mundial de la Salud (2021). \u2022 En Nari\u00f1o durante el a\u00f1o 2021, en promedio cada d\u00eda 8 mujeres fueron v\u00edctimas [&hellip;]<\/p>\n","protected":false},"author":1,"featured_media":63098,"comment_status":"open","ping_status":"open","sticky":false,"template":"","format":"standard","meta":{"footnotes":""},"categories":[84,1528],"tags":[],"class_list":["post-63097","post","type-post","status-publish","format-standard","has-post-thumbnail","hentry","category-global-2","category-titulares"],"yoast_head":"<!-- This site is optimized with the Yoast SEO plugin v27.1.1 - https:\/\/yoast.com\/product\/yoast-seo-wordpress\/ -->\n<title>\u00danete y activa tu voz para poner fin a la violencia contra las mujeres y las ni\u00f1as | P\u00e1gina10<\/title>\n<meta name=\"robots\" content=\"index, follow, max-snippet:-1, max-image-preview:large, max-video-preview:-1\" \/>\n<link rel=\"canonical\" href=\"https:\/\/pagina10.com\/web\/unete-y-activa-tu-voz-para-poner-fin-a-la-violencia-contra-las-mujeres-y-las-ninas\/\" \/>\n<meta property=\"og:locale\" content=\"es_ES\" \/>\n<meta property=\"og:type\" content=\"article\" \/>\n<meta property=\"og:title\" content=\"\u00danete y activa tu voz para poner fin a la violencia contra las mujeres y las ni\u00f1as | P\u00e1gina10\" \/>\n<meta property=\"og:description\" content=\"En el mundo, 1 de cada 3 mujeres ha experimentado alguna forma de violencia a lolargo de su vida, de acuerdo con Estimaciones de la Prevalencia de la Violencia Contra las Mujeres de la Organizaci\u00f3n Mundial de la Salud (2021). \u2022 En Nari\u00f1o durante el a\u00f1o 2021, en promedio cada d\u00eda 8 mujeres fueron v\u00edctimas [&hellip;]\" \/>\n<meta property=\"og:url\" content=\"https:\/\/pagina10.com\/web\/unete-y-activa-tu-voz-para-poner-fin-a-la-violencia-contra-las-mujeres-y-las-ninas\/\" \/>\n<meta property=\"og:site_name\" content=\"P\u00e1gina10\" \/>\n<meta property=\"article:publisher\" content=\"https:\/\/www.facebook.com\/pag10com\" \/>\n<meta property=\"article:published_time\" content=\"2022-11-25T22:03:12+00:00\" \/>\n<meta property=\"article:modified_time\" content=\"2022-11-26T21:47:19+00:00\" \/>\n<meta property=\"og:image\" content=\"https:\/\/pagina10.com\/web\/wp-content\/uploads\/2022\/11\/Captura-de-Pantalla-2022-11-25-a-las-5.02.32-p.-m..png\" \/>\n\t<meta property=\"og:image:width\" content=\"754\" \/>\n\t<meta property=\"og:image:height\" content=\"322\" \/>\n\t<meta property=\"og:image:type\" content=\"image\/png\" \/>\n<meta name=\"author\" content=\"P\u00e1gina 10\" \/>\n<meta name=\"twitter:card\" content=\"summary_large_image\" \/>\n<meta name=\"twitter:creator\" content=\"@Pag10com\" \/>\n<meta name=\"twitter:site\" content=\"@Pag10com\" \/>\n<meta name=\"twitter:label1\" content=\"Escrito por\" \/>\n\t<meta name=\"twitter:data1\" content=\"P\u00e1gina 10\" \/>\n\t<meta name=\"twitter:label2\" content=\"Tiempo de lectura\" \/>\n\t<meta name=\"twitter:data2\" content=\"4 minutos\" \/>\n<script type=\"application\/ld+json\" class=\"yoast-schema-graph\">{\"@context\":\"https:\/\/schema.org\",\"@graph\":[{\"@type\":\"Article\",\"@id\":\"https:\/\/pagina10.com\/web\/unete-y-activa-tu-voz-para-poner-fin-a-la-violencia-contra-las-mujeres-y-las-ninas\/#article\",\"isPartOf\":{\"@id\":\"https:\/\/pagina10.com\/web\/unete-y-activa-tu-voz-para-poner-fin-a-la-violencia-contra-las-mujeres-y-las-ninas\/\"},\"author\":{\"name\":\"P\u00e1gina 10\",\"@id\":\"https:\/\/pagina10.com\/web\/#\/schema\/person\/2efc4a090d25b667d3bc796798a3a81b\"},\"headline\":\"\u00danete y activa tu voz para poner fin a la violencia contra las mujeres y las ni\u00f1as\",\"datePublished\":\"2022-11-25T22:03:12+00:00\",\"dateModified\":\"2022-11-26T21:47:19+00:00\",\"mainEntityOfPage\":{\"@id\":\"https:\/\/pagina10.com\/web\/unete-y-activa-tu-voz-para-poner-fin-a-la-violencia-contra-las-mujeres-y-las-ninas\/\"},\"wordCount\":770,\"commentCount\":0,\"publisher\":{\"@id\":\"https:\/\/pagina10.com\/web\/#organization\"},\"image\":{\"@id\":\"https:\/\/pagina10.com\/web\/unete-y-activa-tu-voz-para-poner-fin-a-la-violencia-contra-las-mujeres-y-las-ninas\/#primaryimage\"},\"thumbnailUrl\":\"https:\/\/pagina10.com\/web\/wp-content\/uploads\/2022\/11\/Captura-de-Pantalla-2022-11-25-a-las-5.02.32-p.-m..png\",\"articleSection\":[\"Global\",\"Titulares\"],\"inLanguage\":\"es\",\"potentialAction\":[{\"@type\":\"CommentAction\",\"name\":\"Comment\",\"target\":[\"https:\/\/pagina10.com\/web\/unete-y-activa-tu-voz-para-poner-fin-a-la-violencia-contra-las-mujeres-y-las-ninas\/#respond\"]}]},{\"@type\":\"WebPage\",\"@id\":\"https:\/\/pagina10.com\/web\/unete-y-activa-tu-voz-para-poner-fin-a-la-violencia-contra-las-mujeres-y-las-ninas\/\",\"url\":\"https:\/\/pagina10.com\/web\/unete-y-activa-tu-voz-para-poner-fin-a-la-violencia-contra-las-mujeres-y-las-ninas\/\",\"name\":\"\u00danete y activa tu voz para poner fin a la violencia contra las mujeres y las ni\u00f1as | P\u00e1gina10\",\"isPartOf\":{\"@id\":\"https:\/\/pagina10.com\/web\/#website\"},\"primaryImageOfPage\":{\"@id\":\"https:\/\/pagina10.com\/web\/unete-y-activa-tu-voz-para-poner-fin-a-la-violencia-contra-las-mujeres-y-las-ninas\/#primaryimage\"},\"image\":{\"@id\":\"https:\/\/pagina10.com\/web\/unete-y-activa-tu-voz-para-poner-fin-a-la-violencia-contra-las-mujeres-y-las-ninas\/#primaryimage\"},\"thumbnailUrl\":\"https:\/\/pagina10.com\/web\/wp-content\/uploads\/2022\/11\/Captura-de-Pantalla-2022-11-25-a-las-5.02.32-p.-m..png\",\"datePublished\":\"2022-11-25T22:03:12+00:00\",\"dateModified\":\"2022-11-26T21:47:19+00:00\",\"breadcrumb\":{\"@id\":\"https:\/\/pagina10.com\/web\/unete-y-activa-tu-voz-para-poner-fin-a-la-violencia-contra-las-mujeres-y-las-ninas\/#breadcrumb\"},\"inLanguage\":\"es\",\"potentialAction\":[{\"@type\":\"ReadAction\",\"target\":[\"https:\/\/pagina10.com\/web\/unete-y-activa-tu-voz-para-poner-fin-a-la-violencia-contra-las-mujeres-y-las-ninas\/\"]}]},{\"@type\":\"ImageObject\",\"inLanguage\":\"es\",\"@id\":\"https:\/\/pagina10.com\/web\/unete-y-activa-tu-voz-para-poner-fin-a-la-violencia-contra-las-mujeres-y-las-ninas\/#primaryimage\",\"url\":\"https:\/\/pagina10.com\/web\/wp-content\/uploads\/2022\/11\/Captura-de-Pantalla-2022-11-25-a-las-5.02.32-p.-m..png\",\"contentUrl\":\"https:\/\/pagina10.com\/web\/wp-content\/uploads\/2022\/11\/Captura-de-Pantalla-2022-11-25-a-las-5.02.32-p.-m..png\",\"width\":754,\"height\":322},{\"@type\":\"BreadcrumbList\",\"@id\":\"https:\/\/pagina10.com\/web\/unete-y-activa-tu-voz-para-poner-fin-a-la-violencia-contra-las-mujeres-y-las-ninas\/#breadcrumb\",\"itemListElement\":[{\"@type\":\"ListItem\",\"position\":1,\"name\":\"Portada\",\"item\":\"https:\/\/pagina10.com\/web\/\"},{\"@type\":\"ListItem\",\"position\":2,\"name\":\"\u00danete y activa tu voz para poner fin a la violencia contra las mujeres y las ni\u00f1as\"}]},{\"@type\":\"WebSite\",\"@id\":\"https:\/\/pagina10.com\/web\/#website\",\"url\":\"https:\/\/pagina10.com\/web\/\",\"name\":\"P\u00e1gina10\",\"description\":\"Peri\u00f3dico Regional\",\"publisher\":{\"@id\":\"https:\/\/pagina10.com\/web\/#organization\"},\"alternateName\":\"P\u00e1gina10 Peri\u00f3dico Regional\",\"potentialAction\":[{\"@type\":\"SearchAction\",\"target\":{\"@type\":\"EntryPoint\",\"urlTemplate\":\"https:\/\/pagina10.com\/web\/?s={search_term_string}\"},\"query-input\":{\"@type\":\"PropertyValueSpecification\",\"valueRequired\":true,\"valueName\":\"search_term_string\"}}],\"inLanguage\":\"es\"},{\"@type\":\"Organization\",\"@id\":\"https:\/\/pagina10.com\/web\/#organization\",\"name\":\"P\u00e1gina10\",\"alternateName\":\"P\u00e1gina10 Peri\u00f3dico Regional\",\"url\":\"https:\/\/pagina10.com\/web\/\",\"logo\":{\"@type\":\"ImageObject\",\"inLanguage\":\"es\",\"@id\":\"https:\/\/pagina10.com\/web\/#\/schema\/logo\/image\/\",\"url\":\"https:\/\/pagina10.com\/web\/wp-content\/uploads\/2024\/01\/40-pagina-10-periodico-regional-pasto.jpg\",\"contentUrl\":\"https:\/\/pagina10.com\/web\/wp-content\/uploads\/2024\/01\/40-pagina-10-periodico-regional-pasto.jpg\",\"width\":1280,\"height\":720,\"caption\":\"P\u00e1gina10\"},\"image\":{\"@id\":\"https:\/\/pagina10.com\/web\/#\/schema\/logo\/image\/\"},\"sameAs\":[\"https:\/\/www.facebook.com\/pag10com\",\"https:\/\/x.com\/Pag10com\",\"https:\/\/www.instagram.com\/pagina10col\/\",\"https:\/\/youtube.com\/channel\/pag10\",\"https:\/\/www.tiktok.com\/@p10col\"]},{\"@type\":\"Person\",\"@id\":\"https:\/\/pagina10.com\/web\/#\/schema\/person\/2efc4a090d25b667d3bc796798a3a81b\",\"name\":\"P\u00e1gina 10\",\"description\":\"P\u00e1gina 10 es un peri\u00f3dico regional que nace en Colombia, en el departamento de Nari\u00f1o, con un enfoque global, fundamentado en cuatro pilares esenciales: la libertad, el pluralismo, la inclusi\u00f3n y la independencia. P\u00e1gina 10 hace referencia a Nari\u00f1o como el d\u00e9cimo departamento creado en Colombia, despu\u00e9s de un proceso pol\u00edtico liderado por actores y actrices regionales con el fin de obtener la independencia y autonom\u00eda de nuestros territorios. Con la creaci\u00f3n de P\u00e1gina 10 se pretende abrir un escenario para el dialogo, la reflexi\u00f3n y el debate que se extienda a otras geograf\u00edas de Am\u00e9rica Latina y del planeta, en una apuesta por transformar colectivamente los desaf\u00edos de un mundo contempor\u00e1neo, m\u00e1s all\u00e1 de las fronteras impuestas.\",\"url\":\"https:\/\/pagina10.com\/web\/author\/pdiezadmin\/\"}]}<\/script>\n<!-- \/ Yoast SEO plugin. -->","yoast_head_json":{"title":"\u00danete y activa tu voz para poner fin a la violencia contra las mujeres y las ni\u00f1as | P\u00e1gina10","robots":{"index":"index","follow":"follow","max-snippet":"max-snippet:-1","max-image-preview":"max-image-preview:large","max-video-preview":"max-video-preview:-1"},"canonical":"https:\/\/pagina10.com\/web\/unete-y-activa-tu-voz-para-poner-fin-a-la-violencia-contra-las-mujeres-y-las-ninas\/","og_locale":"es_ES","og_type":"article","og_title":"\u00danete y activa tu voz para poner fin a la violencia contra las mujeres y las ni\u00f1as | P\u00e1gina10","og_description":"En el mundo, 1 de cada 3 mujeres ha experimentado alguna forma de violencia a lolargo de su vida, de acuerdo con Estimaciones de la Prevalencia de la Violencia Contra las Mujeres de la Organizaci\u00f3n Mundial de la Salud (2021). \u2022 En Nari\u00f1o durante el a\u00f1o 2021, en promedio cada d\u00eda 8 mujeres fueron v\u00edctimas [&hellip;]","og_url":"https:\/\/pagina10.com\/web\/unete-y-activa-tu-voz-para-poner-fin-a-la-violencia-contra-las-mujeres-y-las-ninas\/","og_site_name":"P\u00e1gina10","article_publisher":"https:\/\/www.facebook.com\/pag10com","article_published_time":"2022-11-25T22:03:12+00:00","article_modified_time":"2022-11-26T21:47:19+00:00","og_image":[{"width":754,"height":322,"url":"https:\/\/pagina10.com\/web\/wp-content\/uploads\/2022\/11\/Captura-de-Pantalla-2022-11-25-a-las-5.02.32-p.-m..png","type":"image\/png"}],"author":"P\u00e1gina 10","twitter_card":"summary_large_image","twitter_creator":"@Pag10com","twitter_site":"@Pag10com","twitter_misc":{"Escrito por":"P\u00e1gina 10","Tiempo de lectura":"4 minutos"},"schema":{"@context":"https:\/\/schema.org","@graph":[{"@type":"Article","@id":"https:\/\/pagina10.com\/web\/unete-y-activa-tu-voz-para-poner-fin-a-la-violencia-contra-las-mujeres-y-las-ninas\/#article","isPartOf":{"@id":"https:\/\/pagina10.com\/web\/unete-y-activa-tu-voz-para-poner-fin-a-la-violencia-contra-las-mujeres-y-las-ninas\/"},"author":{"name":"P\u00e1gina 10","@id":"https:\/\/pagina10.com\/web\/#\/schema\/person\/2efc4a090d25b667d3bc796798a3a81b"},"headline":"\u00danete y activa tu voz para poner fin a la violencia contra las mujeres y las ni\u00f1as","datePublished":"2022-11-25T22:03:12+00:00","dateModified":"2022-11-26T21:47:19+00:00","mainEntityOfPage":{"@id":"https:\/\/pagina10.com\/web\/unete-y-activa-tu-voz-para-poner-fin-a-la-violencia-contra-las-mujeres-y-las-ninas\/"},"wordCount":770,"commentCount":0,"publisher":{"@id":"https:\/\/pagina10.com\/web\/#organization"},"image":{"@id":"https:\/\/pagina10.com\/web\/unete-y-activa-tu-voz-para-poner-fin-a-la-violencia-contra-las-mujeres-y-las-ninas\/#primaryimage"},"thumbnailUrl":"https:\/\/pagina10.com\/web\/wp-content\/uploads\/2022\/11\/Captura-de-Pantalla-2022-11-25-a-las-5.02.32-p.-m..png","articleSection":["Global","Titulares"],"inLanguage":"es","potentialAction":[{"@type":"CommentAction","name":"Comment","target":["https:\/\/pagina10.com\/web\/unete-y-activa-tu-voz-para-poner-fin-a-la-violencia-contra-las-mujeres-y-las-ninas\/#respond"]}]},{"@type":"WebPage","@id":"https:\/\/pagina10.com\/web\/unete-y-activa-tu-voz-para-poner-fin-a-la-violencia-contra-las-mujeres-y-las-ninas\/","url":"https:\/\/pagina10.com\/web\/unete-y-activa-tu-voz-para-poner-fin-a-la-violencia-contra-las-mujeres-y-las-ninas\/","name":"\u00danete y activa tu voz para poner fin a la violencia contra las mujeres y las ni\u00f1as | P\u00e1gina10","isPartOf":{"@id":"https:\/\/pagina10.com\/web\/#website"},"primaryImageOfPage":{"@id":"https:\/\/pagina10.com\/web\/unete-y-activa-tu-voz-para-poner-fin-a-la-violencia-contra-las-mujeres-y-las-ninas\/#primaryimage"},"image":{"@id":"https:\/\/pagina10.com\/web\/unete-y-activa-tu-voz-para-poner-fin-a-la-violencia-contra-las-mujeres-y-las-ninas\/#primaryimage"},"thumbnailUrl":"https:\/\/pagina10.com\/web\/wp-content\/uploads\/2022\/11\/Captura-de-Pantalla-2022-11-25-a-las-5.02.32-p.-m..png","datePublished":"2022-11-25T22:03:12+00:00","dateModified":"2022-11-26T21:47:19+00:00","breadcrumb":{"@id":"https:\/\/pagina10.com\/web\/unete-y-activa-tu-voz-para-poner-fin-a-la-violencia-contra-las-mujeres-y-las-ninas\/#breadcrumb"},"inLanguage":"es","potentialAction":[{"@type":"ReadAction","target":["https:\/\/pagina10.com\/web\/unete-y-activa-tu-voz-para-poner-fin-a-la-violencia-contra-las-mujeres-y-las-ninas\/"]}]},{"@type":"ImageObject","inLanguage":"es","@id":"https:\/\/pagina10.com\/web\/unete-y-activa-tu-voz-para-poner-fin-a-la-violencia-contra-las-mujeres-y-las-ninas\/#primaryimage","url":"https:\/\/pagina10.com\/web\/wp-content\/uploads\/2022\/11\/Captura-de-Pantalla-2022-11-25-a-las-5.02.32-p.-m..png","contentUrl":"https:\/\/pagina10.com\/web\/wp-content\/uploads\/2022\/11\/Captura-de-Pantalla-2022-11-25-a-las-5.02.32-p.-m..png","width":754,"height":322},{"@type":"BreadcrumbList","@id":"https:\/\/pagina10.com\/web\/unete-y-activa-tu-voz-para-poner-fin-a-la-violencia-contra-las-mujeres-y-las-ninas\/#breadcrumb","itemListElement":[{"@type":"ListItem","position":1,"name":"Portada","item":"https:\/\/pagina10.com\/web\/"},{"@type":"ListItem","position":2,"name":"\u00danete y activa tu voz para poner fin a la violencia contra las mujeres y las ni\u00f1as"}]},{"@type":"WebSite","@id":"https:\/\/pagina10.com\/web\/#website","url":"https:\/\/pagina10.com\/web\/","name":"P\u00e1gina10","description":"Peri\u00f3dico Regional","publisher":{"@id":"https:\/\/pagina10.com\/web\/#organization"},"alternateName":"P\u00e1gina10 Peri\u00f3dico Regional","potentialAction":[{"@type":"SearchAction","target":{"@type":"EntryPoint","urlTemplate":"https:\/\/pagina10.com\/web\/?s={search_term_string}"},"query-input":{"@type":"PropertyValueSpecification","valueRequired":true,"valueName":"search_term_string"}}],"inLanguage":"es"},{"@type":"Organization","@id":"https:\/\/pagina10.com\/web\/#organization","name":"P\u00e1gina10","alternateName":"P\u00e1gina10 Peri\u00f3dico Regional","url":"https:\/\/pagina10.com\/web\/","logo":{"@type":"ImageObject","inLanguage":"es","@id":"https:\/\/pagina10.com\/web\/#\/schema\/logo\/image\/","url":"https:\/\/pagina10.com\/web\/wp-content\/uploads\/2024\/01\/40-pagina-10-periodico-regional-pasto.jpg","contentUrl":"https:\/\/pagina10.com\/web\/wp-content\/uploads\/2024\/01\/40-pagina-10-periodico-regional-pasto.jpg","width":1280,"height":720,"caption":"P\u00e1gina10"},"image":{"@id":"https:\/\/pagina10.com\/web\/#\/schema\/logo\/image\/"},"sameAs":["https:\/\/www.facebook.com\/pag10com","https:\/\/x.com\/Pag10com","https:\/\/www.instagram.com\/pagina10col\/","https:\/\/youtube.com\/channel\/pag10","https:\/\/www.tiktok.com\/@p10col"]},{"@type":"Person","@id":"https:\/\/pagina10.com\/web\/#\/schema\/person\/2efc4a090d25b667d3bc796798a3a81b","name":"P\u00e1gina 10","description":"P\u00e1gina 10 es un peri\u00f3dico regional que nace en Colombia, en el departamento de Nari\u00f1o, con un enfoque global, fundamentado en cuatro pilares esenciales: la libertad, el pluralismo, la inclusi\u00f3n y la independencia. P\u00e1gina 10 hace referencia a Nari\u00f1o como el d\u00e9cimo departamento creado en Colombia, despu\u00e9s de un proceso pol\u00edtico liderado por actores y actrices regionales con el fin de obtener la independencia y autonom\u00eda de nuestros territorios. Con la creaci\u00f3n de P\u00e1gina 10 se pretende abrir un escenario para el dialogo, la reflexi\u00f3n y el debate que se extienda a otras geograf\u00edas de Am\u00e9rica Latina y del planeta, en una apuesta por transformar colectivamente los desaf\u00edos de un mundo contempor\u00e1neo, m\u00e1s all\u00e1 de las fronteras impuestas.","url":"https:\/\/pagina10.com\/web\/author\/pdiezadmin\/"}]}},"_links":{"self":[{"href":"https:\/\/pagina10.com\/web\/wp-json\/wp\/v2\/posts\/63097","targetHints":{"allow":["GET"]}}],"collection":[{"href":"https:\/\/pagina10.com\/web\/wp-json\/wp\/v2\/posts"}],"about":[{"href":"https:\/\/pagina10.com\/web\/wp-json\/wp\/v2\/types\/post"}],"author":[{"embeddable":true,"href":"https:\/\/pagina10.com\/web\/wp-json\/wp\/v2\/users\/1"}],"replies":[{"embeddable":true,"href":"https:\/\/pagina10.com\/web\/wp-json\/wp\/v2\/comments?post=63097"}],"version-history":[{"count":1,"href":"https:\/\/pagina10.com\/web\/wp-json\/wp\/v2\/posts\/63097\/revisions"}],"predecessor-version":[{"id":63099,"href":"https:\/\/pagina10.com\/web\/wp-json\/wp\/v2\/posts\/63097\/revisions\/63099"}],"wp:featuredmedia":[{"embeddable":true,"href":"https:\/\/pagina10.com\/web\/wp-json\/wp\/v2\/media\/63098"}],"wp:attachment":[{"href":"https:\/\/pagina10.com\/web\/wp-json\/wp\/v2\/media?parent=63097"}],"wp:term":[{"taxonomy":"category","embeddable":true,"href":"https:\/\/pagina10.com\/web\/wp-json\/wp\/v2\/categories?post=63097"},{"taxonomy":"post_tag","embeddable":true,"href":"https:\/\/pagina10.com\/web\/wp-json\/wp\/v2\/tags?post=63097"}],"curies":[{"name":"wp","href":"https:\/\/api.w.org\/{rel}","templated":true}]}}