{"id":63172,"date":"2022-11-28T11:22:17","date_gmt":"2022-11-28T16:22:17","guid":{"rendered":"https:\/\/pagina10.com\/web\/?p=63172"},"modified":"2022-11-28T21:46:34","modified_gmt":"2022-11-29T02:46:34","slug":"leones-de-narino-no-pudo-disputar-la-semifinal-de-la-liga-de-futsal-real-antioquia-le-puso-dos-denuncias","status":"publish","type":"post","link":"https:\/\/pagina10.com\/web\/leones-de-narino-no-pudo-disputar-la-semifinal-de-la-liga-de-futsal-real-antioquia-le-puso-dos-denuncias\/","title":{"rendered":"Leones de Nari\u00f1o no pudo disputar la semifinal de la Liga de Futsal, Real Antioquia le puso dos denuncias"},"content":{"rendered":"<p style=\"text-align: justify;\">El partido entre Leones de Nari\u00f1o y la Universidad de Manizales previsto para el fin de semana en el Coliseo Sergio Antonio Ruano de la ciudad de Pasto, no se pudo cumplir debido a una denuncia presentada en contra del club nari\u00f1ense por parte del equipo Real Antioquia. Dos acusaciones previas fueron desestimadas por el Comit\u00e9 Disciplinario de la Liga Betplay Futsal 2022.<\/p>\n<p style=\"text-align: justify;\">Seg\u00fan lo expresado por el conjunto antioque\u00f1o, \u201clos jugadores (del Club Leones de Nari\u00f1o) se identificaron con unas hojas impresas, incumpliendo con los requerimientos m\u00ednimos para poder participar en el encuentro deportivo. No acatando con lo estipulado en el Reglamento del Campeonato\u201d.<\/p>\n<p style=\"text-align: justify;\">As\u00ed mismo, especificaron que \u201cno identifican al jugador CHAVEZ IPAZ CARLOS ANDR\u00c9S que se evidencia portando el n\u00famero 8 en su camiseta, qui\u00e9n estuvo en los actos protocolarios, en las charlas t\u00e9cnicas y particip\u00f3 en el encuentro deportivo y adem\u00e1s inscrito en la planilla de juego. Incumplimiento con el Reglamento del Campeonato y sus normas\u201d.<\/p>\n<p style=\"text-align: justify;\">En sus descargos la dirigencia del club nari\u00f1ense destac\u00f3 que los carnets fueron entregados al cuerpo arbitral una hora antes del encuentro deportivo y desde ese momento hasta el inicio del partido nunca se inform\u00f3 sobre alguna anomal\u00eda, por lo cual el partido comenz\u00f3 sin ning\u00fan impedimento.<\/p>\n<p style=\"text-align: justify;\">Adem\u00e1s, indicaron que por autorizaci\u00f3n del departamento de competiciones de la FCF \u201cse viene jugando los partidos con los carnets impresos en PDF. La FCF manifest\u00f3 una dificultad log\u00edstica con el proveedor de estos\u201d.<\/p>\n<p style=\"text-align: justify;\">Sumado a esta situaci\u00f3n, la Comisi\u00f3n Disciplinaria del campeonato abri\u00f3 una investigaci\u00f3n contra el presidente de delegaci\u00f3n del Club Leones de Nari\u00f1o y contra el medico \u00d3scar Casab\u00f3n debido a una presunta amenaza hecha al t\u00e9cnico de Real Antioquia durante el partido de vuelta de los octavos de final.<\/p>\n<p style=\"text-align: justify;\">En el informe se rese\u00f1a: \u201cDe la grader\u00eda baja una persona que confronta al DT de Real Antioquia. Textualmente \u201cte voy a demandar por estar inventando que te lanzaron monedas\u201d. Se hace retirar a las personas de las inmediaciones de la superficie de juego con ayuda de la polic\u00eda y el comisario. Los \u00e1rbitros asistentes y el comisario indican a las personas en cuesti\u00f3n como Oscar Armando Casab\u00f3n y William Santacruz del equipo Leones de Nari\u00f1o\u201d.<\/p>\n<p style=\"text-align: justify;\">En este sentido, se estableci\u00f3 que ambos habr\u00edan violado el Art\u00edculo 75. \u201cInfracciones de los miembros del cuerpo t\u00e9cnico, delegados, y toda otra persona que desempe\u00f1e actividades de la misma naturaleza en el club o selecci\u00f3n municipal o departamental\u201d y el Art\u00edculo 63. \u201cConducta incorrecta frente a los adversarios u otras personas que no sean oficiales de partido\u201d.<\/p>\n<p style=\"text-align: justify;\">De ser encontrados responsables, podr\u00edan ser suspendidos de dos a cuatro fechas y deber\u00e1n pagar una multa de 20 a treinta 30 salarios m\u00ednimos diarios legales vigentes al momento de la infracci\u00f3n por emplear \u201clenguaje ofensivo, grosero u obsceno o gestos de la misma naturaleza contra los jugadores rivales u otras personas que no sean oficiales de partido\u201d.<\/p>\n","protected":false},"excerpt":{"rendered":"<p>El partido entre Leones de Nari\u00f1o y la Universidad de Manizales previsto para el fin de semana en el Coliseo Sergio Antonio Ruano de la ciudad de Pasto, no se pudo cumplir debido a una denuncia presentada en contra del club nari\u00f1ense por parte del equipo Real Antioquia. Dos acusaciones previas fueron desestimadas por el [&hellip;]<\/p>\n","protected":false},"author":1,"featured_media":63173,"comment_status":"open","ping_status":"open","sticky":false,"template":"","format":"standard","meta":{"footnotes":""},"categories":[86],"tags":[],"class_list":["post-63172","post","type-post","status-publish","format-standard","has-post-thumbnail","hentry","category-deportes-2"],"yoast_head":"<!-- This site is optimized with the Yoast SEO plugin v27.1.1 - https:\/\/yoast.com\/product\/yoast-seo-wordpress\/ -->\n<title>Leones de Nari\u00f1o no pudo disputar la semifinal de la Liga de Futsal, Real Antioquia le puso dos denuncias | P\u00e1gina10<\/title>\n<meta name=\"robots\" content=\"index, follow, max-snippet:-1, max-image-preview:large, max-video-preview:-1\" \/>\n<link rel=\"canonical\" href=\"https:\/\/pagina10.com\/web\/leones-de-narino-no-pudo-disputar-la-semifinal-de-la-liga-de-futsal-real-antioquia-le-puso-dos-denuncias\/\" \/>\n<meta property=\"og:locale\" content=\"es_ES\" \/>\n<meta property=\"og:type\" content=\"article\" \/>\n<meta property=\"og:title\" content=\"Leones de Nari\u00f1o no pudo disputar la semifinal de la Liga de Futsal, Real Antioquia le puso dos denuncias | P\u00e1gina10\" \/>\n<meta property=\"og:description\" content=\"El partido entre Leones de Nari\u00f1o y la Universidad de Manizales previsto para el fin de semana en el Coliseo Sergio Antonio Ruano de la ciudad de Pasto, no se pudo cumplir debido a una denuncia presentada en contra del club nari\u00f1ense por parte del equipo Real Antioquia. Dos acusaciones previas fueron desestimadas por el [&hellip;]\" \/>\n<meta property=\"og:url\" content=\"https:\/\/pagina10.com\/web\/leones-de-narino-no-pudo-disputar-la-semifinal-de-la-liga-de-futsal-real-antioquia-le-puso-dos-denuncias\/\" \/>\n<meta property=\"og:site_name\" content=\"P\u00e1gina10\" \/>\n<meta property=\"article:publisher\" content=\"https:\/\/www.facebook.com\/pag10com\" \/>\n<meta property=\"article:published_time\" content=\"2022-11-28T16:22:17+00:00\" \/>\n<meta property=\"article:modified_time\" content=\"2022-11-29T02:46:34+00:00\" \/>\n<meta property=\"og:image\" content=\"https:\/\/pagina10.com\/web\/wp-content\/uploads\/2022\/11\/313020128_602986531626246_927626593020003379_n-e1669652520806.jpg\" \/>\n\t<meta property=\"og:image:width\" content=\"1288\" \/>\n\t<meta property=\"og:image:height\" content=\"961\" \/>\n\t<meta property=\"og:image:type\" content=\"image\/jpeg\" \/>\n<meta name=\"author\" content=\"P\u00e1gina 10\" \/>\n<meta name=\"twitter:card\" content=\"summary_large_image\" \/>\n<meta name=\"twitter:creator\" content=\"@Pag10com\" \/>\n<meta name=\"twitter:site\" content=\"@Pag10com\" \/>\n<meta name=\"twitter:label1\" content=\"Escrito por\" \/>\n\t<meta name=\"twitter:data1\" content=\"P\u00e1gina 10\" \/>\n\t<meta name=\"twitter:label2\" content=\"Tiempo de lectura\" \/>\n\t<meta name=\"twitter:data2\" content=\"3 minutos\" \/>\n<script type=\"application\/ld+json\" class=\"yoast-schema-graph\">{\"@context\":\"https:\/\/schema.org\",\"@graph\":[{\"@type\":\"Article\",\"@id\":\"https:\/\/pagina10.com\/web\/leones-de-narino-no-pudo-disputar-la-semifinal-de-la-liga-de-futsal-real-antioquia-le-puso-dos-denuncias\/#article\",\"isPartOf\":{\"@id\":\"https:\/\/pagina10.com\/web\/leones-de-narino-no-pudo-disputar-la-semifinal-de-la-liga-de-futsal-real-antioquia-le-puso-dos-denuncias\/\"},\"author\":{\"name\":\"P\u00e1gina 10\",\"@id\":\"https:\/\/pagina10.com\/web\/#\/schema\/person\/2efc4a090d25b667d3bc796798a3a81b\"},\"headline\":\"Leones de Nari\u00f1o no pudo disputar la semifinal de la Liga de Futsal, Real Antioquia le puso dos denuncias\",\"datePublished\":\"2022-11-28T16:22:17+00:00\",\"dateModified\":\"2022-11-29T02:46:34+00:00\",\"mainEntityOfPage\":{\"@id\":\"https:\/\/pagina10.com\/web\/leones-de-narino-no-pudo-disputar-la-semifinal-de-la-liga-de-futsal-real-antioquia-le-puso-dos-denuncias\/\"},\"wordCount\":536,\"commentCount\":0,\"publisher\":{\"@id\":\"https:\/\/pagina10.com\/web\/#organization\"},\"image\":{\"@id\":\"https:\/\/pagina10.com\/web\/leones-de-narino-no-pudo-disputar-la-semifinal-de-la-liga-de-futsal-real-antioquia-le-puso-dos-denuncias\/#primaryimage\"},\"thumbnailUrl\":\"https:\/\/pagina10.com\/web\/wp-content\/uploads\/2022\/11\/313020128_602986531626246_927626593020003379_n-e1669652520806.jpg\",\"articleSection\":[\"Deportes\"],\"inLanguage\":\"es\",\"potentialAction\":[{\"@type\":\"CommentAction\",\"name\":\"Comment\",\"target\":[\"https:\/\/pagina10.com\/web\/leones-de-narino-no-pudo-disputar-la-semifinal-de-la-liga-de-futsal-real-antioquia-le-puso-dos-denuncias\/#respond\"]}]},{\"@type\":\"WebPage\",\"@id\":\"https:\/\/pagina10.com\/web\/leones-de-narino-no-pudo-disputar-la-semifinal-de-la-liga-de-futsal-real-antioquia-le-puso-dos-denuncias\/\",\"url\":\"https:\/\/pagina10.com\/web\/leones-de-narino-no-pudo-disputar-la-semifinal-de-la-liga-de-futsal-real-antioquia-le-puso-dos-denuncias\/\",\"name\":\"Leones de Nari\u00f1o no pudo disputar la semifinal de la Liga de Futsal, Real Antioquia le puso dos denuncias | P\u00e1gina10\",\"isPartOf\":{\"@id\":\"https:\/\/pagina10.com\/web\/#website\"},\"primaryImageOfPage\":{\"@id\":\"https:\/\/pagina10.com\/web\/leones-de-narino-no-pudo-disputar-la-semifinal-de-la-liga-de-futsal-real-antioquia-le-puso-dos-denuncias\/#primaryimage\"},\"image\":{\"@id\":\"https:\/\/pagina10.com\/web\/leones-de-narino-no-pudo-disputar-la-semifinal-de-la-liga-de-futsal-real-antioquia-le-puso-dos-denuncias\/#primaryimage\"},\"thumbnailUrl\":\"https:\/\/pagina10.com\/web\/wp-content\/uploads\/2022\/11\/313020128_602986531626246_927626593020003379_n-e1669652520806.jpg\",\"datePublished\":\"2022-11-28T16:22:17+00:00\",\"dateModified\":\"2022-11-29T02:46:34+00:00\",\"breadcrumb\":{\"@id\":\"https:\/\/pagina10.com\/web\/leones-de-narino-no-pudo-disputar-la-semifinal-de-la-liga-de-futsal-real-antioquia-le-puso-dos-denuncias\/#breadcrumb\"},\"inLanguage\":\"es\",\"potentialAction\":[{\"@type\":\"ReadAction\",\"target\":[\"https:\/\/pagina10.com\/web\/leones-de-narino-no-pudo-disputar-la-semifinal-de-la-liga-de-futsal-real-antioquia-le-puso-dos-denuncias\/\"]}]},{\"@type\":\"ImageObject\",\"inLanguage\":\"es\",\"@id\":\"https:\/\/pagina10.com\/web\/leones-de-narino-no-pudo-disputar-la-semifinal-de-la-liga-de-futsal-real-antioquia-le-puso-dos-denuncias\/#primaryimage\",\"url\":\"https:\/\/pagina10.com\/web\/wp-content\/uploads\/2022\/11\/313020128_602986531626246_927626593020003379_n-e1669652520806.jpg\",\"contentUrl\":\"https:\/\/pagina10.com\/web\/wp-content\/uploads\/2022\/11\/313020128_602986531626246_927626593020003379_n-e1669652520806.jpg\",\"width\":1288,\"height\":961,\"caption\":\"Foto: Leones de Nari\u00f1o\"},{\"@type\":\"BreadcrumbList\",\"@id\":\"https:\/\/pagina10.com\/web\/leones-de-narino-no-pudo-disputar-la-semifinal-de-la-liga-de-futsal-real-antioquia-le-puso-dos-denuncias\/#breadcrumb\",\"itemListElement\":[{\"@type\":\"ListItem\",\"position\":1,\"name\":\"Portada\",\"item\":\"https:\/\/pagina10.com\/web\/\"},{\"@type\":\"ListItem\",\"position\":2,\"name\":\"Leones de Nari\u00f1o no pudo disputar la semifinal de la Liga de Futsal, Real Antioquia le puso dos denuncias\"}]},{\"@type\":\"WebSite\",\"@id\":\"https:\/\/pagina10.com\/web\/#website\",\"url\":\"https:\/\/pagina10.com\/web\/\",\"name\":\"P\u00e1gina10\",\"description\":\"Peri\u00f3dico Regional\",\"publisher\":{\"@id\":\"https:\/\/pagina10.com\/web\/#organization\"},\"alternateName\":\"P\u00e1gina10 Peri\u00f3dico Regional\",\"potentialAction\":[{\"@type\":\"SearchAction\",\"target\":{\"@type\":\"EntryPoint\",\"urlTemplate\":\"https:\/\/pagina10.com\/web\/?s={search_term_string}\"},\"query-input\":{\"@type\":\"PropertyValueSpecification\",\"valueRequired\":true,\"valueName\":\"search_term_string\"}}],\"inLanguage\":\"es\"},{\"@type\":\"Organization\",\"@id\":\"https:\/\/pagina10.com\/web\/#organization\",\"name\":\"P\u00e1gina10\",\"alternateName\":\"P\u00e1gina10 Peri\u00f3dico Regional\",\"url\":\"https:\/\/pagina10.com\/web\/\",\"logo\":{\"@type\":\"ImageObject\",\"inLanguage\":\"es\",\"@id\":\"https:\/\/pagina10.com\/web\/#\/schema\/logo\/image\/\",\"url\":\"https:\/\/pagina10.com\/web\/wp-content\/uploads\/2024\/01\/40-pagina-10-periodico-regional-pasto.jpg\",\"contentUrl\":\"https:\/\/pagina10.com\/web\/wp-content\/uploads\/2024\/01\/40-pagina-10-periodico-regional-pasto.jpg\",\"width\":1280,\"height\":720,\"caption\":\"P\u00e1gina10\"},\"image\":{\"@id\":\"https:\/\/pagina10.com\/web\/#\/schema\/logo\/image\/\"},\"sameAs\":[\"https:\/\/www.facebook.com\/pag10com\",\"https:\/\/x.com\/Pag10com\",\"https:\/\/www.instagram.com\/pagina10col\/\",\"https:\/\/youtube.com\/channel\/pag10\",\"https:\/\/www.tiktok.com\/@p10col\"]},{\"@type\":\"Person\",\"@id\":\"https:\/\/pagina10.com\/web\/#\/schema\/person\/2efc4a090d25b667d3bc796798a3a81b\",\"name\":\"P\u00e1gina 10\",\"description\":\"P\u00e1gina 10 es un peri\u00f3dico regional que nace en Colombia, en el departamento de Nari\u00f1o, con un enfoque global, fundamentado en cuatro pilares esenciales: la libertad, el pluralismo, la inclusi\u00f3n y la independencia. P\u00e1gina 10 hace referencia a Nari\u00f1o como el d\u00e9cimo departamento creado en Colombia, despu\u00e9s de un proceso pol\u00edtico liderado por actores y actrices regionales con el fin de obtener la independencia y autonom\u00eda de nuestros territorios. Con la creaci\u00f3n de P\u00e1gina 10 se pretende abrir un escenario para el dialogo, la reflexi\u00f3n y el debate que se extienda a otras geograf\u00edas de Am\u00e9rica Latina y del planeta, en una apuesta por transformar colectivamente los desaf\u00edos de un mundo contempor\u00e1neo, m\u00e1s all\u00e1 de las fronteras impuestas.\",\"url\":\"https:\/\/pagina10.com\/web\/author\/pdiezadmin\/\"}]}<\/script>\n<!-- \/ Yoast SEO plugin. -->","yoast_head_json":{"title":"Leones de Nari\u00f1o no pudo disputar la semifinal de la Liga de Futsal, Real Antioquia le puso dos denuncias | P\u00e1gina10","robots":{"index":"index","follow":"follow","max-snippet":"max-snippet:-1","max-image-preview":"max-image-preview:large","max-video-preview":"max-video-preview:-1"},"canonical":"https:\/\/pagina10.com\/web\/leones-de-narino-no-pudo-disputar-la-semifinal-de-la-liga-de-futsal-real-antioquia-le-puso-dos-denuncias\/","og_locale":"es_ES","og_type":"article","og_title":"Leones de Nari\u00f1o no pudo disputar la semifinal de la Liga de Futsal, Real Antioquia le puso dos denuncias | P\u00e1gina10","og_description":"El partido entre Leones de Nari\u00f1o y la Universidad de Manizales previsto para el fin de semana en el Coliseo Sergio Antonio Ruano de la ciudad de Pasto, no se pudo cumplir debido a una denuncia presentada en contra del club nari\u00f1ense por parte del equipo Real Antioquia. Dos acusaciones previas fueron desestimadas por el [&hellip;]","og_url":"https:\/\/pagina10.com\/web\/leones-de-narino-no-pudo-disputar-la-semifinal-de-la-liga-de-futsal-real-antioquia-le-puso-dos-denuncias\/","og_site_name":"P\u00e1gina10","article_publisher":"https:\/\/www.facebook.com\/pag10com","article_published_time":"2022-11-28T16:22:17+00:00","article_modified_time":"2022-11-29T02:46:34+00:00","og_image":[{"width":1288,"height":961,"url":"https:\/\/pagina10.com\/web\/wp-content\/uploads\/2022\/11\/313020128_602986531626246_927626593020003379_n-e1669652520806.jpg","type":"image\/jpeg"}],"author":"P\u00e1gina 10","twitter_card":"summary_large_image","twitter_creator":"@Pag10com","twitter_site":"@Pag10com","twitter_misc":{"Escrito por":"P\u00e1gina 10","Tiempo de lectura":"3 minutos"},"schema":{"@context":"https:\/\/schema.org","@graph":[{"@type":"Article","@id":"https:\/\/pagina10.com\/web\/leones-de-narino-no-pudo-disputar-la-semifinal-de-la-liga-de-futsal-real-antioquia-le-puso-dos-denuncias\/#article","isPartOf":{"@id":"https:\/\/pagina10.com\/web\/leones-de-narino-no-pudo-disputar-la-semifinal-de-la-liga-de-futsal-real-antioquia-le-puso-dos-denuncias\/"},"author":{"name":"P\u00e1gina 10","@id":"https:\/\/pagina10.com\/web\/#\/schema\/person\/2efc4a090d25b667d3bc796798a3a81b"},"headline":"Leones de Nari\u00f1o no pudo disputar la semifinal de la Liga de Futsal, Real Antioquia le puso dos denuncias","datePublished":"2022-11-28T16:22:17+00:00","dateModified":"2022-11-29T02:46:34+00:00","mainEntityOfPage":{"@id":"https:\/\/pagina10.com\/web\/leones-de-narino-no-pudo-disputar-la-semifinal-de-la-liga-de-futsal-real-antioquia-le-puso-dos-denuncias\/"},"wordCount":536,"commentCount":0,"publisher":{"@id":"https:\/\/pagina10.com\/web\/#organization"},"image":{"@id":"https:\/\/pagina10.com\/web\/leones-de-narino-no-pudo-disputar-la-semifinal-de-la-liga-de-futsal-real-antioquia-le-puso-dos-denuncias\/#primaryimage"},"thumbnailUrl":"https:\/\/pagina10.com\/web\/wp-content\/uploads\/2022\/11\/313020128_602986531626246_927626593020003379_n-e1669652520806.jpg","articleSection":["Deportes"],"inLanguage":"es","potentialAction":[{"@type":"CommentAction","name":"Comment","target":["https:\/\/pagina10.com\/web\/leones-de-narino-no-pudo-disputar-la-semifinal-de-la-liga-de-futsal-real-antioquia-le-puso-dos-denuncias\/#respond"]}]},{"@type":"WebPage","@id":"https:\/\/pagina10.com\/web\/leones-de-narino-no-pudo-disputar-la-semifinal-de-la-liga-de-futsal-real-antioquia-le-puso-dos-denuncias\/","url":"https:\/\/pagina10.com\/web\/leones-de-narino-no-pudo-disputar-la-semifinal-de-la-liga-de-futsal-real-antioquia-le-puso-dos-denuncias\/","name":"Leones de Nari\u00f1o no pudo disputar la semifinal de la Liga de Futsal, Real Antioquia le puso dos denuncias | P\u00e1gina10","isPartOf":{"@id":"https:\/\/pagina10.com\/web\/#website"},"primaryImageOfPage":{"@id":"https:\/\/pagina10.com\/web\/leones-de-narino-no-pudo-disputar-la-semifinal-de-la-liga-de-futsal-real-antioquia-le-puso-dos-denuncias\/#primaryimage"},"image":{"@id":"https:\/\/pagina10.com\/web\/leones-de-narino-no-pudo-disputar-la-semifinal-de-la-liga-de-futsal-real-antioquia-le-puso-dos-denuncias\/#primaryimage"},"thumbnailUrl":"https:\/\/pagina10.com\/web\/wp-content\/uploads\/2022\/11\/313020128_602986531626246_927626593020003379_n-e1669652520806.jpg","datePublished":"2022-11-28T16:22:17+00:00","dateModified":"2022-11-29T02:46:34+00:00","breadcrumb":{"@id":"https:\/\/pagina10.com\/web\/leones-de-narino-no-pudo-disputar-la-semifinal-de-la-liga-de-futsal-real-antioquia-le-puso-dos-denuncias\/#breadcrumb"},"inLanguage":"es","potentialAction":[{"@type":"ReadAction","target":["https:\/\/pagina10.com\/web\/leones-de-narino-no-pudo-disputar-la-semifinal-de-la-liga-de-futsal-real-antioquia-le-puso-dos-denuncias\/"]}]},{"@type":"ImageObject","inLanguage":"es","@id":"https:\/\/pagina10.com\/web\/leones-de-narino-no-pudo-disputar-la-semifinal-de-la-liga-de-futsal-real-antioquia-le-puso-dos-denuncias\/#primaryimage","url":"https:\/\/pagina10.com\/web\/wp-content\/uploads\/2022\/11\/313020128_602986531626246_927626593020003379_n-e1669652520806.jpg","contentUrl":"https:\/\/pagina10.com\/web\/wp-content\/uploads\/2022\/11\/313020128_602986531626246_927626593020003379_n-e1669652520806.jpg","width":1288,"height":961,"caption":"Foto: Leones de Nari\u00f1o"},{"@type":"BreadcrumbList","@id":"https:\/\/pagina10.com\/web\/leones-de-narino-no-pudo-disputar-la-semifinal-de-la-liga-de-futsal-real-antioquia-le-puso-dos-denuncias\/#breadcrumb","itemListElement":[{"@type":"ListItem","position":1,"name":"Portada","item":"https:\/\/pagina10.com\/web\/"},{"@type":"ListItem","position":2,"name":"Leones de Nari\u00f1o no pudo disputar la semifinal de la Liga de Futsal, Real Antioquia le puso dos denuncias"}]},{"@type":"WebSite","@id":"https:\/\/pagina10.com\/web\/#website","url":"https:\/\/pagina10.com\/web\/","name":"P\u00e1gina10","description":"Peri\u00f3dico Regional","publisher":{"@id":"https:\/\/pagina10.com\/web\/#organization"},"alternateName":"P\u00e1gina10 Peri\u00f3dico Regional","potentialAction":[{"@type":"SearchAction","target":{"@type":"EntryPoint","urlTemplate":"https:\/\/pagina10.com\/web\/?s={search_term_string}"},"query-input":{"@type":"PropertyValueSpecification","valueRequired":true,"valueName":"search_term_string"}}],"inLanguage":"es"},{"@type":"Organization","@id":"https:\/\/pagina10.com\/web\/#organization","name":"P\u00e1gina10","alternateName":"P\u00e1gina10 Peri\u00f3dico Regional","url":"https:\/\/pagina10.com\/web\/","logo":{"@type":"ImageObject","inLanguage":"es","@id":"https:\/\/pagina10.com\/web\/#\/schema\/logo\/image\/","url":"https:\/\/pagina10.com\/web\/wp-content\/uploads\/2024\/01\/40-pagina-10-periodico-regional-pasto.jpg","contentUrl":"https:\/\/pagina10.com\/web\/wp-content\/uploads\/2024\/01\/40-pagina-10-periodico-regional-pasto.jpg","width":1280,"height":720,"caption":"P\u00e1gina10"},"image":{"@id":"https:\/\/pagina10.com\/web\/#\/schema\/logo\/image\/"},"sameAs":["https:\/\/www.facebook.com\/pag10com","https:\/\/x.com\/Pag10com","https:\/\/www.instagram.com\/pagina10col\/","https:\/\/youtube.com\/channel\/pag10","https:\/\/www.tiktok.com\/@p10col"]},{"@type":"Person","@id":"https:\/\/pagina10.com\/web\/#\/schema\/person\/2efc4a090d25b667d3bc796798a3a81b","name":"P\u00e1gina 10","description":"P\u00e1gina 10 es un peri\u00f3dico regional que nace en Colombia, en el departamento de Nari\u00f1o, con un enfoque global, fundamentado en cuatro pilares esenciales: la libertad, el pluralismo, la inclusi\u00f3n y la independencia. P\u00e1gina 10 hace referencia a Nari\u00f1o como el d\u00e9cimo departamento creado en Colombia, despu\u00e9s de un proceso pol\u00edtico liderado por actores y actrices regionales con el fin de obtener la independencia y autonom\u00eda de nuestros territorios. Con la creaci\u00f3n de P\u00e1gina 10 se pretende abrir un escenario para el dialogo, la reflexi\u00f3n y el debate que se extienda a otras geograf\u00edas de Am\u00e9rica Latina y del planeta, en una apuesta por transformar colectivamente los desaf\u00edos de un mundo contempor\u00e1neo, m\u00e1s all\u00e1 de las fronteras impuestas.","url":"https:\/\/pagina10.com\/web\/author\/pdiezadmin\/"}]}},"_links":{"self":[{"href":"https:\/\/pagina10.com\/web\/wp-json\/wp\/v2\/posts\/63172","targetHints":{"allow":["GET"]}}],"collection":[{"href":"https:\/\/pagina10.com\/web\/wp-json\/wp\/v2\/posts"}],"about":[{"href":"https:\/\/pagina10.com\/web\/wp-json\/wp\/v2\/types\/post"}],"author":[{"embeddable":true,"href":"https:\/\/pagina10.com\/web\/wp-json\/wp\/v2\/users\/1"}],"replies":[{"embeddable":true,"href":"https:\/\/pagina10.com\/web\/wp-json\/wp\/v2\/comments?post=63172"}],"version-history":[{"count":2,"href":"https:\/\/pagina10.com\/web\/wp-json\/wp\/v2\/posts\/63172\/revisions"}],"predecessor-version":[{"id":63201,"href":"https:\/\/pagina10.com\/web\/wp-json\/wp\/v2\/posts\/63172\/revisions\/63201"}],"wp:featuredmedia":[{"embeddable":true,"href":"https:\/\/pagina10.com\/web\/wp-json\/wp\/v2\/media\/63173"}],"wp:attachment":[{"href":"https:\/\/pagina10.com\/web\/wp-json\/wp\/v2\/media?parent=63172"}],"wp:term":[{"taxonomy":"category","embeddable":true,"href":"https:\/\/pagina10.com\/web\/wp-json\/wp\/v2\/categories?post=63172"},{"taxonomy":"post_tag","embeddable":true,"href":"https:\/\/pagina10.com\/web\/wp-json\/wp\/v2\/tags?post=63172"}],"curies":[{"name":"wp","href":"https:\/\/api.w.org\/{rel}","templated":true}]}}