{"id":63393,"date":"2022-12-08T19:58:09","date_gmt":"2022-12-09T00:58:09","guid":{"rendered":"https:\/\/pagina10.com\/web\/?p=63393"},"modified":"2022-12-08T19:58:09","modified_gmt":"2022-12-09T00:58:09","slug":"jose-luis-benavides-passos-un-profesional-de-retos-y-compromisos","status":"publish","type":"post","link":"https:\/\/pagina10.com\/web\/jose-luis-benavides-passos-un-profesional-de-retos-y-compromisos\/","title":{"rendered":"Jos\u00e9 Luis Benavides Passos, un profesional de retos y compromisos."},"content":{"rendered":"<div>\n<div dir=\"auto\" style=\"text-align: justify;\">Durante la conmemoraci\u00f3n de los 52 a\u00f1os de la Instituci\u00f3n Educativa Municipal INEM &#8211; Pasto, tuve la grata oportunidad de conocer y conversar con el administrador de empresas, especializado en finanzas, <a tabindex=\"0\" role=\"link\" href=\"https:\/\/www.facebook.com\/jose.l.benavides.92?__cft__[0]=AZV2_W5JfTOW1tlOxYWLiUlQM6s_7ep8etK3iUjRUuDIxo4OAW9e9jMhM6n1mDuI7diDEWZLvPHh-gXTXE4NQdMOxvtRbVA3sGT4THv5F3ExcA2Iyb__u6Cc-uKJj4m9sU2EVC-0_gx7Z7oDTAhIVPqoleoJOSEjt9Mq9hCBGaI0sg&amp;__tn__=-]K-R\">Jose Luis Benavides P<\/a>, designado por el alcalde municipal de Pasto, Germ\u00e1n Chamorro de La Rosa, como Secretario de Educaci\u00f3n del municipio de Pasto.<\/div>\n<\/div>\n<div style=\"text-align: justify;\">\n<div dir=\"auto\">Profesional de gran preparaci\u00f3n acad\u00e9mica en Europa y Estados Unidos y con formaci\u00f3n en universidades europeas. Fue candidato a la rector\u00eda de la Universidad de Nari\u00f1o para el per\u00edodo 2021 &#8211; 2023. Catedr\u00e1tico, investigador, vicerrector administrativo y representante de los docentes ante el Consejo Superior Universitario.<\/div>\n<div dir=\"auto\"><a tabindex=\"0\" role=\"link\" href=\"https:\/\/www.instagram.com\/tv\/CNoMMqlHZgB\/?utm_source=ig_web_copy_link&amp;fbclid=IwAR2F5Nh0qyIqUCWPyfrCPTQJtnND4pbUc-QF0UP_dzmlwWS85nLWPbmh11w\" target=\"_blank\" rel=\"nofollow noopener\">https:\/\/www.instagram.com\/tv\/CNoMMqlHZgB\/&#8230;<\/a><\/div>\n<\/div>\n<div style=\"text-align: justify;\">\n<div dir=\"auto\">Conocedor del sistema educativo y due\u00f1o de una educaci\u00f3n que le permite hablar sobre diversos t\u00f3picos con profundidad, propiedad y seriedad. Se lo considera un innovador en aspectos relacionados con la formaci\u00f3n acad\u00e9mica y profesional. Su juventud le acerca a las nuevas y modernas formas de educar, lo que se constituye en una verdadera fortaleza para el sector educativo municipal. La inform\u00e1tica y la virtualidad llevan, inevitablemente, a cambios y modificaciones en las estructuras curriculares y en las pr\u00e1cticas pedag\u00f3gicas obsoletas que hasta hoy se practican en las aulas escolares.<\/div>\n<\/div>\n<div style=\"text-align: justify;\">\n<div dir=\"auto\">Son muchos los retos que debe afrontar en esta materia por cuanto atravesamos una etapa de transici\u00f3n entre lo tradicional y lo tecnol\u00f3gico en lo referente a virtualidad y conectividad. Nuestra educaci\u00f3n no admite mayores postergaciones en su camino hacia la modernidad. Es necesario entrar de una vez por todas en el siglo XXI facilitando a las instituciones educativas y a los educadores las herramientas necesarias que les permitan cumplir su papel en condiciones de dignidad y desarrollo tecnol\u00f3gico. Las instituciones educativas deben dar ese gran salto hacia esa virtualidad y conectividad de acuerdo a las exigencias de la UNESCO y la sensatez generacional.<\/div>\n<\/div>\n<div style=\"text-align: justify;\">\n<div dir=\"auto\">Este es quiz\u00e1 el gran reto que le espera al doctor Jos\u00e9 Luis Benavides PASSOS por cuanto su alta formaci\u00f3n y preparaci\u00f3n le permiten analizar el estado de postraci\u00f3n en que se encuentra el sistema educativo municipal debido a ese rezago t\u00e9cnico, tecnol\u00f3gico, cient\u00edfico y financiero. Producto de la desidia administrativa de anteriores administraciones y de esa falta de destinaci\u00f3n de recursos para este importante sector.<\/div>\n<\/div>\n<div>\n<div dir=\"auto\" style=\"text-align: justify;\">Postergar este desaf\u00edo es sumirnos en una dependencia en todos los \u00f3rdenes con sus consecuentes afectaciones sociales, educativas, culturales o empresariales. El mundo laboral cambi\u00f3 hace muchas d\u00e9cadas y lo mismo ocurre en la educaci\u00f3n donde ya se hace imposible concebirla como una simple transmisi\u00f3n de informaci\u00f3n. Hoy la verdadera formaci\u00f3n se encuentra en los dispositivos que la tecnolog\u00eda nos ofrece. Llevar estos adelantos a las aulas escolares y ponerlas al servicio de las nuevas generaciones es la tarea y el reto que esperamos se cristalice en la direcci\u00f3n de este joven profesional que desde hoy rige la educaci\u00f3n en nuestro municipio.<\/div>\n<\/div>\n","protected":false},"excerpt":{"rendered":"<p>Durante la conmemoraci\u00f3n de los 52 a\u00f1os de la Instituci\u00f3n Educativa Municipal INEM &#8211; Pasto, tuve la grata oportunidad de conocer y conversar con el administrador de empresas, especializado en finanzas, Jose Luis Benavides P, designado por el alcalde municipal de Pasto, Germ\u00e1n Chamorro de La Rosa, como Secretario de Educaci\u00f3n del municipio de Pasto. [&hellip;]<\/p>\n","protected":false},"author":46,"featured_media":63394,"comment_status":"open","ping_status":"open","sticky":false,"template":"","format":"standard","meta":{"footnotes":""},"categories":[82],"tags":[],"class_list":["post-63393","post","type-post","status-publish","format-standard","has-post-thumbnail","hentry","category-ciudad-2"],"yoast_head":"<!-- This site is optimized with the Yoast SEO plugin v27.1.1 - https:\/\/yoast.com\/product\/yoast-seo-wordpress\/ -->\n<title>Jos\u00e9 Luis Benavides Passos, un profesional de retos y compromisos. | P\u00e1gina10<\/title>\n<meta name=\"robots\" content=\"index, follow, max-snippet:-1, max-image-preview:large, max-video-preview:-1\" \/>\n<link rel=\"canonical\" href=\"https:\/\/pagina10.com\/web\/jose-luis-benavides-passos-un-profesional-de-retos-y-compromisos\/\" \/>\n<meta property=\"og:locale\" content=\"es_ES\" \/>\n<meta property=\"og:type\" content=\"article\" \/>\n<meta property=\"og:title\" content=\"Jos\u00e9 Luis Benavides Passos, un profesional de retos y compromisos. | P\u00e1gina10\" \/>\n<meta property=\"og:description\" content=\"Durante la conmemoraci\u00f3n de los 52 a\u00f1os de la Instituci\u00f3n Educativa Municipal INEM &#8211; Pasto, tuve la grata oportunidad de conocer y conversar con el administrador de empresas, especializado en finanzas, Jose Luis Benavides P, designado por el alcalde municipal de Pasto, Germ\u00e1n Chamorro de La Rosa, como Secretario de Educaci\u00f3n del municipio de Pasto. [&hellip;]\" \/>\n<meta property=\"og:url\" content=\"https:\/\/pagina10.com\/web\/jose-luis-benavides-passos-un-profesional-de-retos-y-compromisos\/\" \/>\n<meta property=\"og:site_name\" content=\"P\u00e1gina10\" \/>\n<meta property=\"article:publisher\" content=\"https:\/\/www.facebook.com\/pag10com\" \/>\n<meta property=\"article:published_time\" content=\"2022-12-09T00:58:09+00:00\" \/>\n<meta property=\"og:image\" content=\"https:\/\/pagina10.com\/web\/wp-content\/uploads\/2022\/12\/318336094_10230000480579070_6718711207909610520_n.jpg\" \/>\n\t<meta property=\"og:image:width\" content=\"1560\" \/>\n\t<meta property=\"og:image:height\" content=\"720\" \/>\n\t<meta property=\"og:image:type\" content=\"image\/jpeg\" \/>\n<meta name=\"author\" content=\"Pablo Emilio Obando Acosta\" \/>\n<meta name=\"twitter:card\" content=\"summary_large_image\" \/>\n<meta name=\"twitter:creator\" content=\"@Pag10com\" \/>\n<meta name=\"twitter:site\" content=\"@Pag10com\" \/>\n<meta name=\"twitter:label1\" content=\"Escrito por\" \/>\n\t<meta name=\"twitter:data1\" content=\"Pablo Emilio Obando Acosta\" \/>\n\t<meta name=\"twitter:label2\" content=\"Tiempo de lectura\" \/>\n\t<meta name=\"twitter:data2\" content=\"3 minutos\" \/>\n<script type=\"application\/ld+json\" class=\"yoast-schema-graph\">{\"@context\":\"https:\/\/schema.org\",\"@graph\":[{\"@type\":\"Article\",\"@id\":\"https:\/\/pagina10.com\/web\/jose-luis-benavides-passos-un-profesional-de-retos-y-compromisos\/#article\",\"isPartOf\":{\"@id\":\"https:\/\/pagina10.com\/web\/jose-luis-benavides-passos-un-profesional-de-retos-y-compromisos\/\"},\"author\":{\"name\":\"Pablo Emilio Obando Acosta\",\"@id\":\"https:\/\/pagina10.com\/web\/#\/schema\/person\/3d3687c9f037834284853a963ee45123\"},\"headline\":\"Jos\u00e9 Luis Benavides Passos, un profesional de retos y compromisos.\",\"datePublished\":\"2022-12-09T00:58:09+00:00\",\"mainEntityOfPage\":{\"@id\":\"https:\/\/pagina10.com\/web\/jose-luis-benavides-passos-un-profesional-de-retos-y-compromisos\/\"},\"wordCount\":516,\"commentCount\":0,\"publisher\":{\"@id\":\"https:\/\/pagina10.com\/web\/#organization\"},\"image\":{\"@id\":\"https:\/\/pagina10.com\/web\/jose-luis-benavides-passos-un-profesional-de-retos-y-compromisos\/#primaryimage\"},\"thumbnailUrl\":\"https:\/\/pagina10.com\/web\/wp-content\/uploads\/2022\/12\/318336094_10230000480579070_6718711207909610520_n.jpg\",\"articleSection\":[\"Ciudad\"],\"inLanguage\":\"es\",\"potentialAction\":[{\"@type\":\"CommentAction\",\"name\":\"Comment\",\"target\":[\"https:\/\/pagina10.com\/web\/jose-luis-benavides-passos-un-profesional-de-retos-y-compromisos\/#respond\"]}]},{\"@type\":\"WebPage\",\"@id\":\"https:\/\/pagina10.com\/web\/jose-luis-benavides-passos-un-profesional-de-retos-y-compromisos\/\",\"url\":\"https:\/\/pagina10.com\/web\/jose-luis-benavides-passos-un-profesional-de-retos-y-compromisos\/\",\"name\":\"Jos\u00e9 Luis Benavides Passos, un profesional de retos y compromisos. | P\u00e1gina10\",\"isPartOf\":{\"@id\":\"https:\/\/pagina10.com\/web\/#website\"},\"primaryImageOfPage\":{\"@id\":\"https:\/\/pagina10.com\/web\/jose-luis-benavides-passos-un-profesional-de-retos-y-compromisos\/#primaryimage\"},\"image\":{\"@id\":\"https:\/\/pagina10.com\/web\/jose-luis-benavides-passos-un-profesional-de-retos-y-compromisos\/#primaryimage\"},\"thumbnailUrl\":\"https:\/\/pagina10.com\/web\/wp-content\/uploads\/2022\/12\/318336094_10230000480579070_6718711207909610520_n.jpg\",\"datePublished\":\"2022-12-09T00:58:09+00:00\",\"breadcrumb\":{\"@id\":\"https:\/\/pagina10.com\/web\/jose-luis-benavides-passos-un-profesional-de-retos-y-compromisos\/#breadcrumb\"},\"inLanguage\":\"es\",\"potentialAction\":[{\"@type\":\"ReadAction\",\"target\":[\"https:\/\/pagina10.com\/web\/jose-luis-benavides-passos-un-profesional-de-retos-y-compromisos\/\"]}]},{\"@type\":\"ImageObject\",\"inLanguage\":\"es\",\"@id\":\"https:\/\/pagina10.com\/web\/jose-luis-benavides-passos-un-profesional-de-retos-y-compromisos\/#primaryimage\",\"url\":\"https:\/\/pagina10.com\/web\/wp-content\/uploads\/2022\/12\/318336094_10230000480579070_6718711207909610520_n.jpg\",\"contentUrl\":\"https:\/\/pagina10.com\/web\/wp-content\/uploads\/2022\/12\/318336094_10230000480579070_6718711207909610520_n.jpg\",\"width\":1560,\"height\":720},{\"@type\":\"BreadcrumbList\",\"@id\":\"https:\/\/pagina10.com\/web\/jose-luis-benavides-passos-un-profesional-de-retos-y-compromisos\/#breadcrumb\",\"itemListElement\":[{\"@type\":\"ListItem\",\"position\":1,\"name\":\"Portada\",\"item\":\"https:\/\/pagina10.com\/web\/\"},{\"@type\":\"ListItem\",\"position\":2,\"name\":\"Jos\u00e9 Luis Benavides Passos, un profesional de retos y compromisos.\"}]},{\"@type\":\"WebSite\",\"@id\":\"https:\/\/pagina10.com\/web\/#website\",\"url\":\"https:\/\/pagina10.com\/web\/\",\"name\":\"P\u00e1gina10\",\"description\":\"Peri\u00f3dico Regional\",\"publisher\":{\"@id\":\"https:\/\/pagina10.com\/web\/#organization\"},\"alternateName\":\"P\u00e1gina10 Peri\u00f3dico Regional\",\"potentialAction\":[{\"@type\":\"SearchAction\",\"target\":{\"@type\":\"EntryPoint\",\"urlTemplate\":\"https:\/\/pagina10.com\/web\/?s={search_term_string}\"},\"query-input\":{\"@type\":\"PropertyValueSpecification\",\"valueRequired\":true,\"valueName\":\"search_term_string\"}}],\"inLanguage\":\"es\"},{\"@type\":\"Organization\",\"@id\":\"https:\/\/pagina10.com\/web\/#organization\",\"name\":\"P\u00e1gina10\",\"alternateName\":\"P\u00e1gina10 Peri\u00f3dico Regional\",\"url\":\"https:\/\/pagina10.com\/web\/\",\"logo\":{\"@type\":\"ImageObject\",\"inLanguage\":\"es\",\"@id\":\"https:\/\/pagina10.com\/web\/#\/schema\/logo\/image\/\",\"url\":\"https:\/\/pagina10.com\/web\/wp-content\/uploads\/2024\/01\/40-pagina-10-periodico-regional-pasto.jpg\",\"contentUrl\":\"https:\/\/pagina10.com\/web\/wp-content\/uploads\/2024\/01\/40-pagina-10-periodico-regional-pasto.jpg\",\"width\":1280,\"height\":720,\"caption\":\"P\u00e1gina10\"},\"image\":{\"@id\":\"https:\/\/pagina10.com\/web\/#\/schema\/logo\/image\/\"},\"sameAs\":[\"https:\/\/www.facebook.com\/pag10com\",\"https:\/\/x.com\/Pag10com\",\"https:\/\/www.instagram.com\/pagina10col\/\",\"https:\/\/youtube.com\/channel\/pag10\",\"https:\/\/www.tiktok.com\/@p10col\"]},{\"@type\":\"Person\",\"@id\":\"https:\/\/pagina10.com\/web\/#\/schema\/person\/3d3687c9f037834284853a963ee45123\",\"name\":\"Pablo Emilio Obando Acosta\",\"description\":\"PABLO EMILIO OBANDO ACOSTA Nace en el a\u00f1o de 1965. Bachiller acad\u00e9mico Modalidad Humanidades del INEM de Pasto. En 1989 culmina sus estudios universitarios en la Universidad de Nari\u00f1o obteniendo el t\u00edtulo de Licenciado en Ciencias Sociales \u2013 \u00e9nfasis Ciencias de la Educaci\u00f3n \u2013Jornada nocturna-. Especialista en Literatura latinoamericana y colaborador de importantes medios de comunicaci\u00f3n escritos de nuestra regi\u00f3n y del pa\u00eds: El Tiempo.com, Semana.com, Dinero, Diario Del Sur, El Espectador.com, entre otros, Sus escritos se conocen y han obtenido reconocimientos en Chile, Uruguay, Paraguay, Espa\u00f1a y Alemania. En el a\u00f1o 2000 obtiene el reconocimiento CORREO DEL SUR como el personaje c\u00edvico del a\u00f1o por su f\u00e9rrea defensa de la dignidad pastense al protestar con su documento \u201cUn pueblo ante la historia\u201d por el trato despectivo de algunos medios de comunicaci\u00f3n. Las reacciones no se hacen esperar en peri\u00f3dicos de circulaci\u00f3n regional y nacional como El Tiempo, El Espectador y El Pa\u00eds. Ha obtenido m\u00faltiples medallas y condecoraciones por su labor period\u00edstica y cultural: Medalla al merito Guillermo Edmundo Ch\u00e1vez \u2013 mejor escritor del departamento de Nari\u00f1o 2005 \u2013 Fundaci\u00f3n Gabriel Garc\u00eda M\u00e1rquez. Mejor Columnista del departamento de Nari\u00f1o \u2013 a\u00f1os 1991 \u2013 1993 \u2013 1996 \u2013 2001 \u2013 2006 Fundaci\u00f3n Cultural Correo del Sur. Personaje C\u00edvico del Departamento de Nari\u00f1o a\u00f1o 2000. Medalla \u00c1lvaro Javier Jurado Calvache a\u00f1o 2007 \u2013 Centro Educativo PROFESA \u2013 defensor poblaci\u00f3n vulnerable del municipio de Pasto. Mejor cuentista del departamento de Nari\u00f1o \u2013 a\u00f1os 1989 \u2013 2004 \u2013 2005. Cronista m\u00e1s destacado del departamento de Nari\u00f1o \u2013 a\u00f1o 2001. Finalista VI Concurso Internacional de Cuento \u2013 Prensa Nueva \u2013 a\u00f1o 1991. Primer puesto Concurso nacional de cuento \u2013 Contralor\u00eda general de la Rep\u00fablica \u2013 a\u00f1o 1992. Primer Lugar Concurso Municipal de Periodismo \u201cSilvio Le\u00f3n Espa\u00f1a\u201d \u2013 2009. . Reconocimiento Concejo municipal de Pasto, por su labor c\u00edvica y educativa. Sus obras y escritos se conocen en varios pa\u00edses de Latinoam\u00e9rica y de Colombia. Es autor de una docena de textos y m\u00e1s de un millar de columnas de opini\u00f3n que han generado pol\u00e9mica en el contexto nacional y latinoamericano: Testimonio de una insurrecci\u00f3n ciudadana \u2013 2011. El doctor Mierda. Un pueblo ante la historia. La filosof\u00eda de la gallina. Del amor por la Tierra... y otros textos. Diario de un maestro de escuela. Apuntes para una nueva historia Nuevos apuntes \u2013 Tomas Hidalgo Calvache. El problema de los cristianos. La utilidad del poeta. \u00bfTe acuerdas Mariana...? Corona F\u00fanebre \u2013 Tomas Hidalgo Calvache. En formato digital ha editado los siguientes t\u00edtulos: - La nueva filosof\u00eda de la gallina. - Tomas Hidalgo Calvache - Apuntes. - Educar con valor. Figura en varias antolog\u00edas de autores nari\u00f1enses y en una latinoamericana. Sobre \u00e9l han escrito elogiosamente intelectuales de la talla de Otto Morales Ben\u00edtez, Edgar Bastidas Urresty, Juan Augusto Ortiz cabrera, Carlos Santamar\u00eda, Javier Rodrizales, Miguel Garz\u00f3n Arteaga, Fausto Molina, Jorge Arturo Bravo y otros tantos que ser\u00eda dif\u00edcil nombrar en esta peque\u00f1a cr\u00f3nica sobre Pablo Emilio Obando Acosta.\",\"url\":\"https:\/\/pagina10.com\/web\/author\/pobando\/\"}]}<\/script>\n<!-- \/ Yoast SEO plugin. -->","yoast_head_json":{"title":"Jos\u00e9 Luis Benavides Passos, un profesional de retos y compromisos. | P\u00e1gina10","robots":{"index":"index","follow":"follow","max-snippet":"max-snippet:-1","max-image-preview":"max-image-preview:large","max-video-preview":"max-video-preview:-1"},"canonical":"https:\/\/pagina10.com\/web\/jose-luis-benavides-passos-un-profesional-de-retos-y-compromisos\/","og_locale":"es_ES","og_type":"article","og_title":"Jos\u00e9 Luis Benavides Passos, un profesional de retos y compromisos. | P\u00e1gina10","og_description":"Durante la conmemoraci\u00f3n de los 52 a\u00f1os de la Instituci\u00f3n Educativa Municipal INEM &#8211; Pasto, tuve la grata oportunidad de conocer y conversar con el administrador de empresas, especializado en finanzas, Jose Luis Benavides P, designado por el alcalde municipal de Pasto, Germ\u00e1n Chamorro de La Rosa, como Secretario de Educaci\u00f3n del municipio de Pasto. [&hellip;]","og_url":"https:\/\/pagina10.com\/web\/jose-luis-benavides-passos-un-profesional-de-retos-y-compromisos\/","og_site_name":"P\u00e1gina10","article_publisher":"https:\/\/www.facebook.com\/pag10com","article_published_time":"2022-12-09T00:58:09+00:00","og_image":[{"width":1560,"height":720,"url":"https:\/\/pagina10.com\/web\/wp-content\/uploads\/2022\/12\/318336094_10230000480579070_6718711207909610520_n.jpg","type":"image\/jpeg"}],"author":"Pablo Emilio Obando Acosta","twitter_card":"summary_large_image","twitter_creator":"@Pag10com","twitter_site":"@Pag10com","twitter_misc":{"Escrito por":"Pablo Emilio Obando Acosta","Tiempo de lectura":"3 minutos"},"schema":{"@context":"https:\/\/schema.org","@graph":[{"@type":"Article","@id":"https:\/\/pagina10.com\/web\/jose-luis-benavides-passos-un-profesional-de-retos-y-compromisos\/#article","isPartOf":{"@id":"https:\/\/pagina10.com\/web\/jose-luis-benavides-passos-un-profesional-de-retos-y-compromisos\/"},"author":{"name":"Pablo Emilio Obando Acosta","@id":"https:\/\/pagina10.com\/web\/#\/schema\/person\/3d3687c9f037834284853a963ee45123"},"headline":"Jos\u00e9 Luis Benavides Passos, un profesional de retos y compromisos.","datePublished":"2022-12-09T00:58:09+00:00","mainEntityOfPage":{"@id":"https:\/\/pagina10.com\/web\/jose-luis-benavides-passos-un-profesional-de-retos-y-compromisos\/"},"wordCount":516,"commentCount":0,"publisher":{"@id":"https:\/\/pagina10.com\/web\/#organization"},"image":{"@id":"https:\/\/pagina10.com\/web\/jose-luis-benavides-passos-un-profesional-de-retos-y-compromisos\/#primaryimage"},"thumbnailUrl":"https:\/\/pagina10.com\/web\/wp-content\/uploads\/2022\/12\/318336094_10230000480579070_6718711207909610520_n.jpg","articleSection":["Ciudad"],"inLanguage":"es","potentialAction":[{"@type":"CommentAction","name":"Comment","target":["https:\/\/pagina10.com\/web\/jose-luis-benavides-passos-un-profesional-de-retos-y-compromisos\/#respond"]}]},{"@type":"WebPage","@id":"https:\/\/pagina10.com\/web\/jose-luis-benavides-passos-un-profesional-de-retos-y-compromisos\/","url":"https:\/\/pagina10.com\/web\/jose-luis-benavides-passos-un-profesional-de-retos-y-compromisos\/","name":"Jos\u00e9 Luis Benavides Passos, un profesional de retos y compromisos. | P\u00e1gina10","isPartOf":{"@id":"https:\/\/pagina10.com\/web\/#website"},"primaryImageOfPage":{"@id":"https:\/\/pagina10.com\/web\/jose-luis-benavides-passos-un-profesional-de-retos-y-compromisos\/#primaryimage"},"image":{"@id":"https:\/\/pagina10.com\/web\/jose-luis-benavides-passos-un-profesional-de-retos-y-compromisos\/#primaryimage"},"thumbnailUrl":"https:\/\/pagina10.com\/web\/wp-content\/uploads\/2022\/12\/318336094_10230000480579070_6718711207909610520_n.jpg","datePublished":"2022-12-09T00:58:09+00:00","breadcrumb":{"@id":"https:\/\/pagina10.com\/web\/jose-luis-benavides-passos-un-profesional-de-retos-y-compromisos\/#breadcrumb"},"inLanguage":"es","potentialAction":[{"@type":"ReadAction","target":["https:\/\/pagina10.com\/web\/jose-luis-benavides-passos-un-profesional-de-retos-y-compromisos\/"]}]},{"@type":"ImageObject","inLanguage":"es","@id":"https:\/\/pagina10.com\/web\/jose-luis-benavides-passos-un-profesional-de-retos-y-compromisos\/#primaryimage","url":"https:\/\/pagina10.com\/web\/wp-content\/uploads\/2022\/12\/318336094_10230000480579070_6718711207909610520_n.jpg","contentUrl":"https:\/\/pagina10.com\/web\/wp-content\/uploads\/2022\/12\/318336094_10230000480579070_6718711207909610520_n.jpg","width":1560,"height":720},{"@type":"BreadcrumbList","@id":"https:\/\/pagina10.com\/web\/jose-luis-benavides-passos-un-profesional-de-retos-y-compromisos\/#breadcrumb","itemListElement":[{"@type":"ListItem","position":1,"name":"Portada","item":"https:\/\/pagina10.com\/web\/"},{"@type":"ListItem","position":2,"name":"Jos\u00e9 Luis Benavides Passos, un profesional de retos y compromisos."}]},{"@type":"WebSite","@id":"https:\/\/pagina10.com\/web\/#website","url":"https:\/\/pagina10.com\/web\/","name":"P\u00e1gina10","description":"Peri\u00f3dico Regional","publisher":{"@id":"https:\/\/pagina10.com\/web\/#organization"},"alternateName":"P\u00e1gina10 Peri\u00f3dico Regional","potentialAction":[{"@type":"SearchAction","target":{"@type":"EntryPoint","urlTemplate":"https:\/\/pagina10.com\/web\/?s={search_term_string}"},"query-input":{"@type":"PropertyValueSpecification","valueRequired":true,"valueName":"search_term_string"}}],"inLanguage":"es"},{"@type":"Organization","@id":"https:\/\/pagina10.com\/web\/#organization","name":"P\u00e1gina10","alternateName":"P\u00e1gina10 Peri\u00f3dico Regional","url":"https:\/\/pagina10.com\/web\/","logo":{"@type":"ImageObject","inLanguage":"es","@id":"https:\/\/pagina10.com\/web\/#\/schema\/logo\/image\/","url":"https:\/\/pagina10.com\/web\/wp-content\/uploads\/2024\/01\/40-pagina-10-periodico-regional-pasto.jpg","contentUrl":"https:\/\/pagina10.com\/web\/wp-content\/uploads\/2024\/01\/40-pagina-10-periodico-regional-pasto.jpg","width":1280,"height":720,"caption":"P\u00e1gina10"},"image":{"@id":"https:\/\/pagina10.com\/web\/#\/schema\/logo\/image\/"},"sameAs":["https:\/\/www.facebook.com\/pag10com","https:\/\/x.com\/Pag10com","https:\/\/www.instagram.com\/pagina10col\/","https:\/\/youtube.com\/channel\/pag10","https:\/\/www.tiktok.com\/@p10col"]},{"@type":"Person","@id":"https:\/\/pagina10.com\/web\/#\/schema\/person\/3d3687c9f037834284853a963ee45123","name":"Pablo Emilio Obando Acosta","description":"PABLO EMILIO OBANDO ACOSTA Nace en el a\u00f1o de 1965. Bachiller acad\u00e9mico Modalidad Humanidades del INEM de Pasto. En 1989 culmina sus estudios universitarios en la Universidad de Nari\u00f1o obteniendo el t\u00edtulo de Licenciado en Ciencias Sociales \u2013 \u00e9nfasis Ciencias de la Educaci\u00f3n \u2013Jornada nocturna-. Especialista en Literatura latinoamericana y colaborador de importantes medios de comunicaci\u00f3n escritos de nuestra regi\u00f3n y del pa\u00eds: El Tiempo.com, Semana.com, Dinero, Diario Del Sur, El Espectador.com, entre otros, Sus escritos se conocen y han obtenido reconocimientos en Chile, Uruguay, Paraguay, Espa\u00f1a y Alemania. En el a\u00f1o 2000 obtiene el reconocimiento CORREO DEL SUR como el personaje c\u00edvico del a\u00f1o por su f\u00e9rrea defensa de la dignidad pastense al protestar con su documento \u201cUn pueblo ante la historia\u201d por el trato despectivo de algunos medios de comunicaci\u00f3n. Las reacciones no se hacen esperar en peri\u00f3dicos de circulaci\u00f3n regional y nacional como El Tiempo, El Espectador y El Pa\u00eds. Ha obtenido m\u00faltiples medallas y condecoraciones por su labor period\u00edstica y cultural: Medalla al merito Guillermo Edmundo Ch\u00e1vez \u2013 mejor escritor del departamento de Nari\u00f1o 2005 \u2013 Fundaci\u00f3n Gabriel Garc\u00eda M\u00e1rquez. Mejor Columnista del departamento de Nari\u00f1o \u2013 a\u00f1os 1991 \u2013 1993 \u2013 1996 \u2013 2001 \u2013 2006 Fundaci\u00f3n Cultural Correo del Sur. Personaje C\u00edvico del Departamento de Nari\u00f1o a\u00f1o 2000. Medalla \u00c1lvaro Javier Jurado Calvache a\u00f1o 2007 \u2013 Centro Educativo PROFESA \u2013 defensor poblaci\u00f3n vulnerable del municipio de Pasto. Mejor cuentista del departamento de Nari\u00f1o \u2013 a\u00f1os 1989 \u2013 2004 \u2013 2005. Cronista m\u00e1s destacado del departamento de Nari\u00f1o \u2013 a\u00f1o 2001. Finalista VI Concurso Internacional de Cuento \u2013 Prensa Nueva \u2013 a\u00f1o 1991. Primer puesto Concurso nacional de cuento \u2013 Contralor\u00eda general de la Rep\u00fablica \u2013 a\u00f1o 1992. Primer Lugar Concurso Municipal de Periodismo \u201cSilvio Le\u00f3n Espa\u00f1a\u201d \u2013 2009. . Reconocimiento Concejo municipal de Pasto, por su labor c\u00edvica y educativa. Sus obras y escritos se conocen en varios pa\u00edses de Latinoam\u00e9rica y de Colombia. Es autor de una docena de textos y m\u00e1s de un millar de columnas de opini\u00f3n que han generado pol\u00e9mica en el contexto nacional y latinoamericano: Testimonio de una insurrecci\u00f3n ciudadana \u2013 2011. El doctor Mierda. Un pueblo ante la historia. La filosof\u00eda de la gallina. Del amor por la Tierra... y otros textos. Diario de un maestro de escuela. Apuntes para una nueva historia Nuevos apuntes \u2013 Tomas Hidalgo Calvache. El problema de los cristianos. La utilidad del poeta. \u00bfTe acuerdas Mariana...? Corona F\u00fanebre \u2013 Tomas Hidalgo Calvache. En formato digital ha editado los siguientes t\u00edtulos: - La nueva filosof\u00eda de la gallina. - Tomas Hidalgo Calvache - Apuntes. - Educar con valor. Figura en varias antolog\u00edas de autores nari\u00f1enses y en una latinoamericana. Sobre \u00e9l han escrito elogiosamente intelectuales de la talla de Otto Morales Ben\u00edtez, Edgar Bastidas Urresty, Juan Augusto Ortiz cabrera, Carlos Santamar\u00eda, Javier Rodrizales, Miguel Garz\u00f3n Arteaga, Fausto Molina, Jorge Arturo Bravo y otros tantos que ser\u00eda dif\u00edcil nombrar en esta peque\u00f1a cr\u00f3nica sobre Pablo Emilio Obando Acosta.","url":"https:\/\/pagina10.com\/web\/author\/pobando\/"}]}},"_links":{"self":[{"href":"https:\/\/pagina10.com\/web\/wp-json\/wp\/v2\/posts\/63393","targetHints":{"allow":["GET"]}}],"collection":[{"href":"https:\/\/pagina10.com\/web\/wp-json\/wp\/v2\/posts"}],"about":[{"href":"https:\/\/pagina10.com\/web\/wp-json\/wp\/v2\/types\/post"}],"author":[{"embeddable":true,"href":"https:\/\/pagina10.com\/web\/wp-json\/wp\/v2\/users\/46"}],"replies":[{"embeddable":true,"href":"https:\/\/pagina10.com\/web\/wp-json\/wp\/v2\/comments?post=63393"}],"version-history":[{"count":1,"href":"https:\/\/pagina10.com\/web\/wp-json\/wp\/v2\/posts\/63393\/revisions"}],"predecessor-version":[{"id":63395,"href":"https:\/\/pagina10.com\/web\/wp-json\/wp\/v2\/posts\/63393\/revisions\/63395"}],"wp:featuredmedia":[{"embeddable":true,"href":"https:\/\/pagina10.com\/web\/wp-json\/wp\/v2\/media\/63394"}],"wp:attachment":[{"href":"https:\/\/pagina10.com\/web\/wp-json\/wp\/v2\/media?parent=63393"}],"wp:term":[{"taxonomy":"category","embeddable":true,"href":"https:\/\/pagina10.com\/web\/wp-json\/wp\/v2\/categories?post=63393"},{"taxonomy":"post_tag","embeddable":true,"href":"https:\/\/pagina10.com\/web\/wp-json\/wp\/v2\/tags?post=63393"}],"curies":[{"name":"wp","href":"https:\/\/api.w.org\/{rel}","templated":true}]}}