{"id":63466,"date":"2022-12-12T14:39:40","date_gmt":"2022-12-12T19:39:40","guid":{"rendered":"https:\/\/pagina10.com\/web\/?p=63466"},"modified":"2022-12-12T14:39:40","modified_gmt":"2022-12-12T19:39:40","slug":"exsenador-guillermo-garcia-realpe-renuncio-al-partido-liberal-y-se-encamina-hacia-la-gobernacion-de-narino","status":"publish","type":"post","link":"https:\/\/pagina10.com\/web\/exsenador-guillermo-garcia-realpe-renuncio-al-partido-liberal-y-se-encamina-hacia-la-gobernacion-de-narino\/","title":{"rendered":"Exsenador Guillermo Garc\u00eda Realpe renunci\u00f3 al Partido Liberal y se encamina hacia la Gobernaci\u00f3n de Nari\u00f1o"},"content":{"rendered":"<p>A trav\u00e9s de una columna publicada en el portal Confidencial Colombia, el exsenador nari\u00f1ense Guillermo Garc\u00eda Realpe anunci\u00f3 su renuncia irrevocable al Partido Liberal al cual perteneci\u00f3 alrededor de 50 a\u00f1os. Tras su dimisi\u00f3n de las toldas rojas iniciar\u00e1 una campa\u00f1a para recolectar firmar y lanzarse como candidato a la Gobernaci\u00f3n de Nari\u00f1o.<\/p>\n<p>Entre los motivos de su renuncia se\u00f1al\u00f3 el respaldo del partido a Iv\u00e1n Duque como presidente lo que calific\u00f3 como \u201cun grave error hist\u00f3rico\u201d ya que seg\u00fan \u00e9l, dicho gobierno trat\u00f3 de destruir el proceso de paz, cometi\u00f3 graves errores administrativos y protagoniz\u00f3 esc\u00e1ndalos por doquier. Adem\u00e1s, confes\u00f3 que vot\u00f3 por Gustavo Petro en el 2018 en contrav\u00eda de la Direcci\u00f3n del Partido.<\/p>\n<p>As\u00ed mismo, el nari\u00f1ense cuestion\u00f3 al partido por apoyar a Fico Guti\u00e9rrez en la primera vuelta presidencial y a Rodolfo Hern\u00e1ndez en la segunda y rechaz\u00f3 que en la discusi\u00f3n de la \u00faltima reforma tributaria la Direcci\u00f3n del Partido \u201cllamaba a oponerse a los impuestos a los ricos de Colombia, a los bancos, al gran lucro de los exportadores de miner\u00eda e hidrocarburos, a las alt\u00edsimas pensiones, etc. En la \u00fanica reforma tributaria que no toc\u00f3 a los pobres, al IVA, a la canasta familiar ni a los trabajadores del pa\u00eds\u201d.<\/p>\n<p>Finalmente, sostuvo \u201cNo estar\u00e9 nunca contra mi pueblo como militante de un Partido cuya Direcci\u00f3n est\u00e1 en su contra. Por ello, muy a mi pesar y con tristeza presento renuncia irrevocable a la militancia en el Partido Liberal Colombiano\u201d.<\/p>\n","protected":false},"excerpt":{"rendered":"<p>A trav\u00e9s de una columna publicada en el portal Confidencial Colombia, el exsenador nari\u00f1ense Guillermo Garc\u00eda Realpe anunci\u00f3 su renuncia irrevocable al Partido Liberal al cual perteneci\u00f3 alrededor de 50 a\u00f1os. Tras su dimisi\u00f3n de las toldas rojas iniciar\u00e1 una campa\u00f1a para recolectar firmar y lanzarse como candidato a la Gobernaci\u00f3n de Nari\u00f1o. Entre los [&hellip;]<\/p>\n","protected":false},"author":1,"featured_media":63467,"comment_status":"open","ping_status":"open","sticky":false,"template":"","format":"standard","meta":{"footnotes":""},"categories":[84],"tags":[],"class_list":["post-63466","post","type-post","status-publish","format-standard","has-post-thumbnail","hentry","category-global-2"],"yoast_head":"<!-- This site is optimized with the Yoast SEO plugin v27.1.1 - https:\/\/yoast.com\/product\/yoast-seo-wordpress\/ -->\n<title>Exsenador Guillermo Garc\u00eda Realpe renunci\u00f3 al Partido Liberal y se encamina hacia la Gobernaci\u00f3n de Nari\u00f1o | P\u00e1gina10<\/title>\n<meta name=\"robots\" content=\"index, follow, max-snippet:-1, max-image-preview:large, max-video-preview:-1\" \/>\n<link rel=\"canonical\" href=\"https:\/\/pagina10.com\/web\/exsenador-guillermo-garcia-realpe-renuncio-al-partido-liberal-y-se-encamina-hacia-la-gobernacion-de-narino\/\" \/>\n<meta property=\"og:locale\" content=\"es_ES\" \/>\n<meta property=\"og:type\" content=\"article\" \/>\n<meta property=\"og:title\" content=\"Exsenador Guillermo Garc\u00eda Realpe renunci\u00f3 al Partido Liberal y se encamina hacia la Gobernaci\u00f3n de Nari\u00f1o | P\u00e1gina10\" \/>\n<meta property=\"og:description\" content=\"A trav\u00e9s de una columna publicada en el portal Confidencial Colombia, el exsenador nari\u00f1ense Guillermo Garc\u00eda Realpe anunci\u00f3 su renuncia irrevocable al Partido Liberal al cual perteneci\u00f3 alrededor de 50 a\u00f1os. Tras su dimisi\u00f3n de las toldas rojas iniciar\u00e1 una campa\u00f1a para recolectar firmar y lanzarse como candidato a la Gobernaci\u00f3n de Nari\u00f1o. Entre los [&hellip;]\" \/>\n<meta property=\"og:url\" content=\"https:\/\/pagina10.com\/web\/exsenador-guillermo-garcia-realpe-renuncio-al-partido-liberal-y-se-encamina-hacia-la-gobernacion-de-narino\/\" \/>\n<meta property=\"og:site_name\" content=\"P\u00e1gina10\" \/>\n<meta property=\"article:publisher\" content=\"https:\/\/www.facebook.com\/pag10com\" \/>\n<meta property=\"article:published_time\" content=\"2022-12-12T19:39:40+00:00\" \/>\n<meta property=\"og:image\" content=\"https:\/\/pagina10.com\/web\/wp-content\/uploads\/2022\/12\/GARCIA.jpg\" \/>\n\t<meta property=\"og:image:width\" content=\"1280\" \/>\n\t<meta property=\"og:image:height\" content=\"853\" \/>\n\t<meta property=\"og:image:type\" content=\"image\/jpeg\" \/>\n<meta name=\"author\" content=\"P\u00e1gina 10\" \/>\n<meta name=\"twitter:card\" content=\"summary_large_image\" \/>\n<meta name=\"twitter:creator\" content=\"@Pag10com\" \/>\n<meta name=\"twitter:site\" content=\"@Pag10com\" \/>\n<meta name=\"twitter:label1\" content=\"Escrito por\" \/>\n\t<meta name=\"twitter:data1\" content=\"P\u00e1gina 10\" \/>\n\t<meta name=\"twitter:label2\" content=\"Tiempo de lectura\" \/>\n\t<meta name=\"twitter:data2\" content=\"1 minuto\" \/>\n<script type=\"application\/ld+json\" class=\"yoast-schema-graph\">{\"@context\":\"https:\/\/schema.org\",\"@graph\":[{\"@type\":\"Article\",\"@id\":\"https:\/\/pagina10.com\/web\/exsenador-guillermo-garcia-realpe-renuncio-al-partido-liberal-y-se-encamina-hacia-la-gobernacion-de-narino\/#article\",\"isPartOf\":{\"@id\":\"https:\/\/pagina10.com\/web\/exsenador-guillermo-garcia-realpe-renuncio-al-partido-liberal-y-se-encamina-hacia-la-gobernacion-de-narino\/\"},\"author\":{\"name\":\"P\u00e1gina 10\",\"@id\":\"https:\/\/pagina10.com\/web\/#\/schema\/person\/2efc4a090d25b667d3bc796798a3a81b\"},\"headline\":\"Exsenador Guillermo Garc\u00eda Realpe renunci\u00f3 al Partido Liberal y se encamina hacia la Gobernaci\u00f3n de Nari\u00f1o\",\"datePublished\":\"2022-12-12T19:39:40+00:00\",\"mainEntityOfPage\":{\"@id\":\"https:\/\/pagina10.com\/web\/exsenador-guillermo-garcia-realpe-renuncio-al-partido-liberal-y-se-encamina-hacia-la-gobernacion-de-narino\/\"},\"wordCount\":288,\"commentCount\":0,\"publisher\":{\"@id\":\"https:\/\/pagina10.com\/web\/#organization\"},\"image\":{\"@id\":\"https:\/\/pagina10.com\/web\/exsenador-guillermo-garcia-realpe-renuncio-al-partido-liberal-y-se-encamina-hacia-la-gobernacion-de-narino\/#primaryimage\"},\"thumbnailUrl\":\"https:\/\/pagina10.com\/web\/wp-content\/uploads\/2022\/12\/GARCIA.jpg\",\"articleSection\":[\"Global\"],\"inLanguage\":\"es\",\"potentialAction\":[{\"@type\":\"CommentAction\",\"name\":\"Comment\",\"target\":[\"https:\/\/pagina10.com\/web\/exsenador-guillermo-garcia-realpe-renuncio-al-partido-liberal-y-se-encamina-hacia-la-gobernacion-de-narino\/#respond\"]}]},{\"@type\":\"WebPage\",\"@id\":\"https:\/\/pagina10.com\/web\/exsenador-guillermo-garcia-realpe-renuncio-al-partido-liberal-y-se-encamina-hacia-la-gobernacion-de-narino\/\",\"url\":\"https:\/\/pagina10.com\/web\/exsenador-guillermo-garcia-realpe-renuncio-al-partido-liberal-y-se-encamina-hacia-la-gobernacion-de-narino\/\",\"name\":\"Exsenador Guillermo Garc\u00eda Realpe renunci\u00f3 al Partido Liberal y se encamina hacia la Gobernaci\u00f3n de Nari\u00f1o | P\u00e1gina10\",\"isPartOf\":{\"@id\":\"https:\/\/pagina10.com\/web\/#website\"},\"primaryImageOfPage\":{\"@id\":\"https:\/\/pagina10.com\/web\/exsenador-guillermo-garcia-realpe-renuncio-al-partido-liberal-y-se-encamina-hacia-la-gobernacion-de-narino\/#primaryimage\"},\"image\":{\"@id\":\"https:\/\/pagina10.com\/web\/exsenador-guillermo-garcia-realpe-renuncio-al-partido-liberal-y-se-encamina-hacia-la-gobernacion-de-narino\/#primaryimage\"},\"thumbnailUrl\":\"https:\/\/pagina10.com\/web\/wp-content\/uploads\/2022\/12\/GARCIA.jpg\",\"datePublished\":\"2022-12-12T19:39:40+00:00\",\"breadcrumb\":{\"@id\":\"https:\/\/pagina10.com\/web\/exsenador-guillermo-garcia-realpe-renuncio-al-partido-liberal-y-se-encamina-hacia-la-gobernacion-de-narino\/#breadcrumb\"},\"inLanguage\":\"es\",\"potentialAction\":[{\"@type\":\"ReadAction\",\"target\":[\"https:\/\/pagina10.com\/web\/exsenador-guillermo-garcia-realpe-renuncio-al-partido-liberal-y-se-encamina-hacia-la-gobernacion-de-narino\/\"]}]},{\"@type\":\"ImageObject\",\"inLanguage\":\"es\",\"@id\":\"https:\/\/pagina10.com\/web\/exsenador-guillermo-garcia-realpe-renuncio-al-partido-liberal-y-se-encamina-hacia-la-gobernacion-de-narino\/#primaryimage\",\"url\":\"https:\/\/pagina10.com\/web\/wp-content\/uploads\/2022\/12\/GARCIA.jpg\",\"contentUrl\":\"https:\/\/pagina10.com\/web\/wp-content\/uploads\/2022\/12\/GARCIA.jpg\",\"width\":1280,\"height\":853},{\"@type\":\"BreadcrumbList\",\"@id\":\"https:\/\/pagina10.com\/web\/exsenador-guillermo-garcia-realpe-renuncio-al-partido-liberal-y-se-encamina-hacia-la-gobernacion-de-narino\/#breadcrumb\",\"itemListElement\":[{\"@type\":\"ListItem\",\"position\":1,\"name\":\"Portada\",\"item\":\"https:\/\/pagina10.com\/web\/\"},{\"@type\":\"ListItem\",\"position\":2,\"name\":\"Exsenador Guillermo Garc\u00eda Realpe renunci\u00f3 al Partido Liberal y se encamina hacia la Gobernaci\u00f3n de Nari\u00f1o\"}]},{\"@type\":\"WebSite\",\"@id\":\"https:\/\/pagina10.com\/web\/#website\",\"url\":\"https:\/\/pagina10.com\/web\/\",\"name\":\"P\u00e1gina10\",\"description\":\"Peri\u00f3dico Regional\",\"publisher\":{\"@id\":\"https:\/\/pagina10.com\/web\/#organization\"},\"alternateName\":\"P\u00e1gina10 Peri\u00f3dico Regional\",\"potentialAction\":[{\"@type\":\"SearchAction\",\"target\":{\"@type\":\"EntryPoint\",\"urlTemplate\":\"https:\/\/pagina10.com\/web\/?s={search_term_string}\"},\"query-input\":{\"@type\":\"PropertyValueSpecification\",\"valueRequired\":true,\"valueName\":\"search_term_string\"}}],\"inLanguage\":\"es\"},{\"@type\":\"Organization\",\"@id\":\"https:\/\/pagina10.com\/web\/#organization\",\"name\":\"P\u00e1gina10\",\"alternateName\":\"P\u00e1gina10 Peri\u00f3dico Regional\",\"url\":\"https:\/\/pagina10.com\/web\/\",\"logo\":{\"@type\":\"ImageObject\",\"inLanguage\":\"es\",\"@id\":\"https:\/\/pagina10.com\/web\/#\/schema\/logo\/image\/\",\"url\":\"https:\/\/pagina10.com\/web\/wp-content\/uploads\/2024\/01\/40-pagina-10-periodico-regional-pasto.jpg\",\"contentUrl\":\"https:\/\/pagina10.com\/web\/wp-content\/uploads\/2024\/01\/40-pagina-10-periodico-regional-pasto.jpg\",\"width\":1280,\"height\":720,\"caption\":\"P\u00e1gina10\"},\"image\":{\"@id\":\"https:\/\/pagina10.com\/web\/#\/schema\/logo\/image\/\"},\"sameAs\":[\"https:\/\/www.facebook.com\/pag10com\",\"https:\/\/x.com\/Pag10com\",\"https:\/\/www.instagram.com\/pagina10col\/\",\"https:\/\/youtube.com\/channel\/pag10\",\"https:\/\/www.tiktok.com\/@p10col\"]},{\"@type\":\"Person\",\"@id\":\"https:\/\/pagina10.com\/web\/#\/schema\/person\/2efc4a090d25b667d3bc796798a3a81b\",\"name\":\"P\u00e1gina 10\",\"description\":\"P\u00e1gina 10 es un peri\u00f3dico regional que nace en Colombia, en el departamento de Nari\u00f1o, con un enfoque global, fundamentado en cuatro pilares esenciales: la libertad, el pluralismo, la inclusi\u00f3n y la independencia. P\u00e1gina 10 hace referencia a Nari\u00f1o como el d\u00e9cimo departamento creado en Colombia, despu\u00e9s de un proceso pol\u00edtico liderado por actores y actrices regionales con el fin de obtener la independencia y autonom\u00eda de nuestros territorios. Con la creaci\u00f3n de P\u00e1gina 10 se pretende abrir un escenario para el dialogo, la reflexi\u00f3n y el debate que se extienda a otras geograf\u00edas de Am\u00e9rica Latina y del planeta, en una apuesta por transformar colectivamente los desaf\u00edos de un mundo contempor\u00e1neo, m\u00e1s all\u00e1 de las fronteras impuestas.\",\"url\":\"https:\/\/pagina10.com\/web\/author\/pdiezadmin\/\"}]}<\/script>\n<!-- \/ Yoast SEO plugin. -->","yoast_head_json":{"title":"Exsenador Guillermo Garc\u00eda Realpe renunci\u00f3 al Partido Liberal y se encamina hacia la Gobernaci\u00f3n de Nari\u00f1o | P\u00e1gina10","robots":{"index":"index","follow":"follow","max-snippet":"max-snippet:-1","max-image-preview":"max-image-preview:large","max-video-preview":"max-video-preview:-1"},"canonical":"https:\/\/pagina10.com\/web\/exsenador-guillermo-garcia-realpe-renuncio-al-partido-liberal-y-se-encamina-hacia-la-gobernacion-de-narino\/","og_locale":"es_ES","og_type":"article","og_title":"Exsenador Guillermo Garc\u00eda Realpe renunci\u00f3 al Partido Liberal y se encamina hacia la Gobernaci\u00f3n de Nari\u00f1o | P\u00e1gina10","og_description":"A trav\u00e9s de una columna publicada en el portal Confidencial Colombia, el exsenador nari\u00f1ense Guillermo Garc\u00eda Realpe anunci\u00f3 su renuncia irrevocable al Partido Liberal al cual perteneci\u00f3 alrededor de 50 a\u00f1os. Tras su dimisi\u00f3n de las toldas rojas iniciar\u00e1 una campa\u00f1a para recolectar firmar y lanzarse como candidato a la Gobernaci\u00f3n de Nari\u00f1o. Entre los [&hellip;]","og_url":"https:\/\/pagina10.com\/web\/exsenador-guillermo-garcia-realpe-renuncio-al-partido-liberal-y-se-encamina-hacia-la-gobernacion-de-narino\/","og_site_name":"P\u00e1gina10","article_publisher":"https:\/\/www.facebook.com\/pag10com","article_published_time":"2022-12-12T19:39:40+00:00","og_image":[{"width":1280,"height":853,"url":"https:\/\/pagina10.com\/web\/wp-content\/uploads\/2022\/12\/GARCIA.jpg","type":"image\/jpeg"}],"author":"P\u00e1gina 10","twitter_card":"summary_large_image","twitter_creator":"@Pag10com","twitter_site":"@Pag10com","twitter_misc":{"Escrito por":"P\u00e1gina 10","Tiempo de lectura":"1 minuto"},"schema":{"@context":"https:\/\/schema.org","@graph":[{"@type":"Article","@id":"https:\/\/pagina10.com\/web\/exsenador-guillermo-garcia-realpe-renuncio-al-partido-liberal-y-se-encamina-hacia-la-gobernacion-de-narino\/#article","isPartOf":{"@id":"https:\/\/pagina10.com\/web\/exsenador-guillermo-garcia-realpe-renuncio-al-partido-liberal-y-se-encamina-hacia-la-gobernacion-de-narino\/"},"author":{"name":"P\u00e1gina 10","@id":"https:\/\/pagina10.com\/web\/#\/schema\/person\/2efc4a090d25b667d3bc796798a3a81b"},"headline":"Exsenador Guillermo Garc\u00eda Realpe renunci\u00f3 al Partido Liberal y se encamina hacia la Gobernaci\u00f3n de Nari\u00f1o","datePublished":"2022-12-12T19:39:40+00:00","mainEntityOfPage":{"@id":"https:\/\/pagina10.com\/web\/exsenador-guillermo-garcia-realpe-renuncio-al-partido-liberal-y-se-encamina-hacia-la-gobernacion-de-narino\/"},"wordCount":288,"commentCount":0,"publisher":{"@id":"https:\/\/pagina10.com\/web\/#organization"},"image":{"@id":"https:\/\/pagina10.com\/web\/exsenador-guillermo-garcia-realpe-renuncio-al-partido-liberal-y-se-encamina-hacia-la-gobernacion-de-narino\/#primaryimage"},"thumbnailUrl":"https:\/\/pagina10.com\/web\/wp-content\/uploads\/2022\/12\/GARCIA.jpg","articleSection":["Global"],"inLanguage":"es","potentialAction":[{"@type":"CommentAction","name":"Comment","target":["https:\/\/pagina10.com\/web\/exsenador-guillermo-garcia-realpe-renuncio-al-partido-liberal-y-se-encamina-hacia-la-gobernacion-de-narino\/#respond"]}]},{"@type":"WebPage","@id":"https:\/\/pagina10.com\/web\/exsenador-guillermo-garcia-realpe-renuncio-al-partido-liberal-y-se-encamina-hacia-la-gobernacion-de-narino\/","url":"https:\/\/pagina10.com\/web\/exsenador-guillermo-garcia-realpe-renuncio-al-partido-liberal-y-se-encamina-hacia-la-gobernacion-de-narino\/","name":"Exsenador Guillermo Garc\u00eda Realpe renunci\u00f3 al Partido Liberal y se encamina hacia la Gobernaci\u00f3n de Nari\u00f1o | P\u00e1gina10","isPartOf":{"@id":"https:\/\/pagina10.com\/web\/#website"},"primaryImageOfPage":{"@id":"https:\/\/pagina10.com\/web\/exsenador-guillermo-garcia-realpe-renuncio-al-partido-liberal-y-se-encamina-hacia-la-gobernacion-de-narino\/#primaryimage"},"image":{"@id":"https:\/\/pagina10.com\/web\/exsenador-guillermo-garcia-realpe-renuncio-al-partido-liberal-y-se-encamina-hacia-la-gobernacion-de-narino\/#primaryimage"},"thumbnailUrl":"https:\/\/pagina10.com\/web\/wp-content\/uploads\/2022\/12\/GARCIA.jpg","datePublished":"2022-12-12T19:39:40+00:00","breadcrumb":{"@id":"https:\/\/pagina10.com\/web\/exsenador-guillermo-garcia-realpe-renuncio-al-partido-liberal-y-se-encamina-hacia-la-gobernacion-de-narino\/#breadcrumb"},"inLanguage":"es","potentialAction":[{"@type":"ReadAction","target":["https:\/\/pagina10.com\/web\/exsenador-guillermo-garcia-realpe-renuncio-al-partido-liberal-y-se-encamina-hacia-la-gobernacion-de-narino\/"]}]},{"@type":"ImageObject","inLanguage":"es","@id":"https:\/\/pagina10.com\/web\/exsenador-guillermo-garcia-realpe-renuncio-al-partido-liberal-y-se-encamina-hacia-la-gobernacion-de-narino\/#primaryimage","url":"https:\/\/pagina10.com\/web\/wp-content\/uploads\/2022\/12\/GARCIA.jpg","contentUrl":"https:\/\/pagina10.com\/web\/wp-content\/uploads\/2022\/12\/GARCIA.jpg","width":1280,"height":853},{"@type":"BreadcrumbList","@id":"https:\/\/pagina10.com\/web\/exsenador-guillermo-garcia-realpe-renuncio-al-partido-liberal-y-se-encamina-hacia-la-gobernacion-de-narino\/#breadcrumb","itemListElement":[{"@type":"ListItem","position":1,"name":"Portada","item":"https:\/\/pagina10.com\/web\/"},{"@type":"ListItem","position":2,"name":"Exsenador Guillermo Garc\u00eda Realpe renunci\u00f3 al Partido Liberal y se encamina hacia la Gobernaci\u00f3n de Nari\u00f1o"}]},{"@type":"WebSite","@id":"https:\/\/pagina10.com\/web\/#website","url":"https:\/\/pagina10.com\/web\/","name":"P\u00e1gina10","description":"Peri\u00f3dico Regional","publisher":{"@id":"https:\/\/pagina10.com\/web\/#organization"},"alternateName":"P\u00e1gina10 Peri\u00f3dico Regional","potentialAction":[{"@type":"SearchAction","target":{"@type":"EntryPoint","urlTemplate":"https:\/\/pagina10.com\/web\/?s={search_term_string}"},"query-input":{"@type":"PropertyValueSpecification","valueRequired":true,"valueName":"search_term_string"}}],"inLanguage":"es"},{"@type":"Organization","@id":"https:\/\/pagina10.com\/web\/#organization","name":"P\u00e1gina10","alternateName":"P\u00e1gina10 Peri\u00f3dico Regional","url":"https:\/\/pagina10.com\/web\/","logo":{"@type":"ImageObject","inLanguage":"es","@id":"https:\/\/pagina10.com\/web\/#\/schema\/logo\/image\/","url":"https:\/\/pagina10.com\/web\/wp-content\/uploads\/2024\/01\/40-pagina-10-periodico-regional-pasto.jpg","contentUrl":"https:\/\/pagina10.com\/web\/wp-content\/uploads\/2024\/01\/40-pagina-10-periodico-regional-pasto.jpg","width":1280,"height":720,"caption":"P\u00e1gina10"},"image":{"@id":"https:\/\/pagina10.com\/web\/#\/schema\/logo\/image\/"},"sameAs":["https:\/\/www.facebook.com\/pag10com","https:\/\/x.com\/Pag10com","https:\/\/www.instagram.com\/pagina10col\/","https:\/\/youtube.com\/channel\/pag10","https:\/\/www.tiktok.com\/@p10col"]},{"@type":"Person","@id":"https:\/\/pagina10.com\/web\/#\/schema\/person\/2efc4a090d25b667d3bc796798a3a81b","name":"P\u00e1gina 10","description":"P\u00e1gina 10 es un peri\u00f3dico regional que nace en Colombia, en el departamento de Nari\u00f1o, con un enfoque global, fundamentado en cuatro pilares esenciales: la libertad, el pluralismo, la inclusi\u00f3n y la independencia. P\u00e1gina 10 hace referencia a Nari\u00f1o como el d\u00e9cimo departamento creado en Colombia, despu\u00e9s de un proceso pol\u00edtico liderado por actores y actrices regionales con el fin de obtener la independencia y autonom\u00eda de nuestros territorios. Con la creaci\u00f3n de P\u00e1gina 10 se pretende abrir un escenario para el dialogo, la reflexi\u00f3n y el debate que se extienda a otras geograf\u00edas de Am\u00e9rica Latina y del planeta, en una apuesta por transformar colectivamente los desaf\u00edos de un mundo contempor\u00e1neo, m\u00e1s all\u00e1 de las fronteras impuestas.","url":"https:\/\/pagina10.com\/web\/author\/pdiezadmin\/"}]}},"_links":{"self":[{"href":"https:\/\/pagina10.com\/web\/wp-json\/wp\/v2\/posts\/63466","targetHints":{"allow":["GET"]}}],"collection":[{"href":"https:\/\/pagina10.com\/web\/wp-json\/wp\/v2\/posts"}],"about":[{"href":"https:\/\/pagina10.com\/web\/wp-json\/wp\/v2\/types\/post"}],"author":[{"embeddable":true,"href":"https:\/\/pagina10.com\/web\/wp-json\/wp\/v2\/users\/1"}],"replies":[{"embeddable":true,"href":"https:\/\/pagina10.com\/web\/wp-json\/wp\/v2\/comments?post=63466"}],"version-history":[{"count":1,"href":"https:\/\/pagina10.com\/web\/wp-json\/wp\/v2\/posts\/63466\/revisions"}],"predecessor-version":[{"id":63468,"href":"https:\/\/pagina10.com\/web\/wp-json\/wp\/v2\/posts\/63466\/revisions\/63468"}],"wp:featuredmedia":[{"embeddable":true,"href":"https:\/\/pagina10.com\/web\/wp-json\/wp\/v2\/media\/63467"}],"wp:attachment":[{"href":"https:\/\/pagina10.com\/web\/wp-json\/wp\/v2\/media?parent=63466"}],"wp:term":[{"taxonomy":"category","embeddable":true,"href":"https:\/\/pagina10.com\/web\/wp-json\/wp\/v2\/categories?post=63466"},{"taxonomy":"post_tag","embeddable":true,"href":"https:\/\/pagina10.com\/web\/wp-json\/wp\/v2\/tags?post=63466"}],"curies":[{"name":"wp","href":"https:\/\/api.w.org\/{rel}","templated":true}]}}