{"id":63488,"date":"2022-12-13T12:39:58","date_gmt":"2022-12-13T17:39:58","guid":{"rendered":"https:\/\/pagina10.com\/web\/?p=63488"},"modified":"2022-12-13T12:39:58","modified_gmt":"2022-12-13T17:39:58","slug":"acusan-a-miguel-turbay-de-intentar-promover-un-golpe-de-estado-en-colombia","status":"publish","type":"post","link":"https:\/\/pagina10.com\/web\/acusan-a-miguel-turbay-de-intentar-promover-un-golpe-de-estado-en-colombia\/","title":{"rendered":"Acusan a Miguel Turbay de intentar promover un golpe de Estado en Colombia"},"content":{"rendered":"<p style=\"text-align: justify;\">\u201cLo de Per\u00fa hoy es un ejemplo de lo que debe hacer el Congreso cuando est\u00e1 en peligro la democracia y la libertad. El Congreso de Colombia deber\u00eda hacer lo propio. Nuestra responsabilidad es ser garantes de la democracia, no notarios del presidente\u201d, este trino del senador Miguel Turbay provoc\u00f3 todo tipo de rechazo debido a que varios sectores pol\u00edticos lo acusaron de querer promover un golpe de Estado.<\/p>\n<p style=\"text-align: justify;\">El exsecretario de Hacienda de Nari\u00f1o Luis Alfonso Escobar, fue uno de los que rechaz\u00f3 el mensaje de Turbay. \u201cUn pol\u00edtico de este nivel sin la m\u00e1s m\u00ednima comprensi\u00f3n de que pasa en Per\u00fa y haciendo analog\u00eda con Colombia. Se\u00f1or Uribe llamar un golpe de estado en un gobierno popular que goza de buena salud, no solo es una estupidez pol\u00edtica sino dice sobre su comprensi\u00f3n de la pol\u00edtica\u201d, trin\u00f3<\/p>\n<p style=\"text-align: justify;\">As\u00ed mismo, el presidente del Congreso Roy Barreras replic\u00f3: \u201cSue\u00f1as con un golpe Miguel? Acabo de leer una rese\u00f1a que hace Ian Kershaw sobre el dictador Francisco Franco que sumi\u00f3 a Espa\u00f1a en la oscuridad y el desangre. As\u00ed empez\u00f3 pero despu\u00e9s de una guerra civil. No desees para Colombia el caos sino la estabilidad, la paz y el progreso (sic)\u201d.<\/p>\n<p style=\"text-align: justify;\">Por su parte, el exministro del Interior Juan Fernando Cristo indic\u00f3: \u201cHay que tener cuidado con las palabras Miguel. Per\u00fa ha tenido 6 presidentes en los \u00faltimos 6 a\u00f1os. No creo que eso es lo que quiera para Colombia. Ojo con jugar con candela. En Colombia el Congreso no puede sacar a un Presidente solo por no estar de acuerdo con sus pol\u00edticas\u201d.<\/p>\n<p style=\"text-align: justify;\">Mientras que el senador Humberto de la Calle trin\u00f3: \u201cNo estoy de acuerdo estimado Senador. Como lo dice, parece un llamado a que los congresos desconozcan el mandato popular de los presidentes. En Colombia el Congreso solo determina la permanencia de un Presidente, con base en un juicio. No por discrepancia frente a sus pol\u00edticas\u201d.<\/p>\n<p style=\"text-align: justify;\">Ante las cr\u00edticas el senador Turbay replic\u00f3 \u201cEl Congreso debe ser garante de la Constituci\u00f3n, la democracia y la libertad. A los petristas les molesta que le exijamos independencia al Congreso pues dejamos en evidencia el talante antidemocr\u00e1tico del gobierno Petro\u201d.<\/p>\n","protected":false},"excerpt":{"rendered":"<p>\u201cLo de Per\u00fa hoy es un ejemplo de lo que debe hacer el Congreso cuando est\u00e1 en peligro la democracia y la libertad. El Congreso de Colombia deber\u00eda hacer lo propio. Nuestra responsabilidad es ser garantes de la democracia, no notarios del presidente\u201d, este trino del senador Miguel Turbay provoc\u00f3 todo tipo de rechazo debido [&hellip;]<\/p>\n","protected":false},"author":1,"featured_media":63489,"comment_status":"open","ping_status":"open","sticky":false,"template":"","format":"standard","meta":{"footnotes":""},"categories":[84],"tags":[],"class_list":["post-63488","post","type-post","status-publish","format-standard","has-post-thumbnail","hentry","category-global-2"],"yoast_head":"<!-- This site is optimized with the Yoast SEO plugin v27.1.1 - https:\/\/yoast.com\/product\/yoast-seo-wordpress\/ -->\n<title>Acusan a Miguel Turbay de intentar promover un golpe de Estado en Colombia | P\u00e1gina10<\/title>\n<meta name=\"robots\" content=\"index, follow, max-snippet:-1, max-image-preview:large, max-video-preview:-1\" \/>\n<link rel=\"canonical\" href=\"https:\/\/pagina10.com\/web\/acusan-a-miguel-turbay-de-intentar-promover-un-golpe-de-estado-en-colombia\/\" \/>\n<meta property=\"og:locale\" content=\"es_ES\" \/>\n<meta property=\"og:type\" content=\"article\" \/>\n<meta property=\"og:title\" content=\"Acusan a Miguel Turbay de intentar promover un golpe de Estado en Colombia | P\u00e1gina10\" \/>\n<meta property=\"og:description\" content=\"\u201cLo de Per\u00fa hoy es un ejemplo de lo que debe hacer el Congreso cuando est\u00e1 en peligro la democracia y la libertad. El Congreso de Colombia deber\u00eda hacer lo propio. Nuestra responsabilidad es ser garantes de la democracia, no notarios del presidente\u201d, este trino del senador Miguel Turbay provoc\u00f3 todo tipo de rechazo debido [&hellip;]\" \/>\n<meta property=\"og:url\" content=\"https:\/\/pagina10.com\/web\/acusan-a-miguel-turbay-de-intentar-promover-un-golpe-de-estado-en-colombia\/\" \/>\n<meta property=\"og:site_name\" content=\"P\u00e1gina10\" \/>\n<meta property=\"article:publisher\" content=\"https:\/\/www.facebook.com\/pag10com\" \/>\n<meta property=\"article:published_time\" content=\"2022-12-13T17:39:58+00:00\" \/>\n<meta property=\"og:image\" content=\"https:\/\/pagina10.com\/web\/wp-content\/uploads\/2022\/12\/620132e96a50a.jpeg\" \/>\n\t<meta property=\"og:image:width\" content=\"640\" \/>\n\t<meta property=\"og:image:height\" content=\"428\" \/>\n\t<meta property=\"og:image:type\" content=\"image\/jpeg\" \/>\n<meta name=\"author\" content=\"P\u00e1gina 10\" \/>\n<meta name=\"twitter:card\" content=\"summary_large_image\" \/>\n<meta name=\"twitter:creator\" content=\"@Pag10com\" \/>\n<meta name=\"twitter:site\" content=\"@Pag10com\" \/>\n<meta name=\"twitter:label1\" content=\"Escrito por\" \/>\n\t<meta name=\"twitter:data1\" content=\"P\u00e1gina 10\" \/>\n\t<meta name=\"twitter:label2\" content=\"Tiempo de lectura\" \/>\n\t<meta name=\"twitter:data2\" content=\"2 minutos\" \/>\n<script type=\"application\/ld+json\" class=\"yoast-schema-graph\">{\"@context\":\"https:\/\/schema.org\",\"@graph\":[{\"@type\":\"Article\",\"@id\":\"https:\/\/pagina10.com\/web\/acusan-a-miguel-turbay-de-intentar-promover-un-golpe-de-estado-en-colombia\/#article\",\"isPartOf\":{\"@id\":\"https:\/\/pagina10.com\/web\/acusan-a-miguel-turbay-de-intentar-promover-un-golpe-de-estado-en-colombia\/\"},\"author\":{\"name\":\"P\u00e1gina 10\",\"@id\":\"https:\/\/pagina10.com\/web\/#\/schema\/person\/2efc4a090d25b667d3bc796798a3a81b\"},\"headline\":\"Acusan a Miguel Turbay de intentar promover un golpe de Estado en Colombia\",\"datePublished\":\"2022-12-13T17:39:58+00:00\",\"mainEntityOfPage\":{\"@id\":\"https:\/\/pagina10.com\/web\/acusan-a-miguel-turbay-de-intentar-promover-un-golpe-de-estado-en-colombia\/\"},\"wordCount\":392,\"commentCount\":0,\"publisher\":{\"@id\":\"https:\/\/pagina10.com\/web\/#organization\"},\"image\":{\"@id\":\"https:\/\/pagina10.com\/web\/acusan-a-miguel-turbay-de-intentar-promover-un-golpe-de-estado-en-colombia\/#primaryimage\"},\"thumbnailUrl\":\"https:\/\/pagina10.com\/web\/wp-content\/uploads\/2022\/12\/620132e96a50a.jpeg\",\"articleSection\":[\"Global\"],\"inLanguage\":\"es\",\"potentialAction\":[{\"@type\":\"CommentAction\",\"name\":\"Comment\",\"target\":[\"https:\/\/pagina10.com\/web\/acusan-a-miguel-turbay-de-intentar-promover-un-golpe-de-estado-en-colombia\/#respond\"]}]},{\"@type\":\"WebPage\",\"@id\":\"https:\/\/pagina10.com\/web\/acusan-a-miguel-turbay-de-intentar-promover-un-golpe-de-estado-en-colombia\/\",\"url\":\"https:\/\/pagina10.com\/web\/acusan-a-miguel-turbay-de-intentar-promover-un-golpe-de-estado-en-colombia\/\",\"name\":\"Acusan a Miguel Turbay de intentar promover un golpe de Estado en Colombia | P\u00e1gina10\",\"isPartOf\":{\"@id\":\"https:\/\/pagina10.com\/web\/#website\"},\"primaryImageOfPage\":{\"@id\":\"https:\/\/pagina10.com\/web\/acusan-a-miguel-turbay-de-intentar-promover-un-golpe-de-estado-en-colombia\/#primaryimage\"},\"image\":{\"@id\":\"https:\/\/pagina10.com\/web\/acusan-a-miguel-turbay-de-intentar-promover-un-golpe-de-estado-en-colombia\/#primaryimage\"},\"thumbnailUrl\":\"https:\/\/pagina10.com\/web\/wp-content\/uploads\/2022\/12\/620132e96a50a.jpeg\",\"datePublished\":\"2022-12-13T17:39:58+00:00\",\"breadcrumb\":{\"@id\":\"https:\/\/pagina10.com\/web\/acusan-a-miguel-turbay-de-intentar-promover-un-golpe-de-estado-en-colombia\/#breadcrumb\"},\"inLanguage\":\"es\",\"potentialAction\":[{\"@type\":\"ReadAction\",\"target\":[\"https:\/\/pagina10.com\/web\/acusan-a-miguel-turbay-de-intentar-promover-un-golpe-de-estado-en-colombia\/\"]}]},{\"@type\":\"ImageObject\",\"inLanguage\":\"es\",\"@id\":\"https:\/\/pagina10.com\/web\/acusan-a-miguel-turbay-de-intentar-promover-un-golpe-de-estado-en-colombia\/#primaryimage\",\"url\":\"https:\/\/pagina10.com\/web\/wp-content\/uploads\/2022\/12\/620132e96a50a.jpeg\",\"contentUrl\":\"https:\/\/pagina10.com\/web\/wp-content\/uploads\/2022\/12\/620132e96a50a.jpeg\",\"width\":640,\"height\":428,\"caption\":\"Foto: Michel Romoleroux El Tiempo\"},{\"@type\":\"BreadcrumbList\",\"@id\":\"https:\/\/pagina10.com\/web\/acusan-a-miguel-turbay-de-intentar-promover-un-golpe-de-estado-en-colombia\/#breadcrumb\",\"itemListElement\":[{\"@type\":\"ListItem\",\"position\":1,\"name\":\"Portada\",\"item\":\"https:\/\/pagina10.com\/web\/\"},{\"@type\":\"ListItem\",\"position\":2,\"name\":\"Acusan a Miguel Turbay de intentar promover un golpe de Estado en Colombia\"}]},{\"@type\":\"WebSite\",\"@id\":\"https:\/\/pagina10.com\/web\/#website\",\"url\":\"https:\/\/pagina10.com\/web\/\",\"name\":\"P\u00e1gina10\",\"description\":\"Peri\u00f3dico Regional\",\"publisher\":{\"@id\":\"https:\/\/pagina10.com\/web\/#organization\"},\"alternateName\":\"P\u00e1gina10 Peri\u00f3dico Regional\",\"potentialAction\":[{\"@type\":\"SearchAction\",\"target\":{\"@type\":\"EntryPoint\",\"urlTemplate\":\"https:\/\/pagina10.com\/web\/?s={search_term_string}\"},\"query-input\":{\"@type\":\"PropertyValueSpecification\",\"valueRequired\":true,\"valueName\":\"search_term_string\"}}],\"inLanguage\":\"es\"},{\"@type\":\"Organization\",\"@id\":\"https:\/\/pagina10.com\/web\/#organization\",\"name\":\"P\u00e1gina10\",\"alternateName\":\"P\u00e1gina10 Peri\u00f3dico Regional\",\"url\":\"https:\/\/pagina10.com\/web\/\",\"logo\":{\"@type\":\"ImageObject\",\"inLanguage\":\"es\",\"@id\":\"https:\/\/pagina10.com\/web\/#\/schema\/logo\/image\/\",\"url\":\"https:\/\/pagina10.com\/web\/wp-content\/uploads\/2024\/01\/40-pagina-10-periodico-regional-pasto.jpg\",\"contentUrl\":\"https:\/\/pagina10.com\/web\/wp-content\/uploads\/2024\/01\/40-pagina-10-periodico-regional-pasto.jpg\",\"width\":1280,\"height\":720,\"caption\":\"P\u00e1gina10\"},\"image\":{\"@id\":\"https:\/\/pagina10.com\/web\/#\/schema\/logo\/image\/\"},\"sameAs\":[\"https:\/\/www.facebook.com\/pag10com\",\"https:\/\/x.com\/Pag10com\",\"https:\/\/www.instagram.com\/pagina10col\/\",\"https:\/\/youtube.com\/channel\/pag10\",\"https:\/\/www.tiktok.com\/@p10col\"]},{\"@type\":\"Person\",\"@id\":\"https:\/\/pagina10.com\/web\/#\/schema\/person\/2efc4a090d25b667d3bc796798a3a81b\",\"name\":\"P\u00e1gina 10\",\"description\":\"P\u00e1gina 10 es un peri\u00f3dico regional que nace en Colombia, en el departamento de Nari\u00f1o, con un enfoque global, fundamentado en cuatro pilares esenciales: la libertad, el pluralismo, la inclusi\u00f3n y la independencia. P\u00e1gina 10 hace referencia a Nari\u00f1o como el d\u00e9cimo departamento creado en Colombia, despu\u00e9s de un proceso pol\u00edtico liderado por actores y actrices regionales con el fin de obtener la independencia y autonom\u00eda de nuestros territorios. Con la creaci\u00f3n de P\u00e1gina 10 se pretende abrir un escenario para el dialogo, la reflexi\u00f3n y el debate que se extienda a otras geograf\u00edas de Am\u00e9rica Latina y del planeta, en una apuesta por transformar colectivamente los desaf\u00edos de un mundo contempor\u00e1neo, m\u00e1s all\u00e1 de las fronteras impuestas.\",\"url\":\"https:\/\/pagina10.com\/web\/author\/pdiezadmin\/\"}]}<\/script>\n<!-- \/ Yoast SEO plugin. -->","yoast_head_json":{"title":"Acusan a Miguel Turbay de intentar promover un golpe de Estado en Colombia | P\u00e1gina10","robots":{"index":"index","follow":"follow","max-snippet":"max-snippet:-1","max-image-preview":"max-image-preview:large","max-video-preview":"max-video-preview:-1"},"canonical":"https:\/\/pagina10.com\/web\/acusan-a-miguel-turbay-de-intentar-promover-un-golpe-de-estado-en-colombia\/","og_locale":"es_ES","og_type":"article","og_title":"Acusan a Miguel Turbay de intentar promover un golpe de Estado en Colombia | P\u00e1gina10","og_description":"\u201cLo de Per\u00fa hoy es un ejemplo de lo que debe hacer el Congreso cuando est\u00e1 en peligro la democracia y la libertad. El Congreso de Colombia deber\u00eda hacer lo propio. Nuestra responsabilidad es ser garantes de la democracia, no notarios del presidente\u201d, este trino del senador Miguel Turbay provoc\u00f3 todo tipo de rechazo debido [&hellip;]","og_url":"https:\/\/pagina10.com\/web\/acusan-a-miguel-turbay-de-intentar-promover-un-golpe-de-estado-en-colombia\/","og_site_name":"P\u00e1gina10","article_publisher":"https:\/\/www.facebook.com\/pag10com","article_published_time":"2022-12-13T17:39:58+00:00","og_image":[{"width":640,"height":428,"url":"https:\/\/pagina10.com\/web\/wp-content\/uploads\/2022\/12\/620132e96a50a.jpeg","type":"image\/jpeg"}],"author":"P\u00e1gina 10","twitter_card":"summary_large_image","twitter_creator":"@Pag10com","twitter_site":"@Pag10com","twitter_misc":{"Escrito por":"P\u00e1gina 10","Tiempo de lectura":"2 minutos"},"schema":{"@context":"https:\/\/schema.org","@graph":[{"@type":"Article","@id":"https:\/\/pagina10.com\/web\/acusan-a-miguel-turbay-de-intentar-promover-un-golpe-de-estado-en-colombia\/#article","isPartOf":{"@id":"https:\/\/pagina10.com\/web\/acusan-a-miguel-turbay-de-intentar-promover-un-golpe-de-estado-en-colombia\/"},"author":{"name":"P\u00e1gina 10","@id":"https:\/\/pagina10.com\/web\/#\/schema\/person\/2efc4a090d25b667d3bc796798a3a81b"},"headline":"Acusan a Miguel Turbay de intentar promover un golpe de Estado en Colombia","datePublished":"2022-12-13T17:39:58+00:00","mainEntityOfPage":{"@id":"https:\/\/pagina10.com\/web\/acusan-a-miguel-turbay-de-intentar-promover-un-golpe-de-estado-en-colombia\/"},"wordCount":392,"commentCount":0,"publisher":{"@id":"https:\/\/pagina10.com\/web\/#organization"},"image":{"@id":"https:\/\/pagina10.com\/web\/acusan-a-miguel-turbay-de-intentar-promover-un-golpe-de-estado-en-colombia\/#primaryimage"},"thumbnailUrl":"https:\/\/pagina10.com\/web\/wp-content\/uploads\/2022\/12\/620132e96a50a.jpeg","articleSection":["Global"],"inLanguage":"es","potentialAction":[{"@type":"CommentAction","name":"Comment","target":["https:\/\/pagina10.com\/web\/acusan-a-miguel-turbay-de-intentar-promover-un-golpe-de-estado-en-colombia\/#respond"]}]},{"@type":"WebPage","@id":"https:\/\/pagina10.com\/web\/acusan-a-miguel-turbay-de-intentar-promover-un-golpe-de-estado-en-colombia\/","url":"https:\/\/pagina10.com\/web\/acusan-a-miguel-turbay-de-intentar-promover-un-golpe-de-estado-en-colombia\/","name":"Acusan a Miguel Turbay de intentar promover un golpe de Estado en Colombia | P\u00e1gina10","isPartOf":{"@id":"https:\/\/pagina10.com\/web\/#website"},"primaryImageOfPage":{"@id":"https:\/\/pagina10.com\/web\/acusan-a-miguel-turbay-de-intentar-promover-un-golpe-de-estado-en-colombia\/#primaryimage"},"image":{"@id":"https:\/\/pagina10.com\/web\/acusan-a-miguel-turbay-de-intentar-promover-un-golpe-de-estado-en-colombia\/#primaryimage"},"thumbnailUrl":"https:\/\/pagina10.com\/web\/wp-content\/uploads\/2022\/12\/620132e96a50a.jpeg","datePublished":"2022-12-13T17:39:58+00:00","breadcrumb":{"@id":"https:\/\/pagina10.com\/web\/acusan-a-miguel-turbay-de-intentar-promover-un-golpe-de-estado-en-colombia\/#breadcrumb"},"inLanguage":"es","potentialAction":[{"@type":"ReadAction","target":["https:\/\/pagina10.com\/web\/acusan-a-miguel-turbay-de-intentar-promover-un-golpe-de-estado-en-colombia\/"]}]},{"@type":"ImageObject","inLanguage":"es","@id":"https:\/\/pagina10.com\/web\/acusan-a-miguel-turbay-de-intentar-promover-un-golpe-de-estado-en-colombia\/#primaryimage","url":"https:\/\/pagina10.com\/web\/wp-content\/uploads\/2022\/12\/620132e96a50a.jpeg","contentUrl":"https:\/\/pagina10.com\/web\/wp-content\/uploads\/2022\/12\/620132e96a50a.jpeg","width":640,"height":428,"caption":"Foto: Michel Romoleroux El Tiempo"},{"@type":"BreadcrumbList","@id":"https:\/\/pagina10.com\/web\/acusan-a-miguel-turbay-de-intentar-promover-un-golpe-de-estado-en-colombia\/#breadcrumb","itemListElement":[{"@type":"ListItem","position":1,"name":"Portada","item":"https:\/\/pagina10.com\/web\/"},{"@type":"ListItem","position":2,"name":"Acusan a Miguel Turbay de intentar promover un golpe de Estado en Colombia"}]},{"@type":"WebSite","@id":"https:\/\/pagina10.com\/web\/#website","url":"https:\/\/pagina10.com\/web\/","name":"P\u00e1gina10","description":"Peri\u00f3dico Regional","publisher":{"@id":"https:\/\/pagina10.com\/web\/#organization"},"alternateName":"P\u00e1gina10 Peri\u00f3dico Regional","potentialAction":[{"@type":"SearchAction","target":{"@type":"EntryPoint","urlTemplate":"https:\/\/pagina10.com\/web\/?s={search_term_string}"},"query-input":{"@type":"PropertyValueSpecification","valueRequired":true,"valueName":"search_term_string"}}],"inLanguage":"es"},{"@type":"Organization","@id":"https:\/\/pagina10.com\/web\/#organization","name":"P\u00e1gina10","alternateName":"P\u00e1gina10 Peri\u00f3dico Regional","url":"https:\/\/pagina10.com\/web\/","logo":{"@type":"ImageObject","inLanguage":"es","@id":"https:\/\/pagina10.com\/web\/#\/schema\/logo\/image\/","url":"https:\/\/pagina10.com\/web\/wp-content\/uploads\/2024\/01\/40-pagina-10-periodico-regional-pasto.jpg","contentUrl":"https:\/\/pagina10.com\/web\/wp-content\/uploads\/2024\/01\/40-pagina-10-periodico-regional-pasto.jpg","width":1280,"height":720,"caption":"P\u00e1gina10"},"image":{"@id":"https:\/\/pagina10.com\/web\/#\/schema\/logo\/image\/"},"sameAs":["https:\/\/www.facebook.com\/pag10com","https:\/\/x.com\/Pag10com","https:\/\/www.instagram.com\/pagina10col\/","https:\/\/youtube.com\/channel\/pag10","https:\/\/www.tiktok.com\/@p10col"]},{"@type":"Person","@id":"https:\/\/pagina10.com\/web\/#\/schema\/person\/2efc4a090d25b667d3bc796798a3a81b","name":"P\u00e1gina 10","description":"P\u00e1gina 10 es un peri\u00f3dico regional que nace en Colombia, en el departamento de Nari\u00f1o, con un enfoque global, fundamentado en cuatro pilares esenciales: la libertad, el pluralismo, la inclusi\u00f3n y la independencia. P\u00e1gina 10 hace referencia a Nari\u00f1o como el d\u00e9cimo departamento creado en Colombia, despu\u00e9s de un proceso pol\u00edtico liderado por actores y actrices regionales con el fin de obtener la independencia y autonom\u00eda de nuestros territorios. Con la creaci\u00f3n de P\u00e1gina 10 se pretende abrir un escenario para el dialogo, la reflexi\u00f3n y el debate que se extienda a otras geograf\u00edas de Am\u00e9rica Latina y del planeta, en una apuesta por transformar colectivamente los desaf\u00edos de un mundo contempor\u00e1neo, m\u00e1s all\u00e1 de las fronteras impuestas.","url":"https:\/\/pagina10.com\/web\/author\/pdiezadmin\/"}]}},"_links":{"self":[{"href":"https:\/\/pagina10.com\/web\/wp-json\/wp\/v2\/posts\/63488","targetHints":{"allow":["GET"]}}],"collection":[{"href":"https:\/\/pagina10.com\/web\/wp-json\/wp\/v2\/posts"}],"about":[{"href":"https:\/\/pagina10.com\/web\/wp-json\/wp\/v2\/types\/post"}],"author":[{"embeddable":true,"href":"https:\/\/pagina10.com\/web\/wp-json\/wp\/v2\/users\/1"}],"replies":[{"embeddable":true,"href":"https:\/\/pagina10.com\/web\/wp-json\/wp\/v2\/comments?post=63488"}],"version-history":[{"count":1,"href":"https:\/\/pagina10.com\/web\/wp-json\/wp\/v2\/posts\/63488\/revisions"}],"predecessor-version":[{"id":63490,"href":"https:\/\/pagina10.com\/web\/wp-json\/wp\/v2\/posts\/63488\/revisions\/63490"}],"wp:featuredmedia":[{"embeddable":true,"href":"https:\/\/pagina10.com\/web\/wp-json\/wp\/v2\/media\/63489"}],"wp:attachment":[{"href":"https:\/\/pagina10.com\/web\/wp-json\/wp\/v2\/media?parent=63488"}],"wp:term":[{"taxonomy":"category","embeddable":true,"href":"https:\/\/pagina10.com\/web\/wp-json\/wp\/v2\/categories?post=63488"},{"taxonomy":"post_tag","embeddable":true,"href":"https:\/\/pagina10.com\/web\/wp-json\/wp\/v2\/tags?post=63488"}],"curies":[{"name":"wp","href":"https:\/\/api.w.org\/{rel}","templated":true}]}}