{"id":63576,"date":"2022-12-19T00:10:15","date_gmt":"2022-12-19T05:10:15","guid":{"rendered":"https:\/\/pagina10.com\/web\/?p=63576"},"modified":"2022-12-19T00:10:15","modified_gmt":"2022-12-19T05:10:15","slug":"ministerio-de-transporte-levantaria-restriccion-a-la-movilidad-de-vehiculos-ecuatorianos-en-narino","status":"publish","type":"post","link":"https:\/\/pagina10.com\/web\/ministerio-de-transporte-levantaria-restriccion-a-la-movilidad-de-vehiculos-ecuatorianos-en-narino\/","title":{"rendered":"Ministerio de Transporte levantar\u00eda restricci\u00f3n a la movilidad de veh\u00edculos ecuatorianos en Nari\u00f1o"},"content":{"rendered":"<p style=\"text-align: justify;\">Entre hoy y ma\u00f1ana saldr\u00eda expedida una circular del Ministerio de Transporte para que los veh\u00edculos con placas ecuatorianas puedan movilizarse sin complicaciones en Nari\u00f1o y el resto del territorio nacional. La medida regir\u00eda luego que el gobierno del pa\u00eds vecino hiciera un llamado a sus compatriotas a no circular hacia el interior del departamento y s\u00f3lo hacerlo hasta Ipiales, ya que se les exigir\u00eda comprar el SOAT y de no portarlo, se ver\u00edan expuestos a sanciones por las autoridades de tr\u00e1nsito colombianas.<\/p>\n<p style=\"text-align: justify;\">Frente a lo anterior, fueron el Consejo Gremial y Empresarial de Nari\u00f1o y la C\u00e1mara de Comercio de Pasto, los que enviaron un documento al Ministerio de Transporte para solicitar levantar esa restricci\u00f3n que, seg\u00fan lo explicaron, afectar\u00eda gravemente el comercio en el departamento durante esta \u00e9poca de fin de a\u00f1o.<\/p>\n<p style=\"text-align: justify;\">Al respecto, el viceministro de Transporte Eduardo Enr\u00edquez indic\u00f3 que una vez recibieron la solicitud, se puso en marcha un an\u00e1lisis a trav\u00e9s de un equipo jur\u00eddico en la ciudad de Bogot\u00e1. \u201cVamos por buen camino en esta labor y espero que a m\u00e1s tardar entre lunes (hoy) y martes, tengamos una decisi\u00f3n para la tranquilidad del sector empresarial y comercial de todo el departamento de Nari\u00f1o\u201d, dijo.<\/p>\n<p style=\"text-align: justify;\">Igualmente, Enr\u00edquez sostuvo que el gobierno del presidente Gustavo Petro y el Ministerio de Transporte, \u201ctienen abiertas las puertas para que toda la comunidad ecuatoriana nos visite, conozca esta hermosa doble calzada que estamos inaugurando y pueda adquirir sus productos\u201d.<\/p>\n","protected":false},"excerpt":{"rendered":"<p>Entre hoy y ma\u00f1ana saldr\u00eda expedida una circular del Ministerio de Transporte para que los veh\u00edculos con placas ecuatorianas puedan movilizarse sin complicaciones en Nari\u00f1o y el resto del territorio nacional. La medida regir\u00eda luego que el gobierno del pa\u00eds vecino hiciera un llamado a sus compatriotas a no circular hacia el interior del departamento [&hellip;]<\/p>\n","protected":false},"author":1,"featured_media":63577,"comment_status":"open","ping_status":"open","sticky":false,"template":"","format":"standard","meta":{"footnotes":""},"categories":[84],"tags":[],"class_list":["post-63576","post","type-post","status-publish","format-standard","has-post-thumbnail","hentry","category-global-2"],"yoast_head":"<!-- This site is optimized with the Yoast SEO plugin v27.1.1 - https:\/\/yoast.com\/product\/yoast-seo-wordpress\/ -->\n<title>Ministerio de Transporte levantar\u00eda restricci\u00f3n a la movilidad de veh\u00edculos ecuatorianos en Nari\u00f1o | P\u00e1gina10<\/title>\n<meta name=\"robots\" content=\"index, follow, max-snippet:-1, max-image-preview:large, max-video-preview:-1\" \/>\n<link rel=\"canonical\" href=\"https:\/\/pagina10.com\/web\/ministerio-de-transporte-levantaria-restriccion-a-la-movilidad-de-vehiculos-ecuatorianos-en-narino\/\" \/>\n<meta property=\"og:locale\" content=\"es_ES\" \/>\n<meta property=\"og:type\" content=\"article\" \/>\n<meta property=\"og:title\" content=\"Ministerio de Transporte levantar\u00eda restricci\u00f3n a la movilidad de veh\u00edculos ecuatorianos en Nari\u00f1o | P\u00e1gina10\" \/>\n<meta property=\"og:description\" content=\"Entre hoy y ma\u00f1ana saldr\u00eda expedida una circular del Ministerio de Transporte para que los veh\u00edculos con placas ecuatorianas puedan movilizarse sin complicaciones en Nari\u00f1o y el resto del territorio nacional. La medida regir\u00eda luego que el gobierno del pa\u00eds vecino hiciera un llamado a sus compatriotas a no circular hacia el interior del departamento [&hellip;]\" \/>\n<meta property=\"og:url\" content=\"https:\/\/pagina10.com\/web\/ministerio-de-transporte-levantaria-restriccion-a-la-movilidad-de-vehiculos-ecuatorianos-en-narino\/\" \/>\n<meta property=\"og:site_name\" content=\"P\u00e1gina10\" \/>\n<meta property=\"article:publisher\" content=\"https:\/\/www.facebook.com\/pag10com\" \/>\n<meta property=\"article:published_time\" content=\"2022-12-19T05:10:15+00:00\" \/>\n<meta property=\"og:image\" content=\"https:\/\/pagina10.com\/web\/wp-content\/uploads\/2022\/12\/Rumichaca_1.jpg\" \/>\n\t<meta property=\"og:image:width\" content=\"447\" \/>\n\t<meta property=\"og:image:height\" content=\"312\" \/>\n\t<meta property=\"og:image:type\" content=\"image\/jpeg\" \/>\n<meta name=\"author\" content=\"P\u00e1gina 10\" \/>\n<meta name=\"twitter:card\" content=\"summary_large_image\" \/>\n<meta name=\"twitter:creator\" content=\"@Pag10com\" \/>\n<meta name=\"twitter:site\" content=\"@Pag10com\" \/>\n<meta name=\"twitter:label1\" content=\"Escrito por\" \/>\n\t<meta name=\"twitter:data1\" content=\"P\u00e1gina 10\" \/>\n\t<meta name=\"twitter:label2\" content=\"Tiempo de lectura\" \/>\n\t<meta name=\"twitter:data2\" content=\"1 minuto\" \/>\n<script type=\"application\/ld+json\" class=\"yoast-schema-graph\">{\"@context\":\"https:\/\/schema.org\",\"@graph\":[{\"@type\":\"Article\",\"@id\":\"https:\/\/pagina10.com\/web\/ministerio-de-transporte-levantaria-restriccion-a-la-movilidad-de-vehiculos-ecuatorianos-en-narino\/#article\",\"isPartOf\":{\"@id\":\"https:\/\/pagina10.com\/web\/ministerio-de-transporte-levantaria-restriccion-a-la-movilidad-de-vehiculos-ecuatorianos-en-narino\/\"},\"author\":{\"name\":\"P\u00e1gina 10\",\"@id\":\"https:\/\/pagina10.com\/web\/#\/schema\/person\/2efc4a090d25b667d3bc796798a3a81b\"},\"headline\":\"Ministerio de Transporte levantar\u00eda restricci\u00f3n a la movilidad de veh\u00edculos ecuatorianos en Nari\u00f1o\",\"datePublished\":\"2022-12-19T05:10:15+00:00\",\"mainEntityOfPage\":{\"@id\":\"https:\/\/pagina10.com\/web\/ministerio-de-transporte-levantaria-restriccion-a-la-movilidad-de-vehiculos-ecuatorianos-en-narino\/\"},\"wordCount\":283,\"commentCount\":0,\"publisher\":{\"@id\":\"https:\/\/pagina10.com\/web\/#organization\"},\"image\":{\"@id\":\"https:\/\/pagina10.com\/web\/ministerio-de-transporte-levantaria-restriccion-a-la-movilidad-de-vehiculos-ecuatorianos-en-narino\/#primaryimage\"},\"thumbnailUrl\":\"https:\/\/pagina10.com\/web\/wp-content\/uploads\/2022\/12\/Rumichaca_1.jpg\",\"articleSection\":[\"Global\"],\"inLanguage\":\"es\",\"potentialAction\":[{\"@type\":\"CommentAction\",\"name\":\"Comment\",\"target\":[\"https:\/\/pagina10.com\/web\/ministerio-de-transporte-levantaria-restriccion-a-la-movilidad-de-vehiculos-ecuatorianos-en-narino\/#respond\"]}]},{\"@type\":\"WebPage\",\"@id\":\"https:\/\/pagina10.com\/web\/ministerio-de-transporte-levantaria-restriccion-a-la-movilidad-de-vehiculos-ecuatorianos-en-narino\/\",\"url\":\"https:\/\/pagina10.com\/web\/ministerio-de-transporte-levantaria-restriccion-a-la-movilidad-de-vehiculos-ecuatorianos-en-narino\/\",\"name\":\"Ministerio de Transporte levantar\u00eda restricci\u00f3n a la movilidad de veh\u00edculos ecuatorianos en Nari\u00f1o | P\u00e1gina10\",\"isPartOf\":{\"@id\":\"https:\/\/pagina10.com\/web\/#website\"},\"primaryImageOfPage\":{\"@id\":\"https:\/\/pagina10.com\/web\/ministerio-de-transporte-levantaria-restriccion-a-la-movilidad-de-vehiculos-ecuatorianos-en-narino\/#primaryimage\"},\"image\":{\"@id\":\"https:\/\/pagina10.com\/web\/ministerio-de-transporte-levantaria-restriccion-a-la-movilidad-de-vehiculos-ecuatorianos-en-narino\/#primaryimage\"},\"thumbnailUrl\":\"https:\/\/pagina10.com\/web\/wp-content\/uploads\/2022\/12\/Rumichaca_1.jpg\",\"datePublished\":\"2022-12-19T05:10:15+00:00\",\"breadcrumb\":{\"@id\":\"https:\/\/pagina10.com\/web\/ministerio-de-transporte-levantaria-restriccion-a-la-movilidad-de-vehiculos-ecuatorianos-en-narino\/#breadcrumb\"},\"inLanguage\":\"es\",\"potentialAction\":[{\"@type\":\"ReadAction\",\"target\":[\"https:\/\/pagina10.com\/web\/ministerio-de-transporte-levantaria-restriccion-a-la-movilidad-de-vehiculos-ecuatorianos-en-narino\/\"]}]},{\"@type\":\"ImageObject\",\"inLanguage\":\"es\",\"@id\":\"https:\/\/pagina10.com\/web\/ministerio-de-transporte-levantaria-restriccion-a-la-movilidad-de-vehiculos-ecuatorianos-en-narino\/#primaryimage\",\"url\":\"https:\/\/pagina10.com\/web\/wp-content\/uploads\/2022\/12\/Rumichaca_1.jpg\",\"contentUrl\":\"https:\/\/pagina10.com\/web\/wp-content\/uploads\/2022\/12\/Rumichaca_1.jpg\",\"width\":447,\"height\":312},{\"@type\":\"BreadcrumbList\",\"@id\":\"https:\/\/pagina10.com\/web\/ministerio-de-transporte-levantaria-restriccion-a-la-movilidad-de-vehiculos-ecuatorianos-en-narino\/#breadcrumb\",\"itemListElement\":[{\"@type\":\"ListItem\",\"position\":1,\"name\":\"Portada\",\"item\":\"https:\/\/pagina10.com\/web\/\"},{\"@type\":\"ListItem\",\"position\":2,\"name\":\"Ministerio de Transporte levantar\u00eda restricci\u00f3n a la movilidad de veh\u00edculos ecuatorianos en Nari\u00f1o\"}]},{\"@type\":\"WebSite\",\"@id\":\"https:\/\/pagina10.com\/web\/#website\",\"url\":\"https:\/\/pagina10.com\/web\/\",\"name\":\"P\u00e1gina10\",\"description\":\"Peri\u00f3dico Regional\",\"publisher\":{\"@id\":\"https:\/\/pagina10.com\/web\/#organization\"},\"alternateName\":\"P\u00e1gina10 Peri\u00f3dico Regional\",\"potentialAction\":[{\"@type\":\"SearchAction\",\"target\":{\"@type\":\"EntryPoint\",\"urlTemplate\":\"https:\/\/pagina10.com\/web\/?s={search_term_string}\"},\"query-input\":{\"@type\":\"PropertyValueSpecification\",\"valueRequired\":true,\"valueName\":\"search_term_string\"}}],\"inLanguage\":\"es\"},{\"@type\":\"Organization\",\"@id\":\"https:\/\/pagina10.com\/web\/#organization\",\"name\":\"P\u00e1gina10\",\"alternateName\":\"P\u00e1gina10 Peri\u00f3dico Regional\",\"url\":\"https:\/\/pagina10.com\/web\/\",\"logo\":{\"@type\":\"ImageObject\",\"inLanguage\":\"es\",\"@id\":\"https:\/\/pagina10.com\/web\/#\/schema\/logo\/image\/\",\"url\":\"https:\/\/pagina10.com\/web\/wp-content\/uploads\/2024\/01\/40-pagina-10-periodico-regional-pasto.jpg\",\"contentUrl\":\"https:\/\/pagina10.com\/web\/wp-content\/uploads\/2024\/01\/40-pagina-10-periodico-regional-pasto.jpg\",\"width\":1280,\"height\":720,\"caption\":\"P\u00e1gina10\"},\"image\":{\"@id\":\"https:\/\/pagina10.com\/web\/#\/schema\/logo\/image\/\"},\"sameAs\":[\"https:\/\/www.facebook.com\/pag10com\",\"https:\/\/x.com\/Pag10com\",\"https:\/\/www.instagram.com\/pagina10col\/\",\"https:\/\/youtube.com\/channel\/pag10\",\"https:\/\/www.tiktok.com\/@p10col\"]},{\"@type\":\"Person\",\"@id\":\"https:\/\/pagina10.com\/web\/#\/schema\/person\/2efc4a090d25b667d3bc796798a3a81b\",\"name\":\"P\u00e1gina 10\",\"description\":\"P\u00e1gina 10 es un peri\u00f3dico regional que nace en Colombia, en el departamento de Nari\u00f1o, con un enfoque global, fundamentado en cuatro pilares esenciales: la libertad, el pluralismo, la inclusi\u00f3n y la independencia. P\u00e1gina 10 hace referencia a Nari\u00f1o como el d\u00e9cimo departamento creado en Colombia, despu\u00e9s de un proceso pol\u00edtico liderado por actores y actrices regionales con el fin de obtener la independencia y autonom\u00eda de nuestros territorios. Con la creaci\u00f3n de P\u00e1gina 10 se pretende abrir un escenario para el dialogo, la reflexi\u00f3n y el debate que se extienda a otras geograf\u00edas de Am\u00e9rica Latina y del planeta, en una apuesta por transformar colectivamente los desaf\u00edos de un mundo contempor\u00e1neo, m\u00e1s all\u00e1 de las fronteras impuestas.\",\"url\":\"https:\/\/pagina10.com\/web\/author\/pdiezadmin\/\"}]}<\/script>\n<!-- \/ Yoast SEO plugin. -->","yoast_head_json":{"title":"Ministerio de Transporte levantar\u00eda restricci\u00f3n a la movilidad de veh\u00edculos ecuatorianos en Nari\u00f1o | P\u00e1gina10","robots":{"index":"index","follow":"follow","max-snippet":"max-snippet:-1","max-image-preview":"max-image-preview:large","max-video-preview":"max-video-preview:-1"},"canonical":"https:\/\/pagina10.com\/web\/ministerio-de-transporte-levantaria-restriccion-a-la-movilidad-de-vehiculos-ecuatorianos-en-narino\/","og_locale":"es_ES","og_type":"article","og_title":"Ministerio de Transporte levantar\u00eda restricci\u00f3n a la movilidad de veh\u00edculos ecuatorianos en Nari\u00f1o | P\u00e1gina10","og_description":"Entre hoy y ma\u00f1ana saldr\u00eda expedida una circular del Ministerio de Transporte para que los veh\u00edculos con placas ecuatorianas puedan movilizarse sin complicaciones en Nari\u00f1o y el resto del territorio nacional. La medida regir\u00eda luego que el gobierno del pa\u00eds vecino hiciera un llamado a sus compatriotas a no circular hacia el interior del departamento [&hellip;]","og_url":"https:\/\/pagina10.com\/web\/ministerio-de-transporte-levantaria-restriccion-a-la-movilidad-de-vehiculos-ecuatorianos-en-narino\/","og_site_name":"P\u00e1gina10","article_publisher":"https:\/\/www.facebook.com\/pag10com","article_published_time":"2022-12-19T05:10:15+00:00","og_image":[{"width":447,"height":312,"url":"https:\/\/pagina10.com\/web\/wp-content\/uploads\/2022\/12\/Rumichaca_1.jpg","type":"image\/jpeg"}],"author":"P\u00e1gina 10","twitter_card":"summary_large_image","twitter_creator":"@Pag10com","twitter_site":"@Pag10com","twitter_misc":{"Escrito por":"P\u00e1gina 10","Tiempo de lectura":"1 minuto"},"schema":{"@context":"https:\/\/schema.org","@graph":[{"@type":"Article","@id":"https:\/\/pagina10.com\/web\/ministerio-de-transporte-levantaria-restriccion-a-la-movilidad-de-vehiculos-ecuatorianos-en-narino\/#article","isPartOf":{"@id":"https:\/\/pagina10.com\/web\/ministerio-de-transporte-levantaria-restriccion-a-la-movilidad-de-vehiculos-ecuatorianos-en-narino\/"},"author":{"name":"P\u00e1gina 10","@id":"https:\/\/pagina10.com\/web\/#\/schema\/person\/2efc4a090d25b667d3bc796798a3a81b"},"headline":"Ministerio de Transporte levantar\u00eda restricci\u00f3n a la movilidad de veh\u00edculos ecuatorianos en Nari\u00f1o","datePublished":"2022-12-19T05:10:15+00:00","mainEntityOfPage":{"@id":"https:\/\/pagina10.com\/web\/ministerio-de-transporte-levantaria-restriccion-a-la-movilidad-de-vehiculos-ecuatorianos-en-narino\/"},"wordCount":283,"commentCount":0,"publisher":{"@id":"https:\/\/pagina10.com\/web\/#organization"},"image":{"@id":"https:\/\/pagina10.com\/web\/ministerio-de-transporte-levantaria-restriccion-a-la-movilidad-de-vehiculos-ecuatorianos-en-narino\/#primaryimage"},"thumbnailUrl":"https:\/\/pagina10.com\/web\/wp-content\/uploads\/2022\/12\/Rumichaca_1.jpg","articleSection":["Global"],"inLanguage":"es","potentialAction":[{"@type":"CommentAction","name":"Comment","target":["https:\/\/pagina10.com\/web\/ministerio-de-transporte-levantaria-restriccion-a-la-movilidad-de-vehiculos-ecuatorianos-en-narino\/#respond"]}]},{"@type":"WebPage","@id":"https:\/\/pagina10.com\/web\/ministerio-de-transporte-levantaria-restriccion-a-la-movilidad-de-vehiculos-ecuatorianos-en-narino\/","url":"https:\/\/pagina10.com\/web\/ministerio-de-transporte-levantaria-restriccion-a-la-movilidad-de-vehiculos-ecuatorianos-en-narino\/","name":"Ministerio de Transporte levantar\u00eda restricci\u00f3n a la movilidad de veh\u00edculos ecuatorianos en Nari\u00f1o | P\u00e1gina10","isPartOf":{"@id":"https:\/\/pagina10.com\/web\/#website"},"primaryImageOfPage":{"@id":"https:\/\/pagina10.com\/web\/ministerio-de-transporte-levantaria-restriccion-a-la-movilidad-de-vehiculos-ecuatorianos-en-narino\/#primaryimage"},"image":{"@id":"https:\/\/pagina10.com\/web\/ministerio-de-transporte-levantaria-restriccion-a-la-movilidad-de-vehiculos-ecuatorianos-en-narino\/#primaryimage"},"thumbnailUrl":"https:\/\/pagina10.com\/web\/wp-content\/uploads\/2022\/12\/Rumichaca_1.jpg","datePublished":"2022-12-19T05:10:15+00:00","breadcrumb":{"@id":"https:\/\/pagina10.com\/web\/ministerio-de-transporte-levantaria-restriccion-a-la-movilidad-de-vehiculos-ecuatorianos-en-narino\/#breadcrumb"},"inLanguage":"es","potentialAction":[{"@type":"ReadAction","target":["https:\/\/pagina10.com\/web\/ministerio-de-transporte-levantaria-restriccion-a-la-movilidad-de-vehiculos-ecuatorianos-en-narino\/"]}]},{"@type":"ImageObject","inLanguage":"es","@id":"https:\/\/pagina10.com\/web\/ministerio-de-transporte-levantaria-restriccion-a-la-movilidad-de-vehiculos-ecuatorianos-en-narino\/#primaryimage","url":"https:\/\/pagina10.com\/web\/wp-content\/uploads\/2022\/12\/Rumichaca_1.jpg","contentUrl":"https:\/\/pagina10.com\/web\/wp-content\/uploads\/2022\/12\/Rumichaca_1.jpg","width":447,"height":312},{"@type":"BreadcrumbList","@id":"https:\/\/pagina10.com\/web\/ministerio-de-transporte-levantaria-restriccion-a-la-movilidad-de-vehiculos-ecuatorianos-en-narino\/#breadcrumb","itemListElement":[{"@type":"ListItem","position":1,"name":"Portada","item":"https:\/\/pagina10.com\/web\/"},{"@type":"ListItem","position":2,"name":"Ministerio de Transporte levantar\u00eda restricci\u00f3n a la movilidad de veh\u00edculos ecuatorianos en Nari\u00f1o"}]},{"@type":"WebSite","@id":"https:\/\/pagina10.com\/web\/#website","url":"https:\/\/pagina10.com\/web\/","name":"P\u00e1gina10","description":"Peri\u00f3dico Regional","publisher":{"@id":"https:\/\/pagina10.com\/web\/#organization"},"alternateName":"P\u00e1gina10 Peri\u00f3dico Regional","potentialAction":[{"@type":"SearchAction","target":{"@type":"EntryPoint","urlTemplate":"https:\/\/pagina10.com\/web\/?s={search_term_string}"},"query-input":{"@type":"PropertyValueSpecification","valueRequired":true,"valueName":"search_term_string"}}],"inLanguage":"es"},{"@type":"Organization","@id":"https:\/\/pagina10.com\/web\/#organization","name":"P\u00e1gina10","alternateName":"P\u00e1gina10 Peri\u00f3dico Regional","url":"https:\/\/pagina10.com\/web\/","logo":{"@type":"ImageObject","inLanguage":"es","@id":"https:\/\/pagina10.com\/web\/#\/schema\/logo\/image\/","url":"https:\/\/pagina10.com\/web\/wp-content\/uploads\/2024\/01\/40-pagina-10-periodico-regional-pasto.jpg","contentUrl":"https:\/\/pagina10.com\/web\/wp-content\/uploads\/2024\/01\/40-pagina-10-periodico-regional-pasto.jpg","width":1280,"height":720,"caption":"P\u00e1gina10"},"image":{"@id":"https:\/\/pagina10.com\/web\/#\/schema\/logo\/image\/"},"sameAs":["https:\/\/www.facebook.com\/pag10com","https:\/\/x.com\/Pag10com","https:\/\/www.instagram.com\/pagina10col\/","https:\/\/youtube.com\/channel\/pag10","https:\/\/www.tiktok.com\/@p10col"]},{"@type":"Person","@id":"https:\/\/pagina10.com\/web\/#\/schema\/person\/2efc4a090d25b667d3bc796798a3a81b","name":"P\u00e1gina 10","description":"P\u00e1gina 10 es un peri\u00f3dico regional que nace en Colombia, en el departamento de Nari\u00f1o, con un enfoque global, fundamentado en cuatro pilares esenciales: la libertad, el pluralismo, la inclusi\u00f3n y la independencia. P\u00e1gina 10 hace referencia a Nari\u00f1o como el d\u00e9cimo departamento creado en Colombia, despu\u00e9s de un proceso pol\u00edtico liderado por actores y actrices regionales con el fin de obtener la independencia y autonom\u00eda de nuestros territorios. Con la creaci\u00f3n de P\u00e1gina 10 se pretende abrir un escenario para el dialogo, la reflexi\u00f3n y el debate que se extienda a otras geograf\u00edas de Am\u00e9rica Latina y del planeta, en una apuesta por transformar colectivamente los desaf\u00edos de un mundo contempor\u00e1neo, m\u00e1s all\u00e1 de las fronteras impuestas.","url":"https:\/\/pagina10.com\/web\/author\/pdiezadmin\/"}]}},"_links":{"self":[{"href":"https:\/\/pagina10.com\/web\/wp-json\/wp\/v2\/posts\/63576","targetHints":{"allow":["GET"]}}],"collection":[{"href":"https:\/\/pagina10.com\/web\/wp-json\/wp\/v2\/posts"}],"about":[{"href":"https:\/\/pagina10.com\/web\/wp-json\/wp\/v2\/types\/post"}],"author":[{"embeddable":true,"href":"https:\/\/pagina10.com\/web\/wp-json\/wp\/v2\/users\/1"}],"replies":[{"embeddable":true,"href":"https:\/\/pagina10.com\/web\/wp-json\/wp\/v2\/comments?post=63576"}],"version-history":[{"count":1,"href":"https:\/\/pagina10.com\/web\/wp-json\/wp\/v2\/posts\/63576\/revisions"}],"predecessor-version":[{"id":63578,"href":"https:\/\/pagina10.com\/web\/wp-json\/wp\/v2\/posts\/63576\/revisions\/63578"}],"wp:featuredmedia":[{"embeddable":true,"href":"https:\/\/pagina10.com\/web\/wp-json\/wp\/v2\/media\/63577"}],"wp:attachment":[{"href":"https:\/\/pagina10.com\/web\/wp-json\/wp\/v2\/media?parent=63576"}],"wp:term":[{"taxonomy":"category","embeddable":true,"href":"https:\/\/pagina10.com\/web\/wp-json\/wp\/v2\/categories?post=63576"},{"taxonomy":"post_tag","embeddable":true,"href":"https:\/\/pagina10.com\/web\/wp-json\/wp\/v2\/tags?post=63576"}],"curies":[{"name":"wp","href":"https:\/\/api.w.org\/{rel}","templated":true}]}}