{"id":63610,"date":"2022-12-20T21:41:00","date_gmt":"2022-12-21T02:41:00","guid":{"rendered":"https:\/\/pagina10.com\/web\/?p=63610"},"modified":"2022-12-20T21:41:00","modified_gmt":"2022-12-21T02:41:00","slug":"en-pasto-se-realizo-exposicion-de-trabajos-manuales-de-800-beneficiarios-de-los-centros-vida","status":"publish","type":"post","link":"https:\/\/pagina10.com\/web\/en-pasto-se-realizo-exposicion-de-trabajos-manuales-de-800-beneficiarios-de-los-centros-vida\/","title":{"rendered":"En Pasto, se realiz\u00f3 exposici\u00f3n de trabajos manuales de 800 beneficiarios de los centros vida"},"content":{"rendered":"<p style=\"text-align: justify;\">En cumplimiento al Plan de Desarrollo \u2018Pasto, La Gran Capital\u2019, la Alcald\u00eda de Pasto, a trav\u00e9s de la Secretar\u00eda de Bienestar Social, brinda talleres ocio-ocupacionales en los Centros Vida de las zonas rural y urbana con el fin de mejorar la calidad de vida de la poblaci\u00f3n adulta mayor.<\/p>\n<p style=\"text-align: justify;\">Cerca de 800 personas mayores se encontraron en el coliseo de los barrios surorientales para exponer a la comunidad sus talentos y capacidades por medio de los trabajos que han desarrollado durante este a\u00f1o.<\/p>\n<p style=\"text-align: justify;\">La secretaria de Bienestar Social, Alexandra Jaramillo, mencion\u00f3 que actividades como huertas comunitarias, talleres de inform\u00e1tica, encuentros \u2018Amor por la Sabidur\u00eda\u2019, danzas, m\u00fasica y teatro, est\u00e1n enfocadas en brindar espacios de recreaci\u00f3n y sano esparcimiento para las personas mayores.<\/p>\n<p style=\"text-align: justify;\">Por su parte, Ana Luc\u00eda Champutiz, beneficiaria del Centro Vida, afirm\u00f3 que el proyecto \u2018Cultivadores Urbanos\u2019, en el que 25 personas aprenden sobre el cultivo de distintos tipos de plantas, le permite distraerse, compartir y aprender.<\/p>\n<p style=\"text-align: justify;\">De la misma forma, Luis Bernardo Lasso se\u00f1al\u00f3 que las actividades f\u00edsicas han mejorado su estado de salud y que los docentes le han ense\u00f1ado con paciencia y amor a manejar diferentes programas en los talleres de inform\u00e1tica, lo que le brinda a \u00e9l y sus compa\u00f1eros la posibilidad de acercarse a nuevas tecnolog\u00edas de la informaci\u00f3n y comunicaci\u00f3n.<\/p>\n<p style=\"text-align: justify;\">Aproximadamente 1.700 adultos mayores reciben una atenci\u00f3n impulsada por el servicio y el amor en los Centros Vida, donde se desarrollan actividades para mejorar su calidad de vida.<\/p>\n","protected":false},"excerpt":{"rendered":"<p>En cumplimiento al Plan de Desarrollo \u2018Pasto, La Gran Capital\u2019, la Alcald\u00eda de Pasto, a trav\u00e9s de la Secretar\u00eda de Bienestar Social, brinda talleres ocio-ocupacionales en los Centros Vida de las zonas rural y urbana con el fin de mejorar la calidad de vida de la poblaci\u00f3n adulta mayor. Cerca de 800 personas mayores se [&hellip;]<\/p>\n","protected":false},"author":1,"featured_media":63611,"comment_status":"open","ping_status":"open","sticky":false,"template":"","format":"standard","meta":{"footnotes":""},"categories":[82],"tags":[],"class_list":["post-63610","post","type-post","status-publish","format-standard","has-post-thumbnail","hentry","category-ciudad-2"],"yoast_head":"<!-- This site is optimized with the Yoast SEO plugin v27.1.1 - https:\/\/yoast.com\/product\/yoast-seo-wordpress\/ -->\n<title>En Pasto, se realiz\u00f3 exposici\u00f3n de trabajos manuales de 800 beneficiarios de los centros vida | P\u00e1gina10<\/title>\n<meta name=\"robots\" content=\"index, follow, max-snippet:-1, max-image-preview:large, max-video-preview:-1\" \/>\n<link rel=\"canonical\" href=\"https:\/\/pagina10.com\/web\/en-pasto-se-realizo-exposicion-de-trabajos-manuales-de-800-beneficiarios-de-los-centros-vida\/\" \/>\n<meta property=\"og:locale\" content=\"es_ES\" \/>\n<meta property=\"og:type\" content=\"article\" \/>\n<meta property=\"og:title\" content=\"En Pasto, se realiz\u00f3 exposici\u00f3n de trabajos manuales de 800 beneficiarios de los centros vida | P\u00e1gina10\" \/>\n<meta property=\"og:description\" content=\"En cumplimiento al Plan de Desarrollo \u2018Pasto, La Gran Capital\u2019, la Alcald\u00eda de Pasto, a trav\u00e9s de la Secretar\u00eda de Bienestar Social, brinda talleres ocio-ocupacionales en los Centros Vida de las zonas rural y urbana con el fin de mejorar la calidad de vida de la poblaci\u00f3n adulta mayor. Cerca de 800 personas mayores se [&hellip;]\" \/>\n<meta property=\"og:url\" content=\"https:\/\/pagina10.com\/web\/en-pasto-se-realizo-exposicion-de-trabajos-manuales-de-800-beneficiarios-de-los-centros-vida\/\" \/>\n<meta property=\"og:site_name\" content=\"P\u00e1gina10\" \/>\n<meta property=\"article:publisher\" content=\"https:\/\/www.facebook.com\/pag10com\" \/>\n<meta property=\"article:published_time\" content=\"2022-12-21T02:41:00+00:00\" \/>\n<meta property=\"og:image\" content=\"https:\/\/pagina10.com\/web\/wp-content\/uploads\/2022\/12\/WhatsApp-Image-2022-12-19-at-11.55.34-PM.jpeg\" \/>\n\t<meta property=\"og:image:width\" content=\"1280\" \/>\n\t<meta property=\"og:image:height\" content=\"853\" \/>\n\t<meta property=\"og:image:type\" content=\"image\/jpeg\" \/>\n<meta name=\"author\" content=\"P\u00e1gina 10\" \/>\n<meta name=\"twitter:card\" content=\"summary_large_image\" \/>\n<meta name=\"twitter:creator\" content=\"@Pag10com\" \/>\n<meta name=\"twitter:site\" content=\"@Pag10com\" \/>\n<meta name=\"twitter:label1\" content=\"Escrito por\" \/>\n\t<meta name=\"twitter:data1\" content=\"P\u00e1gina 10\" \/>\n\t<meta name=\"twitter:label2\" content=\"Tiempo de lectura\" \/>\n\t<meta name=\"twitter:data2\" content=\"1 minuto\" \/>\n<script type=\"application\/ld+json\" class=\"yoast-schema-graph\">{\"@context\":\"https:\/\/schema.org\",\"@graph\":[{\"@type\":\"Article\",\"@id\":\"https:\/\/pagina10.com\/web\/en-pasto-se-realizo-exposicion-de-trabajos-manuales-de-800-beneficiarios-de-los-centros-vida\/#article\",\"isPartOf\":{\"@id\":\"https:\/\/pagina10.com\/web\/en-pasto-se-realizo-exposicion-de-trabajos-manuales-de-800-beneficiarios-de-los-centros-vida\/\"},\"author\":{\"name\":\"P\u00e1gina 10\",\"@id\":\"https:\/\/pagina10.com\/web\/#\/schema\/person\/2efc4a090d25b667d3bc796798a3a81b\"},\"headline\":\"En Pasto, se realiz\u00f3 exposici\u00f3n de trabajos manuales de 800 beneficiarios de los centros vida\",\"datePublished\":\"2022-12-21T02:41:00+00:00\",\"mainEntityOfPage\":{\"@id\":\"https:\/\/pagina10.com\/web\/en-pasto-se-realizo-exposicion-de-trabajos-manuales-de-800-beneficiarios-de-los-centros-vida\/\"},\"wordCount\":277,\"commentCount\":0,\"publisher\":{\"@id\":\"https:\/\/pagina10.com\/web\/#organization\"},\"image\":{\"@id\":\"https:\/\/pagina10.com\/web\/en-pasto-se-realizo-exposicion-de-trabajos-manuales-de-800-beneficiarios-de-los-centros-vida\/#primaryimage\"},\"thumbnailUrl\":\"https:\/\/pagina10.com\/web\/wp-content\/uploads\/2022\/12\/WhatsApp-Image-2022-12-19-at-11.55.34-PM.jpeg\",\"articleSection\":[\"Ciudad\"],\"inLanguage\":\"es\",\"potentialAction\":[{\"@type\":\"CommentAction\",\"name\":\"Comment\",\"target\":[\"https:\/\/pagina10.com\/web\/en-pasto-se-realizo-exposicion-de-trabajos-manuales-de-800-beneficiarios-de-los-centros-vida\/#respond\"]}]},{\"@type\":\"WebPage\",\"@id\":\"https:\/\/pagina10.com\/web\/en-pasto-se-realizo-exposicion-de-trabajos-manuales-de-800-beneficiarios-de-los-centros-vida\/\",\"url\":\"https:\/\/pagina10.com\/web\/en-pasto-se-realizo-exposicion-de-trabajos-manuales-de-800-beneficiarios-de-los-centros-vida\/\",\"name\":\"En Pasto, se realiz\u00f3 exposici\u00f3n de trabajos manuales de 800 beneficiarios de los centros vida | P\u00e1gina10\",\"isPartOf\":{\"@id\":\"https:\/\/pagina10.com\/web\/#website\"},\"primaryImageOfPage\":{\"@id\":\"https:\/\/pagina10.com\/web\/en-pasto-se-realizo-exposicion-de-trabajos-manuales-de-800-beneficiarios-de-los-centros-vida\/#primaryimage\"},\"image\":{\"@id\":\"https:\/\/pagina10.com\/web\/en-pasto-se-realizo-exposicion-de-trabajos-manuales-de-800-beneficiarios-de-los-centros-vida\/#primaryimage\"},\"thumbnailUrl\":\"https:\/\/pagina10.com\/web\/wp-content\/uploads\/2022\/12\/WhatsApp-Image-2022-12-19-at-11.55.34-PM.jpeg\",\"datePublished\":\"2022-12-21T02:41:00+00:00\",\"breadcrumb\":{\"@id\":\"https:\/\/pagina10.com\/web\/en-pasto-se-realizo-exposicion-de-trabajos-manuales-de-800-beneficiarios-de-los-centros-vida\/#breadcrumb\"},\"inLanguage\":\"es\",\"potentialAction\":[{\"@type\":\"ReadAction\",\"target\":[\"https:\/\/pagina10.com\/web\/en-pasto-se-realizo-exposicion-de-trabajos-manuales-de-800-beneficiarios-de-los-centros-vida\/\"]}]},{\"@type\":\"ImageObject\",\"inLanguage\":\"es\",\"@id\":\"https:\/\/pagina10.com\/web\/en-pasto-se-realizo-exposicion-de-trabajos-manuales-de-800-beneficiarios-de-los-centros-vida\/#primaryimage\",\"url\":\"https:\/\/pagina10.com\/web\/wp-content\/uploads\/2022\/12\/WhatsApp-Image-2022-12-19-at-11.55.34-PM.jpeg\",\"contentUrl\":\"https:\/\/pagina10.com\/web\/wp-content\/uploads\/2022\/12\/WhatsApp-Image-2022-12-19-at-11.55.34-PM.jpeg\",\"width\":1280,\"height\":853},{\"@type\":\"BreadcrumbList\",\"@id\":\"https:\/\/pagina10.com\/web\/en-pasto-se-realizo-exposicion-de-trabajos-manuales-de-800-beneficiarios-de-los-centros-vida\/#breadcrumb\",\"itemListElement\":[{\"@type\":\"ListItem\",\"position\":1,\"name\":\"Portada\",\"item\":\"https:\/\/pagina10.com\/web\/\"},{\"@type\":\"ListItem\",\"position\":2,\"name\":\"En Pasto, se realiz\u00f3 exposici\u00f3n de trabajos manuales de 800 beneficiarios de los centros vida\"}]},{\"@type\":\"WebSite\",\"@id\":\"https:\/\/pagina10.com\/web\/#website\",\"url\":\"https:\/\/pagina10.com\/web\/\",\"name\":\"P\u00e1gina10\",\"description\":\"Peri\u00f3dico Regional\",\"publisher\":{\"@id\":\"https:\/\/pagina10.com\/web\/#organization\"},\"alternateName\":\"P\u00e1gina10 Peri\u00f3dico Regional\",\"potentialAction\":[{\"@type\":\"SearchAction\",\"target\":{\"@type\":\"EntryPoint\",\"urlTemplate\":\"https:\/\/pagina10.com\/web\/?s={search_term_string}\"},\"query-input\":{\"@type\":\"PropertyValueSpecification\",\"valueRequired\":true,\"valueName\":\"search_term_string\"}}],\"inLanguage\":\"es\"},{\"@type\":\"Organization\",\"@id\":\"https:\/\/pagina10.com\/web\/#organization\",\"name\":\"P\u00e1gina10\",\"alternateName\":\"P\u00e1gina10 Peri\u00f3dico Regional\",\"url\":\"https:\/\/pagina10.com\/web\/\",\"logo\":{\"@type\":\"ImageObject\",\"inLanguage\":\"es\",\"@id\":\"https:\/\/pagina10.com\/web\/#\/schema\/logo\/image\/\",\"url\":\"https:\/\/pagina10.com\/web\/wp-content\/uploads\/2024\/01\/40-pagina-10-periodico-regional-pasto.jpg\",\"contentUrl\":\"https:\/\/pagina10.com\/web\/wp-content\/uploads\/2024\/01\/40-pagina-10-periodico-regional-pasto.jpg\",\"width\":1280,\"height\":720,\"caption\":\"P\u00e1gina10\"},\"image\":{\"@id\":\"https:\/\/pagina10.com\/web\/#\/schema\/logo\/image\/\"},\"sameAs\":[\"https:\/\/www.facebook.com\/pag10com\",\"https:\/\/x.com\/Pag10com\",\"https:\/\/www.instagram.com\/pagina10col\/\",\"https:\/\/youtube.com\/channel\/pag10\",\"https:\/\/www.tiktok.com\/@p10col\"]},{\"@type\":\"Person\",\"@id\":\"https:\/\/pagina10.com\/web\/#\/schema\/person\/2efc4a090d25b667d3bc796798a3a81b\",\"name\":\"P\u00e1gina 10\",\"description\":\"P\u00e1gina 10 es un peri\u00f3dico regional que nace en Colombia, en el departamento de Nari\u00f1o, con un enfoque global, fundamentado en cuatro pilares esenciales: la libertad, el pluralismo, la inclusi\u00f3n y la independencia. P\u00e1gina 10 hace referencia a Nari\u00f1o como el d\u00e9cimo departamento creado en Colombia, despu\u00e9s de un proceso pol\u00edtico liderado por actores y actrices regionales con el fin de obtener la independencia y autonom\u00eda de nuestros territorios. Con la creaci\u00f3n de P\u00e1gina 10 se pretende abrir un escenario para el dialogo, la reflexi\u00f3n y el debate que se extienda a otras geograf\u00edas de Am\u00e9rica Latina y del planeta, en una apuesta por transformar colectivamente los desaf\u00edos de un mundo contempor\u00e1neo, m\u00e1s all\u00e1 de las fronteras impuestas.\",\"url\":\"https:\/\/pagina10.com\/web\/author\/pdiezadmin\/\"}]}<\/script>\n<!-- \/ Yoast SEO plugin. -->","yoast_head_json":{"title":"En Pasto, se realiz\u00f3 exposici\u00f3n de trabajos manuales de 800 beneficiarios de los centros vida | P\u00e1gina10","robots":{"index":"index","follow":"follow","max-snippet":"max-snippet:-1","max-image-preview":"max-image-preview:large","max-video-preview":"max-video-preview:-1"},"canonical":"https:\/\/pagina10.com\/web\/en-pasto-se-realizo-exposicion-de-trabajos-manuales-de-800-beneficiarios-de-los-centros-vida\/","og_locale":"es_ES","og_type":"article","og_title":"En Pasto, se realiz\u00f3 exposici\u00f3n de trabajos manuales de 800 beneficiarios de los centros vida | P\u00e1gina10","og_description":"En cumplimiento al Plan de Desarrollo \u2018Pasto, La Gran Capital\u2019, la Alcald\u00eda de Pasto, a trav\u00e9s de la Secretar\u00eda de Bienestar Social, brinda talleres ocio-ocupacionales en los Centros Vida de las zonas rural y urbana con el fin de mejorar la calidad de vida de la poblaci\u00f3n adulta mayor. Cerca de 800 personas mayores se [&hellip;]","og_url":"https:\/\/pagina10.com\/web\/en-pasto-se-realizo-exposicion-de-trabajos-manuales-de-800-beneficiarios-de-los-centros-vida\/","og_site_name":"P\u00e1gina10","article_publisher":"https:\/\/www.facebook.com\/pag10com","article_published_time":"2022-12-21T02:41:00+00:00","og_image":[{"width":1280,"height":853,"url":"https:\/\/pagina10.com\/web\/wp-content\/uploads\/2022\/12\/WhatsApp-Image-2022-12-19-at-11.55.34-PM.jpeg","type":"image\/jpeg"}],"author":"P\u00e1gina 10","twitter_card":"summary_large_image","twitter_creator":"@Pag10com","twitter_site":"@Pag10com","twitter_misc":{"Escrito por":"P\u00e1gina 10","Tiempo de lectura":"1 minuto"},"schema":{"@context":"https:\/\/schema.org","@graph":[{"@type":"Article","@id":"https:\/\/pagina10.com\/web\/en-pasto-se-realizo-exposicion-de-trabajos-manuales-de-800-beneficiarios-de-los-centros-vida\/#article","isPartOf":{"@id":"https:\/\/pagina10.com\/web\/en-pasto-se-realizo-exposicion-de-trabajos-manuales-de-800-beneficiarios-de-los-centros-vida\/"},"author":{"name":"P\u00e1gina 10","@id":"https:\/\/pagina10.com\/web\/#\/schema\/person\/2efc4a090d25b667d3bc796798a3a81b"},"headline":"En Pasto, se realiz\u00f3 exposici\u00f3n de trabajos manuales de 800 beneficiarios de los centros vida","datePublished":"2022-12-21T02:41:00+00:00","mainEntityOfPage":{"@id":"https:\/\/pagina10.com\/web\/en-pasto-se-realizo-exposicion-de-trabajos-manuales-de-800-beneficiarios-de-los-centros-vida\/"},"wordCount":277,"commentCount":0,"publisher":{"@id":"https:\/\/pagina10.com\/web\/#organization"},"image":{"@id":"https:\/\/pagina10.com\/web\/en-pasto-se-realizo-exposicion-de-trabajos-manuales-de-800-beneficiarios-de-los-centros-vida\/#primaryimage"},"thumbnailUrl":"https:\/\/pagina10.com\/web\/wp-content\/uploads\/2022\/12\/WhatsApp-Image-2022-12-19-at-11.55.34-PM.jpeg","articleSection":["Ciudad"],"inLanguage":"es","potentialAction":[{"@type":"CommentAction","name":"Comment","target":["https:\/\/pagina10.com\/web\/en-pasto-se-realizo-exposicion-de-trabajos-manuales-de-800-beneficiarios-de-los-centros-vida\/#respond"]}]},{"@type":"WebPage","@id":"https:\/\/pagina10.com\/web\/en-pasto-se-realizo-exposicion-de-trabajos-manuales-de-800-beneficiarios-de-los-centros-vida\/","url":"https:\/\/pagina10.com\/web\/en-pasto-se-realizo-exposicion-de-trabajos-manuales-de-800-beneficiarios-de-los-centros-vida\/","name":"En Pasto, se realiz\u00f3 exposici\u00f3n de trabajos manuales de 800 beneficiarios de los centros vida | P\u00e1gina10","isPartOf":{"@id":"https:\/\/pagina10.com\/web\/#website"},"primaryImageOfPage":{"@id":"https:\/\/pagina10.com\/web\/en-pasto-se-realizo-exposicion-de-trabajos-manuales-de-800-beneficiarios-de-los-centros-vida\/#primaryimage"},"image":{"@id":"https:\/\/pagina10.com\/web\/en-pasto-se-realizo-exposicion-de-trabajos-manuales-de-800-beneficiarios-de-los-centros-vida\/#primaryimage"},"thumbnailUrl":"https:\/\/pagina10.com\/web\/wp-content\/uploads\/2022\/12\/WhatsApp-Image-2022-12-19-at-11.55.34-PM.jpeg","datePublished":"2022-12-21T02:41:00+00:00","breadcrumb":{"@id":"https:\/\/pagina10.com\/web\/en-pasto-se-realizo-exposicion-de-trabajos-manuales-de-800-beneficiarios-de-los-centros-vida\/#breadcrumb"},"inLanguage":"es","potentialAction":[{"@type":"ReadAction","target":["https:\/\/pagina10.com\/web\/en-pasto-se-realizo-exposicion-de-trabajos-manuales-de-800-beneficiarios-de-los-centros-vida\/"]}]},{"@type":"ImageObject","inLanguage":"es","@id":"https:\/\/pagina10.com\/web\/en-pasto-se-realizo-exposicion-de-trabajos-manuales-de-800-beneficiarios-de-los-centros-vida\/#primaryimage","url":"https:\/\/pagina10.com\/web\/wp-content\/uploads\/2022\/12\/WhatsApp-Image-2022-12-19-at-11.55.34-PM.jpeg","contentUrl":"https:\/\/pagina10.com\/web\/wp-content\/uploads\/2022\/12\/WhatsApp-Image-2022-12-19-at-11.55.34-PM.jpeg","width":1280,"height":853},{"@type":"BreadcrumbList","@id":"https:\/\/pagina10.com\/web\/en-pasto-se-realizo-exposicion-de-trabajos-manuales-de-800-beneficiarios-de-los-centros-vida\/#breadcrumb","itemListElement":[{"@type":"ListItem","position":1,"name":"Portada","item":"https:\/\/pagina10.com\/web\/"},{"@type":"ListItem","position":2,"name":"En Pasto, se realiz\u00f3 exposici\u00f3n de trabajos manuales de 800 beneficiarios de los centros vida"}]},{"@type":"WebSite","@id":"https:\/\/pagina10.com\/web\/#website","url":"https:\/\/pagina10.com\/web\/","name":"P\u00e1gina10","description":"Peri\u00f3dico Regional","publisher":{"@id":"https:\/\/pagina10.com\/web\/#organization"},"alternateName":"P\u00e1gina10 Peri\u00f3dico Regional","potentialAction":[{"@type":"SearchAction","target":{"@type":"EntryPoint","urlTemplate":"https:\/\/pagina10.com\/web\/?s={search_term_string}"},"query-input":{"@type":"PropertyValueSpecification","valueRequired":true,"valueName":"search_term_string"}}],"inLanguage":"es"},{"@type":"Organization","@id":"https:\/\/pagina10.com\/web\/#organization","name":"P\u00e1gina10","alternateName":"P\u00e1gina10 Peri\u00f3dico Regional","url":"https:\/\/pagina10.com\/web\/","logo":{"@type":"ImageObject","inLanguage":"es","@id":"https:\/\/pagina10.com\/web\/#\/schema\/logo\/image\/","url":"https:\/\/pagina10.com\/web\/wp-content\/uploads\/2024\/01\/40-pagina-10-periodico-regional-pasto.jpg","contentUrl":"https:\/\/pagina10.com\/web\/wp-content\/uploads\/2024\/01\/40-pagina-10-periodico-regional-pasto.jpg","width":1280,"height":720,"caption":"P\u00e1gina10"},"image":{"@id":"https:\/\/pagina10.com\/web\/#\/schema\/logo\/image\/"},"sameAs":["https:\/\/www.facebook.com\/pag10com","https:\/\/x.com\/Pag10com","https:\/\/www.instagram.com\/pagina10col\/","https:\/\/youtube.com\/channel\/pag10","https:\/\/www.tiktok.com\/@p10col"]},{"@type":"Person","@id":"https:\/\/pagina10.com\/web\/#\/schema\/person\/2efc4a090d25b667d3bc796798a3a81b","name":"P\u00e1gina 10","description":"P\u00e1gina 10 es un peri\u00f3dico regional que nace en Colombia, en el departamento de Nari\u00f1o, con un enfoque global, fundamentado en cuatro pilares esenciales: la libertad, el pluralismo, la inclusi\u00f3n y la independencia. P\u00e1gina 10 hace referencia a Nari\u00f1o como el d\u00e9cimo departamento creado en Colombia, despu\u00e9s de un proceso pol\u00edtico liderado por actores y actrices regionales con el fin de obtener la independencia y autonom\u00eda de nuestros territorios. Con la creaci\u00f3n de P\u00e1gina 10 se pretende abrir un escenario para el dialogo, la reflexi\u00f3n y el debate que se extienda a otras geograf\u00edas de Am\u00e9rica Latina y del planeta, en una apuesta por transformar colectivamente los desaf\u00edos de un mundo contempor\u00e1neo, m\u00e1s all\u00e1 de las fronteras impuestas.","url":"https:\/\/pagina10.com\/web\/author\/pdiezadmin\/"}]}},"_links":{"self":[{"href":"https:\/\/pagina10.com\/web\/wp-json\/wp\/v2\/posts\/63610","targetHints":{"allow":["GET"]}}],"collection":[{"href":"https:\/\/pagina10.com\/web\/wp-json\/wp\/v2\/posts"}],"about":[{"href":"https:\/\/pagina10.com\/web\/wp-json\/wp\/v2\/types\/post"}],"author":[{"embeddable":true,"href":"https:\/\/pagina10.com\/web\/wp-json\/wp\/v2\/users\/1"}],"replies":[{"embeddable":true,"href":"https:\/\/pagina10.com\/web\/wp-json\/wp\/v2\/comments?post=63610"}],"version-history":[{"count":1,"href":"https:\/\/pagina10.com\/web\/wp-json\/wp\/v2\/posts\/63610\/revisions"}],"predecessor-version":[{"id":63612,"href":"https:\/\/pagina10.com\/web\/wp-json\/wp\/v2\/posts\/63610\/revisions\/63612"}],"wp:featuredmedia":[{"embeddable":true,"href":"https:\/\/pagina10.com\/web\/wp-json\/wp\/v2\/media\/63611"}],"wp:attachment":[{"href":"https:\/\/pagina10.com\/web\/wp-json\/wp\/v2\/media?parent=63610"}],"wp:term":[{"taxonomy":"category","embeddable":true,"href":"https:\/\/pagina10.com\/web\/wp-json\/wp\/v2\/categories?post=63610"},{"taxonomy":"post_tag","embeddable":true,"href":"https:\/\/pagina10.com\/web\/wp-json\/wp\/v2\/tags?post=63610"}],"curies":[{"name":"wp","href":"https:\/\/api.w.org\/{rel}","templated":true}]}}