{"id":63616,"date":"2022-12-20T21:50:32","date_gmt":"2022-12-21T02:50:32","guid":{"rendered":"https:\/\/pagina10.com\/web\/?p=63616"},"modified":"2022-12-20T21:50:32","modified_gmt":"2022-12-21T02:50:32","slug":"alcaldia-de-pasto-acompano-visita-de-ministra-de-salud-carolina-corcho","status":"publish","type":"post","link":"https:\/\/pagina10.com\/web\/alcaldia-de-pasto-acompano-visita-de-ministra-de-salud-carolina-corcho\/","title":{"rendered":"Alcald\u00eda de Pasto acompa\u00f1\u00f3 visita de ministra de salud, Carolina Corcho"},"content":{"rendered":"<p style=\"text-align: justify;\">La Alcald\u00eda de Pasto, a trav\u00e9s de la Secretar\u00eda de Salud, acompa\u00f1\u00f3 la Audiencia P\u00fablica &#8220;Hablemos de la reforma a la salud&#8221;, realizada en sesi\u00f3n formal de la Comisi\u00f3n S\u00e9ptima del Senado, con presencia de la Ministra de Salud y Protecci\u00f3n Social, Carolina Corcho, la Superintendencia de Salud, autoridades del municipio, del departamento y comunidad en general.<\/p>\n<p style=\"text-align: justify;\">La audiencia se llev\u00f3 cabo en el auditorio de la I.E.M. Normal Superior y posteriormente, la funcionaria del Gobierno Nacional visit\u00f3 las instalaciones del Hospital Universitario Departamental de Nari\u00f1o, donde se reuni\u00f3 con los gerentes de las Empresas Sociales del Estado (E.S.E.) para conocer de cerca las problem\u00e1ticas que afrontan est\u00e1s instituciones.<\/p>\n<p style=\"text-align: justify;\">El secretario de Salud, Javier Andr\u00e9s Ruano Gonz\u00e1lez, precis\u00f3 que en la visita de la alta funcionaria, la Administraci\u00f3n Municipal solicit\u00f3 apoyo del Gobierno Nacional para el fortalecimiento del proceso de desarrollo de capacidades comunitarias e institucionales en la implementaci\u00f3n de la Pol\u00edtica P\u00fablica &#8216;La salud en todos los derechos&#8217;, la disminuci\u00f3n de riesgos y la atenci\u00f3n materno perinatal y binomio madre e hijo.<\/p>\n<p style=\"text-align: justify;\">Adem\u00e1s, el funcionario enfatiz\u00f3 en la importancia de m\u00e1s recursos para la Poblaci\u00f3n Pobre no Asegurada (PPNA) y la cobertura de servicios para migrantes irregulares; por eso se solicit\u00f3 el respaldo en la construcci\u00f3n y puesta en funcionamiento de la central de acopio para la garant\u00eda del funcionamiento del Programa Ampliado de Inmunizaciones del municipio y el fortalecimiento en la implementaci\u00f3n del Observatorio de Participaci\u00f3n Social, iniciativa ejecutada por la Secretar\u00eda de Salud.<\/p>\n","protected":false},"excerpt":{"rendered":"<p>La Alcald\u00eda de Pasto, a trav\u00e9s de la Secretar\u00eda de Salud, acompa\u00f1\u00f3 la Audiencia P\u00fablica &#8220;Hablemos de la reforma a la salud&#8221;, realizada en sesi\u00f3n formal de la Comisi\u00f3n S\u00e9ptima del Senado, con presencia de la Ministra de Salud y Protecci\u00f3n Social, Carolina Corcho, la Superintendencia de Salud, autoridades del municipio, del departamento y comunidad [&hellip;]<\/p>\n","protected":false},"author":1,"featured_media":63617,"comment_status":"open","ping_status":"open","sticky":false,"template":"","format":"standard","meta":{"footnotes":""},"categories":[82],"tags":[],"class_list":["post-63616","post","type-post","status-publish","format-standard","has-post-thumbnail","hentry","category-ciudad-2"],"yoast_head":"<!-- This site is optimized with the Yoast SEO plugin v27.1.1 - https:\/\/yoast.com\/product\/yoast-seo-wordpress\/ -->\n<title>Alcald\u00eda de Pasto acompa\u00f1\u00f3 visita de ministra de salud, Carolina Corcho | P\u00e1gina10<\/title>\n<meta name=\"robots\" content=\"index, follow, max-snippet:-1, max-image-preview:large, max-video-preview:-1\" \/>\n<link rel=\"canonical\" href=\"https:\/\/pagina10.com\/web\/alcaldia-de-pasto-acompano-visita-de-ministra-de-salud-carolina-corcho\/\" \/>\n<meta property=\"og:locale\" content=\"es_ES\" \/>\n<meta property=\"og:type\" content=\"article\" \/>\n<meta property=\"og:title\" content=\"Alcald\u00eda de Pasto acompa\u00f1\u00f3 visita de ministra de salud, Carolina Corcho | P\u00e1gina10\" \/>\n<meta property=\"og:description\" content=\"La Alcald\u00eda de Pasto, a trav\u00e9s de la Secretar\u00eda de Salud, acompa\u00f1\u00f3 la Audiencia P\u00fablica &#8220;Hablemos de la reforma a la salud&#8221;, realizada en sesi\u00f3n formal de la Comisi\u00f3n S\u00e9ptima del Senado, con presencia de la Ministra de Salud y Protecci\u00f3n Social, Carolina Corcho, la Superintendencia de Salud, autoridades del municipio, del departamento y comunidad [&hellip;]\" \/>\n<meta property=\"og:url\" content=\"https:\/\/pagina10.com\/web\/alcaldia-de-pasto-acompano-visita-de-ministra-de-salud-carolina-corcho\/\" \/>\n<meta property=\"og:site_name\" content=\"P\u00e1gina10\" \/>\n<meta property=\"article:publisher\" content=\"https:\/\/www.facebook.com\/pag10com\" \/>\n<meta property=\"article:published_time\" content=\"2022-12-21T02:50:32+00:00\" \/>\n<meta property=\"og:image\" content=\"https:\/\/pagina10.com\/web\/wp-content\/uploads\/2022\/12\/WhatsApp-Image-2022-12-18-at-10.21.39-PM.jpeg\" \/>\n\t<meta property=\"og:image:width\" content=\"1280\" \/>\n\t<meta property=\"og:image:height\" content=\"870\" \/>\n\t<meta property=\"og:image:type\" content=\"image\/jpeg\" \/>\n<meta name=\"author\" content=\"P\u00e1gina 10\" \/>\n<meta name=\"twitter:card\" content=\"summary_large_image\" \/>\n<meta name=\"twitter:creator\" content=\"@Pag10com\" \/>\n<meta name=\"twitter:site\" content=\"@Pag10com\" \/>\n<meta name=\"twitter:label1\" content=\"Escrito por\" \/>\n\t<meta name=\"twitter:data1\" content=\"P\u00e1gina 10\" \/>\n\t<meta name=\"twitter:label2\" content=\"Tiempo de lectura\" \/>\n\t<meta name=\"twitter:data2\" content=\"1 minuto\" \/>\n<script type=\"application\/ld+json\" class=\"yoast-schema-graph\">{\"@context\":\"https:\/\/schema.org\",\"@graph\":[{\"@type\":\"Article\",\"@id\":\"https:\/\/pagina10.com\/web\/alcaldia-de-pasto-acompano-visita-de-ministra-de-salud-carolina-corcho\/#article\",\"isPartOf\":{\"@id\":\"https:\/\/pagina10.com\/web\/alcaldia-de-pasto-acompano-visita-de-ministra-de-salud-carolina-corcho\/\"},\"author\":{\"name\":\"P\u00e1gina 10\",\"@id\":\"https:\/\/pagina10.com\/web\/#\/schema\/person\/2efc4a090d25b667d3bc796798a3a81b\"},\"headline\":\"Alcald\u00eda de Pasto acompa\u00f1\u00f3 visita de ministra de salud, Carolina Corcho\",\"datePublished\":\"2022-12-21T02:50:32+00:00\",\"mainEntityOfPage\":{\"@id\":\"https:\/\/pagina10.com\/web\/alcaldia-de-pasto-acompano-visita-de-ministra-de-salud-carolina-corcho\/\"},\"wordCount\":289,\"commentCount\":0,\"publisher\":{\"@id\":\"https:\/\/pagina10.com\/web\/#organization\"},\"image\":{\"@id\":\"https:\/\/pagina10.com\/web\/alcaldia-de-pasto-acompano-visita-de-ministra-de-salud-carolina-corcho\/#primaryimage\"},\"thumbnailUrl\":\"https:\/\/pagina10.com\/web\/wp-content\/uploads\/2022\/12\/WhatsApp-Image-2022-12-18-at-10.21.39-PM.jpeg\",\"articleSection\":[\"Ciudad\"],\"inLanguage\":\"es\",\"potentialAction\":[{\"@type\":\"CommentAction\",\"name\":\"Comment\",\"target\":[\"https:\/\/pagina10.com\/web\/alcaldia-de-pasto-acompano-visita-de-ministra-de-salud-carolina-corcho\/#respond\"]}]},{\"@type\":\"WebPage\",\"@id\":\"https:\/\/pagina10.com\/web\/alcaldia-de-pasto-acompano-visita-de-ministra-de-salud-carolina-corcho\/\",\"url\":\"https:\/\/pagina10.com\/web\/alcaldia-de-pasto-acompano-visita-de-ministra-de-salud-carolina-corcho\/\",\"name\":\"Alcald\u00eda de Pasto acompa\u00f1\u00f3 visita de ministra de salud, Carolina Corcho | P\u00e1gina10\",\"isPartOf\":{\"@id\":\"https:\/\/pagina10.com\/web\/#website\"},\"primaryImageOfPage\":{\"@id\":\"https:\/\/pagina10.com\/web\/alcaldia-de-pasto-acompano-visita-de-ministra-de-salud-carolina-corcho\/#primaryimage\"},\"image\":{\"@id\":\"https:\/\/pagina10.com\/web\/alcaldia-de-pasto-acompano-visita-de-ministra-de-salud-carolina-corcho\/#primaryimage\"},\"thumbnailUrl\":\"https:\/\/pagina10.com\/web\/wp-content\/uploads\/2022\/12\/WhatsApp-Image-2022-12-18-at-10.21.39-PM.jpeg\",\"datePublished\":\"2022-12-21T02:50:32+00:00\",\"breadcrumb\":{\"@id\":\"https:\/\/pagina10.com\/web\/alcaldia-de-pasto-acompano-visita-de-ministra-de-salud-carolina-corcho\/#breadcrumb\"},\"inLanguage\":\"es\",\"potentialAction\":[{\"@type\":\"ReadAction\",\"target\":[\"https:\/\/pagina10.com\/web\/alcaldia-de-pasto-acompano-visita-de-ministra-de-salud-carolina-corcho\/\"]}]},{\"@type\":\"ImageObject\",\"inLanguage\":\"es\",\"@id\":\"https:\/\/pagina10.com\/web\/alcaldia-de-pasto-acompano-visita-de-ministra-de-salud-carolina-corcho\/#primaryimage\",\"url\":\"https:\/\/pagina10.com\/web\/wp-content\/uploads\/2022\/12\/WhatsApp-Image-2022-12-18-at-10.21.39-PM.jpeg\",\"contentUrl\":\"https:\/\/pagina10.com\/web\/wp-content\/uploads\/2022\/12\/WhatsApp-Image-2022-12-18-at-10.21.39-PM.jpeg\",\"width\":1280,\"height\":870},{\"@type\":\"BreadcrumbList\",\"@id\":\"https:\/\/pagina10.com\/web\/alcaldia-de-pasto-acompano-visita-de-ministra-de-salud-carolina-corcho\/#breadcrumb\",\"itemListElement\":[{\"@type\":\"ListItem\",\"position\":1,\"name\":\"Portada\",\"item\":\"https:\/\/pagina10.com\/web\/\"},{\"@type\":\"ListItem\",\"position\":2,\"name\":\"Alcald\u00eda de Pasto acompa\u00f1\u00f3 visita de ministra de salud, Carolina Corcho\"}]},{\"@type\":\"WebSite\",\"@id\":\"https:\/\/pagina10.com\/web\/#website\",\"url\":\"https:\/\/pagina10.com\/web\/\",\"name\":\"P\u00e1gina10\",\"description\":\"Peri\u00f3dico Regional\",\"publisher\":{\"@id\":\"https:\/\/pagina10.com\/web\/#organization\"},\"alternateName\":\"P\u00e1gina10 Peri\u00f3dico Regional\",\"potentialAction\":[{\"@type\":\"SearchAction\",\"target\":{\"@type\":\"EntryPoint\",\"urlTemplate\":\"https:\/\/pagina10.com\/web\/?s={search_term_string}\"},\"query-input\":{\"@type\":\"PropertyValueSpecification\",\"valueRequired\":true,\"valueName\":\"search_term_string\"}}],\"inLanguage\":\"es\"},{\"@type\":\"Organization\",\"@id\":\"https:\/\/pagina10.com\/web\/#organization\",\"name\":\"P\u00e1gina10\",\"alternateName\":\"P\u00e1gina10 Peri\u00f3dico Regional\",\"url\":\"https:\/\/pagina10.com\/web\/\",\"logo\":{\"@type\":\"ImageObject\",\"inLanguage\":\"es\",\"@id\":\"https:\/\/pagina10.com\/web\/#\/schema\/logo\/image\/\",\"url\":\"https:\/\/pagina10.com\/web\/wp-content\/uploads\/2024\/01\/40-pagina-10-periodico-regional-pasto.jpg\",\"contentUrl\":\"https:\/\/pagina10.com\/web\/wp-content\/uploads\/2024\/01\/40-pagina-10-periodico-regional-pasto.jpg\",\"width\":1280,\"height\":720,\"caption\":\"P\u00e1gina10\"},\"image\":{\"@id\":\"https:\/\/pagina10.com\/web\/#\/schema\/logo\/image\/\"},\"sameAs\":[\"https:\/\/www.facebook.com\/pag10com\",\"https:\/\/x.com\/Pag10com\",\"https:\/\/www.instagram.com\/pagina10col\/\",\"https:\/\/youtube.com\/channel\/pag10\",\"https:\/\/www.tiktok.com\/@p10col\"]},{\"@type\":\"Person\",\"@id\":\"https:\/\/pagina10.com\/web\/#\/schema\/person\/2efc4a090d25b667d3bc796798a3a81b\",\"name\":\"P\u00e1gina 10\",\"description\":\"P\u00e1gina 10 es un peri\u00f3dico regional que nace en Colombia, en el departamento de Nari\u00f1o, con un enfoque global, fundamentado en cuatro pilares esenciales: la libertad, el pluralismo, la inclusi\u00f3n y la independencia. P\u00e1gina 10 hace referencia a Nari\u00f1o como el d\u00e9cimo departamento creado en Colombia, despu\u00e9s de un proceso pol\u00edtico liderado por actores y actrices regionales con el fin de obtener la independencia y autonom\u00eda de nuestros territorios. Con la creaci\u00f3n de P\u00e1gina 10 se pretende abrir un escenario para el dialogo, la reflexi\u00f3n y el debate que se extienda a otras geograf\u00edas de Am\u00e9rica Latina y del planeta, en una apuesta por transformar colectivamente los desaf\u00edos de un mundo contempor\u00e1neo, m\u00e1s all\u00e1 de las fronteras impuestas.\",\"url\":\"https:\/\/pagina10.com\/web\/author\/pdiezadmin\/\"}]}<\/script>\n<!-- \/ Yoast SEO plugin. -->","yoast_head_json":{"title":"Alcald\u00eda de Pasto acompa\u00f1\u00f3 visita de ministra de salud, Carolina Corcho | P\u00e1gina10","robots":{"index":"index","follow":"follow","max-snippet":"max-snippet:-1","max-image-preview":"max-image-preview:large","max-video-preview":"max-video-preview:-1"},"canonical":"https:\/\/pagina10.com\/web\/alcaldia-de-pasto-acompano-visita-de-ministra-de-salud-carolina-corcho\/","og_locale":"es_ES","og_type":"article","og_title":"Alcald\u00eda de Pasto acompa\u00f1\u00f3 visita de ministra de salud, Carolina Corcho | P\u00e1gina10","og_description":"La Alcald\u00eda de Pasto, a trav\u00e9s de la Secretar\u00eda de Salud, acompa\u00f1\u00f3 la Audiencia P\u00fablica &#8220;Hablemos de la reforma a la salud&#8221;, realizada en sesi\u00f3n formal de la Comisi\u00f3n S\u00e9ptima del Senado, con presencia de la Ministra de Salud y Protecci\u00f3n Social, Carolina Corcho, la Superintendencia de Salud, autoridades del municipio, del departamento y comunidad [&hellip;]","og_url":"https:\/\/pagina10.com\/web\/alcaldia-de-pasto-acompano-visita-de-ministra-de-salud-carolina-corcho\/","og_site_name":"P\u00e1gina10","article_publisher":"https:\/\/www.facebook.com\/pag10com","article_published_time":"2022-12-21T02:50:32+00:00","og_image":[{"width":1280,"height":870,"url":"https:\/\/pagina10.com\/web\/wp-content\/uploads\/2022\/12\/WhatsApp-Image-2022-12-18-at-10.21.39-PM.jpeg","type":"image\/jpeg"}],"author":"P\u00e1gina 10","twitter_card":"summary_large_image","twitter_creator":"@Pag10com","twitter_site":"@Pag10com","twitter_misc":{"Escrito por":"P\u00e1gina 10","Tiempo de lectura":"1 minuto"},"schema":{"@context":"https:\/\/schema.org","@graph":[{"@type":"Article","@id":"https:\/\/pagina10.com\/web\/alcaldia-de-pasto-acompano-visita-de-ministra-de-salud-carolina-corcho\/#article","isPartOf":{"@id":"https:\/\/pagina10.com\/web\/alcaldia-de-pasto-acompano-visita-de-ministra-de-salud-carolina-corcho\/"},"author":{"name":"P\u00e1gina 10","@id":"https:\/\/pagina10.com\/web\/#\/schema\/person\/2efc4a090d25b667d3bc796798a3a81b"},"headline":"Alcald\u00eda de Pasto acompa\u00f1\u00f3 visita de ministra de salud, Carolina Corcho","datePublished":"2022-12-21T02:50:32+00:00","mainEntityOfPage":{"@id":"https:\/\/pagina10.com\/web\/alcaldia-de-pasto-acompano-visita-de-ministra-de-salud-carolina-corcho\/"},"wordCount":289,"commentCount":0,"publisher":{"@id":"https:\/\/pagina10.com\/web\/#organization"},"image":{"@id":"https:\/\/pagina10.com\/web\/alcaldia-de-pasto-acompano-visita-de-ministra-de-salud-carolina-corcho\/#primaryimage"},"thumbnailUrl":"https:\/\/pagina10.com\/web\/wp-content\/uploads\/2022\/12\/WhatsApp-Image-2022-12-18-at-10.21.39-PM.jpeg","articleSection":["Ciudad"],"inLanguage":"es","potentialAction":[{"@type":"CommentAction","name":"Comment","target":["https:\/\/pagina10.com\/web\/alcaldia-de-pasto-acompano-visita-de-ministra-de-salud-carolina-corcho\/#respond"]}]},{"@type":"WebPage","@id":"https:\/\/pagina10.com\/web\/alcaldia-de-pasto-acompano-visita-de-ministra-de-salud-carolina-corcho\/","url":"https:\/\/pagina10.com\/web\/alcaldia-de-pasto-acompano-visita-de-ministra-de-salud-carolina-corcho\/","name":"Alcald\u00eda de Pasto acompa\u00f1\u00f3 visita de ministra de salud, Carolina Corcho | P\u00e1gina10","isPartOf":{"@id":"https:\/\/pagina10.com\/web\/#website"},"primaryImageOfPage":{"@id":"https:\/\/pagina10.com\/web\/alcaldia-de-pasto-acompano-visita-de-ministra-de-salud-carolina-corcho\/#primaryimage"},"image":{"@id":"https:\/\/pagina10.com\/web\/alcaldia-de-pasto-acompano-visita-de-ministra-de-salud-carolina-corcho\/#primaryimage"},"thumbnailUrl":"https:\/\/pagina10.com\/web\/wp-content\/uploads\/2022\/12\/WhatsApp-Image-2022-12-18-at-10.21.39-PM.jpeg","datePublished":"2022-12-21T02:50:32+00:00","breadcrumb":{"@id":"https:\/\/pagina10.com\/web\/alcaldia-de-pasto-acompano-visita-de-ministra-de-salud-carolina-corcho\/#breadcrumb"},"inLanguage":"es","potentialAction":[{"@type":"ReadAction","target":["https:\/\/pagina10.com\/web\/alcaldia-de-pasto-acompano-visita-de-ministra-de-salud-carolina-corcho\/"]}]},{"@type":"ImageObject","inLanguage":"es","@id":"https:\/\/pagina10.com\/web\/alcaldia-de-pasto-acompano-visita-de-ministra-de-salud-carolina-corcho\/#primaryimage","url":"https:\/\/pagina10.com\/web\/wp-content\/uploads\/2022\/12\/WhatsApp-Image-2022-12-18-at-10.21.39-PM.jpeg","contentUrl":"https:\/\/pagina10.com\/web\/wp-content\/uploads\/2022\/12\/WhatsApp-Image-2022-12-18-at-10.21.39-PM.jpeg","width":1280,"height":870},{"@type":"BreadcrumbList","@id":"https:\/\/pagina10.com\/web\/alcaldia-de-pasto-acompano-visita-de-ministra-de-salud-carolina-corcho\/#breadcrumb","itemListElement":[{"@type":"ListItem","position":1,"name":"Portada","item":"https:\/\/pagina10.com\/web\/"},{"@type":"ListItem","position":2,"name":"Alcald\u00eda de Pasto acompa\u00f1\u00f3 visita de ministra de salud, Carolina Corcho"}]},{"@type":"WebSite","@id":"https:\/\/pagina10.com\/web\/#website","url":"https:\/\/pagina10.com\/web\/","name":"P\u00e1gina10","description":"Peri\u00f3dico Regional","publisher":{"@id":"https:\/\/pagina10.com\/web\/#organization"},"alternateName":"P\u00e1gina10 Peri\u00f3dico Regional","potentialAction":[{"@type":"SearchAction","target":{"@type":"EntryPoint","urlTemplate":"https:\/\/pagina10.com\/web\/?s={search_term_string}"},"query-input":{"@type":"PropertyValueSpecification","valueRequired":true,"valueName":"search_term_string"}}],"inLanguage":"es"},{"@type":"Organization","@id":"https:\/\/pagina10.com\/web\/#organization","name":"P\u00e1gina10","alternateName":"P\u00e1gina10 Peri\u00f3dico Regional","url":"https:\/\/pagina10.com\/web\/","logo":{"@type":"ImageObject","inLanguage":"es","@id":"https:\/\/pagina10.com\/web\/#\/schema\/logo\/image\/","url":"https:\/\/pagina10.com\/web\/wp-content\/uploads\/2024\/01\/40-pagina-10-periodico-regional-pasto.jpg","contentUrl":"https:\/\/pagina10.com\/web\/wp-content\/uploads\/2024\/01\/40-pagina-10-periodico-regional-pasto.jpg","width":1280,"height":720,"caption":"P\u00e1gina10"},"image":{"@id":"https:\/\/pagina10.com\/web\/#\/schema\/logo\/image\/"},"sameAs":["https:\/\/www.facebook.com\/pag10com","https:\/\/x.com\/Pag10com","https:\/\/www.instagram.com\/pagina10col\/","https:\/\/youtube.com\/channel\/pag10","https:\/\/www.tiktok.com\/@p10col"]},{"@type":"Person","@id":"https:\/\/pagina10.com\/web\/#\/schema\/person\/2efc4a090d25b667d3bc796798a3a81b","name":"P\u00e1gina 10","description":"P\u00e1gina 10 es un peri\u00f3dico regional que nace en Colombia, en el departamento de Nari\u00f1o, con un enfoque global, fundamentado en cuatro pilares esenciales: la libertad, el pluralismo, la inclusi\u00f3n y la independencia. P\u00e1gina 10 hace referencia a Nari\u00f1o como el d\u00e9cimo departamento creado en Colombia, despu\u00e9s de un proceso pol\u00edtico liderado por actores y actrices regionales con el fin de obtener la independencia y autonom\u00eda de nuestros territorios. Con la creaci\u00f3n de P\u00e1gina 10 se pretende abrir un escenario para el dialogo, la reflexi\u00f3n y el debate que se extienda a otras geograf\u00edas de Am\u00e9rica Latina y del planeta, en una apuesta por transformar colectivamente los desaf\u00edos de un mundo contempor\u00e1neo, m\u00e1s all\u00e1 de las fronteras impuestas.","url":"https:\/\/pagina10.com\/web\/author\/pdiezadmin\/"}]}},"_links":{"self":[{"href":"https:\/\/pagina10.com\/web\/wp-json\/wp\/v2\/posts\/63616","targetHints":{"allow":["GET"]}}],"collection":[{"href":"https:\/\/pagina10.com\/web\/wp-json\/wp\/v2\/posts"}],"about":[{"href":"https:\/\/pagina10.com\/web\/wp-json\/wp\/v2\/types\/post"}],"author":[{"embeddable":true,"href":"https:\/\/pagina10.com\/web\/wp-json\/wp\/v2\/users\/1"}],"replies":[{"embeddable":true,"href":"https:\/\/pagina10.com\/web\/wp-json\/wp\/v2\/comments?post=63616"}],"version-history":[{"count":1,"href":"https:\/\/pagina10.com\/web\/wp-json\/wp\/v2\/posts\/63616\/revisions"}],"predecessor-version":[{"id":63618,"href":"https:\/\/pagina10.com\/web\/wp-json\/wp\/v2\/posts\/63616\/revisions\/63618"}],"wp:featuredmedia":[{"embeddable":true,"href":"https:\/\/pagina10.com\/web\/wp-json\/wp\/v2\/media\/63617"}],"wp:attachment":[{"href":"https:\/\/pagina10.com\/web\/wp-json\/wp\/v2\/media?parent=63616"}],"wp:term":[{"taxonomy":"category","embeddable":true,"href":"https:\/\/pagina10.com\/web\/wp-json\/wp\/v2\/categories?post=63616"},{"taxonomy":"post_tag","embeddable":true,"href":"https:\/\/pagina10.com\/web\/wp-json\/wp\/v2\/tags?post=63616"}],"curies":[{"name":"wp","href":"https:\/\/api.w.org\/{rel}","templated":true}]}}