{"id":63696,"date":"2022-12-24T13:36:05","date_gmt":"2022-12-24T18:36:05","guid":{"rendered":"https:\/\/pagina10.com\/web\/?p=63696"},"modified":"2022-12-24T13:36:05","modified_gmt":"2022-12-24T18:36:05","slug":"en-ipiales-capturaron-a-cinco-policias-por-tener-presuntos-vinculos-con-la-segunda-marquetalia","status":"publish","type":"post","link":"https:\/\/pagina10.com\/web\/en-ipiales-capturaron-a-cinco-policias-por-tener-presuntos-vinculos-con-la-segunda-marquetalia\/","title":{"rendered":"En Ipiales capturaron a cinco polic\u00edas por tener presuntos v\u00ednculos con la Segunda Marquetalia"},"content":{"rendered":"<p style=\"text-align: justify;\">La investigaci\u00f3n de un fiscal de la Estructura de Apoyo (EDA) y servidores del CTI permiti\u00f3 establecer que el grupo de cinco patrulleros activos de la Polic\u00eda Nacional en Ipiales, presuntamente, integraban la estructura delincuencial Sin fronteras, del que tambi\u00e9n hacen parte integrantes del Grupo Armado Organizado Residual Segunda Marquetalia, de las de las Farc.<\/p>\n<p style=\"text-align: justify;\">Seg\u00fan la investigaci\u00f3n, los uniformados ven\u00edan delinquiendo desde 2020 en favor de esta estructura en este municipio nari\u00f1ense con hurtos, secuestros, extorsiones, tr\u00e1fico de estupefacientes, homicidio y tr\u00e1fico de migrantes. Los uniformados no realizaban los operativos contra esta organizaci\u00f3n criminal y demoraban las acciones de control y captura.<\/p>\n<p style=\"text-align: justify;\">Al parecer recib\u00edan entre $60.000 y $400.000 diarios para que revelaran la ubicaci\u00f3n de c\u00e1maras de vigilancia en sectores donde cometer\u00edan los delitos. Servidores del CTI, cumpliendo una orden emitida por un juez de El Contadero (Nari\u00f1o), junto con agentes de la Sipol de la Polic\u00eda, capturaron a los patrulleros: \u00c1lvaro Solarte Ortega, Alirio Andr\u00e9s Garc\u00eda Su\u00e1rez, Dilan Ricardo Barreto de La Hoz, Faiber Samir Naranjo Hern\u00e1ndez y Brayan Hamilton Montenegro Duqueza.<\/p>\n<p style=\"text-align: justify;\">Las indagaciones permitieron establecer que en marzo de 2021, el patrullero Hamilton Montenegro habr\u00eda sido contactado por el segundo comandante de la disidencia, alias Edilio, quien solicit\u00f3 trabajar con la estructura criminal para verificar c\u00e1maras de seguridad.<\/p>\n<p style=\"text-align: justify;\">Presuntamente, le ofreci\u00f3 entre $500.000 y $1&#8217;500.000 por cometer homicidios selectivos de venezolanos y colombianos. Adem\u00e1s, el uniformado habr\u00eda llegado a un acuerdo para vender munici\u00f3n para pistola 9 mil\u00edmetros.<\/p>\n<p style=\"text-align: justify;\">En el 2021, en Ipiales fueron cometidos tres homicidios. El primer caso se registr\u00f3 el 30 de julio en el que muri\u00f3 un ciudadano venezolano. Los otros dos casos, 5 y 21 de agosto, fueron asesinados dos colombianos por la disidencia residual Segunda Marquetalia.<\/p>\n<p style=\"text-align: justify;\">La investigaci\u00f3n penal estableci\u00f3 que ninguno de los tres casos fue atendido por los patrulleros investigados, como les correspond\u00eda hacerlo dentro del cuadrante donde se registraron los homicidios.<\/p>\n<p style=\"text-align: justify;\">La Fiscal\u00eda Seccional estableci\u00f3 que \u00c1lvaro Solarte Ortega, Alirio Andr\u00e9s Garc\u00eda Su\u00e1rez, Dilan Ricardo Barreto de La hoz, Faiber Samir Naranjo Hern\u00e1ndez, entre diciembre de 2021 y febrero de 2022, en el sector de El Acopio, presuntamente cobraban extorsiones a personas dedicadas al tr\u00e1fico de migrantes, que sal\u00edan de Ipiales rumbo a C\u00facuta (norte de Santander).<\/p>\n<p style=\"text-align: justify;\">Los agentes recib\u00edan entre $50.000 y $500.000 diarios que cobraban a los conductores de los buses que transportaban migrantes para que salieran sin ninguna restricci\u00f3n. Los integrantes de la Segunda Marquetalia les pagaban, al parecer, tambi\u00e9n a los uniformados para que no hicieran registros en los buses, no exigieran documentos a los extranjeros y les informara sobre la presencia de miembros de la organizaci\u00f3n criminal venezolana el Tren de Aragua.<\/p>\n<p style=\"text-align: justify;\">Un fiscal les imput\u00f3, a cuatro patrulleros, cargos por los delitos concierto para delinquir en calidad de c\u00f3mplices en concurso con concusi\u00f3n y cohecho propio. Al uniformado Brayan Hamilton Montenegro Duqueza le imputaron cargos por homicidio, concierto para delinquir agravado, porte ilegal de armas y cohecho. El juez aval\u00f3 la imputaci\u00f3n y dict\u00f3 contra los 5 patrulleros medida de aseguramiento en establecimiento carcelario.<\/p>\n","protected":false},"excerpt":{"rendered":"<p>La investigaci\u00f3n de un fiscal de la Estructura de Apoyo (EDA) y servidores del CTI permiti\u00f3 establecer que el grupo de cinco patrulleros activos de la Polic\u00eda Nacional en Ipiales, presuntamente, integraban la estructura delincuencial Sin fronteras, del que tambi\u00e9n hacen parte integrantes del Grupo Armado Organizado Residual Segunda Marquetalia, de las de las Farc. [&hellip;]<\/p>\n","protected":false},"author":1,"featured_media":63697,"comment_status":"open","ping_status":"open","sticky":false,"template":"","format":"standard","meta":{"footnotes":""},"categories":[61],"tags":[],"class_list":["post-63696","post","type-post","status-publish","format-standard","has-post-thumbnail","hentry","category-judicial"],"yoast_head":"<!-- This site is optimized with the Yoast SEO plugin v27.1.1 - https:\/\/yoast.com\/product\/yoast-seo-wordpress\/ -->\n<title>En Ipiales capturaron a cinco polic\u00edas por tener presuntos v\u00ednculos con la Segunda Marquetalia | P\u00e1gina10<\/title>\n<meta name=\"robots\" content=\"index, follow, max-snippet:-1, max-image-preview:large, max-video-preview:-1\" \/>\n<link rel=\"canonical\" href=\"https:\/\/pagina10.com\/web\/en-ipiales-capturaron-a-cinco-policias-por-tener-presuntos-vinculos-con-la-segunda-marquetalia\/\" \/>\n<meta property=\"og:locale\" content=\"es_ES\" \/>\n<meta property=\"og:type\" content=\"article\" \/>\n<meta property=\"og:title\" content=\"En Ipiales capturaron a cinco polic\u00edas por tener presuntos v\u00ednculos con la Segunda Marquetalia | P\u00e1gina10\" \/>\n<meta property=\"og:description\" content=\"La investigaci\u00f3n de un fiscal de la Estructura de Apoyo (EDA) y servidores del CTI permiti\u00f3 establecer que el grupo de cinco patrulleros activos de la Polic\u00eda Nacional en Ipiales, presuntamente, integraban la estructura delincuencial Sin fronteras, del que tambi\u00e9n hacen parte integrantes del Grupo Armado Organizado Residual Segunda Marquetalia, de las de las Farc. [&hellip;]\" \/>\n<meta property=\"og:url\" content=\"https:\/\/pagina10.com\/web\/en-ipiales-capturaron-a-cinco-policias-por-tener-presuntos-vinculos-con-la-segunda-marquetalia\/\" \/>\n<meta property=\"og:site_name\" content=\"P\u00e1gina10\" \/>\n<meta property=\"article:publisher\" content=\"https:\/\/www.facebook.com\/pag10com\" \/>\n<meta property=\"article:published_time\" content=\"2022-12-24T18:36:05+00:00\" \/>\n<meta property=\"og:image\" content=\"https:\/\/pagina10.com\/web\/wp-content\/uploads\/2022\/12\/66407506_1423125207827114_3892550433985527808_n-01-2-scaled.jpg\" \/>\n\t<meta property=\"og:image:width\" content=\"2560\" \/>\n\t<meta property=\"og:image:height\" content=\"1153\" \/>\n\t<meta property=\"og:image:type\" content=\"image\/jpeg\" \/>\n<meta name=\"author\" content=\"P\u00e1gina 10\" \/>\n<meta name=\"twitter:card\" content=\"summary_large_image\" \/>\n<meta name=\"twitter:creator\" content=\"@Pag10com\" \/>\n<meta name=\"twitter:site\" content=\"@Pag10com\" \/>\n<meta name=\"twitter:label1\" content=\"Escrito por\" \/>\n\t<meta name=\"twitter:data1\" content=\"P\u00e1gina 10\" \/>\n\t<meta name=\"twitter:label2\" content=\"Tiempo de lectura\" \/>\n\t<meta name=\"twitter:data2\" content=\"3 minutos\" \/>\n<script type=\"application\/ld+json\" class=\"yoast-schema-graph\">{\"@context\":\"https:\/\/schema.org\",\"@graph\":[{\"@type\":\"Article\",\"@id\":\"https:\/\/pagina10.com\/web\/en-ipiales-capturaron-a-cinco-policias-por-tener-presuntos-vinculos-con-la-segunda-marquetalia\/#article\",\"isPartOf\":{\"@id\":\"https:\/\/pagina10.com\/web\/en-ipiales-capturaron-a-cinco-policias-por-tener-presuntos-vinculos-con-la-segunda-marquetalia\/\"},\"author\":{\"name\":\"P\u00e1gina 10\",\"@id\":\"https:\/\/pagina10.com\/web\/#\/schema\/person\/2efc4a090d25b667d3bc796798a3a81b\"},\"headline\":\"En Ipiales capturaron a cinco polic\u00edas por tener presuntos v\u00ednculos con la Segunda Marquetalia\",\"datePublished\":\"2022-12-24T18:36:05+00:00\",\"mainEntityOfPage\":{\"@id\":\"https:\/\/pagina10.com\/web\/en-ipiales-capturaron-a-cinco-policias-por-tener-presuntos-vinculos-con-la-segunda-marquetalia\/\"},\"wordCount\":546,\"commentCount\":0,\"publisher\":{\"@id\":\"https:\/\/pagina10.com\/web\/#organization\"},\"image\":{\"@id\":\"https:\/\/pagina10.com\/web\/en-ipiales-capturaron-a-cinco-policias-por-tener-presuntos-vinculos-con-la-segunda-marquetalia\/#primaryimage\"},\"thumbnailUrl\":\"https:\/\/pagina10.com\/web\/wp-content\/uploads\/2022\/12\/66407506_1423125207827114_3892550433985527808_n-01-2-scaled.jpg\",\"articleSection\":[\"Judicial\"],\"inLanguage\":\"es\",\"potentialAction\":[{\"@type\":\"CommentAction\",\"name\":\"Comment\",\"target\":[\"https:\/\/pagina10.com\/web\/en-ipiales-capturaron-a-cinco-policias-por-tener-presuntos-vinculos-con-la-segunda-marquetalia\/#respond\"]}]},{\"@type\":\"WebPage\",\"@id\":\"https:\/\/pagina10.com\/web\/en-ipiales-capturaron-a-cinco-policias-por-tener-presuntos-vinculos-con-la-segunda-marquetalia\/\",\"url\":\"https:\/\/pagina10.com\/web\/en-ipiales-capturaron-a-cinco-policias-por-tener-presuntos-vinculos-con-la-segunda-marquetalia\/\",\"name\":\"En Ipiales capturaron a cinco polic\u00edas por tener presuntos v\u00ednculos con la Segunda Marquetalia | P\u00e1gina10\",\"isPartOf\":{\"@id\":\"https:\/\/pagina10.com\/web\/#website\"},\"primaryImageOfPage\":{\"@id\":\"https:\/\/pagina10.com\/web\/en-ipiales-capturaron-a-cinco-policias-por-tener-presuntos-vinculos-con-la-segunda-marquetalia\/#primaryimage\"},\"image\":{\"@id\":\"https:\/\/pagina10.com\/web\/en-ipiales-capturaron-a-cinco-policias-por-tener-presuntos-vinculos-con-la-segunda-marquetalia\/#primaryimage\"},\"thumbnailUrl\":\"https:\/\/pagina10.com\/web\/wp-content\/uploads\/2022\/12\/66407506_1423125207827114_3892550433985527808_n-01-2-scaled.jpg\",\"datePublished\":\"2022-12-24T18:36:05+00:00\",\"breadcrumb\":{\"@id\":\"https:\/\/pagina10.com\/web\/en-ipiales-capturaron-a-cinco-policias-por-tener-presuntos-vinculos-con-la-segunda-marquetalia\/#breadcrumb\"},\"inLanguage\":\"es\",\"potentialAction\":[{\"@type\":\"ReadAction\",\"target\":[\"https:\/\/pagina10.com\/web\/en-ipiales-capturaron-a-cinco-policias-por-tener-presuntos-vinculos-con-la-segunda-marquetalia\/\"]}]},{\"@type\":\"ImageObject\",\"inLanguage\":\"es\",\"@id\":\"https:\/\/pagina10.com\/web\/en-ipiales-capturaron-a-cinco-policias-por-tener-presuntos-vinculos-con-la-segunda-marquetalia\/#primaryimage\",\"url\":\"https:\/\/pagina10.com\/web\/wp-content\/uploads\/2022\/12\/66407506_1423125207827114_3892550433985527808_n-01-2-scaled.jpg\",\"contentUrl\":\"https:\/\/pagina10.com\/web\/wp-content\/uploads\/2022\/12\/66407506_1423125207827114_3892550433985527808_n-01-2-scaled.jpg\",\"width\":2560,\"height\":1153},{\"@type\":\"BreadcrumbList\",\"@id\":\"https:\/\/pagina10.com\/web\/en-ipiales-capturaron-a-cinco-policias-por-tener-presuntos-vinculos-con-la-segunda-marquetalia\/#breadcrumb\",\"itemListElement\":[{\"@type\":\"ListItem\",\"position\":1,\"name\":\"Portada\",\"item\":\"https:\/\/pagina10.com\/web\/\"},{\"@type\":\"ListItem\",\"position\":2,\"name\":\"En Ipiales capturaron a cinco polic\u00edas por tener presuntos v\u00ednculos con la Segunda Marquetalia\"}]},{\"@type\":\"WebSite\",\"@id\":\"https:\/\/pagina10.com\/web\/#website\",\"url\":\"https:\/\/pagina10.com\/web\/\",\"name\":\"P\u00e1gina10\",\"description\":\"Peri\u00f3dico Regional\",\"publisher\":{\"@id\":\"https:\/\/pagina10.com\/web\/#organization\"},\"alternateName\":\"P\u00e1gina10 Peri\u00f3dico Regional\",\"potentialAction\":[{\"@type\":\"SearchAction\",\"target\":{\"@type\":\"EntryPoint\",\"urlTemplate\":\"https:\/\/pagina10.com\/web\/?s={search_term_string}\"},\"query-input\":{\"@type\":\"PropertyValueSpecification\",\"valueRequired\":true,\"valueName\":\"search_term_string\"}}],\"inLanguage\":\"es\"},{\"@type\":\"Organization\",\"@id\":\"https:\/\/pagina10.com\/web\/#organization\",\"name\":\"P\u00e1gina10\",\"alternateName\":\"P\u00e1gina10 Peri\u00f3dico Regional\",\"url\":\"https:\/\/pagina10.com\/web\/\",\"logo\":{\"@type\":\"ImageObject\",\"inLanguage\":\"es\",\"@id\":\"https:\/\/pagina10.com\/web\/#\/schema\/logo\/image\/\",\"url\":\"https:\/\/pagina10.com\/web\/wp-content\/uploads\/2024\/01\/40-pagina-10-periodico-regional-pasto.jpg\",\"contentUrl\":\"https:\/\/pagina10.com\/web\/wp-content\/uploads\/2024\/01\/40-pagina-10-periodico-regional-pasto.jpg\",\"width\":1280,\"height\":720,\"caption\":\"P\u00e1gina10\"},\"image\":{\"@id\":\"https:\/\/pagina10.com\/web\/#\/schema\/logo\/image\/\"},\"sameAs\":[\"https:\/\/www.facebook.com\/pag10com\",\"https:\/\/x.com\/Pag10com\",\"https:\/\/www.instagram.com\/pagina10col\/\",\"https:\/\/youtube.com\/channel\/pag10\",\"https:\/\/www.tiktok.com\/@p10col\"]},{\"@type\":\"Person\",\"@id\":\"https:\/\/pagina10.com\/web\/#\/schema\/person\/2efc4a090d25b667d3bc796798a3a81b\",\"name\":\"P\u00e1gina 10\",\"description\":\"P\u00e1gina 10 es un peri\u00f3dico regional que nace en Colombia, en el departamento de Nari\u00f1o, con un enfoque global, fundamentado en cuatro pilares esenciales: la libertad, el pluralismo, la inclusi\u00f3n y la independencia. P\u00e1gina 10 hace referencia a Nari\u00f1o como el d\u00e9cimo departamento creado en Colombia, despu\u00e9s de un proceso pol\u00edtico liderado por actores y actrices regionales con el fin de obtener la independencia y autonom\u00eda de nuestros territorios. Con la creaci\u00f3n de P\u00e1gina 10 se pretende abrir un escenario para el dialogo, la reflexi\u00f3n y el debate que se extienda a otras geograf\u00edas de Am\u00e9rica Latina y del planeta, en una apuesta por transformar colectivamente los desaf\u00edos de un mundo contempor\u00e1neo, m\u00e1s all\u00e1 de las fronteras impuestas.\",\"url\":\"https:\/\/pagina10.com\/web\/author\/pdiezadmin\/\"}]}<\/script>\n<!-- \/ Yoast SEO plugin. -->","yoast_head_json":{"title":"En Ipiales capturaron a cinco polic\u00edas por tener presuntos v\u00ednculos con la Segunda Marquetalia | P\u00e1gina10","robots":{"index":"index","follow":"follow","max-snippet":"max-snippet:-1","max-image-preview":"max-image-preview:large","max-video-preview":"max-video-preview:-1"},"canonical":"https:\/\/pagina10.com\/web\/en-ipiales-capturaron-a-cinco-policias-por-tener-presuntos-vinculos-con-la-segunda-marquetalia\/","og_locale":"es_ES","og_type":"article","og_title":"En Ipiales capturaron a cinco polic\u00edas por tener presuntos v\u00ednculos con la Segunda Marquetalia | P\u00e1gina10","og_description":"La investigaci\u00f3n de un fiscal de la Estructura de Apoyo (EDA) y servidores del CTI permiti\u00f3 establecer que el grupo de cinco patrulleros activos de la Polic\u00eda Nacional en Ipiales, presuntamente, integraban la estructura delincuencial Sin fronteras, del que tambi\u00e9n hacen parte integrantes del Grupo Armado Organizado Residual Segunda Marquetalia, de las de las Farc. [&hellip;]","og_url":"https:\/\/pagina10.com\/web\/en-ipiales-capturaron-a-cinco-policias-por-tener-presuntos-vinculos-con-la-segunda-marquetalia\/","og_site_name":"P\u00e1gina10","article_publisher":"https:\/\/www.facebook.com\/pag10com","article_published_time":"2022-12-24T18:36:05+00:00","og_image":[{"width":2560,"height":1153,"url":"https:\/\/pagina10.com\/web\/wp-content\/uploads\/2022\/12\/66407506_1423125207827114_3892550433985527808_n-01-2-scaled.jpg","type":"image\/jpeg"}],"author":"P\u00e1gina 10","twitter_card":"summary_large_image","twitter_creator":"@Pag10com","twitter_site":"@Pag10com","twitter_misc":{"Escrito por":"P\u00e1gina 10","Tiempo de lectura":"3 minutos"},"schema":{"@context":"https:\/\/schema.org","@graph":[{"@type":"Article","@id":"https:\/\/pagina10.com\/web\/en-ipiales-capturaron-a-cinco-policias-por-tener-presuntos-vinculos-con-la-segunda-marquetalia\/#article","isPartOf":{"@id":"https:\/\/pagina10.com\/web\/en-ipiales-capturaron-a-cinco-policias-por-tener-presuntos-vinculos-con-la-segunda-marquetalia\/"},"author":{"name":"P\u00e1gina 10","@id":"https:\/\/pagina10.com\/web\/#\/schema\/person\/2efc4a090d25b667d3bc796798a3a81b"},"headline":"En Ipiales capturaron a cinco polic\u00edas por tener presuntos v\u00ednculos con la Segunda Marquetalia","datePublished":"2022-12-24T18:36:05+00:00","mainEntityOfPage":{"@id":"https:\/\/pagina10.com\/web\/en-ipiales-capturaron-a-cinco-policias-por-tener-presuntos-vinculos-con-la-segunda-marquetalia\/"},"wordCount":546,"commentCount":0,"publisher":{"@id":"https:\/\/pagina10.com\/web\/#organization"},"image":{"@id":"https:\/\/pagina10.com\/web\/en-ipiales-capturaron-a-cinco-policias-por-tener-presuntos-vinculos-con-la-segunda-marquetalia\/#primaryimage"},"thumbnailUrl":"https:\/\/pagina10.com\/web\/wp-content\/uploads\/2022\/12\/66407506_1423125207827114_3892550433985527808_n-01-2-scaled.jpg","articleSection":["Judicial"],"inLanguage":"es","potentialAction":[{"@type":"CommentAction","name":"Comment","target":["https:\/\/pagina10.com\/web\/en-ipiales-capturaron-a-cinco-policias-por-tener-presuntos-vinculos-con-la-segunda-marquetalia\/#respond"]}]},{"@type":"WebPage","@id":"https:\/\/pagina10.com\/web\/en-ipiales-capturaron-a-cinco-policias-por-tener-presuntos-vinculos-con-la-segunda-marquetalia\/","url":"https:\/\/pagina10.com\/web\/en-ipiales-capturaron-a-cinco-policias-por-tener-presuntos-vinculos-con-la-segunda-marquetalia\/","name":"En Ipiales capturaron a cinco polic\u00edas por tener presuntos v\u00ednculos con la Segunda Marquetalia | P\u00e1gina10","isPartOf":{"@id":"https:\/\/pagina10.com\/web\/#website"},"primaryImageOfPage":{"@id":"https:\/\/pagina10.com\/web\/en-ipiales-capturaron-a-cinco-policias-por-tener-presuntos-vinculos-con-la-segunda-marquetalia\/#primaryimage"},"image":{"@id":"https:\/\/pagina10.com\/web\/en-ipiales-capturaron-a-cinco-policias-por-tener-presuntos-vinculos-con-la-segunda-marquetalia\/#primaryimage"},"thumbnailUrl":"https:\/\/pagina10.com\/web\/wp-content\/uploads\/2022\/12\/66407506_1423125207827114_3892550433985527808_n-01-2-scaled.jpg","datePublished":"2022-12-24T18:36:05+00:00","breadcrumb":{"@id":"https:\/\/pagina10.com\/web\/en-ipiales-capturaron-a-cinco-policias-por-tener-presuntos-vinculos-con-la-segunda-marquetalia\/#breadcrumb"},"inLanguage":"es","potentialAction":[{"@type":"ReadAction","target":["https:\/\/pagina10.com\/web\/en-ipiales-capturaron-a-cinco-policias-por-tener-presuntos-vinculos-con-la-segunda-marquetalia\/"]}]},{"@type":"ImageObject","inLanguage":"es","@id":"https:\/\/pagina10.com\/web\/en-ipiales-capturaron-a-cinco-policias-por-tener-presuntos-vinculos-con-la-segunda-marquetalia\/#primaryimage","url":"https:\/\/pagina10.com\/web\/wp-content\/uploads\/2022\/12\/66407506_1423125207827114_3892550433985527808_n-01-2-scaled.jpg","contentUrl":"https:\/\/pagina10.com\/web\/wp-content\/uploads\/2022\/12\/66407506_1423125207827114_3892550433985527808_n-01-2-scaled.jpg","width":2560,"height":1153},{"@type":"BreadcrumbList","@id":"https:\/\/pagina10.com\/web\/en-ipiales-capturaron-a-cinco-policias-por-tener-presuntos-vinculos-con-la-segunda-marquetalia\/#breadcrumb","itemListElement":[{"@type":"ListItem","position":1,"name":"Portada","item":"https:\/\/pagina10.com\/web\/"},{"@type":"ListItem","position":2,"name":"En Ipiales capturaron a cinco polic\u00edas por tener presuntos v\u00ednculos con la Segunda Marquetalia"}]},{"@type":"WebSite","@id":"https:\/\/pagina10.com\/web\/#website","url":"https:\/\/pagina10.com\/web\/","name":"P\u00e1gina10","description":"Peri\u00f3dico Regional","publisher":{"@id":"https:\/\/pagina10.com\/web\/#organization"},"alternateName":"P\u00e1gina10 Peri\u00f3dico Regional","potentialAction":[{"@type":"SearchAction","target":{"@type":"EntryPoint","urlTemplate":"https:\/\/pagina10.com\/web\/?s={search_term_string}"},"query-input":{"@type":"PropertyValueSpecification","valueRequired":true,"valueName":"search_term_string"}}],"inLanguage":"es"},{"@type":"Organization","@id":"https:\/\/pagina10.com\/web\/#organization","name":"P\u00e1gina10","alternateName":"P\u00e1gina10 Peri\u00f3dico Regional","url":"https:\/\/pagina10.com\/web\/","logo":{"@type":"ImageObject","inLanguage":"es","@id":"https:\/\/pagina10.com\/web\/#\/schema\/logo\/image\/","url":"https:\/\/pagina10.com\/web\/wp-content\/uploads\/2024\/01\/40-pagina-10-periodico-regional-pasto.jpg","contentUrl":"https:\/\/pagina10.com\/web\/wp-content\/uploads\/2024\/01\/40-pagina-10-periodico-regional-pasto.jpg","width":1280,"height":720,"caption":"P\u00e1gina10"},"image":{"@id":"https:\/\/pagina10.com\/web\/#\/schema\/logo\/image\/"},"sameAs":["https:\/\/www.facebook.com\/pag10com","https:\/\/x.com\/Pag10com","https:\/\/www.instagram.com\/pagina10col\/","https:\/\/youtube.com\/channel\/pag10","https:\/\/www.tiktok.com\/@p10col"]},{"@type":"Person","@id":"https:\/\/pagina10.com\/web\/#\/schema\/person\/2efc4a090d25b667d3bc796798a3a81b","name":"P\u00e1gina 10","description":"P\u00e1gina 10 es un peri\u00f3dico regional que nace en Colombia, en el departamento de Nari\u00f1o, con un enfoque global, fundamentado en cuatro pilares esenciales: la libertad, el pluralismo, la inclusi\u00f3n y la independencia. P\u00e1gina 10 hace referencia a Nari\u00f1o como el d\u00e9cimo departamento creado en Colombia, despu\u00e9s de un proceso pol\u00edtico liderado por actores y actrices regionales con el fin de obtener la independencia y autonom\u00eda de nuestros territorios. Con la creaci\u00f3n de P\u00e1gina 10 se pretende abrir un escenario para el dialogo, la reflexi\u00f3n y el debate que se extienda a otras geograf\u00edas de Am\u00e9rica Latina y del planeta, en una apuesta por transformar colectivamente los desaf\u00edos de un mundo contempor\u00e1neo, m\u00e1s all\u00e1 de las fronteras impuestas.","url":"https:\/\/pagina10.com\/web\/author\/pdiezadmin\/"}]}},"_links":{"self":[{"href":"https:\/\/pagina10.com\/web\/wp-json\/wp\/v2\/posts\/63696","targetHints":{"allow":["GET"]}}],"collection":[{"href":"https:\/\/pagina10.com\/web\/wp-json\/wp\/v2\/posts"}],"about":[{"href":"https:\/\/pagina10.com\/web\/wp-json\/wp\/v2\/types\/post"}],"author":[{"embeddable":true,"href":"https:\/\/pagina10.com\/web\/wp-json\/wp\/v2\/users\/1"}],"replies":[{"embeddable":true,"href":"https:\/\/pagina10.com\/web\/wp-json\/wp\/v2\/comments?post=63696"}],"version-history":[{"count":2,"href":"https:\/\/pagina10.com\/web\/wp-json\/wp\/v2\/posts\/63696\/revisions"}],"predecessor-version":[{"id":63699,"href":"https:\/\/pagina10.com\/web\/wp-json\/wp\/v2\/posts\/63696\/revisions\/63699"}],"wp:featuredmedia":[{"embeddable":true,"href":"https:\/\/pagina10.com\/web\/wp-json\/wp\/v2\/media\/63697"}],"wp:attachment":[{"href":"https:\/\/pagina10.com\/web\/wp-json\/wp\/v2\/media?parent=63696"}],"wp:term":[{"taxonomy":"category","embeddable":true,"href":"https:\/\/pagina10.com\/web\/wp-json\/wp\/v2\/categories?post=63696"},{"taxonomy":"post_tag","embeddable":true,"href":"https:\/\/pagina10.com\/web\/wp-json\/wp\/v2\/tags?post=63696"}],"curies":[{"name":"wp","href":"https:\/\/api.w.org\/{rel}","templated":true}]}}