{"id":63705,"date":"2022-12-24T14:14:19","date_gmt":"2022-12-24T19:14:19","guid":{"rendered":"https:\/\/pagina10.com\/web\/?p=63705"},"modified":"2022-12-25T21:57:26","modified_gmt":"2022-12-26T02:57:26","slug":"juan-valdez-lanzo-edicion-de-cafe-especial-dedicado-al-carnaval-de-negros-y-blancos","status":"publish","type":"post","link":"https:\/\/pagina10.com\/web\/juan-valdez-lanzo-edicion-de-cafe-especial-dedicado-al-carnaval-de-negros-y-blancos\/","title":{"rendered":"Juan Valdez lanz\u00f3 edici\u00f3n de Caf\u00e9 especial dedicado al Carnaval de Negros y Blancos"},"content":{"rendered":"<p style=\"text-align: justify;\">La edici\u00f3n especial \u2018Carnaval de Negros y Blancos\u2019, ser\u00e1 la primera del 2013 para Juan Valdez. El producto se caracteriza por incluir un grano especial de perfil de taza suave, con notas de sabor a lim\u00f3n, dulce de panela y aroma c\u00edtrico. En total se comercializar\u00e1n 7.100 unidades en tiendas f\u00edsicas de Bogot\u00e1 y Pasto y a trav\u00e9s del comercio en l\u00ednea.<\/p>\n<p style=\"text-align: justify;\">\u201cJuan Valdez es Colombia y por esta raz\u00f3n, nos encanta crear caf\u00e9s especiales que exalten lo que nos caracteriza, lo que nos mueve fibras y que nos recuerda nuestros or\u00edgenes. As\u00ed que estamos felices de lanzar esta edici\u00f3n exclusiva, ya que, adem\u00e1s de enaltecer una de las fiestas m\u00e1s importantes del pa\u00eds, estamos llevando a muchas m\u00e1s mesas el inigualable sello de los cafetales nari\u00f1enses\u201d, expres\u00f3 a Am\u00e9rica Retail Dom\u00e9nico Barbato, Vicepresidente de Marketing y Comercial de Juan Valdez.<\/p>\n","protected":false},"excerpt":{"rendered":"<p>La edici\u00f3n especial \u2018Carnaval de Negros y Blancos\u2019, ser\u00e1 la primera del 2013 para Juan Valdez. El producto se caracteriza por incluir un grano especial de perfil de taza suave, con notas de sabor a lim\u00f3n, dulce de panela y aroma c\u00edtrico. En total se comercializar\u00e1n 7.100 unidades en tiendas f\u00edsicas de Bogot\u00e1 y Pasto [&hellip;]<\/p>\n","protected":false},"author":1,"featured_media":63706,"comment_status":"open","ping_status":"open","sticky":false,"template":"","format":"standard","meta":{"footnotes":""},"categories":[84,1528],"tags":[],"class_list":["post-63705","post","type-post","status-publish","format-standard","has-post-thumbnail","hentry","category-global-2","category-titulares"],"yoast_head":"<!-- This site is optimized with the Yoast SEO plugin v27.1.1 - https:\/\/yoast.com\/product\/yoast-seo-wordpress\/ -->\n<title>Juan Valdez lanz\u00f3 edici\u00f3n de Caf\u00e9 especial dedicado al Carnaval de Negros y Blancos | P\u00e1gina10<\/title>\n<meta name=\"robots\" content=\"index, follow, max-snippet:-1, max-image-preview:large, max-video-preview:-1\" \/>\n<link rel=\"canonical\" href=\"https:\/\/pagina10.com\/web\/juan-valdez-lanzo-edicion-de-cafe-especial-dedicado-al-carnaval-de-negros-y-blancos\/\" \/>\n<meta property=\"og:locale\" content=\"es_ES\" \/>\n<meta property=\"og:type\" content=\"article\" \/>\n<meta property=\"og:title\" content=\"Juan Valdez lanz\u00f3 edici\u00f3n de Caf\u00e9 especial dedicado al Carnaval de Negros y Blancos | P\u00e1gina10\" \/>\n<meta property=\"og:description\" content=\"La edici\u00f3n especial \u2018Carnaval de Negros y Blancos\u2019, ser\u00e1 la primera del 2013 para Juan Valdez. El producto se caracteriza por incluir un grano especial de perfil de taza suave, con notas de sabor a lim\u00f3n, dulce de panela y aroma c\u00edtrico. En total se comercializar\u00e1n 7.100 unidades en tiendas f\u00edsicas de Bogot\u00e1 y Pasto [&hellip;]\" \/>\n<meta property=\"og:url\" content=\"https:\/\/pagina10.com\/web\/juan-valdez-lanzo-edicion-de-cafe-especial-dedicado-al-carnaval-de-negros-y-blancos\/\" \/>\n<meta property=\"og:site_name\" content=\"P\u00e1gina10\" \/>\n<meta property=\"article:publisher\" content=\"https:\/\/www.facebook.com\/pag10com\" \/>\n<meta property=\"article:published_time\" content=\"2022-12-24T19:14:19+00:00\" \/>\n<meta property=\"article:modified_time\" content=\"2022-12-26T02:57:26+00:00\" \/>\n<meta property=\"og:image\" content=\"https:\/\/pagina10.com\/web\/wp-content\/uploads\/2022\/12\/66407506_1423125207827114_3892550433985527808_n-01-4-1024x617.jpg\" \/>\n\t<meta property=\"og:image:width\" content=\"1024\" \/>\n\t<meta property=\"og:image:height\" content=\"617\" \/>\n\t<meta property=\"og:image:type\" content=\"image\/jpeg\" \/>\n<meta name=\"author\" content=\"P\u00e1gina 10\" \/>\n<meta name=\"twitter:card\" content=\"summary_large_image\" \/>\n<meta name=\"twitter:creator\" content=\"@Pag10com\" \/>\n<meta name=\"twitter:site\" content=\"@Pag10com\" \/>\n<meta name=\"twitter:label1\" content=\"Escrito por\" \/>\n\t<meta name=\"twitter:data1\" content=\"P\u00e1gina 10\" \/>\n\t<meta name=\"twitter:label2\" content=\"Tiempo de lectura\" \/>\n\t<meta name=\"twitter:data2\" content=\"1 minuto\" \/>\n<script type=\"application\/ld+json\" class=\"yoast-schema-graph\">{\"@context\":\"https:\/\/schema.org\",\"@graph\":[{\"@type\":\"Article\",\"@id\":\"https:\/\/pagina10.com\/web\/juan-valdez-lanzo-edicion-de-cafe-especial-dedicado-al-carnaval-de-negros-y-blancos\/#article\",\"isPartOf\":{\"@id\":\"https:\/\/pagina10.com\/web\/juan-valdez-lanzo-edicion-de-cafe-especial-dedicado-al-carnaval-de-negros-y-blancos\/\"},\"author\":{\"name\":\"P\u00e1gina 10\",\"@id\":\"https:\/\/pagina10.com\/web\/#\/schema\/person\/2efc4a090d25b667d3bc796798a3a81b\"},\"headline\":\"Juan Valdez lanz\u00f3 edici\u00f3n de Caf\u00e9 especial dedicado al Carnaval de Negros y Blancos\",\"datePublished\":\"2022-12-24T19:14:19+00:00\",\"dateModified\":\"2022-12-26T02:57:26+00:00\",\"mainEntityOfPage\":{\"@id\":\"https:\/\/pagina10.com\/web\/juan-valdez-lanzo-edicion-de-cafe-especial-dedicado-al-carnaval-de-negros-y-blancos\/\"},\"wordCount\":172,\"commentCount\":0,\"publisher\":{\"@id\":\"https:\/\/pagina10.com\/web\/#organization\"},\"image\":{\"@id\":\"https:\/\/pagina10.com\/web\/juan-valdez-lanzo-edicion-de-cafe-especial-dedicado-al-carnaval-de-negros-y-blancos\/#primaryimage\"},\"thumbnailUrl\":\"https:\/\/pagina10.com\/web\/wp-content\/uploads\/2022\/12\/66407506_1423125207827114_3892550433985527808_n-01-4.jpg\",\"articleSection\":[\"Global\",\"Titulares\"],\"inLanguage\":\"es\",\"potentialAction\":[{\"@type\":\"CommentAction\",\"name\":\"Comment\",\"target\":[\"https:\/\/pagina10.com\/web\/juan-valdez-lanzo-edicion-de-cafe-especial-dedicado-al-carnaval-de-negros-y-blancos\/#respond\"]}]},{\"@type\":\"WebPage\",\"@id\":\"https:\/\/pagina10.com\/web\/juan-valdez-lanzo-edicion-de-cafe-especial-dedicado-al-carnaval-de-negros-y-blancos\/\",\"url\":\"https:\/\/pagina10.com\/web\/juan-valdez-lanzo-edicion-de-cafe-especial-dedicado-al-carnaval-de-negros-y-blancos\/\",\"name\":\"Juan Valdez lanz\u00f3 edici\u00f3n de Caf\u00e9 especial dedicado al Carnaval de Negros y Blancos | P\u00e1gina10\",\"isPartOf\":{\"@id\":\"https:\/\/pagina10.com\/web\/#website\"},\"primaryImageOfPage\":{\"@id\":\"https:\/\/pagina10.com\/web\/juan-valdez-lanzo-edicion-de-cafe-especial-dedicado-al-carnaval-de-negros-y-blancos\/#primaryimage\"},\"image\":{\"@id\":\"https:\/\/pagina10.com\/web\/juan-valdez-lanzo-edicion-de-cafe-especial-dedicado-al-carnaval-de-negros-y-blancos\/#primaryimage\"},\"thumbnailUrl\":\"https:\/\/pagina10.com\/web\/wp-content\/uploads\/2022\/12\/66407506_1423125207827114_3892550433985527808_n-01-4.jpg\",\"datePublished\":\"2022-12-24T19:14:19+00:00\",\"dateModified\":\"2022-12-26T02:57:26+00:00\",\"breadcrumb\":{\"@id\":\"https:\/\/pagina10.com\/web\/juan-valdez-lanzo-edicion-de-cafe-especial-dedicado-al-carnaval-de-negros-y-blancos\/#breadcrumb\"},\"inLanguage\":\"es\",\"potentialAction\":[{\"@type\":\"ReadAction\",\"target\":[\"https:\/\/pagina10.com\/web\/juan-valdez-lanzo-edicion-de-cafe-especial-dedicado-al-carnaval-de-negros-y-blancos\/\"]}]},{\"@type\":\"ImageObject\",\"inLanguage\":\"es\",\"@id\":\"https:\/\/pagina10.com\/web\/juan-valdez-lanzo-edicion-de-cafe-especial-dedicado-al-carnaval-de-negros-y-blancos\/#primaryimage\",\"url\":\"https:\/\/pagina10.com\/web\/wp-content\/uploads\/2022\/12\/66407506_1423125207827114_3892550433985527808_n-01-4.jpg\",\"contentUrl\":\"https:\/\/pagina10.com\/web\/wp-content\/uploads\/2022\/12\/66407506_1423125207827114_3892550433985527808_n-01-4.jpg\",\"width\":2350,\"height\":1417},{\"@type\":\"BreadcrumbList\",\"@id\":\"https:\/\/pagina10.com\/web\/juan-valdez-lanzo-edicion-de-cafe-especial-dedicado-al-carnaval-de-negros-y-blancos\/#breadcrumb\",\"itemListElement\":[{\"@type\":\"ListItem\",\"position\":1,\"name\":\"Portada\",\"item\":\"https:\/\/pagina10.com\/web\/\"},{\"@type\":\"ListItem\",\"position\":2,\"name\":\"Juan Valdez lanz\u00f3 edici\u00f3n de Caf\u00e9 especial dedicado al Carnaval de Negros y Blancos\"}]},{\"@type\":\"WebSite\",\"@id\":\"https:\/\/pagina10.com\/web\/#website\",\"url\":\"https:\/\/pagina10.com\/web\/\",\"name\":\"P\u00e1gina10\",\"description\":\"Peri\u00f3dico Regional\",\"publisher\":{\"@id\":\"https:\/\/pagina10.com\/web\/#organization\"},\"alternateName\":\"P\u00e1gina10 Peri\u00f3dico Regional\",\"potentialAction\":[{\"@type\":\"SearchAction\",\"target\":{\"@type\":\"EntryPoint\",\"urlTemplate\":\"https:\/\/pagina10.com\/web\/?s={search_term_string}\"},\"query-input\":{\"@type\":\"PropertyValueSpecification\",\"valueRequired\":true,\"valueName\":\"search_term_string\"}}],\"inLanguage\":\"es\"},{\"@type\":\"Organization\",\"@id\":\"https:\/\/pagina10.com\/web\/#organization\",\"name\":\"P\u00e1gina10\",\"alternateName\":\"P\u00e1gina10 Peri\u00f3dico Regional\",\"url\":\"https:\/\/pagina10.com\/web\/\",\"logo\":{\"@type\":\"ImageObject\",\"inLanguage\":\"es\",\"@id\":\"https:\/\/pagina10.com\/web\/#\/schema\/logo\/image\/\",\"url\":\"https:\/\/pagina10.com\/web\/wp-content\/uploads\/2024\/01\/40-pagina-10-periodico-regional-pasto.jpg\",\"contentUrl\":\"https:\/\/pagina10.com\/web\/wp-content\/uploads\/2024\/01\/40-pagina-10-periodico-regional-pasto.jpg\",\"width\":1280,\"height\":720,\"caption\":\"P\u00e1gina10\"},\"image\":{\"@id\":\"https:\/\/pagina10.com\/web\/#\/schema\/logo\/image\/\"},\"sameAs\":[\"https:\/\/www.facebook.com\/pag10com\",\"https:\/\/x.com\/Pag10com\",\"https:\/\/www.instagram.com\/pagina10col\/\",\"https:\/\/youtube.com\/channel\/pag10\",\"https:\/\/www.tiktok.com\/@p10col\"]},{\"@type\":\"Person\",\"@id\":\"https:\/\/pagina10.com\/web\/#\/schema\/person\/2efc4a090d25b667d3bc796798a3a81b\",\"name\":\"P\u00e1gina 10\",\"description\":\"P\u00e1gina 10 es un peri\u00f3dico regional que nace en Colombia, en el departamento de Nari\u00f1o, con un enfoque global, fundamentado en cuatro pilares esenciales: la libertad, el pluralismo, la inclusi\u00f3n y la independencia. P\u00e1gina 10 hace referencia a Nari\u00f1o como el d\u00e9cimo departamento creado en Colombia, despu\u00e9s de un proceso pol\u00edtico liderado por actores y actrices regionales con el fin de obtener la independencia y autonom\u00eda de nuestros territorios. Con la creaci\u00f3n de P\u00e1gina 10 se pretende abrir un escenario para el dialogo, la reflexi\u00f3n y el debate que se extienda a otras geograf\u00edas de Am\u00e9rica Latina y del planeta, en una apuesta por transformar colectivamente los desaf\u00edos de un mundo contempor\u00e1neo, m\u00e1s all\u00e1 de las fronteras impuestas.\",\"url\":\"https:\/\/pagina10.com\/web\/author\/pdiezadmin\/\"}]}<\/script>\n<!-- \/ Yoast SEO plugin. -->","yoast_head_json":{"title":"Juan Valdez lanz\u00f3 edici\u00f3n de Caf\u00e9 especial dedicado al Carnaval de Negros y Blancos | P\u00e1gina10","robots":{"index":"index","follow":"follow","max-snippet":"max-snippet:-1","max-image-preview":"max-image-preview:large","max-video-preview":"max-video-preview:-1"},"canonical":"https:\/\/pagina10.com\/web\/juan-valdez-lanzo-edicion-de-cafe-especial-dedicado-al-carnaval-de-negros-y-blancos\/","og_locale":"es_ES","og_type":"article","og_title":"Juan Valdez lanz\u00f3 edici\u00f3n de Caf\u00e9 especial dedicado al Carnaval de Negros y Blancos | P\u00e1gina10","og_description":"La edici\u00f3n especial \u2018Carnaval de Negros y Blancos\u2019, ser\u00e1 la primera del 2013 para Juan Valdez. El producto se caracteriza por incluir un grano especial de perfil de taza suave, con notas de sabor a lim\u00f3n, dulce de panela y aroma c\u00edtrico. En total se comercializar\u00e1n 7.100 unidades en tiendas f\u00edsicas de Bogot\u00e1 y Pasto [&hellip;]","og_url":"https:\/\/pagina10.com\/web\/juan-valdez-lanzo-edicion-de-cafe-especial-dedicado-al-carnaval-de-negros-y-blancos\/","og_site_name":"P\u00e1gina10","article_publisher":"https:\/\/www.facebook.com\/pag10com","article_published_time":"2022-12-24T19:14:19+00:00","article_modified_time":"2022-12-26T02:57:26+00:00","og_image":[{"width":1024,"height":617,"url":"https:\/\/pagina10.com\/web\/wp-content\/uploads\/2022\/12\/66407506_1423125207827114_3892550433985527808_n-01-4-1024x617.jpg","type":"image\/jpeg"}],"author":"P\u00e1gina 10","twitter_card":"summary_large_image","twitter_creator":"@Pag10com","twitter_site":"@Pag10com","twitter_misc":{"Escrito por":"P\u00e1gina 10","Tiempo de lectura":"1 minuto"},"schema":{"@context":"https:\/\/schema.org","@graph":[{"@type":"Article","@id":"https:\/\/pagina10.com\/web\/juan-valdez-lanzo-edicion-de-cafe-especial-dedicado-al-carnaval-de-negros-y-blancos\/#article","isPartOf":{"@id":"https:\/\/pagina10.com\/web\/juan-valdez-lanzo-edicion-de-cafe-especial-dedicado-al-carnaval-de-negros-y-blancos\/"},"author":{"name":"P\u00e1gina 10","@id":"https:\/\/pagina10.com\/web\/#\/schema\/person\/2efc4a090d25b667d3bc796798a3a81b"},"headline":"Juan Valdez lanz\u00f3 edici\u00f3n de Caf\u00e9 especial dedicado al Carnaval de Negros y Blancos","datePublished":"2022-12-24T19:14:19+00:00","dateModified":"2022-12-26T02:57:26+00:00","mainEntityOfPage":{"@id":"https:\/\/pagina10.com\/web\/juan-valdez-lanzo-edicion-de-cafe-especial-dedicado-al-carnaval-de-negros-y-blancos\/"},"wordCount":172,"commentCount":0,"publisher":{"@id":"https:\/\/pagina10.com\/web\/#organization"},"image":{"@id":"https:\/\/pagina10.com\/web\/juan-valdez-lanzo-edicion-de-cafe-especial-dedicado-al-carnaval-de-negros-y-blancos\/#primaryimage"},"thumbnailUrl":"https:\/\/pagina10.com\/web\/wp-content\/uploads\/2022\/12\/66407506_1423125207827114_3892550433985527808_n-01-4.jpg","articleSection":["Global","Titulares"],"inLanguage":"es","potentialAction":[{"@type":"CommentAction","name":"Comment","target":["https:\/\/pagina10.com\/web\/juan-valdez-lanzo-edicion-de-cafe-especial-dedicado-al-carnaval-de-negros-y-blancos\/#respond"]}]},{"@type":"WebPage","@id":"https:\/\/pagina10.com\/web\/juan-valdez-lanzo-edicion-de-cafe-especial-dedicado-al-carnaval-de-negros-y-blancos\/","url":"https:\/\/pagina10.com\/web\/juan-valdez-lanzo-edicion-de-cafe-especial-dedicado-al-carnaval-de-negros-y-blancos\/","name":"Juan Valdez lanz\u00f3 edici\u00f3n de Caf\u00e9 especial dedicado al Carnaval de Negros y Blancos | P\u00e1gina10","isPartOf":{"@id":"https:\/\/pagina10.com\/web\/#website"},"primaryImageOfPage":{"@id":"https:\/\/pagina10.com\/web\/juan-valdez-lanzo-edicion-de-cafe-especial-dedicado-al-carnaval-de-negros-y-blancos\/#primaryimage"},"image":{"@id":"https:\/\/pagina10.com\/web\/juan-valdez-lanzo-edicion-de-cafe-especial-dedicado-al-carnaval-de-negros-y-blancos\/#primaryimage"},"thumbnailUrl":"https:\/\/pagina10.com\/web\/wp-content\/uploads\/2022\/12\/66407506_1423125207827114_3892550433985527808_n-01-4.jpg","datePublished":"2022-12-24T19:14:19+00:00","dateModified":"2022-12-26T02:57:26+00:00","breadcrumb":{"@id":"https:\/\/pagina10.com\/web\/juan-valdez-lanzo-edicion-de-cafe-especial-dedicado-al-carnaval-de-negros-y-blancos\/#breadcrumb"},"inLanguage":"es","potentialAction":[{"@type":"ReadAction","target":["https:\/\/pagina10.com\/web\/juan-valdez-lanzo-edicion-de-cafe-especial-dedicado-al-carnaval-de-negros-y-blancos\/"]}]},{"@type":"ImageObject","inLanguage":"es","@id":"https:\/\/pagina10.com\/web\/juan-valdez-lanzo-edicion-de-cafe-especial-dedicado-al-carnaval-de-negros-y-blancos\/#primaryimage","url":"https:\/\/pagina10.com\/web\/wp-content\/uploads\/2022\/12\/66407506_1423125207827114_3892550433985527808_n-01-4.jpg","contentUrl":"https:\/\/pagina10.com\/web\/wp-content\/uploads\/2022\/12\/66407506_1423125207827114_3892550433985527808_n-01-4.jpg","width":2350,"height":1417},{"@type":"BreadcrumbList","@id":"https:\/\/pagina10.com\/web\/juan-valdez-lanzo-edicion-de-cafe-especial-dedicado-al-carnaval-de-negros-y-blancos\/#breadcrumb","itemListElement":[{"@type":"ListItem","position":1,"name":"Portada","item":"https:\/\/pagina10.com\/web\/"},{"@type":"ListItem","position":2,"name":"Juan Valdez lanz\u00f3 edici\u00f3n de Caf\u00e9 especial dedicado al Carnaval de Negros y Blancos"}]},{"@type":"WebSite","@id":"https:\/\/pagina10.com\/web\/#website","url":"https:\/\/pagina10.com\/web\/","name":"P\u00e1gina10","description":"Peri\u00f3dico Regional","publisher":{"@id":"https:\/\/pagina10.com\/web\/#organization"},"alternateName":"P\u00e1gina10 Peri\u00f3dico Regional","potentialAction":[{"@type":"SearchAction","target":{"@type":"EntryPoint","urlTemplate":"https:\/\/pagina10.com\/web\/?s={search_term_string}"},"query-input":{"@type":"PropertyValueSpecification","valueRequired":true,"valueName":"search_term_string"}}],"inLanguage":"es"},{"@type":"Organization","@id":"https:\/\/pagina10.com\/web\/#organization","name":"P\u00e1gina10","alternateName":"P\u00e1gina10 Peri\u00f3dico Regional","url":"https:\/\/pagina10.com\/web\/","logo":{"@type":"ImageObject","inLanguage":"es","@id":"https:\/\/pagina10.com\/web\/#\/schema\/logo\/image\/","url":"https:\/\/pagina10.com\/web\/wp-content\/uploads\/2024\/01\/40-pagina-10-periodico-regional-pasto.jpg","contentUrl":"https:\/\/pagina10.com\/web\/wp-content\/uploads\/2024\/01\/40-pagina-10-periodico-regional-pasto.jpg","width":1280,"height":720,"caption":"P\u00e1gina10"},"image":{"@id":"https:\/\/pagina10.com\/web\/#\/schema\/logo\/image\/"},"sameAs":["https:\/\/www.facebook.com\/pag10com","https:\/\/x.com\/Pag10com","https:\/\/www.instagram.com\/pagina10col\/","https:\/\/youtube.com\/channel\/pag10","https:\/\/www.tiktok.com\/@p10col"]},{"@type":"Person","@id":"https:\/\/pagina10.com\/web\/#\/schema\/person\/2efc4a090d25b667d3bc796798a3a81b","name":"P\u00e1gina 10","description":"P\u00e1gina 10 es un peri\u00f3dico regional que nace en Colombia, en el departamento de Nari\u00f1o, con un enfoque global, fundamentado en cuatro pilares esenciales: la libertad, el pluralismo, la inclusi\u00f3n y la independencia. P\u00e1gina 10 hace referencia a Nari\u00f1o como el d\u00e9cimo departamento creado en Colombia, despu\u00e9s de un proceso pol\u00edtico liderado por actores y actrices regionales con el fin de obtener la independencia y autonom\u00eda de nuestros territorios. Con la creaci\u00f3n de P\u00e1gina 10 se pretende abrir un escenario para el dialogo, la reflexi\u00f3n y el debate que se extienda a otras geograf\u00edas de Am\u00e9rica Latina y del planeta, en una apuesta por transformar colectivamente los desaf\u00edos de un mundo contempor\u00e1neo, m\u00e1s all\u00e1 de las fronteras impuestas.","url":"https:\/\/pagina10.com\/web\/author\/pdiezadmin\/"}]}},"_links":{"self":[{"href":"https:\/\/pagina10.com\/web\/wp-json\/wp\/v2\/posts\/63705","targetHints":{"allow":["GET"]}}],"collection":[{"href":"https:\/\/pagina10.com\/web\/wp-json\/wp\/v2\/posts"}],"about":[{"href":"https:\/\/pagina10.com\/web\/wp-json\/wp\/v2\/types\/post"}],"author":[{"embeddable":true,"href":"https:\/\/pagina10.com\/web\/wp-json\/wp\/v2\/users\/1"}],"replies":[{"embeddable":true,"href":"https:\/\/pagina10.com\/web\/wp-json\/wp\/v2\/comments?post=63705"}],"version-history":[{"count":1,"href":"https:\/\/pagina10.com\/web\/wp-json\/wp\/v2\/posts\/63705\/revisions"}],"predecessor-version":[{"id":63707,"href":"https:\/\/pagina10.com\/web\/wp-json\/wp\/v2\/posts\/63705\/revisions\/63707"}],"wp:featuredmedia":[{"embeddable":true,"href":"https:\/\/pagina10.com\/web\/wp-json\/wp\/v2\/media\/63706"}],"wp:attachment":[{"href":"https:\/\/pagina10.com\/web\/wp-json\/wp\/v2\/media?parent=63705"}],"wp:term":[{"taxonomy":"category","embeddable":true,"href":"https:\/\/pagina10.com\/web\/wp-json\/wp\/v2\/categories?post=63705"},{"taxonomy":"post_tag","embeddable":true,"href":"https:\/\/pagina10.com\/web\/wp-json\/wp\/v2\/tags?post=63705"}],"curies":[{"name":"wp","href":"https:\/\/api.w.org\/{rel}","templated":true}]}}