{"id":63715,"date":"2022-12-25T21:39:17","date_gmt":"2022-12-26T02:39:17","guid":{"rendered":"https:\/\/pagina10.com\/web\/?p=63715"},"modified":"2022-12-25T21:39:17","modified_gmt":"2022-12-26T02:39:17","slug":"en-pasto-se-reportan-tres-lesionados-por-uso-prohibido-de-polvora-en-la-celebracion-de-navidad","status":"publish","type":"post","link":"https:\/\/pagina10.com\/web\/en-pasto-se-reportan-tres-lesionados-por-uso-prohibido-de-polvora-en-la-celebracion-de-navidad\/","title":{"rendered":"En Pasto, se reportan tres lesionados por uso prohibido de p\u00f3lvora en la celebraci\u00f3n de navidad"},"content":{"rendered":"<p style=\"text-align: justify;\">La Alcald\u00eda de Pasto, a trav\u00e9s del Sistema de Vigilancia Epidemiol\u00f3gica en Salud P\u00fablica de la Secretar\u00eda de Salud, reporta tres nuevos casos de lesionados por uso prohibido de p\u00f3lvora.<\/p>\n<p style=\"text-align: justify;\">Con corte a 25 de diciembre a las 12:00 m., el reporte oficial se\u00f1ala que el primer afectado corresponde a persona de sexo masculino, de 21 a\u00f1os, quien manipul\u00f3 una \u201cpapa explosiva\u201d bajo los efectos del alcohol y sufri\u00f3 contusi\u00f3n, quemadura de segundo grado en mano izquierda y amputaci\u00f3n de la falange distal del tercer dedo de su mano izquierda. El paciente, que reside en la comuna 5, barrio Santa Clara, recibi\u00f3 atenci\u00f3n en el Hospital La Rosa y fue remitido a Proinsalud, est\u00e1 afiliado a Emssanar E.P.S., r\u00e9gimen subsidiado.<\/p>\n<p style=\"text-align: justify;\">El segundo caso corresponde a un adulto de 30 a\u00f1os, de sexo masculino, quien reside en la comuna 3, barrio Santa M\u00f3nica, y manipul\u00f3 una papeleta que le provoc\u00f3 quemadura de primer grado a nivel de la palma de la mano derecha, con lesiones por abrasi\u00f3n. Fue atendido en el Hospital Universitario Departamental de Nari\u00f1o y pertenece a la aseguradora Servicio Occidental de Salud, r\u00e9gimen subsidiado.<\/p>\n<p style=\"text-align: justify;\">En el tercer caso, el afectado de 22 a\u00f1os, de sexo masculino, se encontraba bajo los efectos del alcohol cuando manipul\u00f3 un artefacto pirot\u00e9cnico cohete, lo que le ocasion\u00f3 quemadura de primer grado en mano izquierda.<\/p>\n<p style=\"text-align: justify;\">El joven, que reside en la comuna 8, barrio Panor\u00e1mico, fue atendido en el Hospital Universitario Departamental de Nari\u00f1o y pertenece al r\u00e9gimen contributivo, Nueva EPS.<\/p>\n<p style=\"text-align: justify;\">El secretario de Salud, Javier Andr\u00e9s Ruano Gonz\u00e1lez, enfatiz\u00f3: \u201cPasto acumula 10 casos de lesionados, el llamado es a la responsabilidad de padres de familia y cuidadores para que no permitan que sus hijos se acerquen a manipular p\u00f3lvora y a los adultos, a no mezclar el alcohol con p\u00f3lvora por las consecuencias fatales que deja esta combinaci\u00f3n\u201d.<\/p>\n<p style=\"text-align: justify;\">La Administraci\u00f3n Municipal invita a la comunidad no solo a abstenerse de comprar estos artefactos explosivos, sino a que denuncie la fabricaci\u00f3n, tenencia, porte, almacenamiento, distribuci\u00f3n, transporte, comercializaci\u00f3n, manipulaci\u00f3n o uso de todo tipo de p\u00f3lvora blanca o cualquiera que contenga f\u00f3sforo blanco, como tambi\u00e9n aquella p\u00f3lvora conocida como \u201cpapa explosiva\u201d, en todo el Municipio de Pasto, a la l\u00ednea 123 ante las autoridades competentes, donde se tiene previsto el pago de recompensas.<\/p>\n","protected":false},"excerpt":{"rendered":"<p>La Alcald\u00eda de Pasto, a trav\u00e9s del Sistema de Vigilancia Epidemiol\u00f3gica en Salud P\u00fablica de la Secretar\u00eda de Salud, reporta tres nuevos casos de lesionados por uso prohibido de p\u00f3lvora. Con corte a 25 de diciembre a las 12:00 m., el reporte oficial se\u00f1ala que el primer afectado corresponde a persona de sexo masculino, de [&hellip;]<\/p>\n","protected":false},"author":1,"featured_media":63716,"comment_status":"open","ping_status":"open","sticky":false,"template":"","format":"standard","meta":{"footnotes":""},"categories":[82],"tags":[],"class_list":["post-63715","post","type-post","status-publish","format-standard","has-post-thumbnail","hentry","category-ciudad-2"],"yoast_head":"<!-- This site is optimized with the Yoast SEO plugin v27.1.1 - https:\/\/yoast.com\/product\/yoast-seo-wordpress\/ -->\n<title>En Pasto, se reportan tres lesionados por uso prohibido de p\u00f3lvora en la celebraci\u00f3n de navidad | P\u00e1gina10<\/title>\n<meta name=\"robots\" content=\"index, follow, max-snippet:-1, max-image-preview:large, max-video-preview:-1\" \/>\n<link rel=\"canonical\" href=\"https:\/\/pagina10.com\/web\/en-pasto-se-reportan-tres-lesionados-por-uso-prohibido-de-polvora-en-la-celebracion-de-navidad\/\" \/>\n<meta property=\"og:locale\" content=\"es_ES\" \/>\n<meta property=\"og:type\" content=\"article\" \/>\n<meta property=\"og:title\" content=\"En Pasto, se reportan tres lesionados por uso prohibido de p\u00f3lvora en la celebraci\u00f3n de navidad | P\u00e1gina10\" \/>\n<meta property=\"og:description\" content=\"La Alcald\u00eda de Pasto, a trav\u00e9s del Sistema de Vigilancia Epidemiol\u00f3gica en Salud P\u00fablica de la Secretar\u00eda de Salud, reporta tres nuevos casos de lesionados por uso prohibido de p\u00f3lvora. Con corte a 25 de diciembre a las 12:00 m., el reporte oficial se\u00f1ala que el primer afectado corresponde a persona de sexo masculino, de [&hellip;]\" \/>\n<meta property=\"og:url\" content=\"https:\/\/pagina10.com\/web\/en-pasto-se-reportan-tres-lesionados-por-uso-prohibido-de-polvora-en-la-celebracion-de-navidad\/\" \/>\n<meta property=\"og:site_name\" content=\"P\u00e1gina10\" \/>\n<meta property=\"article:publisher\" content=\"https:\/\/www.facebook.com\/pag10com\" \/>\n<meta property=\"article:published_time\" content=\"2022-12-26T02:39:17+00:00\" \/>\n<meta property=\"og:image\" content=\"https:\/\/pagina10.com\/web\/wp-content\/uploads\/2022\/12\/WhatsApp-Image-2022-12-25-at-5.25.06-PM.jpeg\" \/>\n\t<meta property=\"og:image:width\" content=\"1280\" \/>\n\t<meta property=\"og:image:height\" content=\"988\" \/>\n\t<meta property=\"og:image:type\" content=\"image\/jpeg\" \/>\n<meta name=\"author\" content=\"P\u00e1gina 10\" \/>\n<meta name=\"twitter:card\" content=\"summary_large_image\" \/>\n<meta name=\"twitter:creator\" content=\"@Pag10com\" \/>\n<meta name=\"twitter:site\" content=\"@Pag10com\" \/>\n<meta name=\"twitter:label1\" content=\"Escrito por\" \/>\n\t<meta name=\"twitter:data1\" content=\"P\u00e1gina 10\" \/>\n\t<meta name=\"twitter:label2\" content=\"Tiempo de lectura\" \/>\n\t<meta name=\"twitter:data2\" content=\"2 minutos\" \/>\n<script type=\"application\/ld+json\" class=\"yoast-schema-graph\">{\"@context\":\"https:\/\/schema.org\",\"@graph\":[{\"@type\":\"Article\",\"@id\":\"https:\/\/pagina10.com\/web\/en-pasto-se-reportan-tres-lesionados-por-uso-prohibido-de-polvora-en-la-celebracion-de-navidad\/#article\",\"isPartOf\":{\"@id\":\"https:\/\/pagina10.com\/web\/en-pasto-se-reportan-tres-lesionados-por-uso-prohibido-de-polvora-en-la-celebracion-de-navidad\/\"},\"author\":{\"name\":\"P\u00e1gina 10\",\"@id\":\"https:\/\/pagina10.com\/web\/#\/schema\/person\/2efc4a090d25b667d3bc796798a3a81b\"},\"headline\":\"En Pasto, se reportan tres lesionados por uso prohibido de p\u00f3lvora en la celebraci\u00f3n de navidad\",\"datePublished\":\"2022-12-26T02:39:17+00:00\",\"mainEntityOfPage\":{\"@id\":\"https:\/\/pagina10.com\/web\/en-pasto-se-reportan-tres-lesionados-por-uso-prohibido-de-polvora-en-la-celebracion-de-navidad\/\"},\"wordCount\":426,\"commentCount\":0,\"publisher\":{\"@id\":\"https:\/\/pagina10.com\/web\/#organization\"},\"image\":{\"@id\":\"https:\/\/pagina10.com\/web\/en-pasto-se-reportan-tres-lesionados-por-uso-prohibido-de-polvora-en-la-celebracion-de-navidad\/#primaryimage\"},\"thumbnailUrl\":\"https:\/\/pagina10.com\/web\/wp-content\/uploads\/2022\/12\/WhatsApp-Image-2022-12-25-at-5.25.06-PM.jpeg\",\"articleSection\":[\"Ciudad\"],\"inLanguage\":\"es\",\"potentialAction\":[{\"@type\":\"CommentAction\",\"name\":\"Comment\",\"target\":[\"https:\/\/pagina10.com\/web\/en-pasto-se-reportan-tres-lesionados-por-uso-prohibido-de-polvora-en-la-celebracion-de-navidad\/#respond\"]}]},{\"@type\":\"WebPage\",\"@id\":\"https:\/\/pagina10.com\/web\/en-pasto-se-reportan-tres-lesionados-por-uso-prohibido-de-polvora-en-la-celebracion-de-navidad\/\",\"url\":\"https:\/\/pagina10.com\/web\/en-pasto-se-reportan-tres-lesionados-por-uso-prohibido-de-polvora-en-la-celebracion-de-navidad\/\",\"name\":\"En Pasto, se reportan tres lesionados por uso prohibido de p\u00f3lvora en la celebraci\u00f3n de navidad | P\u00e1gina10\",\"isPartOf\":{\"@id\":\"https:\/\/pagina10.com\/web\/#website\"},\"primaryImageOfPage\":{\"@id\":\"https:\/\/pagina10.com\/web\/en-pasto-se-reportan-tres-lesionados-por-uso-prohibido-de-polvora-en-la-celebracion-de-navidad\/#primaryimage\"},\"image\":{\"@id\":\"https:\/\/pagina10.com\/web\/en-pasto-se-reportan-tres-lesionados-por-uso-prohibido-de-polvora-en-la-celebracion-de-navidad\/#primaryimage\"},\"thumbnailUrl\":\"https:\/\/pagina10.com\/web\/wp-content\/uploads\/2022\/12\/WhatsApp-Image-2022-12-25-at-5.25.06-PM.jpeg\",\"datePublished\":\"2022-12-26T02:39:17+00:00\",\"breadcrumb\":{\"@id\":\"https:\/\/pagina10.com\/web\/en-pasto-se-reportan-tres-lesionados-por-uso-prohibido-de-polvora-en-la-celebracion-de-navidad\/#breadcrumb\"},\"inLanguage\":\"es\",\"potentialAction\":[{\"@type\":\"ReadAction\",\"target\":[\"https:\/\/pagina10.com\/web\/en-pasto-se-reportan-tres-lesionados-por-uso-prohibido-de-polvora-en-la-celebracion-de-navidad\/\"]}]},{\"@type\":\"ImageObject\",\"inLanguage\":\"es\",\"@id\":\"https:\/\/pagina10.com\/web\/en-pasto-se-reportan-tres-lesionados-por-uso-prohibido-de-polvora-en-la-celebracion-de-navidad\/#primaryimage\",\"url\":\"https:\/\/pagina10.com\/web\/wp-content\/uploads\/2022\/12\/WhatsApp-Image-2022-12-25-at-5.25.06-PM.jpeg\",\"contentUrl\":\"https:\/\/pagina10.com\/web\/wp-content\/uploads\/2022\/12\/WhatsApp-Image-2022-12-25-at-5.25.06-PM.jpeg\",\"width\":1280,\"height\":988},{\"@type\":\"BreadcrumbList\",\"@id\":\"https:\/\/pagina10.com\/web\/en-pasto-se-reportan-tres-lesionados-por-uso-prohibido-de-polvora-en-la-celebracion-de-navidad\/#breadcrumb\",\"itemListElement\":[{\"@type\":\"ListItem\",\"position\":1,\"name\":\"Portada\",\"item\":\"https:\/\/pagina10.com\/web\/\"},{\"@type\":\"ListItem\",\"position\":2,\"name\":\"En Pasto, se reportan tres lesionados por uso prohibido de p\u00f3lvora en la celebraci\u00f3n de navidad\"}]},{\"@type\":\"WebSite\",\"@id\":\"https:\/\/pagina10.com\/web\/#website\",\"url\":\"https:\/\/pagina10.com\/web\/\",\"name\":\"P\u00e1gina10\",\"description\":\"Peri\u00f3dico Regional\",\"publisher\":{\"@id\":\"https:\/\/pagina10.com\/web\/#organization\"},\"alternateName\":\"P\u00e1gina10 Peri\u00f3dico Regional\",\"potentialAction\":[{\"@type\":\"SearchAction\",\"target\":{\"@type\":\"EntryPoint\",\"urlTemplate\":\"https:\/\/pagina10.com\/web\/?s={search_term_string}\"},\"query-input\":{\"@type\":\"PropertyValueSpecification\",\"valueRequired\":true,\"valueName\":\"search_term_string\"}}],\"inLanguage\":\"es\"},{\"@type\":\"Organization\",\"@id\":\"https:\/\/pagina10.com\/web\/#organization\",\"name\":\"P\u00e1gina10\",\"alternateName\":\"P\u00e1gina10 Peri\u00f3dico Regional\",\"url\":\"https:\/\/pagina10.com\/web\/\",\"logo\":{\"@type\":\"ImageObject\",\"inLanguage\":\"es\",\"@id\":\"https:\/\/pagina10.com\/web\/#\/schema\/logo\/image\/\",\"url\":\"https:\/\/pagina10.com\/web\/wp-content\/uploads\/2024\/01\/40-pagina-10-periodico-regional-pasto.jpg\",\"contentUrl\":\"https:\/\/pagina10.com\/web\/wp-content\/uploads\/2024\/01\/40-pagina-10-periodico-regional-pasto.jpg\",\"width\":1280,\"height\":720,\"caption\":\"P\u00e1gina10\"},\"image\":{\"@id\":\"https:\/\/pagina10.com\/web\/#\/schema\/logo\/image\/\"},\"sameAs\":[\"https:\/\/www.facebook.com\/pag10com\",\"https:\/\/x.com\/Pag10com\",\"https:\/\/www.instagram.com\/pagina10col\/\",\"https:\/\/youtube.com\/channel\/pag10\",\"https:\/\/www.tiktok.com\/@p10col\"]},{\"@type\":\"Person\",\"@id\":\"https:\/\/pagina10.com\/web\/#\/schema\/person\/2efc4a090d25b667d3bc796798a3a81b\",\"name\":\"P\u00e1gina 10\",\"description\":\"P\u00e1gina 10 es un peri\u00f3dico regional que nace en Colombia, en el departamento de Nari\u00f1o, con un enfoque global, fundamentado en cuatro pilares esenciales: la libertad, el pluralismo, la inclusi\u00f3n y la independencia. P\u00e1gina 10 hace referencia a Nari\u00f1o como el d\u00e9cimo departamento creado en Colombia, despu\u00e9s de un proceso pol\u00edtico liderado por actores y actrices regionales con el fin de obtener la independencia y autonom\u00eda de nuestros territorios. Con la creaci\u00f3n de P\u00e1gina 10 se pretende abrir un escenario para el dialogo, la reflexi\u00f3n y el debate que se extienda a otras geograf\u00edas de Am\u00e9rica Latina y del planeta, en una apuesta por transformar colectivamente los desaf\u00edos de un mundo contempor\u00e1neo, m\u00e1s all\u00e1 de las fronteras impuestas.\",\"url\":\"https:\/\/pagina10.com\/web\/author\/pdiezadmin\/\"}]}<\/script>\n<!-- \/ Yoast SEO plugin. -->","yoast_head_json":{"title":"En Pasto, se reportan tres lesionados por uso prohibido de p\u00f3lvora en la celebraci\u00f3n de navidad | P\u00e1gina10","robots":{"index":"index","follow":"follow","max-snippet":"max-snippet:-1","max-image-preview":"max-image-preview:large","max-video-preview":"max-video-preview:-1"},"canonical":"https:\/\/pagina10.com\/web\/en-pasto-se-reportan-tres-lesionados-por-uso-prohibido-de-polvora-en-la-celebracion-de-navidad\/","og_locale":"es_ES","og_type":"article","og_title":"En Pasto, se reportan tres lesionados por uso prohibido de p\u00f3lvora en la celebraci\u00f3n de navidad | P\u00e1gina10","og_description":"La Alcald\u00eda de Pasto, a trav\u00e9s del Sistema de Vigilancia Epidemiol\u00f3gica en Salud P\u00fablica de la Secretar\u00eda de Salud, reporta tres nuevos casos de lesionados por uso prohibido de p\u00f3lvora. Con corte a 25 de diciembre a las 12:00 m., el reporte oficial se\u00f1ala que el primer afectado corresponde a persona de sexo masculino, de [&hellip;]","og_url":"https:\/\/pagina10.com\/web\/en-pasto-se-reportan-tres-lesionados-por-uso-prohibido-de-polvora-en-la-celebracion-de-navidad\/","og_site_name":"P\u00e1gina10","article_publisher":"https:\/\/www.facebook.com\/pag10com","article_published_time":"2022-12-26T02:39:17+00:00","og_image":[{"width":1280,"height":988,"url":"https:\/\/pagina10.com\/web\/wp-content\/uploads\/2022\/12\/WhatsApp-Image-2022-12-25-at-5.25.06-PM.jpeg","type":"image\/jpeg"}],"author":"P\u00e1gina 10","twitter_card":"summary_large_image","twitter_creator":"@Pag10com","twitter_site":"@Pag10com","twitter_misc":{"Escrito por":"P\u00e1gina 10","Tiempo de lectura":"2 minutos"},"schema":{"@context":"https:\/\/schema.org","@graph":[{"@type":"Article","@id":"https:\/\/pagina10.com\/web\/en-pasto-se-reportan-tres-lesionados-por-uso-prohibido-de-polvora-en-la-celebracion-de-navidad\/#article","isPartOf":{"@id":"https:\/\/pagina10.com\/web\/en-pasto-se-reportan-tres-lesionados-por-uso-prohibido-de-polvora-en-la-celebracion-de-navidad\/"},"author":{"name":"P\u00e1gina 10","@id":"https:\/\/pagina10.com\/web\/#\/schema\/person\/2efc4a090d25b667d3bc796798a3a81b"},"headline":"En Pasto, se reportan tres lesionados por uso prohibido de p\u00f3lvora en la celebraci\u00f3n de navidad","datePublished":"2022-12-26T02:39:17+00:00","mainEntityOfPage":{"@id":"https:\/\/pagina10.com\/web\/en-pasto-se-reportan-tres-lesionados-por-uso-prohibido-de-polvora-en-la-celebracion-de-navidad\/"},"wordCount":426,"commentCount":0,"publisher":{"@id":"https:\/\/pagina10.com\/web\/#organization"},"image":{"@id":"https:\/\/pagina10.com\/web\/en-pasto-se-reportan-tres-lesionados-por-uso-prohibido-de-polvora-en-la-celebracion-de-navidad\/#primaryimage"},"thumbnailUrl":"https:\/\/pagina10.com\/web\/wp-content\/uploads\/2022\/12\/WhatsApp-Image-2022-12-25-at-5.25.06-PM.jpeg","articleSection":["Ciudad"],"inLanguage":"es","potentialAction":[{"@type":"CommentAction","name":"Comment","target":["https:\/\/pagina10.com\/web\/en-pasto-se-reportan-tres-lesionados-por-uso-prohibido-de-polvora-en-la-celebracion-de-navidad\/#respond"]}]},{"@type":"WebPage","@id":"https:\/\/pagina10.com\/web\/en-pasto-se-reportan-tres-lesionados-por-uso-prohibido-de-polvora-en-la-celebracion-de-navidad\/","url":"https:\/\/pagina10.com\/web\/en-pasto-se-reportan-tres-lesionados-por-uso-prohibido-de-polvora-en-la-celebracion-de-navidad\/","name":"En Pasto, se reportan tres lesionados por uso prohibido de p\u00f3lvora en la celebraci\u00f3n de navidad | P\u00e1gina10","isPartOf":{"@id":"https:\/\/pagina10.com\/web\/#website"},"primaryImageOfPage":{"@id":"https:\/\/pagina10.com\/web\/en-pasto-se-reportan-tres-lesionados-por-uso-prohibido-de-polvora-en-la-celebracion-de-navidad\/#primaryimage"},"image":{"@id":"https:\/\/pagina10.com\/web\/en-pasto-se-reportan-tres-lesionados-por-uso-prohibido-de-polvora-en-la-celebracion-de-navidad\/#primaryimage"},"thumbnailUrl":"https:\/\/pagina10.com\/web\/wp-content\/uploads\/2022\/12\/WhatsApp-Image-2022-12-25-at-5.25.06-PM.jpeg","datePublished":"2022-12-26T02:39:17+00:00","breadcrumb":{"@id":"https:\/\/pagina10.com\/web\/en-pasto-se-reportan-tres-lesionados-por-uso-prohibido-de-polvora-en-la-celebracion-de-navidad\/#breadcrumb"},"inLanguage":"es","potentialAction":[{"@type":"ReadAction","target":["https:\/\/pagina10.com\/web\/en-pasto-se-reportan-tres-lesionados-por-uso-prohibido-de-polvora-en-la-celebracion-de-navidad\/"]}]},{"@type":"ImageObject","inLanguage":"es","@id":"https:\/\/pagina10.com\/web\/en-pasto-se-reportan-tres-lesionados-por-uso-prohibido-de-polvora-en-la-celebracion-de-navidad\/#primaryimage","url":"https:\/\/pagina10.com\/web\/wp-content\/uploads\/2022\/12\/WhatsApp-Image-2022-12-25-at-5.25.06-PM.jpeg","contentUrl":"https:\/\/pagina10.com\/web\/wp-content\/uploads\/2022\/12\/WhatsApp-Image-2022-12-25-at-5.25.06-PM.jpeg","width":1280,"height":988},{"@type":"BreadcrumbList","@id":"https:\/\/pagina10.com\/web\/en-pasto-se-reportan-tres-lesionados-por-uso-prohibido-de-polvora-en-la-celebracion-de-navidad\/#breadcrumb","itemListElement":[{"@type":"ListItem","position":1,"name":"Portada","item":"https:\/\/pagina10.com\/web\/"},{"@type":"ListItem","position":2,"name":"En Pasto, se reportan tres lesionados por uso prohibido de p\u00f3lvora en la celebraci\u00f3n de navidad"}]},{"@type":"WebSite","@id":"https:\/\/pagina10.com\/web\/#website","url":"https:\/\/pagina10.com\/web\/","name":"P\u00e1gina10","description":"Peri\u00f3dico Regional","publisher":{"@id":"https:\/\/pagina10.com\/web\/#organization"},"alternateName":"P\u00e1gina10 Peri\u00f3dico Regional","potentialAction":[{"@type":"SearchAction","target":{"@type":"EntryPoint","urlTemplate":"https:\/\/pagina10.com\/web\/?s={search_term_string}"},"query-input":{"@type":"PropertyValueSpecification","valueRequired":true,"valueName":"search_term_string"}}],"inLanguage":"es"},{"@type":"Organization","@id":"https:\/\/pagina10.com\/web\/#organization","name":"P\u00e1gina10","alternateName":"P\u00e1gina10 Peri\u00f3dico Regional","url":"https:\/\/pagina10.com\/web\/","logo":{"@type":"ImageObject","inLanguage":"es","@id":"https:\/\/pagina10.com\/web\/#\/schema\/logo\/image\/","url":"https:\/\/pagina10.com\/web\/wp-content\/uploads\/2024\/01\/40-pagina-10-periodico-regional-pasto.jpg","contentUrl":"https:\/\/pagina10.com\/web\/wp-content\/uploads\/2024\/01\/40-pagina-10-periodico-regional-pasto.jpg","width":1280,"height":720,"caption":"P\u00e1gina10"},"image":{"@id":"https:\/\/pagina10.com\/web\/#\/schema\/logo\/image\/"},"sameAs":["https:\/\/www.facebook.com\/pag10com","https:\/\/x.com\/Pag10com","https:\/\/www.instagram.com\/pagina10col\/","https:\/\/youtube.com\/channel\/pag10","https:\/\/www.tiktok.com\/@p10col"]},{"@type":"Person","@id":"https:\/\/pagina10.com\/web\/#\/schema\/person\/2efc4a090d25b667d3bc796798a3a81b","name":"P\u00e1gina 10","description":"P\u00e1gina 10 es un peri\u00f3dico regional que nace en Colombia, en el departamento de Nari\u00f1o, con un enfoque global, fundamentado en cuatro pilares esenciales: la libertad, el pluralismo, la inclusi\u00f3n y la independencia. P\u00e1gina 10 hace referencia a Nari\u00f1o como el d\u00e9cimo departamento creado en Colombia, despu\u00e9s de un proceso pol\u00edtico liderado por actores y actrices regionales con el fin de obtener la independencia y autonom\u00eda de nuestros territorios. Con la creaci\u00f3n de P\u00e1gina 10 se pretende abrir un escenario para el dialogo, la reflexi\u00f3n y el debate que se extienda a otras geograf\u00edas de Am\u00e9rica Latina y del planeta, en una apuesta por transformar colectivamente los desaf\u00edos de un mundo contempor\u00e1neo, m\u00e1s all\u00e1 de las fronteras impuestas.","url":"https:\/\/pagina10.com\/web\/author\/pdiezadmin\/"}]}},"_links":{"self":[{"href":"https:\/\/pagina10.com\/web\/wp-json\/wp\/v2\/posts\/63715","targetHints":{"allow":["GET"]}}],"collection":[{"href":"https:\/\/pagina10.com\/web\/wp-json\/wp\/v2\/posts"}],"about":[{"href":"https:\/\/pagina10.com\/web\/wp-json\/wp\/v2\/types\/post"}],"author":[{"embeddable":true,"href":"https:\/\/pagina10.com\/web\/wp-json\/wp\/v2\/users\/1"}],"replies":[{"embeddable":true,"href":"https:\/\/pagina10.com\/web\/wp-json\/wp\/v2\/comments?post=63715"}],"version-history":[{"count":1,"href":"https:\/\/pagina10.com\/web\/wp-json\/wp\/v2\/posts\/63715\/revisions"}],"predecessor-version":[{"id":63717,"href":"https:\/\/pagina10.com\/web\/wp-json\/wp\/v2\/posts\/63715\/revisions\/63717"}],"wp:featuredmedia":[{"embeddable":true,"href":"https:\/\/pagina10.com\/web\/wp-json\/wp\/v2\/media\/63716"}],"wp:attachment":[{"href":"https:\/\/pagina10.com\/web\/wp-json\/wp\/v2\/media?parent=63715"}],"wp:term":[{"taxonomy":"category","embeddable":true,"href":"https:\/\/pagina10.com\/web\/wp-json\/wp\/v2\/categories?post=63715"},{"taxonomy":"post_tag","embeddable":true,"href":"https:\/\/pagina10.com\/web\/wp-json\/wp\/v2\/tags?post=63715"}],"curies":[{"name":"wp","href":"https:\/\/api.w.org\/{rel}","templated":true}]}}