{"id":63744,"date":"2022-12-26T20:52:18","date_gmt":"2022-12-27T01:52:18","guid":{"rendered":"https:\/\/pagina10.com\/web\/?p=63744"},"modified":"2022-12-26T20:52:18","modified_gmt":"2022-12-27T01:52:18","slug":"dirigente-politico-y-social-con-raices-narinenses-es-nuevo-consul-de-colombia-en-chicago","status":"publish","type":"post","link":"https:\/\/pagina10.com\/web\/dirigente-politico-y-social-con-raices-narinenses-es-nuevo-consul-de-colombia-en-chicago\/","title":{"rendered":"Dirigente pol\u00edtico y social con ra\u00edces nari\u00f1enses, es nuevo c\u00f3nsul de Colombia en Chicago"},"content":{"rendered":"<p style=\"text-align: justify;\">Se trata de Diego Angulo Mar\u00ednez quien se desempe\u00f1ar\u00e1 como nuevo c\u00f3nsul de Colombia en Illinois, Chicago en Estados Unidos. El bogotano, con ascendencia en la costa pac\u00edfica de Nari\u00f1o y quien sonaba como candidato para la Alcald\u00eda de Tumaco, se posesionar\u00e1 en enero de 2023.<\/p>\n<p style=\"text-align: justify;\">Angulo naci\u00f3 en 1983 en la capital de la Rep\u00fablica, sus ascendientes son de Mag\u00fc\u00ed Pay\u00e1n. Estudi\u00f3 la primaria en la Escuela Rural Los Pinos de la Instituci\u00f3n Educativa San Antonio en Tausa, Cundinamarca. A los 9 a\u00f1os se mud\u00f3 a Tumaco donde realiz\u00f3 el bachillerato en el Liceo Nacional Max Seidel. Desde los 17 a\u00f1os vivi\u00f3 en Pasto, ciudad en la que adelant\u00f3 sus estudios de Licenciatura en Ciencias Sociales en la Universidad de Nari\u00f1o.<\/p>\n<p style=\"text-align: justify;\">Es magister en Administraci\u00f3n P\u00fablica de la Escuela Superior de Administraci\u00f3n P\u00fablica (ESAP) y culmin\u00f3 Ciencia Pol\u00edtica en el Instituto de Altos Estudios Europeos (IAEE) de Madrid, Espa\u00f1a.<\/p>\n<p style=\"text-align: justify;\">Cuenta con una especializaci\u00f3n en Derecho Electoral en la Universidad Sergio Arboleda. Adem\u00e1s, ha cursado estudios preintroductorios de LLM, introductorios al Derecho Americano e Ingl\u00e9s Legal en las universidades de Fordham en Nueva York y Duke en Carolina del Norte, Estados Unidos.<\/p>\n<p style=\"text-align: justify;\">Fue presidente del Consejo Electoral de la Universidad Distrital de Bogot\u00e1, consultor en derechos humanos y pueblos \u00e9tnicos. En su trayectoria ha sido abogado de entidades p\u00fablicas, privadas y varias ONG en Bogot\u00e1, Cali y el departamento de Nari\u00f1o.<\/p>\n<p style=\"text-align: justify;\">Es analista pol\u00edtico, escritor, candidato a cargos de elecci\u00f3n popular y conferencista invitado en Venezuela, Ecuador, Honduras, Costa Rica y Estados Unidos. Igualmente, se destac\u00f3 como correlator de Chao Racismo, impulsor de la Marcha Mundial por la Paz y la No Violencia, y coautor de publicaci\u00f3n en revista indexada de M\u00e9xico.<\/p>\n","protected":false},"excerpt":{"rendered":"<p>Se trata de Diego Angulo Mar\u00ednez quien se desempe\u00f1ar\u00e1 como nuevo c\u00f3nsul de Colombia en Illinois, Chicago en Estados Unidos. El bogotano, con ascendencia en la costa pac\u00edfica de Nari\u00f1o y quien sonaba como candidato para la Alcald\u00eda de Tumaco, se posesionar\u00e1 en enero de 2023. Angulo naci\u00f3 en 1983 en la capital de la [&hellip;]<\/p>\n","protected":false},"author":1,"featured_media":63745,"comment_status":"open","ping_status":"open","sticky":false,"template":"","format":"standard","meta":{"footnotes":""},"categories":[84],"tags":[],"class_list":["post-63744","post","type-post","status-publish","format-standard","has-post-thumbnail","hentry","category-global-2"],"yoast_head":"<!-- This site is optimized with the Yoast SEO plugin v27.1.1 - https:\/\/yoast.com\/product\/yoast-seo-wordpress\/ -->\n<title>Dirigente pol\u00edtico y social con ra\u00edces nari\u00f1enses, es nuevo c\u00f3nsul de Colombia en Chicago | P\u00e1gina10<\/title>\n<meta name=\"robots\" content=\"index, follow, max-snippet:-1, max-image-preview:large, max-video-preview:-1\" \/>\n<link rel=\"canonical\" href=\"https:\/\/pagina10.com\/web\/dirigente-politico-y-social-con-raices-narinenses-es-nuevo-consul-de-colombia-en-chicago\/\" \/>\n<meta property=\"og:locale\" content=\"es_ES\" \/>\n<meta property=\"og:type\" content=\"article\" \/>\n<meta property=\"og:title\" content=\"Dirigente pol\u00edtico y social con ra\u00edces nari\u00f1enses, es nuevo c\u00f3nsul de Colombia en Chicago | P\u00e1gina10\" \/>\n<meta property=\"og:description\" content=\"Se trata de Diego Angulo Mar\u00ednez quien se desempe\u00f1ar\u00e1 como nuevo c\u00f3nsul de Colombia en Illinois, Chicago en Estados Unidos. El bogotano, con ascendencia en la costa pac\u00edfica de Nari\u00f1o y quien sonaba como candidato para la Alcald\u00eda de Tumaco, se posesionar\u00e1 en enero de 2023. Angulo naci\u00f3 en 1983 en la capital de la [&hellip;]\" \/>\n<meta property=\"og:url\" content=\"https:\/\/pagina10.com\/web\/dirigente-politico-y-social-con-raices-narinenses-es-nuevo-consul-de-colombia-en-chicago\/\" \/>\n<meta property=\"og:site_name\" content=\"P\u00e1gina10\" \/>\n<meta property=\"article:publisher\" content=\"https:\/\/www.facebook.com\/pag10com\" \/>\n<meta property=\"article:published_time\" content=\"2022-12-27T01:52:18+00:00\" \/>\n<meta property=\"og:image\" content=\"https:\/\/pagina10.com\/web\/wp-content\/uploads\/2022\/12\/66407506_1423125207827114_3892550433985527808_n-01-5.jpg\" \/>\n\t<meta property=\"og:image:width\" content=\"2350\" \/>\n\t<meta property=\"og:image:height\" content=\"1417\" \/>\n\t<meta property=\"og:image:type\" content=\"image\/jpeg\" \/>\n<meta name=\"author\" content=\"P\u00e1gina 10\" \/>\n<meta name=\"twitter:card\" content=\"summary_large_image\" \/>\n<meta name=\"twitter:creator\" content=\"@Pag10com\" \/>\n<meta name=\"twitter:site\" content=\"@Pag10com\" \/>\n<meta name=\"twitter:label1\" content=\"Escrito por\" \/>\n\t<meta name=\"twitter:data1\" content=\"P\u00e1gina 10\" \/>\n\t<meta name=\"twitter:label2\" content=\"Tiempo de lectura\" \/>\n\t<meta name=\"twitter:data2\" content=\"2 minutos\" \/>\n<script type=\"application\/ld+json\" class=\"yoast-schema-graph\">{\"@context\":\"https:\/\/schema.org\",\"@graph\":[{\"@type\":\"Article\",\"@id\":\"https:\/\/pagina10.com\/web\/dirigente-politico-y-social-con-raices-narinenses-es-nuevo-consul-de-colombia-en-chicago\/#article\",\"isPartOf\":{\"@id\":\"https:\/\/pagina10.com\/web\/dirigente-politico-y-social-con-raices-narinenses-es-nuevo-consul-de-colombia-en-chicago\/\"},\"author\":{\"name\":\"P\u00e1gina 10\",\"@id\":\"https:\/\/pagina10.com\/web\/#\/schema\/person\/2efc4a090d25b667d3bc796798a3a81b\"},\"headline\":\"Dirigente pol\u00edtico y social con ra\u00edces nari\u00f1enses, es nuevo c\u00f3nsul de Colombia en Chicago\",\"datePublished\":\"2022-12-27T01:52:18+00:00\",\"mainEntityOfPage\":{\"@id\":\"https:\/\/pagina10.com\/web\/dirigente-politico-y-social-con-raices-narinenses-es-nuevo-consul-de-colombia-en-chicago\/\"},\"wordCount\":323,\"commentCount\":0,\"publisher\":{\"@id\":\"https:\/\/pagina10.com\/web\/#organization\"},\"image\":{\"@id\":\"https:\/\/pagina10.com\/web\/dirigente-politico-y-social-con-raices-narinenses-es-nuevo-consul-de-colombia-en-chicago\/#primaryimage\"},\"thumbnailUrl\":\"https:\/\/pagina10.com\/web\/wp-content\/uploads\/2022\/12\/66407506_1423125207827114_3892550433985527808_n-01-5.jpg\",\"articleSection\":[\"Global\"],\"inLanguage\":\"es\",\"potentialAction\":[{\"@type\":\"CommentAction\",\"name\":\"Comment\",\"target\":[\"https:\/\/pagina10.com\/web\/dirigente-politico-y-social-con-raices-narinenses-es-nuevo-consul-de-colombia-en-chicago\/#respond\"]}]},{\"@type\":\"WebPage\",\"@id\":\"https:\/\/pagina10.com\/web\/dirigente-politico-y-social-con-raices-narinenses-es-nuevo-consul-de-colombia-en-chicago\/\",\"url\":\"https:\/\/pagina10.com\/web\/dirigente-politico-y-social-con-raices-narinenses-es-nuevo-consul-de-colombia-en-chicago\/\",\"name\":\"Dirigente pol\u00edtico y social con ra\u00edces nari\u00f1enses, es nuevo c\u00f3nsul de Colombia en Chicago | P\u00e1gina10\",\"isPartOf\":{\"@id\":\"https:\/\/pagina10.com\/web\/#website\"},\"primaryImageOfPage\":{\"@id\":\"https:\/\/pagina10.com\/web\/dirigente-politico-y-social-con-raices-narinenses-es-nuevo-consul-de-colombia-en-chicago\/#primaryimage\"},\"image\":{\"@id\":\"https:\/\/pagina10.com\/web\/dirigente-politico-y-social-con-raices-narinenses-es-nuevo-consul-de-colombia-en-chicago\/#primaryimage\"},\"thumbnailUrl\":\"https:\/\/pagina10.com\/web\/wp-content\/uploads\/2022\/12\/66407506_1423125207827114_3892550433985527808_n-01-5.jpg\",\"datePublished\":\"2022-12-27T01:52:18+00:00\",\"breadcrumb\":{\"@id\":\"https:\/\/pagina10.com\/web\/dirigente-politico-y-social-con-raices-narinenses-es-nuevo-consul-de-colombia-en-chicago\/#breadcrumb\"},\"inLanguage\":\"es\",\"potentialAction\":[{\"@type\":\"ReadAction\",\"target\":[\"https:\/\/pagina10.com\/web\/dirigente-politico-y-social-con-raices-narinenses-es-nuevo-consul-de-colombia-en-chicago\/\"]}]},{\"@type\":\"ImageObject\",\"inLanguage\":\"es\",\"@id\":\"https:\/\/pagina10.com\/web\/dirigente-politico-y-social-con-raices-narinenses-es-nuevo-consul-de-colombia-en-chicago\/#primaryimage\",\"url\":\"https:\/\/pagina10.com\/web\/wp-content\/uploads\/2022\/12\/66407506_1423125207827114_3892550433985527808_n-01-5.jpg\",\"contentUrl\":\"https:\/\/pagina10.com\/web\/wp-content\/uploads\/2022\/12\/66407506_1423125207827114_3892550433985527808_n-01-5.jpg\",\"width\":2350,\"height\":1417},{\"@type\":\"BreadcrumbList\",\"@id\":\"https:\/\/pagina10.com\/web\/dirigente-politico-y-social-con-raices-narinenses-es-nuevo-consul-de-colombia-en-chicago\/#breadcrumb\",\"itemListElement\":[{\"@type\":\"ListItem\",\"position\":1,\"name\":\"Portada\",\"item\":\"https:\/\/pagina10.com\/web\/\"},{\"@type\":\"ListItem\",\"position\":2,\"name\":\"Dirigente pol\u00edtico y social con ra\u00edces nari\u00f1enses, es nuevo c\u00f3nsul de Colombia en Chicago\"}]},{\"@type\":\"WebSite\",\"@id\":\"https:\/\/pagina10.com\/web\/#website\",\"url\":\"https:\/\/pagina10.com\/web\/\",\"name\":\"P\u00e1gina10\",\"description\":\"Peri\u00f3dico Regional\",\"publisher\":{\"@id\":\"https:\/\/pagina10.com\/web\/#organization\"},\"alternateName\":\"P\u00e1gina10 Peri\u00f3dico Regional\",\"potentialAction\":[{\"@type\":\"SearchAction\",\"target\":{\"@type\":\"EntryPoint\",\"urlTemplate\":\"https:\/\/pagina10.com\/web\/?s={search_term_string}\"},\"query-input\":{\"@type\":\"PropertyValueSpecification\",\"valueRequired\":true,\"valueName\":\"search_term_string\"}}],\"inLanguage\":\"es\"},{\"@type\":\"Organization\",\"@id\":\"https:\/\/pagina10.com\/web\/#organization\",\"name\":\"P\u00e1gina10\",\"alternateName\":\"P\u00e1gina10 Peri\u00f3dico Regional\",\"url\":\"https:\/\/pagina10.com\/web\/\",\"logo\":{\"@type\":\"ImageObject\",\"inLanguage\":\"es\",\"@id\":\"https:\/\/pagina10.com\/web\/#\/schema\/logo\/image\/\",\"url\":\"https:\/\/pagina10.com\/web\/wp-content\/uploads\/2024\/01\/40-pagina-10-periodico-regional-pasto.jpg\",\"contentUrl\":\"https:\/\/pagina10.com\/web\/wp-content\/uploads\/2024\/01\/40-pagina-10-periodico-regional-pasto.jpg\",\"width\":1280,\"height\":720,\"caption\":\"P\u00e1gina10\"},\"image\":{\"@id\":\"https:\/\/pagina10.com\/web\/#\/schema\/logo\/image\/\"},\"sameAs\":[\"https:\/\/www.facebook.com\/pag10com\",\"https:\/\/x.com\/Pag10com\",\"https:\/\/www.instagram.com\/pagina10col\/\",\"https:\/\/youtube.com\/channel\/pag10\",\"https:\/\/www.tiktok.com\/@p10col\"]},{\"@type\":\"Person\",\"@id\":\"https:\/\/pagina10.com\/web\/#\/schema\/person\/2efc4a090d25b667d3bc796798a3a81b\",\"name\":\"P\u00e1gina 10\",\"description\":\"P\u00e1gina 10 es un peri\u00f3dico regional que nace en Colombia, en el departamento de Nari\u00f1o, con un enfoque global, fundamentado en cuatro pilares esenciales: la libertad, el pluralismo, la inclusi\u00f3n y la independencia. P\u00e1gina 10 hace referencia a Nari\u00f1o como el d\u00e9cimo departamento creado en Colombia, despu\u00e9s de un proceso pol\u00edtico liderado por actores y actrices regionales con el fin de obtener la independencia y autonom\u00eda de nuestros territorios. Con la creaci\u00f3n de P\u00e1gina 10 se pretende abrir un escenario para el dialogo, la reflexi\u00f3n y el debate que se extienda a otras geograf\u00edas de Am\u00e9rica Latina y del planeta, en una apuesta por transformar colectivamente los desaf\u00edos de un mundo contempor\u00e1neo, m\u00e1s all\u00e1 de las fronteras impuestas.\",\"url\":\"https:\/\/pagina10.com\/web\/author\/pdiezadmin\/\"}]}<\/script>\n<!-- \/ Yoast SEO plugin. -->","yoast_head_json":{"title":"Dirigente pol\u00edtico y social con ra\u00edces nari\u00f1enses, es nuevo c\u00f3nsul de Colombia en Chicago | P\u00e1gina10","robots":{"index":"index","follow":"follow","max-snippet":"max-snippet:-1","max-image-preview":"max-image-preview:large","max-video-preview":"max-video-preview:-1"},"canonical":"https:\/\/pagina10.com\/web\/dirigente-politico-y-social-con-raices-narinenses-es-nuevo-consul-de-colombia-en-chicago\/","og_locale":"es_ES","og_type":"article","og_title":"Dirigente pol\u00edtico y social con ra\u00edces nari\u00f1enses, es nuevo c\u00f3nsul de Colombia en Chicago | P\u00e1gina10","og_description":"Se trata de Diego Angulo Mar\u00ednez quien se desempe\u00f1ar\u00e1 como nuevo c\u00f3nsul de Colombia en Illinois, Chicago en Estados Unidos. El bogotano, con ascendencia en la costa pac\u00edfica de Nari\u00f1o y quien sonaba como candidato para la Alcald\u00eda de Tumaco, se posesionar\u00e1 en enero de 2023. Angulo naci\u00f3 en 1983 en la capital de la [&hellip;]","og_url":"https:\/\/pagina10.com\/web\/dirigente-politico-y-social-con-raices-narinenses-es-nuevo-consul-de-colombia-en-chicago\/","og_site_name":"P\u00e1gina10","article_publisher":"https:\/\/www.facebook.com\/pag10com","article_published_time":"2022-12-27T01:52:18+00:00","og_image":[{"width":2350,"height":1417,"url":"https:\/\/pagina10.com\/web\/wp-content\/uploads\/2022\/12\/66407506_1423125207827114_3892550433985527808_n-01-5.jpg","type":"image\/jpeg"}],"author":"P\u00e1gina 10","twitter_card":"summary_large_image","twitter_creator":"@Pag10com","twitter_site":"@Pag10com","twitter_misc":{"Escrito por":"P\u00e1gina 10","Tiempo de lectura":"2 minutos"},"schema":{"@context":"https:\/\/schema.org","@graph":[{"@type":"Article","@id":"https:\/\/pagina10.com\/web\/dirigente-politico-y-social-con-raices-narinenses-es-nuevo-consul-de-colombia-en-chicago\/#article","isPartOf":{"@id":"https:\/\/pagina10.com\/web\/dirigente-politico-y-social-con-raices-narinenses-es-nuevo-consul-de-colombia-en-chicago\/"},"author":{"name":"P\u00e1gina 10","@id":"https:\/\/pagina10.com\/web\/#\/schema\/person\/2efc4a090d25b667d3bc796798a3a81b"},"headline":"Dirigente pol\u00edtico y social con ra\u00edces nari\u00f1enses, es nuevo c\u00f3nsul de Colombia en Chicago","datePublished":"2022-12-27T01:52:18+00:00","mainEntityOfPage":{"@id":"https:\/\/pagina10.com\/web\/dirigente-politico-y-social-con-raices-narinenses-es-nuevo-consul-de-colombia-en-chicago\/"},"wordCount":323,"commentCount":0,"publisher":{"@id":"https:\/\/pagina10.com\/web\/#organization"},"image":{"@id":"https:\/\/pagina10.com\/web\/dirigente-politico-y-social-con-raices-narinenses-es-nuevo-consul-de-colombia-en-chicago\/#primaryimage"},"thumbnailUrl":"https:\/\/pagina10.com\/web\/wp-content\/uploads\/2022\/12\/66407506_1423125207827114_3892550433985527808_n-01-5.jpg","articleSection":["Global"],"inLanguage":"es","potentialAction":[{"@type":"CommentAction","name":"Comment","target":["https:\/\/pagina10.com\/web\/dirigente-politico-y-social-con-raices-narinenses-es-nuevo-consul-de-colombia-en-chicago\/#respond"]}]},{"@type":"WebPage","@id":"https:\/\/pagina10.com\/web\/dirigente-politico-y-social-con-raices-narinenses-es-nuevo-consul-de-colombia-en-chicago\/","url":"https:\/\/pagina10.com\/web\/dirigente-politico-y-social-con-raices-narinenses-es-nuevo-consul-de-colombia-en-chicago\/","name":"Dirigente pol\u00edtico y social con ra\u00edces nari\u00f1enses, es nuevo c\u00f3nsul de Colombia en Chicago | P\u00e1gina10","isPartOf":{"@id":"https:\/\/pagina10.com\/web\/#website"},"primaryImageOfPage":{"@id":"https:\/\/pagina10.com\/web\/dirigente-politico-y-social-con-raices-narinenses-es-nuevo-consul-de-colombia-en-chicago\/#primaryimage"},"image":{"@id":"https:\/\/pagina10.com\/web\/dirigente-politico-y-social-con-raices-narinenses-es-nuevo-consul-de-colombia-en-chicago\/#primaryimage"},"thumbnailUrl":"https:\/\/pagina10.com\/web\/wp-content\/uploads\/2022\/12\/66407506_1423125207827114_3892550433985527808_n-01-5.jpg","datePublished":"2022-12-27T01:52:18+00:00","breadcrumb":{"@id":"https:\/\/pagina10.com\/web\/dirigente-politico-y-social-con-raices-narinenses-es-nuevo-consul-de-colombia-en-chicago\/#breadcrumb"},"inLanguage":"es","potentialAction":[{"@type":"ReadAction","target":["https:\/\/pagina10.com\/web\/dirigente-politico-y-social-con-raices-narinenses-es-nuevo-consul-de-colombia-en-chicago\/"]}]},{"@type":"ImageObject","inLanguage":"es","@id":"https:\/\/pagina10.com\/web\/dirigente-politico-y-social-con-raices-narinenses-es-nuevo-consul-de-colombia-en-chicago\/#primaryimage","url":"https:\/\/pagina10.com\/web\/wp-content\/uploads\/2022\/12\/66407506_1423125207827114_3892550433985527808_n-01-5.jpg","contentUrl":"https:\/\/pagina10.com\/web\/wp-content\/uploads\/2022\/12\/66407506_1423125207827114_3892550433985527808_n-01-5.jpg","width":2350,"height":1417},{"@type":"BreadcrumbList","@id":"https:\/\/pagina10.com\/web\/dirigente-politico-y-social-con-raices-narinenses-es-nuevo-consul-de-colombia-en-chicago\/#breadcrumb","itemListElement":[{"@type":"ListItem","position":1,"name":"Portada","item":"https:\/\/pagina10.com\/web\/"},{"@type":"ListItem","position":2,"name":"Dirigente pol\u00edtico y social con ra\u00edces nari\u00f1enses, es nuevo c\u00f3nsul de Colombia en Chicago"}]},{"@type":"WebSite","@id":"https:\/\/pagina10.com\/web\/#website","url":"https:\/\/pagina10.com\/web\/","name":"P\u00e1gina10","description":"Peri\u00f3dico Regional","publisher":{"@id":"https:\/\/pagina10.com\/web\/#organization"},"alternateName":"P\u00e1gina10 Peri\u00f3dico Regional","potentialAction":[{"@type":"SearchAction","target":{"@type":"EntryPoint","urlTemplate":"https:\/\/pagina10.com\/web\/?s={search_term_string}"},"query-input":{"@type":"PropertyValueSpecification","valueRequired":true,"valueName":"search_term_string"}}],"inLanguage":"es"},{"@type":"Organization","@id":"https:\/\/pagina10.com\/web\/#organization","name":"P\u00e1gina10","alternateName":"P\u00e1gina10 Peri\u00f3dico Regional","url":"https:\/\/pagina10.com\/web\/","logo":{"@type":"ImageObject","inLanguage":"es","@id":"https:\/\/pagina10.com\/web\/#\/schema\/logo\/image\/","url":"https:\/\/pagina10.com\/web\/wp-content\/uploads\/2024\/01\/40-pagina-10-periodico-regional-pasto.jpg","contentUrl":"https:\/\/pagina10.com\/web\/wp-content\/uploads\/2024\/01\/40-pagina-10-periodico-regional-pasto.jpg","width":1280,"height":720,"caption":"P\u00e1gina10"},"image":{"@id":"https:\/\/pagina10.com\/web\/#\/schema\/logo\/image\/"},"sameAs":["https:\/\/www.facebook.com\/pag10com","https:\/\/x.com\/Pag10com","https:\/\/www.instagram.com\/pagina10col\/","https:\/\/youtube.com\/channel\/pag10","https:\/\/www.tiktok.com\/@p10col"]},{"@type":"Person","@id":"https:\/\/pagina10.com\/web\/#\/schema\/person\/2efc4a090d25b667d3bc796798a3a81b","name":"P\u00e1gina 10","description":"P\u00e1gina 10 es un peri\u00f3dico regional que nace en Colombia, en el departamento de Nari\u00f1o, con un enfoque global, fundamentado en cuatro pilares esenciales: la libertad, el pluralismo, la inclusi\u00f3n y la independencia. P\u00e1gina 10 hace referencia a Nari\u00f1o como el d\u00e9cimo departamento creado en Colombia, despu\u00e9s de un proceso pol\u00edtico liderado por actores y actrices regionales con el fin de obtener la independencia y autonom\u00eda de nuestros territorios. Con la creaci\u00f3n de P\u00e1gina 10 se pretende abrir un escenario para el dialogo, la reflexi\u00f3n y el debate que se extienda a otras geograf\u00edas de Am\u00e9rica Latina y del planeta, en una apuesta por transformar colectivamente los desaf\u00edos de un mundo contempor\u00e1neo, m\u00e1s all\u00e1 de las fronteras impuestas.","url":"https:\/\/pagina10.com\/web\/author\/pdiezadmin\/"}]}},"_links":{"self":[{"href":"https:\/\/pagina10.com\/web\/wp-json\/wp\/v2\/posts\/63744","targetHints":{"allow":["GET"]}}],"collection":[{"href":"https:\/\/pagina10.com\/web\/wp-json\/wp\/v2\/posts"}],"about":[{"href":"https:\/\/pagina10.com\/web\/wp-json\/wp\/v2\/types\/post"}],"author":[{"embeddable":true,"href":"https:\/\/pagina10.com\/web\/wp-json\/wp\/v2\/users\/1"}],"replies":[{"embeddable":true,"href":"https:\/\/pagina10.com\/web\/wp-json\/wp\/v2\/comments?post=63744"}],"version-history":[{"count":1,"href":"https:\/\/pagina10.com\/web\/wp-json\/wp\/v2\/posts\/63744\/revisions"}],"predecessor-version":[{"id":63746,"href":"https:\/\/pagina10.com\/web\/wp-json\/wp\/v2\/posts\/63744\/revisions\/63746"}],"wp:featuredmedia":[{"embeddable":true,"href":"https:\/\/pagina10.com\/web\/wp-json\/wp\/v2\/media\/63745"}],"wp:attachment":[{"href":"https:\/\/pagina10.com\/web\/wp-json\/wp\/v2\/media?parent=63744"}],"wp:term":[{"taxonomy":"category","embeddable":true,"href":"https:\/\/pagina10.com\/web\/wp-json\/wp\/v2\/categories?post=63744"},{"taxonomy":"post_tag","embeddable":true,"href":"https:\/\/pagina10.com\/web\/wp-json\/wp\/v2\/tags?post=63744"}],"curies":[{"name":"wp","href":"https:\/\/api.w.org\/{rel}","templated":true}]}}