{"id":63748,"date":"2022-12-26T22:40:31","date_gmt":"2022-12-27T03:40:31","guid":{"rendered":"https:\/\/pagina10.com\/web\/?p=63748"},"modified":"2022-12-26T22:40:31","modified_gmt":"2022-12-27T03:40:31","slug":"accidente-de-transito-ocurrido-en-catambuco-cobro-la-vida-de-funcionario-de-la-contraloria","status":"publish","type":"post","link":"https:\/\/pagina10.com\/web\/accidente-de-transito-ocurrido-en-catambuco-cobro-la-vida-de-funcionario-de-la-contraloria\/","title":{"rendered":"Accidente de tr\u00e1nsito ocurrido en Catambuco cobr\u00f3 la vida de funcionario de la Contralor\u00eda"},"content":{"rendered":"<p style=\"text-align: justify;\">El hecho ocurrido en la madrugada de este lunes en la v\u00eda que de Pasto conduce a Ipiales cobr\u00f3 la vida de Deiber Leandro Fl\u00f3rez Figueroa de 30 a\u00f1os quien laboraba en el Departamento de Gesti\u00f3n Documental de la Contralor\u00eda en el municipio de Pasto.<\/p>\n<p style=\"text-align: justify;\">Seg\u00fan informaci\u00f3n entregada por las autoridades, el funcionario se movilizaba en su motocicleta con direcci\u00f3n a la capital nari\u00f1ense. En medio de ese trayecto, se presume que un peat\u00f3n se atraves\u00f3 en su camino lo que provoc\u00f3 una fuerte colisi\u00f3n. Producto de los fuertes golpes contra el pavimento, Fl\u00f3rez perdi\u00f3 la vida de forma instant\u00e1nea. Mientras que la otra persona fue conducida a un centro asistencial.<\/p>\n<p style=\"text-align: justify;\">Las autoridades competentes realizaron la inspecci\u00f3n t\u00e9cnica del cad\u00e1ver que fue trasladado a Medicina Legal. Posteriormente, su cuerpo fue trasladado al municipio de Puerres donde sus familiares y allegados le dar\u00e1n cristiana sepultura.<\/p>\n","protected":false},"excerpt":{"rendered":"<p>El hecho ocurrido en la madrugada de este lunes en la v\u00eda que de Pasto conduce a Ipiales cobr\u00f3 la vida de Deiber Leandro Fl\u00f3rez Figueroa de 30 a\u00f1os quien laboraba en el Departamento de Gesti\u00f3n Documental de la Contralor\u00eda en el municipio de Pasto. Seg\u00fan informaci\u00f3n entregada por las autoridades, el funcionario se movilizaba [&hellip;]<\/p>\n","protected":false},"author":1,"featured_media":63749,"comment_status":"open","ping_status":"open","sticky":false,"template":"","format":"standard","meta":{"footnotes":""},"categories":[61],"tags":[],"class_list":["post-63748","post","type-post","status-publish","format-standard","has-post-thumbnail","hentry","category-judicial"],"yoast_head":"<!-- This site is optimized with the Yoast SEO plugin v27.1.1 - https:\/\/yoast.com\/product\/yoast-seo-wordpress\/ -->\n<title>Accidente de tr\u00e1nsito ocurrido en Catambuco cobr\u00f3 la vida de funcionario de la Contralor\u00eda | P\u00e1gina10<\/title>\n<meta name=\"robots\" content=\"index, follow, max-snippet:-1, max-image-preview:large, max-video-preview:-1\" \/>\n<link rel=\"canonical\" href=\"https:\/\/pagina10.com\/web\/accidente-de-transito-ocurrido-en-catambuco-cobro-la-vida-de-funcionario-de-la-contraloria\/\" \/>\n<meta property=\"og:locale\" content=\"es_ES\" \/>\n<meta property=\"og:type\" content=\"article\" \/>\n<meta property=\"og:title\" content=\"Accidente de tr\u00e1nsito ocurrido en Catambuco cobr\u00f3 la vida de funcionario de la Contralor\u00eda | P\u00e1gina10\" \/>\n<meta property=\"og:description\" content=\"El hecho ocurrido en la madrugada de este lunes en la v\u00eda que de Pasto conduce a Ipiales cobr\u00f3 la vida de Deiber Leandro Fl\u00f3rez Figueroa de 30 a\u00f1os quien laboraba en el Departamento de Gesti\u00f3n Documental de la Contralor\u00eda en el municipio de Pasto. Seg\u00fan informaci\u00f3n entregada por las autoridades, el funcionario se movilizaba [&hellip;]\" \/>\n<meta property=\"og:url\" content=\"https:\/\/pagina10.com\/web\/accidente-de-transito-ocurrido-en-catambuco-cobro-la-vida-de-funcionario-de-la-contraloria\/\" \/>\n<meta property=\"og:site_name\" content=\"P\u00e1gina10\" \/>\n<meta property=\"article:publisher\" content=\"https:\/\/www.facebook.com\/pag10com\" \/>\n<meta property=\"article:published_time\" content=\"2022-12-27T03:40:31+00:00\" \/>\n<meta property=\"og:image\" content=\"https:\/\/pagina10.com\/web\/wp-content\/uploads\/2022\/12\/66407506_1423125207827114_3892550433985527808_n-01-6.jpg\" \/>\n\t<meta property=\"og:image:width\" content=\"2350\" \/>\n\t<meta property=\"og:image:height\" content=\"1417\" \/>\n\t<meta property=\"og:image:type\" content=\"image\/jpeg\" \/>\n<meta name=\"author\" content=\"P\u00e1gina 10\" \/>\n<meta name=\"twitter:card\" content=\"summary_large_image\" \/>\n<meta name=\"twitter:creator\" content=\"@Pag10com\" \/>\n<meta name=\"twitter:site\" content=\"@Pag10com\" \/>\n<meta name=\"twitter:label1\" content=\"Escrito por\" \/>\n\t<meta name=\"twitter:data1\" content=\"P\u00e1gina 10\" \/>\n\t<meta name=\"twitter:label2\" content=\"Tiempo de lectura\" \/>\n\t<meta name=\"twitter:data2\" content=\"1 minuto\" \/>\n<script type=\"application\/ld+json\" class=\"yoast-schema-graph\">{\"@context\":\"https:\/\/schema.org\",\"@graph\":[{\"@type\":\"Article\",\"@id\":\"https:\/\/pagina10.com\/web\/accidente-de-transito-ocurrido-en-catambuco-cobro-la-vida-de-funcionario-de-la-contraloria\/#article\",\"isPartOf\":{\"@id\":\"https:\/\/pagina10.com\/web\/accidente-de-transito-ocurrido-en-catambuco-cobro-la-vida-de-funcionario-de-la-contraloria\/\"},\"author\":{\"name\":\"P\u00e1gina 10\",\"@id\":\"https:\/\/pagina10.com\/web\/#\/schema\/person\/2efc4a090d25b667d3bc796798a3a81b\"},\"headline\":\"Accidente de tr\u00e1nsito ocurrido en Catambuco cobr\u00f3 la vida de funcionario de la Contralor\u00eda\",\"datePublished\":\"2022-12-27T03:40:31+00:00\",\"mainEntityOfPage\":{\"@id\":\"https:\/\/pagina10.com\/web\/accidente-de-transito-ocurrido-en-catambuco-cobro-la-vida-de-funcionario-de-la-contraloria\/\"},\"wordCount\":176,\"commentCount\":0,\"publisher\":{\"@id\":\"https:\/\/pagina10.com\/web\/#organization\"},\"image\":{\"@id\":\"https:\/\/pagina10.com\/web\/accidente-de-transito-ocurrido-en-catambuco-cobro-la-vida-de-funcionario-de-la-contraloria\/#primaryimage\"},\"thumbnailUrl\":\"https:\/\/pagina10.com\/web\/wp-content\/uploads\/2022\/12\/66407506_1423125207827114_3892550433985527808_n-01-6.jpg\",\"articleSection\":[\"Judicial\"],\"inLanguage\":\"es\",\"potentialAction\":[{\"@type\":\"CommentAction\",\"name\":\"Comment\",\"target\":[\"https:\/\/pagina10.com\/web\/accidente-de-transito-ocurrido-en-catambuco-cobro-la-vida-de-funcionario-de-la-contraloria\/#respond\"]}]},{\"@type\":\"WebPage\",\"@id\":\"https:\/\/pagina10.com\/web\/accidente-de-transito-ocurrido-en-catambuco-cobro-la-vida-de-funcionario-de-la-contraloria\/\",\"url\":\"https:\/\/pagina10.com\/web\/accidente-de-transito-ocurrido-en-catambuco-cobro-la-vida-de-funcionario-de-la-contraloria\/\",\"name\":\"Accidente de tr\u00e1nsito ocurrido en Catambuco cobr\u00f3 la vida de funcionario de la Contralor\u00eda | P\u00e1gina10\",\"isPartOf\":{\"@id\":\"https:\/\/pagina10.com\/web\/#website\"},\"primaryImageOfPage\":{\"@id\":\"https:\/\/pagina10.com\/web\/accidente-de-transito-ocurrido-en-catambuco-cobro-la-vida-de-funcionario-de-la-contraloria\/#primaryimage\"},\"image\":{\"@id\":\"https:\/\/pagina10.com\/web\/accidente-de-transito-ocurrido-en-catambuco-cobro-la-vida-de-funcionario-de-la-contraloria\/#primaryimage\"},\"thumbnailUrl\":\"https:\/\/pagina10.com\/web\/wp-content\/uploads\/2022\/12\/66407506_1423125207827114_3892550433985527808_n-01-6.jpg\",\"datePublished\":\"2022-12-27T03:40:31+00:00\",\"breadcrumb\":{\"@id\":\"https:\/\/pagina10.com\/web\/accidente-de-transito-ocurrido-en-catambuco-cobro-la-vida-de-funcionario-de-la-contraloria\/#breadcrumb\"},\"inLanguage\":\"es\",\"potentialAction\":[{\"@type\":\"ReadAction\",\"target\":[\"https:\/\/pagina10.com\/web\/accidente-de-transito-ocurrido-en-catambuco-cobro-la-vida-de-funcionario-de-la-contraloria\/\"]}]},{\"@type\":\"ImageObject\",\"inLanguage\":\"es\",\"@id\":\"https:\/\/pagina10.com\/web\/accidente-de-transito-ocurrido-en-catambuco-cobro-la-vida-de-funcionario-de-la-contraloria\/#primaryimage\",\"url\":\"https:\/\/pagina10.com\/web\/wp-content\/uploads\/2022\/12\/66407506_1423125207827114_3892550433985527808_n-01-6.jpg\",\"contentUrl\":\"https:\/\/pagina10.com\/web\/wp-content\/uploads\/2022\/12\/66407506_1423125207827114_3892550433985527808_n-01-6.jpg\",\"width\":2350,\"height\":1417},{\"@type\":\"BreadcrumbList\",\"@id\":\"https:\/\/pagina10.com\/web\/accidente-de-transito-ocurrido-en-catambuco-cobro-la-vida-de-funcionario-de-la-contraloria\/#breadcrumb\",\"itemListElement\":[{\"@type\":\"ListItem\",\"position\":1,\"name\":\"Portada\",\"item\":\"https:\/\/pagina10.com\/web\/\"},{\"@type\":\"ListItem\",\"position\":2,\"name\":\"Accidente de tr\u00e1nsito ocurrido en Catambuco cobr\u00f3 la vida de funcionario de la Contralor\u00eda\"}]},{\"@type\":\"WebSite\",\"@id\":\"https:\/\/pagina10.com\/web\/#website\",\"url\":\"https:\/\/pagina10.com\/web\/\",\"name\":\"P\u00e1gina10\",\"description\":\"Peri\u00f3dico Regional\",\"publisher\":{\"@id\":\"https:\/\/pagina10.com\/web\/#organization\"},\"alternateName\":\"P\u00e1gina10 Peri\u00f3dico Regional\",\"potentialAction\":[{\"@type\":\"SearchAction\",\"target\":{\"@type\":\"EntryPoint\",\"urlTemplate\":\"https:\/\/pagina10.com\/web\/?s={search_term_string}\"},\"query-input\":{\"@type\":\"PropertyValueSpecification\",\"valueRequired\":true,\"valueName\":\"search_term_string\"}}],\"inLanguage\":\"es\"},{\"@type\":\"Organization\",\"@id\":\"https:\/\/pagina10.com\/web\/#organization\",\"name\":\"P\u00e1gina10\",\"alternateName\":\"P\u00e1gina10 Peri\u00f3dico Regional\",\"url\":\"https:\/\/pagina10.com\/web\/\",\"logo\":{\"@type\":\"ImageObject\",\"inLanguage\":\"es\",\"@id\":\"https:\/\/pagina10.com\/web\/#\/schema\/logo\/image\/\",\"url\":\"https:\/\/pagina10.com\/web\/wp-content\/uploads\/2024\/01\/40-pagina-10-periodico-regional-pasto.jpg\",\"contentUrl\":\"https:\/\/pagina10.com\/web\/wp-content\/uploads\/2024\/01\/40-pagina-10-periodico-regional-pasto.jpg\",\"width\":1280,\"height\":720,\"caption\":\"P\u00e1gina10\"},\"image\":{\"@id\":\"https:\/\/pagina10.com\/web\/#\/schema\/logo\/image\/\"},\"sameAs\":[\"https:\/\/www.facebook.com\/pag10com\",\"https:\/\/x.com\/Pag10com\",\"https:\/\/www.instagram.com\/pagina10col\/\",\"https:\/\/youtube.com\/channel\/pag10\",\"https:\/\/www.tiktok.com\/@p10col\"]},{\"@type\":\"Person\",\"@id\":\"https:\/\/pagina10.com\/web\/#\/schema\/person\/2efc4a090d25b667d3bc796798a3a81b\",\"name\":\"P\u00e1gina 10\",\"description\":\"P\u00e1gina 10 es un peri\u00f3dico regional que nace en Colombia, en el departamento de Nari\u00f1o, con un enfoque global, fundamentado en cuatro pilares esenciales: la libertad, el pluralismo, la inclusi\u00f3n y la independencia. P\u00e1gina 10 hace referencia a Nari\u00f1o como el d\u00e9cimo departamento creado en Colombia, despu\u00e9s de un proceso pol\u00edtico liderado por actores y actrices regionales con el fin de obtener la independencia y autonom\u00eda de nuestros territorios. Con la creaci\u00f3n de P\u00e1gina 10 se pretende abrir un escenario para el dialogo, la reflexi\u00f3n y el debate que se extienda a otras geograf\u00edas de Am\u00e9rica Latina y del planeta, en una apuesta por transformar colectivamente los desaf\u00edos de un mundo contempor\u00e1neo, m\u00e1s all\u00e1 de las fronteras impuestas.\",\"url\":\"https:\/\/pagina10.com\/web\/author\/pdiezadmin\/\"}]}<\/script>\n<!-- \/ Yoast SEO plugin. -->","yoast_head_json":{"title":"Accidente de tr\u00e1nsito ocurrido en Catambuco cobr\u00f3 la vida de funcionario de la Contralor\u00eda | P\u00e1gina10","robots":{"index":"index","follow":"follow","max-snippet":"max-snippet:-1","max-image-preview":"max-image-preview:large","max-video-preview":"max-video-preview:-1"},"canonical":"https:\/\/pagina10.com\/web\/accidente-de-transito-ocurrido-en-catambuco-cobro-la-vida-de-funcionario-de-la-contraloria\/","og_locale":"es_ES","og_type":"article","og_title":"Accidente de tr\u00e1nsito ocurrido en Catambuco cobr\u00f3 la vida de funcionario de la Contralor\u00eda | P\u00e1gina10","og_description":"El hecho ocurrido en la madrugada de este lunes en la v\u00eda que de Pasto conduce a Ipiales cobr\u00f3 la vida de Deiber Leandro Fl\u00f3rez Figueroa de 30 a\u00f1os quien laboraba en el Departamento de Gesti\u00f3n Documental de la Contralor\u00eda en el municipio de Pasto. Seg\u00fan informaci\u00f3n entregada por las autoridades, el funcionario se movilizaba [&hellip;]","og_url":"https:\/\/pagina10.com\/web\/accidente-de-transito-ocurrido-en-catambuco-cobro-la-vida-de-funcionario-de-la-contraloria\/","og_site_name":"P\u00e1gina10","article_publisher":"https:\/\/www.facebook.com\/pag10com","article_published_time":"2022-12-27T03:40:31+00:00","og_image":[{"width":2350,"height":1417,"url":"https:\/\/pagina10.com\/web\/wp-content\/uploads\/2022\/12\/66407506_1423125207827114_3892550433985527808_n-01-6.jpg","type":"image\/jpeg"}],"author":"P\u00e1gina 10","twitter_card":"summary_large_image","twitter_creator":"@Pag10com","twitter_site":"@Pag10com","twitter_misc":{"Escrito por":"P\u00e1gina 10","Tiempo de lectura":"1 minuto"},"schema":{"@context":"https:\/\/schema.org","@graph":[{"@type":"Article","@id":"https:\/\/pagina10.com\/web\/accidente-de-transito-ocurrido-en-catambuco-cobro-la-vida-de-funcionario-de-la-contraloria\/#article","isPartOf":{"@id":"https:\/\/pagina10.com\/web\/accidente-de-transito-ocurrido-en-catambuco-cobro-la-vida-de-funcionario-de-la-contraloria\/"},"author":{"name":"P\u00e1gina 10","@id":"https:\/\/pagina10.com\/web\/#\/schema\/person\/2efc4a090d25b667d3bc796798a3a81b"},"headline":"Accidente de tr\u00e1nsito ocurrido en Catambuco cobr\u00f3 la vida de funcionario de la Contralor\u00eda","datePublished":"2022-12-27T03:40:31+00:00","mainEntityOfPage":{"@id":"https:\/\/pagina10.com\/web\/accidente-de-transito-ocurrido-en-catambuco-cobro-la-vida-de-funcionario-de-la-contraloria\/"},"wordCount":176,"commentCount":0,"publisher":{"@id":"https:\/\/pagina10.com\/web\/#organization"},"image":{"@id":"https:\/\/pagina10.com\/web\/accidente-de-transito-ocurrido-en-catambuco-cobro-la-vida-de-funcionario-de-la-contraloria\/#primaryimage"},"thumbnailUrl":"https:\/\/pagina10.com\/web\/wp-content\/uploads\/2022\/12\/66407506_1423125207827114_3892550433985527808_n-01-6.jpg","articleSection":["Judicial"],"inLanguage":"es","potentialAction":[{"@type":"CommentAction","name":"Comment","target":["https:\/\/pagina10.com\/web\/accidente-de-transito-ocurrido-en-catambuco-cobro-la-vida-de-funcionario-de-la-contraloria\/#respond"]}]},{"@type":"WebPage","@id":"https:\/\/pagina10.com\/web\/accidente-de-transito-ocurrido-en-catambuco-cobro-la-vida-de-funcionario-de-la-contraloria\/","url":"https:\/\/pagina10.com\/web\/accidente-de-transito-ocurrido-en-catambuco-cobro-la-vida-de-funcionario-de-la-contraloria\/","name":"Accidente de tr\u00e1nsito ocurrido en Catambuco cobr\u00f3 la vida de funcionario de la Contralor\u00eda | P\u00e1gina10","isPartOf":{"@id":"https:\/\/pagina10.com\/web\/#website"},"primaryImageOfPage":{"@id":"https:\/\/pagina10.com\/web\/accidente-de-transito-ocurrido-en-catambuco-cobro-la-vida-de-funcionario-de-la-contraloria\/#primaryimage"},"image":{"@id":"https:\/\/pagina10.com\/web\/accidente-de-transito-ocurrido-en-catambuco-cobro-la-vida-de-funcionario-de-la-contraloria\/#primaryimage"},"thumbnailUrl":"https:\/\/pagina10.com\/web\/wp-content\/uploads\/2022\/12\/66407506_1423125207827114_3892550433985527808_n-01-6.jpg","datePublished":"2022-12-27T03:40:31+00:00","breadcrumb":{"@id":"https:\/\/pagina10.com\/web\/accidente-de-transito-ocurrido-en-catambuco-cobro-la-vida-de-funcionario-de-la-contraloria\/#breadcrumb"},"inLanguage":"es","potentialAction":[{"@type":"ReadAction","target":["https:\/\/pagina10.com\/web\/accidente-de-transito-ocurrido-en-catambuco-cobro-la-vida-de-funcionario-de-la-contraloria\/"]}]},{"@type":"ImageObject","inLanguage":"es","@id":"https:\/\/pagina10.com\/web\/accidente-de-transito-ocurrido-en-catambuco-cobro-la-vida-de-funcionario-de-la-contraloria\/#primaryimage","url":"https:\/\/pagina10.com\/web\/wp-content\/uploads\/2022\/12\/66407506_1423125207827114_3892550433985527808_n-01-6.jpg","contentUrl":"https:\/\/pagina10.com\/web\/wp-content\/uploads\/2022\/12\/66407506_1423125207827114_3892550433985527808_n-01-6.jpg","width":2350,"height":1417},{"@type":"BreadcrumbList","@id":"https:\/\/pagina10.com\/web\/accidente-de-transito-ocurrido-en-catambuco-cobro-la-vida-de-funcionario-de-la-contraloria\/#breadcrumb","itemListElement":[{"@type":"ListItem","position":1,"name":"Portada","item":"https:\/\/pagina10.com\/web\/"},{"@type":"ListItem","position":2,"name":"Accidente de tr\u00e1nsito ocurrido en Catambuco cobr\u00f3 la vida de funcionario de la Contralor\u00eda"}]},{"@type":"WebSite","@id":"https:\/\/pagina10.com\/web\/#website","url":"https:\/\/pagina10.com\/web\/","name":"P\u00e1gina10","description":"Peri\u00f3dico Regional","publisher":{"@id":"https:\/\/pagina10.com\/web\/#organization"},"alternateName":"P\u00e1gina10 Peri\u00f3dico Regional","potentialAction":[{"@type":"SearchAction","target":{"@type":"EntryPoint","urlTemplate":"https:\/\/pagina10.com\/web\/?s={search_term_string}"},"query-input":{"@type":"PropertyValueSpecification","valueRequired":true,"valueName":"search_term_string"}}],"inLanguage":"es"},{"@type":"Organization","@id":"https:\/\/pagina10.com\/web\/#organization","name":"P\u00e1gina10","alternateName":"P\u00e1gina10 Peri\u00f3dico Regional","url":"https:\/\/pagina10.com\/web\/","logo":{"@type":"ImageObject","inLanguage":"es","@id":"https:\/\/pagina10.com\/web\/#\/schema\/logo\/image\/","url":"https:\/\/pagina10.com\/web\/wp-content\/uploads\/2024\/01\/40-pagina-10-periodico-regional-pasto.jpg","contentUrl":"https:\/\/pagina10.com\/web\/wp-content\/uploads\/2024\/01\/40-pagina-10-periodico-regional-pasto.jpg","width":1280,"height":720,"caption":"P\u00e1gina10"},"image":{"@id":"https:\/\/pagina10.com\/web\/#\/schema\/logo\/image\/"},"sameAs":["https:\/\/www.facebook.com\/pag10com","https:\/\/x.com\/Pag10com","https:\/\/www.instagram.com\/pagina10col\/","https:\/\/youtube.com\/channel\/pag10","https:\/\/www.tiktok.com\/@p10col"]},{"@type":"Person","@id":"https:\/\/pagina10.com\/web\/#\/schema\/person\/2efc4a090d25b667d3bc796798a3a81b","name":"P\u00e1gina 10","description":"P\u00e1gina 10 es un peri\u00f3dico regional que nace en Colombia, en el departamento de Nari\u00f1o, con un enfoque global, fundamentado en cuatro pilares esenciales: la libertad, el pluralismo, la inclusi\u00f3n y la independencia. P\u00e1gina 10 hace referencia a Nari\u00f1o como el d\u00e9cimo departamento creado en Colombia, despu\u00e9s de un proceso pol\u00edtico liderado por actores y actrices regionales con el fin de obtener la independencia y autonom\u00eda de nuestros territorios. Con la creaci\u00f3n de P\u00e1gina 10 se pretende abrir un escenario para el dialogo, la reflexi\u00f3n y el debate que se extienda a otras geograf\u00edas de Am\u00e9rica Latina y del planeta, en una apuesta por transformar colectivamente los desaf\u00edos de un mundo contempor\u00e1neo, m\u00e1s all\u00e1 de las fronteras impuestas.","url":"https:\/\/pagina10.com\/web\/author\/pdiezadmin\/"}]}},"_links":{"self":[{"href":"https:\/\/pagina10.com\/web\/wp-json\/wp\/v2\/posts\/63748","targetHints":{"allow":["GET"]}}],"collection":[{"href":"https:\/\/pagina10.com\/web\/wp-json\/wp\/v2\/posts"}],"about":[{"href":"https:\/\/pagina10.com\/web\/wp-json\/wp\/v2\/types\/post"}],"author":[{"embeddable":true,"href":"https:\/\/pagina10.com\/web\/wp-json\/wp\/v2\/users\/1"}],"replies":[{"embeddable":true,"href":"https:\/\/pagina10.com\/web\/wp-json\/wp\/v2\/comments?post=63748"}],"version-history":[{"count":1,"href":"https:\/\/pagina10.com\/web\/wp-json\/wp\/v2\/posts\/63748\/revisions"}],"predecessor-version":[{"id":63750,"href":"https:\/\/pagina10.com\/web\/wp-json\/wp\/v2\/posts\/63748\/revisions\/63750"}],"wp:featuredmedia":[{"embeddable":true,"href":"https:\/\/pagina10.com\/web\/wp-json\/wp\/v2\/media\/63749"}],"wp:attachment":[{"href":"https:\/\/pagina10.com\/web\/wp-json\/wp\/v2\/media?parent=63748"}],"wp:term":[{"taxonomy":"category","embeddable":true,"href":"https:\/\/pagina10.com\/web\/wp-json\/wp\/v2\/categories?post=63748"},{"taxonomy":"post_tag","embeddable":true,"href":"https:\/\/pagina10.com\/web\/wp-json\/wp\/v2\/tags?post=63748"}],"curies":[{"name":"wp","href":"https:\/\/api.w.org\/{rel}","templated":true}]}}