{"id":63757,"date":"2022-12-27T16:03:25","date_gmt":"2022-12-27T21:03:25","guid":{"rendered":"https:\/\/pagina10.com\/web\/?p=63757"},"modified":"2022-12-27T16:03:25","modified_gmt":"2022-12-27T21:03:25","slug":"ecologista-ipialeno-sembro-el-arbol-10-millones-en-leticia-amazonas","status":"publish","type":"post","link":"https:\/\/pagina10.com\/web\/ecologista-ipialeno-sembro-el-arbol-10-millones-en-leticia-amazonas\/","title":{"rendered":"Ecologista ipiale\u00f1o sembr\u00f3 el \u00e1rbol 10 millones en Leticia, Amazonas"},"content":{"rendered":"<p style=\"text-align: justify;\">Despu\u00e9s de cuatro meses en el Amazonas el ipiale\u00f1o Henry S\u00e1nchez Pardo logr\u00f3 sembrar el \u00e1rbol 10 millones en su carrera como ecologista. La especie de cedro qued\u00f3 plantada en el parque Los Loros de la ciudad de Leticia. Ahora, su sue\u00f1o es plantar 8 mil millones de \u00e1rboles en todo el mundo, uno por cada habitante del planeta.<\/p>\n<p style=\"text-align: justify;\">Es docente y catedr\u00e1tico, bombero, atleta y ecologista. Estudi\u00f3 matem\u00e1ticas en la Universidad Nacional de Colombia, ejerci\u00f3 como profesor en varias universidades y fue director de una escuela de ingenier\u00eda ambiental.\u00a0 Tambi\u00e9n se desempe\u00f1\u00f3 como bombero.<\/p>\n<p style=\"text-align: justify;\">En 2008 inici\u00f3 su m\u00e1s grande locura: recorrer toda Am\u00e9rica descalzo. En Ushuaia, el fin del mundo, siembra su primer \u00e1rbol. Luego recorre Argentina, Uruguay, Brasil, Paraguay, Bolivia, Per\u00fa, Ecuador, Colombia, toda Centro Am\u00e9rica, M\u00e9xico, la Costa Oeste de Estados Unidos, Canad\u00e1 y Alaska.<\/p>\n<p style=\"text-align: justify;\">\u201cMi traves\u00eda como atleta y como ambientalista continua, son 30 a\u00f1os de activismo ambiental, mi deseo es plantar un \u00e1rbol por cada habitante del planeta, seria 8 mil millones de \u00e1rboles, es una meta muy ambiciosa, pero luchare por lograrlo\u201d, se\u00f1ala S\u00e1nchez Pardo quien posee una minuciosa bit\u00e1cora donde lleva un registro de todas las plantaciones que ha hecho o ha ayudado a hacer durante su traves\u00eda.<\/p>\n","protected":false},"excerpt":{"rendered":"<p>Despu\u00e9s de cuatro meses en el Amazonas el ipiale\u00f1o Henry S\u00e1nchez Pardo logr\u00f3 sembrar el \u00e1rbol 10 millones en su carrera como ecologista. La especie de cedro qued\u00f3 plantada en el parque Los Loros de la ciudad de Leticia. Ahora, su sue\u00f1o es plantar 8 mil millones de \u00e1rboles en todo el mundo, uno por [&hellip;]<\/p>\n","protected":false},"author":1,"featured_media":63758,"comment_status":"open","ping_status":"open","sticky":false,"template":"","format":"standard","meta":{"footnotes":""},"categories":[84],"tags":[],"class_list":["post-63757","post","type-post","status-publish","format-standard","has-post-thumbnail","hentry","category-global-2"],"yoast_head":"<!-- This site is optimized with the Yoast SEO plugin v27.1.1 - https:\/\/yoast.com\/product\/yoast-seo-wordpress\/ -->\n<title>Ecologista ipiale\u00f1o sembr\u00f3 el \u00e1rbol 10 millones en Leticia, Amazonas | P\u00e1gina10<\/title>\n<meta name=\"robots\" content=\"index, follow, max-snippet:-1, max-image-preview:large, max-video-preview:-1\" \/>\n<link rel=\"canonical\" href=\"https:\/\/pagina10.com\/web\/ecologista-ipialeno-sembro-el-arbol-10-millones-en-leticia-amazonas\/\" \/>\n<meta property=\"og:locale\" content=\"es_ES\" \/>\n<meta property=\"og:type\" content=\"article\" \/>\n<meta property=\"og:title\" content=\"Ecologista ipiale\u00f1o sembr\u00f3 el \u00e1rbol 10 millones en Leticia, Amazonas | P\u00e1gina10\" \/>\n<meta property=\"og:description\" content=\"Despu\u00e9s de cuatro meses en el Amazonas el ipiale\u00f1o Henry S\u00e1nchez Pardo logr\u00f3 sembrar el \u00e1rbol 10 millones en su carrera como ecologista. La especie de cedro qued\u00f3 plantada en el parque Los Loros de la ciudad de Leticia. Ahora, su sue\u00f1o es plantar 8 mil millones de \u00e1rboles en todo el mundo, uno por [&hellip;]\" \/>\n<meta property=\"og:url\" content=\"https:\/\/pagina10.com\/web\/ecologista-ipialeno-sembro-el-arbol-10-millones-en-leticia-amazonas\/\" \/>\n<meta property=\"og:site_name\" content=\"P\u00e1gina10\" \/>\n<meta property=\"article:publisher\" content=\"https:\/\/www.facebook.com\/pag10com\" \/>\n<meta property=\"article:published_time\" content=\"2022-12-27T21:03:25+00:00\" \/>\n<meta property=\"og:image\" content=\"https:\/\/pagina10.com\/web\/wp-content\/uploads\/2022\/12\/271587454_4744034055675676_7739335472210865272_n-e1672174995636.jpg\" \/>\n\t<meta property=\"og:image:width\" content=\"957\" \/>\n\t<meta property=\"og:image:height\" content=\"544\" \/>\n\t<meta property=\"og:image:type\" content=\"image\/jpeg\" \/>\n<meta name=\"author\" content=\"P\u00e1gina 10\" \/>\n<meta name=\"twitter:card\" content=\"summary_large_image\" \/>\n<meta name=\"twitter:creator\" content=\"@Pag10com\" \/>\n<meta name=\"twitter:site\" content=\"@Pag10com\" \/>\n<meta name=\"twitter:label1\" content=\"Escrito por\" \/>\n\t<meta name=\"twitter:data1\" content=\"P\u00e1gina 10\" \/>\n\t<meta name=\"twitter:label2\" content=\"Tiempo de lectura\" \/>\n\t<meta name=\"twitter:data2\" content=\"1 minuto\" \/>\n<script type=\"application\/ld+json\" class=\"yoast-schema-graph\">{\"@context\":\"https:\/\/schema.org\",\"@graph\":[{\"@type\":\"Article\",\"@id\":\"https:\/\/pagina10.com\/web\/ecologista-ipialeno-sembro-el-arbol-10-millones-en-leticia-amazonas\/#article\",\"isPartOf\":{\"@id\":\"https:\/\/pagina10.com\/web\/ecologista-ipialeno-sembro-el-arbol-10-millones-en-leticia-amazonas\/\"},\"author\":{\"name\":\"P\u00e1gina 10\",\"@id\":\"https:\/\/pagina10.com\/web\/#\/schema\/person\/2efc4a090d25b667d3bc796798a3a81b\"},\"headline\":\"Ecologista ipiale\u00f1o sembr\u00f3 el \u00e1rbol 10 millones en Leticia, Amazonas\",\"datePublished\":\"2022-12-27T21:03:25+00:00\",\"mainEntityOfPage\":{\"@id\":\"https:\/\/pagina10.com\/web\/ecologista-ipialeno-sembro-el-arbol-10-millones-en-leticia-amazonas\/\"},\"wordCount\":229,\"commentCount\":0,\"publisher\":{\"@id\":\"https:\/\/pagina10.com\/web\/#organization\"},\"image\":{\"@id\":\"https:\/\/pagina10.com\/web\/ecologista-ipialeno-sembro-el-arbol-10-millones-en-leticia-amazonas\/#primaryimage\"},\"thumbnailUrl\":\"https:\/\/pagina10.com\/web\/wp-content\/uploads\/2022\/12\/271587454_4744034055675676_7739335472210865272_n-e1672174995636.jpg\",\"articleSection\":[\"Global\"],\"inLanguage\":\"es\",\"potentialAction\":[{\"@type\":\"CommentAction\",\"name\":\"Comment\",\"target\":[\"https:\/\/pagina10.com\/web\/ecologista-ipialeno-sembro-el-arbol-10-millones-en-leticia-amazonas\/#respond\"]}]},{\"@type\":\"WebPage\",\"@id\":\"https:\/\/pagina10.com\/web\/ecologista-ipialeno-sembro-el-arbol-10-millones-en-leticia-amazonas\/\",\"url\":\"https:\/\/pagina10.com\/web\/ecologista-ipialeno-sembro-el-arbol-10-millones-en-leticia-amazonas\/\",\"name\":\"Ecologista ipiale\u00f1o sembr\u00f3 el \u00e1rbol 10 millones en Leticia, Amazonas | P\u00e1gina10\",\"isPartOf\":{\"@id\":\"https:\/\/pagina10.com\/web\/#website\"},\"primaryImageOfPage\":{\"@id\":\"https:\/\/pagina10.com\/web\/ecologista-ipialeno-sembro-el-arbol-10-millones-en-leticia-amazonas\/#primaryimage\"},\"image\":{\"@id\":\"https:\/\/pagina10.com\/web\/ecologista-ipialeno-sembro-el-arbol-10-millones-en-leticia-amazonas\/#primaryimage\"},\"thumbnailUrl\":\"https:\/\/pagina10.com\/web\/wp-content\/uploads\/2022\/12\/271587454_4744034055675676_7739335472210865272_n-e1672174995636.jpg\",\"datePublished\":\"2022-12-27T21:03:25+00:00\",\"breadcrumb\":{\"@id\":\"https:\/\/pagina10.com\/web\/ecologista-ipialeno-sembro-el-arbol-10-millones-en-leticia-amazonas\/#breadcrumb\"},\"inLanguage\":\"es\",\"potentialAction\":[{\"@type\":\"ReadAction\",\"target\":[\"https:\/\/pagina10.com\/web\/ecologista-ipialeno-sembro-el-arbol-10-millones-en-leticia-amazonas\/\"]}]},{\"@type\":\"ImageObject\",\"inLanguage\":\"es\",\"@id\":\"https:\/\/pagina10.com\/web\/ecologista-ipialeno-sembro-el-arbol-10-millones-en-leticia-amazonas\/#primaryimage\",\"url\":\"https:\/\/pagina10.com\/web\/wp-content\/uploads\/2022\/12\/271587454_4744034055675676_7739335472210865272_n-e1672174995636.jpg\",\"contentUrl\":\"https:\/\/pagina10.com\/web\/wp-content\/uploads\/2022\/12\/271587454_4744034055675676_7739335472210865272_n-e1672174995636.jpg\",\"width\":957,\"height\":544},{\"@type\":\"BreadcrumbList\",\"@id\":\"https:\/\/pagina10.com\/web\/ecologista-ipialeno-sembro-el-arbol-10-millones-en-leticia-amazonas\/#breadcrumb\",\"itemListElement\":[{\"@type\":\"ListItem\",\"position\":1,\"name\":\"Portada\",\"item\":\"https:\/\/pagina10.com\/web\/\"},{\"@type\":\"ListItem\",\"position\":2,\"name\":\"Ecologista ipiale\u00f1o sembr\u00f3 el \u00e1rbol 10 millones en Leticia, Amazonas\"}]},{\"@type\":\"WebSite\",\"@id\":\"https:\/\/pagina10.com\/web\/#website\",\"url\":\"https:\/\/pagina10.com\/web\/\",\"name\":\"P\u00e1gina10\",\"description\":\"Peri\u00f3dico Regional\",\"publisher\":{\"@id\":\"https:\/\/pagina10.com\/web\/#organization\"},\"alternateName\":\"P\u00e1gina10 Peri\u00f3dico Regional\",\"potentialAction\":[{\"@type\":\"SearchAction\",\"target\":{\"@type\":\"EntryPoint\",\"urlTemplate\":\"https:\/\/pagina10.com\/web\/?s={search_term_string}\"},\"query-input\":{\"@type\":\"PropertyValueSpecification\",\"valueRequired\":true,\"valueName\":\"search_term_string\"}}],\"inLanguage\":\"es\"},{\"@type\":\"Organization\",\"@id\":\"https:\/\/pagina10.com\/web\/#organization\",\"name\":\"P\u00e1gina10\",\"alternateName\":\"P\u00e1gina10 Peri\u00f3dico Regional\",\"url\":\"https:\/\/pagina10.com\/web\/\",\"logo\":{\"@type\":\"ImageObject\",\"inLanguage\":\"es\",\"@id\":\"https:\/\/pagina10.com\/web\/#\/schema\/logo\/image\/\",\"url\":\"https:\/\/pagina10.com\/web\/wp-content\/uploads\/2024\/01\/40-pagina-10-periodico-regional-pasto.jpg\",\"contentUrl\":\"https:\/\/pagina10.com\/web\/wp-content\/uploads\/2024\/01\/40-pagina-10-periodico-regional-pasto.jpg\",\"width\":1280,\"height\":720,\"caption\":\"P\u00e1gina10\"},\"image\":{\"@id\":\"https:\/\/pagina10.com\/web\/#\/schema\/logo\/image\/\"},\"sameAs\":[\"https:\/\/www.facebook.com\/pag10com\",\"https:\/\/x.com\/Pag10com\",\"https:\/\/www.instagram.com\/pagina10col\/\",\"https:\/\/youtube.com\/channel\/pag10\",\"https:\/\/www.tiktok.com\/@p10col\"]},{\"@type\":\"Person\",\"@id\":\"https:\/\/pagina10.com\/web\/#\/schema\/person\/2efc4a090d25b667d3bc796798a3a81b\",\"name\":\"P\u00e1gina 10\",\"description\":\"P\u00e1gina 10 es un peri\u00f3dico regional que nace en Colombia, en el departamento de Nari\u00f1o, con un enfoque global, fundamentado en cuatro pilares esenciales: la libertad, el pluralismo, la inclusi\u00f3n y la independencia. P\u00e1gina 10 hace referencia a Nari\u00f1o como el d\u00e9cimo departamento creado en Colombia, despu\u00e9s de un proceso pol\u00edtico liderado por actores y actrices regionales con el fin de obtener la independencia y autonom\u00eda de nuestros territorios. Con la creaci\u00f3n de P\u00e1gina 10 se pretende abrir un escenario para el dialogo, la reflexi\u00f3n y el debate que se extienda a otras geograf\u00edas de Am\u00e9rica Latina y del planeta, en una apuesta por transformar colectivamente los desaf\u00edos de un mundo contempor\u00e1neo, m\u00e1s all\u00e1 de las fronteras impuestas.\",\"url\":\"https:\/\/pagina10.com\/web\/author\/pdiezadmin\/\"}]}<\/script>\n<!-- \/ Yoast SEO plugin. -->","yoast_head_json":{"title":"Ecologista ipiale\u00f1o sembr\u00f3 el \u00e1rbol 10 millones en Leticia, Amazonas | P\u00e1gina10","robots":{"index":"index","follow":"follow","max-snippet":"max-snippet:-1","max-image-preview":"max-image-preview:large","max-video-preview":"max-video-preview:-1"},"canonical":"https:\/\/pagina10.com\/web\/ecologista-ipialeno-sembro-el-arbol-10-millones-en-leticia-amazonas\/","og_locale":"es_ES","og_type":"article","og_title":"Ecologista ipiale\u00f1o sembr\u00f3 el \u00e1rbol 10 millones en Leticia, Amazonas | P\u00e1gina10","og_description":"Despu\u00e9s de cuatro meses en el Amazonas el ipiale\u00f1o Henry S\u00e1nchez Pardo logr\u00f3 sembrar el \u00e1rbol 10 millones en su carrera como ecologista. La especie de cedro qued\u00f3 plantada en el parque Los Loros de la ciudad de Leticia. Ahora, su sue\u00f1o es plantar 8 mil millones de \u00e1rboles en todo el mundo, uno por [&hellip;]","og_url":"https:\/\/pagina10.com\/web\/ecologista-ipialeno-sembro-el-arbol-10-millones-en-leticia-amazonas\/","og_site_name":"P\u00e1gina10","article_publisher":"https:\/\/www.facebook.com\/pag10com","article_published_time":"2022-12-27T21:03:25+00:00","og_image":[{"width":957,"height":544,"url":"https:\/\/pagina10.com\/web\/wp-content\/uploads\/2022\/12\/271587454_4744034055675676_7739335472210865272_n-e1672174995636.jpg","type":"image\/jpeg"}],"author":"P\u00e1gina 10","twitter_card":"summary_large_image","twitter_creator":"@Pag10com","twitter_site":"@Pag10com","twitter_misc":{"Escrito por":"P\u00e1gina 10","Tiempo de lectura":"1 minuto"},"schema":{"@context":"https:\/\/schema.org","@graph":[{"@type":"Article","@id":"https:\/\/pagina10.com\/web\/ecologista-ipialeno-sembro-el-arbol-10-millones-en-leticia-amazonas\/#article","isPartOf":{"@id":"https:\/\/pagina10.com\/web\/ecologista-ipialeno-sembro-el-arbol-10-millones-en-leticia-amazonas\/"},"author":{"name":"P\u00e1gina 10","@id":"https:\/\/pagina10.com\/web\/#\/schema\/person\/2efc4a090d25b667d3bc796798a3a81b"},"headline":"Ecologista ipiale\u00f1o sembr\u00f3 el \u00e1rbol 10 millones en Leticia, Amazonas","datePublished":"2022-12-27T21:03:25+00:00","mainEntityOfPage":{"@id":"https:\/\/pagina10.com\/web\/ecologista-ipialeno-sembro-el-arbol-10-millones-en-leticia-amazonas\/"},"wordCount":229,"commentCount":0,"publisher":{"@id":"https:\/\/pagina10.com\/web\/#organization"},"image":{"@id":"https:\/\/pagina10.com\/web\/ecologista-ipialeno-sembro-el-arbol-10-millones-en-leticia-amazonas\/#primaryimage"},"thumbnailUrl":"https:\/\/pagina10.com\/web\/wp-content\/uploads\/2022\/12\/271587454_4744034055675676_7739335472210865272_n-e1672174995636.jpg","articleSection":["Global"],"inLanguage":"es","potentialAction":[{"@type":"CommentAction","name":"Comment","target":["https:\/\/pagina10.com\/web\/ecologista-ipialeno-sembro-el-arbol-10-millones-en-leticia-amazonas\/#respond"]}]},{"@type":"WebPage","@id":"https:\/\/pagina10.com\/web\/ecologista-ipialeno-sembro-el-arbol-10-millones-en-leticia-amazonas\/","url":"https:\/\/pagina10.com\/web\/ecologista-ipialeno-sembro-el-arbol-10-millones-en-leticia-amazonas\/","name":"Ecologista ipiale\u00f1o sembr\u00f3 el \u00e1rbol 10 millones en Leticia, Amazonas | P\u00e1gina10","isPartOf":{"@id":"https:\/\/pagina10.com\/web\/#website"},"primaryImageOfPage":{"@id":"https:\/\/pagina10.com\/web\/ecologista-ipialeno-sembro-el-arbol-10-millones-en-leticia-amazonas\/#primaryimage"},"image":{"@id":"https:\/\/pagina10.com\/web\/ecologista-ipialeno-sembro-el-arbol-10-millones-en-leticia-amazonas\/#primaryimage"},"thumbnailUrl":"https:\/\/pagina10.com\/web\/wp-content\/uploads\/2022\/12\/271587454_4744034055675676_7739335472210865272_n-e1672174995636.jpg","datePublished":"2022-12-27T21:03:25+00:00","breadcrumb":{"@id":"https:\/\/pagina10.com\/web\/ecologista-ipialeno-sembro-el-arbol-10-millones-en-leticia-amazonas\/#breadcrumb"},"inLanguage":"es","potentialAction":[{"@type":"ReadAction","target":["https:\/\/pagina10.com\/web\/ecologista-ipialeno-sembro-el-arbol-10-millones-en-leticia-amazonas\/"]}]},{"@type":"ImageObject","inLanguage":"es","@id":"https:\/\/pagina10.com\/web\/ecologista-ipialeno-sembro-el-arbol-10-millones-en-leticia-amazonas\/#primaryimage","url":"https:\/\/pagina10.com\/web\/wp-content\/uploads\/2022\/12\/271587454_4744034055675676_7739335472210865272_n-e1672174995636.jpg","contentUrl":"https:\/\/pagina10.com\/web\/wp-content\/uploads\/2022\/12\/271587454_4744034055675676_7739335472210865272_n-e1672174995636.jpg","width":957,"height":544},{"@type":"BreadcrumbList","@id":"https:\/\/pagina10.com\/web\/ecologista-ipialeno-sembro-el-arbol-10-millones-en-leticia-amazonas\/#breadcrumb","itemListElement":[{"@type":"ListItem","position":1,"name":"Portada","item":"https:\/\/pagina10.com\/web\/"},{"@type":"ListItem","position":2,"name":"Ecologista ipiale\u00f1o sembr\u00f3 el \u00e1rbol 10 millones en Leticia, Amazonas"}]},{"@type":"WebSite","@id":"https:\/\/pagina10.com\/web\/#website","url":"https:\/\/pagina10.com\/web\/","name":"P\u00e1gina10","description":"Peri\u00f3dico Regional","publisher":{"@id":"https:\/\/pagina10.com\/web\/#organization"},"alternateName":"P\u00e1gina10 Peri\u00f3dico Regional","potentialAction":[{"@type":"SearchAction","target":{"@type":"EntryPoint","urlTemplate":"https:\/\/pagina10.com\/web\/?s={search_term_string}"},"query-input":{"@type":"PropertyValueSpecification","valueRequired":true,"valueName":"search_term_string"}}],"inLanguage":"es"},{"@type":"Organization","@id":"https:\/\/pagina10.com\/web\/#organization","name":"P\u00e1gina10","alternateName":"P\u00e1gina10 Peri\u00f3dico Regional","url":"https:\/\/pagina10.com\/web\/","logo":{"@type":"ImageObject","inLanguage":"es","@id":"https:\/\/pagina10.com\/web\/#\/schema\/logo\/image\/","url":"https:\/\/pagina10.com\/web\/wp-content\/uploads\/2024\/01\/40-pagina-10-periodico-regional-pasto.jpg","contentUrl":"https:\/\/pagina10.com\/web\/wp-content\/uploads\/2024\/01\/40-pagina-10-periodico-regional-pasto.jpg","width":1280,"height":720,"caption":"P\u00e1gina10"},"image":{"@id":"https:\/\/pagina10.com\/web\/#\/schema\/logo\/image\/"},"sameAs":["https:\/\/www.facebook.com\/pag10com","https:\/\/x.com\/Pag10com","https:\/\/www.instagram.com\/pagina10col\/","https:\/\/youtube.com\/channel\/pag10","https:\/\/www.tiktok.com\/@p10col"]},{"@type":"Person","@id":"https:\/\/pagina10.com\/web\/#\/schema\/person\/2efc4a090d25b667d3bc796798a3a81b","name":"P\u00e1gina 10","description":"P\u00e1gina 10 es un peri\u00f3dico regional que nace en Colombia, en el departamento de Nari\u00f1o, con un enfoque global, fundamentado en cuatro pilares esenciales: la libertad, el pluralismo, la inclusi\u00f3n y la independencia. P\u00e1gina 10 hace referencia a Nari\u00f1o como el d\u00e9cimo departamento creado en Colombia, despu\u00e9s de un proceso pol\u00edtico liderado por actores y actrices regionales con el fin de obtener la independencia y autonom\u00eda de nuestros territorios. Con la creaci\u00f3n de P\u00e1gina 10 se pretende abrir un escenario para el dialogo, la reflexi\u00f3n y el debate que se extienda a otras geograf\u00edas de Am\u00e9rica Latina y del planeta, en una apuesta por transformar colectivamente los desaf\u00edos de un mundo contempor\u00e1neo, m\u00e1s all\u00e1 de las fronteras impuestas.","url":"https:\/\/pagina10.com\/web\/author\/pdiezadmin\/"}]}},"_links":{"self":[{"href":"https:\/\/pagina10.com\/web\/wp-json\/wp\/v2\/posts\/63757","targetHints":{"allow":["GET"]}}],"collection":[{"href":"https:\/\/pagina10.com\/web\/wp-json\/wp\/v2\/posts"}],"about":[{"href":"https:\/\/pagina10.com\/web\/wp-json\/wp\/v2\/types\/post"}],"author":[{"embeddable":true,"href":"https:\/\/pagina10.com\/web\/wp-json\/wp\/v2\/users\/1"}],"replies":[{"embeddable":true,"href":"https:\/\/pagina10.com\/web\/wp-json\/wp\/v2\/comments?post=63757"}],"version-history":[{"count":1,"href":"https:\/\/pagina10.com\/web\/wp-json\/wp\/v2\/posts\/63757\/revisions"}],"predecessor-version":[{"id":63759,"href":"https:\/\/pagina10.com\/web\/wp-json\/wp\/v2\/posts\/63757\/revisions\/63759"}],"wp:featuredmedia":[{"embeddable":true,"href":"https:\/\/pagina10.com\/web\/wp-json\/wp\/v2\/media\/63758"}],"wp:attachment":[{"href":"https:\/\/pagina10.com\/web\/wp-json\/wp\/v2\/media?parent=63757"}],"wp:term":[{"taxonomy":"category","embeddable":true,"href":"https:\/\/pagina10.com\/web\/wp-json\/wp\/v2\/categories?post=63757"},{"taxonomy":"post_tag","embeddable":true,"href":"https:\/\/pagina10.com\/web\/wp-json\/wp\/v2\/tags?post=63757"}],"curies":[{"name":"wp","href":"https:\/\/api.w.org\/{rel}","templated":true}]}}