{"id":63776,"date":"2022-12-28T02:12:17","date_gmt":"2022-12-28T07:12:17","guid":{"rendered":"https:\/\/pagina10.com\/web\/?p=63776"},"modified":"2022-12-28T09:18:45","modified_gmt":"2022-12-28T14:18:45","slug":"roy-barreras-anuncio-renuncia-de-importante-senador-del-pacto-historico-a-quien-reemplazara-un-narinense","status":"publish","type":"post","link":"https:\/\/pagina10.com\/web\/roy-barreras-anuncio-renuncia-de-importante-senador-del-pacto-historico-a-quien-reemplazara-un-narinense\/","title":{"rendered":"Roy Barreras anunci\u00f3 renuncia de importante senador del Pacto Hist\u00f3rico a quien reemplazar\u00e1 un nari\u00f1ense"},"content":{"rendered":"<p style=\"text-align: justify;\">A trav\u00e9s de su cuenta de Twitter el presidente del Senado Roy Barreras indic\u00f3 que hoy \u201ctendremos una renuncia de un importante Senador que ya se decidi\u00f3 a Gobernar en lugar de legislar\u201d. As\u00ed mismo, se\u00f1al\u00f3 que los congresistas que quieran participar en las elecciones regionales, deber\u00e1n renunciar antes del 30 de diciembre.<\/p>\n<p style=\"text-align: justify;\">Junto con esa noticia anunci\u00f3 que el nari\u00f1ense Alberto Benavides Mora, asumir\u00e1 la curul. Recordemos que el candidato ocup\u00f3 el puesto 21 en la lista del Pacto Hist\u00f3rico en las pasadas elecciones legislativas. En este sentido, ante una posible renuncia es quien pasa a asumir la vacante de manera autom\u00e1tica, ya que la coalici\u00f3n logr\u00f3 20 esca\u00f1os con una amplia votaci\u00f3n.<\/p>\n<p style=\"text-align: justify;\">De Benavides Mora se destaca su rol como profesor universitario e investigador del tema regional. Estudi\u00f3 en Francia una maestr\u00eda y en M\u00e9xico un doctorado. Ha hecho de la antropolog\u00eda una forma de vida y gracias a su trabajo ha recorrido la geograf\u00eda nacional conociendo a fondo las m\u00faltiples realidades del pa\u00eds.<\/p>\n<p style=\"text-align: justify;\">Durante m\u00e1s de veinte a\u00f1os ha dedicado sus esfuerzos al reconocimiento de la diversidad de formas de vida que encuentran en lo com\u00fan el camino hacia un bienestar responsable y solidario.<\/p>\n","protected":false},"excerpt":{"rendered":"<p>A trav\u00e9s de su cuenta de Twitter el presidente del Senado Roy Barreras indic\u00f3 que hoy \u201ctendremos una renuncia de un importante Senador que ya se decidi\u00f3 a Gobernar en lugar de legislar\u201d. As\u00ed mismo, se\u00f1al\u00f3 que los congresistas que quieran participar en las elecciones regionales, deber\u00e1n renunciar antes del 30 de diciembre. Junto con [&hellip;]<\/p>\n","protected":false},"author":1,"featured_media":63777,"comment_status":"open","ping_status":"open","sticky":false,"template":"","format":"standard","meta":{"footnotes":""},"categories":[84],"tags":[],"class_list":["post-63776","post","type-post","status-publish","format-standard","has-post-thumbnail","hentry","category-global-2"],"yoast_head":"<!-- This site is optimized with the Yoast SEO plugin v27.1.1 - https:\/\/yoast.com\/product\/yoast-seo-wordpress\/ -->\n<title>Roy Barreras anunci\u00f3 renuncia de importante senador del Pacto Hist\u00f3rico a quien reemplazar\u00e1 un nari\u00f1ense | P\u00e1gina10<\/title>\n<meta name=\"robots\" content=\"index, follow, max-snippet:-1, max-image-preview:large, max-video-preview:-1\" \/>\n<link rel=\"canonical\" href=\"https:\/\/pagina10.com\/web\/roy-barreras-anuncio-renuncia-de-importante-senador-del-pacto-historico-a-quien-reemplazara-un-narinense\/\" \/>\n<meta property=\"og:locale\" content=\"es_ES\" \/>\n<meta property=\"og:type\" content=\"article\" \/>\n<meta property=\"og:title\" content=\"Roy Barreras anunci\u00f3 renuncia de importante senador del Pacto Hist\u00f3rico a quien reemplazar\u00e1 un nari\u00f1ense | P\u00e1gina10\" \/>\n<meta property=\"og:description\" content=\"A trav\u00e9s de su cuenta de Twitter el presidente del Senado Roy Barreras indic\u00f3 que hoy \u201ctendremos una renuncia de un importante Senador que ya se decidi\u00f3 a Gobernar en lugar de legislar\u201d. As\u00ed mismo, se\u00f1al\u00f3 que los congresistas que quieran participar en las elecciones regionales, deber\u00e1n renunciar antes del 30 de diciembre. Junto con [&hellip;]\" \/>\n<meta property=\"og:url\" content=\"https:\/\/pagina10.com\/web\/roy-barreras-anuncio-renuncia-de-importante-senador-del-pacto-historico-a-quien-reemplazara-un-narinense\/\" \/>\n<meta property=\"og:site_name\" content=\"P\u00e1gina10\" \/>\n<meta property=\"article:publisher\" content=\"https:\/\/www.facebook.com\/pag10com\" \/>\n<meta property=\"article:published_time\" content=\"2022-12-28T07:12:17+00:00\" \/>\n<meta property=\"article:modified_time\" content=\"2022-12-28T14:18:45+00:00\" \/>\n<meta property=\"og:image\" content=\"https:\/\/pagina10.com\/web\/wp-content\/uploads\/2022\/12\/roy-mora-01.jpg\" \/>\n\t<meta property=\"og:image:width\" content=\"2350\" \/>\n\t<meta property=\"og:image:height\" content=\"1417\" \/>\n\t<meta property=\"og:image:type\" content=\"image\/jpeg\" \/>\n<meta name=\"author\" content=\"P\u00e1gina 10\" \/>\n<meta name=\"twitter:card\" content=\"summary_large_image\" \/>\n<meta name=\"twitter:creator\" content=\"@Pag10com\" \/>\n<meta name=\"twitter:site\" content=\"@Pag10com\" \/>\n<meta name=\"twitter:label1\" content=\"Escrito por\" \/>\n\t<meta name=\"twitter:data1\" content=\"P\u00e1gina 10\" \/>\n\t<meta name=\"twitter:label2\" content=\"Tiempo de lectura\" \/>\n\t<meta name=\"twitter:data2\" content=\"1 minuto\" \/>\n<script type=\"application\/ld+json\" class=\"yoast-schema-graph\">{\"@context\":\"https:\/\/schema.org\",\"@graph\":[{\"@type\":\"Article\",\"@id\":\"https:\/\/pagina10.com\/web\/roy-barreras-anuncio-renuncia-de-importante-senador-del-pacto-historico-a-quien-reemplazara-un-narinense\/#article\",\"isPartOf\":{\"@id\":\"https:\/\/pagina10.com\/web\/roy-barreras-anuncio-renuncia-de-importante-senador-del-pacto-historico-a-quien-reemplazara-un-narinense\/\"},\"author\":{\"name\":\"P\u00e1gina 10\",\"@id\":\"https:\/\/pagina10.com\/web\/#\/schema\/person\/2efc4a090d25b667d3bc796798a3a81b\"},\"headline\":\"Roy Barreras anunci\u00f3 renuncia de importante senador del Pacto Hist\u00f3rico a quien reemplazar\u00e1 un nari\u00f1ense\",\"datePublished\":\"2022-12-28T07:12:17+00:00\",\"dateModified\":\"2022-12-28T14:18:45+00:00\",\"mainEntityOfPage\":{\"@id\":\"https:\/\/pagina10.com\/web\/roy-barreras-anuncio-renuncia-de-importante-senador-del-pacto-historico-a-quien-reemplazara-un-narinense\/\"},\"wordCount\":229,\"commentCount\":0,\"publisher\":{\"@id\":\"https:\/\/pagina10.com\/web\/#organization\"},\"image\":{\"@id\":\"https:\/\/pagina10.com\/web\/roy-barreras-anuncio-renuncia-de-importante-senador-del-pacto-historico-a-quien-reemplazara-un-narinense\/#primaryimage\"},\"thumbnailUrl\":\"https:\/\/pagina10.com\/web\/wp-content\/uploads\/2022\/12\/roy-mora-01.jpg\",\"articleSection\":[\"Global\"],\"inLanguage\":\"es\",\"potentialAction\":[{\"@type\":\"CommentAction\",\"name\":\"Comment\",\"target\":[\"https:\/\/pagina10.com\/web\/roy-barreras-anuncio-renuncia-de-importante-senador-del-pacto-historico-a-quien-reemplazara-un-narinense\/#respond\"]}]},{\"@type\":\"WebPage\",\"@id\":\"https:\/\/pagina10.com\/web\/roy-barreras-anuncio-renuncia-de-importante-senador-del-pacto-historico-a-quien-reemplazara-un-narinense\/\",\"url\":\"https:\/\/pagina10.com\/web\/roy-barreras-anuncio-renuncia-de-importante-senador-del-pacto-historico-a-quien-reemplazara-un-narinense\/\",\"name\":\"Roy Barreras anunci\u00f3 renuncia de importante senador del Pacto Hist\u00f3rico a quien reemplazar\u00e1 un nari\u00f1ense | P\u00e1gina10\",\"isPartOf\":{\"@id\":\"https:\/\/pagina10.com\/web\/#website\"},\"primaryImageOfPage\":{\"@id\":\"https:\/\/pagina10.com\/web\/roy-barreras-anuncio-renuncia-de-importante-senador-del-pacto-historico-a-quien-reemplazara-un-narinense\/#primaryimage\"},\"image\":{\"@id\":\"https:\/\/pagina10.com\/web\/roy-barreras-anuncio-renuncia-de-importante-senador-del-pacto-historico-a-quien-reemplazara-un-narinense\/#primaryimage\"},\"thumbnailUrl\":\"https:\/\/pagina10.com\/web\/wp-content\/uploads\/2022\/12\/roy-mora-01.jpg\",\"datePublished\":\"2022-12-28T07:12:17+00:00\",\"dateModified\":\"2022-12-28T14:18:45+00:00\",\"breadcrumb\":{\"@id\":\"https:\/\/pagina10.com\/web\/roy-barreras-anuncio-renuncia-de-importante-senador-del-pacto-historico-a-quien-reemplazara-un-narinense\/#breadcrumb\"},\"inLanguage\":\"es\",\"potentialAction\":[{\"@type\":\"ReadAction\",\"target\":[\"https:\/\/pagina10.com\/web\/roy-barreras-anuncio-renuncia-de-importante-senador-del-pacto-historico-a-quien-reemplazara-un-narinense\/\"]}]},{\"@type\":\"ImageObject\",\"inLanguage\":\"es\",\"@id\":\"https:\/\/pagina10.com\/web\/roy-barreras-anuncio-renuncia-de-importante-senador-del-pacto-historico-a-quien-reemplazara-un-narinense\/#primaryimage\",\"url\":\"https:\/\/pagina10.com\/web\/wp-content\/uploads\/2022\/12\/roy-mora-01.jpg\",\"contentUrl\":\"https:\/\/pagina10.com\/web\/wp-content\/uploads\/2022\/12\/roy-mora-01.jpg\",\"width\":2350,\"height\":1417},{\"@type\":\"BreadcrumbList\",\"@id\":\"https:\/\/pagina10.com\/web\/roy-barreras-anuncio-renuncia-de-importante-senador-del-pacto-historico-a-quien-reemplazara-un-narinense\/#breadcrumb\",\"itemListElement\":[{\"@type\":\"ListItem\",\"position\":1,\"name\":\"Portada\",\"item\":\"https:\/\/pagina10.com\/web\/\"},{\"@type\":\"ListItem\",\"position\":2,\"name\":\"Roy Barreras anunci\u00f3 renuncia de importante senador del Pacto Hist\u00f3rico a quien reemplazar\u00e1 un nari\u00f1ense\"}]},{\"@type\":\"WebSite\",\"@id\":\"https:\/\/pagina10.com\/web\/#website\",\"url\":\"https:\/\/pagina10.com\/web\/\",\"name\":\"P\u00e1gina10\",\"description\":\"Peri\u00f3dico Regional\",\"publisher\":{\"@id\":\"https:\/\/pagina10.com\/web\/#organization\"},\"alternateName\":\"P\u00e1gina10 Peri\u00f3dico Regional\",\"potentialAction\":[{\"@type\":\"SearchAction\",\"target\":{\"@type\":\"EntryPoint\",\"urlTemplate\":\"https:\/\/pagina10.com\/web\/?s={search_term_string}\"},\"query-input\":{\"@type\":\"PropertyValueSpecification\",\"valueRequired\":true,\"valueName\":\"search_term_string\"}}],\"inLanguage\":\"es\"},{\"@type\":\"Organization\",\"@id\":\"https:\/\/pagina10.com\/web\/#organization\",\"name\":\"P\u00e1gina10\",\"alternateName\":\"P\u00e1gina10 Peri\u00f3dico Regional\",\"url\":\"https:\/\/pagina10.com\/web\/\",\"logo\":{\"@type\":\"ImageObject\",\"inLanguage\":\"es\",\"@id\":\"https:\/\/pagina10.com\/web\/#\/schema\/logo\/image\/\",\"url\":\"https:\/\/pagina10.com\/web\/wp-content\/uploads\/2024\/01\/40-pagina-10-periodico-regional-pasto.jpg\",\"contentUrl\":\"https:\/\/pagina10.com\/web\/wp-content\/uploads\/2024\/01\/40-pagina-10-periodico-regional-pasto.jpg\",\"width\":1280,\"height\":720,\"caption\":\"P\u00e1gina10\"},\"image\":{\"@id\":\"https:\/\/pagina10.com\/web\/#\/schema\/logo\/image\/\"},\"sameAs\":[\"https:\/\/www.facebook.com\/pag10com\",\"https:\/\/x.com\/Pag10com\",\"https:\/\/www.instagram.com\/pagina10col\/\",\"https:\/\/youtube.com\/channel\/pag10\",\"https:\/\/www.tiktok.com\/@p10col\"]},{\"@type\":\"Person\",\"@id\":\"https:\/\/pagina10.com\/web\/#\/schema\/person\/2efc4a090d25b667d3bc796798a3a81b\",\"name\":\"P\u00e1gina 10\",\"description\":\"P\u00e1gina 10 es un peri\u00f3dico regional que nace en Colombia, en el departamento de Nari\u00f1o, con un enfoque global, fundamentado en cuatro pilares esenciales: la libertad, el pluralismo, la inclusi\u00f3n y la independencia. P\u00e1gina 10 hace referencia a Nari\u00f1o como el d\u00e9cimo departamento creado en Colombia, despu\u00e9s de un proceso pol\u00edtico liderado por actores y actrices regionales con el fin de obtener la independencia y autonom\u00eda de nuestros territorios. Con la creaci\u00f3n de P\u00e1gina 10 se pretende abrir un escenario para el dialogo, la reflexi\u00f3n y el debate que se extienda a otras geograf\u00edas de Am\u00e9rica Latina y del planeta, en una apuesta por transformar colectivamente los desaf\u00edos de un mundo contempor\u00e1neo, m\u00e1s all\u00e1 de las fronteras impuestas.\",\"url\":\"https:\/\/pagina10.com\/web\/author\/pdiezadmin\/\"}]}<\/script>\n<!-- \/ Yoast SEO plugin. -->","yoast_head_json":{"title":"Roy Barreras anunci\u00f3 renuncia de importante senador del Pacto Hist\u00f3rico a quien reemplazar\u00e1 un nari\u00f1ense | P\u00e1gina10","robots":{"index":"index","follow":"follow","max-snippet":"max-snippet:-1","max-image-preview":"max-image-preview:large","max-video-preview":"max-video-preview:-1"},"canonical":"https:\/\/pagina10.com\/web\/roy-barreras-anuncio-renuncia-de-importante-senador-del-pacto-historico-a-quien-reemplazara-un-narinense\/","og_locale":"es_ES","og_type":"article","og_title":"Roy Barreras anunci\u00f3 renuncia de importante senador del Pacto Hist\u00f3rico a quien reemplazar\u00e1 un nari\u00f1ense | P\u00e1gina10","og_description":"A trav\u00e9s de su cuenta de Twitter el presidente del Senado Roy Barreras indic\u00f3 que hoy \u201ctendremos una renuncia de un importante Senador que ya se decidi\u00f3 a Gobernar en lugar de legislar\u201d. As\u00ed mismo, se\u00f1al\u00f3 que los congresistas que quieran participar en las elecciones regionales, deber\u00e1n renunciar antes del 30 de diciembre. Junto con [&hellip;]","og_url":"https:\/\/pagina10.com\/web\/roy-barreras-anuncio-renuncia-de-importante-senador-del-pacto-historico-a-quien-reemplazara-un-narinense\/","og_site_name":"P\u00e1gina10","article_publisher":"https:\/\/www.facebook.com\/pag10com","article_published_time":"2022-12-28T07:12:17+00:00","article_modified_time":"2022-12-28T14:18:45+00:00","og_image":[{"width":2350,"height":1417,"url":"https:\/\/pagina10.com\/web\/wp-content\/uploads\/2022\/12\/roy-mora-01.jpg","type":"image\/jpeg"}],"author":"P\u00e1gina 10","twitter_card":"summary_large_image","twitter_creator":"@Pag10com","twitter_site":"@Pag10com","twitter_misc":{"Escrito por":"P\u00e1gina 10","Tiempo de lectura":"1 minuto"},"schema":{"@context":"https:\/\/schema.org","@graph":[{"@type":"Article","@id":"https:\/\/pagina10.com\/web\/roy-barreras-anuncio-renuncia-de-importante-senador-del-pacto-historico-a-quien-reemplazara-un-narinense\/#article","isPartOf":{"@id":"https:\/\/pagina10.com\/web\/roy-barreras-anuncio-renuncia-de-importante-senador-del-pacto-historico-a-quien-reemplazara-un-narinense\/"},"author":{"name":"P\u00e1gina 10","@id":"https:\/\/pagina10.com\/web\/#\/schema\/person\/2efc4a090d25b667d3bc796798a3a81b"},"headline":"Roy Barreras anunci\u00f3 renuncia de importante senador del Pacto Hist\u00f3rico a quien reemplazar\u00e1 un nari\u00f1ense","datePublished":"2022-12-28T07:12:17+00:00","dateModified":"2022-12-28T14:18:45+00:00","mainEntityOfPage":{"@id":"https:\/\/pagina10.com\/web\/roy-barreras-anuncio-renuncia-de-importante-senador-del-pacto-historico-a-quien-reemplazara-un-narinense\/"},"wordCount":229,"commentCount":0,"publisher":{"@id":"https:\/\/pagina10.com\/web\/#organization"},"image":{"@id":"https:\/\/pagina10.com\/web\/roy-barreras-anuncio-renuncia-de-importante-senador-del-pacto-historico-a-quien-reemplazara-un-narinense\/#primaryimage"},"thumbnailUrl":"https:\/\/pagina10.com\/web\/wp-content\/uploads\/2022\/12\/roy-mora-01.jpg","articleSection":["Global"],"inLanguage":"es","potentialAction":[{"@type":"CommentAction","name":"Comment","target":["https:\/\/pagina10.com\/web\/roy-barreras-anuncio-renuncia-de-importante-senador-del-pacto-historico-a-quien-reemplazara-un-narinense\/#respond"]}]},{"@type":"WebPage","@id":"https:\/\/pagina10.com\/web\/roy-barreras-anuncio-renuncia-de-importante-senador-del-pacto-historico-a-quien-reemplazara-un-narinense\/","url":"https:\/\/pagina10.com\/web\/roy-barreras-anuncio-renuncia-de-importante-senador-del-pacto-historico-a-quien-reemplazara-un-narinense\/","name":"Roy Barreras anunci\u00f3 renuncia de importante senador del Pacto Hist\u00f3rico a quien reemplazar\u00e1 un nari\u00f1ense | P\u00e1gina10","isPartOf":{"@id":"https:\/\/pagina10.com\/web\/#website"},"primaryImageOfPage":{"@id":"https:\/\/pagina10.com\/web\/roy-barreras-anuncio-renuncia-de-importante-senador-del-pacto-historico-a-quien-reemplazara-un-narinense\/#primaryimage"},"image":{"@id":"https:\/\/pagina10.com\/web\/roy-barreras-anuncio-renuncia-de-importante-senador-del-pacto-historico-a-quien-reemplazara-un-narinense\/#primaryimage"},"thumbnailUrl":"https:\/\/pagina10.com\/web\/wp-content\/uploads\/2022\/12\/roy-mora-01.jpg","datePublished":"2022-12-28T07:12:17+00:00","dateModified":"2022-12-28T14:18:45+00:00","breadcrumb":{"@id":"https:\/\/pagina10.com\/web\/roy-barreras-anuncio-renuncia-de-importante-senador-del-pacto-historico-a-quien-reemplazara-un-narinense\/#breadcrumb"},"inLanguage":"es","potentialAction":[{"@type":"ReadAction","target":["https:\/\/pagina10.com\/web\/roy-barreras-anuncio-renuncia-de-importante-senador-del-pacto-historico-a-quien-reemplazara-un-narinense\/"]}]},{"@type":"ImageObject","inLanguage":"es","@id":"https:\/\/pagina10.com\/web\/roy-barreras-anuncio-renuncia-de-importante-senador-del-pacto-historico-a-quien-reemplazara-un-narinense\/#primaryimage","url":"https:\/\/pagina10.com\/web\/wp-content\/uploads\/2022\/12\/roy-mora-01.jpg","contentUrl":"https:\/\/pagina10.com\/web\/wp-content\/uploads\/2022\/12\/roy-mora-01.jpg","width":2350,"height":1417},{"@type":"BreadcrumbList","@id":"https:\/\/pagina10.com\/web\/roy-barreras-anuncio-renuncia-de-importante-senador-del-pacto-historico-a-quien-reemplazara-un-narinense\/#breadcrumb","itemListElement":[{"@type":"ListItem","position":1,"name":"Portada","item":"https:\/\/pagina10.com\/web\/"},{"@type":"ListItem","position":2,"name":"Roy Barreras anunci\u00f3 renuncia de importante senador del Pacto Hist\u00f3rico a quien reemplazar\u00e1 un nari\u00f1ense"}]},{"@type":"WebSite","@id":"https:\/\/pagina10.com\/web\/#website","url":"https:\/\/pagina10.com\/web\/","name":"P\u00e1gina10","description":"Peri\u00f3dico Regional","publisher":{"@id":"https:\/\/pagina10.com\/web\/#organization"},"alternateName":"P\u00e1gina10 Peri\u00f3dico Regional","potentialAction":[{"@type":"SearchAction","target":{"@type":"EntryPoint","urlTemplate":"https:\/\/pagina10.com\/web\/?s={search_term_string}"},"query-input":{"@type":"PropertyValueSpecification","valueRequired":true,"valueName":"search_term_string"}}],"inLanguage":"es"},{"@type":"Organization","@id":"https:\/\/pagina10.com\/web\/#organization","name":"P\u00e1gina10","alternateName":"P\u00e1gina10 Peri\u00f3dico Regional","url":"https:\/\/pagina10.com\/web\/","logo":{"@type":"ImageObject","inLanguage":"es","@id":"https:\/\/pagina10.com\/web\/#\/schema\/logo\/image\/","url":"https:\/\/pagina10.com\/web\/wp-content\/uploads\/2024\/01\/40-pagina-10-periodico-regional-pasto.jpg","contentUrl":"https:\/\/pagina10.com\/web\/wp-content\/uploads\/2024\/01\/40-pagina-10-periodico-regional-pasto.jpg","width":1280,"height":720,"caption":"P\u00e1gina10"},"image":{"@id":"https:\/\/pagina10.com\/web\/#\/schema\/logo\/image\/"},"sameAs":["https:\/\/www.facebook.com\/pag10com","https:\/\/x.com\/Pag10com","https:\/\/www.instagram.com\/pagina10col\/","https:\/\/youtube.com\/channel\/pag10","https:\/\/www.tiktok.com\/@p10col"]},{"@type":"Person","@id":"https:\/\/pagina10.com\/web\/#\/schema\/person\/2efc4a090d25b667d3bc796798a3a81b","name":"P\u00e1gina 10","description":"P\u00e1gina 10 es un peri\u00f3dico regional que nace en Colombia, en el departamento de Nari\u00f1o, con un enfoque global, fundamentado en cuatro pilares esenciales: la libertad, el pluralismo, la inclusi\u00f3n y la independencia. P\u00e1gina 10 hace referencia a Nari\u00f1o como el d\u00e9cimo departamento creado en Colombia, despu\u00e9s de un proceso pol\u00edtico liderado por actores y actrices regionales con el fin de obtener la independencia y autonom\u00eda de nuestros territorios. Con la creaci\u00f3n de P\u00e1gina 10 se pretende abrir un escenario para el dialogo, la reflexi\u00f3n y el debate que se extienda a otras geograf\u00edas de Am\u00e9rica Latina y del planeta, en una apuesta por transformar colectivamente los desaf\u00edos de un mundo contempor\u00e1neo, m\u00e1s all\u00e1 de las fronteras impuestas.","url":"https:\/\/pagina10.com\/web\/author\/pdiezadmin\/"}]}},"_links":{"self":[{"href":"https:\/\/pagina10.com\/web\/wp-json\/wp\/v2\/posts\/63776","targetHints":{"allow":["GET"]}}],"collection":[{"href":"https:\/\/pagina10.com\/web\/wp-json\/wp\/v2\/posts"}],"about":[{"href":"https:\/\/pagina10.com\/web\/wp-json\/wp\/v2\/types\/post"}],"author":[{"embeddable":true,"href":"https:\/\/pagina10.com\/web\/wp-json\/wp\/v2\/users\/1"}],"replies":[{"embeddable":true,"href":"https:\/\/pagina10.com\/web\/wp-json\/wp\/v2\/comments?post=63776"}],"version-history":[{"count":3,"href":"https:\/\/pagina10.com\/web\/wp-json\/wp\/v2\/posts\/63776\/revisions"}],"predecessor-version":[{"id":63786,"href":"https:\/\/pagina10.com\/web\/wp-json\/wp\/v2\/posts\/63776\/revisions\/63786"}],"wp:featuredmedia":[{"embeddable":true,"href":"https:\/\/pagina10.com\/web\/wp-json\/wp\/v2\/media\/63777"}],"wp:attachment":[{"href":"https:\/\/pagina10.com\/web\/wp-json\/wp\/v2\/media?parent=63776"}],"wp:term":[{"taxonomy":"category","embeddable":true,"href":"https:\/\/pagina10.com\/web\/wp-json\/wp\/v2\/categories?post=63776"},{"taxonomy":"post_tag","embeddable":true,"href":"https:\/\/pagina10.com\/web\/wp-json\/wp\/v2\/tags?post=63776"}],"curies":[{"name":"wp","href":"https:\/\/api.w.org\/{rel}","templated":true}]}}