{"id":6378,"date":"2014-01-28T15:00:26","date_gmt":"2014-01-28T15:00:26","guid":{"rendered":"https:\/\/pagina10.com\/web\/el-programa-radial-joyas-de-la-corona-hace-un-homenaje-a-la-ciudad-de-pasto\/"},"modified":"2014-01-28T15:00:26","modified_gmt":"2014-01-28T15:00:26","slug":"el-programa-radial-joyas-de-la-corona-hace-un-homenaje-a-la-ciudad-de-pasto","status":"publish","type":"post","link":"https:\/\/pagina10.com\/web\/el-programa-radial-joyas-de-la-corona-hace-un-homenaje-a-la-ciudad-de-pasto\/","title":{"rendered":"El programa radial Joyas de la Corona hace un homenaje a la ciudad de Pasto"},"content":{"rendered":"<figure id=\"attachment_6377\" aria-describedby=\"caption-attachment-6377\" style=\"width: 1652px\" class=\"wp-caption alignnone\"><img fetchpriority=\"high\" decoding=\"async\" class=\" size-full wp-image-6377\" src=\"https:\/\/pagina10.com\/web\/wp-content\/uploads\/2014\/01\/3dc2544c934ef7d30f24944cf2b0f793.jpg\" alt=\"\" class=\"caption\" title=\"Fotograf\u00eda: Diego Rodriguez\" width=\"1652\" height=\"1080\" srcset=\"https:\/\/pagina10.com\/web\/wp-content\/uploads\/2014\/01\/3dc2544c934ef7d30f24944cf2b0f793.jpg 1652w, https:\/\/pagina10.com\/web\/wp-content\/uploads\/2014\/01\/3dc2544c934ef7d30f24944cf2b0f793-300x196.jpg 300w, https:\/\/pagina10.com\/web\/wp-content\/uploads\/2014\/01\/3dc2544c934ef7d30f24944cf2b0f793-1024x669.jpg 1024w, https:\/\/pagina10.com\/web\/wp-content\/uploads\/2014\/01\/3dc2544c934ef7d30f24944cf2b0f793-768x502.jpg 768w, https:\/\/pagina10.com\/web\/wp-content\/uploads\/2014\/01\/3dc2544c934ef7d30f24944cf2b0f793-1536x1004.jpg 1536w, https:\/\/pagina10.com\/web\/wp-content\/uploads\/2014\/01\/3dc2544c934ef7d30f24944cf2b0f793-210x136.jpg 210w\" sizes=\"(max-width: 1652px) 100vw, 1652px\" \/><figcaption id=\"caption-attachment-6377\" class=\"wp-caption-text\">Fotograf\u00eda: Diego Rodriguez<\/figcaption><\/figure>\n<p style=\"text-align: justify;\">El programa las Joyas de la Corona de radio Se\u00f1al Colombia le hace un homenaje a la ciudad de Pasto, capital del departamento de Nari\u00f1o, recordando algunos episodios de su historia pol\u00edtica, de su vida cultural y escuchando su m\u00fasica.<\/p>\n<p>El sur del pa\u00eds tiene una tradici\u00f3n muy rica en manifestaciones culturales producto de su mestizaje y las distintas herencias culturales de sus pueblos ind\u00edgenas, negros y blancos. <\/p>\n<p>Justamente, su carnaval de Negros y Blancos es una de las expresiones de ese pasado que mezcla aquellas herencias y caracteriza a una regi\u00f3n de cielos azules, monta\u00f1as verdes y a una ciudad como Pasto que vive a las faldas del imponente volc\u00e1n Galeras.<\/p>\n<p>En el programa de hoy haremos memoria del golpe militar al gobierno del presidente L\u00f3pez Pumarejo ocurrido en las ciudad de Pasto en 1944, pero tambi\u00e9n recordaremos algunos episodios del siglo XIX que marcaron al car\u00e1cter de una regi\u00f3n que desde aquellos a\u00f1os se ha caracterizado por el celo con el que ha defendido su identidad regional y su mirada de la historia.<\/p>\n<p>Desde la actitud aguerrida de Agust\u00edn Agualongo en tiempos de la independencia, hasta la obra literaria de Evelio Rosero y el significado de un himno musical como lo es La Guane\u00f1a, el programa evoca la vivencia del ser pastuso y la riqueza cultural del sur del pa\u00eds que hace parte del mundo andino y hace parte tambi\u00e9n de nuestra memoria como Naci\u00f3n.<\/p>\n<p style=\"text-align: justify;\">Puedes escuchar el audio aqui:<\/p>\n<p><iframe width=\"100%\" height=\"120\" scrolling=\"no\" frameborder=\"no\" src=\"https:\/\/w.soundcloud.com\/player\/?url=https%3A\/\/api.soundcloud.com\/tracks\/131819267&amp;auto_play=true&amp;hide_related=false&amp;visual=true\"><\/iframe><\/p>\n<p style=\"text-align: justify;\">&nbsp;<\/p>\n<p>Fuente:&nbsp;senalmemoria.gov.co<\/p>\n","protected":false},"excerpt":{"rendered":"<p>El programa las Joyas de la Corona de radio Se\u00f1al Colombia le hace un homenaje a la ciudad de Pasto, capital del departamento de Nari\u00f1o, recordando algunos episodios de su historia pol\u00edtica, de su vida cultural y escuchando su m\u00fasica. El sur del pa\u00eds tiene una tradici\u00f3n muy rica en manifestaciones culturales producto de su [&hellip;]<\/p>\n","protected":false},"author":29,"featured_media":6377,"comment_status":"open","ping_status":"open","sticky":false,"template":"","format":"standard","meta":{"footnotes":""},"categories":[82],"tags":[],"class_list":["post-6378","post","type-post","status-publish","format-standard","has-post-thumbnail","hentry","category-ciudad-2"],"yoast_head":"<!-- This site is optimized with the Yoast SEO plugin v27.1.1 - https:\/\/yoast.com\/product\/yoast-seo-wordpress\/ -->\n<title>El programa radial Joyas de la Corona hace un homenaje a la ciudad de Pasto | P\u00e1gina10<\/title>\n<meta name=\"robots\" content=\"index, follow, max-snippet:-1, max-image-preview:large, max-video-preview:-1\" \/>\n<link rel=\"canonical\" href=\"https:\/\/pagina10.com\/web\/el-programa-radial-joyas-de-la-corona-hace-un-homenaje-a-la-ciudad-de-pasto\/\" \/>\n<meta property=\"og:locale\" content=\"es_ES\" \/>\n<meta property=\"og:type\" content=\"article\" \/>\n<meta property=\"og:title\" content=\"El programa radial Joyas de la Corona hace un homenaje a la ciudad de Pasto | P\u00e1gina10\" \/>\n<meta property=\"og:description\" content=\"El programa las Joyas de la Corona de radio Se\u00f1al Colombia le hace un homenaje a la ciudad de Pasto, capital del departamento de Nari\u00f1o, recordando algunos episodios de su historia pol\u00edtica, de su vida cultural y escuchando su m\u00fasica. El sur del pa\u00eds tiene una tradici\u00f3n muy rica en manifestaciones culturales producto de su [&hellip;]\" \/>\n<meta property=\"og:url\" content=\"https:\/\/pagina10.com\/web\/el-programa-radial-joyas-de-la-corona-hace-un-homenaje-a-la-ciudad-de-pasto\/\" \/>\n<meta property=\"og:site_name\" content=\"P\u00e1gina10\" \/>\n<meta property=\"article:publisher\" content=\"https:\/\/www.facebook.com\/pag10com\" \/>\n<meta property=\"article:published_time\" content=\"2014-01-28T15:00:26+00:00\" \/>\n<meta property=\"og:image\" content=\"https:\/\/pagina10.com\/web\/wp-content\/uploads\/2014\/01\/3dc2544c934ef7d30f24944cf2b0f793.jpg\" \/>\n\t<meta property=\"og:image:width\" content=\"1652\" \/>\n\t<meta property=\"og:image:height\" content=\"1080\" \/>\n\t<meta property=\"og:image:type\" content=\"image\/jpeg\" \/>\n<meta name=\"author\" content=\"P\u00e1gina 10\" \/>\n<meta name=\"twitter:card\" content=\"summary_large_image\" \/>\n<meta name=\"twitter:creator\" content=\"@Pag10com\" \/>\n<meta name=\"twitter:site\" content=\"@Pag10com\" \/>\n<meta name=\"twitter:label1\" content=\"Escrito por\" \/>\n\t<meta name=\"twitter:data1\" content=\"P\u00e1gina 10\" \/>\n\t<meta name=\"twitter:label2\" content=\"Tiempo de lectura\" \/>\n\t<meta name=\"twitter:data2\" content=\"1 minuto\" \/>\n<script type=\"application\/ld+json\" class=\"yoast-schema-graph\">{\"@context\":\"https:\/\/schema.org\",\"@graph\":[{\"@type\":\"Article\",\"@id\":\"https:\/\/pagina10.com\/web\/el-programa-radial-joyas-de-la-corona-hace-un-homenaje-a-la-ciudad-de-pasto\/#article\",\"isPartOf\":{\"@id\":\"https:\/\/pagina10.com\/web\/el-programa-radial-joyas-de-la-corona-hace-un-homenaje-a-la-ciudad-de-pasto\/\"},\"author\":{\"name\":\"P\u00e1gina 10\",\"@id\":\"https:\/\/pagina10.com\/web\/#\/schema\/person\/a7a5d38f0629dfc107f619fbae4f6cc3\"},\"headline\":\"El programa radial Joyas de la Corona hace un homenaje a la ciudad de Pasto\",\"datePublished\":\"2014-01-28T15:00:26+00:00\",\"mainEntityOfPage\":{\"@id\":\"https:\/\/pagina10.com\/web\/el-programa-radial-joyas-de-la-corona-hace-un-homenaje-a-la-ciudad-de-pasto\/\"},\"wordCount\":293,\"commentCount\":0,\"publisher\":{\"@id\":\"https:\/\/pagina10.com\/web\/#organization\"},\"image\":{\"@id\":\"https:\/\/pagina10.com\/web\/el-programa-radial-joyas-de-la-corona-hace-un-homenaje-a-la-ciudad-de-pasto\/#primaryimage\"},\"thumbnailUrl\":\"https:\/\/pagina10.com\/web\/wp-content\/uploads\/2014\/01\/3dc2544c934ef7d30f24944cf2b0f793.jpg\",\"articleSection\":[\"Ciudad\"],\"inLanguage\":\"es\",\"potentialAction\":[{\"@type\":\"CommentAction\",\"name\":\"Comment\",\"target\":[\"https:\/\/pagina10.com\/web\/el-programa-radial-joyas-de-la-corona-hace-un-homenaje-a-la-ciudad-de-pasto\/#respond\"]}]},{\"@type\":\"WebPage\",\"@id\":\"https:\/\/pagina10.com\/web\/el-programa-radial-joyas-de-la-corona-hace-un-homenaje-a-la-ciudad-de-pasto\/\",\"url\":\"https:\/\/pagina10.com\/web\/el-programa-radial-joyas-de-la-corona-hace-un-homenaje-a-la-ciudad-de-pasto\/\",\"name\":\"El programa radial Joyas de la Corona hace un homenaje a la ciudad de Pasto | P\u00e1gina10\",\"isPartOf\":{\"@id\":\"https:\/\/pagina10.com\/web\/#website\"},\"primaryImageOfPage\":{\"@id\":\"https:\/\/pagina10.com\/web\/el-programa-radial-joyas-de-la-corona-hace-un-homenaje-a-la-ciudad-de-pasto\/#primaryimage\"},\"image\":{\"@id\":\"https:\/\/pagina10.com\/web\/el-programa-radial-joyas-de-la-corona-hace-un-homenaje-a-la-ciudad-de-pasto\/#primaryimage\"},\"thumbnailUrl\":\"https:\/\/pagina10.com\/web\/wp-content\/uploads\/2014\/01\/3dc2544c934ef7d30f24944cf2b0f793.jpg\",\"datePublished\":\"2014-01-28T15:00:26+00:00\",\"breadcrumb\":{\"@id\":\"https:\/\/pagina10.com\/web\/el-programa-radial-joyas-de-la-corona-hace-un-homenaje-a-la-ciudad-de-pasto\/#breadcrumb\"},\"inLanguage\":\"es\",\"potentialAction\":[{\"@type\":\"ReadAction\",\"target\":[\"https:\/\/pagina10.com\/web\/el-programa-radial-joyas-de-la-corona-hace-un-homenaje-a-la-ciudad-de-pasto\/\"]}]},{\"@type\":\"ImageObject\",\"inLanguage\":\"es\",\"@id\":\"https:\/\/pagina10.com\/web\/el-programa-radial-joyas-de-la-corona-hace-un-homenaje-a-la-ciudad-de-pasto\/#primaryimage\",\"url\":\"https:\/\/pagina10.com\/web\/wp-content\/uploads\/2014\/01\/3dc2544c934ef7d30f24944cf2b0f793.jpg\",\"contentUrl\":\"https:\/\/pagina10.com\/web\/wp-content\/uploads\/2014\/01\/3dc2544c934ef7d30f24944cf2b0f793.jpg\",\"width\":1652,\"height\":1080},{\"@type\":\"BreadcrumbList\",\"@id\":\"https:\/\/pagina10.com\/web\/el-programa-radial-joyas-de-la-corona-hace-un-homenaje-a-la-ciudad-de-pasto\/#breadcrumb\",\"itemListElement\":[{\"@type\":\"ListItem\",\"position\":1,\"name\":\"Portada\",\"item\":\"https:\/\/pagina10.com\/web\/\"},{\"@type\":\"ListItem\",\"position\":2,\"name\":\"El programa radial Joyas de la Corona hace un homenaje a la ciudad de Pasto\"}]},{\"@type\":\"WebSite\",\"@id\":\"https:\/\/pagina10.com\/web\/#website\",\"url\":\"https:\/\/pagina10.com\/web\/\",\"name\":\"P\u00e1gina10\",\"description\":\"Peri\u00f3dico Regional\",\"publisher\":{\"@id\":\"https:\/\/pagina10.com\/web\/#organization\"},\"alternateName\":\"P\u00e1gina10 Peri\u00f3dico Regional\",\"potentialAction\":[{\"@type\":\"SearchAction\",\"target\":{\"@type\":\"EntryPoint\",\"urlTemplate\":\"https:\/\/pagina10.com\/web\/?s={search_term_string}\"},\"query-input\":{\"@type\":\"PropertyValueSpecification\",\"valueRequired\":true,\"valueName\":\"search_term_string\"}}],\"inLanguage\":\"es\"},{\"@type\":\"Organization\",\"@id\":\"https:\/\/pagina10.com\/web\/#organization\",\"name\":\"P\u00e1gina10\",\"alternateName\":\"P\u00e1gina10 Peri\u00f3dico Regional\",\"url\":\"https:\/\/pagina10.com\/web\/\",\"logo\":{\"@type\":\"ImageObject\",\"inLanguage\":\"es\",\"@id\":\"https:\/\/pagina10.com\/web\/#\/schema\/logo\/image\/\",\"url\":\"https:\/\/pagina10.com\/web\/wp-content\/uploads\/2024\/01\/40-pagina-10-periodico-regional-pasto.jpg\",\"contentUrl\":\"https:\/\/pagina10.com\/web\/wp-content\/uploads\/2024\/01\/40-pagina-10-periodico-regional-pasto.jpg\",\"width\":1280,\"height\":720,\"caption\":\"P\u00e1gina10\"},\"image\":{\"@id\":\"https:\/\/pagina10.com\/web\/#\/schema\/logo\/image\/\"},\"sameAs\":[\"https:\/\/www.facebook.com\/pag10com\",\"https:\/\/x.com\/Pag10com\",\"https:\/\/www.instagram.com\/pagina10col\/\",\"https:\/\/youtube.com\/channel\/pag10\",\"https:\/\/www.tiktok.com\/@p10col\"]},{\"@type\":\"Person\",\"@id\":\"https:\/\/pagina10.com\/web\/#\/schema\/person\/a7a5d38f0629dfc107f619fbae4f6cc3\",\"name\":\"P\u00e1gina 10\",\"description\":\"P\u00e1gina10.com es un peri\u00f3dico digital que nace en Colombia, en el departamento de Nari\u00f1o, con un enfoque global, fundamentado en cuatro pilares esenciales: la libertad, el pluralismo, la inclusi\u00f3n y la independencia. P\u00e1gina10.com hace referencia a Nari\u00f1o como el d\u00e9cimo departamento creado en Colombia, despu\u00e9s de un proceso pol\u00edtico liderado por actores y actrices regionales con el fin de obtener la independencia y autonom\u00eda de nuestros territorios. Con la creaci\u00f3n de P\u00e1gina10.com se pretende abrir un escenario para el dialogo, la reflexi\u00f3n y el debate que se extienda a otras geograf\u00edas de Am\u00e9rica Latina y del planeta, en una apuesta por transformar colectivamente los desaf\u00edos de un mundo contempor\u00e1neo, m\u00e1s all\u00e1 de las fronteras impuestas.\",\"url\":\"https:\/\/pagina10.com\/web\/author\/mcepeda\/\"}]}<\/script>\n<!-- \/ Yoast SEO plugin. -->","yoast_head_json":{"title":"El programa radial Joyas de la Corona hace un homenaje a la ciudad de Pasto | P\u00e1gina10","robots":{"index":"index","follow":"follow","max-snippet":"max-snippet:-1","max-image-preview":"max-image-preview:large","max-video-preview":"max-video-preview:-1"},"canonical":"https:\/\/pagina10.com\/web\/el-programa-radial-joyas-de-la-corona-hace-un-homenaje-a-la-ciudad-de-pasto\/","og_locale":"es_ES","og_type":"article","og_title":"El programa radial Joyas de la Corona hace un homenaje a la ciudad de Pasto | P\u00e1gina10","og_description":"El programa las Joyas de la Corona de radio Se\u00f1al Colombia le hace un homenaje a la ciudad de Pasto, capital del departamento de Nari\u00f1o, recordando algunos episodios de su historia pol\u00edtica, de su vida cultural y escuchando su m\u00fasica. El sur del pa\u00eds tiene una tradici\u00f3n muy rica en manifestaciones culturales producto de su [&hellip;]","og_url":"https:\/\/pagina10.com\/web\/el-programa-radial-joyas-de-la-corona-hace-un-homenaje-a-la-ciudad-de-pasto\/","og_site_name":"P\u00e1gina10","article_publisher":"https:\/\/www.facebook.com\/pag10com","article_published_time":"2014-01-28T15:00:26+00:00","og_image":[{"width":1652,"height":1080,"url":"https:\/\/pagina10.com\/web\/wp-content\/uploads\/2014\/01\/3dc2544c934ef7d30f24944cf2b0f793.jpg","type":"image\/jpeg"}],"author":"P\u00e1gina 10","twitter_card":"summary_large_image","twitter_creator":"@Pag10com","twitter_site":"@Pag10com","twitter_misc":{"Escrito por":"P\u00e1gina 10","Tiempo de lectura":"1 minuto"},"schema":{"@context":"https:\/\/schema.org","@graph":[{"@type":"Article","@id":"https:\/\/pagina10.com\/web\/el-programa-radial-joyas-de-la-corona-hace-un-homenaje-a-la-ciudad-de-pasto\/#article","isPartOf":{"@id":"https:\/\/pagina10.com\/web\/el-programa-radial-joyas-de-la-corona-hace-un-homenaje-a-la-ciudad-de-pasto\/"},"author":{"name":"P\u00e1gina 10","@id":"https:\/\/pagina10.com\/web\/#\/schema\/person\/a7a5d38f0629dfc107f619fbae4f6cc3"},"headline":"El programa radial Joyas de la Corona hace un homenaje a la ciudad de Pasto","datePublished":"2014-01-28T15:00:26+00:00","mainEntityOfPage":{"@id":"https:\/\/pagina10.com\/web\/el-programa-radial-joyas-de-la-corona-hace-un-homenaje-a-la-ciudad-de-pasto\/"},"wordCount":293,"commentCount":0,"publisher":{"@id":"https:\/\/pagina10.com\/web\/#organization"},"image":{"@id":"https:\/\/pagina10.com\/web\/el-programa-radial-joyas-de-la-corona-hace-un-homenaje-a-la-ciudad-de-pasto\/#primaryimage"},"thumbnailUrl":"https:\/\/pagina10.com\/web\/wp-content\/uploads\/2014\/01\/3dc2544c934ef7d30f24944cf2b0f793.jpg","articleSection":["Ciudad"],"inLanguage":"es","potentialAction":[{"@type":"CommentAction","name":"Comment","target":["https:\/\/pagina10.com\/web\/el-programa-radial-joyas-de-la-corona-hace-un-homenaje-a-la-ciudad-de-pasto\/#respond"]}]},{"@type":"WebPage","@id":"https:\/\/pagina10.com\/web\/el-programa-radial-joyas-de-la-corona-hace-un-homenaje-a-la-ciudad-de-pasto\/","url":"https:\/\/pagina10.com\/web\/el-programa-radial-joyas-de-la-corona-hace-un-homenaje-a-la-ciudad-de-pasto\/","name":"El programa radial Joyas de la Corona hace un homenaje a la ciudad de Pasto | P\u00e1gina10","isPartOf":{"@id":"https:\/\/pagina10.com\/web\/#website"},"primaryImageOfPage":{"@id":"https:\/\/pagina10.com\/web\/el-programa-radial-joyas-de-la-corona-hace-un-homenaje-a-la-ciudad-de-pasto\/#primaryimage"},"image":{"@id":"https:\/\/pagina10.com\/web\/el-programa-radial-joyas-de-la-corona-hace-un-homenaje-a-la-ciudad-de-pasto\/#primaryimage"},"thumbnailUrl":"https:\/\/pagina10.com\/web\/wp-content\/uploads\/2014\/01\/3dc2544c934ef7d30f24944cf2b0f793.jpg","datePublished":"2014-01-28T15:00:26+00:00","breadcrumb":{"@id":"https:\/\/pagina10.com\/web\/el-programa-radial-joyas-de-la-corona-hace-un-homenaje-a-la-ciudad-de-pasto\/#breadcrumb"},"inLanguage":"es","potentialAction":[{"@type":"ReadAction","target":["https:\/\/pagina10.com\/web\/el-programa-radial-joyas-de-la-corona-hace-un-homenaje-a-la-ciudad-de-pasto\/"]}]},{"@type":"ImageObject","inLanguage":"es","@id":"https:\/\/pagina10.com\/web\/el-programa-radial-joyas-de-la-corona-hace-un-homenaje-a-la-ciudad-de-pasto\/#primaryimage","url":"https:\/\/pagina10.com\/web\/wp-content\/uploads\/2014\/01\/3dc2544c934ef7d30f24944cf2b0f793.jpg","contentUrl":"https:\/\/pagina10.com\/web\/wp-content\/uploads\/2014\/01\/3dc2544c934ef7d30f24944cf2b0f793.jpg","width":1652,"height":1080},{"@type":"BreadcrumbList","@id":"https:\/\/pagina10.com\/web\/el-programa-radial-joyas-de-la-corona-hace-un-homenaje-a-la-ciudad-de-pasto\/#breadcrumb","itemListElement":[{"@type":"ListItem","position":1,"name":"Portada","item":"https:\/\/pagina10.com\/web\/"},{"@type":"ListItem","position":2,"name":"El programa radial Joyas de la Corona hace un homenaje a la ciudad de Pasto"}]},{"@type":"WebSite","@id":"https:\/\/pagina10.com\/web\/#website","url":"https:\/\/pagina10.com\/web\/","name":"P\u00e1gina10","description":"Peri\u00f3dico Regional","publisher":{"@id":"https:\/\/pagina10.com\/web\/#organization"},"alternateName":"P\u00e1gina10 Peri\u00f3dico Regional","potentialAction":[{"@type":"SearchAction","target":{"@type":"EntryPoint","urlTemplate":"https:\/\/pagina10.com\/web\/?s={search_term_string}"},"query-input":{"@type":"PropertyValueSpecification","valueRequired":true,"valueName":"search_term_string"}}],"inLanguage":"es"},{"@type":"Organization","@id":"https:\/\/pagina10.com\/web\/#organization","name":"P\u00e1gina10","alternateName":"P\u00e1gina10 Peri\u00f3dico Regional","url":"https:\/\/pagina10.com\/web\/","logo":{"@type":"ImageObject","inLanguage":"es","@id":"https:\/\/pagina10.com\/web\/#\/schema\/logo\/image\/","url":"https:\/\/pagina10.com\/web\/wp-content\/uploads\/2024\/01\/40-pagina-10-periodico-regional-pasto.jpg","contentUrl":"https:\/\/pagina10.com\/web\/wp-content\/uploads\/2024\/01\/40-pagina-10-periodico-regional-pasto.jpg","width":1280,"height":720,"caption":"P\u00e1gina10"},"image":{"@id":"https:\/\/pagina10.com\/web\/#\/schema\/logo\/image\/"},"sameAs":["https:\/\/www.facebook.com\/pag10com","https:\/\/x.com\/Pag10com","https:\/\/www.instagram.com\/pagina10col\/","https:\/\/youtube.com\/channel\/pag10","https:\/\/www.tiktok.com\/@p10col"]},{"@type":"Person","@id":"https:\/\/pagina10.com\/web\/#\/schema\/person\/a7a5d38f0629dfc107f619fbae4f6cc3","name":"P\u00e1gina 10","description":"P\u00e1gina10.com es un peri\u00f3dico digital que nace en Colombia, en el departamento de Nari\u00f1o, con un enfoque global, fundamentado en cuatro pilares esenciales: la libertad, el pluralismo, la inclusi\u00f3n y la independencia. P\u00e1gina10.com hace referencia a Nari\u00f1o como el d\u00e9cimo departamento creado en Colombia, despu\u00e9s de un proceso pol\u00edtico liderado por actores y actrices regionales con el fin de obtener la independencia y autonom\u00eda de nuestros territorios. Con la creaci\u00f3n de P\u00e1gina10.com se pretende abrir un escenario para el dialogo, la reflexi\u00f3n y el debate que se extienda a otras geograf\u00edas de Am\u00e9rica Latina y del planeta, en una apuesta por transformar colectivamente los desaf\u00edos de un mundo contempor\u00e1neo, m\u00e1s all\u00e1 de las fronteras impuestas.","url":"https:\/\/pagina10.com\/web\/author\/mcepeda\/"}]}},"_links":{"self":[{"href":"https:\/\/pagina10.com\/web\/wp-json\/wp\/v2\/posts\/6378","targetHints":{"allow":["GET"]}}],"collection":[{"href":"https:\/\/pagina10.com\/web\/wp-json\/wp\/v2\/posts"}],"about":[{"href":"https:\/\/pagina10.com\/web\/wp-json\/wp\/v2\/types\/post"}],"author":[{"embeddable":true,"href":"https:\/\/pagina10.com\/web\/wp-json\/wp\/v2\/users\/29"}],"replies":[{"embeddable":true,"href":"https:\/\/pagina10.com\/web\/wp-json\/wp\/v2\/comments?post=6378"}],"version-history":[{"count":0,"href":"https:\/\/pagina10.com\/web\/wp-json\/wp\/v2\/posts\/6378\/revisions"}],"wp:featuredmedia":[{"embeddable":true,"href":"https:\/\/pagina10.com\/web\/wp-json\/wp\/v2\/media\/6377"}],"wp:attachment":[{"href":"https:\/\/pagina10.com\/web\/wp-json\/wp\/v2\/media?parent=6378"}],"wp:term":[{"taxonomy":"category","embeddable":true,"href":"https:\/\/pagina10.com\/web\/wp-json\/wp\/v2\/categories?post=6378"},{"taxonomy":"post_tag","embeddable":true,"href":"https:\/\/pagina10.com\/web\/wp-json\/wp\/v2\/tags?post=6378"}],"curies":[{"name":"wp","href":"https:\/\/api.w.org\/{rel}","templated":true}]}}