{"id":63782,"date":"2022-12-28T02:14:44","date_gmt":"2022-12-28T07:14:44","guid":{"rendered":"https:\/\/pagina10.com\/web\/?p=63782"},"modified":"2022-12-28T02:14:44","modified_gmt":"2022-12-28T07:14:44","slug":"en-pasto-lamentan-muerte-de-reconocido-locutor-julio-hernan-chamorro","status":"publish","type":"post","link":"https:\/\/pagina10.com\/web\/en-pasto-lamentan-muerte-de-reconocido-locutor-julio-hernan-chamorro\/","title":{"rendered":"En Pasto lamentan muerte de reconocido locutor Julio Hern\u00e1n Chamorro"},"content":{"rendered":"<p style=\"text-align: justify;\">Ocho d\u00edas despu\u00e9s de ser dado de alta tras una colostom\u00eda falleci\u00f3 el reconocido locutor Julio Hern\u00e1n Chamorro, quien por m\u00e1s de 20 a\u00f1os trabajo en Todelar y otros importantes medios de comunicaci\u00f3n del departamento de Nari\u00f1o.<\/p>\n<p style=\"text-align: justify;\">Su \u00faltima intervenci\u00f3n en radio fue en Ecos de Pasto durante un especial realizado en julio tras la muerte del cantante Dar\u00edo G\u00f3mez. Ese d\u00eda comparti\u00f3 cabina con el periodista Diego Rosales. Como an\u00e9cdota qued\u00f3 el momento en que su compa\u00f1ero le pregunta \u00bfqu\u00e9 quisiera que pase el d\u00eda en que usted se muera?, a lo cual respondi\u00f3: \u201ctodos nos vamos a morir, amigos, la familia, y ojal\u00e1 est\u00e9n pendiente de uno cuando se vaya a la \u00faltima morada\u201d.<\/p>\n<p style=\"text-align: justify;\">Tras conocer la noticia sobre su muerte varios periodistas y locutores expresaron su voz de condolencia en redes sociales. Uno de ellos Javier Ricardo Chavez quien se\u00f1al\u00f3: \u201cJulio Hernan Chamorro Coral (q.e.p.d.) fue un excelente locutor y periodista de la radio en Nari\u00f1o, destacado adem\u00e1s, por la calidad de gente y su carisma en el desempe\u00f1o de su profesi\u00f3n. Sin lugar a dudas Chamorro, como le llam\u00e1bamos cari\u00f1osamente, deja un vac\u00edo inmenso entre quienes lo conocimos y compartimos las lides de la radio. Hasta pronto querido amigo y colega\u201d.<\/p>\n","protected":false},"excerpt":{"rendered":"<p>Ocho d\u00edas despu\u00e9s de ser dado de alta tras una colostom\u00eda falleci\u00f3 el reconocido locutor Julio Hern\u00e1n Chamorro, quien por m\u00e1s de 20 a\u00f1os trabajo en Todelar y otros importantes medios de comunicaci\u00f3n del departamento de Nari\u00f1o. Su \u00faltima intervenci\u00f3n en radio fue en Ecos de Pasto durante un especial realizado en julio tras la [&hellip;]<\/p>\n","protected":false},"author":1,"featured_media":63783,"comment_status":"open","ping_status":"open","sticky":false,"template":"","format":"standard","meta":{"footnotes":""},"categories":[84],"tags":[],"class_list":["post-63782","post","type-post","status-publish","format-standard","has-post-thumbnail","hentry","category-global-2"],"yoast_head":"<!-- This site is optimized with the Yoast SEO plugin v27.1.1 - https:\/\/yoast.com\/product\/yoast-seo-wordpress\/ -->\n<title>En Pasto lamentan muerte de reconocido locutor Julio Hern\u00e1n Chamorro | P\u00e1gina10<\/title>\n<meta name=\"robots\" content=\"index, follow, max-snippet:-1, max-image-preview:large, max-video-preview:-1\" \/>\n<link rel=\"canonical\" href=\"https:\/\/pagina10.com\/web\/en-pasto-lamentan-muerte-de-reconocido-locutor-julio-hernan-chamorro\/\" \/>\n<meta property=\"og:locale\" content=\"es_ES\" \/>\n<meta property=\"og:type\" content=\"article\" \/>\n<meta property=\"og:title\" content=\"En Pasto lamentan muerte de reconocido locutor Julio Hern\u00e1n Chamorro | P\u00e1gina10\" \/>\n<meta property=\"og:description\" content=\"Ocho d\u00edas despu\u00e9s de ser dado de alta tras una colostom\u00eda falleci\u00f3 el reconocido locutor Julio Hern\u00e1n Chamorro, quien por m\u00e1s de 20 a\u00f1os trabajo en Todelar y otros importantes medios de comunicaci\u00f3n del departamento de Nari\u00f1o. Su \u00faltima intervenci\u00f3n en radio fue en Ecos de Pasto durante un especial realizado en julio tras la [&hellip;]\" \/>\n<meta property=\"og:url\" content=\"https:\/\/pagina10.com\/web\/en-pasto-lamentan-muerte-de-reconocido-locutor-julio-hernan-chamorro\/\" \/>\n<meta property=\"og:site_name\" content=\"P\u00e1gina10\" \/>\n<meta property=\"article:publisher\" content=\"https:\/\/www.facebook.com\/pag10com\" \/>\n<meta property=\"article:published_time\" content=\"2022-12-28T07:14:44+00:00\" \/>\n<meta property=\"og:image\" content=\"https:\/\/pagina10.com\/web\/wp-content\/uploads\/2022\/12\/61063469_10219509092187657_633087211746623488_n-e1672211679445.jpg\" \/>\n\t<meta property=\"og:image:width\" content=\"1411\" \/>\n\t<meta property=\"og:image:height\" content=\"938\" \/>\n\t<meta property=\"og:image:type\" content=\"image\/jpeg\" \/>\n<meta name=\"author\" content=\"P\u00e1gina 10\" \/>\n<meta name=\"twitter:card\" content=\"summary_large_image\" \/>\n<meta name=\"twitter:creator\" content=\"@Pag10com\" \/>\n<meta name=\"twitter:site\" content=\"@Pag10com\" \/>\n<meta name=\"twitter:label1\" content=\"Escrito por\" \/>\n\t<meta name=\"twitter:data1\" content=\"P\u00e1gina 10\" \/>\n\t<meta name=\"twitter:label2\" content=\"Tiempo de lectura\" \/>\n\t<meta name=\"twitter:data2\" content=\"1 minuto\" \/>\n<script type=\"application\/ld+json\" class=\"yoast-schema-graph\">{\"@context\":\"https:\/\/schema.org\",\"@graph\":[{\"@type\":\"Article\",\"@id\":\"https:\/\/pagina10.com\/web\/en-pasto-lamentan-muerte-de-reconocido-locutor-julio-hernan-chamorro\/#article\",\"isPartOf\":{\"@id\":\"https:\/\/pagina10.com\/web\/en-pasto-lamentan-muerte-de-reconocido-locutor-julio-hernan-chamorro\/\"},\"author\":{\"name\":\"P\u00e1gina 10\",\"@id\":\"https:\/\/pagina10.com\/web\/#\/schema\/person\/2efc4a090d25b667d3bc796798a3a81b\"},\"headline\":\"En Pasto lamentan muerte de reconocido locutor Julio Hern\u00e1n Chamorro\",\"datePublished\":\"2022-12-28T07:14:44+00:00\",\"mainEntityOfPage\":{\"@id\":\"https:\/\/pagina10.com\/web\/en-pasto-lamentan-muerte-de-reconocido-locutor-julio-hernan-chamorro\/\"},\"wordCount\":242,\"commentCount\":0,\"publisher\":{\"@id\":\"https:\/\/pagina10.com\/web\/#organization\"},\"image\":{\"@id\":\"https:\/\/pagina10.com\/web\/en-pasto-lamentan-muerte-de-reconocido-locutor-julio-hernan-chamorro\/#primaryimage\"},\"thumbnailUrl\":\"https:\/\/pagina10.com\/web\/wp-content\/uploads\/2022\/12\/61063469_10219509092187657_633087211746623488_n-e1672211679445.jpg\",\"articleSection\":[\"Global\"],\"inLanguage\":\"es\",\"potentialAction\":[{\"@type\":\"CommentAction\",\"name\":\"Comment\",\"target\":[\"https:\/\/pagina10.com\/web\/en-pasto-lamentan-muerte-de-reconocido-locutor-julio-hernan-chamorro\/#respond\"]}]},{\"@type\":\"WebPage\",\"@id\":\"https:\/\/pagina10.com\/web\/en-pasto-lamentan-muerte-de-reconocido-locutor-julio-hernan-chamorro\/\",\"url\":\"https:\/\/pagina10.com\/web\/en-pasto-lamentan-muerte-de-reconocido-locutor-julio-hernan-chamorro\/\",\"name\":\"En Pasto lamentan muerte de reconocido locutor Julio Hern\u00e1n Chamorro | P\u00e1gina10\",\"isPartOf\":{\"@id\":\"https:\/\/pagina10.com\/web\/#website\"},\"primaryImageOfPage\":{\"@id\":\"https:\/\/pagina10.com\/web\/en-pasto-lamentan-muerte-de-reconocido-locutor-julio-hernan-chamorro\/#primaryimage\"},\"image\":{\"@id\":\"https:\/\/pagina10.com\/web\/en-pasto-lamentan-muerte-de-reconocido-locutor-julio-hernan-chamorro\/#primaryimage\"},\"thumbnailUrl\":\"https:\/\/pagina10.com\/web\/wp-content\/uploads\/2022\/12\/61063469_10219509092187657_633087211746623488_n-e1672211679445.jpg\",\"datePublished\":\"2022-12-28T07:14:44+00:00\",\"breadcrumb\":{\"@id\":\"https:\/\/pagina10.com\/web\/en-pasto-lamentan-muerte-de-reconocido-locutor-julio-hernan-chamorro\/#breadcrumb\"},\"inLanguage\":\"es\",\"potentialAction\":[{\"@type\":\"ReadAction\",\"target\":[\"https:\/\/pagina10.com\/web\/en-pasto-lamentan-muerte-de-reconocido-locutor-julio-hernan-chamorro\/\"]}]},{\"@type\":\"ImageObject\",\"inLanguage\":\"es\",\"@id\":\"https:\/\/pagina10.com\/web\/en-pasto-lamentan-muerte-de-reconocido-locutor-julio-hernan-chamorro\/#primaryimage\",\"url\":\"https:\/\/pagina10.com\/web\/wp-content\/uploads\/2022\/12\/61063469_10219509092187657_633087211746623488_n-e1672211679445.jpg\",\"contentUrl\":\"https:\/\/pagina10.com\/web\/wp-content\/uploads\/2022\/12\/61063469_10219509092187657_633087211746623488_n-e1672211679445.jpg\",\"width\":1411,\"height\":938},{\"@type\":\"BreadcrumbList\",\"@id\":\"https:\/\/pagina10.com\/web\/en-pasto-lamentan-muerte-de-reconocido-locutor-julio-hernan-chamorro\/#breadcrumb\",\"itemListElement\":[{\"@type\":\"ListItem\",\"position\":1,\"name\":\"Portada\",\"item\":\"https:\/\/pagina10.com\/web\/\"},{\"@type\":\"ListItem\",\"position\":2,\"name\":\"En Pasto lamentan muerte de reconocido locutor Julio Hern\u00e1n Chamorro\"}]},{\"@type\":\"WebSite\",\"@id\":\"https:\/\/pagina10.com\/web\/#website\",\"url\":\"https:\/\/pagina10.com\/web\/\",\"name\":\"P\u00e1gina10\",\"description\":\"Peri\u00f3dico Regional\",\"publisher\":{\"@id\":\"https:\/\/pagina10.com\/web\/#organization\"},\"alternateName\":\"P\u00e1gina10 Peri\u00f3dico Regional\",\"potentialAction\":[{\"@type\":\"SearchAction\",\"target\":{\"@type\":\"EntryPoint\",\"urlTemplate\":\"https:\/\/pagina10.com\/web\/?s={search_term_string}\"},\"query-input\":{\"@type\":\"PropertyValueSpecification\",\"valueRequired\":true,\"valueName\":\"search_term_string\"}}],\"inLanguage\":\"es\"},{\"@type\":\"Organization\",\"@id\":\"https:\/\/pagina10.com\/web\/#organization\",\"name\":\"P\u00e1gina10\",\"alternateName\":\"P\u00e1gina10 Peri\u00f3dico Regional\",\"url\":\"https:\/\/pagina10.com\/web\/\",\"logo\":{\"@type\":\"ImageObject\",\"inLanguage\":\"es\",\"@id\":\"https:\/\/pagina10.com\/web\/#\/schema\/logo\/image\/\",\"url\":\"https:\/\/pagina10.com\/web\/wp-content\/uploads\/2024\/01\/40-pagina-10-periodico-regional-pasto.jpg\",\"contentUrl\":\"https:\/\/pagina10.com\/web\/wp-content\/uploads\/2024\/01\/40-pagina-10-periodico-regional-pasto.jpg\",\"width\":1280,\"height\":720,\"caption\":\"P\u00e1gina10\"},\"image\":{\"@id\":\"https:\/\/pagina10.com\/web\/#\/schema\/logo\/image\/\"},\"sameAs\":[\"https:\/\/www.facebook.com\/pag10com\",\"https:\/\/x.com\/Pag10com\",\"https:\/\/www.instagram.com\/pagina10col\/\",\"https:\/\/youtube.com\/channel\/pag10\",\"https:\/\/www.tiktok.com\/@p10col\"]},{\"@type\":\"Person\",\"@id\":\"https:\/\/pagina10.com\/web\/#\/schema\/person\/2efc4a090d25b667d3bc796798a3a81b\",\"name\":\"P\u00e1gina 10\",\"description\":\"P\u00e1gina 10 es un peri\u00f3dico regional que nace en Colombia, en el departamento de Nari\u00f1o, con un enfoque global, fundamentado en cuatro pilares esenciales: la libertad, el pluralismo, la inclusi\u00f3n y la independencia. P\u00e1gina 10 hace referencia a Nari\u00f1o como el d\u00e9cimo departamento creado en Colombia, despu\u00e9s de un proceso pol\u00edtico liderado por actores y actrices regionales con el fin de obtener la independencia y autonom\u00eda de nuestros territorios. Con la creaci\u00f3n de P\u00e1gina 10 se pretende abrir un escenario para el dialogo, la reflexi\u00f3n y el debate que se extienda a otras geograf\u00edas de Am\u00e9rica Latina y del planeta, en una apuesta por transformar colectivamente los desaf\u00edos de un mundo contempor\u00e1neo, m\u00e1s all\u00e1 de las fronteras impuestas.\",\"url\":\"https:\/\/pagina10.com\/web\/author\/pdiezadmin\/\"}]}<\/script>\n<!-- \/ Yoast SEO plugin. -->","yoast_head_json":{"title":"En Pasto lamentan muerte de reconocido locutor Julio Hern\u00e1n Chamorro | P\u00e1gina10","robots":{"index":"index","follow":"follow","max-snippet":"max-snippet:-1","max-image-preview":"max-image-preview:large","max-video-preview":"max-video-preview:-1"},"canonical":"https:\/\/pagina10.com\/web\/en-pasto-lamentan-muerte-de-reconocido-locutor-julio-hernan-chamorro\/","og_locale":"es_ES","og_type":"article","og_title":"En Pasto lamentan muerte de reconocido locutor Julio Hern\u00e1n Chamorro | P\u00e1gina10","og_description":"Ocho d\u00edas despu\u00e9s de ser dado de alta tras una colostom\u00eda falleci\u00f3 el reconocido locutor Julio Hern\u00e1n Chamorro, quien por m\u00e1s de 20 a\u00f1os trabajo en Todelar y otros importantes medios de comunicaci\u00f3n del departamento de Nari\u00f1o. Su \u00faltima intervenci\u00f3n en radio fue en Ecos de Pasto durante un especial realizado en julio tras la [&hellip;]","og_url":"https:\/\/pagina10.com\/web\/en-pasto-lamentan-muerte-de-reconocido-locutor-julio-hernan-chamorro\/","og_site_name":"P\u00e1gina10","article_publisher":"https:\/\/www.facebook.com\/pag10com","article_published_time":"2022-12-28T07:14:44+00:00","og_image":[{"width":1411,"height":938,"url":"https:\/\/pagina10.com\/web\/wp-content\/uploads\/2022\/12\/61063469_10219509092187657_633087211746623488_n-e1672211679445.jpg","type":"image\/jpeg"}],"author":"P\u00e1gina 10","twitter_card":"summary_large_image","twitter_creator":"@Pag10com","twitter_site":"@Pag10com","twitter_misc":{"Escrito por":"P\u00e1gina 10","Tiempo de lectura":"1 minuto"},"schema":{"@context":"https:\/\/schema.org","@graph":[{"@type":"Article","@id":"https:\/\/pagina10.com\/web\/en-pasto-lamentan-muerte-de-reconocido-locutor-julio-hernan-chamorro\/#article","isPartOf":{"@id":"https:\/\/pagina10.com\/web\/en-pasto-lamentan-muerte-de-reconocido-locutor-julio-hernan-chamorro\/"},"author":{"name":"P\u00e1gina 10","@id":"https:\/\/pagina10.com\/web\/#\/schema\/person\/2efc4a090d25b667d3bc796798a3a81b"},"headline":"En Pasto lamentan muerte de reconocido locutor Julio Hern\u00e1n Chamorro","datePublished":"2022-12-28T07:14:44+00:00","mainEntityOfPage":{"@id":"https:\/\/pagina10.com\/web\/en-pasto-lamentan-muerte-de-reconocido-locutor-julio-hernan-chamorro\/"},"wordCount":242,"commentCount":0,"publisher":{"@id":"https:\/\/pagina10.com\/web\/#organization"},"image":{"@id":"https:\/\/pagina10.com\/web\/en-pasto-lamentan-muerte-de-reconocido-locutor-julio-hernan-chamorro\/#primaryimage"},"thumbnailUrl":"https:\/\/pagina10.com\/web\/wp-content\/uploads\/2022\/12\/61063469_10219509092187657_633087211746623488_n-e1672211679445.jpg","articleSection":["Global"],"inLanguage":"es","potentialAction":[{"@type":"CommentAction","name":"Comment","target":["https:\/\/pagina10.com\/web\/en-pasto-lamentan-muerte-de-reconocido-locutor-julio-hernan-chamorro\/#respond"]}]},{"@type":"WebPage","@id":"https:\/\/pagina10.com\/web\/en-pasto-lamentan-muerte-de-reconocido-locutor-julio-hernan-chamorro\/","url":"https:\/\/pagina10.com\/web\/en-pasto-lamentan-muerte-de-reconocido-locutor-julio-hernan-chamorro\/","name":"En Pasto lamentan muerte de reconocido locutor Julio Hern\u00e1n Chamorro | P\u00e1gina10","isPartOf":{"@id":"https:\/\/pagina10.com\/web\/#website"},"primaryImageOfPage":{"@id":"https:\/\/pagina10.com\/web\/en-pasto-lamentan-muerte-de-reconocido-locutor-julio-hernan-chamorro\/#primaryimage"},"image":{"@id":"https:\/\/pagina10.com\/web\/en-pasto-lamentan-muerte-de-reconocido-locutor-julio-hernan-chamorro\/#primaryimage"},"thumbnailUrl":"https:\/\/pagina10.com\/web\/wp-content\/uploads\/2022\/12\/61063469_10219509092187657_633087211746623488_n-e1672211679445.jpg","datePublished":"2022-12-28T07:14:44+00:00","breadcrumb":{"@id":"https:\/\/pagina10.com\/web\/en-pasto-lamentan-muerte-de-reconocido-locutor-julio-hernan-chamorro\/#breadcrumb"},"inLanguage":"es","potentialAction":[{"@type":"ReadAction","target":["https:\/\/pagina10.com\/web\/en-pasto-lamentan-muerte-de-reconocido-locutor-julio-hernan-chamorro\/"]}]},{"@type":"ImageObject","inLanguage":"es","@id":"https:\/\/pagina10.com\/web\/en-pasto-lamentan-muerte-de-reconocido-locutor-julio-hernan-chamorro\/#primaryimage","url":"https:\/\/pagina10.com\/web\/wp-content\/uploads\/2022\/12\/61063469_10219509092187657_633087211746623488_n-e1672211679445.jpg","contentUrl":"https:\/\/pagina10.com\/web\/wp-content\/uploads\/2022\/12\/61063469_10219509092187657_633087211746623488_n-e1672211679445.jpg","width":1411,"height":938},{"@type":"BreadcrumbList","@id":"https:\/\/pagina10.com\/web\/en-pasto-lamentan-muerte-de-reconocido-locutor-julio-hernan-chamorro\/#breadcrumb","itemListElement":[{"@type":"ListItem","position":1,"name":"Portada","item":"https:\/\/pagina10.com\/web\/"},{"@type":"ListItem","position":2,"name":"En Pasto lamentan muerte de reconocido locutor Julio Hern\u00e1n Chamorro"}]},{"@type":"WebSite","@id":"https:\/\/pagina10.com\/web\/#website","url":"https:\/\/pagina10.com\/web\/","name":"P\u00e1gina10","description":"Peri\u00f3dico Regional","publisher":{"@id":"https:\/\/pagina10.com\/web\/#organization"},"alternateName":"P\u00e1gina10 Peri\u00f3dico Regional","potentialAction":[{"@type":"SearchAction","target":{"@type":"EntryPoint","urlTemplate":"https:\/\/pagina10.com\/web\/?s={search_term_string}"},"query-input":{"@type":"PropertyValueSpecification","valueRequired":true,"valueName":"search_term_string"}}],"inLanguage":"es"},{"@type":"Organization","@id":"https:\/\/pagina10.com\/web\/#organization","name":"P\u00e1gina10","alternateName":"P\u00e1gina10 Peri\u00f3dico Regional","url":"https:\/\/pagina10.com\/web\/","logo":{"@type":"ImageObject","inLanguage":"es","@id":"https:\/\/pagina10.com\/web\/#\/schema\/logo\/image\/","url":"https:\/\/pagina10.com\/web\/wp-content\/uploads\/2024\/01\/40-pagina-10-periodico-regional-pasto.jpg","contentUrl":"https:\/\/pagina10.com\/web\/wp-content\/uploads\/2024\/01\/40-pagina-10-periodico-regional-pasto.jpg","width":1280,"height":720,"caption":"P\u00e1gina10"},"image":{"@id":"https:\/\/pagina10.com\/web\/#\/schema\/logo\/image\/"},"sameAs":["https:\/\/www.facebook.com\/pag10com","https:\/\/x.com\/Pag10com","https:\/\/www.instagram.com\/pagina10col\/","https:\/\/youtube.com\/channel\/pag10","https:\/\/www.tiktok.com\/@p10col"]},{"@type":"Person","@id":"https:\/\/pagina10.com\/web\/#\/schema\/person\/2efc4a090d25b667d3bc796798a3a81b","name":"P\u00e1gina 10","description":"P\u00e1gina 10 es un peri\u00f3dico regional que nace en Colombia, en el departamento de Nari\u00f1o, con un enfoque global, fundamentado en cuatro pilares esenciales: la libertad, el pluralismo, la inclusi\u00f3n y la independencia. P\u00e1gina 10 hace referencia a Nari\u00f1o como el d\u00e9cimo departamento creado en Colombia, despu\u00e9s de un proceso pol\u00edtico liderado por actores y actrices regionales con el fin de obtener la independencia y autonom\u00eda de nuestros territorios. Con la creaci\u00f3n de P\u00e1gina 10 se pretende abrir un escenario para el dialogo, la reflexi\u00f3n y el debate que se extienda a otras geograf\u00edas de Am\u00e9rica Latina y del planeta, en una apuesta por transformar colectivamente los desaf\u00edos de un mundo contempor\u00e1neo, m\u00e1s all\u00e1 de las fronteras impuestas.","url":"https:\/\/pagina10.com\/web\/author\/pdiezadmin\/"}]}},"_links":{"self":[{"href":"https:\/\/pagina10.com\/web\/wp-json\/wp\/v2\/posts\/63782","targetHints":{"allow":["GET"]}}],"collection":[{"href":"https:\/\/pagina10.com\/web\/wp-json\/wp\/v2\/posts"}],"about":[{"href":"https:\/\/pagina10.com\/web\/wp-json\/wp\/v2\/types\/post"}],"author":[{"embeddable":true,"href":"https:\/\/pagina10.com\/web\/wp-json\/wp\/v2\/users\/1"}],"replies":[{"embeddable":true,"href":"https:\/\/pagina10.com\/web\/wp-json\/wp\/v2\/comments?post=63782"}],"version-history":[{"count":1,"href":"https:\/\/pagina10.com\/web\/wp-json\/wp\/v2\/posts\/63782\/revisions"}],"predecessor-version":[{"id":63784,"href":"https:\/\/pagina10.com\/web\/wp-json\/wp\/v2\/posts\/63782\/revisions\/63784"}],"wp:featuredmedia":[{"embeddable":true,"href":"https:\/\/pagina10.com\/web\/wp-json\/wp\/v2\/media\/63783"}],"wp:attachment":[{"href":"https:\/\/pagina10.com\/web\/wp-json\/wp\/v2\/media?parent=63782"}],"wp:term":[{"taxonomy":"category","embeddable":true,"href":"https:\/\/pagina10.com\/web\/wp-json\/wp\/v2\/categories?post=63782"},{"taxonomy":"post_tag","embeddable":true,"href":"https:\/\/pagina10.com\/web\/wp-json\/wp\/v2\/tags?post=63782"}],"curies":[{"name":"wp","href":"https:\/\/api.w.org\/{rel}","templated":true}]}}