{"id":63838,"date":"2023-01-03T09:02:39","date_gmt":"2023-01-03T14:02:39","guid":{"rendered":"https:\/\/pagina10.com\/web\/?p=63838"},"modified":"2023-01-03T09:02:39","modified_gmt":"2023-01-03T14:02:39","slug":"moe-presento-balance-de-primer-periodo-legislativo","status":"publish","type":"post","link":"https:\/\/pagina10.com\/web\/moe-presento-balance-de-primer-periodo-legislativo\/","title":{"rendered":"MOE present\u00f3 balance de primer periodo legislativo"},"content":{"rendered":"<p style=\"text-align: justify;\">Finalizado el primer per\u00edodo de la legislatura 2022 la Misi\u00f3n de Observaci\u00f3n Electoral -MOE present\u00f3 un balance de la conformaci\u00f3n del Congreso de la Rep\u00fablica y de los 78 proyectos normativos relacionados con los temas pol\u00edtico electorales y de transparencia y lucha contra la corrupci\u00f3n, siendo las iniciativas del Gobierno las que marcaron la agenda legislativa.<\/p>\n<p style=\"text-align: justify;\">A la fecha de cierre del periodo legislativo, no solamente ya se hab\u00eda establecido una \u2018silla vac\u00eda\u2019 para el Partido Liberal, con el caso del Senador Mario Casta\u00f1o; sino que tambi\u00e9n se pas\u00f3 de 22 a 28 partidos pol\u00edticos con personer\u00eda jur\u00eddica, 11 de ellos sin representaci\u00f3n pol\u00edtica en el Senado.<\/p>\n<p style=\"text-align: justify;\">Alejandra Barrios Cabrera, directora de la MOE, destaca como un caso paradigm\u00e1tico el de la Liga de Gobernantes Anticorrupci\u00f3n, que obtuvo 10.604.656 votos en la segunda vuelta de la elecci\u00f3n presidencial y recibi\u00f3 su personer\u00eda jur\u00eddica v\u00eda el Estatuto de la Oposici\u00f3n.<\/p>\n<p style=\"text-align: justify;\">De acuerdo con Barrios, \u201clos dos representantes a la C\u00e1mara electos renunciaron al partido; la candidata a la vicepresidencia y actual representante a la C\u00e1mara, Marelen Castillo, indic\u00f3 no ser militante del mismo, y el excandidato a la Presidencia, Rodolfo Hernandez, renunci\u00f3 a su curul en el Senado. Por lo que est\u00e1 pendiente de resoluci\u00f3n por parte del CNE si este partido mantiene o no la personer\u00eda jur\u00eddica, y si cuenta o no con representaci\u00f3n ante el Congreso.\u201d<\/p>\n<p style=\"text-align: justify;\">En lo concerniente al balance de la agenda legislativa en materia pol\u00edtico-electoral, se presentaron un total de 52 iniciativas, de las cuales, solo 17 han tenido alg\u00fan tipo de avance en su discusi\u00f3n. De estas, la MOE destaca la reforma pol\u00edtica presentada por el Gobierno, y las iniciativas relacionadas con la adopci\u00f3n de medidas para combatir la violencia contra la mujer en pol\u00edtica.<\/p>\n<p style=\"text-align: justify;\">De otra parte, a pesar de que se present\u00f3 nuevamente la propuesta de C\u00f3digo Electoral, su discusi\u00f3n fue aplazada hasta marzo de 2023 dadas las preocupaciones expresadas por diferentes sectores pol\u00edticos, de la academia y de la sociedad civil.<\/p>\n","protected":false},"excerpt":{"rendered":"<p>Finalizado el primer per\u00edodo de la legislatura 2022 la Misi\u00f3n de Observaci\u00f3n Electoral -MOE present\u00f3 un balance de la conformaci\u00f3n del Congreso de la Rep\u00fablica y de los 78 proyectos normativos relacionados con los temas pol\u00edtico electorales y de transparencia y lucha contra la corrupci\u00f3n, siendo las iniciativas del Gobierno las que marcaron la agenda [&hellip;]<\/p>\n","protected":false},"author":1,"featured_media":63839,"comment_status":"open","ping_status":"open","sticky":false,"template":"","format":"standard","meta":{"footnotes":""},"categories":[84],"tags":[],"class_list":["post-63838","post","type-post","status-publish","format-standard","has-post-thumbnail","hentry","category-global-2"],"yoast_head":"<!-- This site is optimized with the Yoast SEO plugin v27.1.1 - https:\/\/yoast.com\/product\/yoast-seo-wordpress\/ -->\n<title>MOE present\u00f3 balance de primer periodo legislativo | P\u00e1gina10<\/title>\n<meta name=\"robots\" content=\"index, follow, max-snippet:-1, max-image-preview:large, max-video-preview:-1\" \/>\n<link rel=\"canonical\" href=\"https:\/\/pagina10.com\/web\/moe-presento-balance-de-primer-periodo-legislativo\/\" \/>\n<meta property=\"og:locale\" content=\"es_ES\" \/>\n<meta property=\"og:type\" content=\"article\" \/>\n<meta property=\"og:title\" content=\"MOE present\u00f3 balance de primer periodo legislativo | P\u00e1gina10\" \/>\n<meta property=\"og:description\" content=\"Finalizado el primer per\u00edodo de la legislatura 2022 la Misi\u00f3n de Observaci\u00f3n Electoral -MOE present\u00f3 un balance de la conformaci\u00f3n del Congreso de la Rep\u00fablica y de los 78 proyectos normativos relacionados con los temas pol\u00edtico electorales y de transparencia y lucha contra la corrupci\u00f3n, siendo las iniciativas del Gobierno las que marcaron la agenda [&hellip;]\" \/>\n<meta property=\"og:url\" content=\"https:\/\/pagina10.com\/web\/moe-presento-balance-de-primer-periodo-legislativo\/\" \/>\n<meta property=\"og:site_name\" content=\"P\u00e1gina10\" \/>\n<meta property=\"article:publisher\" content=\"https:\/\/www.facebook.com\/pag10com\" \/>\n<meta property=\"article:published_time\" content=\"2023-01-03T14:02:39+00:00\" \/>\n<meta property=\"og:image\" content=\"https:\/\/pagina10.com\/web\/wp-content\/uploads\/2023\/01\/5d337e9e39603.jpeg\" \/>\n\t<meta property=\"og:image:width\" content=\"950\" \/>\n\t<meta property=\"og:image:height\" content=\"534\" \/>\n\t<meta property=\"og:image:type\" content=\"image\/jpeg\" \/>\n<meta name=\"author\" content=\"P\u00e1gina 10\" \/>\n<meta name=\"twitter:card\" content=\"summary_large_image\" \/>\n<meta name=\"twitter:creator\" content=\"@Pag10com\" \/>\n<meta name=\"twitter:site\" content=\"@Pag10com\" \/>\n<meta name=\"twitter:label1\" content=\"Escrito por\" \/>\n\t<meta name=\"twitter:data1\" content=\"P\u00e1gina 10\" \/>\n\t<meta name=\"twitter:label2\" content=\"Tiempo de lectura\" \/>\n\t<meta name=\"twitter:data2\" content=\"2 minutos\" \/>\n<script type=\"application\/ld+json\" class=\"yoast-schema-graph\">{\"@context\":\"https:\/\/schema.org\",\"@graph\":[{\"@type\":\"Article\",\"@id\":\"https:\/\/pagina10.com\/web\/moe-presento-balance-de-primer-periodo-legislativo\/#article\",\"isPartOf\":{\"@id\":\"https:\/\/pagina10.com\/web\/moe-presento-balance-de-primer-periodo-legislativo\/\"},\"author\":{\"name\":\"P\u00e1gina 10\",\"@id\":\"https:\/\/pagina10.com\/web\/#\/schema\/person\/2efc4a090d25b667d3bc796798a3a81b\"},\"headline\":\"MOE present\u00f3 balance de primer periodo legislativo\",\"datePublished\":\"2023-01-03T14:02:39+00:00\",\"mainEntityOfPage\":{\"@id\":\"https:\/\/pagina10.com\/web\/moe-presento-balance-de-primer-periodo-legislativo\/\"},\"wordCount\":365,\"commentCount\":0,\"publisher\":{\"@id\":\"https:\/\/pagina10.com\/web\/#organization\"},\"image\":{\"@id\":\"https:\/\/pagina10.com\/web\/moe-presento-balance-de-primer-periodo-legislativo\/#primaryimage\"},\"thumbnailUrl\":\"https:\/\/pagina10.com\/web\/wp-content\/uploads\/2023\/01\/5d337e9e39603.jpeg\",\"articleSection\":[\"Global\"],\"inLanguage\":\"es\",\"potentialAction\":[{\"@type\":\"CommentAction\",\"name\":\"Comment\",\"target\":[\"https:\/\/pagina10.com\/web\/moe-presento-balance-de-primer-periodo-legislativo\/#respond\"]}]},{\"@type\":\"WebPage\",\"@id\":\"https:\/\/pagina10.com\/web\/moe-presento-balance-de-primer-periodo-legislativo\/\",\"url\":\"https:\/\/pagina10.com\/web\/moe-presento-balance-de-primer-periodo-legislativo\/\",\"name\":\"MOE present\u00f3 balance de primer periodo legislativo | P\u00e1gina10\",\"isPartOf\":{\"@id\":\"https:\/\/pagina10.com\/web\/#website\"},\"primaryImageOfPage\":{\"@id\":\"https:\/\/pagina10.com\/web\/moe-presento-balance-de-primer-periodo-legislativo\/#primaryimage\"},\"image\":{\"@id\":\"https:\/\/pagina10.com\/web\/moe-presento-balance-de-primer-periodo-legislativo\/#primaryimage\"},\"thumbnailUrl\":\"https:\/\/pagina10.com\/web\/wp-content\/uploads\/2023\/01\/5d337e9e39603.jpeg\",\"datePublished\":\"2023-01-03T14:02:39+00:00\",\"breadcrumb\":{\"@id\":\"https:\/\/pagina10.com\/web\/moe-presento-balance-de-primer-periodo-legislativo\/#breadcrumb\"},\"inLanguage\":\"es\",\"potentialAction\":[{\"@type\":\"ReadAction\",\"target\":[\"https:\/\/pagina10.com\/web\/moe-presento-balance-de-primer-periodo-legislativo\/\"]}]},{\"@type\":\"ImageObject\",\"inLanguage\":\"es\",\"@id\":\"https:\/\/pagina10.com\/web\/moe-presento-balance-de-primer-periodo-legislativo\/#primaryimage\",\"url\":\"https:\/\/pagina10.com\/web\/wp-content\/uploads\/2023\/01\/5d337e9e39603.jpeg\",\"contentUrl\":\"https:\/\/pagina10.com\/web\/wp-content\/uploads\/2023\/01\/5d337e9e39603.jpeg\",\"width\":950,\"height\":534,\"caption\":\"Foto: El Tiempo\"},{\"@type\":\"BreadcrumbList\",\"@id\":\"https:\/\/pagina10.com\/web\/moe-presento-balance-de-primer-periodo-legislativo\/#breadcrumb\",\"itemListElement\":[{\"@type\":\"ListItem\",\"position\":1,\"name\":\"Portada\",\"item\":\"https:\/\/pagina10.com\/web\/\"},{\"@type\":\"ListItem\",\"position\":2,\"name\":\"MOE present\u00f3 balance de primer periodo legislativo\"}]},{\"@type\":\"WebSite\",\"@id\":\"https:\/\/pagina10.com\/web\/#website\",\"url\":\"https:\/\/pagina10.com\/web\/\",\"name\":\"P\u00e1gina10\",\"description\":\"Peri\u00f3dico Regional\",\"publisher\":{\"@id\":\"https:\/\/pagina10.com\/web\/#organization\"},\"alternateName\":\"P\u00e1gina10 Peri\u00f3dico Regional\",\"potentialAction\":[{\"@type\":\"SearchAction\",\"target\":{\"@type\":\"EntryPoint\",\"urlTemplate\":\"https:\/\/pagina10.com\/web\/?s={search_term_string}\"},\"query-input\":{\"@type\":\"PropertyValueSpecification\",\"valueRequired\":true,\"valueName\":\"search_term_string\"}}],\"inLanguage\":\"es\"},{\"@type\":\"Organization\",\"@id\":\"https:\/\/pagina10.com\/web\/#organization\",\"name\":\"P\u00e1gina10\",\"alternateName\":\"P\u00e1gina10 Peri\u00f3dico Regional\",\"url\":\"https:\/\/pagina10.com\/web\/\",\"logo\":{\"@type\":\"ImageObject\",\"inLanguage\":\"es\",\"@id\":\"https:\/\/pagina10.com\/web\/#\/schema\/logo\/image\/\",\"url\":\"https:\/\/pagina10.com\/web\/wp-content\/uploads\/2024\/01\/40-pagina-10-periodico-regional-pasto.jpg\",\"contentUrl\":\"https:\/\/pagina10.com\/web\/wp-content\/uploads\/2024\/01\/40-pagina-10-periodico-regional-pasto.jpg\",\"width\":1280,\"height\":720,\"caption\":\"P\u00e1gina10\"},\"image\":{\"@id\":\"https:\/\/pagina10.com\/web\/#\/schema\/logo\/image\/\"},\"sameAs\":[\"https:\/\/www.facebook.com\/pag10com\",\"https:\/\/x.com\/Pag10com\",\"https:\/\/www.instagram.com\/pagina10col\/\",\"https:\/\/youtube.com\/channel\/pag10\",\"https:\/\/www.tiktok.com\/@p10col\"]},{\"@type\":\"Person\",\"@id\":\"https:\/\/pagina10.com\/web\/#\/schema\/person\/2efc4a090d25b667d3bc796798a3a81b\",\"name\":\"P\u00e1gina 10\",\"description\":\"P\u00e1gina 10 es un peri\u00f3dico regional que nace en Colombia, en el departamento de Nari\u00f1o, con un enfoque global, fundamentado en cuatro pilares esenciales: la libertad, el pluralismo, la inclusi\u00f3n y la independencia. P\u00e1gina 10 hace referencia a Nari\u00f1o como el d\u00e9cimo departamento creado en Colombia, despu\u00e9s de un proceso pol\u00edtico liderado por actores y actrices regionales con el fin de obtener la independencia y autonom\u00eda de nuestros territorios. Con la creaci\u00f3n de P\u00e1gina 10 se pretende abrir un escenario para el dialogo, la reflexi\u00f3n y el debate que se extienda a otras geograf\u00edas de Am\u00e9rica Latina y del planeta, en una apuesta por transformar colectivamente los desaf\u00edos de un mundo contempor\u00e1neo, m\u00e1s all\u00e1 de las fronteras impuestas.\",\"url\":\"https:\/\/pagina10.com\/web\/author\/pdiezadmin\/\"}]}<\/script>\n<!-- \/ Yoast SEO plugin. -->","yoast_head_json":{"title":"MOE present\u00f3 balance de primer periodo legislativo | P\u00e1gina10","robots":{"index":"index","follow":"follow","max-snippet":"max-snippet:-1","max-image-preview":"max-image-preview:large","max-video-preview":"max-video-preview:-1"},"canonical":"https:\/\/pagina10.com\/web\/moe-presento-balance-de-primer-periodo-legislativo\/","og_locale":"es_ES","og_type":"article","og_title":"MOE present\u00f3 balance de primer periodo legislativo | P\u00e1gina10","og_description":"Finalizado el primer per\u00edodo de la legislatura 2022 la Misi\u00f3n de Observaci\u00f3n Electoral -MOE present\u00f3 un balance de la conformaci\u00f3n del Congreso de la Rep\u00fablica y de los 78 proyectos normativos relacionados con los temas pol\u00edtico electorales y de transparencia y lucha contra la corrupci\u00f3n, siendo las iniciativas del Gobierno las que marcaron la agenda [&hellip;]","og_url":"https:\/\/pagina10.com\/web\/moe-presento-balance-de-primer-periodo-legislativo\/","og_site_name":"P\u00e1gina10","article_publisher":"https:\/\/www.facebook.com\/pag10com","article_published_time":"2023-01-03T14:02:39+00:00","og_image":[{"width":950,"height":534,"url":"https:\/\/pagina10.com\/web\/wp-content\/uploads\/2023\/01\/5d337e9e39603.jpeg","type":"image\/jpeg"}],"author":"P\u00e1gina 10","twitter_card":"summary_large_image","twitter_creator":"@Pag10com","twitter_site":"@Pag10com","twitter_misc":{"Escrito por":"P\u00e1gina 10","Tiempo de lectura":"2 minutos"},"schema":{"@context":"https:\/\/schema.org","@graph":[{"@type":"Article","@id":"https:\/\/pagina10.com\/web\/moe-presento-balance-de-primer-periodo-legislativo\/#article","isPartOf":{"@id":"https:\/\/pagina10.com\/web\/moe-presento-balance-de-primer-periodo-legislativo\/"},"author":{"name":"P\u00e1gina 10","@id":"https:\/\/pagina10.com\/web\/#\/schema\/person\/2efc4a090d25b667d3bc796798a3a81b"},"headline":"MOE present\u00f3 balance de primer periodo legislativo","datePublished":"2023-01-03T14:02:39+00:00","mainEntityOfPage":{"@id":"https:\/\/pagina10.com\/web\/moe-presento-balance-de-primer-periodo-legislativo\/"},"wordCount":365,"commentCount":0,"publisher":{"@id":"https:\/\/pagina10.com\/web\/#organization"},"image":{"@id":"https:\/\/pagina10.com\/web\/moe-presento-balance-de-primer-periodo-legislativo\/#primaryimage"},"thumbnailUrl":"https:\/\/pagina10.com\/web\/wp-content\/uploads\/2023\/01\/5d337e9e39603.jpeg","articleSection":["Global"],"inLanguage":"es","potentialAction":[{"@type":"CommentAction","name":"Comment","target":["https:\/\/pagina10.com\/web\/moe-presento-balance-de-primer-periodo-legislativo\/#respond"]}]},{"@type":"WebPage","@id":"https:\/\/pagina10.com\/web\/moe-presento-balance-de-primer-periodo-legislativo\/","url":"https:\/\/pagina10.com\/web\/moe-presento-balance-de-primer-periodo-legislativo\/","name":"MOE present\u00f3 balance de primer periodo legislativo | P\u00e1gina10","isPartOf":{"@id":"https:\/\/pagina10.com\/web\/#website"},"primaryImageOfPage":{"@id":"https:\/\/pagina10.com\/web\/moe-presento-balance-de-primer-periodo-legislativo\/#primaryimage"},"image":{"@id":"https:\/\/pagina10.com\/web\/moe-presento-balance-de-primer-periodo-legislativo\/#primaryimage"},"thumbnailUrl":"https:\/\/pagina10.com\/web\/wp-content\/uploads\/2023\/01\/5d337e9e39603.jpeg","datePublished":"2023-01-03T14:02:39+00:00","breadcrumb":{"@id":"https:\/\/pagina10.com\/web\/moe-presento-balance-de-primer-periodo-legislativo\/#breadcrumb"},"inLanguage":"es","potentialAction":[{"@type":"ReadAction","target":["https:\/\/pagina10.com\/web\/moe-presento-balance-de-primer-periodo-legislativo\/"]}]},{"@type":"ImageObject","inLanguage":"es","@id":"https:\/\/pagina10.com\/web\/moe-presento-balance-de-primer-periodo-legislativo\/#primaryimage","url":"https:\/\/pagina10.com\/web\/wp-content\/uploads\/2023\/01\/5d337e9e39603.jpeg","contentUrl":"https:\/\/pagina10.com\/web\/wp-content\/uploads\/2023\/01\/5d337e9e39603.jpeg","width":950,"height":534,"caption":"Foto: El Tiempo"},{"@type":"BreadcrumbList","@id":"https:\/\/pagina10.com\/web\/moe-presento-balance-de-primer-periodo-legislativo\/#breadcrumb","itemListElement":[{"@type":"ListItem","position":1,"name":"Portada","item":"https:\/\/pagina10.com\/web\/"},{"@type":"ListItem","position":2,"name":"MOE present\u00f3 balance de primer periodo legislativo"}]},{"@type":"WebSite","@id":"https:\/\/pagina10.com\/web\/#website","url":"https:\/\/pagina10.com\/web\/","name":"P\u00e1gina10","description":"Peri\u00f3dico Regional","publisher":{"@id":"https:\/\/pagina10.com\/web\/#organization"},"alternateName":"P\u00e1gina10 Peri\u00f3dico Regional","potentialAction":[{"@type":"SearchAction","target":{"@type":"EntryPoint","urlTemplate":"https:\/\/pagina10.com\/web\/?s={search_term_string}"},"query-input":{"@type":"PropertyValueSpecification","valueRequired":true,"valueName":"search_term_string"}}],"inLanguage":"es"},{"@type":"Organization","@id":"https:\/\/pagina10.com\/web\/#organization","name":"P\u00e1gina10","alternateName":"P\u00e1gina10 Peri\u00f3dico Regional","url":"https:\/\/pagina10.com\/web\/","logo":{"@type":"ImageObject","inLanguage":"es","@id":"https:\/\/pagina10.com\/web\/#\/schema\/logo\/image\/","url":"https:\/\/pagina10.com\/web\/wp-content\/uploads\/2024\/01\/40-pagina-10-periodico-regional-pasto.jpg","contentUrl":"https:\/\/pagina10.com\/web\/wp-content\/uploads\/2024\/01\/40-pagina-10-periodico-regional-pasto.jpg","width":1280,"height":720,"caption":"P\u00e1gina10"},"image":{"@id":"https:\/\/pagina10.com\/web\/#\/schema\/logo\/image\/"},"sameAs":["https:\/\/www.facebook.com\/pag10com","https:\/\/x.com\/Pag10com","https:\/\/www.instagram.com\/pagina10col\/","https:\/\/youtube.com\/channel\/pag10","https:\/\/www.tiktok.com\/@p10col"]},{"@type":"Person","@id":"https:\/\/pagina10.com\/web\/#\/schema\/person\/2efc4a090d25b667d3bc796798a3a81b","name":"P\u00e1gina 10","description":"P\u00e1gina 10 es un peri\u00f3dico regional que nace en Colombia, en el departamento de Nari\u00f1o, con un enfoque global, fundamentado en cuatro pilares esenciales: la libertad, el pluralismo, la inclusi\u00f3n y la independencia. P\u00e1gina 10 hace referencia a Nari\u00f1o como el d\u00e9cimo departamento creado en Colombia, despu\u00e9s de un proceso pol\u00edtico liderado por actores y actrices regionales con el fin de obtener la independencia y autonom\u00eda de nuestros territorios. Con la creaci\u00f3n de P\u00e1gina 10 se pretende abrir un escenario para el dialogo, la reflexi\u00f3n y el debate que se extienda a otras geograf\u00edas de Am\u00e9rica Latina y del planeta, en una apuesta por transformar colectivamente los desaf\u00edos de un mundo contempor\u00e1neo, m\u00e1s all\u00e1 de las fronteras impuestas.","url":"https:\/\/pagina10.com\/web\/author\/pdiezadmin\/"}]}},"_links":{"self":[{"href":"https:\/\/pagina10.com\/web\/wp-json\/wp\/v2\/posts\/63838","targetHints":{"allow":["GET"]}}],"collection":[{"href":"https:\/\/pagina10.com\/web\/wp-json\/wp\/v2\/posts"}],"about":[{"href":"https:\/\/pagina10.com\/web\/wp-json\/wp\/v2\/types\/post"}],"author":[{"embeddable":true,"href":"https:\/\/pagina10.com\/web\/wp-json\/wp\/v2\/users\/1"}],"replies":[{"embeddable":true,"href":"https:\/\/pagina10.com\/web\/wp-json\/wp\/v2\/comments?post=63838"}],"version-history":[{"count":1,"href":"https:\/\/pagina10.com\/web\/wp-json\/wp\/v2\/posts\/63838\/revisions"}],"predecessor-version":[{"id":63840,"href":"https:\/\/pagina10.com\/web\/wp-json\/wp\/v2\/posts\/63838\/revisions\/63840"}],"wp:featuredmedia":[{"embeddable":true,"href":"https:\/\/pagina10.com\/web\/wp-json\/wp\/v2\/media\/63839"}],"wp:attachment":[{"href":"https:\/\/pagina10.com\/web\/wp-json\/wp\/v2\/media?parent=63838"}],"wp:term":[{"taxonomy":"category","embeddable":true,"href":"https:\/\/pagina10.com\/web\/wp-json\/wp\/v2\/categories?post=63838"},{"taxonomy":"post_tag","embeddable":true,"href":"https:\/\/pagina10.com\/web\/wp-json\/wp\/v2\/tags?post=63838"}],"curies":[{"name":"wp","href":"https:\/\/api.w.org\/{rel}","templated":true}]}}