{"id":63856,"date":"2023-01-03T12:41:07","date_gmt":"2023-01-03T17:41:07","guid":{"rendered":"https:\/\/pagina10.com\/web\/?p=63856"},"modified":"2023-01-03T12:41:07","modified_gmt":"2023-01-03T17:41:07","slug":"renuncio-jefe-de-la-oficina-asesora-de-planeacion-del-instituto-departamental-de-salud-de-narino","status":"publish","type":"post","link":"https:\/\/pagina10.com\/web\/renuncio-jefe-de-la-oficina-asesora-de-planeacion-del-instituto-departamental-de-salud-de-narino\/","title":{"rendered":"Renunci\u00f3 jefe de la Oficina Asesora de Planeaci\u00f3n del Instituto Departamental de Salud de Nari\u00f1o"},"content":{"rendered":"<p style=\"text-align: justify;\">\u201cQuiero manifestar mediante este comunicado mi gran agradecimiento por las relaciones que se presentaron con usted y con todos mis compa\u00f1eros de trabajo, con los que compart\u00ed durante estos \u00faltimos a\u00f1os y de quienes aprend\u00ed tanto, con quienes conviv\u00ed durante este grato tiempo. No me queda m\u00e1s sino desearle los mejores deseos y \u00e9xitos en sus vidas personales y profesionales\u201d.<\/p>\n<p style=\"text-align: justify;\">Con estas palabras el administrador financiero y contador p\u00fablico, Omar Geovanny Moreno Jaramillo, renunci\u00f3 a su cargo como jefe de la Oficina Asesora de Planeaci\u00f3n del Instituto Departamental de Salud de Nari\u00f1o, donde permaneci\u00f3 por varios a\u00f1os.<\/p>\n<p style=\"text-align: justify;\">En sus 40 a\u00f1os de trabajo, se ha desempe\u00f1ado como docente en el Sena y las universidades Mariana, Cooperativa, Cesmag y San Mart\u00edn. As\u00ed mismo, ocup\u00f3 cargos en la Camara de Comercio de Pasto, Adiconar, Empresa Licorera de Nari\u00f1o, Corponari\u00f1o y la Contralor\u00eda General de la Rep\u00fablica. As\u00ed mismo, fue alcalde de Pupiales entre 1998 y el 2000.<\/p>\n<p style=\"text-align: justify;\">Entre sus reconocimientos se destacan: \u2018Gaviota al Trabajo 2014\u2019 otorgado por la Contralor\u00eda General de la Republica por el cumplimiento de metas y resultados en la direcci\u00f3n de la contralora Sandra Borelli. Se otorg\u00f3 a 12 departamentos, entre ellos Putumayo.<\/p>\n<p style=\"text-align: justify;\">Una beca para participar como alcalde en el VIII encuentro de autoridades municipales en el marco del programa de cooperaci\u00f3n para el desarrollo local con Iberoam\u00e9rica de la Uni\u00f3n Iberoamericana de Municipalistas en Granada Espa\u00f1a, en mayo de 1999.<\/p>\n<p style=\"text-align: justify;\">Y un reconocimiento de las directivas de Colacteos por la gesti\u00f3n para construcci\u00f3n de la planta de acopio y producci\u00f3n en Pupiales en 1998. Cooperativa en la cual fue asociado y miembro de la junta directiva periodo 2001-2002.<\/p>\n","protected":false},"excerpt":{"rendered":"<p>\u201cQuiero manifestar mediante este comunicado mi gran agradecimiento por las relaciones que se presentaron con usted y con todos mis compa\u00f1eros de trabajo, con los que compart\u00ed durante estos \u00faltimos a\u00f1os y de quienes aprend\u00ed tanto, con quienes conviv\u00ed durante este grato tiempo. No me queda m\u00e1s sino desearle los mejores deseos y \u00e9xitos en [&hellip;]<\/p>\n","protected":false},"author":1,"featured_media":63857,"comment_status":"open","ping_status":"open","sticky":false,"template":"","format":"standard","meta":{"footnotes":""},"categories":[84],"tags":[],"class_list":["post-63856","post","type-post","status-publish","format-standard","has-post-thumbnail","hentry","category-global-2"],"yoast_head":"<!-- This site is optimized with the Yoast SEO plugin v27.1.1 - https:\/\/yoast.com\/product\/yoast-seo-wordpress\/ -->\n<title>Renunci\u00f3 jefe de la Oficina Asesora de Planeaci\u00f3n del Instituto Departamental de Salud de Nari\u00f1o | P\u00e1gina10<\/title>\n<meta name=\"robots\" content=\"index, follow, max-snippet:-1, max-image-preview:large, max-video-preview:-1\" \/>\n<link rel=\"canonical\" href=\"https:\/\/pagina10.com\/web\/renuncio-jefe-de-la-oficina-asesora-de-planeacion-del-instituto-departamental-de-salud-de-narino\/\" \/>\n<meta property=\"og:locale\" content=\"es_ES\" \/>\n<meta property=\"og:type\" content=\"article\" \/>\n<meta property=\"og:title\" content=\"Renunci\u00f3 jefe de la Oficina Asesora de Planeaci\u00f3n del Instituto Departamental de Salud de Nari\u00f1o | P\u00e1gina10\" \/>\n<meta property=\"og:description\" content=\"\u201cQuiero manifestar mediante este comunicado mi gran agradecimiento por las relaciones que se presentaron con usted y con todos mis compa\u00f1eros de trabajo, con los que compart\u00ed durante estos \u00faltimos a\u00f1os y de quienes aprend\u00ed tanto, con quienes conviv\u00ed durante este grato tiempo. No me queda m\u00e1s sino desearle los mejores deseos y \u00e9xitos en [&hellip;]\" \/>\n<meta property=\"og:url\" content=\"https:\/\/pagina10.com\/web\/renuncio-jefe-de-la-oficina-asesora-de-planeacion-del-instituto-departamental-de-salud-de-narino\/\" \/>\n<meta property=\"og:site_name\" content=\"P\u00e1gina10\" \/>\n<meta property=\"article:publisher\" content=\"https:\/\/www.facebook.com\/pag10com\" \/>\n<meta property=\"article:published_time\" content=\"2023-01-03T17:41:07+00:00\" \/>\n<meta property=\"og:image\" content=\"https:\/\/pagina10.com\/web\/wp-content\/uploads\/2023\/01\/323985106_2352262718282543_3021292386477009067_n-01-2.jpg\" \/>\n\t<meta property=\"og:image:width\" content=\"2350\" \/>\n\t<meta property=\"og:image:height\" content=\"1417\" \/>\n\t<meta property=\"og:image:type\" content=\"image\/jpeg\" \/>\n<meta name=\"author\" content=\"P\u00e1gina 10\" \/>\n<meta name=\"twitter:card\" content=\"summary_large_image\" \/>\n<meta name=\"twitter:creator\" content=\"@Pag10com\" \/>\n<meta name=\"twitter:site\" content=\"@Pag10com\" \/>\n<meta name=\"twitter:label1\" content=\"Escrito por\" \/>\n\t<meta name=\"twitter:data1\" content=\"P\u00e1gina 10\" \/>\n\t<meta name=\"twitter:label2\" content=\"Tiempo de lectura\" \/>\n\t<meta name=\"twitter:data2\" content=\"1 minuto\" \/>\n<script type=\"application\/ld+json\" class=\"yoast-schema-graph\">{\"@context\":\"https:\/\/schema.org\",\"@graph\":[{\"@type\":\"Article\",\"@id\":\"https:\/\/pagina10.com\/web\/renuncio-jefe-de-la-oficina-asesora-de-planeacion-del-instituto-departamental-de-salud-de-narino\/#article\",\"isPartOf\":{\"@id\":\"https:\/\/pagina10.com\/web\/renuncio-jefe-de-la-oficina-asesora-de-planeacion-del-instituto-departamental-de-salud-de-narino\/\"},\"author\":{\"name\":\"P\u00e1gina 10\",\"@id\":\"https:\/\/pagina10.com\/web\/#\/schema\/person\/2efc4a090d25b667d3bc796798a3a81b\"},\"headline\":\"Renunci\u00f3 jefe de la Oficina Asesora de Planeaci\u00f3n del Instituto Departamental de Salud de Nari\u00f1o\",\"datePublished\":\"2023-01-03T17:41:07+00:00\",\"mainEntityOfPage\":{\"@id\":\"https:\/\/pagina10.com\/web\/renuncio-jefe-de-la-oficina-asesora-de-planeacion-del-instituto-departamental-de-salud-de-narino\/\"},\"wordCount\":305,\"commentCount\":0,\"publisher\":{\"@id\":\"https:\/\/pagina10.com\/web\/#organization\"},\"image\":{\"@id\":\"https:\/\/pagina10.com\/web\/renuncio-jefe-de-la-oficina-asesora-de-planeacion-del-instituto-departamental-de-salud-de-narino\/#primaryimage\"},\"thumbnailUrl\":\"https:\/\/pagina10.com\/web\/wp-content\/uploads\/2023\/01\/323985106_2352262718282543_3021292386477009067_n-01-2.jpg\",\"articleSection\":[\"Global\"],\"inLanguage\":\"es\",\"potentialAction\":[{\"@type\":\"CommentAction\",\"name\":\"Comment\",\"target\":[\"https:\/\/pagina10.com\/web\/renuncio-jefe-de-la-oficina-asesora-de-planeacion-del-instituto-departamental-de-salud-de-narino\/#respond\"]}]},{\"@type\":\"WebPage\",\"@id\":\"https:\/\/pagina10.com\/web\/renuncio-jefe-de-la-oficina-asesora-de-planeacion-del-instituto-departamental-de-salud-de-narino\/\",\"url\":\"https:\/\/pagina10.com\/web\/renuncio-jefe-de-la-oficina-asesora-de-planeacion-del-instituto-departamental-de-salud-de-narino\/\",\"name\":\"Renunci\u00f3 jefe de la Oficina Asesora de Planeaci\u00f3n del Instituto Departamental de Salud de Nari\u00f1o | P\u00e1gina10\",\"isPartOf\":{\"@id\":\"https:\/\/pagina10.com\/web\/#website\"},\"primaryImageOfPage\":{\"@id\":\"https:\/\/pagina10.com\/web\/renuncio-jefe-de-la-oficina-asesora-de-planeacion-del-instituto-departamental-de-salud-de-narino\/#primaryimage\"},\"image\":{\"@id\":\"https:\/\/pagina10.com\/web\/renuncio-jefe-de-la-oficina-asesora-de-planeacion-del-instituto-departamental-de-salud-de-narino\/#primaryimage\"},\"thumbnailUrl\":\"https:\/\/pagina10.com\/web\/wp-content\/uploads\/2023\/01\/323985106_2352262718282543_3021292386477009067_n-01-2.jpg\",\"datePublished\":\"2023-01-03T17:41:07+00:00\",\"breadcrumb\":{\"@id\":\"https:\/\/pagina10.com\/web\/renuncio-jefe-de-la-oficina-asesora-de-planeacion-del-instituto-departamental-de-salud-de-narino\/#breadcrumb\"},\"inLanguage\":\"es\",\"potentialAction\":[{\"@type\":\"ReadAction\",\"target\":[\"https:\/\/pagina10.com\/web\/renuncio-jefe-de-la-oficina-asesora-de-planeacion-del-instituto-departamental-de-salud-de-narino\/\"]}]},{\"@type\":\"ImageObject\",\"inLanguage\":\"es\",\"@id\":\"https:\/\/pagina10.com\/web\/renuncio-jefe-de-la-oficina-asesora-de-planeacion-del-instituto-departamental-de-salud-de-narino\/#primaryimage\",\"url\":\"https:\/\/pagina10.com\/web\/wp-content\/uploads\/2023\/01\/323985106_2352262718282543_3021292386477009067_n-01-2.jpg\",\"contentUrl\":\"https:\/\/pagina10.com\/web\/wp-content\/uploads\/2023\/01\/323985106_2352262718282543_3021292386477009067_n-01-2.jpg\",\"width\":2350,\"height\":1417},{\"@type\":\"BreadcrumbList\",\"@id\":\"https:\/\/pagina10.com\/web\/renuncio-jefe-de-la-oficina-asesora-de-planeacion-del-instituto-departamental-de-salud-de-narino\/#breadcrumb\",\"itemListElement\":[{\"@type\":\"ListItem\",\"position\":1,\"name\":\"Portada\",\"item\":\"https:\/\/pagina10.com\/web\/\"},{\"@type\":\"ListItem\",\"position\":2,\"name\":\"Renunci\u00f3 jefe de la Oficina Asesora de Planeaci\u00f3n del Instituto Departamental de Salud de Nari\u00f1o\"}]},{\"@type\":\"WebSite\",\"@id\":\"https:\/\/pagina10.com\/web\/#website\",\"url\":\"https:\/\/pagina10.com\/web\/\",\"name\":\"P\u00e1gina10\",\"description\":\"Peri\u00f3dico Regional\",\"publisher\":{\"@id\":\"https:\/\/pagina10.com\/web\/#organization\"},\"alternateName\":\"P\u00e1gina10 Peri\u00f3dico Regional\",\"potentialAction\":[{\"@type\":\"SearchAction\",\"target\":{\"@type\":\"EntryPoint\",\"urlTemplate\":\"https:\/\/pagina10.com\/web\/?s={search_term_string}\"},\"query-input\":{\"@type\":\"PropertyValueSpecification\",\"valueRequired\":true,\"valueName\":\"search_term_string\"}}],\"inLanguage\":\"es\"},{\"@type\":\"Organization\",\"@id\":\"https:\/\/pagina10.com\/web\/#organization\",\"name\":\"P\u00e1gina10\",\"alternateName\":\"P\u00e1gina10 Peri\u00f3dico Regional\",\"url\":\"https:\/\/pagina10.com\/web\/\",\"logo\":{\"@type\":\"ImageObject\",\"inLanguage\":\"es\",\"@id\":\"https:\/\/pagina10.com\/web\/#\/schema\/logo\/image\/\",\"url\":\"https:\/\/pagina10.com\/web\/wp-content\/uploads\/2024\/01\/40-pagina-10-periodico-regional-pasto.jpg\",\"contentUrl\":\"https:\/\/pagina10.com\/web\/wp-content\/uploads\/2024\/01\/40-pagina-10-periodico-regional-pasto.jpg\",\"width\":1280,\"height\":720,\"caption\":\"P\u00e1gina10\"},\"image\":{\"@id\":\"https:\/\/pagina10.com\/web\/#\/schema\/logo\/image\/\"},\"sameAs\":[\"https:\/\/www.facebook.com\/pag10com\",\"https:\/\/x.com\/Pag10com\",\"https:\/\/www.instagram.com\/pagina10col\/\",\"https:\/\/youtube.com\/channel\/pag10\",\"https:\/\/www.tiktok.com\/@p10col\"]},{\"@type\":\"Person\",\"@id\":\"https:\/\/pagina10.com\/web\/#\/schema\/person\/2efc4a090d25b667d3bc796798a3a81b\",\"name\":\"P\u00e1gina 10\",\"description\":\"P\u00e1gina 10 es un peri\u00f3dico regional que nace en Colombia, en el departamento de Nari\u00f1o, con un enfoque global, fundamentado en cuatro pilares esenciales: la libertad, el pluralismo, la inclusi\u00f3n y la independencia. P\u00e1gina 10 hace referencia a Nari\u00f1o como el d\u00e9cimo departamento creado en Colombia, despu\u00e9s de un proceso pol\u00edtico liderado por actores y actrices regionales con el fin de obtener la independencia y autonom\u00eda de nuestros territorios. Con la creaci\u00f3n de P\u00e1gina 10 se pretende abrir un escenario para el dialogo, la reflexi\u00f3n y el debate que se extienda a otras geograf\u00edas de Am\u00e9rica Latina y del planeta, en una apuesta por transformar colectivamente los desaf\u00edos de un mundo contempor\u00e1neo, m\u00e1s all\u00e1 de las fronteras impuestas.\",\"url\":\"https:\/\/pagina10.com\/web\/author\/pdiezadmin\/\"}]}<\/script>\n<!-- \/ Yoast SEO plugin. -->","yoast_head_json":{"title":"Renunci\u00f3 jefe de la Oficina Asesora de Planeaci\u00f3n del Instituto Departamental de Salud de Nari\u00f1o | P\u00e1gina10","robots":{"index":"index","follow":"follow","max-snippet":"max-snippet:-1","max-image-preview":"max-image-preview:large","max-video-preview":"max-video-preview:-1"},"canonical":"https:\/\/pagina10.com\/web\/renuncio-jefe-de-la-oficina-asesora-de-planeacion-del-instituto-departamental-de-salud-de-narino\/","og_locale":"es_ES","og_type":"article","og_title":"Renunci\u00f3 jefe de la Oficina Asesora de Planeaci\u00f3n del Instituto Departamental de Salud de Nari\u00f1o | P\u00e1gina10","og_description":"\u201cQuiero manifestar mediante este comunicado mi gran agradecimiento por las relaciones que se presentaron con usted y con todos mis compa\u00f1eros de trabajo, con los que compart\u00ed durante estos \u00faltimos a\u00f1os y de quienes aprend\u00ed tanto, con quienes conviv\u00ed durante este grato tiempo. No me queda m\u00e1s sino desearle los mejores deseos y \u00e9xitos en [&hellip;]","og_url":"https:\/\/pagina10.com\/web\/renuncio-jefe-de-la-oficina-asesora-de-planeacion-del-instituto-departamental-de-salud-de-narino\/","og_site_name":"P\u00e1gina10","article_publisher":"https:\/\/www.facebook.com\/pag10com","article_published_time":"2023-01-03T17:41:07+00:00","og_image":[{"width":2350,"height":1417,"url":"https:\/\/pagina10.com\/web\/wp-content\/uploads\/2023\/01\/323985106_2352262718282543_3021292386477009067_n-01-2.jpg","type":"image\/jpeg"}],"author":"P\u00e1gina 10","twitter_card":"summary_large_image","twitter_creator":"@Pag10com","twitter_site":"@Pag10com","twitter_misc":{"Escrito por":"P\u00e1gina 10","Tiempo de lectura":"1 minuto"},"schema":{"@context":"https:\/\/schema.org","@graph":[{"@type":"Article","@id":"https:\/\/pagina10.com\/web\/renuncio-jefe-de-la-oficina-asesora-de-planeacion-del-instituto-departamental-de-salud-de-narino\/#article","isPartOf":{"@id":"https:\/\/pagina10.com\/web\/renuncio-jefe-de-la-oficina-asesora-de-planeacion-del-instituto-departamental-de-salud-de-narino\/"},"author":{"name":"P\u00e1gina 10","@id":"https:\/\/pagina10.com\/web\/#\/schema\/person\/2efc4a090d25b667d3bc796798a3a81b"},"headline":"Renunci\u00f3 jefe de la Oficina Asesora de Planeaci\u00f3n del Instituto Departamental de Salud de Nari\u00f1o","datePublished":"2023-01-03T17:41:07+00:00","mainEntityOfPage":{"@id":"https:\/\/pagina10.com\/web\/renuncio-jefe-de-la-oficina-asesora-de-planeacion-del-instituto-departamental-de-salud-de-narino\/"},"wordCount":305,"commentCount":0,"publisher":{"@id":"https:\/\/pagina10.com\/web\/#organization"},"image":{"@id":"https:\/\/pagina10.com\/web\/renuncio-jefe-de-la-oficina-asesora-de-planeacion-del-instituto-departamental-de-salud-de-narino\/#primaryimage"},"thumbnailUrl":"https:\/\/pagina10.com\/web\/wp-content\/uploads\/2023\/01\/323985106_2352262718282543_3021292386477009067_n-01-2.jpg","articleSection":["Global"],"inLanguage":"es","potentialAction":[{"@type":"CommentAction","name":"Comment","target":["https:\/\/pagina10.com\/web\/renuncio-jefe-de-la-oficina-asesora-de-planeacion-del-instituto-departamental-de-salud-de-narino\/#respond"]}]},{"@type":"WebPage","@id":"https:\/\/pagina10.com\/web\/renuncio-jefe-de-la-oficina-asesora-de-planeacion-del-instituto-departamental-de-salud-de-narino\/","url":"https:\/\/pagina10.com\/web\/renuncio-jefe-de-la-oficina-asesora-de-planeacion-del-instituto-departamental-de-salud-de-narino\/","name":"Renunci\u00f3 jefe de la Oficina Asesora de Planeaci\u00f3n del Instituto Departamental de Salud de Nari\u00f1o | P\u00e1gina10","isPartOf":{"@id":"https:\/\/pagina10.com\/web\/#website"},"primaryImageOfPage":{"@id":"https:\/\/pagina10.com\/web\/renuncio-jefe-de-la-oficina-asesora-de-planeacion-del-instituto-departamental-de-salud-de-narino\/#primaryimage"},"image":{"@id":"https:\/\/pagina10.com\/web\/renuncio-jefe-de-la-oficina-asesora-de-planeacion-del-instituto-departamental-de-salud-de-narino\/#primaryimage"},"thumbnailUrl":"https:\/\/pagina10.com\/web\/wp-content\/uploads\/2023\/01\/323985106_2352262718282543_3021292386477009067_n-01-2.jpg","datePublished":"2023-01-03T17:41:07+00:00","breadcrumb":{"@id":"https:\/\/pagina10.com\/web\/renuncio-jefe-de-la-oficina-asesora-de-planeacion-del-instituto-departamental-de-salud-de-narino\/#breadcrumb"},"inLanguage":"es","potentialAction":[{"@type":"ReadAction","target":["https:\/\/pagina10.com\/web\/renuncio-jefe-de-la-oficina-asesora-de-planeacion-del-instituto-departamental-de-salud-de-narino\/"]}]},{"@type":"ImageObject","inLanguage":"es","@id":"https:\/\/pagina10.com\/web\/renuncio-jefe-de-la-oficina-asesora-de-planeacion-del-instituto-departamental-de-salud-de-narino\/#primaryimage","url":"https:\/\/pagina10.com\/web\/wp-content\/uploads\/2023\/01\/323985106_2352262718282543_3021292386477009067_n-01-2.jpg","contentUrl":"https:\/\/pagina10.com\/web\/wp-content\/uploads\/2023\/01\/323985106_2352262718282543_3021292386477009067_n-01-2.jpg","width":2350,"height":1417},{"@type":"BreadcrumbList","@id":"https:\/\/pagina10.com\/web\/renuncio-jefe-de-la-oficina-asesora-de-planeacion-del-instituto-departamental-de-salud-de-narino\/#breadcrumb","itemListElement":[{"@type":"ListItem","position":1,"name":"Portada","item":"https:\/\/pagina10.com\/web\/"},{"@type":"ListItem","position":2,"name":"Renunci\u00f3 jefe de la Oficina Asesora de Planeaci\u00f3n del Instituto Departamental de Salud de Nari\u00f1o"}]},{"@type":"WebSite","@id":"https:\/\/pagina10.com\/web\/#website","url":"https:\/\/pagina10.com\/web\/","name":"P\u00e1gina10","description":"Peri\u00f3dico Regional","publisher":{"@id":"https:\/\/pagina10.com\/web\/#organization"},"alternateName":"P\u00e1gina10 Peri\u00f3dico Regional","potentialAction":[{"@type":"SearchAction","target":{"@type":"EntryPoint","urlTemplate":"https:\/\/pagina10.com\/web\/?s={search_term_string}"},"query-input":{"@type":"PropertyValueSpecification","valueRequired":true,"valueName":"search_term_string"}}],"inLanguage":"es"},{"@type":"Organization","@id":"https:\/\/pagina10.com\/web\/#organization","name":"P\u00e1gina10","alternateName":"P\u00e1gina10 Peri\u00f3dico Regional","url":"https:\/\/pagina10.com\/web\/","logo":{"@type":"ImageObject","inLanguage":"es","@id":"https:\/\/pagina10.com\/web\/#\/schema\/logo\/image\/","url":"https:\/\/pagina10.com\/web\/wp-content\/uploads\/2024\/01\/40-pagina-10-periodico-regional-pasto.jpg","contentUrl":"https:\/\/pagina10.com\/web\/wp-content\/uploads\/2024\/01\/40-pagina-10-periodico-regional-pasto.jpg","width":1280,"height":720,"caption":"P\u00e1gina10"},"image":{"@id":"https:\/\/pagina10.com\/web\/#\/schema\/logo\/image\/"},"sameAs":["https:\/\/www.facebook.com\/pag10com","https:\/\/x.com\/Pag10com","https:\/\/www.instagram.com\/pagina10col\/","https:\/\/youtube.com\/channel\/pag10","https:\/\/www.tiktok.com\/@p10col"]},{"@type":"Person","@id":"https:\/\/pagina10.com\/web\/#\/schema\/person\/2efc4a090d25b667d3bc796798a3a81b","name":"P\u00e1gina 10","description":"P\u00e1gina 10 es un peri\u00f3dico regional que nace en Colombia, en el departamento de Nari\u00f1o, con un enfoque global, fundamentado en cuatro pilares esenciales: la libertad, el pluralismo, la inclusi\u00f3n y la independencia. P\u00e1gina 10 hace referencia a Nari\u00f1o como el d\u00e9cimo departamento creado en Colombia, despu\u00e9s de un proceso pol\u00edtico liderado por actores y actrices regionales con el fin de obtener la independencia y autonom\u00eda de nuestros territorios. Con la creaci\u00f3n de P\u00e1gina 10 se pretende abrir un escenario para el dialogo, la reflexi\u00f3n y el debate que se extienda a otras geograf\u00edas de Am\u00e9rica Latina y del planeta, en una apuesta por transformar colectivamente los desaf\u00edos de un mundo contempor\u00e1neo, m\u00e1s all\u00e1 de las fronteras impuestas.","url":"https:\/\/pagina10.com\/web\/author\/pdiezadmin\/"}]}},"_links":{"self":[{"href":"https:\/\/pagina10.com\/web\/wp-json\/wp\/v2\/posts\/63856","targetHints":{"allow":["GET"]}}],"collection":[{"href":"https:\/\/pagina10.com\/web\/wp-json\/wp\/v2\/posts"}],"about":[{"href":"https:\/\/pagina10.com\/web\/wp-json\/wp\/v2\/types\/post"}],"author":[{"embeddable":true,"href":"https:\/\/pagina10.com\/web\/wp-json\/wp\/v2\/users\/1"}],"replies":[{"embeddable":true,"href":"https:\/\/pagina10.com\/web\/wp-json\/wp\/v2\/comments?post=63856"}],"version-history":[{"count":1,"href":"https:\/\/pagina10.com\/web\/wp-json\/wp\/v2\/posts\/63856\/revisions"}],"predecessor-version":[{"id":63858,"href":"https:\/\/pagina10.com\/web\/wp-json\/wp\/v2\/posts\/63856\/revisions\/63858"}],"wp:featuredmedia":[{"embeddable":true,"href":"https:\/\/pagina10.com\/web\/wp-json\/wp\/v2\/media\/63857"}],"wp:attachment":[{"href":"https:\/\/pagina10.com\/web\/wp-json\/wp\/v2\/media?parent=63856"}],"wp:term":[{"taxonomy":"category","embeddable":true,"href":"https:\/\/pagina10.com\/web\/wp-json\/wp\/v2\/categories?post=63856"},{"taxonomy":"post_tag","embeddable":true,"href":"https:\/\/pagina10.com\/web\/wp-json\/wp\/v2\/tags?post=63856"}],"curies":[{"name":"wp","href":"https:\/\/api.w.org\/{rel}","templated":true}]}}