{"id":63879,"date":"2023-01-04T20:02:43","date_gmt":"2023-01-05T01:02:43","guid":{"rendered":"https:\/\/pagina10.com\/web\/?p=63879"},"modified":"2023-01-04T20:02:43","modified_gmt":"2023-01-05T01:02:43","slug":"en-pasto-se-reportan-tres-nuevos-casos-de-lesionados-por-uso-prohibido-de-polvora","status":"publish","type":"post","link":"https:\/\/pagina10.com\/web\/en-pasto-se-reportan-tres-nuevos-casos-de-lesionados-por-uso-prohibido-de-polvora\/","title":{"rendered":"En Pasto, se reportan tres nuevos casos de lesionados por uso prohibido de p\u00f3lvora"},"content":{"rendered":"<p style=\"text-align: justify;\">La Alcald\u00eda de Pasto, a trav\u00e9s del Sistema de Vigilancia Epidemiol\u00f3gica en Salud P\u00fablica de la Secretar\u00eda de Salud, informa a la ciudadan\u00eda de tres nuevos casos de lesionados por uso prohibido de p\u00f3lvora.<\/p>\n<p style=\"text-align: justify;\">Con corte a las 12:00 m. del 4 de enero, el reporte oficial se\u00f1ala que los afectados son hombres, en el rango de edades de: de 20-29 a\u00f1os, 1 caso y de 40-49 a\u00f1os: 2 casos, dos de ellos se encontraban en estado de alicoramiento.<\/p>\n<p style=\"text-align: justify;\">Los tres afectados manipulaban \u201cpapa explosiva\u201d, lo que les ocasion\u00f3 quemaduras de segundo grado. Los hechos se registraron en la comuna 3, en los barrios La Esmeralda y Arnulfo Guerrero. Dos de las personas lesionadas se encuentran afiliadas al r\u00e9gimen contributivo con la EPS Sanitas y Nueva EPS, y la tercera, al r\u00e9gimen subsidiado con la EPS Emssanar.<\/p>\n<p style=\"text-align: justify;\">Actualmente, el municipio suma 69 casos de lesionados, en comparaci\u00f3n con el mismo periodo del a\u00f1o pasado, cuando se registraban 70, lo que equivale a una disminuci\u00f3n de 1 caso.<\/p>\n<p style=\"text-align: justify;\">La manipulaci\u00f3n de p\u00f3lvora es la causa principal de lesiones con 52 casos, que equivalen al 75%, seguida de los observadores de pirotecnia con 16 casos, que corresponde al 23%, y los transe\u00fantes con un 2% del total de afectados.<\/p>\n<p style=\"text-align: justify;\">La Administraci\u00f3n Municipal reitera a la comunidad que las quemaduras por p\u00f3lvora afectan la vida, la salud, la integridad f\u00edsica y emocional, adem\u00e1s de que ocasionan un impacto social, ambiental y econ\u00f3mico.<\/p>\n<p style=\"text-align: justify;\">De acuerdo con el bolet\u00edn epidemiol\u00f3gico de la Secretar\u00eda de Salud, las personas que han resultado lesionadas con p\u00f3lvora est\u00e1n en los siguientes rangos de edad:<\/p>\n<p style=\"text-align: justify;\">\u2022 0-9 a\u00f1os: 1 caso.<br \/>\n\u2022 10-19 a\u00f1os: 11 casos.<br \/>\n\u2022 20-29 a\u00f1os: 27 casos.<br \/>\n\u2022 30-39 a\u00f1os: 18 casos.<br \/>\n\u2022 40-49 a\u00f1os: 8 casos.<br \/>\n\u2022 50-59 a\u00f1os: 2 casos.<br \/>\n\u2022 60-69 a\u00f1os: 1 caso.<br \/>\n\u2022 70-79 a\u00f1os: 1 caso.<\/p>\n<p style=\"text-align: justify;\">En conclusi\u00f3n, son los j\u00f3venes y adultos los m\u00e1s afectados por la mala pr\u00e1ctica de celebrar el fin e inicio de a\u00f1o con la quema de p\u00f3lvora.<\/p>\n","protected":false},"excerpt":{"rendered":"<p>La Alcald\u00eda de Pasto, a trav\u00e9s del Sistema de Vigilancia Epidemiol\u00f3gica en Salud P\u00fablica de la Secretar\u00eda de Salud, informa a la ciudadan\u00eda de tres nuevos casos de lesionados por uso prohibido de p\u00f3lvora. Con corte a las 12:00 m. del 4 de enero, el reporte oficial se\u00f1ala que los afectados son hombres, en el [&hellip;]<\/p>\n","protected":false},"author":1,"featured_media":28117,"comment_status":"open","ping_status":"open","sticky":false,"template":"","format":"standard","meta":{"footnotes":""},"categories":[82],"tags":[],"class_list":["post-63879","post","type-post","status-publish","format-standard","has-post-thumbnail","hentry","category-ciudad-2"],"yoast_head":"<!-- This site is optimized with the Yoast SEO plugin v27.1.1 - https:\/\/yoast.com\/product\/yoast-seo-wordpress\/ -->\n<title>En Pasto, se reportan tres nuevos casos de lesionados por uso prohibido de p\u00f3lvora | P\u00e1gina10<\/title>\n<meta name=\"robots\" content=\"index, follow, max-snippet:-1, max-image-preview:large, max-video-preview:-1\" \/>\n<link rel=\"canonical\" href=\"https:\/\/pagina10.com\/web\/en-pasto-se-reportan-tres-nuevos-casos-de-lesionados-por-uso-prohibido-de-polvora\/\" \/>\n<meta property=\"og:locale\" content=\"es_ES\" \/>\n<meta property=\"og:type\" content=\"article\" \/>\n<meta property=\"og:title\" content=\"En Pasto, se reportan tres nuevos casos de lesionados por uso prohibido de p\u00f3lvora | P\u00e1gina10\" \/>\n<meta property=\"og:description\" content=\"La Alcald\u00eda de Pasto, a trav\u00e9s del Sistema de Vigilancia Epidemiol\u00f3gica en Salud P\u00fablica de la Secretar\u00eda de Salud, informa a la ciudadan\u00eda de tres nuevos casos de lesionados por uso prohibido de p\u00f3lvora. Con corte a las 12:00 m. del 4 de enero, el reporte oficial se\u00f1ala que los afectados son hombres, en el [&hellip;]\" \/>\n<meta property=\"og:url\" content=\"https:\/\/pagina10.com\/web\/en-pasto-se-reportan-tres-nuevos-casos-de-lesionados-por-uso-prohibido-de-polvora\/\" \/>\n<meta property=\"og:site_name\" content=\"P\u00e1gina10\" \/>\n<meta property=\"article:publisher\" content=\"https:\/\/www.facebook.com\/pag10com\" \/>\n<meta property=\"article:published_time\" content=\"2023-01-05T01:02:43+00:00\" \/>\n<meta property=\"og:image\" content=\"https:\/\/pagina10.com\/web\/wp-content\/uploads\/2017\/12\/polvora2.png\" \/>\n\t<meta property=\"og:image:width\" content=\"1086\" \/>\n\t<meta property=\"og:image:height\" content=\"598\" \/>\n\t<meta property=\"og:image:type\" content=\"image\/png\" \/>\n<meta name=\"author\" content=\"P\u00e1gina 10\" \/>\n<meta name=\"twitter:card\" content=\"summary_large_image\" \/>\n<meta name=\"twitter:creator\" content=\"@Pag10com\" \/>\n<meta name=\"twitter:site\" content=\"@Pag10com\" \/>\n<meta name=\"twitter:label1\" content=\"Escrito por\" \/>\n\t<meta name=\"twitter:data1\" content=\"P\u00e1gina 10\" \/>\n\t<meta name=\"twitter:label2\" content=\"Tiempo de lectura\" \/>\n\t<meta name=\"twitter:data2\" content=\"2 minutos\" \/>\n<script type=\"application\/ld+json\" class=\"yoast-schema-graph\">{\"@context\":\"https:\/\/schema.org\",\"@graph\":[{\"@type\":\"Article\",\"@id\":\"https:\/\/pagina10.com\/web\/en-pasto-se-reportan-tres-nuevos-casos-de-lesionados-por-uso-prohibido-de-polvora\/#article\",\"isPartOf\":{\"@id\":\"https:\/\/pagina10.com\/web\/en-pasto-se-reportan-tres-nuevos-casos-de-lesionados-por-uso-prohibido-de-polvora\/\"},\"author\":{\"name\":\"P\u00e1gina 10\",\"@id\":\"https:\/\/pagina10.com\/web\/#\/schema\/person\/2efc4a090d25b667d3bc796798a3a81b\"},\"headline\":\"En Pasto, se reportan tres nuevos casos de lesionados por uso prohibido de p\u00f3lvora\",\"datePublished\":\"2023-01-05T01:02:43+00:00\",\"mainEntityOfPage\":{\"@id\":\"https:\/\/pagina10.com\/web\/en-pasto-se-reportan-tres-nuevos-casos-de-lesionados-por-uso-prohibido-de-polvora\/\"},\"wordCount\":360,\"commentCount\":0,\"publisher\":{\"@id\":\"https:\/\/pagina10.com\/web\/#organization\"},\"image\":{\"@id\":\"https:\/\/pagina10.com\/web\/en-pasto-se-reportan-tres-nuevos-casos-de-lesionados-por-uso-prohibido-de-polvora\/#primaryimage\"},\"thumbnailUrl\":\"https:\/\/pagina10.com\/web\/wp-content\/uploads\/2017\/12\/polvora2.png\",\"articleSection\":[\"Ciudad\"],\"inLanguage\":\"es\",\"potentialAction\":[{\"@type\":\"CommentAction\",\"name\":\"Comment\",\"target\":[\"https:\/\/pagina10.com\/web\/en-pasto-se-reportan-tres-nuevos-casos-de-lesionados-por-uso-prohibido-de-polvora\/#respond\"]}]},{\"@type\":\"WebPage\",\"@id\":\"https:\/\/pagina10.com\/web\/en-pasto-se-reportan-tres-nuevos-casos-de-lesionados-por-uso-prohibido-de-polvora\/\",\"url\":\"https:\/\/pagina10.com\/web\/en-pasto-se-reportan-tres-nuevos-casos-de-lesionados-por-uso-prohibido-de-polvora\/\",\"name\":\"En Pasto, se reportan tres nuevos casos de lesionados por uso prohibido de p\u00f3lvora | P\u00e1gina10\",\"isPartOf\":{\"@id\":\"https:\/\/pagina10.com\/web\/#website\"},\"primaryImageOfPage\":{\"@id\":\"https:\/\/pagina10.com\/web\/en-pasto-se-reportan-tres-nuevos-casos-de-lesionados-por-uso-prohibido-de-polvora\/#primaryimage\"},\"image\":{\"@id\":\"https:\/\/pagina10.com\/web\/en-pasto-se-reportan-tres-nuevos-casos-de-lesionados-por-uso-prohibido-de-polvora\/#primaryimage\"},\"thumbnailUrl\":\"https:\/\/pagina10.com\/web\/wp-content\/uploads\/2017\/12\/polvora2.png\",\"datePublished\":\"2023-01-05T01:02:43+00:00\",\"breadcrumb\":{\"@id\":\"https:\/\/pagina10.com\/web\/en-pasto-se-reportan-tres-nuevos-casos-de-lesionados-por-uso-prohibido-de-polvora\/#breadcrumb\"},\"inLanguage\":\"es\",\"potentialAction\":[{\"@type\":\"ReadAction\",\"target\":[\"https:\/\/pagina10.com\/web\/en-pasto-se-reportan-tres-nuevos-casos-de-lesionados-por-uso-prohibido-de-polvora\/\"]}]},{\"@type\":\"ImageObject\",\"inLanguage\":\"es\",\"@id\":\"https:\/\/pagina10.com\/web\/en-pasto-se-reportan-tres-nuevos-casos-de-lesionados-por-uso-prohibido-de-polvora\/#primaryimage\",\"url\":\"https:\/\/pagina10.com\/web\/wp-content\/uploads\/2017\/12\/polvora2.png\",\"contentUrl\":\"https:\/\/pagina10.com\/web\/wp-content\/uploads\/2017\/12\/polvora2.png\",\"width\":1086,\"height\":598},{\"@type\":\"BreadcrumbList\",\"@id\":\"https:\/\/pagina10.com\/web\/en-pasto-se-reportan-tres-nuevos-casos-de-lesionados-por-uso-prohibido-de-polvora\/#breadcrumb\",\"itemListElement\":[{\"@type\":\"ListItem\",\"position\":1,\"name\":\"Portada\",\"item\":\"https:\/\/pagina10.com\/web\/\"},{\"@type\":\"ListItem\",\"position\":2,\"name\":\"En Pasto, se reportan tres nuevos casos de lesionados por uso prohibido de p\u00f3lvora\"}]},{\"@type\":\"WebSite\",\"@id\":\"https:\/\/pagina10.com\/web\/#website\",\"url\":\"https:\/\/pagina10.com\/web\/\",\"name\":\"P\u00e1gina10\",\"description\":\"Peri\u00f3dico Regional\",\"publisher\":{\"@id\":\"https:\/\/pagina10.com\/web\/#organization\"},\"alternateName\":\"P\u00e1gina10 Peri\u00f3dico Regional\",\"potentialAction\":[{\"@type\":\"SearchAction\",\"target\":{\"@type\":\"EntryPoint\",\"urlTemplate\":\"https:\/\/pagina10.com\/web\/?s={search_term_string}\"},\"query-input\":{\"@type\":\"PropertyValueSpecification\",\"valueRequired\":true,\"valueName\":\"search_term_string\"}}],\"inLanguage\":\"es\"},{\"@type\":\"Organization\",\"@id\":\"https:\/\/pagina10.com\/web\/#organization\",\"name\":\"P\u00e1gina10\",\"alternateName\":\"P\u00e1gina10 Peri\u00f3dico Regional\",\"url\":\"https:\/\/pagina10.com\/web\/\",\"logo\":{\"@type\":\"ImageObject\",\"inLanguage\":\"es\",\"@id\":\"https:\/\/pagina10.com\/web\/#\/schema\/logo\/image\/\",\"url\":\"https:\/\/pagina10.com\/web\/wp-content\/uploads\/2024\/01\/40-pagina-10-periodico-regional-pasto.jpg\",\"contentUrl\":\"https:\/\/pagina10.com\/web\/wp-content\/uploads\/2024\/01\/40-pagina-10-periodico-regional-pasto.jpg\",\"width\":1280,\"height\":720,\"caption\":\"P\u00e1gina10\"},\"image\":{\"@id\":\"https:\/\/pagina10.com\/web\/#\/schema\/logo\/image\/\"},\"sameAs\":[\"https:\/\/www.facebook.com\/pag10com\",\"https:\/\/x.com\/Pag10com\",\"https:\/\/www.instagram.com\/pagina10col\/\",\"https:\/\/youtube.com\/channel\/pag10\",\"https:\/\/www.tiktok.com\/@p10col\"]},{\"@type\":\"Person\",\"@id\":\"https:\/\/pagina10.com\/web\/#\/schema\/person\/2efc4a090d25b667d3bc796798a3a81b\",\"name\":\"P\u00e1gina 10\",\"description\":\"P\u00e1gina 10 es un peri\u00f3dico regional que nace en Colombia, en el departamento de Nari\u00f1o, con un enfoque global, fundamentado en cuatro pilares esenciales: la libertad, el pluralismo, la inclusi\u00f3n y la independencia. P\u00e1gina 10 hace referencia a Nari\u00f1o como el d\u00e9cimo departamento creado en Colombia, despu\u00e9s de un proceso pol\u00edtico liderado por actores y actrices regionales con el fin de obtener la independencia y autonom\u00eda de nuestros territorios. Con la creaci\u00f3n de P\u00e1gina 10 se pretende abrir un escenario para el dialogo, la reflexi\u00f3n y el debate que se extienda a otras geograf\u00edas de Am\u00e9rica Latina y del planeta, en una apuesta por transformar colectivamente los desaf\u00edos de un mundo contempor\u00e1neo, m\u00e1s all\u00e1 de las fronteras impuestas.\",\"url\":\"https:\/\/pagina10.com\/web\/author\/pdiezadmin\/\"}]}<\/script>\n<!-- \/ Yoast SEO plugin. -->","yoast_head_json":{"title":"En Pasto, se reportan tres nuevos casos de lesionados por uso prohibido de p\u00f3lvora | P\u00e1gina10","robots":{"index":"index","follow":"follow","max-snippet":"max-snippet:-1","max-image-preview":"max-image-preview:large","max-video-preview":"max-video-preview:-1"},"canonical":"https:\/\/pagina10.com\/web\/en-pasto-se-reportan-tres-nuevos-casos-de-lesionados-por-uso-prohibido-de-polvora\/","og_locale":"es_ES","og_type":"article","og_title":"En Pasto, se reportan tres nuevos casos de lesionados por uso prohibido de p\u00f3lvora | P\u00e1gina10","og_description":"La Alcald\u00eda de Pasto, a trav\u00e9s del Sistema de Vigilancia Epidemiol\u00f3gica en Salud P\u00fablica de la Secretar\u00eda de Salud, informa a la ciudadan\u00eda de tres nuevos casos de lesionados por uso prohibido de p\u00f3lvora. Con corte a las 12:00 m. del 4 de enero, el reporte oficial se\u00f1ala que los afectados son hombres, en el [&hellip;]","og_url":"https:\/\/pagina10.com\/web\/en-pasto-se-reportan-tres-nuevos-casos-de-lesionados-por-uso-prohibido-de-polvora\/","og_site_name":"P\u00e1gina10","article_publisher":"https:\/\/www.facebook.com\/pag10com","article_published_time":"2023-01-05T01:02:43+00:00","og_image":[{"width":1086,"height":598,"url":"https:\/\/pagina10.com\/web\/wp-content\/uploads\/2017\/12\/polvora2.png","type":"image\/png"}],"author":"P\u00e1gina 10","twitter_card":"summary_large_image","twitter_creator":"@Pag10com","twitter_site":"@Pag10com","twitter_misc":{"Escrito por":"P\u00e1gina 10","Tiempo de lectura":"2 minutos"},"schema":{"@context":"https:\/\/schema.org","@graph":[{"@type":"Article","@id":"https:\/\/pagina10.com\/web\/en-pasto-se-reportan-tres-nuevos-casos-de-lesionados-por-uso-prohibido-de-polvora\/#article","isPartOf":{"@id":"https:\/\/pagina10.com\/web\/en-pasto-se-reportan-tres-nuevos-casos-de-lesionados-por-uso-prohibido-de-polvora\/"},"author":{"name":"P\u00e1gina 10","@id":"https:\/\/pagina10.com\/web\/#\/schema\/person\/2efc4a090d25b667d3bc796798a3a81b"},"headline":"En Pasto, se reportan tres nuevos casos de lesionados por uso prohibido de p\u00f3lvora","datePublished":"2023-01-05T01:02:43+00:00","mainEntityOfPage":{"@id":"https:\/\/pagina10.com\/web\/en-pasto-se-reportan-tres-nuevos-casos-de-lesionados-por-uso-prohibido-de-polvora\/"},"wordCount":360,"commentCount":0,"publisher":{"@id":"https:\/\/pagina10.com\/web\/#organization"},"image":{"@id":"https:\/\/pagina10.com\/web\/en-pasto-se-reportan-tres-nuevos-casos-de-lesionados-por-uso-prohibido-de-polvora\/#primaryimage"},"thumbnailUrl":"https:\/\/pagina10.com\/web\/wp-content\/uploads\/2017\/12\/polvora2.png","articleSection":["Ciudad"],"inLanguage":"es","potentialAction":[{"@type":"CommentAction","name":"Comment","target":["https:\/\/pagina10.com\/web\/en-pasto-se-reportan-tres-nuevos-casos-de-lesionados-por-uso-prohibido-de-polvora\/#respond"]}]},{"@type":"WebPage","@id":"https:\/\/pagina10.com\/web\/en-pasto-se-reportan-tres-nuevos-casos-de-lesionados-por-uso-prohibido-de-polvora\/","url":"https:\/\/pagina10.com\/web\/en-pasto-se-reportan-tres-nuevos-casos-de-lesionados-por-uso-prohibido-de-polvora\/","name":"En Pasto, se reportan tres nuevos casos de lesionados por uso prohibido de p\u00f3lvora | P\u00e1gina10","isPartOf":{"@id":"https:\/\/pagina10.com\/web\/#website"},"primaryImageOfPage":{"@id":"https:\/\/pagina10.com\/web\/en-pasto-se-reportan-tres-nuevos-casos-de-lesionados-por-uso-prohibido-de-polvora\/#primaryimage"},"image":{"@id":"https:\/\/pagina10.com\/web\/en-pasto-se-reportan-tres-nuevos-casos-de-lesionados-por-uso-prohibido-de-polvora\/#primaryimage"},"thumbnailUrl":"https:\/\/pagina10.com\/web\/wp-content\/uploads\/2017\/12\/polvora2.png","datePublished":"2023-01-05T01:02:43+00:00","breadcrumb":{"@id":"https:\/\/pagina10.com\/web\/en-pasto-se-reportan-tres-nuevos-casos-de-lesionados-por-uso-prohibido-de-polvora\/#breadcrumb"},"inLanguage":"es","potentialAction":[{"@type":"ReadAction","target":["https:\/\/pagina10.com\/web\/en-pasto-se-reportan-tres-nuevos-casos-de-lesionados-por-uso-prohibido-de-polvora\/"]}]},{"@type":"ImageObject","inLanguage":"es","@id":"https:\/\/pagina10.com\/web\/en-pasto-se-reportan-tres-nuevos-casos-de-lesionados-por-uso-prohibido-de-polvora\/#primaryimage","url":"https:\/\/pagina10.com\/web\/wp-content\/uploads\/2017\/12\/polvora2.png","contentUrl":"https:\/\/pagina10.com\/web\/wp-content\/uploads\/2017\/12\/polvora2.png","width":1086,"height":598},{"@type":"BreadcrumbList","@id":"https:\/\/pagina10.com\/web\/en-pasto-se-reportan-tres-nuevos-casos-de-lesionados-por-uso-prohibido-de-polvora\/#breadcrumb","itemListElement":[{"@type":"ListItem","position":1,"name":"Portada","item":"https:\/\/pagina10.com\/web\/"},{"@type":"ListItem","position":2,"name":"En Pasto, se reportan tres nuevos casos de lesionados por uso prohibido de p\u00f3lvora"}]},{"@type":"WebSite","@id":"https:\/\/pagina10.com\/web\/#website","url":"https:\/\/pagina10.com\/web\/","name":"P\u00e1gina10","description":"Peri\u00f3dico Regional","publisher":{"@id":"https:\/\/pagina10.com\/web\/#organization"},"alternateName":"P\u00e1gina10 Peri\u00f3dico Regional","potentialAction":[{"@type":"SearchAction","target":{"@type":"EntryPoint","urlTemplate":"https:\/\/pagina10.com\/web\/?s={search_term_string}"},"query-input":{"@type":"PropertyValueSpecification","valueRequired":true,"valueName":"search_term_string"}}],"inLanguage":"es"},{"@type":"Organization","@id":"https:\/\/pagina10.com\/web\/#organization","name":"P\u00e1gina10","alternateName":"P\u00e1gina10 Peri\u00f3dico Regional","url":"https:\/\/pagina10.com\/web\/","logo":{"@type":"ImageObject","inLanguage":"es","@id":"https:\/\/pagina10.com\/web\/#\/schema\/logo\/image\/","url":"https:\/\/pagina10.com\/web\/wp-content\/uploads\/2024\/01\/40-pagina-10-periodico-regional-pasto.jpg","contentUrl":"https:\/\/pagina10.com\/web\/wp-content\/uploads\/2024\/01\/40-pagina-10-periodico-regional-pasto.jpg","width":1280,"height":720,"caption":"P\u00e1gina10"},"image":{"@id":"https:\/\/pagina10.com\/web\/#\/schema\/logo\/image\/"},"sameAs":["https:\/\/www.facebook.com\/pag10com","https:\/\/x.com\/Pag10com","https:\/\/www.instagram.com\/pagina10col\/","https:\/\/youtube.com\/channel\/pag10","https:\/\/www.tiktok.com\/@p10col"]},{"@type":"Person","@id":"https:\/\/pagina10.com\/web\/#\/schema\/person\/2efc4a090d25b667d3bc796798a3a81b","name":"P\u00e1gina 10","description":"P\u00e1gina 10 es un peri\u00f3dico regional que nace en Colombia, en el departamento de Nari\u00f1o, con un enfoque global, fundamentado en cuatro pilares esenciales: la libertad, el pluralismo, la inclusi\u00f3n y la independencia. P\u00e1gina 10 hace referencia a Nari\u00f1o como el d\u00e9cimo departamento creado en Colombia, despu\u00e9s de un proceso pol\u00edtico liderado por actores y actrices regionales con el fin de obtener la independencia y autonom\u00eda de nuestros territorios. Con la creaci\u00f3n de P\u00e1gina 10 se pretende abrir un escenario para el dialogo, la reflexi\u00f3n y el debate que se extienda a otras geograf\u00edas de Am\u00e9rica Latina y del planeta, en una apuesta por transformar colectivamente los desaf\u00edos de un mundo contempor\u00e1neo, m\u00e1s all\u00e1 de las fronteras impuestas.","url":"https:\/\/pagina10.com\/web\/author\/pdiezadmin\/"}]}},"_links":{"self":[{"href":"https:\/\/pagina10.com\/web\/wp-json\/wp\/v2\/posts\/63879","targetHints":{"allow":["GET"]}}],"collection":[{"href":"https:\/\/pagina10.com\/web\/wp-json\/wp\/v2\/posts"}],"about":[{"href":"https:\/\/pagina10.com\/web\/wp-json\/wp\/v2\/types\/post"}],"author":[{"embeddable":true,"href":"https:\/\/pagina10.com\/web\/wp-json\/wp\/v2\/users\/1"}],"replies":[{"embeddable":true,"href":"https:\/\/pagina10.com\/web\/wp-json\/wp\/v2\/comments?post=63879"}],"version-history":[{"count":1,"href":"https:\/\/pagina10.com\/web\/wp-json\/wp\/v2\/posts\/63879\/revisions"}],"predecessor-version":[{"id":63880,"href":"https:\/\/pagina10.com\/web\/wp-json\/wp\/v2\/posts\/63879\/revisions\/63880"}],"wp:featuredmedia":[{"embeddable":true,"href":"https:\/\/pagina10.com\/web\/wp-json\/wp\/v2\/media\/28117"}],"wp:attachment":[{"href":"https:\/\/pagina10.com\/web\/wp-json\/wp\/v2\/media?parent=63879"}],"wp:term":[{"taxonomy":"category","embeddable":true,"href":"https:\/\/pagina10.com\/web\/wp-json\/wp\/v2\/categories?post=63879"},{"taxonomy":"post_tag","embeddable":true,"href":"https:\/\/pagina10.com\/web\/wp-json\/wp\/v2\/tags?post=63879"}],"curies":[{"name":"wp","href":"https:\/\/api.w.org\/{rel}","templated":true}]}}