{"id":63885,"date":"2023-01-04T21:20:52","date_gmt":"2023-01-05T02:20:52","guid":{"rendered":"https:\/\/pagina10.com\/web\/?p=63885"},"modified":"2023-01-04T21:20:52","modified_gmt":"2023-01-05T02:20:52","slug":"doctora-en-historia-e-investigadora-nathaly-rodriguez-sanchez-es-la-personaje-10","status":"publish","type":"post","link":"https:\/\/pagina10.com\/web\/doctora-en-historia-e-investigadora-nathaly-rodriguez-sanchez-es-la-personaje-10\/","title":{"rendered":"Doctora en Historia e investigadora, Nathaly Rodr\u00edguez S\u00e1nchez, es La Personaje 10."},"content":{"rendered":"<p style=\"text-align: justify;\">Polit\u00f3loga egresada de la Universidad Nacional de Colombia y maestra y doctora en Historia por El Colegio de M\u00e9xico. Sus campos de inter\u00e9s, asumidos desde la perspectiva de la historia social, giran en torno a la historia feminista de las mujeres, del g\u00e9nero, de las masculinidades y de la diversidad sexogen\u00e9rica en Hispanoam\u00e9rica. Mantiene en tal pr\u00e1ctica investigativa una especial atenci\u00f3n en las condiciones e historias de las heterodoxias del g\u00e9nero que han tenido lugar en la regi\u00f3n y, embonando con sus intereses por la teor\u00eda pol\u00edtica, sostiene una mirada de conjunto en torno a los aportes de la teor\u00edas pol\u00edticas y sociales feministas y sobre los impactos desestabilizadoras que los feminismos proponen y logran en la investigaci\u00f3n de raigambre positivista en las Ciencias Sociales. Actualmente se desempe\u00f1a como Acad\u00e9mica Investigadora de Tiempo Completo en el Departamento de Ciencias Sociales de la Universidad Iberoamericana Puebla y es miembro (Nivel I) del Sistema Nacional de Investigadores del Conacyt.<\/p>\n<p style=\"text-align: justify;\">Entre sus \u00faltimas publicaciones encontramos:<\/p>\n<p style=\"text-align: justify;\">1. Rodr\u00edguez S\u00e1nchez, N. (2021). Sobre ojos que a\u00fan cerrados permiten ver. La representaci\u00f3n simb\u00f3lica del monacato femenino de reglas estrictas en el Barroco novohispano y sus d\u00e1divas de honor. Fronteras de la Historia, 28(1), 92-114.<\/p>\n<p style=\"text-align: justify;\">2. Rodr\u00edguez S\u00e1nchez, N. (2020). \u201cDe sedientos seres\u201d: una historia social del homoerotismo masculino (ca. 1917-1952). Puebla: Universidad Iberoamericana. (ISBN 978-607-8587-25-4)<\/p>\n<p style=\"text-align: justify;\">3. Rodr\u00edguez S\u00e1nchez, N. (2019). Entre la precariedad social y la libertad para el homoerotismo. Los menores \u00abpederastas\u00bb de la Ciudad de M\u00e9xico, 1927-1952. Historia Social, (95), 21-40. (ISSN 0214-2575)<\/p>\n<p style=\"text-align: justify;\">4. Rodr\u00edguez S\u00e1nchez, N. y Molina Rodr\u00edguez, D. (2018). Los retos constitucionales en la protecci\u00f3n del concepto de familia plural: qu\u00e9 decir frente a la homoparentalidad por reproducci\u00f3n asistida en Colombia. Revista Jur\u00eddicas, 15(2), 131-150. DOI: 10.17151\/jurid.2018.15.2.8. (ISSN 1794-2918)<\/p>\n","protected":false},"excerpt":{"rendered":"<p>Polit\u00f3loga egresada de la Universidad Nacional de Colombia y maestra y doctora en Historia por El Colegio de M\u00e9xico. Sus campos de inter\u00e9s, asumidos desde la perspectiva de la historia social, giran en torno a la historia feminista de las mujeres, del g\u00e9nero, de las masculinidades y de la diversidad sexogen\u00e9rica en Hispanoam\u00e9rica. Mantiene en [&hellip;]<\/p>\n","protected":false},"author":1,"featured_media":63886,"comment_status":"open","ping_status":"open","sticky":false,"template":"","format":"standard","meta":{"footnotes":""},"categories":[95,1528],"tags":[],"class_list":["post-63885","post","type-post","status-publish","format-standard","has-post-thumbnail","hentry","category-educacion-innovacion-2","category-titulares"],"yoast_head":"<!-- This site is optimized with the Yoast SEO plugin v27.1.1 - https:\/\/yoast.com\/product\/yoast-seo-wordpress\/ -->\n<title>Doctora en Historia e investigadora, Nathaly Rodr\u00edguez S\u00e1nchez, es La Personaje 10. | P\u00e1gina10<\/title>\n<meta name=\"robots\" content=\"index, follow, max-snippet:-1, max-image-preview:large, max-video-preview:-1\" \/>\n<link rel=\"canonical\" href=\"https:\/\/pagina10.com\/web\/doctora-en-historia-e-investigadora-nathaly-rodriguez-sanchez-es-la-personaje-10\/\" \/>\n<meta property=\"og:locale\" content=\"es_ES\" \/>\n<meta property=\"og:type\" content=\"article\" \/>\n<meta property=\"og:title\" content=\"Doctora en Historia e investigadora, Nathaly Rodr\u00edguez S\u00e1nchez, es La Personaje 10. | P\u00e1gina10\" \/>\n<meta property=\"og:description\" content=\"Polit\u00f3loga egresada de la Universidad Nacional de Colombia y maestra y doctora en Historia por El Colegio de M\u00e9xico. Sus campos de inter\u00e9s, asumidos desde la perspectiva de la historia social, giran en torno a la historia feminista de las mujeres, del g\u00e9nero, de las masculinidades y de la diversidad sexogen\u00e9rica en Hispanoam\u00e9rica. Mantiene en [&hellip;]\" \/>\n<meta property=\"og:url\" content=\"https:\/\/pagina10.com\/web\/doctora-en-historia-e-investigadora-nathaly-rodriguez-sanchez-es-la-personaje-10\/\" \/>\n<meta property=\"og:site_name\" content=\"P\u00e1gina10\" \/>\n<meta property=\"article:publisher\" content=\"https:\/\/www.facebook.com\/pag10com\" \/>\n<meta property=\"article:published_time\" content=\"2023-01-05T02:20:52+00:00\" \/>\n<meta property=\"og:image\" content=\"https:\/\/pagina10.com\/web\/wp-content\/uploads\/2023\/01\/WhatsApp-Image-2023-01-04-at-9.18.51-PM.jpeg\" \/>\n\t<meta property=\"og:image:width\" content=\"752\" \/>\n\t<meta property=\"og:image:height\" content=\"430\" \/>\n\t<meta property=\"og:image:type\" content=\"image\/jpeg\" \/>\n<meta name=\"author\" content=\"P\u00e1gina 10\" \/>\n<meta name=\"twitter:card\" content=\"summary_large_image\" \/>\n<meta name=\"twitter:creator\" content=\"@Pag10com\" \/>\n<meta name=\"twitter:site\" content=\"@Pag10com\" \/>\n<meta name=\"twitter:label1\" content=\"Escrito por\" \/>\n\t<meta name=\"twitter:data1\" content=\"P\u00e1gina 10\" \/>\n\t<meta name=\"twitter:label2\" content=\"Tiempo de lectura\" \/>\n\t<meta name=\"twitter:data2\" content=\"2 minutos\" \/>\n<script type=\"application\/ld+json\" class=\"yoast-schema-graph\">{\"@context\":\"https:\/\/schema.org\",\"@graph\":[{\"@type\":\"Article\",\"@id\":\"https:\/\/pagina10.com\/web\/doctora-en-historia-e-investigadora-nathaly-rodriguez-sanchez-es-la-personaje-10\/#article\",\"isPartOf\":{\"@id\":\"https:\/\/pagina10.com\/web\/doctora-en-historia-e-investigadora-nathaly-rodriguez-sanchez-es-la-personaje-10\/\"},\"author\":{\"name\":\"P\u00e1gina 10\",\"@id\":\"https:\/\/pagina10.com\/web\/#\/schema\/person\/2efc4a090d25b667d3bc796798a3a81b\"},\"headline\":\"Doctora en Historia e investigadora, Nathaly Rodr\u00edguez S\u00e1nchez, es La Personaje 10.\",\"datePublished\":\"2023-01-05T02:20:52+00:00\",\"mainEntityOfPage\":{\"@id\":\"https:\/\/pagina10.com\/web\/doctora-en-historia-e-investigadora-nathaly-rodriguez-sanchez-es-la-personaje-10\/\"},\"wordCount\":327,\"commentCount\":0,\"publisher\":{\"@id\":\"https:\/\/pagina10.com\/web\/#organization\"},\"image\":{\"@id\":\"https:\/\/pagina10.com\/web\/doctora-en-historia-e-investigadora-nathaly-rodriguez-sanchez-es-la-personaje-10\/#primaryimage\"},\"thumbnailUrl\":\"https:\/\/pagina10.com\/web\/wp-content\/uploads\/2023\/01\/WhatsApp-Image-2023-01-04-at-9.18.51-PM.jpeg\",\"articleSection\":[\"Educaci\u00f3n\",\"Titulares\"],\"inLanguage\":\"es\",\"potentialAction\":[{\"@type\":\"CommentAction\",\"name\":\"Comment\",\"target\":[\"https:\/\/pagina10.com\/web\/doctora-en-historia-e-investigadora-nathaly-rodriguez-sanchez-es-la-personaje-10\/#respond\"]}]},{\"@type\":\"WebPage\",\"@id\":\"https:\/\/pagina10.com\/web\/doctora-en-historia-e-investigadora-nathaly-rodriguez-sanchez-es-la-personaje-10\/\",\"url\":\"https:\/\/pagina10.com\/web\/doctora-en-historia-e-investigadora-nathaly-rodriguez-sanchez-es-la-personaje-10\/\",\"name\":\"Doctora en Historia e investigadora, Nathaly Rodr\u00edguez S\u00e1nchez, es La Personaje 10. | P\u00e1gina10\",\"isPartOf\":{\"@id\":\"https:\/\/pagina10.com\/web\/#website\"},\"primaryImageOfPage\":{\"@id\":\"https:\/\/pagina10.com\/web\/doctora-en-historia-e-investigadora-nathaly-rodriguez-sanchez-es-la-personaje-10\/#primaryimage\"},\"image\":{\"@id\":\"https:\/\/pagina10.com\/web\/doctora-en-historia-e-investigadora-nathaly-rodriguez-sanchez-es-la-personaje-10\/#primaryimage\"},\"thumbnailUrl\":\"https:\/\/pagina10.com\/web\/wp-content\/uploads\/2023\/01\/WhatsApp-Image-2023-01-04-at-9.18.51-PM.jpeg\",\"datePublished\":\"2023-01-05T02:20:52+00:00\",\"breadcrumb\":{\"@id\":\"https:\/\/pagina10.com\/web\/doctora-en-historia-e-investigadora-nathaly-rodriguez-sanchez-es-la-personaje-10\/#breadcrumb\"},\"inLanguage\":\"es\",\"potentialAction\":[{\"@type\":\"ReadAction\",\"target\":[\"https:\/\/pagina10.com\/web\/doctora-en-historia-e-investigadora-nathaly-rodriguez-sanchez-es-la-personaje-10\/\"]}]},{\"@type\":\"ImageObject\",\"inLanguage\":\"es\",\"@id\":\"https:\/\/pagina10.com\/web\/doctora-en-historia-e-investigadora-nathaly-rodriguez-sanchez-es-la-personaje-10\/#primaryimage\",\"url\":\"https:\/\/pagina10.com\/web\/wp-content\/uploads\/2023\/01\/WhatsApp-Image-2023-01-04-at-9.18.51-PM.jpeg\",\"contentUrl\":\"https:\/\/pagina10.com\/web\/wp-content\/uploads\/2023\/01\/WhatsApp-Image-2023-01-04-at-9.18.51-PM.jpeg\",\"width\":752,\"height\":430},{\"@type\":\"BreadcrumbList\",\"@id\":\"https:\/\/pagina10.com\/web\/doctora-en-historia-e-investigadora-nathaly-rodriguez-sanchez-es-la-personaje-10\/#breadcrumb\",\"itemListElement\":[{\"@type\":\"ListItem\",\"position\":1,\"name\":\"Portada\",\"item\":\"https:\/\/pagina10.com\/web\/\"},{\"@type\":\"ListItem\",\"position\":2,\"name\":\"Doctora en Historia e investigadora, Nathaly Rodr\u00edguez S\u00e1nchez, es La Personaje 10.\"}]},{\"@type\":\"WebSite\",\"@id\":\"https:\/\/pagina10.com\/web\/#website\",\"url\":\"https:\/\/pagina10.com\/web\/\",\"name\":\"P\u00e1gina10\",\"description\":\"Peri\u00f3dico Regional\",\"publisher\":{\"@id\":\"https:\/\/pagina10.com\/web\/#organization\"},\"alternateName\":\"P\u00e1gina10 Peri\u00f3dico Regional\",\"potentialAction\":[{\"@type\":\"SearchAction\",\"target\":{\"@type\":\"EntryPoint\",\"urlTemplate\":\"https:\/\/pagina10.com\/web\/?s={search_term_string}\"},\"query-input\":{\"@type\":\"PropertyValueSpecification\",\"valueRequired\":true,\"valueName\":\"search_term_string\"}}],\"inLanguage\":\"es\"},{\"@type\":\"Organization\",\"@id\":\"https:\/\/pagina10.com\/web\/#organization\",\"name\":\"P\u00e1gina10\",\"alternateName\":\"P\u00e1gina10 Peri\u00f3dico Regional\",\"url\":\"https:\/\/pagina10.com\/web\/\",\"logo\":{\"@type\":\"ImageObject\",\"inLanguage\":\"es\",\"@id\":\"https:\/\/pagina10.com\/web\/#\/schema\/logo\/image\/\",\"url\":\"https:\/\/pagina10.com\/web\/wp-content\/uploads\/2024\/01\/40-pagina-10-periodico-regional-pasto.jpg\",\"contentUrl\":\"https:\/\/pagina10.com\/web\/wp-content\/uploads\/2024\/01\/40-pagina-10-periodico-regional-pasto.jpg\",\"width\":1280,\"height\":720,\"caption\":\"P\u00e1gina10\"},\"image\":{\"@id\":\"https:\/\/pagina10.com\/web\/#\/schema\/logo\/image\/\"},\"sameAs\":[\"https:\/\/www.facebook.com\/pag10com\",\"https:\/\/x.com\/Pag10com\",\"https:\/\/www.instagram.com\/pagina10col\/\",\"https:\/\/youtube.com\/channel\/pag10\",\"https:\/\/www.tiktok.com\/@p10col\"]},{\"@type\":\"Person\",\"@id\":\"https:\/\/pagina10.com\/web\/#\/schema\/person\/2efc4a090d25b667d3bc796798a3a81b\",\"name\":\"P\u00e1gina 10\",\"description\":\"P\u00e1gina 10 es un peri\u00f3dico regional que nace en Colombia, en el departamento de Nari\u00f1o, con un enfoque global, fundamentado en cuatro pilares esenciales: la libertad, el pluralismo, la inclusi\u00f3n y la independencia. P\u00e1gina 10 hace referencia a Nari\u00f1o como el d\u00e9cimo departamento creado en Colombia, despu\u00e9s de un proceso pol\u00edtico liderado por actores y actrices regionales con el fin de obtener la independencia y autonom\u00eda de nuestros territorios. Con la creaci\u00f3n de P\u00e1gina 10 se pretende abrir un escenario para el dialogo, la reflexi\u00f3n y el debate que se extienda a otras geograf\u00edas de Am\u00e9rica Latina y del planeta, en una apuesta por transformar colectivamente los desaf\u00edos de un mundo contempor\u00e1neo, m\u00e1s all\u00e1 de las fronteras impuestas.\",\"url\":\"https:\/\/pagina10.com\/web\/author\/pdiezadmin\/\"}]}<\/script>\n<!-- \/ Yoast SEO plugin. -->","yoast_head_json":{"title":"Doctora en Historia e investigadora, Nathaly Rodr\u00edguez S\u00e1nchez, es La Personaje 10. | P\u00e1gina10","robots":{"index":"index","follow":"follow","max-snippet":"max-snippet:-1","max-image-preview":"max-image-preview:large","max-video-preview":"max-video-preview:-1"},"canonical":"https:\/\/pagina10.com\/web\/doctora-en-historia-e-investigadora-nathaly-rodriguez-sanchez-es-la-personaje-10\/","og_locale":"es_ES","og_type":"article","og_title":"Doctora en Historia e investigadora, Nathaly Rodr\u00edguez S\u00e1nchez, es La Personaje 10. | P\u00e1gina10","og_description":"Polit\u00f3loga egresada de la Universidad Nacional de Colombia y maestra y doctora en Historia por El Colegio de M\u00e9xico. Sus campos de inter\u00e9s, asumidos desde la perspectiva de la historia social, giran en torno a la historia feminista de las mujeres, del g\u00e9nero, de las masculinidades y de la diversidad sexogen\u00e9rica en Hispanoam\u00e9rica. Mantiene en [&hellip;]","og_url":"https:\/\/pagina10.com\/web\/doctora-en-historia-e-investigadora-nathaly-rodriguez-sanchez-es-la-personaje-10\/","og_site_name":"P\u00e1gina10","article_publisher":"https:\/\/www.facebook.com\/pag10com","article_published_time":"2023-01-05T02:20:52+00:00","og_image":[{"width":752,"height":430,"url":"https:\/\/pagina10.com\/web\/wp-content\/uploads\/2023\/01\/WhatsApp-Image-2023-01-04-at-9.18.51-PM.jpeg","type":"image\/jpeg"}],"author":"P\u00e1gina 10","twitter_card":"summary_large_image","twitter_creator":"@Pag10com","twitter_site":"@Pag10com","twitter_misc":{"Escrito por":"P\u00e1gina 10","Tiempo de lectura":"2 minutos"},"schema":{"@context":"https:\/\/schema.org","@graph":[{"@type":"Article","@id":"https:\/\/pagina10.com\/web\/doctora-en-historia-e-investigadora-nathaly-rodriguez-sanchez-es-la-personaje-10\/#article","isPartOf":{"@id":"https:\/\/pagina10.com\/web\/doctora-en-historia-e-investigadora-nathaly-rodriguez-sanchez-es-la-personaje-10\/"},"author":{"name":"P\u00e1gina 10","@id":"https:\/\/pagina10.com\/web\/#\/schema\/person\/2efc4a090d25b667d3bc796798a3a81b"},"headline":"Doctora en Historia e investigadora, Nathaly Rodr\u00edguez S\u00e1nchez, es La Personaje 10.","datePublished":"2023-01-05T02:20:52+00:00","mainEntityOfPage":{"@id":"https:\/\/pagina10.com\/web\/doctora-en-historia-e-investigadora-nathaly-rodriguez-sanchez-es-la-personaje-10\/"},"wordCount":327,"commentCount":0,"publisher":{"@id":"https:\/\/pagina10.com\/web\/#organization"},"image":{"@id":"https:\/\/pagina10.com\/web\/doctora-en-historia-e-investigadora-nathaly-rodriguez-sanchez-es-la-personaje-10\/#primaryimage"},"thumbnailUrl":"https:\/\/pagina10.com\/web\/wp-content\/uploads\/2023\/01\/WhatsApp-Image-2023-01-04-at-9.18.51-PM.jpeg","articleSection":["Educaci\u00f3n","Titulares"],"inLanguage":"es","potentialAction":[{"@type":"CommentAction","name":"Comment","target":["https:\/\/pagina10.com\/web\/doctora-en-historia-e-investigadora-nathaly-rodriguez-sanchez-es-la-personaje-10\/#respond"]}]},{"@type":"WebPage","@id":"https:\/\/pagina10.com\/web\/doctora-en-historia-e-investigadora-nathaly-rodriguez-sanchez-es-la-personaje-10\/","url":"https:\/\/pagina10.com\/web\/doctora-en-historia-e-investigadora-nathaly-rodriguez-sanchez-es-la-personaje-10\/","name":"Doctora en Historia e investigadora, Nathaly Rodr\u00edguez S\u00e1nchez, es La Personaje 10. | P\u00e1gina10","isPartOf":{"@id":"https:\/\/pagina10.com\/web\/#website"},"primaryImageOfPage":{"@id":"https:\/\/pagina10.com\/web\/doctora-en-historia-e-investigadora-nathaly-rodriguez-sanchez-es-la-personaje-10\/#primaryimage"},"image":{"@id":"https:\/\/pagina10.com\/web\/doctora-en-historia-e-investigadora-nathaly-rodriguez-sanchez-es-la-personaje-10\/#primaryimage"},"thumbnailUrl":"https:\/\/pagina10.com\/web\/wp-content\/uploads\/2023\/01\/WhatsApp-Image-2023-01-04-at-9.18.51-PM.jpeg","datePublished":"2023-01-05T02:20:52+00:00","breadcrumb":{"@id":"https:\/\/pagina10.com\/web\/doctora-en-historia-e-investigadora-nathaly-rodriguez-sanchez-es-la-personaje-10\/#breadcrumb"},"inLanguage":"es","potentialAction":[{"@type":"ReadAction","target":["https:\/\/pagina10.com\/web\/doctora-en-historia-e-investigadora-nathaly-rodriguez-sanchez-es-la-personaje-10\/"]}]},{"@type":"ImageObject","inLanguage":"es","@id":"https:\/\/pagina10.com\/web\/doctora-en-historia-e-investigadora-nathaly-rodriguez-sanchez-es-la-personaje-10\/#primaryimage","url":"https:\/\/pagina10.com\/web\/wp-content\/uploads\/2023\/01\/WhatsApp-Image-2023-01-04-at-9.18.51-PM.jpeg","contentUrl":"https:\/\/pagina10.com\/web\/wp-content\/uploads\/2023\/01\/WhatsApp-Image-2023-01-04-at-9.18.51-PM.jpeg","width":752,"height":430},{"@type":"BreadcrumbList","@id":"https:\/\/pagina10.com\/web\/doctora-en-historia-e-investigadora-nathaly-rodriguez-sanchez-es-la-personaje-10\/#breadcrumb","itemListElement":[{"@type":"ListItem","position":1,"name":"Portada","item":"https:\/\/pagina10.com\/web\/"},{"@type":"ListItem","position":2,"name":"Doctora en Historia e investigadora, Nathaly Rodr\u00edguez S\u00e1nchez, es La Personaje 10."}]},{"@type":"WebSite","@id":"https:\/\/pagina10.com\/web\/#website","url":"https:\/\/pagina10.com\/web\/","name":"P\u00e1gina10","description":"Peri\u00f3dico Regional","publisher":{"@id":"https:\/\/pagina10.com\/web\/#organization"},"alternateName":"P\u00e1gina10 Peri\u00f3dico Regional","potentialAction":[{"@type":"SearchAction","target":{"@type":"EntryPoint","urlTemplate":"https:\/\/pagina10.com\/web\/?s={search_term_string}"},"query-input":{"@type":"PropertyValueSpecification","valueRequired":true,"valueName":"search_term_string"}}],"inLanguage":"es"},{"@type":"Organization","@id":"https:\/\/pagina10.com\/web\/#organization","name":"P\u00e1gina10","alternateName":"P\u00e1gina10 Peri\u00f3dico Regional","url":"https:\/\/pagina10.com\/web\/","logo":{"@type":"ImageObject","inLanguage":"es","@id":"https:\/\/pagina10.com\/web\/#\/schema\/logo\/image\/","url":"https:\/\/pagina10.com\/web\/wp-content\/uploads\/2024\/01\/40-pagina-10-periodico-regional-pasto.jpg","contentUrl":"https:\/\/pagina10.com\/web\/wp-content\/uploads\/2024\/01\/40-pagina-10-periodico-regional-pasto.jpg","width":1280,"height":720,"caption":"P\u00e1gina10"},"image":{"@id":"https:\/\/pagina10.com\/web\/#\/schema\/logo\/image\/"},"sameAs":["https:\/\/www.facebook.com\/pag10com","https:\/\/x.com\/Pag10com","https:\/\/www.instagram.com\/pagina10col\/","https:\/\/youtube.com\/channel\/pag10","https:\/\/www.tiktok.com\/@p10col"]},{"@type":"Person","@id":"https:\/\/pagina10.com\/web\/#\/schema\/person\/2efc4a090d25b667d3bc796798a3a81b","name":"P\u00e1gina 10","description":"P\u00e1gina 10 es un peri\u00f3dico regional que nace en Colombia, en el departamento de Nari\u00f1o, con un enfoque global, fundamentado en cuatro pilares esenciales: la libertad, el pluralismo, la inclusi\u00f3n y la independencia. P\u00e1gina 10 hace referencia a Nari\u00f1o como el d\u00e9cimo departamento creado en Colombia, despu\u00e9s de un proceso pol\u00edtico liderado por actores y actrices regionales con el fin de obtener la independencia y autonom\u00eda de nuestros territorios. Con la creaci\u00f3n de P\u00e1gina 10 se pretende abrir un escenario para el dialogo, la reflexi\u00f3n y el debate que se extienda a otras geograf\u00edas de Am\u00e9rica Latina y del planeta, en una apuesta por transformar colectivamente los desaf\u00edos de un mundo contempor\u00e1neo, m\u00e1s all\u00e1 de las fronteras impuestas.","url":"https:\/\/pagina10.com\/web\/author\/pdiezadmin\/"}]}},"_links":{"self":[{"href":"https:\/\/pagina10.com\/web\/wp-json\/wp\/v2\/posts\/63885","targetHints":{"allow":["GET"]}}],"collection":[{"href":"https:\/\/pagina10.com\/web\/wp-json\/wp\/v2\/posts"}],"about":[{"href":"https:\/\/pagina10.com\/web\/wp-json\/wp\/v2\/types\/post"}],"author":[{"embeddable":true,"href":"https:\/\/pagina10.com\/web\/wp-json\/wp\/v2\/users\/1"}],"replies":[{"embeddable":true,"href":"https:\/\/pagina10.com\/web\/wp-json\/wp\/v2\/comments?post=63885"}],"version-history":[{"count":1,"href":"https:\/\/pagina10.com\/web\/wp-json\/wp\/v2\/posts\/63885\/revisions"}],"predecessor-version":[{"id":63887,"href":"https:\/\/pagina10.com\/web\/wp-json\/wp\/v2\/posts\/63885\/revisions\/63887"}],"wp:featuredmedia":[{"embeddable":true,"href":"https:\/\/pagina10.com\/web\/wp-json\/wp\/v2\/media\/63886"}],"wp:attachment":[{"href":"https:\/\/pagina10.com\/web\/wp-json\/wp\/v2\/media?parent=63885"}],"wp:term":[{"taxonomy":"category","embeddable":true,"href":"https:\/\/pagina10.com\/web\/wp-json\/wp\/v2\/categories?post=63885"},{"taxonomy":"post_tag","embeddable":true,"href":"https:\/\/pagina10.com\/web\/wp-json\/wp\/v2\/tags?post=63885"}],"curies":[{"name":"wp","href":"https:\/\/api.w.org\/{rel}","templated":true}]}}