{"id":6392,"date":"2014-01-29T16:09:35","date_gmt":"2014-01-29T16:09:35","guid":{"rendered":"https:\/\/pagina10.com\/web\/salva-una-vida-adopta-un-nuevo-amigo\/"},"modified":"2014-01-29T16:09:35","modified_gmt":"2014-01-29T16:09:35","slug":"salva-una-vida-adopta-un-nuevo-amigo","status":"publish","type":"post","link":"https:\/\/pagina10.com\/web\/salva-una-vida-adopta-un-nuevo-amigo\/","title":{"rendered":"Salva una vida, adopta un nuevo amigo"},"content":{"rendered":"<p><img fetchpriority=\"high\" decoding=\"async\" class=\" size-full wp-image-6391\" src=\"https:\/\/pagina10.com\/web\/wp-content\/uploads\/2014\/01\/16107d926b699d46d98f1ff993eedfc5.jpg\" alt=\"\" width=\"550\" height=\"329\" srcset=\"https:\/\/pagina10.com\/web\/wp-content\/uploads\/2014\/01\/16107d926b699d46d98f1ff993eedfc5.jpg 550w, https:\/\/pagina10.com\/web\/wp-content\/uploads\/2014\/01\/16107d926b699d46d98f1ff993eedfc5-300x179.jpg 300w\" sizes=\"(max-width: 550px) 100vw, 550px\" \/><\/p>\n<p style=\"text-align: justify;\">La Secretar\u00eda de Gesti\u00f3n Ambiental a trav\u00e9s del Centro de Bienestar Animal hace un llamado a la comunidad para que se apropie de las normas de protecci\u00f3n animal, puesto que en los \u00faltimos d\u00edas se ha registrado en la ciudad un incremento de los n\u00fameros de caninos abandonados y maltratados.<\/p>\n<p style=\"text-align: justify;\">&nbsp;<\/p>\n<p style=\"text-align: justify;\">La m\u00e9dico veterinario de la dependencia, Paola Zambrano Rosero, invit\u00f3 a la comunidad a sensibilizarse frente al trato y buena tenencia de las mascotas. As\u00ed mismo, inform\u00f3 que en la p\u00e1gina web de la Alcald\u00eda de Pasto ya se encuentran los caninos que esperan ser adoptados.&nbsp;<\/p>\n<p>&nbsp;<\/p>\n<p>Encuentra a tu pr\u00f3ximo mejor amigo aqu\u00ed:<\/p>\n<p><a href=\"http:\/\/www.pasto.gov.co\/index.php\/nuestras-dependencias\/secretaria-de-gestion-ambiental\/centro-de-bienestar-animal\" target=\"_blank\">http:\/\/www.pasto.gov.co\/index.php\/nuestras-dependencias\/secretaria-de-gestion-ambiental\/centro-de-bienestar-animal<\/a><\/p>\n<p>&nbsp;<\/p>\n","protected":false},"excerpt":{"rendered":"<p>La Secretar\u00eda de Gesti\u00f3n Ambiental a trav\u00e9s del Centro de Bienestar Animal hace un llamado a la comunidad para que se apropie de las normas de protecci\u00f3n animal, puesto que en los \u00faltimos d\u00edas se ha registrado en la ciudad un incremento de los n\u00fameros de caninos abandonados y maltratados. &nbsp; La m\u00e9dico veterinario de [&hellip;]<\/p>\n","protected":false},"author":29,"featured_media":6391,"comment_status":"open","ping_status":"open","sticky":false,"template":"","format":"standard","meta":{"footnotes":""},"categories":[82],"tags":[],"class_list":["post-6392","post","type-post","status-publish","format-standard","has-post-thumbnail","hentry","category-ciudad-2"],"yoast_head":"<!-- This site is optimized with the Yoast SEO plugin v27.1.1 - https:\/\/yoast.com\/product\/yoast-seo-wordpress\/ -->\n<title>Salva una vida, adopta un nuevo amigo | P\u00e1gina10<\/title>\n<meta name=\"robots\" content=\"index, follow, max-snippet:-1, max-image-preview:large, max-video-preview:-1\" \/>\n<link rel=\"canonical\" href=\"https:\/\/pagina10.com\/web\/salva-una-vida-adopta-un-nuevo-amigo\/\" \/>\n<meta property=\"og:locale\" content=\"es_ES\" \/>\n<meta property=\"og:type\" content=\"article\" \/>\n<meta property=\"og:title\" content=\"Salva una vida, adopta un nuevo amigo | P\u00e1gina10\" \/>\n<meta property=\"og:description\" content=\"La Secretar\u00eda de Gesti\u00f3n Ambiental a trav\u00e9s del Centro de Bienestar Animal hace un llamado a la comunidad para que se apropie de las normas de protecci\u00f3n animal, puesto que en los \u00faltimos d\u00edas se ha registrado en la ciudad un incremento de los n\u00fameros de caninos abandonados y maltratados. &nbsp; La m\u00e9dico veterinario de [&hellip;]\" \/>\n<meta property=\"og:url\" content=\"https:\/\/pagina10.com\/web\/salva-una-vida-adopta-un-nuevo-amigo\/\" \/>\n<meta property=\"og:site_name\" content=\"P\u00e1gina10\" \/>\n<meta property=\"article:publisher\" content=\"https:\/\/www.facebook.com\/pag10com\" \/>\n<meta property=\"article:published_time\" content=\"2014-01-29T16:09:35+00:00\" \/>\n<meta property=\"og:image\" content=\"https:\/\/pagina10.com\/web\/wp-content\/uploads\/2014\/01\/16107d926b699d46d98f1ff993eedfc5.jpg\" \/>\n\t<meta property=\"og:image:width\" content=\"550\" \/>\n\t<meta property=\"og:image:height\" content=\"329\" \/>\n\t<meta property=\"og:image:type\" content=\"image\/jpeg\" \/>\n<meta name=\"author\" content=\"P\u00e1gina 10\" \/>\n<meta name=\"twitter:card\" content=\"summary_large_image\" \/>\n<meta name=\"twitter:creator\" content=\"@Pag10com\" \/>\n<meta name=\"twitter:site\" content=\"@Pag10com\" \/>\n<meta name=\"twitter:label1\" content=\"Escrito por\" \/>\n\t<meta name=\"twitter:data1\" content=\"P\u00e1gina 10\" \/>\n\t<meta name=\"twitter:label2\" content=\"Tiempo de lectura\" \/>\n\t<meta name=\"twitter:data2\" content=\"1 minuto\" \/>\n<script type=\"application\/ld+json\" class=\"yoast-schema-graph\">{\"@context\":\"https:\/\/schema.org\",\"@graph\":[{\"@type\":\"Article\",\"@id\":\"https:\/\/pagina10.com\/web\/salva-una-vida-adopta-un-nuevo-amigo\/#article\",\"isPartOf\":{\"@id\":\"https:\/\/pagina10.com\/web\/salva-una-vida-adopta-un-nuevo-amigo\/\"},\"author\":{\"name\":\"P\u00e1gina 10\",\"@id\":\"https:\/\/pagina10.com\/web\/#\/schema\/person\/a7a5d38f0629dfc107f619fbae4f6cc3\"},\"headline\":\"Salva una vida, adopta un nuevo amigo\",\"datePublished\":\"2014-01-29T16:09:35+00:00\",\"mainEntityOfPage\":{\"@id\":\"https:\/\/pagina10.com\/web\/salva-una-vida-adopta-un-nuevo-amigo\/\"},\"wordCount\":134,\"commentCount\":0,\"publisher\":{\"@id\":\"https:\/\/pagina10.com\/web\/#organization\"},\"image\":{\"@id\":\"https:\/\/pagina10.com\/web\/salva-una-vida-adopta-un-nuevo-amigo\/#primaryimage\"},\"thumbnailUrl\":\"https:\/\/pagina10.com\/web\/wp-content\/uploads\/2014\/01\/16107d926b699d46d98f1ff993eedfc5.jpg\",\"articleSection\":[\"Ciudad\"],\"inLanguage\":\"es\",\"potentialAction\":[{\"@type\":\"CommentAction\",\"name\":\"Comment\",\"target\":[\"https:\/\/pagina10.com\/web\/salva-una-vida-adopta-un-nuevo-amigo\/#respond\"]}]},{\"@type\":\"WebPage\",\"@id\":\"https:\/\/pagina10.com\/web\/salva-una-vida-adopta-un-nuevo-amigo\/\",\"url\":\"https:\/\/pagina10.com\/web\/salva-una-vida-adopta-un-nuevo-amigo\/\",\"name\":\"Salva una vida, adopta un nuevo amigo | P\u00e1gina10\",\"isPartOf\":{\"@id\":\"https:\/\/pagina10.com\/web\/#website\"},\"primaryImageOfPage\":{\"@id\":\"https:\/\/pagina10.com\/web\/salva-una-vida-adopta-un-nuevo-amigo\/#primaryimage\"},\"image\":{\"@id\":\"https:\/\/pagina10.com\/web\/salva-una-vida-adopta-un-nuevo-amigo\/#primaryimage\"},\"thumbnailUrl\":\"https:\/\/pagina10.com\/web\/wp-content\/uploads\/2014\/01\/16107d926b699d46d98f1ff993eedfc5.jpg\",\"datePublished\":\"2014-01-29T16:09:35+00:00\",\"breadcrumb\":{\"@id\":\"https:\/\/pagina10.com\/web\/salva-una-vida-adopta-un-nuevo-amigo\/#breadcrumb\"},\"inLanguage\":\"es\",\"potentialAction\":[{\"@type\":\"ReadAction\",\"target\":[\"https:\/\/pagina10.com\/web\/salva-una-vida-adopta-un-nuevo-amigo\/\"]}]},{\"@type\":\"ImageObject\",\"inLanguage\":\"es\",\"@id\":\"https:\/\/pagina10.com\/web\/salva-una-vida-adopta-un-nuevo-amigo\/#primaryimage\",\"url\":\"https:\/\/pagina10.com\/web\/wp-content\/uploads\/2014\/01\/16107d926b699d46d98f1ff993eedfc5.jpg\",\"contentUrl\":\"https:\/\/pagina10.com\/web\/wp-content\/uploads\/2014\/01\/16107d926b699d46d98f1ff993eedfc5.jpg\",\"width\":550,\"height\":329},{\"@type\":\"BreadcrumbList\",\"@id\":\"https:\/\/pagina10.com\/web\/salva-una-vida-adopta-un-nuevo-amigo\/#breadcrumb\",\"itemListElement\":[{\"@type\":\"ListItem\",\"position\":1,\"name\":\"Portada\",\"item\":\"https:\/\/pagina10.com\/web\/\"},{\"@type\":\"ListItem\",\"position\":2,\"name\":\"Salva una vida, adopta un nuevo amigo\"}]},{\"@type\":\"WebSite\",\"@id\":\"https:\/\/pagina10.com\/web\/#website\",\"url\":\"https:\/\/pagina10.com\/web\/\",\"name\":\"P\u00e1gina10\",\"description\":\"Peri\u00f3dico Regional\",\"publisher\":{\"@id\":\"https:\/\/pagina10.com\/web\/#organization\"},\"alternateName\":\"P\u00e1gina10 Peri\u00f3dico Regional\",\"potentialAction\":[{\"@type\":\"SearchAction\",\"target\":{\"@type\":\"EntryPoint\",\"urlTemplate\":\"https:\/\/pagina10.com\/web\/?s={search_term_string}\"},\"query-input\":{\"@type\":\"PropertyValueSpecification\",\"valueRequired\":true,\"valueName\":\"search_term_string\"}}],\"inLanguage\":\"es\"},{\"@type\":\"Organization\",\"@id\":\"https:\/\/pagina10.com\/web\/#organization\",\"name\":\"P\u00e1gina10\",\"alternateName\":\"P\u00e1gina10 Peri\u00f3dico Regional\",\"url\":\"https:\/\/pagina10.com\/web\/\",\"logo\":{\"@type\":\"ImageObject\",\"inLanguage\":\"es\",\"@id\":\"https:\/\/pagina10.com\/web\/#\/schema\/logo\/image\/\",\"url\":\"https:\/\/pagina10.com\/web\/wp-content\/uploads\/2024\/01\/40-pagina-10-periodico-regional-pasto.jpg\",\"contentUrl\":\"https:\/\/pagina10.com\/web\/wp-content\/uploads\/2024\/01\/40-pagina-10-periodico-regional-pasto.jpg\",\"width\":1280,\"height\":720,\"caption\":\"P\u00e1gina10\"},\"image\":{\"@id\":\"https:\/\/pagina10.com\/web\/#\/schema\/logo\/image\/\"},\"sameAs\":[\"https:\/\/www.facebook.com\/pag10com\",\"https:\/\/x.com\/Pag10com\",\"https:\/\/www.instagram.com\/pagina10col\/\",\"https:\/\/youtube.com\/channel\/pag10\",\"https:\/\/www.tiktok.com\/@p10col\"]},{\"@type\":\"Person\",\"@id\":\"https:\/\/pagina10.com\/web\/#\/schema\/person\/a7a5d38f0629dfc107f619fbae4f6cc3\",\"name\":\"P\u00e1gina 10\",\"description\":\"P\u00e1gina10.com es un peri\u00f3dico digital que nace en Colombia, en el departamento de Nari\u00f1o, con un enfoque global, fundamentado en cuatro pilares esenciales: la libertad, el pluralismo, la inclusi\u00f3n y la independencia. P\u00e1gina10.com hace referencia a Nari\u00f1o como el d\u00e9cimo departamento creado en Colombia, despu\u00e9s de un proceso pol\u00edtico liderado por actores y actrices regionales con el fin de obtener la independencia y autonom\u00eda de nuestros territorios. Con la creaci\u00f3n de P\u00e1gina10.com se pretende abrir un escenario para el dialogo, la reflexi\u00f3n y el debate que se extienda a otras geograf\u00edas de Am\u00e9rica Latina y del planeta, en una apuesta por transformar colectivamente los desaf\u00edos de un mundo contempor\u00e1neo, m\u00e1s all\u00e1 de las fronteras impuestas.\",\"url\":\"https:\/\/pagina10.com\/web\/author\/mcepeda\/\"}]}<\/script>\n<!-- \/ Yoast SEO plugin. -->","yoast_head_json":{"title":"Salva una vida, adopta un nuevo amigo | P\u00e1gina10","robots":{"index":"index","follow":"follow","max-snippet":"max-snippet:-1","max-image-preview":"max-image-preview:large","max-video-preview":"max-video-preview:-1"},"canonical":"https:\/\/pagina10.com\/web\/salva-una-vida-adopta-un-nuevo-amigo\/","og_locale":"es_ES","og_type":"article","og_title":"Salva una vida, adopta un nuevo amigo | P\u00e1gina10","og_description":"La Secretar\u00eda de Gesti\u00f3n Ambiental a trav\u00e9s del Centro de Bienestar Animal hace un llamado a la comunidad para que se apropie de las normas de protecci\u00f3n animal, puesto que en los \u00faltimos d\u00edas se ha registrado en la ciudad un incremento de los n\u00fameros de caninos abandonados y maltratados. &nbsp; La m\u00e9dico veterinario de [&hellip;]","og_url":"https:\/\/pagina10.com\/web\/salva-una-vida-adopta-un-nuevo-amigo\/","og_site_name":"P\u00e1gina10","article_publisher":"https:\/\/www.facebook.com\/pag10com","article_published_time":"2014-01-29T16:09:35+00:00","og_image":[{"width":550,"height":329,"url":"https:\/\/pagina10.com\/web\/wp-content\/uploads\/2014\/01\/16107d926b699d46d98f1ff993eedfc5.jpg","type":"image\/jpeg"}],"author":"P\u00e1gina 10","twitter_card":"summary_large_image","twitter_creator":"@Pag10com","twitter_site":"@Pag10com","twitter_misc":{"Escrito por":"P\u00e1gina 10","Tiempo de lectura":"1 minuto"},"schema":{"@context":"https:\/\/schema.org","@graph":[{"@type":"Article","@id":"https:\/\/pagina10.com\/web\/salva-una-vida-adopta-un-nuevo-amigo\/#article","isPartOf":{"@id":"https:\/\/pagina10.com\/web\/salva-una-vida-adopta-un-nuevo-amigo\/"},"author":{"name":"P\u00e1gina 10","@id":"https:\/\/pagina10.com\/web\/#\/schema\/person\/a7a5d38f0629dfc107f619fbae4f6cc3"},"headline":"Salva una vida, adopta un nuevo amigo","datePublished":"2014-01-29T16:09:35+00:00","mainEntityOfPage":{"@id":"https:\/\/pagina10.com\/web\/salva-una-vida-adopta-un-nuevo-amigo\/"},"wordCount":134,"commentCount":0,"publisher":{"@id":"https:\/\/pagina10.com\/web\/#organization"},"image":{"@id":"https:\/\/pagina10.com\/web\/salva-una-vida-adopta-un-nuevo-amigo\/#primaryimage"},"thumbnailUrl":"https:\/\/pagina10.com\/web\/wp-content\/uploads\/2014\/01\/16107d926b699d46d98f1ff993eedfc5.jpg","articleSection":["Ciudad"],"inLanguage":"es","potentialAction":[{"@type":"CommentAction","name":"Comment","target":["https:\/\/pagina10.com\/web\/salva-una-vida-adopta-un-nuevo-amigo\/#respond"]}]},{"@type":"WebPage","@id":"https:\/\/pagina10.com\/web\/salva-una-vida-adopta-un-nuevo-amigo\/","url":"https:\/\/pagina10.com\/web\/salva-una-vida-adopta-un-nuevo-amigo\/","name":"Salva una vida, adopta un nuevo amigo | P\u00e1gina10","isPartOf":{"@id":"https:\/\/pagina10.com\/web\/#website"},"primaryImageOfPage":{"@id":"https:\/\/pagina10.com\/web\/salva-una-vida-adopta-un-nuevo-amigo\/#primaryimage"},"image":{"@id":"https:\/\/pagina10.com\/web\/salva-una-vida-adopta-un-nuevo-amigo\/#primaryimage"},"thumbnailUrl":"https:\/\/pagina10.com\/web\/wp-content\/uploads\/2014\/01\/16107d926b699d46d98f1ff993eedfc5.jpg","datePublished":"2014-01-29T16:09:35+00:00","breadcrumb":{"@id":"https:\/\/pagina10.com\/web\/salva-una-vida-adopta-un-nuevo-amigo\/#breadcrumb"},"inLanguage":"es","potentialAction":[{"@type":"ReadAction","target":["https:\/\/pagina10.com\/web\/salva-una-vida-adopta-un-nuevo-amigo\/"]}]},{"@type":"ImageObject","inLanguage":"es","@id":"https:\/\/pagina10.com\/web\/salva-una-vida-adopta-un-nuevo-amigo\/#primaryimage","url":"https:\/\/pagina10.com\/web\/wp-content\/uploads\/2014\/01\/16107d926b699d46d98f1ff993eedfc5.jpg","contentUrl":"https:\/\/pagina10.com\/web\/wp-content\/uploads\/2014\/01\/16107d926b699d46d98f1ff993eedfc5.jpg","width":550,"height":329},{"@type":"BreadcrumbList","@id":"https:\/\/pagina10.com\/web\/salva-una-vida-adopta-un-nuevo-amigo\/#breadcrumb","itemListElement":[{"@type":"ListItem","position":1,"name":"Portada","item":"https:\/\/pagina10.com\/web\/"},{"@type":"ListItem","position":2,"name":"Salva una vida, adopta un nuevo amigo"}]},{"@type":"WebSite","@id":"https:\/\/pagina10.com\/web\/#website","url":"https:\/\/pagina10.com\/web\/","name":"P\u00e1gina10","description":"Peri\u00f3dico Regional","publisher":{"@id":"https:\/\/pagina10.com\/web\/#organization"},"alternateName":"P\u00e1gina10 Peri\u00f3dico Regional","potentialAction":[{"@type":"SearchAction","target":{"@type":"EntryPoint","urlTemplate":"https:\/\/pagina10.com\/web\/?s={search_term_string}"},"query-input":{"@type":"PropertyValueSpecification","valueRequired":true,"valueName":"search_term_string"}}],"inLanguage":"es"},{"@type":"Organization","@id":"https:\/\/pagina10.com\/web\/#organization","name":"P\u00e1gina10","alternateName":"P\u00e1gina10 Peri\u00f3dico Regional","url":"https:\/\/pagina10.com\/web\/","logo":{"@type":"ImageObject","inLanguage":"es","@id":"https:\/\/pagina10.com\/web\/#\/schema\/logo\/image\/","url":"https:\/\/pagina10.com\/web\/wp-content\/uploads\/2024\/01\/40-pagina-10-periodico-regional-pasto.jpg","contentUrl":"https:\/\/pagina10.com\/web\/wp-content\/uploads\/2024\/01\/40-pagina-10-periodico-regional-pasto.jpg","width":1280,"height":720,"caption":"P\u00e1gina10"},"image":{"@id":"https:\/\/pagina10.com\/web\/#\/schema\/logo\/image\/"},"sameAs":["https:\/\/www.facebook.com\/pag10com","https:\/\/x.com\/Pag10com","https:\/\/www.instagram.com\/pagina10col\/","https:\/\/youtube.com\/channel\/pag10","https:\/\/www.tiktok.com\/@p10col"]},{"@type":"Person","@id":"https:\/\/pagina10.com\/web\/#\/schema\/person\/a7a5d38f0629dfc107f619fbae4f6cc3","name":"P\u00e1gina 10","description":"P\u00e1gina10.com es un peri\u00f3dico digital que nace en Colombia, en el departamento de Nari\u00f1o, con un enfoque global, fundamentado en cuatro pilares esenciales: la libertad, el pluralismo, la inclusi\u00f3n y la independencia. P\u00e1gina10.com hace referencia a Nari\u00f1o como el d\u00e9cimo departamento creado en Colombia, despu\u00e9s de un proceso pol\u00edtico liderado por actores y actrices regionales con el fin de obtener la independencia y autonom\u00eda de nuestros territorios. Con la creaci\u00f3n de P\u00e1gina10.com se pretende abrir un escenario para el dialogo, la reflexi\u00f3n y el debate que se extienda a otras geograf\u00edas de Am\u00e9rica Latina y del planeta, en una apuesta por transformar colectivamente los desaf\u00edos de un mundo contempor\u00e1neo, m\u00e1s all\u00e1 de las fronteras impuestas.","url":"https:\/\/pagina10.com\/web\/author\/mcepeda\/"}]}},"_links":{"self":[{"href":"https:\/\/pagina10.com\/web\/wp-json\/wp\/v2\/posts\/6392","targetHints":{"allow":["GET"]}}],"collection":[{"href":"https:\/\/pagina10.com\/web\/wp-json\/wp\/v2\/posts"}],"about":[{"href":"https:\/\/pagina10.com\/web\/wp-json\/wp\/v2\/types\/post"}],"author":[{"embeddable":true,"href":"https:\/\/pagina10.com\/web\/wp-json\/wp\/v2\/users\/29"}],"replies":[{"embeddable":true,"href":"https:\/\/pagina10.com\/web\/wp-json\/wp\/v2\/comments?post=6392"}],"version-history":[{"count":0,"href":"https:\/\/pagina10.com\/web\/wp-json\/wp\/v2\/posts\/6392\/revisions"}],"wp:featuredmedia":[{"embeddable":true,"href":"https:\/\/pagina10.com\/web\/wp-json\/wp\/v2\/media\/6391"}],"wp:attachment":[{"href":"https:\/\/pagina10.com\/web\/wp-json\/wp\/v2\/media?parent=6392"}],"wp:term":[{"taxonomy":"category","embeddable":true,"href":"https:\/\/pagina10.com\/web\/wp-json\/wp\/v2\/categories?post=6392"},{"taxonomy":"post_tag","embeddable":true,"href":"https:\/\/pagina10.com\/web\/wp-json\/wp\/v2\/tags?post=6392"}],"curies":[{"name":"wp","href":"https:\/\/api.w.org\/{rel}","templated":true}]}}