{"id":63996,"date":"2023-01-11T22:37:36","date_gmt":"2023-01-12T03:37:36","guid":{"rendered":"https:\/\/pagina10.com\/web\/?p=63996"},"modified":"2023-01-11T22:37:36","modified_gmt":"2023-01-12T03:37:36","slug":"ministerio-de-minas-y-energia-plantea-medidas-para-abastecer-de-combustible-a-narino-y-cauca","status":"publish","type":"post","link":"https:\/\/pagina10.com\/web\/ministerio-de-minas-y-energia-plantea-medidas-para-abastecer-de-combustible-a-narino-y-cauca\/","title":{"rendered":"Ministerio de Minas y Energ\u00eda plantea medidas para abastecer de combustible a Nari\u00f1o y Cauca"},"content":{"rendered":"<p style=\"text-align: justify;\">La Ministra de Minas y Energ\u00eda, Irene V\u00e9lez Torres, indic\u00f3 que como primera medida para garantizar la llegada de combustibles a los departamentos de Nari\u00f1o y Cauca se har\u00e1 uso de la planta de Petrodecol, ubicada en Tumaco, que permiti\u00f3 disponer de 43 mil barriles de gasolina motor corriente y 30 mil de di\u00e9sel, que iniciar\u00e1n su tr\u00e1nsito desde el d\u00eda de hoy y tendr\u00e1n una vigencia que ir\u00e1 hasta el 31 de enero.<\/p>\n<p style=\"text-align: justify;\">La segunda medida, seg\u00fan la funcionaria, ser\u00e1 el abastecimiento desde el puerto de Barranquilla hasta Tumaco. \u201cSe est\u00e1 negociando el cabotaje y se estima que inicie operaciones el 16 de enero para garantizar el abastecimiento en el Sur Occidente del pa\u00eds\u201d, indic\u00f3.<\/p>\n<p style=\"text-align: justify;\">Una tercera medida es que, en conjunto con el Ministerio de Transporte y entidades territoriales, se est\u00e1 trabajando para iniciar el cargue de combustible, GMC y di\u00e9sel en Neiva (Huila), el cual se llevar\u00e1 a Nari\u00f1o por la v\u00eda Mocoa \u2013 Pasto. Es de aclarar que esta ruta solo permite el tr\u00e1nsito de veh\u00edculos que no superen las 10 toneladas, por lo que se considera una medida complementaria.<\/p>\n<p style=\"text-align: justify;\">Como cuarta medida, a trav\u00e9s de Canciller\u00eda y en di\u00e1logo con el Gobierno de Ecuador, se solicit\u00f3 autorizaci\u00f3n para transitar veh\u00edculos cisterna desde ma\u00f1ana en la v\u00eda Pasto \u2013 Tulc\u00e1n &#8211; Lago Agrio &#8211; La Hormiga \u2013 Mocoa &#8211; Neiva \u2013 Gualanday. Esto permitir\u00e1 llevar al departamento de Nari\u00f1o alrededor de 3 mil barriles de combustible nacional. Se evaluar\u00e1 la posibilidad de convertirla en una ruta recurrente mientras se supera la emergencia.<\/p>\n<p style=\"text-align: justify;\">De otro lado y como quinta medida, se inici\u00f3 negociaci\u00f3n con Petroecuador para autorizar la importaci\u00f3n de producto para cubrir la demanda excedente y garantizar el consumo en la regi\u00f3n.<\/p>\n","protected":false},"excerpt":{"rendered":"<p>La Ministra de Minas y Energ\u00eda, Irene V\u00e9lez Torres, indic\u00f3 que como primera medida para garantizar la llegada de combustibles a los departamentos de Nari\u00f1o y Cauca se har\u00e1 uso de la planta de Petrodecol, ubicada en Tumaco, que permiti\u00f3 disponer de 43 mil barriles de gasolina motor corriente y 30 mil de di\u00e9sel, que [&hellip;]<\/p>\n","protected":false},"author":1,"featured_media":63997,"comment_status":"open","ping_status":"open","sticky":false,"template":"","format":"standard","meta":{"footnotes":""},"categories":[84],"tags":[],"class_list":["post-63996","post","type-post","status-publish","format-standard","has-post-thumbnail","hentry","category-global-2"],"yoast_head":"<!-- This site is optimized with the Yoast SEO plugin v27.1.1 - https:\/\/yoast.com\/product\/yoast-seo-wordpress\/ -->\n<title>Ministerio de Minas y Energ\u00eda plantea medidas para abastecer de combustible a Nari\u00f1o y Cauca | P\u00e1gina10<\/title>\n<meta name=\"robots\" content=\"index, follow, max-snippet:-1, max-image-preview:large, max-video-preview:-1\" \/>\n<link rel=\"canonical\" href=\"https:\/\/pagina10.com\/web\/ministerio-de-minas-y-energia-plantea-medidas-para-abastecer-de-combustible-a-narino-y-cauca\/\" \/>\n<meta property=\"og:locale\" content=\"es_ES\" \/>\n<meta property=\"og:type\" content=\"article\" \/>\n<meta property=\"og:title\" content=\"Ministerio de Minas y Energ\u00eda plantea medidas para abastecer de combustible a Nari\u00f1o y Cauca | P\u00e1gina10\" \/>\n<meta property=\"og:description\" content=\"La Ministra de Minas y Energ\u00eda, Irene V\u00e9lez Torres, indic\u00f3 que como primera medida para garantizar la llegada de combustibles a los departamentos de Nari\u00f1o y Cauca se har\u00e1 uso de la planta de Petrodecol, ubicada en Tumaco, que permiti\u00f3 disponer de 43 mil barriles de gasolina motor corriente y 30 mil de di\u00e9sel, que [&hellip;]\" \/>\n<meta property=\"og:url\" content=\"https:\/\/pagina10.com\/web\/ministerio-de-minas-y-energia-plantea-medidas-para-abastecer-de-combustible-a-narino-y-cauca\/\" \/>\n<meta property=\"og:site_name\" content=\"P\u00e1gina10\" \/>\n<meta property=\"article:publisher\" content=\"https:\/\/www.facebook.com\/pag10com\" \/>\n<meta property=\"article:published_time\" content=\"2023-01-12T03:37:36+00:00\" \/>\n<meta property=\"og:image\" content=\"https:\/\/pagina10.com\/web\/wp-content\/uploads\/2023\/01\/230119.jpg\" \/>\n\t<meta property=\"og:image:width\" content=\"1000\" \/>\n\t<meta property=\"og:image:height\" content=\"625\" \/>\n\t<meta property=\"og:image:type\" content=\"image\/jpeg\" \/>\n<meta name=\"author\" content=\"P\u00e1gina 10\" \/>\n<meta name=\"twitter:card\" content=\"summary_large_image\" \/>\n<meta name=\"twitter:creator\" content=\"@Pag10com\" \/>\n<meta name=\"twitter:site\" content=\"@Pag10com\" \/>\n<meta name=\"twitter:label1\" content=\"Escrito por\" \/>\n\t<meta name=\"twitter:data1\" content=\"P\u00e1gina 10\" \/>\n\t<meta name=\"twitter:label2\" content=\"Tiempo de lectura\" \/>\n\t<meta name=\"twitter:data2\" content=\"2 minutos\" \/>\n<script type=\"application\/ld+json\" class=\"yoast-schema-graph\">{\"@context\":\"https:\/\/schema.org\",\"@graph\":[{\"@type\":\"Article\",\"@id\":\"https:\/\/pagina10.com\/web\/ministerio-de-minas-y-energia-plantea-medidas-para-abastecer-de-combustible-a-narino-y-cauca\/#article\",\"isPartOf\":{\"@id\":\"https:\/\/pagina10.com\/web\/ministerio-de-minas-y-energia-plantea-medidas-para-abastecer-de-combustible-a-narino-y-cauca\/\"},\"author\":{\"name\":\"P\u00e1gina 10\",\"@id\":\"https:\/\/pagina10.com\/web\/#\/schema\/person\/2efc4a090d25b667d3bc796798a3a81b\"},\"headline\":\"Ministerio de Minas y Energ\u00eda plantea medidas para abastecer de combustible a Nari\u00f1o y Cauca\",\"datePublished\":\"2023-01-12T03:37:36+00:00\",\"mainEntityOfPage\":{\"@id\":\"https:\/\/pagina10.com\/web\/ministerio-de-minas-y-energia-plantea-medidas-para-abastecer-de-combustible-a-narino-y-cauca\/\"},\"wordCount\":320,\"commentCount\":0,\"publisher\":{\"@id\":\"https:\/\/pagina10.com\/web\/#organization\"},\"image\":{\"@id\":\"https:\/\/pagina10.com\/web\/ministerio-de-minas-y-energia-plantea-medidas-para-abastecer-de-combustible-a-narino-y-cauca\/#primaryimage\"},\"thumbnailUrl\":\"https:\/\/pagina10.com\/web\/wp-content\/uploads\/2023\/01\/230119.jpg\",\"articleSection\":[\"Global\"],\"inLanguage\":\"es\",\"potentialAction\":[{\"@type\":\"CommentAction\",\"name\":\"Comment\",\"target\":[\"https:\/\/pagina10.com\/web\/ministerio-de-minas-y-energia-plantea-medidas-para-abastecer-de-combustible-a-narino-y-cauca\/#respond\"]}]},{\"@type\":\"WebPage\",\"@id\":\"https:\/\/pagina10.com\/web\/ministerio-de-minas-y-energia-plantea-medidas-para-abastecer-de-combustible-a-narino-y-cauca\/\",\"url\":\"https:\/\/pagina10.com\/web\/ministerio-de-minas-y-energia-plantea-medidas-para-abastecer-de-combustible-a-narino-y-cauca\/\",\"name\":\"Ministerio de Minas y Energ\u00eda plantea medidas para abastecer de combustible a Nari\u00f1o y Cauca | P\u00e1gina10\",\"isPartOf\":{\"@id\":\"https:\/\/pagina10.com\/web\/#website\"},\"primaryImageOfPage\":{\"@id\":\"https:\/\/pagina10.com\/web\/ministerio-de-minas-y-energia-plantea-medidas-para-abastecer-de-combustible-a-narino-y-cauca\/#primaryimage\"},\"image\":{\"@id\":\"https:\/\/pagina10.com\/web\/ministerio-de-minas-y-energia-plantea-medidas-para-abastecer-de-combustible-a-narino-y-cauca\/#primaryimage\"},\"thumbnailUrl\":\"https:\/\/pagina10.com\/web\/wp-content\/uploads\/2023\/01\/230119.jpg\",\"datePublished\":\"2023-01-12T03:37:36+00:00\",\"breadcrumb\":{\"@id\":\"https:\/\/pagina10.com\/web\/ministerio-de-minas-y-energia-plantea-medidas-para-abastecer-de-combustible-a-narino-y-cauca\/#breadcrumb\"},\"inLanguage\":\"es\",\"potentialAction\":[{\"@type\":\"ReadAction\",\"target\":[\"https:\/\/pagina10.com\/web\/ministerio-de-minas-y-energia-plantea-medidas-para-abastecer-de-combustible-a-narino-y-cauca\/\"]}]},{\"@type\":\"ImageObject\",\"inLanguage\":\"es\",\"@id\":\"https:\/\/pagina10.com\/web\/ministerio-de-minas-y-energia-plantea-medidas-para-abastecer-de-combustible-a-narino-y-cauca\/#primaryimage\",\"url\":\"https:\/\/pagina10.com\/web\/wp-content\/uploads\/2023\/01\/230119.jpg\",\"contentUrl\":\"https:\/\/pagina10.com\/web\/wp-content\/uploads\/2023\/01\/230119.jpg\",\"width\":1000,\"height\":625},{\"@type\":\"BreadcrumbList\",\"@id\":\"https:\/\/pagina10.com\/web\/ministerio-de-minas-y-energia-plantea-medidas-para-abastecer-de-combustible-a-narino-y-cauca\/#breadcrumb\",\"itemListElement\":[{\"@type\":\"ListItem\",\"position\":1,\"name\":\"Portada\",\"item\":\"https:\/\/pagina10.com\/web\/\"},{\"@type\":\"ListItem\",\"position\":2,\"name\":\"Ministerio de Minas y Energ\u00eda plantea medidas para abastecer de combustible a Nari\u00f1o y Cauca\"}]},{\"@type\":\"WebSite\",\"@id\":\"https:\/\/pagina10.com\/web\/#website\",\"url\":\"https:\/\/pagina10.com\/web\/\",\"name\":\"P\u00e1gina10\",\"description\":\"Peri\u00f3dico Regional\",\"publisher\":{\"@id\":\"https:\/\/pagina10.com\/web\/#organization\"},\"alternateName\":\"P\u00e1gina10 Peri\u00f3dico Regional\",\"potentialAction\":[{\"@type\":\"SearchAction\",\"target\":{\"@type\":\"EntryPoint\",\"urlTemplate\":\"https:\/\/pagina10.com\/web\/?s={search_term_string}\"},\"query-input\":{\"@type\":\"PropertyValueSpecification\",\"valueRequired\":true,\"valueName\":\"search_term_string\"}}],\"inLanguage\":\"es\"},{\"@type\":\"Organization\",\"@id\":\"https:\/\/pagina10.com\/web\/#organization\",\"name\":\"P\u00e1gina10\",\"alternateName\":\"P\u00e1gina10 Peri\u00f3dico Regional\",\"url\":\"https:\/\/pagina10.com\/web\/\",\"logo\":{\"@type\":\"ImageObject\",\"inLanguage\":\"es\",\"@id\":\"https:\/\/pagina10.com\/web\/#\/schema\/logo\/image\/\",\"url\":\"https:\/\/pagina10.com\/web\/wp-content\/uploads\/2024\/01\/40-pagina-10-periodico-regional-pasto.jpg\",\"contentUrl\":\"https:\/\/pagina10.com\/web\/wp-content\/uploads\/2024\/01\/40-pagina-10-periodico-regional-pasto.jpg\",\"width\":1280,\"height\":720,\"caption\":\"P\u00e1gina10\"},\"image\":{\"@id\":\"https:\/\/pagina10.com\/web\/#\/schema\/logo\/image\/\"},\"sameAs\":[\"https:\/\/www.facebook.com\/pag10com\",\"https:\/\/x.com\/Pag10com\",\"https:\/\/www.instagram.com\/pagina10col\/\",\"https:\/\/youtube.com\/channel\/pag10\",\"https:\/\/www.tiktok.com\/@p10col\"]},{\"@type\":\"Person\",\"@id\":\"https:\/\/pagina10.com\/web\/#\/schema\/person\/2efc4a090d25b667d3bc796798a3a81b\",\"name\":\"P\u00e1gina 10\",\"description\":\"P\u00e1gina 10 es un peri\u00f3dico regional que nace en Colombia, en el departamento de Nari\u00f1o, con un enfoque global, fundamentado en cuatro pilares esenciales: la libertad, el pluralismo, la inclusi\u00f3n y la independencia. P\u00e1gina 10 hace referencia a Nari\u00f1o como el d\u00e9cimo departamento creado en Colombia, despu\u00e9s de un proceso pol\u00edtico liderado por actores y actrices regionales con el fin de obtener la independencia y autonom\u00eda de nuestros territorios. Con la creaci\u00f3n de P\u00e1gina 10 se pretende abrir un escenario para el dialogo, la reflexi\u00f3n y el debate que se extienda a otras geograf\u00edas de Am\u00e9rica Latina y del planeta, en una apuesta por transformar colectivamente los desaf\u00edos de un mundo contempor\u00e1neo, m\u00e1s all\u00e1 de las fronteras impuestas.\",\"url\":\"https:\/\/pagina10.com\/web\/author\/pdiezadmin\/\"}]}<\/script>\n<!-- \/ Yoast SEO plugin. -->","yoast_head_json":{"title":"Ministerio de Minas y Energ\u00eda plantea medidas para abastecer de combustible a Nari\u00f1o y Cauca | P\u00e1gina10","robots":{"index":"index","follow":"follow","max-snippet":"max-snippet:-1","max-image-preview":"max-image-preview:large","max-video-preview":"max-video-preview:-1"},"canonical":"https:\/\/pagina10.com\/web\/ministerio-de-minas-y-energia-plantea-medidas-para-abastecer-de-combustible-a-narino-y-cauca\/","og_locale":"es_ES","og_type":"article","og_title":"Ministerio de Minas y Energ\u00eda plantea medidas para abastecer de combustible a Nari\u00f1o y Cauca | P\u00e1gina10","og_description":"La Ministra de Minas y Energ\u00eda, Irene V\u00e9lez Torres, indic\u00f3 que como primera medida para garantizar la llegada de combustibles a los departamentos de Nari\u00f1o y Cauca se har\u00e1 uso de la planta de Petrodecol, ubicada en Tumaco, que permiti\u00f3 disponer de 43 mil barriles de gasolina motor corriente y 30 mil de di\u00e9sel, que [&hellip;]","og_url":"https:\/\/pagina10.com\/web\/ministerio-de-minas-y-energia-plantea-medidas-para-abastecer-de-combustible-a-narino-y-cauca\/","og_site_name":"P\u00e1gina10","article_publisher":"https:\/\/www.facebook.com\/pag10com","article_published_time":"2023-01-12T03:37:36+00:00","og_image":[{"width":1000,"height":625,"url":"https:\/\/pagina10.com\/web\/wp-content\/uploads\/2023\/01\/230119.jpg","type":"image\/jpeg"}],"author":"P\u00e1gina 10","twitter_card":"summary_large_image","twitter_creator":"@Pag10com","twitter_site":"@Pag10com","twitter_misc":{"Escrito por":"P\u00e1gina 10","Tiempo de lectura":"2 minutos"},"schema":{"@context":"https:\/\/schema.org","@graph":[{"@type":"Article","@id":"https:\/\/pagina10.com\/web\/ministerio-de-minas-y-energia-plantea-medidas-para-abastecer-de-combustible-a-narino-y-cauca\/#article","isPartOf":{"@id":"https:\/\/pagina10.com\/web\/ministerio-de-minas-y-energia-plantea-medidas-para-abastecer-de-combustible-a-narino-y-cauca\/"},"author":{"name":"P\u00e1gina 10","@id":"https:\/\/pagina10.com\/web\/#\/schema\/person\/2efc4a090d25b667d3bc796798a3a81b"},"headline":"Ministerio de Minas y Energ\u00eda plantea medidas para abastecer de combustible a Nari\u00f1o y Cauca","datePublished":"2023-01-12T03:37:36+00:00","mainEntityOfPage":{"@id":"https:\/\/pagina10.com\/web\/ministerio-de-minas-y-energia-plantea-medidas-para-abastecer-de-combustible-a-narino-y-cauca\/"},"wordCount":320,"commentCount":0,"publisher":{"@id":"https:\/\/pagina10.com\/web\/#organization"},"image":{"@id":"https:\/\/pagina10.com\/web\/ministerio-de-minas-y-energia-plantea-medidas-para-abastecer-de-combustible-a-narino-y-cauca\/#primaryimage"},"thumbnailUrl":"https:\/\/pagina10.com\/web\/wp-content\/uploads\/2023\/01\/230119.jpg","articleSection":["Global"],"inLanguage":"es","potentialAction":[{"@type":"CommentAction","name":"Comment","target":["https:\/\/pagina10.com\/web\/ministerio-de-minas-y-energia-plantea-medidas-para-abastecer-de-combustible-a-narino-y-cauca\/#respond"]}]},{"@type":"WebPage","@id":"https:\/\/pagina10.com\/web\/ministerio-de-minas-y-energia-plantea-medidas-para-abastecer-de-combustible-a-narino-y-cauca\/","url":"https:\/\/pagina10.com\/web\/ministerio-de-minas-y-energia-plantea-medidas-para-abastecer-de-combustible-a-narino-y-cauca\/","name":"Ministerio de Minas y Energ\u00eda plantea medidas para abastecer de combustible a Nari\u00f1o y Cauca | P\u00e1gina10","isPartOf":{"@id":"https:\/\/pagina10.com\/web\/#website"},"primaryImageOfPage":{"@id":"https:\/\/pagina10.com\/web\/ministerio-de-minas-y-energia-plantea-medidas-para-abastecer-de-combustible-a-narino-y-cauca\/#primaryimage"},"image":{"@id":"https:\/\/pagina10.com\/web\/ministerio-de-minas-y-energia-plantea-medidas-para-abastecer-de-combustible-a-narino-y-cauca\/#primaryimage"},"thumbnailUrl":"https:\/\/pagina10.com\/web\/wp-content\/uploads\/2023\/01\/230119.jpg","datePublished":"2023-01-12T03:37:36+00:00","breadcrumb":{"@id":"https:\/\/pagina10.com\/web\/ministerio-de-minas-y-energia-plantea-medidas-para-abastecer-de-combustible-a-narino-y-cauca\/#breadcrumb"},"inLanguage":"es","potentialAction":[{"@type":"ReadAction","target":["https:\/\/pagina10.com\/web\/ministerio-de-minas-y-energia-plantea-medidas-para-abastecer-de-combustible-a-narino-y-cauca\/"]}]},{"@type":"ImageObject","inLanguage":"es","@id":"https:\/\/pagina10.com\/web\/ministerio-de-minas-y-energia-plantea-medidas-para-abastecer-de-combustible-a-narino-y-cauca\/#primaryimage","url":"https:\/\/pagina10.com\/web\/wp-content\/uploads\/2023\/01\/230119.jpg","contentUrl":"https:\/\/pagina10.com\/web\/wp-content\/uploads\/2023\/01\/230119.jpg","width":1000,"height":625},{"@type":"BreadcrumbList","@id":"https:\/\/pagina10.com\/web\/ministerio-de-minas-y-energia-plantea-medidas-para-abastecer-de-combustible-a-narino-y-cauca\/#breadcrumb","itemListElement":[{"@type":"ListItem","position":1,"name":"Portada","item":"https:\/\/pagina10.com\/web\/"},{"@type":"ListItem","position":2,"name":"Ministerio de Minas y Energ\u00eda plantea medidas para abastecer de combustible a Nari\u00f1o y Cauca"}]},{"@type":"WebSite","@id":"https:\/\/pagina10.com\/web\/#website","url":"https:\/\/pagina10.com\/web\/","name":"P\u00e1gina10","description":"Peri\u00f3dico Regional","publisher":{"@id":"https:\/\/pagina10.com\/web\/#organization"},"alternateName":"P\u00e1gina10 Peri\u00f3dico Regional","potentialAction":[{"@type":"SearchAction","target":{"@type":"EntryPoint","urlTemplate":"https:\/\/pagina10.com\/web\/?s={search_term_string}"},"query-input":{"@type":"PropertyValueSpecification","valueRequired":true,"valueName":"search_term_string"}}],"inLanguage":"es"},{"@type":"Organization","@id":"https:\/\/pagina10.com\/web\/#organization","name":"P\u00e1gina10","alternateName":"P\u00e1gina10 Peri\u00f3dico Regional","url":"https:\/\/pagina10.com\/web\/","logo":{"@type":"ImageObject","inLanguage":"es","@id":"https:\/\/pagina10.com\/web\/#\/schema\/logo\/image\/","url":"https:\/\/pagina10.com\/web\/wp-content\/uploads\/2024\/01\/40-pagina-10-periodico-regional-pasto.jpg","contentUrl":"https:\/\/pagina10.com\/web\/wp-content\/uploads\/2024\/01\/40-pagina-10-periodico-regional-pasto.jpg","width":1280,"height":720,"caption":"P\u00e1gina10"},"image":{"@id":"https:\/\/pagina10.com\/web\/#\/schema\/logo\/image\/"},"sameAs":["https:\/\/www.facebook.com\/pag10com","https:\/\/x.com\/Pag10com","https:\/\/www.instagram.com\/pagina10col\/","https:\/\/youtube.com\/channel\/pag10","https:\/\/www.tiktok.com\/@p10col"]},{"@type":"Person","@id":"https:\/\/pagina10.com\/web\/#\/schema\/person\/2efc4a090d25b667d3bc796798a3a81b","name":"P\u00e1gina 10","description":"P\u00e1gina 10 es un peri\u00f3dico regional que nace en Colombia, en el departamento de Nari\u00f1o, con un enfoque global, fundamentado en cuatro pilares esenciales: la libertad, el pluralismo, la inclusi\u00f3n y la independencia. P\u00e1gina 10 hace referencia a Nari\u00f1o como el d\u00e9cimo departamento creado en Colombia, despu\u00e9s de un proceso pol\u00edtico liderado por actores y actrices regionales con el fin de obtener la independencia y autonom\u00eda de nuestros territorios. Con la creaci\u00f3n de P\u00e1gina 10 se pretende abrir un escenario para el dialogo, la reflexi\u00f3n y el debate que se extienda a otras geograf\u00edas de Am\u00e9rica Latina y del planeta, en una apuesta por transformar colectivamente los desaf\u00edos de un mundo contempor\u00e1neo, m\u00e1s all\u00e1 de las fronteras impuestas.","url":"https:\/\/pagina10.com\/web\/author\/pdiezadmin\/"}]}},"_links":{"self":[{"href":"https:\/\/pagina10.com\/web\/wp-json\/wp\/v2\/posts\/63996","targetHints":{"allow":["GET"]}}],"collection":[{"href":"https:\/\/pagina10.com\/web\/wp-json\/wp\/v2\/posts"}],"about":[{"href":"https:\/\/pagina10.com\/web\/wp-json\/wp\/v2\/types\/post"}],"author":[{"embeddable":true,"href":"https:\/\/pagina10.com\/web\/wp-json\/wp\/v2\/users\/1"}],"replies":[{"embeddable":true,"href":"https:\/\/pagina10.com\/web\/wp-json\/wp\/v2\/comments?post=63996"}],"version-history":[{"count":1,"href":"https:\/\/pagina10.com\/web\/wp-json\/wp\/v2\/posts\/63996\/revisions"}],"predecessor-version":[{"id":63998,"href":"https:\/\/pagina10.com\/web\/wp-json\/wp\/v2\/posts\/63996\/revisions\/63998"}],"wp:featuredmedia":[{"embeddable":true,"href":"https:\/\/pagina10.com\/web\/wp-json\/wp\/v2\/media\/63997"}],"wp:attachment":[{"href":"https:\/\/pagina10.com\/web\/wp-json\/wp\/v2\/media?parent=63996"}],"wp:term":[{"taxonomy":"category","embeddable":true,"href":"https:\/\/pagina10.com\/web\/wp-json\/wp\/v2\/categories?post=63996"},{"taxonomy":"post_tag","embeddable":true,"href":"https:\/\/pagina10.com\/web\/wp-json\/wp\/v2\/tags?post=63996"}],"curies":[{"name":"wp","href":"https:\/\/api.w.org\/{rel}","templated":true}]}}