{"id":63999,"date":"2023-01-12T00:25:50","date_gmt":"2023-01-12T05:25:50","guid":{"rendered":"https:\/\/pagina10.com\/web\/?p=63999"},"modified":"2023-01-12T00:25:50","modified_gmt":"2023-01-12T05:25:50","slug":"investigaran-a-politico-narinense-y-ocho-funcionarios-mas-salpicados-por-el-escandalo-de-odebrecht","status":"publish","type":"post","link":"https:\/\/pagina10.com\/web\/investigaran-a-politico-narinense-y-ocho-funcionarios-mas-salpicados-por-el-escandalo-de-odebrecht\/","title":{"rendered":"Investigar\u00e1n a pol\u00edtico nari\u00f1ense y ocho funcionarios m\u00e1s salpicados por el esc\u00e1ndalo de Odebrecht"},"content":{"rendered":"<p style=\"text-align: justify;\">Despu\u00e9s de analizar abundantes elementos materiales probatorios, un fiscal del Grupo de Tareas Especiales para el caso Odebrecht, radic\u00f3 solicitud de audiencia de formulaci\u00f3n de imputaci\u00f3n contra nueve funcionarios y exfuncionarios de la Agencia Nacional de Infraestructura ANI.<\/p>\n<p style=\"text-align: justify;\">Estas personas, seg\u00fan el ente investigador, tramitaron y suscribieron sin el cumplimiento de los requisitos esenciales, el otros\u00ed No. 5 al Contrato de Concesi\u00f3n No. 007 de 2010, para la elaboraci\u00f3n de los estudios y dise\u00f1os de la fase III de un segundo puente entre los municipios de Plato y Zambrano en el departamento de Magdalena. Los delitos que ser\u00e1n imputados son: celebraci\u00f3n de contratos sin cumplimiento de requisitos legales y enriquecimiento il\u00edcito de particulares.<\/p>\n<p style=\"text-align: justify;\">La decisi\u00f3n afecta a 9 funcionarios de la ANI para la \u00e9poca de los hechos. Se trata del pol\u00edtico nari\u00f1ense y actual presidente del partido Cambio Radical Germ\u00e1n Edmundo C\u00f3rdoba Ord\u00f3\u00f1ez, como vicepresidente ejecutivo.<\/p>\n<p style=\"text-align: justify;\">A \u00e9l se suman los miembros del Comit\u00e9 Asesor de Asuntos Contractuales: Margarita Montilla Herrera, Camilo Andr\u00e9s Jaramillo Berrocal, Poldy Paola Osorio \u00c1lvarez, Andr\u00e9s Figueredo Serpa, Juan Gabriel Cisneros Llanos, Eggna Dorayne Franco M\u00e9ndez, Alberto Barajas Nova y Luis Fernando Andrade Moreno, quien se desempa\u00f1aba como presidente, ya cuenta con una investigaci\u00f3n en etapa de juicio y ahora recibir\u00e1 una nueva imputaci\u00f3n.<\/p>\n<p style=\"text-align: justify;\">Es importante se\u00f1alar que con estas imputaciones la Fiscal\u00eda cierra el cap\u00edtulo de las judicializaciones en el caso de la Ruta del Sol III. Lo anterior teniendo en cuenta que ya se han adelantado investigaciones contundentes por esos mismos hechos y han comparecido ante la justicia empresarios que prestaron sus compa\u00f1\u00edas como veh\u00edculos financieros para cometer il\u00edcitos.<\/p>\n","protected":false},"excerpt":{"rendered":"<p>Despu\u00e9s de analizar abundantes elementos materiales probatorios, un fiscal del Grupo de Tareas Especiales para el caso Odebrecht, radic\u00f3 solicitud de audiencia de formulaci\u00f3n de imputaci\u00f3n contra nueve funcionarios y exfuncionarios de la Agencia Nacional de Infraestructura ANI. Estas personas, seg\u00fan el ente investigador, tramitaron y suscribieron sin el cumplimiento de los requisitos esenciales, el [&hellip;]<\/p>\n","protected":false},"author":1,"featured_media":64000,"comment_status":"open","ping_status":"open","sticky":false,"template":"","format":"standard","meta":{"footnotes":""},"categories":[84],"tags":[],"class_list":["post-63999","post","type-post","status-publish","format-standard","has-post-thumbnail","hentry","category-global-2"],"yoast_head":"<!-- This site is optimized with the Yoast SEO plugin v27.1.1 - https:\/\/yoast.com\/product\/yoast-seo-wordpress\/ -->\n<title>Investigar\u00e1n a pol\u00edtico nari\u00f1ense y ocho funcionarios m\u00e1s salpicados por el esc\u00e1ndalo de Odebrecht | P\u00e1gina10<\/title>\n<meta name=\"robots\" content=\"index, follow, max-snippet:-1, max-image-preview:large, max-video-preview:-1\" \/>\n<link rel=\"canonical\" href=\"https:\/\/pagina10.com\/web\/investigaran-a-politico-narinense-y-ocho-funcionarios-mas-salpicados-por-el-escandalo-de-odebrecht\/\" \/>\n<meta property=\"og:locale\" content=\"es_ES\" \/>\n<meta property=\"og:type\" content=\"article\" \/>\n<meta property=\"og:title\" content=\"Investigar\u00e1n a pol\u00edtico nari\u00f1ense y ocho funcionarios m\u00e1s salpicados por el esc\u00e1ndalo de Odebrecht | P\u00e1gina10\" \/>\n<meta property=\"og:description\" content=\"Despu\u00e9s de analizar abundantes elementos materiales probatorios, un fiscal del Grupo de Tareas Especiales para el caso Odebrecht, radic\u00f3 solicitud de audiencia de formulaci\u00f3n de imputaci\u00f3n contra nueve funcionarios y exfuncionarios de la Agencia Nacional de Infraestructura ANI. Estas personas, seg\u00fan el ente investigador, tramitaron y suscribieron sin el cumplimiento de los requisitos esenciales, el [&hellip;]\" \/>\n<meta property=\"og:url\" content=\"https:\/\/pagina10.com\/web\/investigaran-a-politico-narinense-y-ocho-funcionarios-mas-salpicados-por-el-escandalo-de-odebrecht\/\" \/>\n<meta property=\"og:site_name\" content=\"P\u00e1gina10\" \/>\n<meta property=\"article:publisher\" content=\"https:\/\/www.facebook.com\/pag10com\" \/>\n<meta property=\"article:published_time\" content=\"2023-01-12T05:25:50+00:00\" \/>\n<meta property=\"og:image\" content=\"https:\/\/pagina10.com\/web\/wp-content\/uploads\/2023\/01\/KLMOBFJNKRBLXA75DKOPIBOSTM.jpeg\" \/>\n\t<meta property=\"og:image:width\" content=\"1024\" \/>\n\t<meta property=\"og:image:height\" content=\"576\" \/>\n\t<meta property=\"og:image:type\" content=\"image\/jpeg\" \/>\n<meta name=\"author\" content=\"P\u00e1gina 10\" \/>\n<meta name=\"twitter:card\" content=\"summary_large_image\" \/>\n<meta name=\"twitter:creator\" content=\"@Pag10com\" \/>\n<meta name=\"twitter:site\" content=\"@Pag10com\" \/>\n<meta name=\"twitter:label1\" content=\"Escrito por\" \/>\n\t<meta name=\"twitter:data1\" content=\"P\u00e1gina 10\" \/>\n\t<meta name=\"twitter:label2\" content=\"Tiempo de lectura\" \/>\n\t<meta name=\"twitter:data2\" content=\"1 minuto\" \/>\n<script type=\"application\/ld+json\" class=\"yoast-schema-graph\">{\"@context\":\"https:\/\/schema.org\",\"@graph\":[{\"@type\":\"Article\",\"@id\":\"https:\/\/pagina10.com\/web\/investigaran-a-politico-narinense-y-ocho-funcionarios-mas-salpicados-por-el-escandalo-de-odebrecht\/#article\",\"isPartOf\":{\"@id\":\"https:\/\/pagina10.com\/web\/investigaran-a-politico-narinense-y-ocho-funcionarios-mas-salpicados-por-el-escandalo-de-odebrecht\/\"},\"author\":{\"name\":\"P\u00e1gina 10\",\"@id\":\"https:\/\/pagina10.com\/web\/#\/schema\/person\/2efc4a090d25b667d3bc796798a3a81b\"},\"headline\":\"Investigar\u00e1n a pol\u00edtico nari\u00f1ense y ocho funcionarios m\u00e1s salpicados por el esc\u00e1ndalo de Odebrecht\",\"datePublished\":\"2023-01-12T05:25:50+00:00\",\"mainEntityOfPage\":{\"@id\":\"https:\/\/pagina10.com\/web\/investigaran-a-politico-narinense-y-ocho-funcionarios-mas-salpicados-por-el-escandalo-de-odebrecht\/\"},\"wordCount\":309,\"commentCount\":0,\"publisher\":{\"@id\":\"https:\/\/pagina10.com\/web\/#organization\"},\"image\":{\"@id\":\"https:\/\/pagina10.com\/web\/investigaran-a-politico-narinense-y-ocho-funcionarios-mas-salpicados-por-el-escandalo-de-odebrecht\/#primaryimage\"},\"thumbnailUrl\":\"https:\/\/pagina10.com\/web\/wp-content\/uploads\/2023\/01\/KLMOBFJNKRBLXA75DKOPIBOSTM.jpeg\",\"articleSection\":[\"Global\"],\"inLanguage\":\"es\",\"potentialAction\":[{\"@type\":\"CommentAction\",\"name\":\"Comment\",\"target\":[\"https:\/\/pagina10.com\/web\/investigaran-a-politico-narinense-y-ocho-funcionarios-mas-salpicados-por-el-escandalo-de-odebrecht\/#respond\"]}]},{\"@type\":\"WebPage\",\"@id\":\"https:\/\/pagina10.com\/web\/investigaran-a-politico-narinense-y-ocho-funcionarios-mas-salpicados-por-el-escandalo-de-odebrecht\/\",\"url\":\"https:\/\/pagina10.com\/web\/investigaran-a-politico-narinense-y-ocho-funcionarios-mas-salpicados-por-el-escandalo-de-odebrecht\/\",\"name\":\"Investigar\u00e1n a pol\u00edtico nari\u00f1ense y ocho funcionarios m\u00e1s salpicados por el esc\u00e1ndalo de Odebrecht | P\u00e1gina10\",\"isPartOf\":{\"@id\":\"https:\/\/pagina10.com\/web\/#website\"},\"primaryImageOfPage\":{\"@id\":\"https:\/\/pagina10.com\/web\/investigaran-a-politico-narinense-y-ocho-funcionarios-mas-salpicados-por-el-escandalo-de-odebrecht\/#primaryimage\"},\"image\":{\"@id\":\"https:\/\/pagina10.com\/web\/investigaran-a-politico-narinense-y-ocho-funcionarios-mas-salpicados-por-el-escandalo-de-odebrecht\/#primaryimage\"},\"thumbnailUrl\":\"https:\/\/pagina10.com\/web\/wp-content\/uploads\/2023\/01\/KLMOBFJNKRBLXA75DKOPIBOSTM.jpeg\",\"datePublished\":\"2023-01-12T05:25:50+00:00\",\"breadcrumb\":{\"@id\":\"https:\/\/pagina10.com\/web\/investigaran-a-politico-narinense-y-ocho-funcionarios-mas-salpicados-por-el-escandalo-de-odebrecht\/#breadcrumb\"},\"inLanguage\":\"es\",\"potentialAction\":[{\"@type\":\"ReadAction\",\"target\":[\"https:\/\/pagina10.com\/web\/investigaran-a-politico-narinense-y-ocho-funcionarios-mas-salpicados-por-el-escandalo-de-odebrecht\/\"]}]},{\"@type\":\"ImageObject\",\"inLanguage\":\"es\",\"@id\":\"https:\/\/pagina10.com\/web\/investigaran-a-politico-narinense-y-ocho-funcionarios-mas-salpicados-por-el-escandalo-de-odebrecht\/#primaryimage\",\"url\":\"https:\/\/pagina10.com\/web\/wp-content\/uploads\/2023\/01\/KLMOBFJNKRBLXA75DKOPIBOSTM.jpeg\",\"contentUrl\":\"https:\/\/pagina10.com\/web\/wp-content\/uploads\/2023\/01\/KLMOBFJNKRBLXA75DKOPIBOSTM.jpeg\",\"width\":1024,\"height\":576},{\"@type\":\"BreadcrumbList\",\"@id\":\"https:\/\/pagina10.com\/web\/investigaran-a-politico-narinense-y-ocho-funcionarios-mas-salpicados-por-el-escandalo-de-odebrecht\/#breadcrumb\",\"itemListElement\":[{\"@type\":\"ListItem\",\"position\":1,\"name\":\"Portada\",\"item\":\"https:\/\/pagina10.com\/web\/\"},{\"@type\":\"ListItem\",\"position\":2,\"name\":\"Investigar\u00e1n a pol\u00edtico nari\u00f1ense y ocho funcionarios m\u00e1s salpicados por el esc\u00e1ndalo de Odebrecht\"}]},{\"@type\":\"WebSite\",\"@id\":\"https:\/\/pagina10.com\/web\/#website\",\"url\":\"https:\/\/pagina10.com\/web\/\",\"name\":\"P\u00e1gina10\",\"description\":\"Peri\u00f3dico Regional\",\"publisher\":{\"@id\":\"https:\/\/pagina10.com\/web\/#organization\"},\"alternateName\":\"P\u00e1gina10 Peri\u00f3dico Regional\",\"potentialAction\":[{\"@type\":\"SearchAction\",\"target\":{\"@type\":\"EntryPoint\",\"urlTemplate\":\"https:\/\/pagina10.com\/web\/?s={search_term_string}\"},\"query-input\":{\"@type\":\"PropertyValueSpecification\",\"valueRequired\":true,\"valueName\":\"search_term_string\"}}],\"inLanguage\":\"es\"},{\"@type\":\"Organization\",\"@id\":\"https:\/\/pagina10.com\/web\/#organization\",\"name\":\"P\u00e1gina10\",\"alternateName\":\"P\u00e1gina10 Peri\u00f3dico Regional\",\"url\":\"https:\/\/pagina10.com\/web\/\",\"logo\":{\"@type\":\"ImageObject\",\"inLanguage\":\"es\",\"@id\":\"https:\/\/pagina10.com\/web\/#\/schema\/logo\/image\/\",\"url\":\"https:\/\/pagina10.com\/web\/wp-content\/uploads\/2024\/01\/40-pagina-10-periodico-regional-pasto.jpg\",\"contentUrl\":\"https:\/\/pagina10.com\/web\/wp-content\/uploads\/2024\/01\/40-pagina-10-periodico-regional-pasto.jpg\",\"width\":1280,\"height\":720,\"caption\":\"P\u00e1gina10\"},\"image\":{\"@id\":\"https:\/\/pagina10.com\/web\/#\/schema\/logo\/image\/\"},\"sameAs\":[\"https:\/\/www.facebook.com\/pag10com\",\"https:\/\/x.com\/Pag10com\",\"https:\/\/www.instagram.com\/pagina10col\/\",\"https:\/\/youtube.com\/channel\/pag10\",\"https:\/\/www.tiktok.com\/@p10col\"]},{\"@type\":\"Person\",\"@id\":\"https:\/\/pagina10.com\/web\/#\/schema\/person\/2efc4a090d25b667d3bc796798a3a81b\",\"name\":\"P\u00e1gina 10\",\"description\":\"P\u00e1gina 10 es un peri\u00f3dico regional que nace en Colombia, en el departamento de Nari\u00f1o, con un enfoque global, fundamentado en cuatro pilares esenciales: la libertad, el pluralismo, la inclusi\u00f3n y la independencia. P\u00e1gina 10 hace referencia a Nari\u00f1o como el d\u00e9cimo departamento creado en Colombia, despu\u00e9s de un proceso pol\u00edtico liderado por actores y actrices regionales con el fin de obtener la independencia y autonom\u00eda de nuestros territorios. Con la creaci\u00f3n de P\u00e1gina 10 se pretende abrir un escenario para el dialogo, la reflexi\u00f3n y el debate que se extienda a otras geograf\u00edas de Am\u00e9rica Latina y del planeta, en una apuesta por transformar colectivamente los desaf\u00edos de un mundo contempor\u00e1neo, m\u00e1s all\u00e1 de las fronteras impuestas.\",\"url\":\"https:\/\/pagina10.com\/web\/author\/pdiezadmin\/\"}]}<\/script>\n<!-- \/ Yoast SEO plugin. -->","yoast_head_json":{"title":"Investigar\u00e1n a pol\u00edtico nari\u00f1ense y ocho funcionarios m\u00e1s salpicados por el esc\u00e1ndalo de Odebrecht | P\u00e1gina10","robots":{"index":"index","follow":"follow","max-snippet":"max-snippet:-1","max-image-preview":"max-image-preview:large","max-video-preview":"max-video-preview:-1"},"canonical":"https:\/\/pagina10.com\/web\/investigaran-a-politico-narinense-y-ocho-funcionarios-mas-salpicados-por-el-escandalo-de-odebrecht\/","og_locale":"es_ES","og_type":"article","og_title":"Investigar\u00e1n a pol\u00edtico nari\u00f1ense y ocho funcionarios m\u00e1s salpicados por el esc\u00e1ndalo de Odebrecht | P\u00e1gina10","og_description":"Despu\u00e9s de analizar abundantes elementos materiales probatorios, un fiscal del Grupo de Tareas Especiales para el caso Odebrecht, radic\u00f3 solicitud de audiencia de formulaci\u00f3n de imputaci\u00f3n contra nueve funcionarios y exfuncionarios de la Agencia Nacional de Infraestructura ANI. Estas personas, seg\u00fan el ente investigador, tramitaron y suscribieron sin el cumplimiento de los requisitos esenciales, el [&hellip;]","og_url":"https:\/\/pagina10.com\/web\/investigaran-a-politico-narinense-y-ocho-funcionarios-mas-salpicados-por-el-escandalo-de-odebrecht\/","og_site_name":"P\u00e1gina10","article_publisher":"https:\/\/www.facebook.com\/pag10com","article_published_time":"2023-01-12T05:25:50+00:00","og_image":[{"width":1024,"height":576,"url":"https:\/\/pagina10.com\/web\/wp-content\/uploads\/2023\/01\/KLMOBFJNKRBLXA75DKOPIBOSTM.jpeg","type":"image\/jpeg"}],"author":"P\u00e1gina 10","twitter_card":"summary_large_image","twitter_creator":"@Pag10com","twitter_site":"@Pag10com","twitter_misc":{"Escrito por":"P\u00e1gina 10","Tiempo de lectura":"1 minuto"},"schema":{"@context":"https:\/\/schema.org","@graph":[{"@type":"Article","@id":"https:\/\/pagina10.com\/web\/investigaran-a-politico-narinense-y-ocho-funcionarios-mas-salpicados-por-el-escandalo-de-odebrecht\/#article","isPartOf":{"@id":"https:\/\/pagina10.com\/web\/investigaran-a-politico-narinense-y-ocho-funcionarios-mas-salpicados-por-el-escandalo-de-odebrecht\/"},"author":{"name":"P\u00e1gina 10","@id":"https:\/\/pagina10.com\/web\/#\/schema\/person\/2efc4a090d25b667d3bc796798a3a81b"},"headline":"Investigar\u00e1n a pol\u00edtico nari\u00f1ense y ocho funcionarios m\u00e1s salpicados por el esc\u00e1ndalo de Odebrecht","datePublished":"2023-01-12T05:25:50+00:00","mainEntityOfPage":{"@id":"https:\/\/pagina10.com\/web\/investigaran-a-politico-narinense-y-ocho-funcionarios-mas-salpicados-por-el-escandalo-de-odebrecht\/"},"wordCount":309,"commentCount":0,"publisher":{"@id":"https:\/\/pagina10.com\/web\/#organization"},"image":{"@id":"https:\/\/pagina10.com\/web\/investigaran-a-politico-narinense-y-ocho-funcionarios-mas-salpicados-por-el-escandalo-de-odebrecht\/#primaryimage"},"thumbnailUrl":"https:\/\/pagina10.com\/web\/wp-content\/uploads\/2023\/01\/KLMOBFJNKRBLXA75DKOPIBOSTM.jpeg","articleSection":["Global"],"inLanguage":"es","potentialAction":[{"@type":"CommentAction","name":"Comment","target":["https:\/\/pagina10.com\/web\/investigaran-a-politico-narinense-y-ocho-funcionarios-mas-salpicados-por-el-escandalo-de-odebrecht\/#respond"]}]},{"@type":"WebPage","@id":"https:\/\/pagina10.com\/web\/investigaran-a-politico-narinense-y-ocho-funcionarios-mas-salpicados-por-el-escandalo-de-odebrecht\/","url":"https:\/\/pagina10.com\/web\/investigaran-a-politico-narinense-y-ocho-funcionarios-mas-salpicados-por-el-escandalo-de-odebrecht\/","name":"Investigar\u00e1n a pol\u00edtico nari\u00f1ense y ocho funcionarios m\u00e1s salpicados por el esc\u00e1ndalo de Odebrecht | P\u00e1gina10","isPartOf":{"@id":"https:\/\/pagina10.com\/web\/#website"},"primaryImageOfPage":{"@id":"https:\/\/pagina10.com\/web\/investigaran-a-politico-narinense-y-ocho-funcionarios-mas-salpicados-por-el-escandalo-de-odebrecht\/#primaryimage"},"image":{"@id":"https:\/\/pagina10.com\/web\/investigaran-a-politico-narinense-y-ocho-funcionarios-mas-salpicados-por-el-escandalo-de-odebrecht\/#primaryimage"},"thumbnailUrl":"https:\/\/pagina10.com\/web\/wp-content\/uploads\/2023\/01\/KLMOBFJNKRBLXA75DKOPIBOSTM.jpeg","datePublished":"2023-01-12T05:25:50+00:00","breadcrumb":{"@id":"https:\/\/pagina10.com\/web\/investigaran-a-politico-narinense-y-ocho-funcionarios-mas-salpicados-por-el-escandalo-de-odebrecht\/#breadcrumb"},"inLanguage":"es","potentialAction":[{"@type":"ReadAction","target":["https:\/\/pagina10.com\/web\/investigaran-a-politico-narinense-y-ocho-funcionarios-mas-salpicados-por-el-escandalo-de-odebrecht\/"]}]},{"@type":"ImageObject","inLanguage":"es","@id":"https:\/\/pagina10.com\/web\/investigaran-a-politico-narinense-y-ocho-funcionarios-mas-salpicados-por-el-escandalo-de-odebrecht\/#primaryimage","url":"https:\/\/pagina10.com\/web\/wp-content\/uploads\/2023\/01\/KLMOBFJNKRBLXA75DKOPIBOSTM.jpeg","contentUrl":"https:\/\/pagina10.com\/web\/wp-content\/uploads\/2023\/01\/KLMOBFJNKRBLXA75DKOPIBOSTM.jpeg","width":1024,"height":576},{"@type":"BreadcrumbList","@id":"https:\/\/pagina10.com\/web\/investigaran-a-politico-narinense-y-ocho-funcionarios-mas-salpicados-por-el-escandalo-de-odebrecht\/#breadcrumb","itemListElement":[{"@type":"ListItem","position":1,"name":"Portada","item":"https:\/\/pagina10.com\/web\/"},{"@type":"ListItem","position":2,"name":"Investigar\u00e1n a pol\u00edtico nari\u00f1ense y ocho funcionarios m\u00e1s salpicados por el esc\u00e1ndalo de Odebrecht"}]},{"@type":"WebSite","@id":"https:\/\/pagina10.com\/web\/#website","url":"https:\/\/pagina10.com\/web\/","name":"P\u00e1gina10","description":"Peri\u00f3dico Regional","publisher":{"@id":"https:\/\/pagina10.com\/web\/#organization"},"alternateName":"P\u00e1gina10 Peri\u00f3dico Regional","potentialAction":[{"@type":"SearchAction","target":{"@type":"EntryPoint","urlTemplate":"https:\/\/pagina10.com\/web\/?s={search_term_string}"},"query-input":{"@type":"PropertyValueSpecification","valueRequired":true,"valueName":"search_term_string"}}],"inLanguage":"es"},{"@type":"Organization","@id":"https:\/\/pagina10.com\/web\/#organization","name":"P\u00e1gina10","alternateName":"P\u00e1gina10 Peri\u00f3dico Regional","url":"https:\/\/pagina10.com\/web\/","logo":{"@type":"ImageObject","inLanguage":"es","@id":"https:\/\/pagina10.com\/web\/#\/schema\/logo\/image\/","url":"https:\/\/pagina10.com\/web\/wp-content\/uploads\/2024\/01\/40-pagina-10-periodico-regional-pasto.jpg","contentUrl":"https:\/\/pagina10.com\/web\/wp-content\/uploads\/2024\/01\/40-pagina-10-periodico-regional-pasto.jpg","width":1280,"height":720,"caption":"P\u00e1gina10"},"image":{"@id":"https:\/\/pagina10.com\/web\/#\/schema\/logo\/image\/"},"sameAs":["https:\/\/www.facebook.com\/pag10com","https:\/\/x.com\/Pag10com","https:\/\/www.instagram.com\/pagina10col\/","https:\/\/youtube.com\/channel\/pag10","https:\/\/www.tiktok.com\/@p10col"]},{"@type":"Person","@id":"https:\/\/pagina10.com\/web\/#\/schema\/person\/2efc4a090d25b667d3bc796798a3a81b","name":"P\u00e1gina 10","description":"P\u00e1gina 10 es un peri\u00f3dico regional que nace en Colombia, en el departamento de Nari\u00f1o, con un enfoque global, fundamentado en cuatro pilares esenciales: la libertad, el pluralismo, la inclusi\u00f3n y la independencia. P\u00e1gina 10 hace referencia a Nari\u00f1o como el d\u00e9cimo departamento creado en Colombia, despu\u00e9s de un proceso pol\u00edtico liderado por actores y actrices regionales con el fin de obtener la independencia y autonom\u00eda de nuestros territorios. Con la creaci\u00f3n de P\u00e1gina 10 se pretende abrir un escenario para el dialogo, la reflexi\u00f3n y el debate que se extienda a otras geograf\u00edas de Am\u00e9rica Latina y del planeta, en una apuesta por transformar colectivamente los desaf\u00edos de un mundo contempor\u00e1neo, m\u00e1s all\u00e1 de las fronteras impuestas.","url":"https:\/\/pagina10.com\/web\/author\/pdiezadmin\/"}]}},"_links":{"self":[{"href":"https:\/\/pagina10.com\/web\/wp-json\/wp\/v2\/posts\/63999","targetHints":{"allow":["GET"]}}],"collection":[{"href":"https:\/\/pagina10.com\/web\/wp-json\/wp\/v2\/posts"}],"about":[{"href":"https:\/\/pagina10.com\/web\/wp-json\/wp\/v2\/types\/post"}],"author":[{"embeddable":true,"href":"https:\/\/pagina10.com\/web\/wp-json\/wp\/v2\/users\/1"}],"replies":[{"embeddable":true,"href":"https:\/\/pagina10.com\/web\/wp-json\/wp\/v2\/comments?post=63999"}],"version-history":[{"count":1,"href":"https:\/\/pagina10.com\/web\/wp-json\/wp\/v2\/posts\/63999\/revisions"}],"predecessor-version":[{"id":64001,"href":"https:\/\/pagina10.com\/web\/wp-json\/wp\/v2\/posts\/63999\/revisions\/64001"}],"wp:featuredmedia":[{"embeddable":true,"href":"https:\/\/pagina10.com\/web\/wp-json\/wp\/v2\/media\/64000"}],"wp:attachment":[{"href":"https:\/\/pagina10.com\/web\/wp-json\/wp\/v2\/media?parent=63999"}],"wp:term":[{"taxonomy":"category","embeddable":true,"href":"https:\/\/pagina10.com\/web\/wp-json\/wp\/v2\/categories?post=63999"},{"taxonomy":"post_tag","embeddable":true,"href":"https:\/\/pagina10.com\/web\/wp-json\/wp\/v2\/tags?post=63999"}],"curies":[{"name":"wp","href":"https:\/\/api.w.org\/{rel}","templated":true}]}}