{"id":64014,"date":"2023-01-13T14:25:24","date_gmt":"2023-01-13T19:25:24","guid":{"rendered":"https:\/\/pagina10.com\/web\/?p=64014"},"modified":"2023-01-13T14:25:24","modified_gmt":"2023-01-13T19:25:24","slug":"politico-narinense-se-defiende-ante-acusacion-de-fiscalia-que-lo-salpica-por-el-escandalo-odebrecht","status":"publish","type":"post","link":"https:\/\/pagina10.com\/web\/politico-narinense-se-defiende-ante-acusacion-de-fiscalia-que-lo-salpica-por-el-escandalo-odebrecht\/","title":{"rendered":"Pol\u00edtico nari\u00f1ense se defiende ante acusaci\u00f3n de Fiscal\u00eda que lo salpica por el esc\u00e1ndalo Odebrecht"},"content":{"rendered":"<p style=\"text-align: justify;\">En un comunicado el pol\u00edtico nari\u00f1ense German C\u00f3rdoba, presidente del partido Cambio Radical, indic\u00f3 que la Fiscal\u00eda no lo investiga por el esc\u00e1ndalo de Odebrecht sino por presuntas irregularidades que se registraron en el otros\u00ed No. 5 del Contrato de Concesi\u00f3n No.007 de 2010, que ten\u00eda como objetivo la elaboraci\u00f3n de los estudios y dise\u00f1os de la fase III de un segundo puente entre los municipios de Plato y Zambrano, en el departamento de Magdalena.<\/p>\n<p style=\"text-align: justify;\">Indic\u00f3 que el otros\u00ed \u201cno adicionaba ning\u00fan recurso econ\u00f3mico al contrato; por el contrario, se orden\u00f3 que con los recursos existentes se realizaran los dise\u00f1os necesarios. El otros\u00ed No.5 se\u00f1ala que la construcci\u00f3n del puente se adjudicar\u00eda por licitaci\u00f3n, con lo cual se cerr\u00f3 la posibilidad de otorgar dicha construcci\u00f3n de manera directa\u201d.<\/p>\n<p style=\"text-align: justify;\">Adem\u00e1s, afirm\u00f3 que la Fiscal\u00eda no le ha notificado la apertura de la investigaci\u00f3n por lo que una vez lo haga, \u201cpondr\u00e9 a consideraci\u00f3n de las directivas del Partido mi permanencia como Director de la colectividad\u201d. As\u00ed mismo, puntualiz\u00f3 que en sus tres a\u00f1os como funcionario p\u00fablico nunca estuvo inmerso en investigaciones ni sanciones.<\/p>\n","protected":false},"excerpt":{"rendered":"<p>En un comunicado el pol\u00edtico nari\u00f1ense German C\u00f3rdoba, presidente del partido Cambio Radical, indic\u00f3 que la Fiscal\u00eda no lo investiga por el esc\u00e1ndalo de Odebrecht sino por presuntas irregularidades que se registraron en el otros\u00ed No. 5 del Contrato de Concesi\u00f3n No.007 de 2010, que ten\u00eda como objetivo la elaboraci\u00f3n de los estudios y dise\u00f1os [&hellip;]<\/p>\n","protected":false},"author":1,"featured_media":64015,"comment_status":"open","ping_status":"open","sticky":false,"template":"","format":"standard","meta":{"footnotes":""},"categories":[84],"tags":[],"class_list":["post-64014","post","type-post","status-publish","format-standard","has-post-thumbnail","hentry","category-global-2"],"yoast_head":"<!-- This site is optimized with the Yoast SEO plugin v27.1.1 - https:\/\/yoast.com\/product\/yoast-seo-wordpress\/ -->\n<title>Pol\u00edtico nari\u00f1ense se defiende ante acusaci\u00f3n de Fiscal\u00eda que lo salpica por el esc\u00e1ndalo Odebrecht | P\u00e1gina10<\/title>\n<meta name=\"robots\" content=\"index, follow, max-snippet:-1, max-image-preview:large, max-video-preview:-1\" \/>\n<link rel=\"canonical\" href=\"https:\/\/pagina10.com\/web\/politico-narinense-se-defiende-ante-acusacion-de-fiscalia-que-lo-salpica-por-el-escandalo-odebrecht\/\" \/>\n<meta property=\"og:locale\" content=\"es_ES\" \/>\n<meta property=\"og:type\" content=\"article\" \/>\n<meta property=\"og:title\" content=\"Pol\u00edtico nari\u00f1ense se defiende ante acusaci\u00f3n de Fiscal\u00eda que lo salpica por el esc\u00e1ndalo Odebrecht | P\u00e1gina10\" \/>\n<meta property=\"og:description\" content=\"En un comunicado el pol\u00edtico nari\u00f1ense German C\u00f3rdoba, presidente del partido Cambio Radical, indic\u00f3 que la Fiscal\u00eda no lo investiga por el esc\u00e1ndalo de Odebrecht sino por presuntas irregularidades que se registraron en el otros\u00ed No. 5 del Contrato de Concesi\u00f3n No.007 de 2010, que ten\u00eda como objetivo la elaboraci\u00f3n de los estudios y dise\u00f1os [&hellip;]\" \/>\n<meta property=\"og:url\" content=\"https:\/\/pagina10.com\/web\/politico-narinense-se-defiende-ante-acusacion-de-fiscalia-que-lo-salpica-por-el-escandalo-odebrecht\/\" \/>\n<meta property=\"og:site_name\" content=\"P\u00e1gina10\" \/>\n<meta property=\"article:publisher\" content=\"https:\/\/www.facebook.com\/pag10com\" \/>\n<meta property=\"article:published_time\" content=\"2023-01-13T19:25:24+00:00\" \/>\n<meta property=\"og:image\" content=\"https:\/\/pagina10.com\/web\/wp-content\/uploads\/2023\/01\/primiciaw-germ-n-c-rdoba-pone-a-consideraci-n-de-d-primiciaw-germ-n-c-rdoba-pone-a-consideraci-n-de-d-1613508244202201089.png\" \/>\n\t<meta property=\"og:image:width\" content=\"1280\" \/>\n\t<meta property=\"og:image:height\" content=\"854\" \/>\n\t<meta property=\"og:image:type\" content=\"image\/png\" \/>\n<meta name=\"author\" content=\"P\u00e1gina 10\" \/>\n<meta name=\"twitter:card\" content=\"summary_large_image\" \/>\n<meta name=\"twitter:creator\" content=\"@Pag10com\" \/>\n<meta name=\"twitter:site\" content=\"@Pag10com\" \/>\n<meta name=\"twitter:label1\" content=\"Escrito por\" \/>\n\t<meta name=\"twitter:data1\" content=\"P\u00e1gina 10\" \/>\n\t<meta name=\"twitter:label2\" content=\"Tiempo de lectura\" \/>\n\t<meta name=\"twitter:data2\" content=\"1 minuto\" \/>\n<script type=\"application\/ld+json\" class=\"yoast-schema-graph\">{\"@context\":\"https:\/\/schema.org\",\"@graph\":[{\"@type\":\"Article\",\"@id\":\"https:\/\/pagina10.com\/web\/politico-narinense-se-defiende-ante-acusacion-de-fiscalia-que-lo-salpica-por-el-escandalo-odebrecht\/#article\",\"isPartOf\":{\"@id\":\"https:\/\/pagina10.com\/web\/politico-narinense-se-defiende-ante-acusacion-de-fiscalia-que-lo-salpica-por-el-escandalo-odebrecht\/\"},\"author\":{\"name\":\"P\u00e1gina 10\",\"@id\":\"https:\/\/pagina10.com\/web\/#\/schema\/person\/2efc4a090d25b667d3bc796798a3a81b\"},\"headline\":\"Pol\u00edtico nari\u00f1ense se defiende ante acusaci\u00f3n de Fiscal\u00eda que lo salpica por el esc\u00e1ndalo Odebrecht\",\"datePublished\":\"2023-01-13T19:25:24+00:00\",\"mainEntityOfPage\":{\"@id\":\"https:\/\/pagina10.com\/web\/politico-narinense-se-defiende-ante-acusacion-de-fiscalia-que-lo-salpica-por-el-escandalo-odebrecht\/\"},\"wordCount\":223,\"commentCount\":0,\"publisher\":{\"@id\":\"https:\/\/pagina10.com\/web\/#organization\"},\"image\":{\"@id\":\"https:\/\/pagina10.com\/web\/politico-narinense-se-defiende-ante-acusacion-de-fiscalia-que-lo-salpica-por-el-escandalo-odebrecht\/#primaryimage\"},\"thumbnailUrl\":\"https:\/\/pagina10.com\/web\/wp-content\/uploads\/2023\/01\/primiciaw-germ-n-c-rdoba-pone-a-consideraci-n-de-d-primiciaw-germ-n-c-rdoba-pone-a-consideraci-n-de-d-1613508244202201089.png\",\"articleSection\":[\"Global\"],\"inLanguage\":\"es\",\"potentialAction\":[{\"@type\":\"CommentAction\",\"name\":\"Comment\",\"target\":[\"https:\/\/pagina10.com\/web\/politico-narinense-se-defiende-ante-acusacion-de-fiscalia-que-lo-salpica-por-el-escandalo-odebrecht\/#respond\"]}]},{\"@type\":\"WebPage\",\"@id\":\"https:\/\/pagina10.com\/web\/politico-narinense-se-defiende-ante-acusacion-de-fiscalia-que-lo-salpica-por-el-escandalo-odebrecht\/\",\"url\":\"https:\/\/pagina10.com\/web\/politico-narinense-se-defiende-ante-acusacion-de-fiscalia-que-lo-salpica-por-el-escandalo-odebrecht\/\",\"name\":\"Pol\u00edtico nari\u00f1ense se defiende ante acusaci\u00f3n de Fiscal\u00eda que lo salpica por el esc\u00e1ndalo Odebrecht | P\u00e1gina10\",\"isPartOf\":{\"@id\":\"https:\/\/pagina10.com\/web\/#website\"},\"primaryImageOfPage\":{\"@id\":\"https:\/\/pagina10.com\/web\/politico-narinense-se-defiende-ante-acusacion-de-fiscalia-que-lo-salpica-por-el-escandalo-odebrecht\/#primaryimage\"},\"image\":{\"@id\":\"https:\/\/pagina10.com\/web\/politico-narinense-se-defiende-ante-acusacion-de-fiscalia-que-lo-salpica-por-el-escandalo-odebrecht\/#primaryimage\"},\"thumbnailUrl\":\"https:\/\/pagina10.com\/web\/wp-content\/uploads\/2023\/01\/primiciaw-germ-n-c-rdoba-pone-a-consideraci-n-de-d-primiciaw-germ-n-c-rdoba-pone-a-consideraci-n-de-d-1613508244202201089.png\",\"datePublished\":\"2023-01-13T19:25:24+00:00\",\"breadcrumb\":{\"@id\":\"https:\/\/pagina10.com\/web\/politico-narinense-se-defiende-ante-acusacion-de-fiscalia-que-lo-salpica-por-el-escandalo-odebrecht\/#breadcrumb\"},\"inLanguage\":\"es\",\"potentialAction\":[{\"@type\":\"ReadAction\",\"target\":[\"https:\/\/pagina10.com\/web\/politico-narinense-se-defiende-ante-acusacion-de-fiscalia-que-lo-salpica-por-el-escandalo-odebrecht\/\"]}]},{\"@type\":\"ImageObject\",\"inLanguage\":\"es\",\"@id\":\"https:\/\/pagina10.com\/web\/politico-narinense-se-defiende-ante-acusacion-de-fiscalia-que-lo-salpica-por-el-escandalo-odebrecht\/#primaryimage\",\"url\":\"https:\/\/pagina10.com\/web\/wp-content\/uploads\/2023\/01\/primiciaw-germ-n-c-rdoba-pone-a-consideraci-n-de-d-primiciaw-germ-n-c-rdoba-pone-a-consideraci-n-de-d-1613508244202201089.png\",\"contentUrl\":\"https:\/\/pagina10.com\/web\/wp-content\/uploads\/2023\/01\/primiciaw-germ-n-c-rdoba-pone-a-consideraci-n-de-d-primiciaw-germ-n-c-rdoba-pone-a-consideraci-n-de-d-1613508244202201089.png\",\"width\":1280,\"height\":854},{\"@type\":\"BreadcrumbList\",\"@id\":\"https:\/\/pagina10.com\/web\/politico-narinense-se-defiende-ante-acusacion-de-fiscalia-que-lo-salpica-por-el-escandalo-odebrecht\/#breadcrumb\",\"itemListElement\":[{\"@type\":\"ListItem\",\"position\":1,\"name\":\"Portada\",\"item\":\"https:\/\/pagina10.com\/web\/\"},{\"@type\":\"ListItem\",\"position\":2,\"name\":\"Pol\u00edtico nari\u00f1ense se defiende ante acusaci\u00f3n de Fiscal\u00eda que lo salpica por el esc\u00e1ndalo Odebrecht\"}]},{\"@type\":\"WebSite\",\"@id\":\"https:\/\/pagina10.com\/web\/#website\",\"url\":\"https:\/\/pagina10.com\/web\/\",\"name\":\"P\u00e1gina10\",\"description\":\"Peri\u00f3dico Regional\",\"publisher\":{\"@id\":\"https:\/\/pagina10.com\/web\/#organization\"},\"alternateName\":\"P\u00e1gina10 Peri\u00f3dico Regional\",\"potentialAction\":[{\"@type\":\"SearchAction\",\"target\":{\"@type\":\"EntryPoint\",\"urlTemplate\":\"https:\/\/pagina10.com\/web\/?s={search_term_string}\"},\"query-input\":{\"@type\":\"PropertyValueSpecification\",\"valueRequired\":true,\"valueName\":\"search_term_string\"}}],\"inLanguage\":\"es\"},{\"@type\":\"Organization\",\"@id\":\"https:\/\/pagina10.com\/web\/#organization\",\"name\":\"P\u00e1gina10\",\"alternateName\":\"P\u00e1gina10 Peri\u00f3dico Regional\",\"url\":\"https:\/\/pagina10.com\/web\/\",\"logo\":{\"@type\":\"ImageObject\",\"inLanguage\":\"es\",\"@id\":\"https:\/\/pagina10.com\/web\/#\/schema\/logo\/image\/\",\"url\":\"https:\/\/pagina10.com\/web\/wp-content\/uploads\/2024\/01\/40-pagina-10-periodico-regional-pasto.jpg\",\"contentUrl\":\"https:\/\/pagina10.com\/web\/wp-content\/uploads\/2024\/01\/40-pagina-10-periodico-regional-pasto.jpg\",\"width\":1280,\"height\":720,\"caption\":\"P\u00e1gina10\"},\"image\":{\"@id\":\"https:\/\/pagina10.com\/web\/#\/schema\/logo\/image\/\"},\"sameAs\":[\"https:\/\/www.facebook.com\/pag10com\",\"https:\/\/x.com\/Pag10com\",\"https:\/\/www.instagram.com\/pagina10col\/\",\"https:\/\/youtube.com\/channel\/pag10\",\"https:\/\/www.tiktok.com\/@p10col\"]},{\"@type\":\"Person\",\"@id\":\"https:\/\/pagina10.com\/web\/#\/schema\/person\/2efc4a090d25b667d3bc796798a3a81b\",\"name\":\"P\u00e1gina 10\",\"description\":\"P\u00e1gina 10 es un peri\u00f3dico regional que nace en Colombia, en el departamento de Nari\u00f1o, con un enfoque global, fundamentado en cuatro pilares esenciales: la libertad, el pluralismo, la inclusi\u00f3n y la independencia. P\u00e1gina 10 hace referencia a Nari\u00f1o como el d\u00e9cimo departamento creado en Colombia, despu\u00e9s de un proceso pol\u00edtico liderado por actores y actrices regionales con el fin de obtener la independencia y autonom\u00eda de nuestros territorios. Con la creaci\u00f3n de P\u00e1gina 10 se pretende abrir un escenario para el dialogo, la reflexi\u00f3n y el debate que se extienda a otras geograf\u00edas de Am\u00e9rica Latina y del planeta, en una apuesta por transformar colectivamente los desaf\u00edos de un mundo contempor\u00e1neo, m\u00e1s all\u00e1 de las fronteras impuestas.\",\"url\":\"https:\/\/pagina10.com\/web\/author\/pdiezadmin\/\"}]}<\/script>\n<!-- \/ Yoast SEO plugin. -->","yoast_head_json":{"title":"Pol\u00edtico nari\u00f1ense se defiende ante acusaci\u00f3n de Fiscal\u00eda que lo salpica por el esc\u00e1ndalo Odebrecht | P\u00e1gina10","robots":{"index":"index","follow":"follow","max-snippet":"max-snippet:-1","max-image-preview":"max-image-preview:large","max-video-preview":"max-video-preview:-1"},"canonical":"https:\/\/pagina10.com\/web\/politico-narinense-se-defiende-ante-acusacion-de-fiscalia-que-lo-salpica-por-el-escandalo-odebrecht\/","og_locale":"es_ES","og_type":"article","og_title":"Pol\u00edtico nari\u00f1ense se defiende ante acusaci\u00f3n de Fiscal\u00eda que lo salpica por el esc\u00e1ndalo Odebrecht | P\u00e1gina10","og_description":"En un comunicado el pol\u00edtico nari\u00f1ense German C\u00f3rdoba, presidente del partido Cambio Radical, indic\u00f3 que la Fiscal\u00eda no lo investiga por el esc\u00e1ndalo de Odebrecht sino por presuntas irregularidades que se registraron en el otros\u00ed No. 5 del Contrato de Concesi\u00f3n No.007 de 2010, que ten\u00eda como objetivo la elaboraci\u00f3n de los estudios y dise\u00f1os [&hellip;]","og_url":"https:\/\/pagina10.com\/web\/politico-narinense-se-defiende-ante-acusacion-de-fiscalia-que-lo-salpica-por-el-escandalo-odebrecht\/","og_site_name":"P\u00e1gina10","article_publisher":"https:\/\/www.facebook.com\/pag10com","article_published_time":"2023-01-13T19:25:24+00:00","og_image":[{"width":1280,"height":854,"url":"https:\/\/pagina10.com\/web\/wp-content\/uploads\/2023\/01\/primiciaw-germ-n-c-rdoba-pone-a-consideraci-n-de-d-primiciaw-germ-n-c-rdoba-pone-a-consideraci-n-de-d-1613508244202201089.png","type":"image\/png"}],"author":"P\u00e1gina 10","twitter_card":"summary_large_image","twitter_creator":"@Pag10com","twitter_site":"@Pag10com","twitter_misc":{"Escrito por":"P\u00e1gina 10","Tiempo de lectura":"1 minuto"},"schema":{"@context":"https:\/\/schema.org","@graph":[{"@type":"Article","@id":"https:\/\/pagina10.com\/web\/politico-narinense-se-defiende-ante-acusacion-de-fiscalia-que-lo-salpica-por-el-escandalo-odebrecht\/#article","isPartOf":{"@id":"https:\/\/pagina10.com\/web\/politico-narinense-se-defiende-ante-acusacion-de-fiscalia-que-lo-salpica-por-el-escandalo-odebrecht\/"},"author":{"name":"P\u00e1gina 10","@id":"https:\/\/pagina10.com\/web\/#\/schema\/person\/2efc4a090d25b667d3bc796798a3a81b"},"headline":"Pol\u00edtico nari\u00f1ense se defiende ante acusaci\u00f3n de Fiscal\u00eda que lo salpica por el esc\u00e1ndalo Odebrecht","datePublished":"2023-01-13T19:25:24+00:00","mainEntityOfPage":{"@id":"https:\/\/pagina10.com\/web\/politico-narinense-se-defiende-ante-acusacion-de-fiscalia-que-lo-salpica-por-el-escandalo-odebrecht\/"},"wordCount":223,"commentCount":0,"publisher":{"@id":"https:\/\/pagina10.com\/web\/#organization"},"image":{"@id":"https:\/\/pagina10.com\/web\/politico-narinense-se-defiende-ante-acusacion-de-fiscalia-que-lo-salpica-por-el-escandalo-odebrecht\/#primaryimage"},"thumbnailUrl":"https:\/\/pagina10.com\/web\/wp-content\/uploads\/2023\/01\/primiciaw-germ-n-c-rdoba-pone-a-consideraci-n-de-d-primiciaw-germ-n-c-rdoba-pone-a-consideraci-n-de-d-1613508244202201089.png","articleSection":["Global"],"inLanguage":"es","potentialAction":[{"@type":"CommentAction","name":"Comment","target":["https:\/\/pagina10.com\/web\/politico-narinense-se-defiende-ante-acusacion-de-fiscalia-que-lo-salpica-por-el-escandalo-odebrecht\/#respond"]}]},{"@type":"WebPage","@id":"https:\/\/pagina10.com\/web\/politico-narinense-se-defiende-ante-acusacion-de-fiscalia-que-lo-salpica-por-el-escandalo-odebrecht\/","url":"https:\/\/pagina10.com\/web\/politico-narinense-se-defiende-ante-acusacion-de-fiscalia-que-lo-salpica-por-el-escandalo-odebrecht\/","name":"Pol\u00edtico nari\u00f1ense se defiende ante acusaci\u00f3n de Fiscal\u00eda que lo salpica por el esc\u00e1ndalo Odebrecht | P\u00e1gina10","isPartOf":{"@id":"https:\/\/pagina10.com\/web\/#website"},"primaryImageOfPage":{"@id":"https:\/\/pagina10.com\/web\/politico-narinense-se-defiende-ante-acusacion-de-fiscalia-que-lo-salpica-por-el-escandalo-odebrecht\/#primaryimage"},"image":{"@id":"https:\/\/pagina10.com\/web\/politico-narinense-se-defiende-ante-acusacion-de-fiscalia-que-lo-salpica-por-el-escandalo-odebrecht\/#primaryimage"},"thumbnailUrl":"https:\/\/pagina10.com\/web\/wp-content\/uploads\/2023\/01\/primiciaw-germ-n-c-rdoba-pone-a-consideraci-n-de-d-primiciaw-germ-n-c-rdoba-pone-a-consideraci-n-de-d-1613508244202201089.png","datePublished":"2023-01-13T19:25:24+00:00","breadcrumb":{"@id":"https:\/\/pagina10.com\/web\/politico-narinense-se-defiende-ante-acusacion-de-fiscalia-que-lo-salpica-por-el-escandalo-odebrecht\/#breadcrumb"},"inLanguage":"es","potentialAction":[{"@type":"ReadAction","target":["https:\/\/pagina10.com\/web\/politico-narinense-se-defiende-ante-acusacion-de-fiscalia-que-lo-salpica-por-el-escandalo-odebrecht\/"]}]},{"@type":"ImageObject","inLanguage":"es","@id":"https:\/\/pagina10.com\/web\/politico-narinense-se-defiende-ante-acusacion-de-fiscalia-que-lo-salpica-por-el-escandalo-odebrecht\/#primaryimage","url":"https:\/\/pagina10.com\/web\/wp-content\/uploads\/2023\/01\/primiciaw-germ-n-c-rdoba-pone-a-consideraci-n-de-d-primiciaw-germ-n-c-rdoba-pone-a-consideraci-n-de-d-1613508244202201089.png","contentUrl":"https:\/\/pagina10.com\/web\/wp-content\/uploads\/2023\/01\/primiciaw-germ-n-c-rdoba-pone-a-consideraci-n-de-d-primiciaw-germ-n-c-rdoba-pone-a-consideraci-n-de-d-1613508244202201089.png","width":1280,"height":854},{"@type":"BreadcrumbList","@id":"https:\/\/pagina10.com\/web\/politico-narinense-se-defiende-ante-acusacion-de-fiscalia-que-lo-salpica-por-el-escandalo-odebrecht\/#breadcrumb","itemListElement":[{"@type":"ListItem","position":1,"name":"Portada","item":"https:\/\/pagina10.com\/web\/"},{"@type":"ListItem","position":2,"name":"Pol\u00edtico nari\u00f1ense se defiende ante acusaci\u00f3n de Fiscal\u00eda que lo salpica por el esc\u00e1ndalo Odebrecht"}]},{"@type":"WebSite","@id":"https:\/\/pagina10.com\/web\/#website","url":"https:\/\/pagina10.com\/web\/","name":"P\u00e1gina10","description":"Peri\u00f3dico Regional","publisher":{"@id":"https:\/\/pagina10.com\/web\/#organization"},"alternateName":"P\u00e1gina10 Peri\u00f3dico Regional","potentialAction":[{"@type":"SearchAction","target":{"@type":"EntryPoint","urlTemplate":"https:\/\/pagina10.com\/web\/?s={search_term_string}"},"query-input":{"@type":"PropertyValueSpecification","valueRequired":true,"valueName":"search_term_string"}}],"inLanguage":"es"},{"@type":"Organization","@id":"https:\/\/pagina10.com\/web\/#organization","name":"P\u00e1gina10","alternateName":"P\u00e1gina10 Peri\u00f3dico Regional","url":"https:\/\/pagina10.com\/web\/","logo":{"@type":"ImageObject","inLanguage":"es","@id":"https:\/\/pagina10.com\/web\/#\/schema\/logo\/image\/","url":"https:\/\/pagina10.com\/web\/wp-content\/uploads\/2024\/01\/40-pagina-10-periodico-regional-pasto.jpg","contentUrl":"https:\/\/pagina10.com\/web\/wp-content\/uploads\/2024\/01\/40-pagina-10-periodico-regional-pasto.jpg","width":1280,"height":720,"caption":"P\u00e1gina10"},"image":{"@id":"https:\/\/pagina10.com\/web\/#\/schema\/logo\/image\/"},"sameAs":["https:\/\/www.facebook.com\/pag10com","https:\/\/x.com\/Pag10com","https:\/\/www.instagram.com\/pagina10col\/","https:\/\/youtube.com\/channel\/pag10","https:\/\/www.tiktok.com\/@p10col"]},{"@type":"Person","@id":"https:\/\/pagina10.com\/web\/#\/schema\/person\/2efc4a090d25b667d3bc796798a3a81b","name":"P\u00e1gina 10","description":"P\u00e1gina 10 es un peri\u00f3dico regional que nace en Colombia, en el departamento de Nari\u00f1o, con un enfoque global, fundamentado en cuatro pilares esenciales: la libertad, el pluralismo, la inclusi\u00f3n y la independencia. P\u00e1gina 10 hace referencia a Nari\u00f1o como el d\u00e9cimo departamento creado en Colombia, despu\u00e9s de un proceso pol\u00edtico liderado por actores y actrices regionales con el fin de obtener la independencia y autonom\u00eda de nuestros territorios. Con la creaci\u00f3n de P\u00e1gina 10 se pretende abrir un escenario para el dialogo, la reflexi\u00f3n y el debate que se extienda a otras geograf\u00edas de Am\u00e9rica Latina y del planeta, en una apuesta por transformar colectivamente los desaf\u00edos de un mundo contempor\u00e1neo, m\u00e1s all\u00e1 de las fronteras impuestas.","url":"https:\/\/pagina10.com\/web\/author\/pdiezadmin\/"}]}},"_links":{"self":[{"href":"https:\/\/pagina10.com\/web\/wp-json\/wp\/v2\/posts\/64014","targetHints":{"allow":["GET"]}}],"collection":[{"href":"https:\/\/pagina10.com\/web\/wp-json\/wp\/v2\/posts"}],"about":[{"href":"https:\/\/pagina10.com\/web\/wp-json\/wp\/v2\/types\/post"}],"author":[{"embeddable":true,"href":"https:\/\/pagina10.com\/web\/wp-json\/wp\/v2\/users\/1"}],"replies":[{"embeddable":true,"href":"https:\/\/pagina10.com\/web\/wp-json\/wp\/v2\/comments?post=64014"}],"version-history":[{"count":1,"href":"https:\/\/pagina10.com\/web\/wp-json\/wp\/v2\/posts\/64014\/revisions"}],"predecessor-version":[{"id":64016,"href":"https:\/\/pagina10.com\/web\/wp-json\/wp\/v2\/posts\/64014\/revisions\/64016"}],"wp:featuredmedia":[{"embeddable":true,"href":"https:\/\/pagina10.com\/web\/wp-json\/wp\/v2\/media\/64015"}],"wp:attachment":[{"href":"https:\/\/pagina10.com\/web\/wp-json\/wp\/v2\/media?parent=64014"}],"wp:term":[{"taxonomy":"category","embeddable":true,"href":"https:\/\/pagina10.com\/web\/wp-json\/wp\/v2\/categories?post=64014"},{"taxonomy":"post_tag","embeddable":true,"href":"https:\/\/pagina10.com\/web\/wp-json\/wp\/v2\/tags?post=64014"}],"curies":[{"name":"wp","href":"https:\/\/api.w.org\/{rel}","templated":true}]}}