{"id":64020,"date":"2023-01-13T14:34:26","date_gmt":"2023-01-13T19:34:26","guid":{"rendered":"https:\/\/pagina10.com\/web\/?p=64020"},"modified":"2023-01-13T14:34:26","modified_gmt":"2023-01-13T19:34:26","slug":"exsenador-guillermo-garcia-realpe-inscribio-movimiento-ciudadano-para-aspirar-a-la-gobernacion-de-narino","status":"publish","type":"post","link":"https:\/\/pagina10.com\/web\/exsenador-guillermo-garcia-realpe-inscribio-movimiento-ciudadano-para-aspirar-a-la-gobernacion-de-narino\/","title":{"rendered":"Exsenador Guillermo Garc\u00eda Realpe inscribi\u00f3 movimiento ciudadano para aspirar a la Gobernaci\u00f3n de Nari\u00f1o"},"content":{"rendered":"<p style=\"text-align: justify;\">\u201cSomos Potencia de Vida\u201d es el movimiento suscrito ante la Registradur\u00eda Nacional, para promover la recolecci\u00f3n de firmas con el objeto de inscribir posteriormente la candidatura a la Gobernaci\u00f3n de Nari\u00f1o del exsenador Guillermo Garc\u00eda Realpe.<\/p>\n<p style=\"text-align: justify;\">El pol\u00edtico nari\u00f1ense es ampliamente conocido en la regi\u00f3n Andina y Pac\u00edfica, por su trayectoria como parlamentario y como luchador por la vida, la paz y el desarrollo con justicia social.<\/p>\n<p style=\"text-align: justify;\">En un comunicado se\u00f1al\u00f3 que los pilares centrales del Movimiento, entre otros son:<\/p>\n<ul style=\"text-align: justify;\">\n<li>Gobierno Decente y Eficiente<\/li>\n<li>Nari\u00f1o libre de corrupci\u00f3n<\/li>\n<li>Paz Total<\/li>\n<li>Lucha contra la pobreza<\/li>\n<li>Nari\u00f1o potencia en salud y educaci\u00f3n<\/li>\n<li>Desarrollo estrat\u00e9gico<\/li>\n<li>Oportunidades e ingresos<\/li>\n<li>Nari\u00f1o potencia agropecuaria y agroindustrial<\/li>\n<li>Nari\u00f1o potencia de vida<\/li>\n<li>Nari\u00f1o potencia deportiva y cultural<\/li>\n<li>Nari\u00f1o potencia tur\u00edstica<\/li>\n<\/ul>\n<p style=\"text-align: justify;\">\n<p style=\"text-align: justify;\">Cabe mencionar que en diciembre el exsenador renunci\u00f3 al Partido Liberal al cual perteneci\u00f3 alrededor de 50 a\u00f1os. Uno de los motivos principales de su salida fue el respaldo del partido a Iv\u00e1n Duque como presidente lo que calific\u00f3 como \u201cun grave error hist\u00f3rico\u201d ya que seg\u00fan \u00e9l, dicho gobierno trat\u00f3 de destruir el proceso de paz, cometi\u00f3 graves errores administrativos y protagoniz\u00f3 esc\u00e1ndalos por doquier.<\/p>\n<p style=\"text-align: justify;\">Garc\u00eda Realpe fue concejal de Pasto y diputado de la Asamblea de Nari\u00f1o y entre 1994 y 1997 trabaj\u00f3 para el Ministerio del Interior, como asesor y Secretario General, siendo Ministro Horacio Serpa. Fue Secretario de Hacienda de Nari\u00f1o y en 2002 hizo parte de la lista del senador Aurelio Iragorri, correspondi\u00e9ndole ejercer la curul de senador como suplente en varias ocasiones.<\/p>\n<p style=\"text-align: justify;\">En 2006 asume la jefatura del Partido Liberal en Nari\u00f1o y realiza una exitosa alianza con el Polo Democr\u00e1tico Alternativo para la gobernaci\u00f3n del departamento, logrando la elecci\u00f3n de Antonio Navarro, quien lo nombra Secretario de Gobierno en enero de 2008.<\/p>\n<p style=\"text-align: justify;\">En junio de 2008 renuncia al gabinete departamental para asumir como senador suplente en reemplazo de Luis Fernando Velasco. En enero de 2009, tras la muerte del senador V\u00edctor Ren\u00e1n Barco, Garc\u00eda Realpe se convirti\u00f3 en Senador en propiedad. En las elecciones de 2010 se present\u00f3 como candidato a la reelecci\u00f3n ocupando su cargo hasta el 2022.<\/p>\n","protected":false},"excerpt":{"rendered":"<p>\u201cSomos Potencia de Vida\u201d es el movimiento suscrito ante la Registradur\u00eda Nacional, para promover la recolecci\u00f3n de firmas con el objeto de inscribir posteriormente la candidatura a la Gobernaci\u00f3n de Nari\u00f1o del exsenador Guillermo Garc\u00eda Realpe. El pol\u00edtico nari\u00f1ense es ampliamente conocido en la regi\u00f3n Andina y Pac\u00edfica, por su trayectoria como parlamentario y como [&hellip;]<\/p>\n","protected":false},"author":1,"featured_media":64021,"comment_status":"open","ping_status":"open","sticky":false,"template":"","format":"standard","meta":{"footnotes":""},"categories":[84],"tags":[],"class_list":["post-64020","post","type-post","status-publish","format-standard","has-post-thumbnail","hentry","category-global-2"],"yoast_head":"<!-- This site is optimized with the Yoast SEO plugin v27.1.1 - https:\/\/yoast.com\/product\/yoast-seo-wordpress\/ -->\n<title>Exsenador Guillermo Garc\u00eda Realpe inscribi\u00f3 movimiento ciudadano para aspirar a la Gobernaci\u00f3n de Nari\u00f1o | P\u00e1gina10<\/title>\n<meta name=\"robots\" content=\"index, follow, max-snippet:-1, max-image-preview:large, max-video-preview:-1\" \/>\n<link rel=\"canonical\" href=\"https:\/\/pagina10.com\/web\/exsenador-guillermo-garcia-realpe-inscribio-movimiento-ciudadano-para-aspirar-a-la-gobernacion-de-narino\/\" \/>\n<meta property=\"og:locale\" content=\"es_ES\" \/>\n<meta property=\"og:type\" content=\"article\" \/>\n<meta property=\"og:title\" content=\"Exsenador Guillermo Garc\u00eda Realpe inscribi\u00f3 movimiento ciudadano para aspirar a la Gobernaci\u00f3n de Nari\u00f1o | P\u00e1gina10\" \/>\n<meta property=\"og:description\" content=\"\u201cSomos Potencia de Vida\u201d es el movimiento suscrito ante la Registradur\u00eda Nacional, para promover la recolecci\u00f3n de firmas con el objeto de inscribir posteriormente la candidatura a la Gobernaci\u00f3n de Nari\u00f1o del exsenador Guillermo Garc\u00eda Realpe. El pol\u00edtico nari\u00f1ense es ampliamente conocido en la regi\u00f3n Andina y Pac\u00edfica, por su trayectoria como parlamentario y como [&hellip;]\" \/>\n<meta property=\"og:url\" content=\"https:\/\/pagina10.com\/web\/exsenador-guillermo-garcia-realpe-inscribio-movimiento-ciudadano-para-aspirar-a-la-gobernacion-de-narino\/\" \/>\n<meta property=\"og:site_name\" content=\"P\u00e1gina10\" \/>\n<meta property=\"article:publisher\" content=\"https:\/\/www.facebook.com\/pag10com\" \/>\n<meta property=\"article:published_time\" content=\"2023-01-13T19:34:26+00:00\" \/>\n<meta property=\"og:image\" content=\"https:\/\/pagina10.com\/web\/wp-content\/uploads\/2023\/01\/XRUG72MCQ5CXNLJJYS4OKR3FKQ.jpg\" \/>\n\t<meta property=\"og:image:width\" content=\"1200\" \/>\n\t<meta property=\"og:image:height\" content=\"646\" \/>\n\t<meta property=\"og:image:type\" content=\"image\/jpeg\" \/>\n<meta name=\"author\" content=\"P\u00e1gina 10\" \/>\n<meta name=\"twitter:card\" content=\"summary_large_image\" \/>\n<meta name=\"twitter:creator\" content=\"@Pag10com\" \/>\n<meta name=\"twitter:site\" content=\"@Pag10com\" \/>\n<meta name=\"twitter:label1\" content=\"Escrito por\" \/>\n\t<meta name=\"twitter:data1\" content=\"P\u00e1gina 10\" \/>\n\t<meta name=\"twitter:label2\" content=\"Tiempo de lectura\" \/>\n\t<meta name=\"twitter:data2\" content=\"2 minutos\" \/>\n<script type=\"application\/ld+json\" class=\"yoast-schema-graph\">{\"@context\":\"https:\/\/schema.org\",\"@graph\":[{\"@type\":\"Article\",\"@id\":\"https:\/\/pagina10.com\/web\/exsenador-guillermo-garcia-realpe-inscribio-movimiento-ciudadano-para-aspirar-a-la-gobernacion-de-narino\/#article\",\"isPartOf\":{\"@id\":\"https:\/\/pagina10.com\/web\/exsenador-guillermo-garcia-realpe-inscribio-movimiento-ciudadano-para-aspirar-a-la-gobernacion-de-narino\/\"},\"author\":{\"name\":\"P\u00e1gina 10\",\"@id\":\"https:\/\/pagina10.com\/web\/#\/schema\/person\/2efc4a090d25b667d3bc796798a3a81b\"},\"headline\":\"Exsenador Guillermo Garc\u00eda Realpe inscribi\u00f3 movimiento ciudadano para aspirar a la Gobernaci\u00f3n de Nari\u00f1o\",\"datePublished\":\"2023-01-13T19:34:26+00:00\",\"mainEntityOfPage\":{\"@id\":\"https:\/\/pagina10.com\/web\/exsenador-guillermo-garcia-realpe-inscribio-movimiento-ciudadano-para-aspirar-a-la-gobernacion-de-narino\/\"},\"wordCount\":392,\"commentCount\":0,\"publisher\":{\"@id\":\"https:\/\/pagina10.com\/web\/#organization\"},\"image\":{\"@id\":\"https:\/\/pagina10.com\/web\/exsenador-guillermo-garcia-realpe-inscribio-movimiento-ciudadano-para-aspirar-a-la-gobernacion-de-narino\/#primaryimage\"},\"thumbnailUrl\":\"https:\/\/pagina10.com\/web\/wp-content\/uploads\/2023\/01\/XRUG72MCQ5CXNLJJYS4OKR3FKQ.jpg\",\"articleSection\":[\"Global\"],\"inLanguage\":\"es\",\"potentialAction\":[{\"@type\":\"CommentAction\",\"name\":\"Comment\",\"target\":[\"https:\/\/pagina10.com\/web\/exsenador-guillermo-garcia-realpe-inscribio-movimiento-ciudadano-para-aspirar-a-la-gobernacion-de-narino\/#respond\"]}]},{\"@type\":\"WebPage\",\"@id\":\"https:\/\/pagina10.com\/web\/exsenador-guillermo-garcia-realpe-inscribio-movimiento-ciudadano-para-aspirar-a-la-gobernacion-de-narino\/\",\"url\":\"https:\/\/pagina10.com\/web\/exsenador-guillermo-garcia-realpe-inscribio-movimiento-ciudadano-para-aspirar-a-la-gobernacion-de-narino\/\",\"name\":\"Exsenador Guillermo Garc\u00eda Realpe inscribi\u00f3 movimiento ciudadano para aspirar a la Gobernaci\u00f3n de Nari\u00f1o | P\u00e1gina10\",\"isPartOf\":{\"@id\":\"https:\/\/pagina10.com\/web\/#website\"},\"primaryImageOfPage\":{\"@id\":\"https:\/\/pagina10.com\/web\/exsenador-guillermo-garcia-realpe-inscribio-movimiento-ciudadano-para-aspirar-a-la-gobernacion-de-narino\/#primaryimage\"},\"image\":{\"@id\":\"https:\/\/pagina10.com\/web\/exsenador-guillermo-garcia-realpe-inscribio-movimiento-ciudadano-para-aspirar-a-la-gobernacion-de-narino\/#primaryimage\"},\"thumbnailUrl\":\"https:\/\/pagina10.com\/web\/wp-content\/uploads\/2023\/01\/XRUG72MCQ5CXNLJJYS4OKR3FKQ.jpg\",\"datePublished\":\"2023-01-13T19:34:26+00:00\",\"breadcrumb\":{\"@id\":\"https:\/\/pagina10.com\/web\/exsenador-guillermo-garcia-realpe-inscribio-movimiento-ciudadano-para-aspirar-a-la-gobernacion-de-narino\/#breadcrumb\"},\"inLanguage\":\"es\",\"potentialAction\":[{\"@type\":\"ReadAction\",\"target\":[\"https:\/\/pagina10.com\/web\/exsenador-guillermo-garcia-realpe-inscribio-movimiento-ciudadano-para-aspirar-a-la-gobernacion-de-narino\/\"]}]},{\"@type\":\"ImageObject\",\"inLanguage\":\"es\",\"@id\":\"https:\/\/pagina10.com\/web\/exsenador-guillermo-garcia-realpe-inscribio-movimiento-ciudadano-para-aspirar-a-la-gobernacion-de-narino\/#primaryimage\",\"url\":\"https:\/\/pagina10.com\/web\/wp-content\/uploads\/2023\/01\/XRUG72MCQ5CXNLJJYS4OKR3FKQ.jpg\",\"contentUrl\":\"https:\/\/pagina10.com\/web\/wp-content\/uploads\/2023\/01\/XRUG72MCQ5CXNLJJYS4OKR3FKQ.jpg\",\"width\":1200,\"height\":646,\"caption\":\"Foto: Conexi\u00f3n Congreso\"},{\"@type\":\"BreadcrumbList\",\"@id\":\"https:\/\/pagina10.com\/web\/exsenador-guillermo-garcia-realpe-inscribio-movimiento-ciudadano-para-aspirar-a-la-gobernacion-de-narino\/#breadcrumb\",\"itemListElement\":[{\"@type\":\"ListItem\",\"position\":1,\"name\":\"Portada\",\"item\":\"https:\/\/pagina10.com\/web\/\"},{\"@type\":\"ListItem\",\"position\":2,\"name\":\"Exsenador Guillermo Garc\u00eda Realpe inscribi\u00f3 movimiento ciudadano para aspirar a la Gobernaci\u00f3n de Nari\u00f1o\"}]},{\"@type\":\"WebSite\",\"@id\":\"https:\/\/pagina10.com\/web\/#website\",\"url\":\"https:\/\/pagina10.com\/web\/\",\"name\":\"P\u00e1gina10\",\"description\":\"Peri\u00f3dico Regional\",\"publisher\":{\"@id\":\"https:\/\/pagina10.com\/web\/#organization\"},\"alternateName\":\"P\u00e1gina10 Peri\u00f3dico Regional\",\"potentialAction\":[{\"@type\":\"SearchAction\",\"target\":{\"@type\":\"EntryPoint\",\"urlTemplate\":\"https:\/\/pagina10.com\/web\/?s={search_term_string}\"},\"query-input\":{\"@type\":\"PropertyValueSpecification\",\"valueRequired\":true,\"valueName\":\"search_term_string\"}}],\"inLanguage\":\"es\"},{\"@type\":\"Organization\",\"@id\":\"https:\/\/pagina10.com\/web\/#organization\",\"name\":\"P\u00e1gina10\",\"alternateName\":\"P\u00e1gina10 Peri\u00f3dico Regional\",\"url\":\"https:\/\/pagina10.com\/web\/\",\"logo\":{\"@type\":\"ImageObject\",\"inLanguage\":\"es\",\"@id\":\"https:\/\/pagina10.com\/web\/#\/schema\/logo\/image\/\",\"url\":\"https:\/\/pagina10.com\/web\/wp-content\/uploads\/2024\/01\/40-pagina-10-periodico-regional-pasto.jpg\",\"contentUrl\":\"https:\/\/pagina10.com\/web\/wp-content\/uploads\/2024\/01\/40-pagina-10-periodico-regional-pasto.jpg\",\"width\":1280,\"height\":720,\"caption\":\"P\u00e1gina10\"},\"image\":{\"@id\":\"https:\/\/pagina10.com\/web\/#\/schema\/logo\/image\/\"},\"sameAs\":[\"https:\/\/www.facebook.com\/pag10com\",\"https:\/\/x.com\/Pag10com\",\"https:\/\/www.instagram.com\/pagina10col\/\",\"https:\/\/youtube.com\/channel\/pag10\",\"https:\/\/www.tiktok.com\/@p10col\"]},{\"@type\":\"Person\",\"@id\":\"https:\/\/pagina10.com\/web\/#\/schema\/person\/2efc4a090d25b667d3bc796798a3a81b\",\"name\":\"P\u00e1gina 10\",\"description\":\"P\u00e1gina 10 es un peri\u00f3dico regional que nace en Colombia, en el departamento de Nari\u00f1o, con un enfoque global, fundamentado en cuatro pilares esenciales: la libertad, el pluralismo, la inclusi\u00f3n y la independencia. P\u00e1gina 10 hace referencia a Nari\u00f1o como el d\u00e9cimo departamento creado en Colombia, despu\u00e9s de un proceso pol\u00edtico liderado por actores y actrices regionales con el fin de obtener la independencia y autonom\u00eda de nuestros territorios. Con la creaci\u00f3n de P\u00e1gina 10 se pretende abrir un escenario para el dialogo, la reflexi\u00f3n y el debate que se extienda a otras geograf\u00edas de Am\u00e9rica Latina y del planeta, en una apuesta por transformar colectivamente los desaf\u00edos de un mundo contempor\u00e1neo, m\u00e1s all\u00e1 de las fronteras impuestas.\",\"url\":\"https:\/\/pagina10.com\/web\/author\/pdiezadmin\/\"}]}<\/script>\n<!-- \/ Yoast SEO plugin. -->","yoast_head_json":{"title":"Exsenador Guillermo Garc\u00eda Realpe inscribi\u00f3 movimiento ciudadano para aspirar a la Gobernaci\u00f3n de Nari\u00f1o | P\u00e1gina10","robots":{"index":"index","follow":"follow","max-snippet":"max-snippet:-1","max-image-preview":"max-image-preview:large","max-video-preview":"max-video-preview:-1"},"canonical":"https:\/\/pagina10.com\/web\/exsenador-guillermo-garcia-realpe-inscribio-movimiento-ciudadano-para-aspirar-a-la-gobernacion-de-narino\/","og_locale":"es_ES","og_type":"article","og_title":"Exsenador Guillermo Garc\u00eda Realpe inscribi\u00f3 movimiento ciudadano para aspirar a la Gobernaci\u00f3n de Nari\u00f1o | P\u00e1gina10","og_description":"\u201cSomos Potencia de Vida\u201d es el movimiento suscrito ante la Registradur\u00eda Nacional, para promover la recolecci\u00f3n de firmas con el objeto de inscribir posteriormente la candidatura a la Gobernaci\u00f3n de Nari\u00f1o del exsenador Guillermo Garc\u00eda Realpe. El pol\u00edtico nari\u00f1ense es ampliamente conocido en la regi\u00f3n Andina y Pac\u00edfica, por su trayectoria como parlamentario y como [&hellip;]","og_url":"https:\/\/pagina10.com\/web\/exsenador-guillermo-garcia-realpe-inscribio-movimiento-ciudadano-para-aspirar-a-la-gobernacion-de-narino\/","og_site_name":"P\u00e1gina10","article_publisher":"https:\/\/www.facebook.com\/pag10com","article_published_time":"2023-01-13T19:34:26+00:00","og_image":[{"width":1200,"height":646,"url":"https:\/\/pagina10.com\/web\/wp-content\/uploads\/2023\/01\/XRUG72MCQ5CXNLJJYS4OKR3FKQ.jpg","type":"image\/jpeg"}],"author":"P\u00e1gina 10","twitter_card":"summary_large_image","twitter_creator":"@Pag10com","twitter_site":"@Pag10com","twitter_misc":{"Escrito por":"P\u00e1gina 10","Tiempo de lectura":"2 minutos"},"schema":{"@context":"https:\/\/schema.org","@graph":[{"@type":"Article","@id":"https:\/\/pagina10.com\/web\/exsenador-guillermo-garcia-realpe-inscribio-movimiento-ciudadano-para-aspirar-a-la-gobernacion-de-narino\/#article","isPartOf":{"@id":"https:\/\/pagina10.com\/web\/exsenador-guillermo-garcia-realpe-inscribio-movimiento-ciudadano-para-aspirar-a-la-gobernacion-de-narino\/"},"author":{"name":"P\u00e1gina 10","@id":"https:\/\/pagina10.com\/web\/#\/schema\/person\/2efc4a090d25b667d3bc796798a3a81b"},"headline":"Exsenador Guillermo Garc\u00eda Realpe inscribi\u00f3 movimiento ciudadano para aspirar a la Gobernaci\u00f3n de Nari\u00f1o","datePublished":"2023-01-13T19:34:26+00:00","mainEntityOfPage":{"@id":"https:\/\/pagina10.com\/web\/exsenador-guillermo-garcia-realpe-inscribio-movimiento-ciudadano-para-aspirar-a-la-gobernacion-de-narino\/"},"wordCount":392,"commentCount":0,"publisher":{"@id":"https:\/\/pagina10.com\/web\/#organization"},"image":{"@id":"https:\/\/pagina10.com\/web\/exsenador-guillermo-garcia-realpe-inscribio-movimiento-ciudadano-para-aspirar-a-la-gobernacion-de-narino\/#primaryimage"},"thumbnailUrl":"https:\/\/pagina10.com\/web\/wp-content\/uploads\/2023\/01\/XRUG72MCQ5CXNLJJYS4OKR3FKQ.jpg","articleSection":["Global"],"inLanguage":"es","potentialAction":[{"@type":"CommentAction","name":"Comment","target":["https:\/\/pagina10.com\/web\/exsenador-guillermo-garcia-realpe-inscribio-movimiento-ciudadano-para-aspirar-a-la-gobernacion-de-narino\/#respond"]}]},{"@type":"WebPage","@id":"https:\/\/pagina10.com\/web\/exsenador-guillermo-garcia-realpe-inscribio-movimiento-ciudadano-para-aspirar-a-la-gobernacion-de-narino\/","url":"https:\/\/pagina10.com\/web\/exsenador-guillermo-garcia-realpe-inscribio-movimiento-ciudadano-para-aspirar-a-la-gobernacion-de-narino\/","name":"Exsenador Guillermo Garc\u00eda Realpe inscribi\u00f3 movimiento ciudadano para aspirar a la Gobernaci\u00f3n de Nari\u00f1o | P\u00e1gina10","isPartOf":{"@id":"https:\/\/pagina10.com\/web\/#website"},"primaryImageOfPage":{"@id":"https:\/\/pagina10.com\/web\/exsenador-guillermo-garcia-realpe-inscribio-movimiento-ciudadano-para-aspirar-a-la-gobernacion-de-narino\/#primaryimage"},"image":{"@id":"https:\/\/pagina10.com\/web\/exsenador-guillermo-garcia-realpe-inscribio-movimiento-ciudadano-para-aspirar-a-la-gobernacion-de-narino\/#primaryimage"},"thumbnailUrl":"https:\/\/pagina10.com\/web\/wp-content\/uploads\/2023\/01\/XRUG72MCQ5CXNLJJYS4OKR3FKQ.jpg","datePublished":"2023-01-13T19:34:26+00:00","breadcrumb":{"@id":"https:\/\/pagina10.com\/web\/exsenador-guillermo-garcia-realpe-inscribio-movimiento-ciudadano-para-aspirar-a-la-gobernacion-de-narino\/#breadcrumb"},"inLanguage":"es","potentialAction":[{"@type":"ReadAction","target":["https:\/\/pagina10.com\/web\/exsenador-guillermo-garcia-realpe-inscribio-movimiento-ciudadano-para-aspirar-a-la-gobernacion-de-narino\/"]}]},{"@type":"ImageObject","inLanguage":"es","@id":"https:\/\/pagina10.com\/web\/exsenador-guillermo-garcia-realpe-inscribio-movimiento-ciudadano-para-aspirar-a-la-gobernacion-de-narino\/#primaryimage","url":"https:\/\/pagina10.com\/web\/wp-content\/uploads\/2023\/01\/XRUG72MCQ5CXNLJJYS4OKR3FKQ.jpg","contentUrl":"https:\/\/pagina10.com\/web\/wp-content\/uploads\/2023\/01\/XRUG72MCQ5CXNLJJYS4OKR3FKQ.jpg","width":1200,"height":646,"caption":"Foto: Conexi\u00f3n Congreso"},{"@type":"BreadcrumbList","@id":"https:\/\/pagina10.com\/web\/exsenador-guillermo-garcia-realpe-inscribio-movimiento-ciudadano-para-aspirar-a-la-gobernacion-de-narino\/#breadcrumb","itemListElement":[{"@type":"ListItem","position":1,"name":"Portada","item":"https:\/\/pagina10.com\/web\/"},{"@type":"ListItem","position":2,"name":"Exsenador Guillermo Garc\u00eda Realpe inscribi\u00f3 movimiento ciudadano para aspirar a la Gobernaci\u00f3n de Nari\u00f1o"}]},{"@type":"WebSite","@id":"https:\/\/pagina10.com\/web\/#website","url":"https:\/\/pagina10.com\/web\/","name":"P\u00e1gina10","description":"Peri\u00f3dico Regional","publisher":{"@id":"https:\/\/pagina10.com\/web\/#organization"},"alternateName":"P\u00e1gina10 Peri\u00f3dico Regional","potentialAction":[{"@type":"SearchAction","target":{"@type":"EntryPoint","urlTemplate":"https:\/\/pagina10.com\/web\/?s={search_term_string}"},"query-input":{"@type":"PropertyValueSpecification","valueRequired":true,"valueName":"search_term_string"}}],"inLanguage":"es"},{"@type":"Organization","@id":"https:\/\/pagina10.com\/web\/#organization","name":"P\u00e1gina10","alternateName":"P\u00e1gina10 Peri\u00f3dico Regional","url":"https:\/\/pagina10.com\/web\/","logo":{"@type":"ImageObject","inLanguage":"es","@id":"https:\/\/pagina10.com\/web\/#\/schema\/logo\/image\/","url":"https:\/\/pagina10.com\/web\/wp-content\/uploads\/2024\/01\/40-pagina-10-periodico-regional-pasto.jpg","contentUrl":"https:\/\/pagina10.com\/web\/wp-content\/uploads\/2024\/01\/40-pagina-10-periodico-regional-pasto.jpg","width":1280,"height":720,"caption":"P\u00e1gina10"},"image":{"@id":"https:\/\/pagina10.com\/web\/#\/schema\/logo\/image\/"},"sameAs":["https:\/\/www.facebook.com\/pag10com","https:\/\/x.com\/Pag10com","https:\/\/www.instagram.com\/pagina10col\/","https:\/\/youtube.com\/channel\/pag10","https:\/\/www.tiktok.com\/@p10col"]},{"@type":"Person","@id":"https:\/\/pagina10.com\/web\/#\/schema\/person\/2efc4a090d25b667d3bc796798a3a81b","name":"P\u00e1gina 10","description":"P\u00e1gina 10 es un peri\u00f3dico regional que nace en Colombia, en el departamento de Nari\u00f1o, con un enfoque global, fundamentado en cuatro pilares esenciales: la libertad, el pluralismo, la inclusi\u00f3n y la independencia. P\u00e1gina 10 hace referencia a Nari\u00f1o como el d\u00e9cimo departamento creado en Colombia, despu\u00e9s de un proceso pol\u00edtico liderado por actores y actrices regionales con el fin de obtener la independencia y autonom\u00eda de nuestros territorios. Con la creaci\u00f3n de P\u00e1gina 10 se pretende abrir un escenario para el dialogo, la reflexi\u00f3n y el debate que se extienda a otras geograf\u00edas de Am\u00e9rica Latina y del planeta, en una apuesta por transformar colectivamente los desaf\u00edos de un mundo contempor\u00e1neo, m\u00e1s all\u00e1 de las fronteras impuestas.","url":"https:\/\/pagina10.com\/web\/author\/pdiezadmin\/"}]}},"_links":{"self":[{"href":"https:\/\/pagina10.com\/web\/wp-json\/wp\/v2\/posts\/64020","targetHints":{"allow":["GET"]}}],"collection":[{"href":"https:\/\/pagina10.com\/web\/wp-json\/wp\/v2\/posts"}],"about":[{"href":"https:\/\/pagina10.com\/web\/wp-json\/wp\/v2\/types\/post"}],"author":[{"embeddable":true,"href":"https:\/\/pagina10.com\/web\/wp-json\/wp\/v2\/users\/1"}],"replies":[{"embeddable":true,"href":"https:\/\/pagina10.com\/web\/wp-json\/wp\/v2\/comments?post=64020"}],"version-history":[{"count":1,"href":"https:\/\/pagina10.com\/web\/wp-json\/wp\/v2\/posts\/64020\/revisions"}],"predecessor-version":[{"id":64022,"href":"https:\/\/pagina10.com\/web\/wp-json\/wp\/v2\/posts\/64020\/revisions\/64022"}],"wp:featuredmedia":[{"embeddable":true,"href":"https:\/\/pagina10.com\/web\/wp-json\/wp\/v2\/media\/64021"}],"wp:attachment":[{"href":"https:\/\/pagina10.com\/web\/wp-json\/wp\/v2\/media?parent=64020"}],"wp:term":[{"taxonomy":"category","embeddable":true,"href":"https:\/\/pagina10.com\/web\/wp-json\/wp\/v2\/categories?post=64020"},{"taxonomy":"post_tag","embeddable":true,"href":"https:\/\/pagina10.com\/web\/wp-json\/wp\/v2\/tags?post=64020"}],"curies":[{"name":"wp","href":"https:\/\/api.w.org\/{rel}","templated":true}]}}