{"id":6404,"date":"2014-01-30T16:10:13","date_gmt":"2014-01-30T16:10:13","guid":{"rendered":"https:\/\/pagina10.com\/web\/inscripciones-programa-de-vivienda-de-interes-prioritario-para-ahorradores\/"},"modified":"2014-01-30T16:10:13","modified_gmt":"2014-01-30T16:10:13","slug":"inscripciones-programa-de-vivienda-de-interes-prioritario-para-ahorradores","status":"publish","type":"post","link":"https:\/\/pagina10.com\/web\/inscripciones-programa-de-vivienda-de-interes-prioritario-para-ahorradores\/","title":{"rendered":"Inscripciones programa de Vivienda de Inter\u00e9s Prioritario para ahorradores"},"content":{"rendered":"<p><img fetchpriority=\"high\" decoding=\"async\" class=\" size-full wp-image-6403\" src=\"https:\/\/pagina10.com\/web\/wp-content\/uploads\/2014\/01\/ecb3d4cec20bdb38745142ddf0600b83.jpg\" alt=\"\" width=\"450\" height=\"300\" srcset=\"https:\/\/pagina10.com\/web\/wp-content\/uploads\/2014\/01\/ecb3d4cec20bdb38745142ddf0600b83.jpg 450w, https:\/\/pagina10.com\/web\/wp-content\/uploads\/2014\/01\/ecb3d4cec20bdb38745142ddf0600b83-300x200.jpg 300w\" sizes=\"(max-width: 450px) 100vw, 450px\" \/><\/p>\n<p style=\"text-align: justify;\">Invipasto informa que a partir del 28 de enero de 2014 se encuentran abiertas las inscripciones para todas las personas interesadas en el Listado de posibles beneficiarios del Subsidio Familiar de Vivienda Complementario para el programa de Vivienda de Inter\u00e9s Prioritario para Ahorradores \u201cVIPA\u201d en el Municipio de Pasto.<\/p>\n<p style=\"text-align: justify;\">&nbsp;<\/p>\n<p style=\"text-align: justify;\"><strong>Estos son los requisitos para acceder al subsidio:<\/strong><\/p>\n<p style=\"text-align: justify;\">&#8211; Ingresos no superiores al equivalente a dos (2) salarios m\u00ednimos legales mensuales vigentes.<\/p>\n<p style=\"text-align: justify;\">&#8211; No poseer vivienda en el territorio nacional.<\/p>\n<p style=\"text-align: justify;\">&#8211; No haber sido beneficiario de un subsidio familiar de vivienda que haya sido efectivamente aplicado, salvo quienes hayan perdido la vivienda por imposibilidad de pago, de acuerdo con lo establecido en el art. 33 de la ley 546 de1999 o cuando la vivienda en la cual se haya aplicado el subsidio haya resultado totalmente destruida o quedado inhabitable como consecuencia de desastres naturales, calamidades p\u00fablicas, emergencias, o atentados terroristas.<\/p>\n<p style=\"text-align: justify;\">&#8211; No haber sido beneficiarios a cualquier t\u00edtulo, de las coberturas de tasa de inter\u00e9s establecidas en los Decretos 1143 de 2009, 1190 de 2012 y 0701 de 2013.<\/p>\n<p style=\"text-align: justify;\">&#8211; Contar con ahorro m\u00ednimo equivalente al cinco por ciento (5%) del valor de la vivienda de inter\u00e9s prioritario, la que para el a\u00f1o 2014 se calcula en $43.120.000 (ahorro m\u00ednimo de $2.156.000).<br \/>&#8211; Contar con un cr\u00e9dito pre-aprobado por el valor correspondiente a los recursos faltantes para acceder a la soluci\u00f3n de vivienda a adquirir, emitida por un establecimiento de cr\u00e9dito, una cooperativa de ahorro y cr\u00e9dito, la Caja de Compensaci\u00f3n Familiar, El Fondo Nacional del Ahorro, los Fondos de Empleados y dem\u00e1s entidades autorizadas para ello por la Ley.<\/p>\n<p style=\"text-align: justify;\">&nbsp;<\/p>\n<p style=\"text-align: justify;\"><strong>Documentos necesarios que se deben presentar para acceder al subsidio<\/strong><\/p>\n<p style=\"text-align: justify;\"><span style=\"line-height: 1.8;\">&#8211; Fotocopia legible de las cedulas de ciudadan\u00eda de los mayores de edad del grupo familiar.<\/span><\/p>\n<p style=\"text-align: justify;\">&#8211; Registro civil de nacimiento de los menores de edad.<\/p>\n<p style=\"text-align: justify;\">&#8211;&nbsp;Registro civil de matrimonio o prueba de uni\u00f3n marital de hecho.<\/p>\n<p style=\"text-align: justify;\">-Certificado original expedido por una entidad financiera en el cual debe constar un ahorro m\u00ednimo de $2.156.000 representado en cuenta de ahorro programado contractual para vivienda con evaluaci\u00f3n crediticia favorable previa, aportes peri\u00f3dicos de ahorro, cuota inicial o cesant\u00edas (Art. 15 del Decreto 1432 de 2013).<br \/>&#8211; Certificaci\u00f3n de evaluaci\u00f3n crediticia favorable con una pre aprobaci\u00f3n por el valor correspondiente a los recursos faltantes para acceder a la soluci\u00f3n de vivienda a adquirir, emitida por un establecimiento financiero autorizado por la ley.<br \/>&#8211; Para dependiente: certificado laboral en la que debe constar los ingresos de las personas aportantes al hogar.<br \/>&#8211; Para independientes: copia del RUT y certificado de ingresos expedida por un contador p\u00fablico con tarjeta profesional.<\/p>\n<p style=\"text-align: justify;\">&nbsp;Estos documentos deben ser presentados en las oficinas de Invipasto.&nbsp;<\/p>\n<p>&nbsp;<\/p>\n<p><strong>Informes&nbsp;<\/strong><br \/>Tel\u00e9fonos: 722 2330<br \/>Telefax:&nbsp;7222330 ext. 15 <br \/>Direcci\u00f3n:&nbsp;CAM Bloque C-INVIPASTO, Via a Anganoy&nbsp;Barrio Los Rosales II, Pasto, Nari\u00f1o Colombia<br \/>&nbsp;<\/p>\n<p>&nbsp;<\/p>\n","protected":false},"excerpt":{"rendered":"<p>Invipasto informa que a partir del 28 de enero de 2014 se encuentran abiertas las inscripciones para todas las personas interesadas en el Listado de posibles beneficiarios del Subsidio Familiar de Vivienda Complementario para el programa de Vivienda de Inter\u00e9s Prioritario para Ahorradores \u201cVIPA\u201d en el Municipio de Pasto. &nbsp; Estos son los requisitos para [&hellip;]<\/p>\n","protected":false},"author":29,"featured_media":6403,"comment_status":"open","ping_status":"open","sticky":false,"template":"","format":"standard","meta":{"footnotes":""},"categories":[82],"tags":[],"class_list":["post-6404","post","type-post","status-publish","format-standard","has-post-thumbnail","hentry","category-ciudad-2"],"yoast_head":"<!-- This site is optimized with the Yoast SEO plugin v27.1.1 - https:\/\/yoast.com\/product\/yoast-seo-wordpress\/ -->\n<title>Inscripciones programa de Vivienda de Inter\u00e9s Prioritario para ahorradores | P\u00e1gina10<\/title>\n<meta name=\"robots\" content=\"index, follow, max-snippet:-1, max-image-preview:large, max-video-preview:-1\" \/>\n<link rel=\"canonical\" href=\"https:\/\/pagina10.com\/web\/inscripciones-programa-de-vivienda-de-interes-prioritario-para-ahorradores\/\" \/>\n<meta property=\"og:locale\" content=\"es_ES\" \/>\n<meta property=\"og:type\" content=\"article\" \/>\n<meta property=\"og:title\" content=\"Inscripciones programa de Vivienda de Inter\u00e9s Prioritario para ahorradores | P\u00e1gina10\" \/>\n<meta property=\"og:description\" content=\"Invipasto informa que a partir del 28 de enero de 2014 se encuentran abiertas las inscripciones para todas las personas interesadas en el Listado de posibles beneficiarios del Subsidio Familiar de Vivienda Complementario para el programa de Vivienda de Inter\u00e9s Prioritario para Ahorradores \u201cVIPA\u201d en el Municipio de Pasto. &nbsp; Estos son los requisitos para [&hellip;]\" \/>\n<meta property=\"og:url\" content=\"https:\/\/pagina10.com\/web\/inscripciones-programa-de-vivienda-de-interes-prioritario-para-ahorradores\/\" \/>\n<meta property=\"og:site_name\" content=\"P\u00e1gina10\" \/>\n<meta property=\"article:publisher\" content=\"https:\/\/www.facebook.com\/pag10com\" \/>\n<meta property=\"article:published_time\" content=\"2014-01-30T16:10:13+00:00\" \/>\n<meta property=\"og:image\" content=\"https:\/\/pagina10.com\/web\/wp-content\/uploads\/2014\/01\/ecb3d4cec20bdb38745142ddf0600b83.jpg\" \/>\n\t<meta property=\"og:image:width\" content=\"450\" \/>\n\t<meta property=\"og:image:height\" content=\"300\" \/>\n\t<meta property=\"og:image:type\" content=\"image\/jpeg\" \/>\n<meta name=\"author\" content=\"P\u00e1gina 10\" \/>\n<meta name=\"twitter:card\" content=\"summary_large_image\" \/>\n<meta name=\"twitter:creator\" content=\"@Pag10com\" \/>\n<meta name=\"twitter:site\" content=\"@Pag10com\" \/>\n<meta name=\"twitter:label1\" content=\"Escrito por\" \/>\n\t<meta name=\"twitter:data1\" content=\"P\u00e1gina 10\" \/>\n\t<meta name=\"twitter:label2\" content=\"Tiempo de lectura\" \/>\n\t<meta name=\"twitter:data2\" content=\"2 minutos\" \/>\n<script type=\"application\/ld+json\" class=\"yoast-schema-graph\">{\"@context\":\"https:\/\/schema.org\",\"@graph\":[{\"@type\":\"Article\",\"@id\":\"https:\/\/pagina10.com\/web\/inscripciones-programa-de-vivienda-de-interes-prioritario-para-ahorradores\/#article\",\"isPartOf\":{\"@id\":\"https:\/\/pagina10.com\/web\/inscripciones-programa-de-vivienda-de-interes-prioritario-para-ahorradores\/\"},\"author\":{\"name\":\"P\u00e1gina 10\",\"@id\":\"https:\/\/pagina10.com\/web\/#\/schema\/person\/a7a5d38f0629dfc107f619fbae4f6cc3\"},\"headline\":\"Inscripciones programa de Vivienda de Inter\u00e9s Prioritario para ahorradores\",\"datePublished\":\"2014-01-30T16:10:13+00:00\",\"mainEntityOfPage\":{\"@id\":\"https:\/\/pagina10.com\/web\/inscripciones-programa-de-vivienda-de-interes-prioritario-para-ahorradores\/\"},\"wordCount\":495,\"commentCount\":0,\"publisher\":{\"@id\":\"https:\/\/pagina10.com\/web\/#organization\"},\"image\":{\"@id\":\"https:\/\/pagina10.com\/web\/inscripciones-programa-de-vivienda-de-interes-prioritario-para-ahorradores\/#primaryimage\"},\"thumbnailUrl\":\"https:\/\/pagina10.com\/web\/wp-content\/uploads\/2014\/01\/ecb3d4cec20bdb38745142ddf0600b83.jpg\",\"articleSection\":[\"Ciudad\"],\"inLanguage\":\"es\",\"potentialAction\":[{\"@type\":\"CommentAction\",\"name\":\"Comment\",\"target\":[\"https:\/\/pagina10.com\/web\/inscripciones-programa-de-vivienda-de-interes-prioritario-para-ahorradores\/#respond\"]}]},{\"@type\":\"WebPage\",\"@id\":\"https:\/\/pagina10.com\/web\/inscripciones-programa-de-vivienda-de-interes-prioritario-para-ahorradores\/\",\"url\":\"https:\/\/pagina10.com\/web\/inscripciones-programa-de-vivienda-de-interes-prioritario-para-ahorradores\/\",\"name\":\"Inscripciones programa de Vivienda de Inter\u00e9s Prioritario para ahorradores | P\u00e1gina10\",\"isPartOf\":{\"@id\":\"https:\/\/pagina10.com\/web\/#website\"},\"primaryImageOfPage\":{\"@id\":\"https:\/\/pagina10.com\/web\/inscripciones-programa-de-vivienda-de-interes-prioritario-para-ahorradores\/#primaryimage\"},\"image\":{\"@id\":\"https:\/\/pagina10.com\/web\/inscripciones-programa-de-vivienda-de-interes-prioritario-para-ahorradores\/#primaryimage\"},\"thumbnailUrl\":\"https:\/\/pagina10.com\/web\/wp-content\/uploads\/2014\/01\/ecb3d4cec20bdb38745142ddf0600b83.jpg\",\"datePublished\":\"2014-01-30T16:10:13+00:00\",\"breadcrumb\":{\"@id\":\"https:\/\/pagina10.com\/web\/inscripciones-programa-de-vivienda-de-interes-prioritario-para-ahorradores\/#breadcrumb\"},\"inLanguage\":\"es\",\"potentialAction\":[{\"@type\":\"ReadAction\",\"target\":[\"https:\/\/pagina10.com\/web\/inscripciones-programa-de-vivienda-de-interes-prioritario-para-ahorradores\/\"]}]},{\"@type\":\"ImageObject\",\"inLanguage\":\"es\",\"@id\":\"https:\/\/pagina10.com\/web\/inscripciones-programa-de-vivienda-de-interes-prioritario-para-ahorradores\/#primaryimage\",\"url\":\"https:\/\/pagina10.com\/web\/wp-content\/uploads\/2014\/01\/ecb3d4cec20bdb38745142ddf0600b83.jpg\",\"contentUrl\":\"https:\/\/pagina10.com\/web\/wp-content\/uploads\/2014\/01\/ecb3d4cec20bdb38745142ddf0600b83.jpg\",\"width\":450,\"height\":300},{\"@type\":\"BreadcrumbList\",\"@id\":\"https:\/\/pagina10.com\/web\/inscripciones-programa-de-vivienda-de-interes-prioritario-para-ahorradores\/#breadcrumb\",\"itemListElement\":[{\"@type\":\"ListItem\",\"position\":1,\"name\":\"Portada\",\"item\":\"https:\/\/pagina10.com\/web\/\"},{\"@type\":\"ListItem\",\"position\":2,\"name\":\"Inscripciones programa de Vivienda de Inter\u00e9s Prioritario para ahorradores\"}]},{\"@type\":\"WebSite\",\"@id\":\"https:\/\/pagina10.com\/web\/#website\",\"url\":\"https:\/\/pagina10.com\/web\/\",\"name\":\"P\u00e1gina10\",\"description\":\"Peri\u00f3dico Regional\",\"publisher\":{\"@id\":\"https:\/\/pagina10.com\/web\/#organization\"},\"alternateName\":\"P\u00e1gina10 Peri\u00f3dico Regional\",\"potentialAction\":[{\"@type\":\"SearchAction\",\"target\":{\"@type\":\"EntryPoint\",\"urlTemplate\":\"https:\/\/pagina10.com\/web\/?s={search_term_string}\"},\"query-input\":{\"@type\":\"PropertyValueSpecification\",\"valueRequired\":true,\"valueName\":\"search_term_string\"}}],\"inLanguage\":\"es\"},{\"@type\":\"Organization\",\"@id\":\"https:\/\/pagina10.com\/web\/#organization\",\"name\":\"P\u00e1gina10\",\"alternateName\":\"P\u00e1gina10 Peri\u00f3dico Regional\",\"url\":\"https:\/\/pagina10.com\/web\/\",\"logo\":{\"@type\":\"ImageObject\",\"inLanguage\":\"es\",\"@id\":\"https:\/\/pagina10.com\/web\/#\/schema\/logo\/image\/\",\"url\":\"https:\/\/pagina10.com\/web\/wp-content\/uploads\/2024\/01\/40-pagina-10-periodico-regional-pasto.jpg\",\"contentUrl\":\"https:\/\/pagina10.com\/web\/wp-content\/uploads\/2024\/01\/40-pagina-10-periodico-regional-pasto.jpg\",\"width\":1280,\"height\":720,\"caption\":\"P\u00e1gina10\"},\"image\":{\"@id\":\"https:\/\/pagina10.com\/web\/#\/schema\/logo\/image\/\"},\"sameAs\":[\"https:\/\/www.facebook.com\/pag10com\",\"https:\/\/x.com\/Pag10com\",\"https:\/\/www.instagram.com\/pagina10col\/\",\"https:\/\/youtube.com\/channel\/pag10\",\"https:\/\/www.tiktok.com\/@p10col\"]},{\"@type\":\"Person\",\"@id\":\"https:\/\/pagina10.com\/web\/#\/schema\/person\/a7a5d38f0629dfc107f619fbae4f6cc3\",\"name\":\"P\u00e1gina 10\",\"description\":\"P\u00e1gina10.com es un peri\u00f3dico digital que nace en Colombia, en el departamento de Nari\u00f1o, con un enfoque global, fundamentado en cuatro pilares esenciales: la libertad, el pluralismo, la inclusi\u00f3n y la independencia. P\u00e1gina10.com hace referencia a Nari\u00f1o como el d\u00e9cimo departamento creado en Colombia, despu\u00e9s de un proceso pol\u00edtico liderado por actores y actrices regionales con el fin de obtener la independencia y autonom\u00eda de nuestros territorios. Con la creaci\u00f3n de P\u00e1gina10.com se pretende abrir un escenario para el dialogo, la reflexi\u00f3n y el debate que se extienda a otras geograf\u00edas de Am\u00e9rica Latina y del planeta, en una apuesta por transformar colectivamente los desaf\u00edos de un mundo contempor\u00e1neo, m\u00e1s all\u00e1 de las fronteras impuestas.\",\"url\":\"https:\/\/pagina10.com\/web\/author\/mcepeda\/\"}]}<\/script>\n<!-- \/ Yoast SEO plugin. -->","yoast_head_json":{"title":"Inscripciones programa de Vivienda de Inter\u00e9s Prioritario para ahorradores | P\u00e1gina10","robots":{"index":"index","follow":"follow","max-snippet":"max-snippet:-1","max-image-preview":"max-image-preview:large","max-video-preview":"max-video-preview:-1"},"canonical":"https:\/\/pagina10.com\/web\/inscripciones-programa-de-vivienda-de-interes-prioritario-para-ahorradores\/","og_locale":"es_ES","og_type":"article","og_title":"Inscripciones programa de Vivienda de Inter\u00e9s Prioritario para ahorradores | P\u00e1gina10","og_description":"Invipasto informa que a partir del 28 de enero de 2014 se encuentran abiertas las inscripciones para todas las personas interesadas en el Listado de posibles beneficiarios del Subsidio Familiar de Vivienda Complementario para el programa de Vivienda de Inter\u00e9s Prioritario para Ahorradores \u201cVIPA\u201d en el Municipio de Pasto. &nbsp; Estos son los requisitos para [&hellip;]","og_url":"https:\/\/pagina10.com\/web\/inscripciones-programa-de-vivienda-de-interes-prioritario-para-ahorradores\/","og_site_name":"P\u00e1gina10","article_publisher":"https:\/\/www.facebook.com\/pag10com","article_published_time":"2014-01-30T16:10:13+00:00","og_image":[{"width":450,"height":300,"url":"https:\/\/pagina10.com\/web\/wp-content\/uploads\/2014\/01\/ecb3d4cec20bdb38745142ddf0600b83.jpg","type":"image\/jpeg"}],"author":"P\u00e1gina 10","twitter_card":"summary_large_image","twitter_creator":"@Pag10com","twitter_site":"@Pag10com","twitter_misc":{"Escrito por":"P\u00e1gina 10","Tiempo de lectura":"2 minutos"},"schema":{"@context":"https:\/\/schema.org","@graph":[{"@type":"Article","@id":"https:\/\/pagina10.com\/web\/inscripciones-programa-de-vivienda-de-interes-prioritario-para-ahorradores\/#article","isPartOf":{"@id":"https:\/\/pagina10.com\/web\/inscripciones-programa-de-vivienda-de-interes-prioritario-para-ahorradores\/"},"author":{"name":"P\u00e1gina 10","@id":"https:\/\/pagina10.com\/web\/#\/schema\/person\/a7a5d38f0629dfc107f619fbae4f6cc3"},"headline":"Inscripciones programa de Vivienda de Inter\u00e9s Prioritario para ahorradores","datePublished":"2014-01-30T16:10:13+00:00","mainEntityOfPage":{"@id":"https:\/\/pagina10.com\/web\/inscripciones-programa-de-vivienda-de-interes-prioritario-para-ahorradores\/"},"wordCount":495,"commentCount":0,"publisher":{"@id":"https:\/\/pagina10.com\/web\/#organization"},"image":{"@id":"https:\/\/pagina10.com\/web\/inscripciones-programa-de-vivienda-de-interes-prioritario-para-ahorradores\/#primaryimage"},"thumbnailUrl":"https:\/\/pagina10.com\/web\/wp-content\/uploads\/2014\/01\/ecb3d4cec20bdb38745142ddf0600b83.jpg","articleSection":["Ciudad"],"inLanguage":"es","potentialAction":[{"@type":"CommentAction","name":"Comment","target":["https:\/\/pagina10.com\/web\/inscripciones-programa-de-vivienda-de-interes-prioritario-para-ahorradores\/#respond"]}]},{"@type":"WebPage","@id":"https:\/\/pagina10.com\/web\/inscripciones-programa-de-vivienda-de-interes-prioritario-para-ahorradores\/","url":"https:\/\/pagina10.com\/web\/inscripciones-programa-de-vivienda-de-interes-prioritario-para-ahorradores\/","name":"Inscripciones programa de Vivienda de Inter\u00e9s Prioritario para ahorradores | P\u00e1gina10","isPartOf":{"@id":"https:\/\/pagina10.com\/web\/#website"},"primaryImageOfPage":{"@id":"https:\/\/pagina10.com\/web\/inscripciones-programa-de-vivienda-de-interes-prioritario-para-ahorradores\/#primaryimage"},"image":{"@id":"https:\/\/pagina10.com\/web\/inscripciones-programa-de-vivienda-de-interes-prioritario-para-ahorradores\/#primaryimage"},"thumbnailUrl":"https:\/\/pagina10.com\/web\/wp-content\/uploads\/2014\/01\/ecb3d4cec20bdb38745142ddf0600b83.jpg","datePublished":"2014-01-30T16:10:13+00:00","breadcrumb":{"@id":"https:\/\/pagina10.com\/web\/inscripciones-programa-de-vivienda-de-interes-prioritario-para-ahorradores\/#breadcrumb"},"inLanguage":"es","potentialAction":[{"@type":"ReadAction","target":["https:\/\/pagina10.com\/web\/inscripciones-programa-de-vivienda-de-interes-prioritario-para-ahorradores\/"]}]},{"@type":"ImageObject","inLanguage":"es","@id":"https:\/\/pagina10.com\/web\/inscripciones-programa-de-vivienda-de-interes-prioritario-para-ahorradores\/#primaryimage","url":"https:\/\/pagina10.com\/web\/wp-content\/uploads\/2014\/01\/ecb3d4cec20bdb38745142ddf0600b83.jpg","contentUrl":"https:\/\/pagina10.com\/web\/wp-content\/uploads\/2014\/01\/ecb3d4cec20bdb38745142ddf0600b83.jpg","width":450,"height":300},{"@type":"BreadcrumbList","@id":"https:\/\/pagina10.com\/web\/inscripciones-programa-de-vivienda-de-interes-prioritario-para-ahorradores\/#breadcrumb","itemListElement":[{"@type":"ListItem","position":1,"name":"Portada","item":"https:\/\/pagina10.com\/web\/"},{"@type":"ListItem","position":2,"name":"Inscripciones programa de Vivienda de Inter\u00e9s Prioritario para ahorradores"}]},{"@type":"WebSite","@id":"https:\/\/pagina10.com\/web\/#website","url":"https:\/\/pagina10.com\/web\/","name":"P\u00e1gina10","description":"Peri\u00f3dico Regional","publisher":{"@id":"https:\/\/pagina10.com\/web\/#organization"},"alternateName":"P\u00e1gina10 Peri\u00f3dico Regional","potentialAction":[{"@type":"SearchAction","target":{"@type":"EntryPoint","urlTemplate":"https:\/\/pagina10.com\/web\/?s={search_term_string}"},"query-input":{"@type":"PropertyValueSpecification","valueRequired":true,"valueName":"search_term_string"}}],"inLanguage":"es"},{"@type":"Organization","@id":"https:\/\/pagina10.com\/web\/#organization","name":"P\u00e1gina10","alternateName":"P\u00e1gina10 Peri\u00f3dico Regional","url":"https:\/\/pagina10.com\/web\/","logo":{"@type":"ImageObject","inLanguage":"es","@id":"https:\/\/pagina10.com\/web\/#\/schema\/logo\/image\/","url":"https:\/\/pagina10.com\/web\/wp-content\/uploads\/2024\/01\/40-pagina-10-periodico-regional-pasto.jpg","contentUrl":"https:\/\/pagina10.com\/web\/wp-content\/uploads\/2024\/01\/40-pagina-10-periodico-regional-pasto.jpg","width":1280,"height":720,"caption":"P\u00e1gina10"},"image":{"@id":"https:\/\/pagina10.com\/web\/#\/schema\/logo\/image\/"},"sameAs":["https:\/\/www.facebook.com\/pag10com","https:\/\/x.com\/Pag10com","https:\/\/www.instagram.com\/pagina10col\/","https:\/\/youtube.com\/channel\/pag10","https:\/\/www.tiktok.com\/@p10col"]},{"@type":"Person","@id":"https:\/\/pagina10.com\/web\/#\/schema\/person\/a7a5d38f0629dfc107f619fbae4f6cc3","name":"P\u00e1gina 10","description":"P\u00e1gina10.com es un peri\u00f3dico digital que nace en Colombia, en el departamento de Nari\u00f1o, con un enfoque global, fundamentado en cuatro pilares esenciales: la libertad, el pluralismo, la inclusi\u00f3n y la independencia. P\u00e1gina10.com hace referencia a Nari\u00f1o como el d\u00e9cimo departamento creado en Colombia, despu\u00e9s de un proceso pol\u00edtico liderado por actores y actrices regionales con el fin de obtener la independencia y autonom\u00eda de nuestros territorios. Con la creaci\u00f3n de P\u00e1gina10.com se pretende abrir un escenario para el dialogo, la reflexi\u00f3n y el debate que se extienda a otras geograf\u00edas de Am\u00e9rica Latina y del planeta, en una apuesta por transformar colectivamente los desaf\u00edos de un mundo contempor\u00e1neo, m\u00e1s all\u00e1 de las fronteras impuestas.","url":"https:\/\/pagina10.com\/web\/author\/mcepeda\/"}]}},"_links":{"self":[{"href":"https:\/\/pagina10.com\/web\/wp-json\/wp\/v2\/posts\/6404","targetHints":{"allow":["GET"]}}],"collection":[{"href":"https:\/\/pagina10.com\/web\/wp-json\/wp\/v2\/posts"}],"about":[{"href":"https:\/\/pagina10.com\/web\/wp-json\/wp\/v2\/types\/post"}],"author":[{"embeddable":true,"href":"https:\/\/pagina10.com\/web\/wp-json\/wp\/v2\/users\/29"}],"replies":[{"embeddable":true,"href":"https:\/\/pagina10.com\/web\/wp-json\/wp\/v2\/comments?post=6404"}],"version-history":[{"count":0,"href":"https:\/\/pagina10.com\/web\/wp-json\/wp\/v2\/posts\/6404\/revisions"}],"wp:featuredmedia":[{"embeddable":true,"href":"https:\/\/pagina10.com\/web\/wp-json\/wp\/v2\/media\/6403"}],"wp:attachment":[{"href":"https:\/\/pagina10.com\/web\/wp-json\/wp\/v2\/media?parent=6404"}],"wp:term":[{"taxonomy":"category","embeddable":true,"href":"https:\/\/pagina10.com\/web\/wp-json\/wp\/v2\/categories?post=6404"},{"taxonomy":"post_tag","embeddable":true,"href":"https:\/\/pagina10.com\/web\/wp-json\/wp\/v2\/tags?post=6404"}],"curies":[{"name":"wp","href":"https:\/\/api.w.org\/{rel}","templated":true}]}}