{"id":64055,"date":"2023-01-14T15:42:08","date_gmt":"2023-01-14T20:42:08","guid":{"rendered":"https:\/\/pagina10.com\/web\/?p=64055"},"modified":"2023-01-14T15:42:08","modified_gmt":"2023-01-14T20:42:08","slug":"en-conversatorio-con-pagina-10-congresistas-y-gobernador-de-narino-hablaron-sobre-la-salida-a-la-crisis-tras-cierre-de-la-via-panamericana","status":"publish","type":"post","link":"https:\/\/pagina10.com\/web\/en-conversatorio-con-pagina-10-congresistas-y-gobernador-de-narino-hablaron-sobre-la-salida-a-la-crisis-tras-cierre-de-la-via-panamericana\/","title":{"rendered":"En conversatorio con P\u00e1gina 10 congresistas y gobernador de Nari\u00f1o hablaron sobre la salida a la crisis tras cierre de la v\u00eda Panamericana"},"content":{"rendered":"<p style=\"text-align: justify;\">En conjunto los representantes a la C\u00e1mara Juan Daniel Pe\u00f1uela, Gilberto Betancourt y Teresa Enr\u00edquez, adem\u00e1s del senador Polivio Rosales y el gobernador Jhon Rojas indicaron que la \u00fanica salida a la crisis que se registra en el departamento tras el cierre de la Panamericana, es la unidad para gestionar soluciones ante el Gobierno Nacional.<\/p>\n<p style=\"text-align: justify;\">En su pronunciamiento, Jhon Rojas indic\u00f3 que con el desastre natural ocurrido en el sector de Rosas, Cauca, hay que pensar \u201cm\u00e1s all\u00e1 de las diferencias pol\u00edticas e ideol\u00f3gicas, puesto que hoy lo que prima es el bienestar del departamento de Nari\u00f1o\u201d. As\u00ed mismo, el mandatario puntualiz\u00f3 que est\u00e1n a la espera de ser escuchados en un consejo de ministros para exponer todas las necesidades que enfrenta la regi\u00f3n, desde hace varios a\u00f1os como consecuencia de la misma problem\u00e1tica.<\/p>\n<p style=\"text-align: justify;\"><strong>Dejar a un lado los individualismos<\/strong><\/p>\n<p style=\"text-align: justify;\">A su turno el senador Polivio Rosales manifest\u00f3 que la clave para obtener esas soluciones, es ponerle fechas a la ejecuci\u00f3n de proyectos de beneficio para la regi\u00f3n. As\u00ed mismo, \u201clograr que la bancada nari\u00f1ense se integre en ese prop\u00f3sito y se dejen a un lado los intereses o protagonismos personales, para buscar una inversi\u00f3n que en realidad beneficie al departamento.<\/p>\n<p style=\"text-align: justify;\">\u201cHay que trabajar como bancada disciplinadamente para que as\u00ed, podamos afrontar de manera unificada esta crisis y luego gestionar los recursos que queden inmersos en el Plan Nacional de Desarrollo, ya que los proyectos que no quedan financiados finalmente se convertir\u00e1n en promesas incumplidas como ha sido desde hace mucho tiempo\u201d.<\/p>\n<p style=\"text-align: justify;\"><strong>Crear bancada conjunta<\/strong><\/p>\n<p style=\"text-align: justify;\">Por su parte, la representante Teresa Enr\u00edquez propuso crear una bancada conjunta no s\u00f3lo de Nari\u00f1o sino ampliada con los departamentos de Cauca y Valle. \u201cHay que seguir el ejemplo de nuestros colegas del Caribe, que se unen y logran prop\u00f3sitos que uno creyera son imposibles\u201d, dijo.<\/p>\n<p style=\"text-align: justify;\">Agreg\u00f3 que es urgente convocar una reuni\u00f3n con las tres bancadas, \u201cdonde se logren unificar criterios frente a las acciones m\u00e1s urgentes para la salida de esta crisis, entre ellas se debe hablar de la terminaci\u00f3n de la variante San Francisco-Mocoa que nos ayudar\u00e1 mucho a enfrentar problemas como el que ocurri\u00f3 ahora\u201d.<\/p>\n<p style=\"text-align: justify;\"><strong>Buena disposici\u00f3n del Gobierno Nacional<\/strong><\/p>\n<p style=\"text-align: justify;\">Entre tanto, el representante Gilberto Betancourt destac\u00f3 que el mensaje del Gobierno Nacional es positivo para la regi\u00f3n. \u201cSe est\u00e1 hablando de billones de pesos en inversi\u00f3n vial y se le da la importancia a esta v\u00eda que no s\u00f3lo comunica a departamentos sino a pa\u00edses, debido a su car\u00e1cter internacional. Por tanto, hay que estar unidos e insistir en ese proyecto hasta que se haga una realidad\u201d.<\/p>\n<p style=\"text-align: justify;\"><strong>Llamado a la integraci\u00f3n<\/strong><\/p>\n<p style=\"text-align: justify;\">Finalmente, el diputado Juan Daniel Pe\u00f1uela hizo un llamado al resto de la bancada nari\u00f1ense para que se integre a este prop\u00f3sito y se trabaje en unidad por el bien del departamento. \u201cHoy la comunidad que nos eligi\u00f3 nos necesita y es nuestro deber atender esas necesidades. Buscaremos en unidad, presentar todas estas propuestas ante el Gobierno Nacional\u201d, concluy\u00f3.<\/p>\n","protected":false},"excerpt":{"rendered":"<p>En conjunto los representantes a la C\u00e1mara Juan Daniel Pe\u00f1uela, Gilberto Betancourt y Teresa Enr\u00edquez, adem\u00e1s del senador Polivio Rosales y el gobernador Jhon Rojas indicaron que la \u00fanica salida a la crisis que se registra en el departamento tras el cierre de la Panamericana, es la unidad para gestionar soluciones ante el Gobierno Nacional. [&hellip;]<\/p>\n","protected":false},"author":1,"featured_media":64056,"comment_status":"open","ping_status":"open","sticky":false,"template":"","format":"standard","meta":{"footnotes":""},"categories":[1528],"tags":[],"class_list":["post-64055","post","type-post","status-publish","format-standard","has-post-thumbnail","hentry","category-titulares"],"yoast_head":"<!-- This site is optimized with the Yoast SEO plugin v27.1.1 - https:\/\/yoast.com\/product\/yoast-seo-wordpress\/ -->\n<title>En conversatorio con P\u00e1gina 10 congresistas y gobernador de Nari\u00f1o hablaron sobre la salida a la crisis tras cierre de la v\u00eda Panamericana | P\u00e1gina10<\/title>\n<meta name=\"robots\" content=\"index, follow, max-snippet:-1, max-image-preview:large, max-video-preview:-1\" \/>\n<link rel=\"canonical\" href=\"https:\/\/pagina10.com\/web\/en-conversatorio-con-pagina-10-congresistas-y-gobernador-de-narino-hablaron-sobre-la-salida-a-la-crisis-tras-cierre-de-la-via-panamericana\/\" \/>\n<meta property=\"og:locale\" content=\"es_ES\" \/>\n<meta property=\"og:type\" content=\"article\" \/>\n<meta property=\"og:title\" content=\"En conversatorio con P\u00e1gina 10 congresistas y gobernador de Nari\u00f1o hablaron sobre la salida a la crisis tras cierre de la v\u00eda Panamericana | P\u00e1gina10\" \/>\n<meta property=\"og:description\" content=\"En conjunto los representantes a la C\u00e1mara Juan Daniel Pe\u00f1uela, Gilberto Betancourt y Teresa Enr\u00edquez, adem\u00e1s del senador Polivio Rosales y el gobernador Jhon Rojas indicaron que la \u00fanica salida a la crisis que se registra en el departamento tras el cierre de la Panamericana, es la unidad para gestionar soluciones ante el Gobierno Nacional. [&hellip;]\" \/>\n<meta property=\"og:url\" content=\"https:\/\/pagina10.com\/web\/en-conversatorio-con-pagina-10-congresistas-y-gobernador-de-narino-hablaron-sobre-la-salida-a-la-crisis-tras-cierre-de-la-via-panamericana\/\" \/>\n<meta property=\"og:site_name\" content=\"P\u00e1gina10\" \/>\n<meta property=\"article:publisher\" content=\"https:\/\/www.facebook.com\/pag10com\" \/>\n<meta property=\"article:published_time\" content=\"2023-01-14T20:42:08+00:00\" \/>\n<meta property=\"og:image\" content=\"https:\/\/pagina10.com\/web\/wp-content\/uploads\/2023\/01\/Sin-titulo-01.jpg\" \/>\n\t<meta property=\"og:image:width\" content=\"2350\" \/>\n\t<meta property=\"og:image:height\" content=\"1429\" \/>\n\t<meta property=\"og:image:type\" content=\"image\/jpeg\" \/>\n<meta name=\"author\" content=\"P\u00e1gina 10\" \/>\n<meta name=\"twitter:card\" content=\"summary_large_image\" \/>\n<meta name=\"twitter:creator\" content=\"@Pag10com\" \/>\n<meta name=\"twitter:site\" content=\"@Pag10com\" \/>\n<meta name=\"twitter:label1\" content=\"Escrito por\" \/>\n\t<meta name=\"twitter:data1\" content=\"P\u00e1gina 10\" \/>\n\t<meta name=\"twitter:label2\" content=\"Tiempo de lectura\" \/>\n\t<meta name=\"twitter:data2\" content=\"3 minutos\" \/>\n<script type=\"application\/ld+json\" class=\"yoast-schema-graph\">{\"@context\":\"https:\/\/schema.org\",\"@graph\":[{\"@type\":\"Article\",\"@id\":\"https:\/\/pagina10.com\/web\/en-conversatorio-con-pagina-10-congresistas-y-gobernador-de-narino-hablaron-sobre-la-salida-a-la-crisis-tras-cierre-de-la-via-panamericana\/#article\",\"isPartOf\":{\"@id\":\"https:\/\/pagina10.com\/web\/en-conversatorio-con-pagina-10-congresistas-y-gobernador-de-narino-hablaron-sobre-la-salida-a-la-crisis-tras-cierre-de-la-via-panamericana\/\"},\"author\":{\"name\":\"P\u00e1gina 10\",\"@id\":\"https:\/\/pagina10.com\/web\/#\/schema\/person\/2efc4a090d25b667d3bc796798a3a81b\"},\"headline\":\"En conversatorio con P\u00e1gina 10 congresistas y gobernador de Nari\u00f1o hablaron sobre la salida a la crisis tras cierre de la v\u00eda Panamericana\",\"datePublished\":\"2023-01-14T20:42:08+00:00\",\"mainEntityOfPage\":{\"@id\":\"https:\/\/pagina10.com\/web\/en-conversatorio-con-pagina-10-congresistas-y-gobernador-de-narino-hablaron-sobre-la-salida-a-la-crisis-tras-cierre-de-la-via-panamericana\/\"},\"wordCount\":552,\"commentCount\":0,\"publisher\":{\"@id\":\"https:\/\/pagina10.com\/web\/#organization\"},\"image\":{\"@id\":\"https:\/\/pagina10.com\/web\/en-conversatorio-con-pagina-10-congresistas-y-gobernador-de-narino-hablaron-sobre-la-salida-a-la-crisis-tras-cierre-de-la-via-panamericana\/#primaryimage\"},\"thumbnailUrl\":\"https:\/\/pagina10.com\/web\/wp-content\/uploads\/2023\/01\/Sin-titulo-01.jpg\",\"articleSection\":[\"Titulares\"],\"inLanguage\":\"es\",\"potentialAction\":[{\"@type\":\"CommentAction\",\"name\":\"Comment\",\"target\":[\"https:\/\/pagina10.com\/web\/en-conversatorio-con-pagina-10-congresistas-y-gobernador-de-narino-hablaron-sobre-la-salida-a-la-crisis-tras-cierre-de-la-via-panamericana\/#respond\"]}]},{\"@type\":\"WebPage\",\"@id\":\"https:\/\/pagina10.com\/web\/en-conversatorio-con-pagina-10-congresistas-y-gobernador-de-narino-hablaron-sobre-la-salida-a-la-crisis-tras-cierre-de-la-via-panamericana\/\",\"url\":\"https:\/\/pagina10.com\/web\/en-conversatorio-con-pagina-10-congresistas-y-gobernador-de-narino-hablaron-sobre-la-salida-a-la-crisis-tras-cierre-de-la-via-panamericana\/\",\"name\":\"En conversatorio con P\u00e1gina 10 congresistas y gobernador de Nari\u00f1o hablaron sobre la salida a la crisis tras cierre de la v\u00eda Panamericana | P\u00e1gina10\",\"isPartOf\":{\"@id\":\"https:\/\/pagina10.com\/web\/#website\"},\"primaryImageOfPage\":{\"@id\":\"https:\/\/pagina10.com\/web\/en-conversatorio-con-pagina-10-congresistas-y-gobernador-de-narino-hablaron-sobre-la-salida-a-la-crisis-tras-cierre-de-la-via-panamericana\/#primaryimage\"},\"image\":{\"@id\":\"https:\/\/pagina10.com\/web\/en-conversatorio-con-pagina-10-congresistas-y-gobernador-de-narino-hablaron-sobre-la-salida-a-la-crisis-tras-cierre-de-la-via-panamericana\/#primaryimage\"},\"thumbnailUrl\":\"https:\/\/pagina10.com\/web\/wp-content\/uploads\/2023\/01\/Sin-titulo-01.jpg\",\"datePublished\":\"2023-01-14T20:42:08+00:00\",\"breadcrumb\":{\"@id\":\"https:\/\/pagina10.com\/web\/en-conversatorio-con-pagina-10-congresistas-y-gobernador-de-narino-hablaron-sobre-la-salida-a-la-crisis-tras-cierre-de-la-via-panamericana\/#breadcrumb\"},\"inLanguage\":\"es\",\"potentialAction\":[{\"@type\":\"ReadAction\",\"target\":[\"https:\/\/pagina10.com\/web\/en-conversatorio-con-pagina-10-congresistas-y-gobernador-de-narino-hablaron-sobre-la-salida-a-la-crisis-tras-cierre-de-la-via-panamericana\/\"]}]},{\"@type\":\"ImageObject\",\"inLanguage\":\"es\",\"@id\":\"https:\/\/pagina10.com\/web\/en-conversatorio-con-pagina-10-congresistas-y-gobernador-de-narino-hablaron-sobre-la-salida-a-la-crisis-tras-cierre-de-la-via-panamericana\/#primaryimage\",\"url\":\"https:\/\/pagina10.com\/web\/wp-content\/uploads\/2023\/01\/Sin-titulo-01.jpg\",\"contentUrl\":\"https:\/\/pagina10.com\/web\/wp-content\/uploads\/2023\/01\/Sin-titulo-01.jpg\",\"width\":2350,\"height\":1429},{\"@type\":\"BreadcrumbList\",\"@id\":\"https:\/\/pagina10.com\/web\/en-conversatorio-con-pagina-10-congresistas-y-gobernador-de-narino-hablaron-sobre-la-salida-a-la-crisis-tras-cierre-de-la-via-panamericana\/#breadcrumb\",\"itemListElement\":[{\"@type\":\"ListItem\",\"position\":1,\"name\":\"Portada\",\"item\":\"https:\/\/pagina10.com\/web\/\"},{\"@type\":\"ListItem\",\"position\":2,\"name\":\"En conversatorio con P\u00e1gina 10 congresistas y gobernador de Nari\u00f1o hablaron sobre la salida a la crisis tras cierre de la v\u00eda Panamericana\"}]},{\"@type\":\"WebSite\",\"@id\":\"https:\/\/pagina10.com\/web\/#website\",\"url\":\"https:\/\/pagina10.com\/web\/\",\"name\":\"P\u00e1gina10\",\"description\":\"Peri\u00f3dico Regional\",\"publisher\":{\"@id\":\"https:\/\/pagina10.com\/web\/#organization\"},\"alternateName\":\"P\u00e1gina10 Peri\u00f3dico Regional\",\"potentialAction\":[{\"@type\":\"SearchAction\",\"target\":{\"@type\":\"EntryPoint\",\"urlTemplate\":\"https:\/\/pagina10.com\/web\/?s={search_term_string}\"},\"query-input\":{\"@type\":\"PropertyValueSpecification\",\"valueRequired\":true,\"valueName\":\"search_term_string\"}}],\"inLanguage\":\"es\"},{\"@type\":\"Organization\",\"@id\":\"https:\/\/pagina10.com\/web\/#organization\",\"name\":\"P\u00e1gina10\",\"alternateName\":\"P\u00e1gina10 Peri\u00f3dico Regional\",\"url\":\"https:\/\/pagina10.com\/web\/\",\"logo\":{\"@type\":\"ImageObject\",\"inLanguage\":\"es\",\"@id\":\"https:\/\/pagina10.com\/web\/#\/schema\/logo\/image\/\",\"url\":\"https:\/\/pagina10.com\/web\/wp-content\/uploads\/2024\/01\/40-pagina-10-periodico-regional-pasto.jpg\",\"contentUrl\":\"https:\/\/pagina10.com\/web\/wp-content\/uploads\/2024\/01\/40-pagina-10-periodico-regional-pasto.jpg\",\"width\":1280,\"height\":720,\"caption\":\"P\u00e1gina10\"},\"image\":{\"@id\":\"https:\/\/pagina10.com\/web\/#\/schema\/logo\/image\/\"},\"sameAs\":[\"https:\/\/www.facebook.com\/pag10com\",\"https:\/\/x.com\/Pag10com\",\"https:\/\/www.instagram.com\/pagina10col\/\",\"https:\/\/youtube.com\/channel\/pag10\",\"https:\/\/www.tiktok.com\/@p10col\"]},{\"@type\":\"Person\",\"@id\":\"https:\/\/pagina10.com\/web\/#\/schema\/person\/2efc4a090d25b667d3bc796798a3a81b\",\"name\":\"P\u00e1gina 10\",\"description\":\"P\u00e1gina 10 es un peri\u00f3dico regional que nace en Colombia, en el departamento de Nari\u00f1o, con un enfoque global, fundamentado en cuatro pilares esenciales: la libertad, el pluralismo, la inclusi\u00f3n y la independencia. P\u00e1gina 10 hace referencia a Nari\u00f1o como el d\u00e9cimo departamento creado en Colombia, despu\u00e9s de un proceso pol\u00edtico liderado por actores y actrices regionales con el fin de obtener la independencia y autonom\u00eda de nuestros territorios. Con la creaci\u00f3n de P\u00e1gina 10 se pretende abrir un escenario para el dialogo, la reflexi\u00f3n y el debate que se extienda a otras geograf\u00edas de Am\u00e9rica Latina y del planeta, en una apuesta por transformar colectivamente los desaf\u00edos de un mundo contempor\u00e1neo, m\u00e1s all\u00e1 de las fronteras impuestas.\",\"url\":\"https:\/\/pagina10.com\/web\/author\/pdiezadmin\/\"}]}<\/script>\n<!-- \/ Yoast SEO plugin. -->","yoast_head_json":{"title":"En conversatorio con P\u00e1gina 10 congresistas y gobernador de Nari\u00f1o hablaron sobre la salida a la crisis tras cierre de la v\u00eda Panamericana | P\u00e1gina10","robots":{"index":"index","follow":"follow","max-snippet":"max-snippet:-1","max-image-preview":"max-image-preview:large","max-video-preview":"max-video-preview:-1"},"canonical":"https:\/\/pagina10.com\/web\/en-conversatorio-con-pagina-10-congresistas-y-gobernador-de-narino-hablaron-sobre-la-salida-a-la-crisis-tras-cierre-de-la-via-panamericana\/","og_locale":"es_ES","og_type":"article","og_title":"En conversatorio con P\u00e1gina 10 congresistas y gobernador de Nari\u00f1o hablaron sobre la salida a la crisis tras cierre de la v\u00eda Panamericana | P\u00e1gina10","og_description":"En conjunto los representantes a la C\u00e1mara Juan Daniel Pe\u00f1uela, Gilberto Betancourt y Teresa Enr\u00edquez, adem\u00e1s del senador Polivio Rosales y el gobernador Jhon Rojas indicaron que la \u00fanica salida a la crisis que se registra en el departamento tras el cierre de la Panamericana, es la unidad para gestionar soluciones ante el Gobierno Nacional. [&hellip;]","og_url":"https:\/\/pagina10.com\/web\/en-conversatorio-con-pagina-10-congresistas-y-gobernador-de-narino-hablaron-sobre-la-salida-a-la-crisis-tras-cierre-de-la-via-panamericana\/","og_site_name":"P\u00e1gina10","article_publisher":"https:\/\/www.facebook.com\/pag10com","article_published_time":"2023-01-14T20:42:08+00:00","og_image":[{"width":2350,"height":1429,"url":"https:\/\/pagina10.com\/web\/wp-content\/uploads\/2023\/01\/Sin-titulo-01.jpg","type":"image\/jpeg"}],"author":"P\u00e1gina 10","twitter_card":"summary_large_image","twitter_creator":"@Pag10com","twitter_site":"@Pag10com","twitter_misc":{"Escrito por":"P\u00e1gina 10","Tiempo de lectura":"3 minutos"},"schema":{"@context":"https:\/\/schema.org","@graph":[{"@type":"Article","@id":"https:\/\/pagina10.com\/web\/en-conversatorio-con-pagina-10-congresistas-y-gobernador-de-narino-hablaron-sobre-la-salida-a-la-crisis-tras-cierre-de-la-via-panamericana\/#article","isPartOf":{"@id":"https:\/\/pagina10.com\/web\/en-conversatorio-con-pagina-10-congresistas-y-gobernador-de-narino-hablaron-sobre-la-salida-a-la-crisis-tras-cierre-de-la-via-panamericana\/"},"author":{"name":"P\u00e1gina 10","@id":"https:\/\/pagina10.com\/web\/#\/schema\/person\/2efc4a090d25b667d3bc796798a3a81b"},"headline":"En conversatorio con P\u00e1gina 10 congresistas y gobernador de Nari\u00f1o hablaron sobre la salida a la crisis tras cierre de la v\u00eda Panamericana","datePublished":"2023-01-14T20:42:08+00:00","mainEntityOfPage":{"@id":"https:\/\/pagina10.com\/web\/en-conversatorio-con-pagina-10-congresistas-y-gobernador-de-narino-hablaron-sobre-la-salida-a-la-crisis-tras-cierre-de-la-via-panamericana\/"},"wordCount":552,"commentCount":0,"publisher":{"@id":"https:\/\/pagina10.com\/web\/#organization"},"image":{"@id":"https:\/\/pagina10.com\/web\/en-conversatorio-con-pagina-10-congresistas-y-gobernador-de-narino-hablaron-sobre-la-salida-a-la-crisis-tras-cierre-de-la-via-panamericana\/#primaryimage"},"thumbnailUrl":"https:\/\/pagina10.com\/web\/wp-content\/uploads\/2023\/01\/Sin-titulo-01.jpg","articleSection":["Titulares"],"inLanguage":"es","potentialAction":[{"@type":"CommentAction","name":"Comment","target":["https:\/\/pagina10.com\/web\/en-conversatorio-con-pagina-10-congresistas-y-gobernador-de-narino-hablaron-sobre-la-salida-a-la-crisis-tras-cierre-de-la-via-panamericana\/#respond"]}]},{"@type":"WebPage","@id":"https:\/\/pagina10.com\/web\/en-conversatorio-con-pagina-10-congresistas-y-gobernador-de-narino-hablaron-sobre-la-salida-a-la-crisis-tras-cierre-de-la-via-panamericana\/","url":"https:\/\/pagina10.com\/web\/en-conversatorio-con-pagina-10-congresistas-y-gobernador-de-narino-hablaron-sobre-la-salida-a-la-crisis-tras-cierre-de-la-via-panamericana\/","name":"En conversatorio con P\u00e1gina 10 congresistas y gobernador de Nari\u00f1o hablaron sobre la salida a la crisis tras cierre de la v\u00eda Panamericana | P\u00e1gina10","isPartOf":{"@id":"https:\/\/pagina10.com\/web\/#website"},"primaryImageOfPage":{"@id":"https:\/\/pagina10.com\/web\/en-conversatorio-con-pagina-10-congresistas-y-gobernador-de-narino-hablaron-sobre-la-salida-a-la-crisis-tras-cierre-de-la-via-panamericana\/#primaryimage"},"image":{"@id":"https:\/\/pagina10.com\/web\/en-conversatorio-con-pagina-10-congresistas-y-gobernador-de-narino-hablaron-sobre-la-salida-a-la-crisis-tras-cierre-de-la-via-panamericana\/#primaryimage"},"thumbnailUrl":"https:\/\/pagina10.com\/web\/wp-content\/uploads\/2023\/01\/Sin-titulo-01.jpg","datePublished":"2023-01-14T20:42:08+00:00","breadcrumb":{"@id":"https:\/\/pagina10.com\/web\/en-conversatorio-con-pagina-10-congresistas-y-gobernador-de-narino-hablaron-sobre-la-salida-a-la-crisis-tras-cierre-de-la-via-panamericana\/#breadcrumb"},"inLanguage":"es","potentialAction":[{"@type":"ReadAction","target":["https:\/\/pagina10.com\/web\/en-conversatorio-con-pagina-10-congresistas-y-gobernador-de-narino-hablaron-sobre-la-salida-a-la-crisis-tras-cierre-de-la-via-panamericana\/"]}]},{"@type":"ImageObject","inLanguage":"es","@id":"https:\/\/pagina10.com\/web\/en-conversatorio-con-pagina-10-congresistas-y-gobernador-de-narino-hablaron-sobre-la-salida-a-la-crisis-tras-cierre-de-la-via-panamericana\/#primaryimage","url":"https:\/\/pagina10.com\/web\/wp-content\/uploads\/2023\/01\/Sin-titulo-01.jpg","contentUrl":"https:\/\/pagina10.com\/web\/wp-content\/uploads\/2023\/01\/Sin-titulo-01.jpg","width":2350,"height":1429},{"@type":"BreadcrumbList","@id":"https:\/\/pagina10.com\/web\/en-conversatorio-con-pagina-10-congresistas-y-gobernador-de-narino-hablaron-sobre-la-salida-a-la-crisis-tras-cierre-de-la-via-panamericana\/#breadcrumb","itemListElement":[{"@type":"ListItem","position":1,"name":"Portada","item":"https:\/\/pagina10.com\/web\/"},{"@type":"ListItem","position":2,"name":"En conversatorio con P\u00e1gina 10 congresistas y gobernador de Nari\u00f1o hablaron sobre la salida a la crisis tras cierre de la v\u00eda Panamericana"}]},{"@type":"WebSite","@id":"https:\/\/pagina10.com\/web\/#website","url":"https:\/\/pagina10.com\/web\/","name":"P\u00e1gina10","description":"Peri\u00f3dico Regional","publisher":{"@id":"https:\/\/pagina10.com\/web\/#organization"},"alternateName":"P\u00e1gina10 Peri\u00f3dico Regional","potentialAction":[{"@type":"SearchAction","target":{"@type":"EntryPoint","urlTemplate":"https:\/\/pagina10.com\/web\/?s={search_term_string}"},"query-input":{"@type":"PropertyValueSpecification","valueRequired":true,"valueName":"search_term_string"}}],"inLanguage":"es"},{"@type":"Organization","@id":"https:\/\/pagina10.com\/web\/#organization","name":"P\u00e1gina10","alternateName":"P\u00e1gina10 Peri\u00f3dico Regional","url":"https:\/\/pagina10.com\/web\/","logo":{"@type":"ImageObject","inLanguage":"es","@id":"https:\/\/pagina10.com\/web\/#\/schema\/logo\/image\/","url":"https:\/\/pagina10.com\/web\/wp-content\/uploads\/2024\/01\/40-pagina-10-periodico-regional-pasto.jpg","contentUrl":"https:\/\/pagina10.com\/web\/wp-content\/uploads\/2024\/01\/40-pagina-10-periodico-regional-pasto.jpg","width":1280,"height":720,"caption":"P\u00e1gina10"},"image":{"@id":"https:\/\/pagina10.com\/web\/#\/schema\/logo\/image\/"},"sameAs":["https:\/\/www.facebook.com\/pag10com","https:\/\/x.com\/Pag10com","https:\/\/www.instagram.com\/pagina10col\/","https:\/\/youtube.com\/channel\/pag10","https:\/\/www.tiktok.com\/@p10col"]},{"@type":"Person","@id":"https:\/\/pagina10.com\/web\/#\/schema\/person\/2efc4a090d25b667d3bc796798a3a81b","name":"P\u00e1gina 10","description":"P\u00e1gina 10 es un peri\u00f3dico regional que nace en Colombia, en el departamento de Nari\u00f1o, con un enfoque global, fundamentado en cuatro pilares esenciales: la libertad, el pluralismo, la inclusi\u00f3n y la independencia. P\u00e1gina 10 hace referencia a Nari\u00f1o como el d\u00e9cimo departamento creado en Colombia, despu\u00e9s de un proceso pol\u00edtico liderado por actores y actrices regionales con el fin de obtener la independencia y autonom\u00eda de nuestros territorios. Con la creaci\u00f3n de P\u00e1gina 10 se pretende abrir un escenario para el dialogo, la reflexi\u00f3n y el debate que se extienda a otras geograf\u00edas de Am\u00e9rica Latina y del planeta, en una apuesta por transformar colectivamente los desaf\u00edos de un mundo contempor\u00e1neo, m\u00e1s all\u00e1 de las fronteras impuestas.","url":"https:\/\/pagina10.com\/web\/author\/pdiezadmin\/"}]}},"_links":{"self":[{"href":"https:\/\/pagina10.com\/web\/wp-json\/wp\/v2\/posts\/64055","targetHints":{"allow":["GET"]}}],"collection":[{"href":"https:\/\/pagina10.com\/web\/wp-json\/wp\/v2\/posts"}],"about":[{"href":"https:\/\/pagina10.com\/web\/wp-json\/wp\/v2\/types\/post"}],"author":[{"embeddable":true,"href":"https:\/\/pagina10.com\/web\/wp-json\/wp\/v2\/users\/1"}],"replies":[{"embeddable":true,"href":"https:\/\/pagina10.com\/web\/wp-json\/wp\/v2\/comments?post=64055"}],"version-history":[{"count":1,"href":"https:\/\/pagina10.com\/web\/wp-json\/wp\/v2\/posts\/64055\/revisions"}],"predecessor-version":[{"id":64057,"href":"https:\/\/pagina10.com\/web\/wp-json\/wp\/v2\/posts\/64055\/revisions\/64057"}],"wp:featuredmedia":[{"embeddable":true,"href":"https:\/\/pagina10.com\/web\/wp-json\/wp\/v2\/media\/64056"}],"wp:attachment":[{"href":"https:\/\/pagina10.com\/web\/wp-json\/wp\/v2\/media?parent=64055"}],"wp:term":[{"taxonomy":"category","embeddable":true,"href":"https:\/\/pagina10.com\/web\/wp-json\/wp\/v2\/categories?post=64055"},{"taxonomy":"post_tag","embeddable":true,"href":"https:\/\/pagina10.com\/web\/wp-json\/wp\/v2\/tags?post=64055"}],"curies":[{"name":"wp","href":"https:\/\/api.w.org\/{rel}","templated":true}]}}