{"id":64059,"date":"2023-01-14T20:03:25","date_gmt":"2023-01-15T01:03:25","guid":{"rendered":"https:\/\/pagina10.com\/web\/?p=64059"},"modified":"2023-01-14T22:16:04","modified_gmt":"2023-01-15T03:16:04","slug":"parlamentarios-de-narino-y-cauca-elevaron-peticiones-al-gobierno-nacional-para-resolver-crisis-en-ambas-regiones","status":"publish","type":"post","link":"https:\/\/pagina10.com\/web\/parlamentarios-de-narino-y-cauca-elevaron-peticiones-al-gobierno-nacional-para-resolver-crisis-en-ambas-regiones\/","title":{"rendered":"Parlamentarios de Nari\u00f1o y Cauca elevaron peticiones al Gobierno Nacional para resolver crisis en ambas regiones"},"content":{"rendered":"<p><a href=\"https:\/\/pagina10.com\/web\/narino-necesita-un-bloque-parlamentario-fuerte\/\">Esto tambi\u00e9n le puede interesar: <span class=\"post-title\">Nari\u00f1o necesita un bloque parlamentario fuerte<\/span><\/a><\/p>\n<p style=\"text-align: justify;\">Los congresistas de los departamentos de Cauca y Nari\u00f1o, en reuni\u00f3n presencial y virtual realizada en Pasto, manifestaron su voluntad de unidad como un s\u00f3lo bloque parlamentario para coadyuvar en la b\u00fasqueda de soluciones de corto, mediano y largo plazo frente a la crisis que viven ambos departamentos debido al cierre de la v\u00eda Panamericana.<\/p>\n<p style=\"text-align: justify;\"><strong>Propuestas<\/strong><\/p>\n<p style=\"text-align: justify;\">En este sentido, solicitar\u00e1n desarrollar una reuni\u00f3n presencial con el Presidente Gustavo Petro para que junto con sus ministros, hagan presencia en el departamento de Nari\u00f1o y se desarrolle un espacio con el fin de socializar las soluciones planteadas frente a la actual emergencia y adem\u00e1s se escuche de primera mano las necesidades, preocupaciones y alternativas que puedan presentar los diferentes sectores de la sociedad.<\/p>\n<p style=\"text-align: justify;\">Igualmente, propondr\u00e1n ante los presidentes de Senado y C\u00e1mara se d\u00e9 viabilidad a la creaci\u00f3n de una Comisi\u00f3n Accidental Conjunta de parlamentarios de los departamentos de Nari\u00f1o, Cauca, Valle del Cauca y Putumayo, que permita realizar audiencias p\u00fablicas, seguimiento, control pol\u00edtico y propuestas legislativas que beneficien e impacten positivamente a la poblaci\u00f3n de nuestros departamentos y especialmente a la m\u00e1s afectada por la actual situaci\u00f3n.<\/p>\n<p style=\"text-align: justify;\">\u201cCelebramos y acompa\u00f1amos la propuesta del Presidente Gustavo Petro, referente a desarrollar el proyecto de la doble calzada Pasto-Popay\u00e1n, con la variante Timb\u00edo-El Estanquillo, como una decisi\u00f3n real de integrar a Colombia con Suram\u00e9rica, haciendo \u00e9nfasis en las posibilidades t\u00e9cnicas que existen para disminuir los plazos de ejecuci\u00f3n del proyecto\u201d, indicaron.<\/p>\n<p style=\"text-align: justify;\"><strong>B\u00fasqueda de soluciones<\/strong><\/p>\n<p style=\"text-align: justify;\">As\u00ed mismo, hicieron un llamado al Invias para que habilite un kil\u00f3metro y medio en el kil\u00f3metro 82, municipio de Rosas, Cauca, que permita dar tr\u00e1nsito al transporte de carga y pasajeros en el menor tiempo posible.<\/p>\n<p style=\"text-align: justify;\">Y solicitaron una mesa de trabajo para que el Departamento Nacional de Planeaci\u00f3n plasme en el Plan Nacional de Desarrollo la decisi\u00f3n del Gobierno Nacional de construcci\u00f3n de la doble calzada Pasto-Popay\u00e1n, con la variante Timb\u00edo &#8211; El Estanquillo, estableciendo adem\u00e1s las fuentes de financiaci\u00f3n de este proyecto, las cuales deber\u00e1n estar tambi\u00e9n contempladas en el Plan Plurianual de Inversiones \u2013 PPI.<\/p>\n<p style=\"text-align: justify;\">Y sumado a ello, piden la b\u00fasqueda de alternativas t\u00e9cnicas a trav\u00e9s de las cuales se disminuyan los tiempos de ejecuci\u00f3n de los contratos de construcci\u00f3n, mejoramiento y mantenimientode la variante San Francisco \u2013 Mocoa, debido a que en la actualidad se encuentra planeada su terminaci\u00f3n hasta el a\u00f1o 2030.<\/p>\n<p style=\"text-align: justify;\">Otra propuesta es recoger la iniciativa propuesta por el sector empresarial y productivo de Nari\u00f1o, en la realizaci\u00f3n de un CONPES con un enfoque regional para los departamentos de Cauca y Nari\u00f1o en el que se plasmen los proyectos estrat\u00e9gicos para estos departamentos.<\/p>\n<p style=\"text-align: justify;\">Instar al Gobierno Nacional con el fin de que haga uso de la herramienta de declaratoria de desastre nacional establecida en el art\u00edculo 56 de la Ley 1523 de 2012 y\/o la ampliaci\u00f3n de las medidas ya tomadas en el marco del Decreto 2113 de 2022 con el fin de que, a trav\u00e9s de esta, se materialicen las propuestas urgentes aqu\u00ed contempladas.<\/p>\n<p style=\"text-align: justify;\">Finalmente, le propusieron al Gobierno Nacional el estudio de la propuesta referente a la habilitaci\u00f3n de un par vial contemplado as\u00ed: Un primer sentido hacia el sur a trav\u00e9s de la v\u00eda que conecta Popay\u00e1n, El Tambo, Cuatro Esquinas, Piedra Sentada y en el sentido norte a trav\u00e9s de la v\u00eda La Depresi\u00f3n-La Sierra-Rosas.<\/p>\n<p style=\"text-align: justify;\">Y que estas v\u00edas que se est\u00e1n utilizando sean custodiadas por efectivos de la polic\u00eda para generar seguridad y dar mayor fluidez a la movilidad que se presenta en el sector.<\/p>\n","protected":false},"excerpt":{"rendered":"<p>Esto tambi\u00e9n le puede interesar: Nari\u00f1o necesita un bloque parlamentario fuerte Los congresistas de los departamentos de Cauca y Nari\u00f1o, en reuni\u00f3n presencial y virtual realizada en Pasto, manifestaron su voluntad de unidad como un s\u00f3lo bloque parlamentario para coadyuvar en la b\u00fasqueda de soluciones de corto, mediano y largo plazo frente a la crisis [&hellip;]<\/p>\n","protected":false},"author":1,"featured_media":64060,"comment_status":"open","ping_status":"open","sticky":false,"template":"","format":"standard","meta":{"footnotes":""},"categories":[84],"tags":[],"class_list":["post-64059","post","type-post","status-publish","format-standard","has-post-thumbnail","hentry","category-global-2"],"yoast_head":"<!-- This site is optimized with the Yoast SEO plugin v27.1.1 - https:\/\/yoast.com\/product\/yoast-seo-wordpress\/ -->\n<title>Parlamentarios de Nari\u00f1o y Cauca elevaron peticiones al Gobierno Nacional para resolver crisis en ambas regiones | P\u00e1gina10<\/title>\n<meta name=\"robots\" content=\"index, follow, max-snippet:-1, max-image-preview:large, max-video-preview:-1\" \/>\n<link rel=\"canonical\" href=\"https:\/\/pagina10.com\/web\/parlamentarios-de-narino-y-cauca-elevaron-peticiones-al-gobierno-nacional-para-resolver-crisis-en-ambas-regiones\/\" \/>\n<meta property=\"og:locale\" content=\"es_ES\" \/>\n<meta property=\"og:type\" content=\"article\" \/>\n<meta property=\"og:title\" content=\"Parlamentarios de Nari\u00f1o y Cauca elevaron peticiones al Gobierno Nacional para resolver crisis en ambas regiones | P\u00e1gina10\" \/>\n<meta property=\"og:description\" content=\"Esto tambi\u00e9n le puede interesar: Nari\u00f1o necesita un bloque parlamentario fuerte Los congresistas de los departamentos de Cauca y Nari\u00f1o, en reuni\u00f3n presencial y virtual realizada en Pasto, manifestaron su voluntad de unidad como un s\u00f3lo bloque parlamentario para coadyuvar en la b\u00fasqueda de soluciones de corto, mediano y largo plazo frente a la crisis [&hellip;]\" \/>\n<meta property=\"og:url\" content=\"https:\/\/pagina10.com\/web\/parlamentarios-de-narino-y-cauca-elevaron-peticiones-al-gobierno-nacional-para-resolver-crisis-en-ambas-regiones\/\" \/>\n<meta property=\"og:site_name\" content=\"P\u00e1gina10\" \/>\n<meta property=\"article:publisher\" content=\"https:\/\/www.facebook.com\/pag10com\" \/>\n<meta property=\"article:published_time\" content=\"2023-01-15T01:03:25+00:00\" \/>\n<meta property=\"article:modified_time\" content=\"2023-01-15T03:16:04+00:00\" \/>\n<meta property=\"og:image\" content=\"https:\/\/pagina10.com\/web\/wp-content\/uploads\/2023\/01\/Sin-titulo-01-1.jpg\" \/>\n\t<meta property=\"og:image:width\" content=\"2350\" \/>\n\t<meta property=\"og:image:height\" content=\"1429\" \/>\n\t<meta property=\"og:image:type\" content=\"image\/jpeg\" \/>\n<meta name=\"author\" content=\"P\u00e1gina 10\" \/>\n<meta name=\"twitter:card\" content=\"summary_large_image\" \/>\n<meta name=\"twitter:creator\" content=\"@Pag10com\" \/>\n<meta name=\"twitter:site\" content=\"@Pag10com\" \/>\n<meta name=\"twitter:label1\" content=\"Escrito por\" \/>\n\t<meta name=\"twitter:data1\" content=\"P\u00e1gina 10\" \/>\n\t<meta name=\"twitter:label2\" content=\"Tiempo de lectura\" \/>\n\t<meta name=\"twitter:data2\" content=\"3 minutos\" \/>\n<script type=\"application\/ld+json\" class=\"yoast-schema-graph\">{\"@context\":\"https:\/\/schema.org\",\"@graph\":[{\"@type\":\"Article\",\"@id\":\"https:\/\/pagina10.com\/web\/parlamentarios-de-narino-y-cauca-elevaron-peticiones-al-gobierno-nacional-para-resolver-crisis-en-ambas-regiones\/#article\",\"isPartOf\":{\"@id\":\"https:\/\/pagina10.com\/web\/parlamentarios-de-narino-y-cauca-elevaron-peticiones-al-gobierno-nacional-para-resolver-crisis-en-ambas-regiones\/\"},\"author\":{\"name\":\"P\u00e1gina 10\",\"@id\":\"https:\/\/pagina10.com\/web\/#\/schema\/person\/2efc4a090d25b667d3bc796798a3a81b\"},\"headline\":\"Parlamentarios de Nari\u00f1o y Cauca elevaron peticiones al Gobierno Nacional para resolver crisis en ambas regiones\",\"datePublished\":\"2023-01-15T01:03:25+00:00\",\"dateModified\":\"2023-01-15T03:16:04+00:00\",\"mainEntityOfPage\":{\"@id\":\"https:\/\/pagina10.com\/web\/parlamentarios-de-narino-y-cauca-elevaron-peticiones-al-gobierno-nacional-para-resolver-crisis-en-ambas-regiones\/\"},\"wordCount\":664,\"commentCount\":0,\"publisher\":{\"@id\":\"https:\/\/pagina10.com\/web\/#organization\"},\"image\":{\"@id\":\"https:\/\/pagina10.com\/web\/parlamentarios-de-narino-y-cauca-elevaron-peticiones-al-gobierno-nacional-para-resolver-crisis-en-ambas-regiones\/#primaryimage\"},\"thumbnailUrl\":\"https:\/\/pagina10.com\/web\/wp-content\/uploads\/2023\/01\/Sin-titulo-01-1.jpg\",\"articleSection\":[\"Global\"],\"inLanguage\":\"es\",\"potentialAction\":[{\"@type\":\"CommentAction\",\"name\":\"Comment\",\"target\":[\"https:\/\/pagina10.com\/web\/parlamentarios-de-narino-y-cauca-elevaron-peticiones-al-gobierno-nacional-para-resolver-crisis-en-ambas-regiones\/#respond\"]}]},{\"@type\":\"WebPage\",\"@id\":\"https:\/\/pagina10.com\/web\/parlamentarios-de-narino-y-cauca-elevaron-peticiones-al-gobierno-nacional-para-resolver-crisis-en-ambas-regiones\/\",\"url\":\"https:\/\/pagina10.com\/web\/parlamentarios-de-narino-y-cauca-elevaron-peticiones-al-gobierno-nacional-para-resolver-crisis-en-ambas-regiones\/\",\"name\":\"Parlamentarios de Nari\u00f1o y Cauca elevaron peticiones al Gobierno Nacional para resolver crisis en ambas regiones | P\u00e1gina10\",\"isPartOf\":{\"@id\":\"https:\/\/pagina10.com\/web\/#website\"},\"primaryImageOfPage\":{\"@id\":\"https:\/\/pagina10.com\/web\/parlamentarios-de-narino-y-cauca-elevaron-peticiones-al-gobierno-nacional-para-resolver-crisis-en-ambas-regiones\/#primaryimage\"},\"image\":{\"@id\":\"https:\/\/pagina10.com\/web\/parlamentarios-de-narino-y-cauca-elevaron-peticiones-al-gobierno-nacional-para-resolver-crisis-en-ambas-regiones\/#primaryimage\"},\"thumbnailUrl\":\"https:\/\/pagina10.com\/web\/wp-content\/uploads\/2023\/01\/Sin-titulo-01-1.jpg\",\"datePublished\":\"2023-01-15T01:03:25+00:00\",\"dateModified\":\"2023-01-15T03:16:04+00:00\",\"breadcrumb\":{\"@id\":\"https:\/\/pagina10.com\/web\/parlamentarios-de-narino-y-cauca-elevaron-peticiones-al-gobierno-nacional-para-resolver-crisis-en-ambas-regiones\/#breadcrumb\"},\"inLanguage\":\"es\",\"potentialAction\":[{\"@type\":\"ReadAction\",\"target\":[\"https:\/\/pagina10.com\/web\/parlamentarios-de-narino-y-cauca-elevaron-peticiones-al-gobierno-nacional-para-resolver-crisis-en-ambas-regiones\/\"]}]},{\"@type\":\"ImageObject\",\"inLanguage\":\"es\",\"@id\":\"https:\/\/pagina10.com\/web\/parlamentarios-de-narino-y-cauca-elevaron-peticiones-al-gobierno-nacional-para-resolver-crisis-en-ambas-regiones\/#primaryimage\",\"url\":\"https:\/\/pagina10.com\/web\/wp-content\/uploads\/2023\/01\/Sin-titulo-01-1.jpg\",\"contentUrl\":\"https:\/\/pagina10.com\/web\/wp-content\/uploads\/2023\/01\/Sin-titulo-01-1.jpg\",\"width\":2350,\"height\":1429},{\"@type\":\"BreadcrumbList\",\"@id\":\"https:\/\/pagina10.com\/web\/parlamentarios-de-narino-y-cauca-elevaron-peticiones-al-gobierno-nacional-para-resolver-crisis-en-ambas-regiones\/#breadcrumb\",\"itemListElement\":[{\"@type\":\"ListItem\",\"position\":1,\"name\":\"Portada\",\"item\":\"https:\/\/pagina10.com\/web\/\"},{\"@type\":\"ListItem\",\"position\":2,\"name\":\"Parlamentarios de Nari\u00f1o y Cauca elevaron peticiones al Gobierno Nacional para resolver crisis en ambas regiones\"}]},{\"@type\":\"WebSite\",\"@id\":\"https:\/\/pagina10.com\/web\/#website\",\"url\":\"https:\/\/pagina10.com\/web\/\",\"name\":\"P\u00e1gina10\",\"description\":\"Peri\u00f3dico Regional\",\"publisher\":{\"@id\":\"https:\/\/pagina10.com\/web\/#organization\"},\"alternateName\":\"P\u00e1gina10 Peri\u00f3dico Regional\",\"potentialAction\":[{\"@type\":\"SearchAction\",\"target\":{\"@type\":\"EntryPoint\",\"urlTemplate\":\"https:\/\/pagina10.com\/web\/?s={search_term_string}\"},\"query-input\":{\"@type\":\"PropertyValueSpecification\",\"valueRequired\":true,\"valueName\":\"search_term_string\"}}],\"inLanguage\":\"es\"},{\"@type\":\"Organization\",\"@id\":\"https:\/\/pagina10.com\/web\/#organization\",\"name\":\"P\u00e1gina10\",\"alternateName\":\"P\u00e1gina10 Peri\u00f3dico Regional\",\"url\":\"https:\/\/pagina10.com\/web\/\",\"logo\":{\"@type\":\"ImageObject\",\"inLanguage\":\"es\",\"@id\":\"https:\/\/pagina10.com\/web\/#\/schema\/logo\/image\/\",\"url\":\"https:\/\/pagina10.com\/web\/wp-content\/uploads\/2024\/01\/40-pagina-10-periodico-regional-pasto.jpg\",\"contentUrl\":\"https:\/\/pagina10.com\/web\/wp-content\/uploads\/2024\/01\/40-pagina-10-periodico-regional-pasto.jpg\",\"width\":1280,\"height\":720,\"caption\":\"P\u00e1gina10\"},\"image\":{\"@id\":\"https:\/\/pagina10.com\/web\/#\/schema\/logo\/image\/\"},\"sameAs\":[\"https:\/\/www.facebook.com\/pag10com\",\"https:\/\/x.com\/Pag10com\",\"https:\/\/www.instagram.com\/pagina10col\/\",\"https:\/\/youtube.com\/channel\/pag10\",\"https:\/\/www.tiktok.com\/@p10col\"]},{\"@type\":\"Person\",\"@id\":\"https:\/\/pagina10.com\/web\/#\/schema\/person\/2efc4a090d25b667d3bc796798a3a81b\",\"name\":\"P\u00e1gina 10\",\"description\":\"P\u00e1gina 10 es un peri\u00f3dico regional que nace en Colombia, en el departamento de Nari\u00f1o, con un enfoque global, fundamentado en cuatro pilares esenciales: la libertad, el pluralismo, la inclusi\u00f3n y la independencia. P\u00e1gina 10 hace referencia a Nari\u00f1o como el d\u00e9cimo departamento creado en Colombia, despu\u00e9s de un proceso pol\u00edtico liderado por actores y actrices regionales con el fin de obtener la independencia y autonom\u00eda de nuestros territorios. Con la creaci\u00f3n de P\u00e1gina 10 se pretende abrir un escenario para el dialogo, la reflexi\u00f3n y el debate que se extienda a otras geograf\u00edas de Am\u00e9rica Latina y del planeta, en una apuesta por transformar colectivamente los desaf\u00edos de un mundo contempor\u00e1neo, m\u00e1s all\u00e1 de las fronteras impuestas.\",\"url\":\"https:\/\/pagina10.com\/web\/author\/pdiezadmin\/\"}]}<\/script>\n<!-- \/ Yoast SEO plugin. -->","yoast_head_json":{"title":"Parlamentarios de Nari\u00f1o y Cauca elevaron peticiones al Gobierno Nacional para resolver crisis en ambas regiones | P\u00e1gina10","robots":{"index":"index","follow":"follow","max-snippet":"max-snippet:-1","max-image-preview":"max-image-preview:large","max-video-preview":"max-video-preview:-1"},"canonical":"https:\/\/pagina10.com\/web\/parlamentarios-de-narino-y-cauca-elevaron-peticiones-al-gobierno-nacional-para-resolver-crisis-en-ambas-regiones\/","og_locale":"es_ES","og_type":"article","og_title":"Parlamentarios de Nari\u00f1o y Cauca elevaron peticiones al Gobierno Nacional para resolver crisis en ambas regiones | P\u00e1gina10","og_description":"Esto tambi\u00e9n le puede interesar: Nari\u00f1o necesita un bloque parlamentario fuerte Los congresistas de los departamentos de Cauca y Nari\u00f1o, en reuni\u00f3n presencial y virtual realizada en Pasto, manifestaron su voluntad de unidad como un s\u00f3lo bloque parlamentario para coadyuvar en la b\u00fasqueda de soluciones de corto, mediano y largo plazo frente a la crisis [&hellip;]","og_url":"https:\/\/pagina10.com\/web\/parlamentarios-de-narino-y-cauca-elevaron-peticiones-al-gobierno-nacional-para-resolver-crisis-en-ambas-regiones\/","og_site_name":"P\u00e1gina10","article_publisher":"https:\/\/www.facebook.com\/pag10com","article_published_time":"2023-01-15T01:03:25+00:00","article_modified_time":"2023-01-15T03:16:04+00:00","og_image":[{"width":2350,"height":1429,"url":"https:\/\/pagina10.com\/web\/wp-content\/uploads\/2023\/01\/Sin-titulo-01-1.jpg","type":"image\/jpeg"}],"author":"P\u00e1gina 10","twitter_card":"summary_large_image","twitter_creator":"@Pag10com","twitter_site":"@Pag10com","twitter_misc":{"Escrito por":"P\u00e1gina 10","Tiempo de lectura":"3 minutos"},"schema":{"@context":"https:\/\/schema.org","@graph":[{"@type":"Article","@id":"https:\/\/pagina10.com\/web\/parlamentarios-de-narino-y-cauca-elevaron-peticiones-al-gobierno-nacional-para-resolver-crisis-en-ambas-regiones\/#article","isPartOf":{"@id":"https:\/\/pagina10.com\/web\/parlamentarios-de-narino-y-cauca-elevaron-peticiones-al-gobierno-nacional-para-resolver-crisis-en-ambas-regiones\/"},"author":{"name":"P\u00e1gina 10","@id":"https:\/\/pagina10.com\/web\/#\/schema\/person\/2efc4a090d25b667d3bc796798a3a81b"},"headline":"Parlamentarios de Nari\u00f1o y Cauca elevaron peticiones al Gobierno Nacional para resolver crisis en ambas regiones","datePublished":"2023-01-15T01:03:25+00:00","dateModified":"2023-01-15T03:16:04+00:00","mainEntityOfPage":{"@id":"https:\/\/pagina10.com\/web\/parlamentarios-de-narino-y-cauca-elevaron-peticiones-al-gobierno-nacional-para-resolver-crisis-en-ambas-regiones\/"},"wordCount":664,"commentCount":0,"publisher":{"@id":"https:\/\/pagina10.com\/web\/#organization"},"image":{"@id":"https:\/\/pagina10.com\/web\/parlamentarios-de-narino-y-cauca-elevaron-peticiones-al-gobierno-nacional-para-resolver-crisis-en-ambas-regiones\/#primaryimage"},"thumbnailUrl":"https:\/\/pagina10.com\/web\/wp-content\/uploads\/2023\/01\/Sin-titulo-01-1.jpg","articleSection":["Global"],"inLanguage":"es","potentialAction":[{"@type":"CommentAction","name":"Comment","target":["https:\/\/pagina10.com\/web\/parlamentarios-de-narino-y-cauca-elevaron-peticiones-al-gobierno-nacional-para-resolver-crisis-en-ambas-regiones\/#respond"]}]},{"@type":"WebPage","@id":"https:\/\/pagina10.com\/web\/parlamentarios-de-narino-y-cauca-elevaron-peticiones-al-gobierno-nacional-para-resolver-crisis-en-ambas-regiones\/","url":"https:\/\/pagina10.com\/web\/parlamentarios-de-narino-y-cauca-elevaron-peticiones-al-gobierno-nacional-para-resolver-crisis-en-ambas-regiones\/","name":"Parlamentarios de Nari\u00f1o y Cauca elevaron peticiones al Gobierno Nacional para resolver crisis en ambas regiones | P\u00e1gina10","isPartOf":{"@id":"https:\/\/pagina10.com\/web\/#website"},"primaryImageOfPage":{"@id":"https:\/\/pagina10.com\/web\/parlamentarios-de-narino-y-cauca-elevaron-peticiones-al-gobierno-nacional-para-resolver-crisis-en-ambas-regiones\/#primaryimage"},"image":{"@id":"https:\/\/pagina10.com\/web\/parlamentarios-de-narino-y-cauca-elevaron-peticiones-al-gobierno-nacional-para-resolver-crisis-en-ambas-regiones\/#primaryimage"},"thumbnailUrl":"https:\/\/pagina10.com\/web\/wp-content\/uploads\/2023\/01\/Sin-titulo-01-1.jpg","datePublished":"2023-01-15T01:03:25+00:00","dateModified":"2023-01-15T03:16:04+00:00","breadcrumb":{"@id":"https:\/\/pagina10.com\/web\/parlamentarios-de-narino-y-cauca-elevaron-peticiones-al-gobierno-nacional-para-resolver-crisis-en-ambas-regiones\/#breadcrumb"},"inLanguage":"es","potentialAction":[{"@type":"ReadAction","target":["https:\/\/pagina10.com\/web\/parlamentarios-de-narino-y-cauca-elevaron-peticiones-al-gobierno-nacional-para-resolver-crisis-en-ambas-regiones\/"]}]},{"@type":"ImageObject","inLanguage":"es","@id":"https:\/\/pagina10.com\/web\/parlamentarios-de-narino-y-cauca-elevaron-peticiones-al-gobierno-nacional-para-resolver-crisis-en-ambas-regiones\/#primaryimage","url":"https:\/\/pagina10.com\/web\/wp-content\/uploads\/2023\/01\/Sin-titulo-01-1.jpg","contentUrl":"https:\/\/pagina10.com\/web\/wp-content\/uploads\/2023\/01\/Sin-titulo-01-1.jpg","width":2350,"height":1429},{"@type":"BreadcrumbList","@id":"https:\/\/pagina10.com\/web\/parlamentarios-de-narino-y-cauca-elevaron-peticiones-al-gobierno-nacional-para-resolver-crisis-en-ambas-regiones\/#breadcrumb","itemListElement":[{"@type":"ListItem","position":1,"name":"Portada","item":"https:\/\/pagina10.com\/web\/"},{"@type":"ListItem","position":2,"name":"Parlamentarios de Nari\u00f1o y Cauca elevaron peticiones al Gobierno Nacional para resolver crisis en ambas regiones"}]},{"@type":"WebSite","@id":"https:\/\/pagina10.com\/web\/#website","url":"https:\/\/pagina10.com\/web\/","name":"P\u00e1gina10","description":"Peri\u00f3dico Regional","publisher":{"@id":"https:\/\/pagina10.com\/web\/#organization"},"alternateName":"P\u00e1gina10 Peri\u00f3dico Regional","potentialAction":[{"@type":"SearchAction","target":{"@type":"EntryPoint","urlTemplate":"https:\/\/pagina10.com\/web\/?s={search_term_string}"},"query-input":{"@type":"PropertyValueSpecification","valueRequired":true,"valueName":"search_term_string"}}],"inLanguage":"es"},{"@type":"Organization","@id":"https:\/\/pagina10.com\/web\/#organization","name":"P\u00e1gina10","alternateName":"P\u00e1gina10 Peri\u00f3dico Regional","url":"https:\/\/pagina10.com\/web\/","logo":{"@type":"ImageObject","inLanguage":"es","@id":"https:\/\/pagina10.com\/web\/#\/schema\/logo\/image\/","url":"https:\/\/pagina10.com\/web\/wp-content\/uploads\/2024\/01\/40-pagina-10-periodico-regional-pasto.jpg","contentUrl":"https:\/\/pagina10.com\/web\/wp-content\/uploads\/2024\/01\/40-pagina-10-periodico-regional-pasto.jpg","width":1280,"height":720,"caption":"P\u00e1gina10"},"image":{"@id":"https:\/\/pagina10.com\/web\/#\/schema\/logo\/image\/"},"sameAs":["https:\/\/www.facebook.com\/pag10com","https:\/\/x.com\/Pag10com","https:\/\/www.instagram.com\/pagina10col\/","https:\/\/youtube.com\/channel\/pag10","https:\/\/www.tiktok.com\/@p10col"]},{"@type":"Person","@id":"https:\/\/pagina10.com\/web\/#\/schema\/person\/2efc4a090d25b667d3bc796798a3a81b","name":"P\u00e1gina 10","description":"P\u00e1gina 10 es un peri\u00f3dico regional que nace en Colombia, en el departamento de Nari\u00f1o, con un enfoque global, fundamentado en cuatro pilares esenciales: la libertad, el pluralismo, la inclusi\u00f3n y la independencia. P\u00e1gina 10 hace referencia a Nari\u00f1o como el d\u00e9cimo departamento creado en Colombia, despu\u00e9s de un proceso pol\u00edtico liderado por actores y actrices regionales con el fin de obtener la independencia y autonom\u00eda de nuestros territorios. Con la creaci\u00f3n de P\u00e1gina 10 se pretende abrir un escenario para el dialogo, la reflexi\u00f3n y el debate que se extienda a otras geograf\u00edas de Am\u00e9rica Latina y del planeta, en una apuesta por transformar colectivamente los desaf\u00edos de un mundo contempor\u00e1neo, m\u00e1s all\u00e1 de las fronteras impuestas.","url":"https:\/\/pagina10.com\/web\/author\/pdiezadmin\/"}]}},"_links":{"self":[{"href":"https:\/\/pagina10.com\/web\/wp-json\/wp\/v2\/posts\/64059","targetHints":{"allow":["GET"]}}],"collection":[{"href":"https:\/\/pagina10.com\/web\/wp-json\/wp\/v2\/posts"}],"about":[{"href":"https:\/\/pagina10.com\/web\/wp-json\/wp\/v2\/types\/post"}],"author":[{"embeddable":true,"href":"https:\/\/pagina10.com\/web\/wp-json\/wp\/v2\/users\/1"}],"replies":[{"embeddable":true,"href":"https:\/\/pagina10.com\/web\/wp-json\/wp\/v2\/comments?post=64059"}],"version-history":[{"count":2,"href":"https:\/\/pagina10.com\/web\/wp-json\/wp\/v2\/posts\/64059\/revisions"}],"predecessor-version":[{"id":64068,"href":"https:\/\/pagina10.com\/web\/wp-json\/wp\/v2\/posts\/64059\/revisions\/64068"}],"wp:featuredmedia":[{"embeddable":true,"href":"https:\/\/pagina10.com\/web\/wp-json\/wp\/v2\/media\/64060"}],"wp:attachment":[{"href":"https:\/\/pagina10.com\/web\/wp-json\/wp\/v2\/media?parent=64059"}],"wp:term":[{"taxonomy":"category","embeddable":true,"href":"https:\/\/pagina10.com\/web\/wp-json\/wp\/v2\/categories?post=64059"},{"taxonomy":"post_tag","embeddable":true,"href":"https:\/\/pagina10.com\/web\/wp-json\/wp\/v2\/tags?post=64059"}],"curies":[{"name":"wp","href":"https:\/\/api.w.org\/{rel}","templated":true}]}}